{"id":19873,"date":"2022-04-17T00:05:00","date_gmt":"2022-04-16T23:05:00","guid":{"rendered":"https:\/\/lasentinelle.dz\/?p=19873"},"modified":"2022-04-16T20:53:51","modified_gmt":"2022-04-16T19:53:51","slug":"violentes-agressions-sionistes-contre-les-palestiniens-appel-au-maintien-du-statut-historique-del-qods","status":"publish","type":"post","link":"https:\/\/lasentinelle.dz\/index.php\/2022\/04\/17\/violentes-agressions-sionistes-contre-les-palestiniens-appel-au-maintien-du-statut-historique-del-qods\/","title":{"rendered":"Violentes agressions sionistes contre les Palestiniens\u00a0: Appel au maintien du statut historique d\u2019El-Qods"},"content":{"rendered":"\n<p>Ant\u00f3nio Guterres, secr\u00e9taire g\u00e9n\u00e9ral des Nations Unies, a exprim\u00e9 son inqui\u00e9tude \u00e0 l\u2019\u00e9gard de la d\u00e9t\u00e9rioration de l\u2019\u00e9tat de s\u00e9curit\u00e9&nbsp;\u00e0 El Qods occup\u00e9e.&nbsp;<\/p>\n\n\n\n<p>Dans un communiqu\u00e9 de presse publi\u00e9 \u00e0 New York,&nbsp;vendredi&nbsp;soir, Guterres a appel\u00e9 \u00e0 mettre fin aux actes provocateurs men\u00e9s contre la Mosqu\u00e9e sainte d\u2019Al-Aqsa, dans l\u2019imm\u00e9diat, afin d\u2019\u00e9viter plus d\u2019escalade.&nbsp;&nbsp;Il a \u00e9galement renouvel\u00e9 son appel \u00e0 la pr\u00e9servation et au respect du statu quo&nbsp;\u00e0 El Qods, notant que le Coordonnateur sp\u00e9cial pour le processus de paix au Moyen-Orient a pu communiquer avec les principaux partenaires r\u00e9gionaux et les parties pour calmer la situation, de toute urgence. \u00ab\u00a0Les provocations sur ce lieu saint, sacr\u00e9, doivent cesser afin de pr\u00e9venir toute nouvelle escalade\u00a0\u00bb, a d\u00e9clar\u00e9 le porte-parole de Guterres dans un&nbsp;&nbsp;communiqu\u00e9.&nbsp;&nbsp;Le secr\u00e9taire g\u00e9n\u00e9ral de l&rsquo;ONU a r\u00e9it\u00e9r\u00e9 son appel au \u00ab\u00a0maintien et au&nbsp;&nbsp;respect du statu quo pour les lieux saints de la ville d&rsquo;El-Qods\u00a0\u00bb, a-t-il ajout\u00e9.&nbsp;&nbsp;&nbsp;Par ailleurs, Tor Wennesland, coordinateur sp\u00e9cial des Nations unies pour le processus de paix au Moyen-Orient, \u00ab\u00a0est en contact \u00e9troit avec les principaux partenaires et parties dans la r\u00e9gion pour calmer la situation\u00a0\u00bb, selon le porte-parole.&nbsp;&nbsp;<\/p>\n\n\n\n<p>Les Etats-Unis ont exprim\u00e9 leur \u00ab\u00a0profonde pr\u00e9occupation\u00a0\u00bb par l&rsquo;escalade de la tension dans la ville sainte d&rsquo;El-Qods occup\u00e9e et dans l&rsquo;enceinte de la mosqu\u00e9e d&rsquo;Al-Aqsa, appelant toutes les parties \u00e0 \u00ab\u00a0la retenue\u00a0\u00bb.&nbsp;&nbsp;Dans un communiqu\u00e9 publi\u00e9 vendredi soir, le d\u00e9partement d&rsquo;Etat am\u00e9ricain a appel\u00e9 \u00ab\u00a0toutes les parties \u00e0 faire preuve de retenue, \u00e0 \u00e9viter les discours provocateurs et \u00e0 pr\u00e9server le statut historique d&rsquo;Al-Qods Echarrif\u00a0\u00bb.&nbsp;&nbsp;&nbsp;L&rsquo;agression sioniste men\u00e9e vendredi par la police d&rsquo;occupation \u00e0 la mosqu\u00e9e sainte d&rsquo;Al-Aqsa \u00e0 El-Qods occup\u00e9e, qui a fait au moins 153 bless\u00e9s et 400 arr\u00eat\u00e9s parmi les Palestiniens, a suscit\u00e9 une large condamnation, la pr\u00e9sidence palestinienne appelant \u00e0 une \u00ab\u00a0intervention imm\u00e9diate\u00a0\u00bb de la communaut\u00e9 internationale.&nbsp;Des dizaines d&rsquo;unit\u00e9s de la police de l&rsquo;occupation ont pris d&rsquo;assaut t\u00f4t ce matin, les esplanades de la mosqu\u00e9e sainte, et ont attaqu\u00e9 les milliers de fid\u00e8les en pleine pri\u00e8re, dont beaucoup de personnes \u00e2g\u00e9es, des femmes et des enfants.&nbsp;Ils ont \u00e9t\u00e9 cibl\u00e9s, selon des t\u00e9moins, par des balles sionistes en caoutchouc, grenades assourdissantes et gaz lacrymog\u00e8ne.&nbsp;La pr\u00e9sidence palestinienne, via son porte-parole Nabil Abu Rudeineh, a appel\u00e9 \u00e0 une \u00ab\u00a0intervention imm\u00e9diate\u00a0\u00bb pour \u00e9viter que les choses ne deviennent \u00ab\u00a0incontr\u00f4lables\u00a0\u00bb, consid\u00e9rant \u00ab\u00a0ce d\u00e9veloppement grave\u00a0\u00bb contre la mosqu\u00e9e sainte, comme \u00ab\u00a0un acte de sacril\u00e8ge\u00a0\u00bb. Il a d\u00e9nonc\u00e9 \u00ab\u00a0un crime odieux\u00a0\u00bb.&nbsp;De son c\u00f4t\u00e9, le ministre des Affaires d&rsquo;El-Qods occup\u00e9e, Fadi Al-Hidmi, a tenu l&rsquo;entit\u00e9 sioniste \u00ab\u00a0enti\u00e8rement responsable\u00a0\u00bb des retomb\u00e9es de la prise d&rsquo;assaut \u00ab\u00a0pr\u00e9m\u00e9dit\u00e9e\u00a0\u00bb et \u00ab\u00a0l&rsquo;intrusion barbare\u00a0\u00bb dans la mosqu\u00e9e Al-Aqsa et des attaques contre les fid\u00e8les.&nbsp;Il a appel\u00e9 la communaut\u00e9 internationale \u00ab\u00a0\u00e0 agir rapidement\u00a0\u00bb pour mettre fin aux violations sionistes contre les Palestiniens et les lieux saints.&nbsp;De son c\u00f4t\u00e9, la Jordanie a condamn\u00e9 dans les termes les plus forts \u00ab\u00a0l&rsquo;effraction\u00a0\u00bb et la prise d&rsquo;assaut par la police et les forces sp\u00e9ciales sionistes de la mosqu\u00e9e Al-Aqsa.&nbsp;Le porte-parole du minist\u00e8re jordanien des Affaires \u00e9trang\u00e8res et des Expatri\u00e9s, Haitham Abu Al-Ful, a qualifi\u00e9 de \u00ab\u00a0violation flagrante\u00a0\u00bb l&rsquo;agression sioniste contre Al-Aqsa et ses fid\u00e8les, appelant l&rsquo;occupation \u00e0 retirer \u00ab\u00a0imm\u00e9diatement\u00a0\u00bb ses forces sp\u00e9ciales de la mosqu\u00e9e sainte. Il a tenu l&rsquo;entit\u00e9 sioniste pour \u00ab\u00a0responsable\u00a0\u00bb des r\u00e9percussions de cette attaque.&nbsp;L&rsquo;agression sioniste contre les Palestiniens et les lieux saints a \u00e9galement \u00e9t\u00e9 d\u00e9nonc\u00e9e par le Parlement africain des jeunes, qui a condamn\u00e9 \u00ab\u00a0des crimes de guerre et le nettoyage ethnique\u00a0\u00bb perp\u00e9tr\u00e9s par l&rsquo;occupant contre le peuple palestinien \u00ab\u00a0sans d\u00e9fense, qui d\u00e9fend sa terre et ses lieux saints\u00a0\u00bb.&nbsp;L&rsquo;entit\u00e9 sioniste r\u00e9duit le nombre de fid\u00e8les de Cisjordanie occup\u00e9e qui cherchent \u00e0 se rendre \u00e0 la mosqu\u00e9e Al-Aqsa en limitant l&rsquo;acc\u00e8s \u00e0 El-Qods occup\u00e9e uniquement aux femmes et aux hommes de plus de 50 ans.<\/p>\n\n\n\n<p><strong>R.I. avec agences<\/strong><\/p>\n","protected":false},"excerpt":{"rendered":"<p>Ant\u00f3nio Guterres, secr\u00e9taire g\u00e9n\u00e9ral des Nations Unies, a exprim\u00e9 son inqui\u00e9tude \u00e0 l\u2019\u00e9gard de la d\u00e9t\u00e9rioration de l\u2019\u00e9tat de s\u00e9curit\u00e9&nbsp;\u00e0<\/p>\n","protected":false},"author":3,"featured_media":19887,"comment_status":"open","ping_status":"closed","sticky":false,"template":"","format":"standard","meta":{"colormag_page_container_layout":"default_layout","colormag_page_sidebar_layout":"default_layout","om_disable_all_campaigns":false,"_monsterinsights_skip_tracking":false,"_monsterinsights_sitenote_active":false,"_monsterinsights_sitenote_note":"","_monsterinsights_sitenote_category":0,"footnotes":"","_wpscppro_dont_share_socialmedia":false,"_wpscppro_custom_social_share_image":0,"_facebook_share_type":"","_twitter_share_type":"","_linkedin_share_type":"","_pinterest_share_type":"","_linkedin_share_type_page":"","_instagram_share_type":"","_medium_share_type":"","_threads_share_type":"","_google_business_share_type":"","_selected_social_profile":[],"_wpsp_enable_custom_social_template":false,"_wpsp_social_scheduling":{"enabled":false,"datetime":null,"platforms":[],"status":"template_only","dateOption":"today","timeOption":"now","customDays":"","customHours":"","customDate":"","customTime":"","schedulingType":"absolute"},"_wpsp_active_default_template":true},"categories":[52,37],"tags":[],"class_list":["post-19873","post","type-post","status-publish","format-standard","has-post-thumbnail","hentry","category-a-la-une","category-monde"],"aioseo_notices":[],"yoast_head":"<!-- This site is optimized with the Yoast SEO plugin v27.5 - https:\/\/yoast.com\/product\/yoast-seo-wordpress\/ -->\n<title>Violentes agressions sionistes contre les Palestiniens\u00a0: Appel au maintien du statut historique d\u2019El-Qods - La Sentinelle<\/title>\n<meta name=\"robots\" content=\"index, follow, max-snippet:-1, max-image-preview:large, max-video-preview:-1\" \/>\n<link rel=\"canonical\" href=\"https:\/\/lasentinelle.dz\/index.php\/2022\/04\/17\/violentes-agressions-sionistes-contre-les-palestiniens-appel-au-maintien-du-statut-historique-del-qods\/\" \/>\n<meta property=\"og:locale\" content=\"fr_FR\" \/>\n<meta property=\"og:type\" content=\"article\" \/>\n<meta property=\"og:title\" content=\"Violentes agressions sionistes contre les Palestiniens\u00a0: Appel au maintien du statut historique d\u2019El-Qods - La Sentinelle\" \/>\n<meta property=\"og:description\" content=\"Ant\u00f3nio Guterres, secr\u00e9taire g\u00e9n\u00e9ral des Nations Unies, a exprim\u00e9 son inqui\u00e9tude \u00e0 l\u2019\u00e9gard de la d\u00e9t\u00e9rioration de l\u2019\u00e9tat de s\u00e9curit\u00e9&nbsp;\u00e0\" \/>\n<meta property=\"og:url\" content=\"https:\/\/lasentinelle.dz\/index.php\/2022\/04\/17\/violentes-agressions-sionistes-contre-les-palestiniens-appel-au-maintien-du-statut-historique-del-qods\/\" \/>\n<meta property=\"og:site_name\" content=\"La Sentinelle\" \/>\n<meta property=\"article:publisher\" content=\"https:\/\/www.facebook.com\/La-Sentinelle-104059864394773\" \/>\n<meta property=\"article:published_time\" content=\"2022-04-16T23:05:00+00:00\" \/>\n<meta property=\"og:image\" content=\"https:\/\/lasentinelle.dz\/wp-content\/uploads\/2022\/04\/palestine-usa-onu.png\" \/>\n\t<meta property=\"og:image:width\" content=\"1200\" \/>\n\t<meta property=\"og:image:height\" content=\"900\" \/>\n\t<meta property=\"og:image:type\" content=\"image\/png\" \/>\n<meta name=\"author\" content=\"La Sentinelle\" \/>\n<meta name=\"twitter:card\" content=\"summary_large_image\" \/>\n<meta name=\"twitter:label1\" content=\"\u00c9crit par\" \/>\n\t<meta name=\"twitter:data1\" content=\"La Sentinelle\" \/>\n\t<meta name=\"twitter:label2\" content=\"Dur\u00e9e de lecture estim\u00e9e\" \/>\n\t<meta name=\"twitter:data2\" content=\"4 minutes\" \/>\n<script type=\"application\/ld+json\" class=\"yoast-schema-graph\">{\"@context\":\"https:\\\/\\\/schema.org\",\"@graph\":[{\"@type\":\"Article\",\"@id\":\"https:\\\/\\\/lasentinelle.dz\\\/index.php\\\/2022\\\/04\\\/17\\\/violentes-agressions-sionistes-contre-les-palestiniens-appel-au-maintien-du-statut-historique-del-qods\\\/#article\",\"isPartOf\":{\"@id\":\"https:\\\/\\\/lasentinelle.dz\\\/index.php\\\/2022\\\/04\\\/17\\\/violentes-agressions-sionistes-contre-les-palestiniens-appel-au-maintien-du-statut-historique-del-qods\\\/\"},\"author\":{\"name\":\"La Sentinelle\",\"@id\":\"https:\\\/\\\/lasentinelle.dz\\\/#\\\/schema\\\/person\\\/d865044e22e70a75174ce8bcad3acfb3\"},\"headline\":\"Violentes agressions sionistes contre les Palestiniens\u00a0: Appel au maintien du statut historique d\u2019El-Qods\",\"datePublished\":\"2022-04-16T23:05:00+00:00\",\"mainEntityOfPage\":{\"@id\":\"https:\\\/\\\/lasentinelle.dz\\\/index.php\\\/2022\\\/04\\\/17\\\/violentes-agressions-sionistes-contre-les-palestiniens-appel-au-maintien-du-statut-historique-del-qods\\\/\"},\"wordCount\":772,\"commentCount\":0,\"publisher\":{\"@id\":\"https:\\\/\\\/lasentinelle.dz\\\/#organization\"},\"image\":{\"@id\":\"https:\\\/\\\/lasentinelle.dz\\\/index.php\\\/2022\\\/04\\\/17\\\/violentes-agressions-sionistes-contre-les-palestiniens-appel-au-maintien-du-statut-historique-del-qods\\\/#primaryimage\"},\"thumbnailUrl\":\"https:\\\/\\\/lasentinelle.dz\\\/wp-content\\\/uploads\\\/2022\\\/04\\\/palestine-usa-onu.png\",\"articleSection\":[\"\u00c0 la Une\",\"Monde\"],\"inLanguage\":\"fr-FR\",\"potentialAction\":[{\"@type\":\"CommentAction\",\"name\":\"Comment\",\"target\":[\"https:\\\/\\\/lasentinelle.dz\\\/index.php\\\/2022\\\/04\\\/17\\\/violentes-agressions-sionistes-contre-les-palestiniens-appel-au-maintien-du-statut-historique-del-qods\\\/#respond\"]}]},{\"@type\":\"WebPage\",\"@id\":\"https:\\\/\\\/lasentinelle.dz\\\/index.php\\\/2022\\\/04\\\/17\\\/violentes-agressions-sionistes-contre-les-palestiniens-appel-au-maintien-du-statut-historique-del-qods\\\/\",\"url\":\"https:\\\/\\\/lasentinelle.dz\\\/index.php\\\/2022\\\/04\\\/17\\\/violentes-agressions-sionistes-contre-les-palestiniens-appel-au-maintien-du-statut-historique-del-qods\\\/\",\"name\":\"Violentes agressions sionistes contre les Palestiniens\u00a0: Appel au maintien du statut historique d\u2019El-Qods - La Sentinelle\",\"isPartOf\":{\"@id\":\"https:\\\/\\\/lasentinelle.dz\\\/#website\"},\"primaryImageOfPage\":{\"@id\":\"https:\\\/\\\/lasentinelle.dz\\\/index.php\\\/2022\\\/04\\\/17\\\/violentes-agressions-sionistes-contre-les-palestiniens-appel-au-maintien-du-statut-historique-del-qods\\\/#primaryimage\"},\"image\":{\"@id\":\"https:\\\/\\\/lasentinelle.dz\\\/index.php\\\/2022\\\/04\\\/17\\\/violentes-agressions-sionistes-contre-les-palestiniens-appel-au-maintien-du-statut-historique-del-qods\\\/#primaryimage\"},\"thumbnailUrl\":\"https:\\\/\\\/lasentinelle.dz\\\/wp-content\\\/uploads\\\/2022\\\/04\\\/palestine-usa-onu.png\",\"datePublished\":\"2022-04-16T23:05:00+00:00\",\"breadcrumb\":{\"@id\":\"https:\\\/\\\/lasentinelle.dz\\\/index.php\\\/2022\\\/04\\\/17\\\/violentes-agressions-sionistes-contre-les-palestiniens-appel-au-maintien-du-statut-historique-del-qods\\\/#breadcrumb\"},\"inLanguage\":\"fr-FR\",\"potentialAction\":[{\"@type\":\"ReadAction\",\"target\":[\"https:\\\/\\\/lasentinelle.dz\\\/index.php\\\/2022\\\/04\\\/17\\\/violentes-agressions-sionistes-contre-les-palestiniens-appel-au-maintien-du-statut-historique-del-qods\\\/\"]}]},{\"@type\":\"ImageObject\",\"inLanguage\":\"fr-FR\",\"@id\":\"https:\\\/\\\/lasentinelle.dz\\\/index.php\\\/2022\\\/04\\\/17\\\/violentes-agressions-sionistes-contre-les-palestiniens-appel-au-maintien-du-statut-historique-del-qods\\\/#primaryimage\",\"url\":\"https:\\\/\\\/lasentinelle.dz\\\/wp-content\\\/uploads\\\/2022\\\/04\\\/palestine-usa-onu.png\",\"contentUrl\":\"https:\\\/\\\/lasentinelle.dz\\\/wp-content\\\/uploads\\\/2022\\\/04\\\/palestine-usa-onu.png\",\"width\":1200,\"height\":900},{\"@type\":\"BreadcrumbList\",\"@id\":\"https:\\\/\\\/lasentinelle.dz\\\/index.php\\\/2022\\\/04\\\/17\\\/violentes-agressions-sionistes-contre-les-palestiniens-appel-au-maintien-du-statut-historique-del-qods\\\/#breadcrumb\",\"itemListElement\":[{\"@type\":\"ListItem\",\"position\":1,\"name\":\"Accueil\",\"item\":\"https:\\\/\\\/lasentinelle.dz\\\/\"},{\"@type\":\"ListItem\",\"position\":2,\"name\":\"Violentes agressions sionistes contre les Palestiniens\u00a0: Appel au maintien du statut historique d\u2019El-Qods\"}]},{\"@type\":\"WebSite\",\"@id\":\"https:\\\/\\\/lasentinelle.dz\\\/#website\",\"url\":\"https:\\\/\\\/lasentinelle.dz\\\/\",\"name\":\"La Sentinelle\",\"description\":\"Quotidien national d&#039;information\",\"publisher\":{\"@id\":\"https:\\\/\\\/lasentinelle.dz\\\/#organization\"},\"potentialAction\":[{\"@type\":\"SearchAction\",\"target\":{\"@type\":\"EntryPoint\",\"urlTemplate\":\"https:\\\/\\\/lasentinelle.dz\\\/?s={search_term_string}\"},\"query-input\":{\"@type\":\"PropertyValueSpecification\",\"valueRequired\":true,\"valueName\":\"search_term_string\"}}],\"inLanguage\":\"fr-FR\"},{\"@type\":\"Organization\",\"@id\":\"https:\\\/\\\/lasentinelle.dz\\\/#organization\",\"name\":\"Quotidien La Sentinelle\",\"url\":\"https:\\\/\\\/lasentinelle.dz\\\/\",\"logo\":{\"@type\":\"ImageObject\",\"inLanguage\":\"fr-FR\",\"@id\":\"https:\\\/\\\/lasentinelle.dz\\\/#\\\/schema\\\/logo\\\/image\\\/\",\"url\":\"https:\\\/\\\/lasentinelle.dz\\\/wp-content\\\/uploads\\\/2021\\\/09\\\/logo-sentinelleSLOGAN-1.png\",\"contentUrl\":\"https:\\\/\\\/lasentinelle.dz\\\/wp-content\\\/uploads\\\/2021\\\/09\\\/logo-sentinelleSLOGAN-1.png\",\"width\":615,\"height\":142,\"caption\":\"Quotidien La Sentinelle\"},\"image\":{\"@id\":\"https:\\\/\\\/lasentinelle.dz\\\/#\\\/schema\\\/logo\\\/image\\\/\"},\"sameAs\":[\"https:\\\/\\\/www.facebook.com\\\/La-Sentinelle-104059864394773\"]},{\"@type\":\"Person\",\"@id\":\"https:\\\/\\\/lasentinelle.dz\\\/#\\\/schema\\\/person\\\/d865044e22e70a75174ce8bcad3acfb3\",\"name\":\"La Sentinelle\",\"image\":{\"@type\":\"ImageObject\",\"inLanguage\":\"fr-FR\",\"@id\":\"https:\\\/\\\/secure.gravatar.com\\\/avatar\\\/57de8e5d4b15d43fb361a71fbb36338450fe67865b528a43dd10ef7c51a20392?s=96&d=mm&r=g\",\"url\":\"https:\\\/\\\/secure.gravatar.com\\\/avatar\\\/57de8e5d4b15d43fb361a71fbb36338450fe67865b528a43dd10ef7c51a20392?s=96&d=mm&r=g\",\"contentUrl\":\"https:\\\/\\\/secure.gravatar.com\\\/avatar\\\/57de8e5d4b15d43fb361a71fbb36338450fe67865b528a43dd10ef7c51a20392?s=96&d=mm&r=g\",\"caption\":\"La Sentinelle\"},\"sameAs\":[\"http:\\\/\\\/www.lasentinelle.dz\"],\"url\":\"https:\\\/\\\/lasentinelle.dz\\\/author\\\/redaction\\\/\"}]}<\/script>\n<!-- \/ Yoast SEO plugin. -->","yoast_head_json":{"title":"Violentes agressions sionistes contre les Palestiniens\u00a0: Appel au maintien du statut historique d\u2019El-Qods - La Sentinelle","robots":{"index":"index","follow":"follow","max-snippet":"max-snippet:-1","max-image-preview":"max-image-preview:large","max-video-preview":"max-video-preview:-1"},"canonical":"https:\/\/lasentinelle.dz\/index.php\/2022\/04\/17\/violentes-agressions-sionistes-contre-les-palestiniens-appel-au-maintien-du-statut-historique-del-qods\/","og_locale":"fr_FR","og_type":"article","og_title":"Violentes agressions sionistes contre les Palestiniens\u00a0: Appel au maintien du statut historique d\u2019El-Qods - La Sentinelle","og_description":"Ant\u00f3nio Guterres, secr\u00e9taire g\u00e9n\u00e9ral des Nations Unies, a exprim\u00e9 son inqui\u00e9tude \u00e0 l\u2019\u00e9gard de la d\u00e9t\u00e9rioration de l\u2019\u00e9tat de s\u00e9curit\u00e9&nbsp;\u00e0","og_url":"https:\/\/lasentinelle.dz\/index.php\/2022\/04\/17\/violentes-agressions-sionistes-contre-les-palestiniens-appel-au-maintien-du-statut-historique-del-qods\/","og_site_name":"La Sentinelle","article_publisher":"https:\/\/www.facebook.com\/La-Sentinelle-104059864394773","article_published_time":"2022-04-16T23:05:00+00:00","og_image":[{"width":1200,"height":900,"url":"https:\/\/lasentinelle.dz\/wp-content\/uploads\/2022\/04\/palestine-usa-onu.png","type":"image\/png"}],"author":"La Sentinelle","twitter_card":"summary_large_image","twitter_misc":{"\u00c9crit par":"La Sentinelle","Dur\u00e9e de lecture estim\u00e9e":"4 minutes"},"schema":{"@context":"https:\/\/schema.org","@graph":[{"@type":"Article","@id":"https:\/\/lasentinelle.dz\/index.php\/2022\/04\/17\/violentes-agressions-sionistes-contre-les-palestiniens-appel-au-maintien-du-statut-historique-del-qods\/#article","isPartOf":{"@id":"https:\/\/lasentinelle.dz\/index.php\/2022\/04\/17\/violentes-agressions-sionistes-contre-les-palestiniens-appel-au-maintien-du-statut-historique-del-qods\/"},"author":{"name":"La Sentinelle","@id":"https:\/\/lasentinelle.dz\/#\/schema\/person\/d865044e22e70a75174ce8bcad3acfb3"},"headline":"Violentes agressions sionistes contre les Palestiniens\u00a0: Appel au maintien du statut historique d\u2019El-Qods","datePublished":"2022-04-16T23:05:00+00:00","mainEntityOfPage":{"@id":"https:\/\/lasentinelle.dz\/index.php\/2022\/04\/17\/violentes-agressions-sionistes-contre-les-palestiniens-appel-au-maintien-du-statut-historique-del-qods\/"},"wordCount":772,"commentCount":0,"publisher":{"@id":"https:\/\/lasentinelle.dz\/#organization"},"image":{"@id":"https:\/\/lasentinelle.dz\/index.php\/2022\/04\/17\/violentes-agressions-sionistes-contre-les-palestiniens-appel-au-maintien-du-statut-historique-del-qods\/#primaryimage"},"thumbnailUrl":"https:\/\/lasentinelle.dz\/wp-content\/uploads\/2022\/04\/palestine-usa-onu.png","articleSection":["\u00c0 la Une","Monde"],"inLanguage":"fr-FR","potentialAction":[{"@type":"CommentAction","name":"Comment","target":["https:\/\/lasentinelle.dz\/index.php\/2022\/04\/17\/violentes-agressions-sionistes-contre-les-palestiniens-appel-au-maintien-du-statut-historique-del-qods\/#respond"]}]},{"@type":"WebPage","@id":"https:\/\/lasentinelle.dz\/index.php\/2022\/04\/17\/violentes-agressions-sionistes-contre-les-palestiniens-appel-au-maintien-du-statut-historique-del-qods\/","url":"https:\/\/lasentinelle.dz\/index.php\/2022\/04\/17\/violentes-agressions-sionistes-contre-les-palestiniens-appel-au-maintien-du-statut-historique-del-qods\/","name":"Violentes agressions sionistes contre les Palestiniens\u00a0: Appel au maintien du statut historique d\u2019El-Qods - La Sentinelle","isPartOf":{"@id":"https:\/\/lasentinelle.dz\/#website"},"primaryImageOfPage":{"@id":"https:\/\/lasentinelle.dz\/index.php\/2022\/04\/17\/violentes-agressions-sionistes-contre-les-palestiniens-appel-au-maintien-du-statut-historique-del-qods\/#primaryimage"},"image":{"@id":"https:\/\/lasentinelle.dz\/index.php\/2022\/04\/17\/violentes-agressions-sionistes-contre-les-palestiniens-appel-au-maintien-du-statut-historique-del-qods\/#primaryimage"},"thumbnailUrl":"https:\/\/lasentinelle.dz\/wp-content\/uploads\/2022\/04\/palestine-usa-onu.png","datePublished":"2022-04-16T23:05:00+00:00","breadcrumb":{"@id":"https:\/\/lasentinelle.dz\/index.php\/2022\/04\/17\/violentes-agressions-sionistes-contre-les-palestiniens-appel-au-maintien-du-statut-historique-del-qods\/#breadcrumb"},"inLanguage":"fr-FR","potentialAction":[{"@type":"ReadAction","target":["https:\/\/lasentinelle.dz\/index.php\/2022\/04\/17\/violentes-agressions-sionistes-contre-les-palestiniens-appel-au-maintien-du-statut-historique-del-qods\/"]}]},{"@type":"ImageObject","inLanguage":"fr-FR","@id":"https:\/\/lasentinelle.dz\/index.php\/2022\/04\/17\/violentes-agressions-sionistes-contre-les-palestiniens-appel-au-maintien-du-statut-historique-del-qods\/#primaryimage","url":"https:\/\/lasentinelle.dz\/wp-content\/uploads\/2022\/04\/palestine-usa-onu.png","contentUrl":"https:\/\/lasentinelle.dz\/wp-content\/uploads\/2022\/04\/palestine-usa-onu.png","width":1200,"height":900},{"@type":"BreadcrumbList","@id":"https:\/\/lasentinelle.dz\/index.php\/2022\/04\/17\/violentes-agressions-sionistes-contre-les-palestiniens-appel-au-maintien-du-statut-historique-del-qods\/#breadcrumb","itemListElement":[{"@type":"ListItem","position":1,"name":"Accueil","item":"https:\/\/lasentinelle.dz\/"},{"@type":"ListItem","position":2,"name":"Violentes agressions sionistes contre les Palestiniens\u00a0: Appel au maintien du statut historique d\u2019El-Qods"}]},{"@type":"WebSite","@id":"https:\/\/lasentinelle.dz\/#website","url":"https:\/\/lasentinelle.dz\/","name":"La Sentinelle","description":"Quotidien national d&#039;information","publisher":{"@id":"https:\/\/lasentinelle.dz\/#organization"},"potentialAction":[{"@type":"SearchAction","target":{"@type":"EntryPoint","urlTemplate":"https:\/\/lasentinelle.dz\/?s={search_term_string}"},"query-input":{"@type":"PropertyValueSpecification","valueRequired":true,"valueName":"search_term_string"}}],"inLanguage":"fr-FR"},{"@type":"Organization","@id":"https:\/\/lasentinelle.dz\/#organization","name":"Quotidien La Sentinelle","url":"https:\/\/lasentinelle.dz\/","logo":{"@type":"ImageObject","inLanguage":"fr-FR","@id":"https:\/\/lasentinelle.dz\/#\/schema\/logo\/image\/","url":"https:\/\/lasentinelle.dz\/wp-content\/uploads\/2021\/09\/logo-sentinelleSLOGAN-1.png","contentUrl":"https:\/\/lasentinelle.dz\/wp-content\/uploads\/2021\/09\/logo-sentinelleSLOGAN-1.png","width":615,"height":142,"caption":"Quotidien La Sentinelle"},"image":{"@id":"https:\/\/lasentinelle.dz\/#\/schema\/logo\/image\/"},"sameAs":["https:\/\/www.facebook.com\/La-Sentinelle-104059864394773"]},{"@type":"Person","@id":"https:\/\/lasentinelle.dz\/#\/schema\/person\/d865044e22e70a75174ce8bcad3acfb3","name":"La Sentinelle","image":{"@type":"ImageObject","inLanguage":"fr-FR","@id":"https:\/\/secure.gravatar.com\/avatar\/57de8e5d4b15d43fb361a71fbb36338450fe67865b528a43dd10ef7c51a20392?s=96&d=mm&r=g","url":"https:\/\/secure.gravatar.com\/avatar\/57de8e5d4b15d43fb361a71fbb36338450fe67865b528a43dd10ef7c51a20392?s=96&d=mm&r=g","contentUrl":"https:\/\/secure.gravatar.com\/avatar\/57de8e5d4b15d43fb361a71fbb36338450fe67865b528a43dd10ef7c51a20392?s=96&d=mm&r=g","caption":"La Sentinelle"},"sameAs":["http:\/\/www.lasentinelle.dz"],"url":"https:\/\/lasentinelle.dz\/author\/redaction\/"}]}},"_links":{"self":[{"href":"https:\/\/lasentinelle.dz\/index.php\/wp-json\/wp\/v2\/posts\/19873","targetHints":{"allow":["GET"]}}],"collection":[{"href":"https:\/\/lasentinelle.dz\/index.php\/wp-json\/wp\/v2\/posts"}],"about":[{"href":"https:\/\/lasentinelle.dz\/index.php\/wp-json\/wp\/v2\/types\/post"}],"author":[{"embeddable":true,"href":"https:\/\/lasentinelle.dz\/index.php\/wp-json\/wp\/v2\/users\/3"}],"replies":[{"embeddable":true,"href":"https:\/\/lasentinelle.dz\/index.php\/wp-json\/wp\/v2\/comments?post=19873"}],"version-history":[{"count":1,"href":"https:\/\/lasentinelle.dz\/index.php\/wp-json\/wp\/v2\/posts\/19873\/revisions"}],"predecessor-version":[{"id":19888,"href":"https:\/\/lasentinelle.dz\/index.php\/wp-json\/wp\/v2\/posts\/19873\/revisions\/19888"}],"wp:featuredmedia":[{"embeddable":true,"href":"https:\/\/lasentinelle.dz\/index.php\/wp-json\/wp\/v2\/media\/19887"}],"wp:attachment":[{"href":"https:\/\/lasentinelle.dz\/index.php\/wp-json\/wp\/v2\/media?parent=19873"}],"wp:term":[{"taxonomy":"category","embeddable":true,"href":"https:\/\/lasentinelle.dz\/index.php\/wp-json\/wp\/v2\/categories?post=19873"},{"taxonomy":"post_tag","embeddable":true,"href":"https:\/\/lasentinelle.dz\/index.php\/wp-json\/wp\/v2\/tags?post=19873"}],"curies":[{"name":"wp","href":"https:\/\/api.w.org\/{rel}","templated":true}]}}