{"id":19924,"date":"2022-04-18T00:05:00","date_gmt":"2022-04-17T23:05:00","guid":{"rendered":"https:\/\/lasentinelle.dz\/?p=19924"},"modified":"2022-04-17T20:51:11","modified_gmt":"2022-04-17T19:51:11","slug":"les-syndicats-demandent-la-revalorisation-du-point-indiciaire-a-100-dinars-greve-dans-leducation-nationale-a-la-veille-de-laid","status":"publish","type":"post","link":"https:\/\/lasentinelle.dz\/index.php\/2022\/04\/18\/les-syndicats-demandent-la-revalorisation-du-point-indiciaire-a-100-dinars-greve-dans-leducation-nationale-a-la-veille-de-laid\/","title":{"rendered":"Les syndicats demandent la revalorisation du point indiciaire \u00e0 100 dinars\u00a0: Gr\u00e8ve dans l\u2019\u00e9ducation nationale \u00e0 la veille de l\u2019Aid"},"content":{"rendered":"\n<p>Le secteur de l\u2019\u00c9ducation nationale risque de renouer avec les mouvements de gr\u00e8ve dans les tous prochains jours. Un mouvement de gr\u00e8ve nationale et qui compte sur l\u2019adh\u00e9sion d\u2019une trentaine de syndicats du secteur est annonc\u00e9 pour les 26 et 27 avril, soit \u00e0 la veille de l\u2019Aid Al-Fitr.&nbsp;<\/p>\n\n\n\n<p>R\u00e9unie&nbsp;samedi le au si\u00e8ge de l\u2019Union&nbsp;nationale des&nbsp;personnels de l\u2019\u00e9ducation et de la&nbsp;formation (UNPEF), les syndicats&nbsp;de l\u2019intersyndicale de l\u2019\u00e9ducation nationale qui regroupe une trentaine de syndicats du secteur&nbsp;vient d\u2019annoncer un d\u00e9brayage de deux jours les 26 et 27 avril en cours pour d\u00e9noncer la situation des travailleurs alg\u00e9riens en g\u00e9n\u00e9ral et exprimer leur m\u00e9contentement de&nbsp;la nouvelle grille indiciaire&nbsp;des salaires de la fonction publique. Cette gr\u00e8ve intervient, selon le communiqu\u00e9 sanctionnant la r\u00e9union,&nbsp;\u00ab&nbsp;dans une situation tr\u00e8s difficile marqu\u00e9e par la hausse infernale des prix de large consommation et la baisse du pouvoir d\u2019achat des&nbsp;Alg\u00e9riens&nbsp;\u00bb.<\/p>\n\n\n\n<p>Selon le&nbsp;communiqu\u00e9, les syndicats avertissent&nbsp;quant \u00e0 cette situation difficile face \u00e0 \u00ab&nbsp;l\u2019incapacit\u00e9 du gouvernement \u00e0 faire face \u00e0 la hausse des prix et \u00e0 la baisse drastique du pouvoir d\u2019achat des&nbsp;Alg\u00e9riens&nbsp;\u00bb. Une situation due, expliquent-ils, par la d\u00e9pr\u00e9ciation&nbsp;de la valeur de la monnaie nationale et la hausse de l\u2019inflation. Les syndicats n\u2019ont par ailleurs pas manqu\u00e9 de qualifier&nbsp;\u00ab&nbsp;d\u2019inefficaces&nbsp;\u00bb&nbsp;les derni\u00e8res d\u00e9cisions du gouvernement \u00e0 l\u2019instar de la&nbsp;baisse&nbsp;de l\u2019Imp\u00f4t sur le revenu global (IRG) ainsi que la&nbsp;r\u00e9vision&nbsp;de la grille indiciaire des&nbsp;salaires des&nbsp;personnels de la&nbsp;Fonction publique. Ces mesures, ajoutent-ils,&nbsp;\u00ab&nbsp;n\u2019ont aucun effet sur&nbsp;le&nbsp;pouvoir d\u2019achat des&nbsp;Alg\u00e9riens&nbsp;\u00bb.<\/p>\n\n\n\n<p>Aussi, comme mesures urgentes pour d\u00e9samorcer cette situation explosive, les syndicats demandent l\u2019augmentation du point indiciaire&nbsp;qu\u2019ils veulent porter de 45 \u00e0 100 DA, la cr\u00e9ation d\u2019un&nbsp;Observatoire national du pouvoir d\u2019achat ainsi que l\u2019ouverture du dossier des r\u00e9gimes indemnitaires dans l\u2019objectif de r\u00e9viser les primes et la revalorisation de la prime de zone&nbsp;en l\u2019indexant sur&nbsp;le nouveau salaire de base et non&nbsp;sur&nbsp;celui de 1989.&nbsp;Dans ce contexte,&nbsp;le Secr\u00e9taire g\u00e9n\u00e9ral du&nbsp;Syndicat autonome des travailleurs de l&rsquo;\u00e9ducation et de la formation, Boualem Amoura,&nbsp;joint au t\u00e9l\u00e9phone par nos soins, a pr\u00e9cis\u00e9 que la date du d\u00e9brayage a \u00e9t\u00e9, quant \u00e0 elle, fix\u00e9e par souci&nbsp;de respecter la r\u00e9glementation&nbsp;car la loi oblige les syndicats \u00e0 annoncer tout mouvement de gr\u00e8ve&nbsp;avec un pr\u00e9avis&nbsp;de huit jours.&nbsp;&nbsp;<\/p>\n\n\n\n<p>Pour rappel,&nbsp;la nouvelle grille indiciaire des salaires de la Fonction publique a \u00e9t\u00e9 publi\u00e9e, il y a une dizaine de jours apportant une augmentation de 50 points sur les indices de bases pour l\u2019ensemble des cat\u00e9gories de fonctionnaires en sus de points suppl\u00e9mentaires affect\u00e9s selon les cat\u00e9gories et les \u00e9chelons.&nbsp;Samedi, le minist\u00e8re des Finances a tenu \u00e0 apporter des pr\u00e9cisions concernant cette nouvelle grille, assurant que les hausses des salaires toucheront non seulement le salaire de base, mais aussi les primes et les indemnit\u00e9s.&nbsp;&nbsp;Il faut dire que la nouvelle grille indiciaire des salaires&nbsp;n\u2019a pas \u00e9t\u00e9 du go\u00fbt des fonctionnaires qui s\u2019attendaient \u00e0&nbsp;une revalorisation du point indiciaire. Aussi, les syndicats r\u00e9unis dans la&nbsp;Conf\u00e9d\u00e9ration des syndicats alg\u00e9riens&nbsp;(CSA), l\u2019Intersyndicale des travailleurs de l\u2019Education ainsi que la&nbsp;Coalition des syndicats de la sant\u00e9 ont lanc\u00e9 des consultations pour&nbsp;mener des actions de protestation.&nbsp;Les syndicats de l\u2019\u00e9ducation nationale sont les premiers \u00e0 annoncer un mouvement de gr\u00e8ve.&nbsp;<\/p>\n\n\n\n<p><strong>&nbsp;Akli Amor<\/strong><\/p>\n","protected":false},"excerpt":{"rendered":"<p>Le secteur de l\u2019\u00c9ducation nationale risque de renouer avec les mouvements de gr\u00e8ve dans les tous prochains jours. Un mouvement<\/p>\n","protected":false},"author":3,"featured_media":19953,"comment_status":"open","ping_status":"closed","sticky":false,"template":"","format":"standard","meta":{"colormag_page_container_layout":"default_layout","colormag_page_sidebar_layout":"default_layout","om_disable_all_campaigns":false,"_monsterinsights_skip_tracking":false,"_monsterinsights_sitenote_active":false,"_monsterinsights_sitenote_note":"","_monsterinsights_sitenote_category":0,"footnotes":"","_wpscppro_dont_share_socialmedia":false,"_wpscppro_custom_social_share_image":0,"_facebook_share_type":"","_twitter_share_type":"","_linkedin_share_type":"","_pinterest_share_type":"","_linkedin_share_type_page":"","_instagram_share_type":"","_medium_share_type":"","_threads_share_type":"","_google_business_share_type":"","_selected_social_profile":[],"_wpsp_enable_custom_social_template":false,"_wpsp_social_scheduling":{"enabled":false,"datetime":null,"platforms":[],"status":"template_only","dateOption":"today","timeOption":"now","customDays":"","customHours":"","customDate":"","customTime":"","schedulingType":"absolute"},"_wpsp_active_default_template":true},"categories":[52,27],"tags":[],"class_list":["post-19924","post","type-post","status-publish","format-standard","has-post-thumbnail","hentry","category-a-la-une","category-actualite"],"aioseo_notices":[],"yoast_head":"<!-- This site is optimized with the Yoast SEO plugin v27.5 - https:\/\/yoast.com\/product\/yoast-seo-wordpress\/ -->\n<title>Les syndicats demandent la revalorisation du point indiciaire \u00e0 100 dinars\u00a0: Gr\u00e8ve dans l\u2019\u00e9ducation nationale \u00e0 la veille de l\u2019Aid - La Sentinelle<\/title>\n<meta name=\"robots\" content=\"index, follow, max-snippet:-1, max-image-preview:large, max-video-preview:-1\" \/>\n<link rel=\"canonical\" href=\"https:\/\/lasentinelle.dz\/index.php\/2022\/04\/18\/les-syndicats-demandent-la-revalorisation-du-point-indiciaire-a-100-dinars-greve-dans-leducation-nationale-a-la-veille-de-laid\/\" \/>\n<meta property=\"og:locale\" content=\"fr_FR\" \/>\n<meta property=\"og:type\" content=\"article\" \/>\n<meta property=\"og:title\" content=\"Les syndicats demandent la revalorisation du point indiciaire \u00e0 100 dinars\u00a0: Gr\u00e8ve dans l\u2019\u00e9ducation nationale \u00e0 la veille de l\u2019Aid - La Sentinelle\" \/>\n<meta property=\"og:description\" content=\"Le secteur de l\u2019\u00c9ducation nationale risque de renouer avec les mouvements de gr\u00e8ve dans les tous prochains jours. Un mouvement\" \/>\n<meta property=\"og:url\" content=\"https:\/\/lasentinelle.dz\/index.php\/2022\/04\/18\/les-syndicats-demandent-la-revalorisation-du-point-indiciaire-a-100-dinars-greve-dans-leducation-nationale-a-la-veille-de-laid\/\" \/>\n<meta property=\"og:site_name\" content=\"La Sentinelle\" \/>\n<meta property=\"article:publisher\" content=\"https:\/\/www.facebook.com\/La-Sentinelle-104059864394773\" \/>\n<meta property=\"article:published_time\" content=\"2022-04-17T23:05:00+00:00\" \/>\n<meta property=\"og:image\" content=\"https:\/\/lasentinelle.dz\/wp-content\/uploads\/2022\/04\/greve-des-9-c.png\" \/>\n\t<meta property=\"og:image:width\" content=\"1594\" \/>\n\t<meta property=\"og:image:height\" content=\"900\" \/>\n\t<meta property=\"og:image:type\" content=\"image\/png\" \/>\n<meta name=\"author\" content=\"La Sentinelle\" \/>\n<meta name=\"twitter:card\" content=\"summary_large_image\" \/>\n<meta name=\"twitter:label1\" content=\"\u00c9crit par\" \/>\n\t<meta name=\"twitter:data1\" content=\"La Sentinelle\" \/>\n\t<meta name=\"twitter:label2\" content=\"Dur\u00e9e de lecture estim\u00e9e\" \/>\n\t<meta name=\"twitter:data2\" content=\"3 minutes\" \/>\n<script type=\"application\/ld+json\" class=\"yoast-schema-graph\">{\"@context\":\"https:\\\/\\\/schema.org\",\"@graph\":[{\"@type\":\"Article\",\"@id\":\"https:\\\/\\\/lasentinelle.dz\\\/index.php\\\/2022\\\/04\\\/18\\\/les-syndicats-demandent-la-revalorisation-du-point-indiciaire-a-100-dinars-greve-dans-leducation-nationale-a-la-veille-de-laid\\\/#article\",\"isPartOf\":{\"@id\":\"https:\\\/\\\/lasentinelle.dz\\\/index.php\\\/2022\\\/04\\\/18\\\/les-syndicats-demandent-la-revalorisation-du-point-indiciaire-a-100-dinars-greve-dans-leducation-nationale-a-la-veille-de-laid\\\/\"},\"author\":{\"name\":\"La Sentinelle\",\"@id\":\"https:\\\/\\\/lasentinelle.dz\\\/#\\\/schema\\\/person\\\/d865044e22e70a75174ce8bcad3acfb3\"},\"headline\":\"Les syndicats demandent la revalorisation du point indiciaire \u00e0 100 dinars\u00a0: Gr\u00e8ve dans l\u2019\u00e9ducation nationale \u00e0 la veille de l\u2019Aid\",\"datePublished\":\"2022-04-17T23:05:00+00:00\",\"mainEntityOfPage\":{\"@id\":\"https:\\\/\\\/lasentinelle.dz\\\/index.php\\\/2022\\\/04\\\/18\\\/les-syndicats-demandent-la-revalorisation-du-point-indiciaire-a-100-dinars-greve-dans-leducation-nationale-a-la-veille-de-laid\\\/\"},\"wordCount\":701,\"commentCount\":0,\"publisher\":{\"@id\":\"https:\\\/\\\/lasentinelle.dz\\\/#organization\"},\"image\":{\"@id\":\"https:\\\/\\\/lasentinelle.dz\\\/index.php\\\/2022\\\/04\\\/18\\\/les-syndicats-demandent-la-revalorisation-du-point-indiciaire-a-100-dinars-greve-dans-leducation-nationale-a-la-veille-de-laid\\\/#primaryimage\"},\"thumbnailUrl\":\"https:\\\/\\\/lasentinelle.dz\\\/wp-content\\\/uploads\\\/2022\\\/04\\\/greve-des-9-c.png\",\"articleSection\":[\"\u00c0 la Une\",\"Actualit\u00e9\"],\"inLanguage\":\"fr-FR\",\"potentialAction\":[{\"@type\":\"CommentAction\",\"name\":\"Comment\",\"target\":[\"https:\\\/\\\/lasentinelle.dz\\\/index.php\\\/2022\\\/04\\\/18\\\/les-syndicats-demandent-la-revalorisation-du-point-indiciaire-a-100-dinars-greve-dans-leducation-nationale-a-la-veille-de-laid\\\/#respond\"]}]},{\"@type\":\"WebPage\",\"@id\":\"https:\\\/\\\/lasentinelle.dz\\\/index.php\\\/2022\\\/04\\\/18\\\/les-syndicats-demandent-la-revalorisation-du-point-indiciaire-a-100-dinars-greve-dans-leducation-nationale-a-la-veille-de-laid\\\/\",\"url\":\"https:\\\/\\\/lasentinelle.dz\\\/index.php\\\/2022\\\/04\\\/18\\\/les-syndicats-demandent-la-revalorisation-du-point-indiciaire-a-100-dinars-greve-dans-leducation-nationale-a-la-veille-de-laid\\\/\",\"name\":\"Les syndicats demandent la revalorisation du point indiciaire \u00e0 100 dinars\u00a0: Gr\u00e8ve dans l\u2019\u00e9ducation nationale \u00e0 la veille de l\u2019Aid - La Sentinelle\",\"isPartOf\":{\"@id\":\"https:\\\/\\\/lasentinelle.dz\\\/#website\"},\"primaryImageOfPage\":{\"@id\":\"https:\\\/\\\/lasentinelle.dz\\\/index.php\\\/2022\\\/04\\\/18\\\/les-syndicats-demandent-la-revalorisation-du-point-indiciaire-a-100-dinars-greve-dans-leducation-nationale-a-la-veille-de-laid\\\/#primaryimage\"},\"image\":{\"@id\":\"https:\\\/\\\/lasentinelle.dz\\\/index.php\\\/2022\\\/04\\\/18\\\/les-syndicats-demandent-la-revalorisation-du-point-indiciaire-a-100-dinars-greve-dans-leducation-nationale-a-la-veille-de-laid\\\/#primaryimage\"},\"thumbnailUrl\":\"https:\\\/\\\/lasentinelle.dz\\\/wp-content\\\/uploads\\\/2022\\\/04\\\/greve-des-9-c.png\",\"datePublished\":\"2022-04-17T23:05:00+00:00\",\"breadcrumb\":{\"@id\":\"https:\\\/\\\/lasentinelle.dz\\\/index.php\\\/2022\\\/04\\\/18\\\/les-syndicats-demandent-la-revalorisation-du-point-indiciaire-a-100-dinars-greve-dans-leducation-nationale-a-la-veille-de-laid\\\/#breadcrumb\"},\"inLanguage\":\"fr-FR\",\"potentialAction\":[{\"@type\":\"ReadAction\",\"target\":[\"https:\\\/\\\/lasentinelle.dz\\\/index.php\\\/2022\\\/04\\\/18\\\/les-syndicats-demandent-la-revalorisation-du-point-indiciaire-a-100-dinars-greve-dans-leducation-nationale-a-la-veille-de-laid\\\/\"]}]},{\"@type\":\"ImageObject\",\"inLanguage\":\"fr-FR\",\"@id\":\"https:\\\/\\\/lasentinelle.dz\\\/index.php\\\/2022\\\/04\\\/18\\\/les-syndicats-demandent-la-revalorisation-du-point-indiciaire-a-100-dinars-greve-dans-leducation-nationale-a-la-veille-de-laid\\\/#primaryimage\",\"url\":\"https:\\\/\\\/lasentinelle.dz\\\/wp-content\\\/uploads\\\/2022\\\/04\\\/greve-des-9-c.png\",\"contentUrl\":\"https:\\\/\\\/lasentinelle.dz\\\/wp-content\\\/uploads\\\/2022\\\/04\\\/greve-des-9-c.png\",\"width\":1594,\"height\":900},{\"@type\":\"BreadcrumbList\",\"@id\":\"https:\\\/\\\/lasentinelle.dz\\\/index.php\\\/2022\\\/04\\\/18\\\/les-syndicats-demandent-la-revalorisation-du-point-indiciaire-a-100-dinars-greve-dans-leducation-nationale-a-la-veille-de-laid\\\/#breadcrumb\",\"itemListElement\":[{\"@type\":\"ListItem\",\"position\":1,\"name\":\"Accueil\",\"item\":\"https:\\\/\\\/lasentinelle.dz\\\/\"},{\"@type\":\"ListItem\",\"position\":2,\"name\":\"Les syndicats demandent la revalorisation du point indiciaire \u00e0 100 dinars\u00a0: Gr\u00e8ve dans l\u2019\u00e9ducation nationale \u00e0 la veille de l\u2019Aid\"}]},{\"@type\":\"WebSite\",\"@id\":\"https:\\\/\\\/lasentinelle.dz\\\/#website\",\"url\":\"https:\\\/\\\/lasentinelle.dz\\\/\",\"name\":\"La Sentinelle\",\"description\":\"Quotidien national d&#039;information\",\"publisher\":{\"@id\":\"https:\\\/\\\/lasentinelle.dz\\\/#organization\"},\"potentialAction\":[{\"@type\":\"SearchAction\",\"target\":{\"@type\":\"EntryPoint\",\"urlTemplate\":\"https:\\\/\\\/lasentinelle.dz\\\/?s={search_term_string}\"},\"query-input\":{\"@type\":\"PropertyValueSpecification\",\"valueRequired\":true,\"valueName\":\"search_term_string\"}}],\"inLanguage\":\"fr-FR\"},{\"@type\":\"Organization\",\"@id\":\"https:\\\/\\\/lasentinelle.dz\\\/#organization\",\"name\":\"Quotidien La Sentinelle\",\"url\":\"https:\\\/\\\/lasentinelle.dz\\\/\",\"logo\":{\"@type\":\"ImageObject\",\"inLanguage\":\"fr-FR\",\"@id\":\"https:\\\/\\\/lasentinelle.dz\\\/#\\\/schema\\\/logo\\\/image\\\/\",\"url\":\"https:\\\/\\\/lasentinelle.dz\\\/wp-content\\\/uploads\\\/2021\\\/09\\\/logo-sentinelleSLOGAN-1.png\",\"contentUrl\":\"https:\\\/\\\/lasentinelle.dz\\\/wp-content\\\/uploads\\\/2021\\\/09\\\/logo-sentinelleSLOGAN-1.png\",\"width\":615,\"height\":142,\"caption\":\"Quotidien La Sentinelle\"},\"image\":{\"@id\":\"https:\\\/\\\/lasentinelle.dz\\\/#\\\/schema\\\/logo\\\/image\\\/\"},\"sameAs\":[\"https:\\\/\\\/www.facebook.com\\\/La-Sentinelle-104059864394773\"]},{\"@type\":\"Person\",\"@id\":\"https:\\\/\\\/lasentinelle.dz\\\/#\\\/schema\\\/person\\\/d865044e22e70a75174ce8bcad3acfb3\",\"name\":\"La Sentinelle\",\"image\":{\"@type\":\"ImageObject\",\"inLanguage\":\"fr-FR\",\"@id\":\"https:\\\/\\\/secure.gravatar.com\\\/avatar\\\/57de8e5d4b15d43fb361a71fbb36338450fe67865b528a43dd10ef7c51a20392?s=96&d=mm&r=g\",\"url\":\"https:\\\/\\\/secure.gravatar.com\\\/avatar\\\/57de8e5d4b15d43fb361a71fbb36338450fe67865b528a43dd10ef7c51a20392?s=96&d=mm&r=g\",\"contentUrl\":\"https:\\\/\\\/secure.gravatar.com\\\/avatar\\\/57de8e5d4b15d43fb361a71fbb36338450fe67865b528a43dd10ef7c51a20392?s=96&d=mm&r=g\",\"caption\":\"La Sentinelle\"},\"sameAs\":[\"http:\\\/\\\/www.lasentinelle.dz\"],\"url\":\"https:\\\/\\\/lasentinelle.dz\\\/author\\\/redaction\\\/\"}]}<\/script>\n<!-- \/ Yoast SEO plugin. -->","yoast_head_json":{"title":"Les syndicats demandent la revalorisation du point indiciaire \u00e0 100 dinars\u00a0: Gr\u00e8ve dans l\u2019\u00e9ducation nationale \u00e0 la veille de l\u2019Aid - La Sentinelle","robots":{"index":"index","follow":"follow","max-snippet":"max-snippet:-1","max-image-preview":"max-image-preview:large","max-video-preview":"max-video-preview:-1"},"canonical":"https:\/\/lasentinelle.dz\/index.php\/2022\/04\/18\/les-syndicats-demandent-la-revalorisation-du-point-indiciaire-a-100-dinars-greve-dans-leducation-nationale-a-la-veille-de-laid\/","og_locale":"fr_FR","og_type":"article","og_title":"Les syndicats demandent la revalorisation du point indiciaire \u00e0 100 dinars\u00a0: Gr\u00e8ve dans l\u2019\u00e9ducation nationale \u00e0 la veille de l\u2019Aid - La Sentinelle","og_description":"Le secteur de l\u2019\u00c9ducation nationale risque de renouer avec les mouvements de gr\u00e8ve dans les tous prochains jours. Un mouvement","og_url":"https:\/\/lasentinelle.dz\/index.php\/2022\/04\/18\/les-syndicats-demandent-la-revalorisation-du-point-indiciaire-a-100-dinars-greve-dans-leducation-nationale-a-la-veille-de-laid\/","og_site_name":"La Sentinelle","article_publisher":"https:\/\/www.facebook.com\/La-Sentinelle-104059864394773","article_published_time":"2022-04-17T23:05:00+00:00","og_image":[{"width":1594,"height":900,"url":"https:\/\/lasentinelle.dz\/wp-content\/uploads\/2022\/04\/greve-des-9-c.png","type":"image\/png"}],"author":"La Sentinelle","twitter_card":"summary_large_image","twitter_misc":{"\u00c9crit par":"La Sentinelle","Dur\u00e9e de lecture estim\u00e9e":"3 minutes"},"schema":{"@context":"https:\/\/schema.org","@graph":[{"@type":"Article","@id":"https:\/\/lasentinelle.dz\/index.php\/2022\/04\/18\/les-syndicats-demandent-la-revalorisation-du-point-indiciaire-a-100-dinars-greve-dans-leducation-nationale-a-la-veille-de-laid\/#article","isPartOf":{"@id":"https:\/\/lasentinelle.dz\/index.php\/2022\/04\/18\/les-syndicats-demandent-la-revalorisation-du-point-indiciaire-a-100-dinars-greve-dans-leducation-nationale-a-la-veille-de-laid\/"},"author":{"name":"La Sentinelle","@id":"https:\/\/lasentinelle.dz\/#\/schema\/person\/d865044e22e70a75174ce8bcad3acfb3"},"headline":"Les syndicats demandent la revalorisation du point indiciaire \u00e0 100 dinars\u00a0: Gr\u00e8ve dans l\u2019\u00e9ducation nationale \u00e0 la veille de l\u2019Aid","datePublished":"2022-04-17T23:05:00+00:00","mainEntityOfPage":{"@id":"https:\/\/lasentinelle.dz\/index.php\/2022\/04\/18\/les-syndicats-demandent-la-revalorisation-du-point-indiciaire-a-100-dinars-greve-dans-leducation-nationale-a-la-veille-de-laid\/"},"wordCount":701,"commentCount":0,"publisher":{"@id":"https:\/\/lasentinelle.dz\/#organization"},"image":{"@id":"https:\/\/lasentinelle.dz\/index.php\/2022\/04\/18\/les-syndicats-demandent-la-revalorisation-du-point-indiciaire-a-100-dinars-greve-dans-leducation-nationale-a-la-veille-de-laid\/#primaryimage"},"thumbnailUrl":"https:\/\/lasentinelle.dz\/wp-content\/uploads\/2022\/04\/greve-des-9-c.png","articleSection":["\u00c0 la Une","Actualit\u00e9"],"inLanguage":"fr-FR","potentialAction":[{"@type":"CommentAction","name":"Comment","target":["https:\/\/lasentinelle.dz\/index.php\/2022\/04\/18\/les-syndicats-demandent-la-revalorisation-du-point-indiciaire-a-100-dinars-greve-dans-leducation-nationale-a-la-veille-de-laid\/#respond"]}]},{"@type":"WebPage","@id":"https:\/\/lasentinelle.dz\/index.php\/2022\/04\/18\/les-syndicats-demandent-la-revalorisation-du-point-indiciaire-a-100-dinars-greve-dans-leducation-nationale-a-la-veille-de-laid\/","url":"https:\/\/lasentinelle.dz\/index.php\/2022\/04\/18\/les-syndicats-demandent-la-revalorisation-du-point-indiciaire-a-100-dinars-greve-dans-leducation-nationale-a-la-veille-de-laid\/","name":"Les syndicats demandent la revalorisation du point indiciaire \u00e0 100 dinars\u00a0: Gr\u00e8ve dans l\u2019\u00e9ducation nationale \u00e0 la veille de l\u2019Aid - La Sentinelle","isPartOf":{"@id":"https:\/\/lasentinelle.dz\/#website"},"primaryImageOfPage":{"@id":"https:\/\/lasentinelle.dz\/index.php\/2022\/04\/18\/les-syndicats-demandent-la-revalorisation-du-point-indiciaire-a-100-dinars-greve-dans-leducation-nationale-a-la-veille-de-laid\/#primaryimage"},"image":{"@id":"https:\/\/lasentinelle.dz\/index.php\/2022\/04\/18\/les-syndicats-demandent-la-revalorisation-du-point-indiciaire-a-100-dinars-greve-dans-leducation-nationale-a-la-veille-de-laid\/#primaryimage"},"thumbnailUrl":"https:\/\/lasentinelle.dz\/wp-content\/uploads\/2022\/04\/greve-des-9-c.png","datePublished":"2022-04-17T23:05:00+00:00","breadcrumb":{"@id":"https:\/\/lasentinelle.dz\/index.php\/2022\/04\/18\/les-syndicats-demandent-la-revalorisation-du-point-indiciaire-a-100-dinars-greve-dans-leducation-nationale-a-la-veille-de-laid\/#breadcrumb"},"inLanguage":"fr-FR","potentialAction":[{"@type":"ReadAction","target":["https:\/\/lasentinelle.dz\/index.php\/2022\/04\/18\/les-syndicats-demandent-la-revalorisation-du-point-indiciaire-a-100-dinars-greve-dans-leducation-nationale-a-la-veille-de-laid\/"]}]},{"@type":"ImageObject","inLanguage":"fr-FR","@id":"https:\/\/lasentinelle.dz\/index.php\/2022\/04\/18\/les-syndicats-demandent-la-revalorisation-du-point-indiciaire-a-100-dinars-greve-dans-leducation-nationale-a-la-veille-de-laid\/#primaryimage","url":"https:\/\/lasentinelle.dz\/wp-content\/uploads\/2022\/04\/greve-des-9-c.png","contentUrl":"https:\/\/lasentinelle.dz\/wp-content\/uploads\/2022\/04\/greve-des-9-c.png","width":1594,"height":900},{"@type":"BreadcrumbList","@id":"https:\/\/lasentinelle.dz\/index.php\/2022\/04\/18\/les-syndicats-demandent-la-revalorisation-du-point-indiciaire-a-100-dinars-greve-dans-leducation-nationale-a-la-veille-de-laid\/#breadcrumb","itemListElement":[{"@type":"ListItem","position":1,"name":"Accueil","item":"https:\/\/lasentinelle.dz\/"},{"@type":"ListItem","position":2,"name":"Les syndicats demandent la revalorisation du point indiciaire \u00e0 100 dinars\u00a0: Gr\u00e8ve dans l\u2019\u00e9ducation nationale \u00e0 la veille de l\u2019Aid"}]},{"@type":"WebSite","@id":"https:\/\/lasentinelle.dz\/#website","url":"https:\/\/lasentinelle.dz\/","name":"La Sentinelle","description":"Quotidien national d&#039;information","publisher":{"@id":"https:\/\/lasentinelle.dz\/#organization"},"potentialAction":[{"@type":"SearchAction","target":{"@type":"EntryPoint","urlTemplate":"https:\/\/lasentinelle.dz\/?s={search_term_string}"},"query-input":{"@type":"PropertyValueSpecification","valueRequired":true,"valueName":"search_term_string"}}],"inLanguage":"fr-FR"},{"@type":"Organization","@id":"https:\/\/lasentinelle.dz\/#organization","name":"Quotidien La Sentinelle","url":"https:\/\/lasentinelle.dz\/","logo":{"@type":"ImageObject","inLanguage":"fr-FR","@id":"https:\/\/lasentinelle.dz\/#\/schema\/logo\/image\/","url":"https:\/\/lasentinelle.dz\/wp-content\/uploads\/2021\/09\/logo-sentinelleSLOGAN-1.png","contentUrl":"https:\/\/lasentinelle.dz\/wp-content\/uploads\/2021\/09\/logo-sentinelleSLOGAN-1.png","width":615,"height":142,"caption":"Quotidien La Sentinelle"},"image":{"@id":"https:\/\/lasentinelle.dz\/#\/schema\/logo\/image\/"},"sameAs":["https:\/\/www.facebook.com\/La-Sentinelle-104059864394773"]},{"@type":"Person","@id":"https:\/\/lasentinelle.dz\/#\/schema\/person\/d865044e22e70a75174ce8bcad3acfb3","name":"La Sentinelle","image":{"@type":"ImageObject","inLanguage":"fr-FR","@id":"https:\/\/secure.gravatar.com\/avatar\/57de8e5d4b15d43fb361a71fbb36338450fe67865b528a43dd10ef7c51a20392?s=96&d=mm&r=g","url":"https:\/\/secure.gravatar.com\/avatar\/57de8e5d4b15d43fb361a71fbb36338450fe67865b528a43dd10ef7c51a20392?s=96&d=mm&r=g","contentUrl":"https:\/\/secure.gravatar.com\/avatar\/57de8e5d4b15d43fb361a71fbb36338450fe67865b528a43dd10ef7c51a20392?s=96&d=mm&r=g","caption":"La Sentinelle"},"sameAs":["http:\/\/www.lasentinelle.dz"],"url":"https:\/\/lasentinelle.dz\/author\/redaction\/"}]}},"_links":{"self":[{"href":"https:\/\/lasentinelle.dz\/index.php\/wp-json\/wp\/v2\/posts\/19924","targetHints":{"allow":["GET"]}}],"collection":[{"href":"https:\/\/lasentinelle.dz\/index.php\/wp-json\/wp\/v2\/posts"}],"about":[{"href":"https:\/\/lasentinelle.dz\/index.php\/wp-json\/wp\/v2\/types\/post"}],"author":[{"embeddable":true,"href":"https:\/\/lasentinelle.dz\/index.php\/wp-json\/wp\/v2\/users\/3"}],"replies":[{"embeddable":true,"href":"https:\/\/lasentinelle.dz\/index.php\/wp-json\/wp\/v2\/comments?post=19924"}],"version-history":[{"count":1,"href":"https:\/\/lasentinelle.dz\/index.php\/wp-json\/wp\/v2\/posts\/19924\/revisions"}],"predecessor-version":[{"id":19954,"href":"https:\/\/lasentinelle.dz\/index.php\/wp-json\/wp\/v2\/posts\/19924\/revisions\/19954"}],"wp:featuredmedia":[{"embeddable":true,"href":"https:\/\/lasentinelle.dz\/index.php\/wp-json\/wp\/v2\/media\/19953"}],"wp:attachment":[{"href":"https:\/\/lasentinelle.dz\/index.php\/wp-json\/wp\/v2\/media?parent=19924"}],"wp:term":[{"taxonomy":"category","embeddable":true,"href":"https:\/\/lasentinelle.dz\/index.php\/wp-json\/wp\/v2\/categories?post=19924"},{"taxonomy":"post_tag","embeddable":true,"href":"https:\/\/lasentinelle.dz\/index.php\/wp-json\/wp\/v2\/tags?post=19924"}],"curies":[{"name":"wp","href":"https:\/\/api.w.org\/{rel}","templated":true}]}}