{"id":19933,"date":"2022-04-18T00:05:00","date_gmt":"2022-04-17T23:05:00","guid":{"rendered":"https:\/\/lasentinelle.dz\/?p=19933"},"modified":"2022-04-17T16:11:37","modified_gmt":"2022-04-17T15:11:37","slug":"champions-league-africaine-le-crb-na-pas-resiste","status":"publish","type":"post","link":"https:\/\/lasentinelle.dz\/index.php\/2022\/04\/18\/champions-league-africaine-le-crb-na-pas-resiste\/","title":{"rendered":"Champions League africaine\u00a0\u00a0:\u00a0Le CRB n\u2019a pas r\u00e9sist\u00e9"},"content":{"rendered":"\n<p>La soir\u00e9e \u00e9tait, pourtant, prometteuse dans les gradins du stade du 5-Juillet, mais la copie rendue par les joueurs du Chabab de Belouizdad sur le rectangle&nbsp;vert&nbsp;n\u2019\u00e9tait pas \u00e0 la hauteur.&nbsp;<\/p>\n\n\n\n<p>Face&nbsp;au&nbsp;WA Casablanca, au match aller des quarts de finale de la Champions League africaine, l\u2019on s\u2019attendait \u00e0 un tout autre sc\u00e9nario, mais les Belouizdadis ont fini par s\u2019incliner (0-1). Le repr\u00e9sentant alg\u00e9rien b\u00e9n\u00e9ficiait de l\u2019apport de plusieurs milliers de ses supporters, qui ont retrouv\u00e9 les gradins apr\u00e8s presque 3 ans d\u2019absence. Une fois le match commenc\u00e9, les Marocains n\u2019ont pas \u00e9t\u00e9 g\u00e2t\u00e9s, puisque apr\u00e8s le recours \u00e0 la VAR, l\u2019arbitre brandit le carton rouge en direction de Daoudi, apr\u00e8s une faute sur Belkhir. Malgr\u00e9 tout cela, le match s\u2019ach\u00e8ve en faveur du WAC, gr\u00e2ce \u00e0 un but de Mbenza d\u00e8s le d\u00e9but de la seconde p\u00e9riode. La majeure partie de la rencontre a \u00e9t\u00e9 domin\u00e9e, certes, par les Belouizdadis, mais les adversaires ont su g\u00e9rer les d\u00e9bats, notamment apr\u00e8s avoir r\u00e9ussi \u00e0 trouver le chemin des filets. Par exc\u00e8s de pr\u00e9cipitation, les Alg\u00e9riens n\u2019ont pu trouver la faille, et ne doivent, d\u00e9sormais, s\u2019en prendr qu\u2019\u00e0 eux-m\u00eames.&nbsp;&nbsp;M\u00eame s\u2019ils ont \u00e9volu\u00e9 en inf\u00e9riorit\u00e9 num\u00e9rique, les Marocains n\u2019ont&nbsp;pas laiss\u00e9&nbsp;cela&nbsp;influer sur leur rendement. Bien au contraire, ils ont g\u00e9r\u00e9 les d\u00e9bats de la meilleure des mani\u00e8res, faisant dire aux supporters du Chabab que si leur \u00e9quipe avait jou\u00e9 le temps d\u2019un autre match, elle n\u2019aurait pas pu marquer. Karim Aribi, en pointe de l\u2019attaque, s\u2019illustrait par des balles perdues \u00e0 gogo, alors que dans l\u2019animation du jeu, les Alg\u00e9riens faisaient preuve de f\u00e9brilit\u00e9&nbsp;qui a fini par se retourner contre eux. Les deux milieux de terrain, Houssem Mrezigue et Hocine Selmi n\u2019apportaient&nbsp;pas&nbsp;l\u2019aide qu\u2019il fallait \u00e0 Zakaria Draoui, ce qui a oblig\u00e9 ce dernier \u00e0 revenir chaque fois en arri\u00e8re pour r\u00e9cup\u00e9rer la balle et la faire monter en attaque. Les deux lat\u00e9raux, Chemseddine Nessakh et Mokhtar Belkhither, eux, n\u2019ont pas apport\u00e9 le plus escompt\u00e9 \u00e0 l\u2019attaque, alors&nbsp;&nbsp;qu\u2019ils ont laiss\u00e9 plusieurs espaces en d\u00e9fense. Am\u00e8re est la d\u00e9faite, certes, mais il faut dire qu\u2019il reste encore une autre manche, samedi prochain \u00e0 23h \u00e0 Casablanca, durant laquelle le Chabab sera appel\u00e9 \u00e0 jouer son va-tout pour renverser la vapeur et valider son billet pour le carr\u00e9 d\u2019as pour la premi\u00e8re fois de son histoire.<\/p>\n\n\n\n<p><strong>Abderrahim Mahious<\/strong><\/p>\n","protected":false},"excerpt":{"rendered":"<p>La soir\u00e9e \u00e9tait, pourtant, prometteuse dans les gradins du stade du 5-Juillet, mais la copie rendue par les joueurs du<\/p>\n","protected":false},"author":3,"featured_media":19934,"comment_status":"open","ping_status":"closed","sticky":false,"template":"","format":"standard","meta":{"colormag_page_container_layout":"default_layout","colormag_page_sidebar_layout":"default_layout","om_disable_all_campaigns":false,"_monsterinsights_skip_tracking":false,"_monsterinsights_sitenote_active":false,"_monsterinsights_sitenote_note":"","_monsterinsights_sitenote_category":0,"footnotes":"","_wpscppro_dont_share_socialmedia":false,"_wpscppro_custom_social_share_image":0,"_facebook_share_type":"","_twitter_share_type":"","_linkedin_share_type":"","_pinterest_share_type":"","_linkedin_share_type_page":"","_instagram_share_type":"","_medium_share_type":"","_threads_share_type":"","_google_business_share_type":"","_selected_social_profile":[],"_wpsp_enable_custom_social_template":false,"_wpsp_social_scheduling":{"enabled":false,"datetime":null,"platforms":[],"status":"template_only","dateOption":"today","timeOption":"now","customDays":"","customHours":"","customDate":"","customTime":"","schedulingType":"absolute"},"_wpsp_active_default_template":true},"categories":[52,33],"tags":[],"class_list":["post-19933","post","type-post","status-publish","format-standard","has-post-thumbnail","hentry","category-a-la-une","category-sports"],"aioseo_notices":[],"yoast_head":"<!-- This site is optimized with the Yoast SEO plugin v27.5 - https:\/\/yoast.com\/product\/yoast-seo-wordpress\/ -->\n<title>Champions League africaine\u00a0\u00a0:\u00a0Le CRB n\u2019a pas r\u00e9sist\u00e9 - La Sentinelle<\/title>\n<meta name=\"robots\" content=\"index, follow, max-snippet:-1, max-image-preview:large, max-video-preview:-1\" \/>\n<link rel=\"canonical\" href=\"https:\/\/lasentinelle.dz\/index.php\/2022\/04\/18\/champions-league-africaine-le-crb-na-pas-resiste\/\" \/>\n<meta property=\"og:locale\" content=\"fr_FR\" \/>\n<meta property=\"og:type\" content=\"article\" \/>\n<meta property=\"og:title\" content=\"Champions League africaine\u00a0\u00a0:\u00a0Le CRB n\u2019a pas r\u00e9sist\u00e9 - La Sentinelle\" \/>\n<meta property=\"og:description\" content=\"La soir\u00e9e \u00e9tait, pourtant, prometteuse dans les gradins du stade du 5-Juillet, mais la copie rendue par les joueurs du\" \/>\n<meta property=\"og:url\" content=\"https:\/\/lasentinelle.dz\/index.php\/2022\/04\/18\/champions-league-africaine-le-crb-na-pas-resiste\/\" \/>\n<meta property=\"og:site_name\" content=\"La Sentinelle\" \/>\n<meta property=\"article:publisher\" content=\"https:\/\/www.facebook.com\/La-Sentinelle-104059864394773\" \/>\n<meta property=\"article:published_time\" content=\"2022-04-17T23:05:00+00:00\" \/>\n<meta property=\"og:image\" content=\"https:\/\/lasentinelle.dz\/wp-content\/uploads\/2022\/04\/CRBb.png\" \/>\n\t<meta property=\"og:image:width\" content=\"1075\" \/>\n\t<meta property=\"og:image:height\" content=\"900\" \/>\n\t<meta property=\"og:image:type\" content=\"image\/png\" \/>\n<meta name=\"author\" content=\"La Sentinelle\" \/>\n<meta name=\"twitter:card\" content=\"summary_large_image\" \/>\n<meta name=\"twitter:label1\" content=\"\u00c9crit par\" \/>\n\t<meta name=\"twitter:data1\" content=\"La Sentinelle\" \/>\n\t<meta name=\"twitter:label2\" content=\"Dur\u00e9e de lecture estim\u00e9e\" \/>\n\t<meta name=\"twitter:data2\" content=\"2 minutes\" \/>\n<script type=\"application\/ld+json\" class=\"yoast-schema-graph\">{\"@context\":\"https:\\\/\\\/schema.org\",\"@graph\":[{\"@type\":\"Article\",\"@id\":\"https:\\\/\\\/lasentinelle.dz\\\/index.php\\\/2022\\\/04\\\/18\\\/champions-league-africaine-le-crb-na-pas-resiste\\\/#article\",\"isPartOf\":{\"@id\":\"https:\\\/\\\/lasentinelle.dz\\\/index.php\\\/2022\\\/04\\\/18\\\/champions-league-africaine-le-crb-na-pas-resiste\\\/\"},\"author\":{\"name\":\"La Sentinelle\",\"@id\":\"https:\\\/\\\/lasentinelle.dz\\\/#\\\/schema\\\/person\\\/d865044e22e70a75174ce8bcad3acfb3\"},\"headline\":\"Champions League africaine\u00a0\u00a0:\u00a0Le CRB n\u2019a pas r\u00e9sist\u00e9\",\"datePublished\":\"2022-04-17T23:05:00+00:00\",\"mainEntityOfPage\":{\"@id\":\"https:\\\/\\\/lasentinelle.dz\\\/index.php\\\/2022\\\/04\\\/18\\\/champions-league-africaine-le-crb-na-pas-resiste\\\/\"},\"wordCount\":472,\"commentCount\":0,\"publisher\":{\"@id\":\"https:\\\/\\\/lasentinelle.dz\\\/#organization\"},\"image\":{\"@id\":\"https:\\\/\\\/lasentinelle.dz\\\/index.php\\\/2022\\\/04\\\/18\\\/champions-league-africaine-le-crb-na-pas-resiste\\\/#primaryimage\"},\"thumbnailUrl\":\"https:\\\/\\\/lasentinelle.dz\\\/wp-content\\\/uploads\\\/2022\\\/04\\\/CRBb.png\",\"articleSection\":[\"\u00c0 la Une\",\"Sports\"],\"inLanguage\":\"fr-FR\",\"potentialAction\":[{\"@type\":\"CommentAction\",\"name\":\"Comment\",\"target\":[\"https:\\\/\\\/lasentinelle.dz\\\/index.php\\\/2022\\\/04\\\/18\\\/champions-league-africaine-le-crb-na-pas-resiste\\\/#respond\"]}]},{\"@type\":\"WebPage\",\"@id\":\"https:\\\/\\\/lasentinelle.dz\\\/index.php\\\/2022\\\/04\\\/18\\\/champions-league-africaine-le-crb-na-pas-resiste\\\/\",\"url\":\"https:\\\/\\\/lasentinelle.dz\\\/index.php\\\/2022\\\/04\\\/18\\\/champions-league-africaine-le-crb-na-pas-resiste\\\/\",\"name\":\"Champions League africaine\u00a0\u00a0:\u00a0Le CRB n\u2019a pas r\u00e9sist\u00e9 - La Sentinelle\",\"isPartOf\":{\"@id\":\"https:\\\/\\\/lasentinelle.dz\\\/#website\"},\"primaryImageOfPage\":{\"@id\":\"https:\\\/\\\/lasentinelle.dz\\\/index.php\\\/2022\\\/04\\\/18\\\/champions-league-africaine-le-crb-na-pas-resiste\\\/#primaryimage\"},\"image\":{\"@id\":\"https:\\\/\\\/lasentinelle.dz\\\/index.php\\\/2022\\\/04\\\/18\\\/champions-league-africaine-le-crb-na-pas-resiste\\\/#primaryimage\"},\"thumbnailUrl\":\"https:\\\/\\\/lasentinelle.dz\\\/wp-content\\\/uploads\\\/2022\\\/04\\\/CRBb.png\",\"datePublished\":\"2022-04-17T23:05:00+00:00\",\"breadcrumb\":{\"@id\":\"https:\\\/\\\/lasentinelle.dz\\\/index.php\\\/2022\\\/04\\\/18\\\/champions-league-africaine-le-crb-na-pas-resiste\\\/#breadcrumb\"},\"inLanguage\":\"fr-FR\",\"potentialAction\":[{\"@type\":\"ReadAction\",\"target\":[\"https:\\\/\\\/lasentinelle.dz\\\/index.php\\\/2022\\\/04\\\/18\\\/champions-league-africaine-le-crb-na-pas-resiste\\\/\"]}]},{\"@type\":\"ImageObject\",\"inLanguage\":\"fr-FR\",\"@id\":\"https:\\\/\\\/lasentinelle.dz\\\/index.php\\\/2022\\\/04\\\/18\\\/champions-league-africaine-le-crb-na-pas-resiste\\\/#primaryimage\",\"url\":\"https:\\\/\\\/lasentinelle.dz\\\/wp-content\\\/uploads\\\/2022\\\/04\\\/CRBb.png\",\"contentUrl\":\"https:\\\/\\\/lasentinelle.dz\\\/wp-content\\\/uploads\\\/2022\\\/04\\\/CRBb.png\",\"width\":1075,\"height\":900},{\"@type\":\"BreadcrumbList\",\"@id\":\"https:\\\/\\\/lasentinelle.dz\\\/index.php\\\/2022\\\/04\\\/18\\\/champions-league-africaine-le-crb-na-pas-resiste\\\/#breadcrumb\",\"itemListElement\":[{\"@type\":\"ListItem\",\"position\":1,\"name\":\"Accueil\",\"item\":\"https:\\\/\\\/lasentinelle.dz\\\/\"},{\"@type\":\"ListItem\",\"position\":2,\"name\":\"Champions League africaine\u00a0\u00a0:\u00a0Le CRB n\u2019a pas r\u00e9sist\u00e9\"}]},{\"@type\":\"WebSite\",\"@id\":\"https:\\\/\\\/lasentinelle.dz\\\/#website\",\"url\":\"https:\\\/\\\/lasentinelle.dz\\\/\",\"name\":\"La Sentinelle\",\"description\":\"Quotidien national d&#039;information\",\"publisher\":{\"@id\":\"https:\\\/\\\/lasentinelle.dz\\\/#organization\"},\"potentialAction\":[{\"@type\":\"SearchAction\",\"target\":{\"@type\":\"EntryPoint\",\"urlTemplate\":\"https:\\\/\\\/lasentinelle.dz\\\/?s={search_term_string}\"},\"query-input\":{\"@type\":\"PropertyValueSpecification\",\"valueRequired\":true,\"valueName\":\"search_term_string\"}}],\"inLanguage\":\"fr-FR\"},{\"@type\":\"Organization\",\"@id\":\"https:\\\/\\\/lasentinelle.dz\\\/#organization\",\"name\":\"Quotidien La Sentinelle\",\"url\":\"https:\\\/\\\/lasentinelle.dz\\\/\",\"logo\":{\"@type\":\"ImageObject\",\"inLanguage\":\"fr-FR\",\"@id\":\"https:\\\/\\\/lasentinelle.dz\\\/#\\\/schema\\\/logo\\\/image\\\/\",\"url\":\"https:\\\/\\\/lasentinelle.dz\\\/wp-content\\\/uploads\\\/2021\\\/09\\\/logo-sentinelleSLOGAN-1.png\",\"contentUrl\":\"https:\\\/\\\/lasentinelle.dz\\\/wp-content\\\/uploads\\\/2021\\\/09\\\/logo-sentinelleSLOGAN-1.png\",\"width\":615,\"height\":142,\"caption\":\"Quotidien La Sentinelle\"},\"image\":{\"@id\":\"https:\\\/\\\/lasentinelle.dz\\\/#\\\/schema\\\/logo\\\/image\\\/\"},\"sameAs\":[\"https:\\\/\\\/www.facebook.com\\\/La-Sentinelle-104059864394773\"]},{\"@type\":\"Person\",\"@id\":\"https:\\\/\\\/lasentinelle.dz\\\/#\\\/schema\\\/person\\\/d865044e22e70a75174ce8bcad3acfb3\",\"name\":\"La Sentinelle\",\"image\":{\"@type\":\"ImageObject\",\"inLanguage\":\"fr-FR\",\"@id\":\"https:\\\/\\\/secure.gravatar.com\\\/avatar\\\/57de8e5d4b15d43fb361a71fbb36338450fe67865b528a43dd10ef7c51a20392?s=96&d=mm&r=g\",\"url\":\"https:\\\/\\\/secure.gravatar.com\\\/avatar\\\/57de8e5d4b15d43fb361a71fbb36338450fe67865b528a43dd10ef7c51a20392?s=96&d=mm&r=g\",\"contentUrl\":\"https:\\\/\\\/secure.gravatar.com\\\/avatar\\\/57de8e5d4b15d43fb361a71fbb36338450fe67865b528a43dd10ef7c51a20392?s=96&d=mm&r=g\",\"caption\":\"La Sentinelle\"},\"sameAs\":[\"http:\\\/\\\/www.lasentinelle.dz\"],\"url\":\"https:\\\/\\\/lasentinelle.dz\\\/author\\\/redaction\\\/\"}]}<\/script>\n<!-- \/ Yoast SEO plugin. -->","yoast_head_json":{"title":"Champions League africaine\u00a0\u00a0:\u00a0Le CRB n\u2019a pas r\u00e9sist\u00e9 - La Sentinelle","robots":{"index":"index","follow":"follow","max-snippet":"max-snippet:-1","max-image-preview":"max-image-preview:large","max-video-preview":"max-video-preview:-1"},"canonical":"https:\/\/lasentinelle.dz\/index.php\/2022\/04\/18\/champions-league-africaine-le-crb-na-pas-resiste\/","og_locale":"fr_FR","og_type":"article","og_title":"Champions League africaine\u00a0\u00a0:\u00a0Le CRB n\u2019a pas r\u00e9sist\u00e9 - La Sentinelle","og_description":"La soir\u00e9e \u00e9tait, pourtant, prometteuse dans les gradins du stade du 5-Juillet, mais la copie rendue par les joueurs du","og_url":"https:\/\/lasentinelle.dz\/index.php\/2022\/04\/18\/champions-league-africaine-le-crb-na-pas-resiste\/","og_site_name":"La Sentinelle","article_publisher":"https:\/\/www.facebook.com\/La-Sentinelle-104059864394773","article_published_time":"2022-04-17T23:05:00+00:00","og_image":[{"width":1075,"height":900,"url":"https:\/\/lasentinelle.dz\/wp-content\/uploads\/2022\/04\/CRBb.png","type":"image\/png"}],"author":"La Sentinelle","twitter_card":"summary_large_image","twitter_misc":{"\u00c9crit par":"La Sentinelle","Dur\u00e9e de lecture estim\u00e9e":"2 minutes"},"schema":{"@context":"https:\/\/schema.org","@graph":[{"@type":"Article","@id":"https:\/\/lasentinelle.dz\/index.php\/2022\/04\/18\/champions-league-africaine-le-crb-na-pas-resiste\/#article","isPartOf":{"@id":"https:\/\/lasentinelle.dz\/index.php\/2022\/04\/18\/champions-league-africaine-le-crb-na-pas-resiste\/"},"author":{"name":"La Sentinelle","@id":"https:\/\/lasentinelle.dz\/#\/schema\/person\/d865044e22e70a75174ce8bcad3acfb3"},"headline":"Champions League africaine\u00a0\u00a0:\u00a0Le CRB n\u2019a pas r\u00e9sist\u00e9","datePublished":"2022-04-17T23:05:00+00:00","mainEntityOfPage":{"@id":"https:\/\/lasentinelle.dz\/index.php\/2022\/04\/18\/champions-league-africaine-le-crb-na-pas-resiste\/"},"wordCount":472,"commentCount":0,"publisher":{"@id":"https:\/\/lasentinelle.dz\/#organization"},"image":{"@id":"https:\/\/lasentinelle.dz\/index.php\/2022\/04\/18\/champions-league-africaine-le-crb-na-pas-resiste\/#primaryimage"},"thumbnailUrl":"https:\/\/lasentinelle.dz\/wp-content\/uploads\/2022\/04\/CRBb.png","articleSection":["\u00c0 la Une","Sports"],"inLanguage":"fr-FR","potentialAction":[{"@type":"CommentAction","name":"Comment","target":["https:\/\/lasentinelle.dz\/index.php\/2022\/04\/18\/champions-league-africaine-le-crb-na-pas-resiste\/#respond"]}]},{"@type":"WebPage","@id":"https:\/\/lasentinelle.dz\/index.php\/2022\/04\/18\/champions-league-africaine-le-crb-na-pas-resiste\/","url":"https:\/\/lasentinelle.dz\/index.php\/2022\/04\/18\/champions-league-africaine-le-crb-na-pas-resiste\/","name":"Champions League africaine\u00a0\u00a0:\u00a0Le CRB n\u2019a pas r\u00e9sist\u00e9 - La Sentinelle","isPartOf":{"@id":"https:\/\/lasentinelle.dz\/#website"},"primaryImageOfPage":{"@id":"https:\/\/lasentinelle.dz\/index.php\/2022\/04\/18\/champions-league-africaine-le-crb-na-pas-resiste\/#primaryimage"},"image":{"@id":"https:\/\/lasentinelle.dz\/index.php\/2022\/04\/18\/champions-league-africaine-le-crb-na-pas-resiste\/#primaryimage"},"thumbnailUrl":"https:\/\/lasentinelle.dz\/wp-content\/uploads\/2022\/04\/CRBb.png","datePublished":"2022-04-17T23:05:00+00:00","breadcrumb":{"@id":"https:\/\/lasentinelle.dz\/index.php\/2022\/04\/18\/champions-league-africaine-le-crb-na-pas-resiste\/#breadcrumb"},"inLanguage":"fr-FR","potentialAction":[{"@type":"ReadAction","target":["https:\/\/lasentinelle.dz\/index.php\/2022\/04\/18\/champions-league-africaine-le-crb-na-pas-resiste\/"]}]},{"@type":"ImageObject","inLanguage":"fr-FR","@id":"https:\/\/lasentinelle.dz\/index.php\/2022\/04\/18\/champions-league-africaine-le-crb-na-pas-resiste\/#primaryimage","url":"https:\/\/lasentinelle.dz\/wp-content\/uploads\/2022\/04\/CRBb.png","contentUrl":"https:\/\/lasentinelle.dz\/wp-content\/uploads\/2022\/04\/CRBb.png","width":1075,"height":900},{"@type":"BreadcrumbList","@id":"https:\/\/lasentinelle.dz\/index.php\/2022\/04\/18\/champions-league-africaine-le-crb-na-pas-resiste\/#breadcrumb","itemListElement":[{"@type":"ListItem","position":1,"name":"Accueil","item":"https:\/\/lasentinelle.dz\/"},{"@type":"ListItem","position":2,"name":"Champions League africaine\u00a0\u00a0:\u00a0Le CRB n\u2019a pas r\u00e9sist\u00e9"}]},{"@type":"WebSite","@id":"https:\/\/lasentinelle.dz\/#website","url":"https:\/\/lasentinelle.dz\/","name":"La Sentinelle","description":"Quotidien national d&#039;information","publisher":{"@id":"https:\/\/lasentinelle.dz\/#organization"},"potentialAction":[{"@type":"SearchAction","target":{"@type":"EntryPoint","urlTemplate":"https:\/\/lasentinelle.dz\/?s={search_term_string}"},"query-input":{"@type":"PropertyValueSpecification","valueRequired":true,"valueName":"search_term_string"}}],"inLanguage":"fr-FR"},{"@type":"Organization","@id":"https:\/\/lasentinelle.dz\/#organization","name":"Quotidien La Sentinelle","url":"https:\/\/lasentinelle.dz\/","logo":{"@type":"ImageObject","inLanguage":"fr-FR","@id":"https:\/\/lasentinelle.dz\/#\/schema\/logo\/image\/","url":"https:\/\/lasentinelle.dz\/wp-content\/uploads\/2021\/09\/logo-sentinelleSLOGAN-1.png","contentUrl":"https:\/\/lasentinelle.dz\/wp-content\/uploads\/2021\/09\/logo-sentinelleSLOGAN-1.png","width":615,"height":142,"caption":"Quotidien La Sentinelle"},"image":{"@id":"https:\/\/lasentinelle.dz\/#\/schema\/logo\/image\/"},"sameAs":["https:\/\/www.facebook.com\/La-Sentinelle-104059864394773"]},{"@type":"Person","@id":"https:\/\/lasentinelle.dz\/#\/schema\/person\/d865044e22e70a75174ce8bcad3acfb3","name":"La Sentinelle","image":{"@type":"ImageObject","inLanguage":"fr-FR","@id":"https:\/\/secure.gravatar.com\/avatar\/57de8e5d4b15d43fb361a71fbb36338450fe67865b528a43dd10ef7c51a20392?s=96&d=mm&r=g","url":"https:\/\/secure.gravatar.com\/avatar\/57de8e5d4b15d43fb361a71fbb36338450fe67865b528a43dd10ef7c51a20392?s=96&d=mm&r=g","contentUrl":"https:\/\/secure.gravatar.com\/avatar\/57de8e5d4b15d43fb361a71fbb36338450fe67865b528a43dd10ef7c51a20392?s=96&d=mm&r=g","caption":"La Sentinelle"},"sameAs":["http:\/\/www.lasentinelle.dz"],"url":"https:\/\/lasentinelle.dz\/author\/redaction\/"}]}},"_links":{"self":[{"href":"https:\/\/lasentinelle.dz\/index.php\/wp-json\/wp\/v2\/posts\/19933","targetHints":{"allow":["GET"]}}],"collection":[{"href":"https:\/\/lasentinelle.dz\/index.php\/wp-json\/wp\/v2\/posts"}],"about":[{"href":"https:\/\/lasentinelle.dz\/index.php\/wp-json\/wp\/v2\/types\/post"}],"author":[{"embeddable":true,"href":"https:\/\/lasentinelle.dz\/index.php\/wp-json\/wp\/v2\/users\/3"}],"replies":[{"embeddable":true,"href":"https:\/\/lasentinelle.dz\/index.php\/wp-json\/wp\/v2\/comments?post=19933"}],"version-history":[{"count":1,"href":"https:\/\/lasentinelle.dz\/index.php\/wp-json\/wp\/v2\/posts\/19933\/revisions"}],"predecessor-version":[{"id":19935,"href":"https:\/\/lasentinelle.dz\/index.php\/wp-json\/wp\/v2\/posts\/19933\/revisions\/19935"}],"wp:featuredmedia":[{"embeddable":true,"href":"https:\/\/lasentinelle.dz\/index.php\/wp-json\/wp\/v2\/media\/19934"}],"wp:attachment":[{"href":"https:\/\/lasentinelle.dz\/index.php\/wp-json\/wp\/v2\/media?parent=19933"}],"wp:term":[{"taxonomy":"category","embeddable":true,"href":"https:\/\/lasentinelle.dz\/index.php\/wp-json\/wp\/v2\/categories?post=19933"},{"taxonomy":"post_tag","embeddable":true,"href":"https:\/\/lasentinelle.dz\/index.php\/wp-json\/wp\/v2\/tags?post=19933"}],"curies":[{"name":"wp","href":"https:\/\/api.w.org\/{rel}","templated":true}]}}