{"id":19940,"date":"2022-04-18T00:05:00","date_gmt":"2022-04-17T23:05:00","guid":{"rendered":"https:\/\/lasentinelle.dz\/?p=19940"},"modified":"2022-04-17T20:51:47","modified_gmt":"2022-04-17T19:51:47","slug":"afin-dencourager-la-production-locale-de-lait-un-nouveau-cahier-des-charges-pour-les-laiteries","status":"publish","type":"post","link":"https:\/\/lasentinelle.dz\/index.php\/2022\/04\/18\/afin-dencourager-la-production-locale-de-lait-un-nouveau-cahier-des-charges-pour-les-laiteries\/","title":{"rendered":"Afin d\u2019encourager la production locale de lait\u00a0: Un nouveau cahier des charges pour les laiteries"},"content":{"rendered":"\n<p>Des mesures seront prises afin de mettre fin aux tensions cycliques sur le march\u00e9 du lait subventionn\u00e9. C\u2019est dans ce contexte que l\u2019Office national interprofessionnel du lait annonce la r\u00e9vision prochaine du cahier des charges r\u00e9gissant l\u2019activit\u00e9 des laiteries.<\/p>\n\n\n\n<p>Invit\u00e9 \u00e0 s\u2019exprimer sur les ondes de la Radio alg\u00e9rienne, le Directeur g\u00e9n\u00e9ral de l\u2019Onil,&nbsp;Khaled Soualmia&nbsp;a indiqu\u00e9 hier que les laiteries seront tenues selon le nouveau cahier des charges \u00e0 fournir davantage d&rsquo;efforts en mati\u00e8re de collecte du lait cru en vue d&rsquo;augmenter la production du lait subventionn\u00e9 qui repose quasi totalement sur la poudre de lait import\u00e9e.&nbsp;&nbsp;Le nouveau cahier des charges permettra ainsi de mettre fin \u00e0 la pression enregistr\u00e9e actuellement en mati\u00e8re de distribution et de production du lait, a affirm\u00e9 M. Soualmia.&nbsp;<\/p>\n\n\n\n<p>Le DG de l&rsquo;Onil a appel\u00e9 les \u00e9leveurs \u00e0 la cr\u00e9ation de grandes coop\u00e9ratives agricoles d&rsquo;\u00e9levage de vaches d\u00e9passant les 1500 t\u00eates. L&rsquo;Alg\u00e9rie dispose de 230 laiteries publiques et priv\u00e9es, dont seulement 119 laiteries produisent du lait subventionn\u00e9, a-t-il rappel\u00e9 pr\u00e9cisant que l&rsquo;Office avait mis \u00e0 leur disposition 5000 tonnes de poudre de lait, ces six derniers mois, afin d&rsquo;\u00e9viter la p\u00e9nurie du lait subventionn\u00e9 et pasteuris\u00e9.<\/p>\n\n\n\n<p>\u00ab Quelques 5.000 tonnes de poudre de lait seront mobilis\u00e9es pour l\u2019approvisionnement des laiteries durant le premier semestre de l\u2019ann\u00e9e en cours \u00bb,&nbsp;selon M. Soualmia, qui a assur\u00e9&nbsp;que&nbsp;\u00ab l\u2019Alg\u00e9rie poss\u00e8de un stock strat\u00e9gique permettant de mobiliser des quantit\u00e9s suppl\u00e9mentaires sur le march\u00e9 \u00bb.&nbsp;\u00c9voquant les co\u00fbts de ces op\u00e9rations, M. Soualmia&nbsp;&nbsp;a fait savoir que \u00ab la couverture de la demande nationale exprim\u00e9e durant l\u2019ann\u00e9e 2021 a n\u00e9cessit\u00e9 la mobilisation d\u2019une enveloppe financi\u00e8re estim\u00e9e \u00e0 600 millions de dollars avec des pr\u00e9visions que celle-ci&nbsp;augmentecette ann\u00e9e&nbsp;d\u2019environ 10% au vue de l\u2019\u00e9volution de la situation sur la sc\u00e8ne internationale impactant grandement&nbsp;lesprix sur les march\u00e9s mondiaux \u00bb. Cette situation, estime-t-il, n\u00e9cessite de penser \u00ab \u00e0 mettre sur pied des fermes pilotes sp\u00e9cialis\u00e9es dans l\u2019\u00e9levage de vaches laiti\u00e8res et la production de lait de mani\u00e8re professionnelle. Une production qui appelle l\u2019utilisation de techniques et moyens modernes&nbsp;&nbsp;pour produire les quantit\u00e9s n\u00e9cessaires \u00bb.<\/p>\n\n\n\n<p>Toujours au chapitre du d\u00e9veloppement de cette fili\u00e8re et sa modernisation, le directeur de l\u2019Office nationale interprofessionnel du lait (ONIL) a estim\u00e9 que \u00ab la r\u00e9ussite de cette fili\u00e8re passe par la succ\u00e8s de la strat\u00e9gie nationale portant sur l\u2019int\u00e9gration de l\u2019utilisation du lait frais produit localement avec la poudre de lait import\u00e9e. Ce qui permettra de produire un lait d\u2019une meilleure qualit\u00e9 avec des prix plus bas, r\u00e9duisant ainsi la facture des importations \u00bb. Abordant justement la question de l\u2019importation de la poudre de lait, M. Soualmia a fait savoir que \u00ab l\u2019Office Interprofessionnel de Lait importe, chaque ann\u00e9e, deux cents mille tonnes pour un taux de 47 \u00e0 50% tandis que le reste de la demande nationale est couvert par les importations des laiteries priv\u00e9es \u00bb.&nbsp;<\/p>\n\n\n\n<p>Par ailleurs, le&nbsp;premier responsable de l\u2019Onil&nbsp;a expliqu\u00e9 que \u00ab la poudre import\u00e9e par l\u2019ONIL sert \u00e0 approvisionner les laiteries publiques et priv\u00e9es pour la production du lait pasteuris\u00e9 subventionn\u00e9 via une op\u00e9ration conduite par une commission minist\u00e9rielle charg\u00e9e de d\u00e9terminer les parts de chaque laiterie selon les besoins de chaque wilaya \u00bb. \u00ab Quelques 119 laiteries dont&nbsp;15&nbsp;laiteries publiques et 104 laiteries priv\u00e9es sont concern\u00e9es par cette op\u00e9ration \u00bb, a pr\u00e9cis\u00e9 M. Soualmia.<\/p>\n\n\n\n<p>Enfin, le directeur de l\u2019Onil&nbsp;s\u2019est f\u00e9licit\u00e9 des d\u00e9cisions prises par le dernier conseil des ministres sur instruction du pr\u00e9sident de la&nbsp;R\u00e9publique d\u2019augmenter les marges b\u00e9n\u00e9ficiaires des distributeurs et des producteurs de lait en sachet. Une d\u00e9cision, estimet-il, qui va sans nul doute encourager ces derniers \u00e0 augmenter leur production et satisfaire ainsi la demande nationale. Il a affirm\u00e9 le maintien du prix du lait subventionn\u00e9 \u00e0 25 DA, du fait que la marge b\u00e9n\u00e9ficiaire sera support\u00e9e par le Tr\u00e9sor public, rappelant que le minist\u00e8re de l&rsquo;Agriculture et du D\u00e9veloppement rural s&rsquo;attelait actuellement \u00e0 recenser le nombre et les races de vaches laiti\u00e8res.<\/p>\n\n\n\n<p><strong>Kamel Nait Ameur<\/strong><\/p>\n","protected":false},"excerpt":{"rendered":"<p>Des mesures seront prises afin de mettre fin aux tensions cycliques sur le march\u00e9 du lait subventionn\u00e9. C\u2019est dans ce<\/p>\n","protected":false},"author":3,"featured_media":19960,"comment_status":"open","ping_status":"closed","sticky":false,"template":"","format":"standard","meta":{"colormag_page_container_layout":"default_layout","colormag_page_sidebar_layout":"default_layout","om_disable_all_campaigns":false,"_monsterinsights_skip_tracking":false,"_monsterinsights_sitenote_active":false,"_monsterinsights_sitenote_note":"","_monsterinsights_sitenote_category":0,"footnotes":"","_wpscppro_dont_share_socialmedia":false,"_wpscppro_custom_social_share_image":0,"_facebook_share_type":"","_twitter_share_type":"","_linkedin_share_type":"","_pinterest_share_type":"","_linkedin_share_type_page":"","_instagram_share_type":"","_medium_share_type":"","_threads_share_type":"","_google_business_share_type":"","_selected_social_profile":[],"_wpsp_enable_custom_social_template":false,"_wpsp_social_scheduling":{"enabled":false,"datetime":null,"platforms":[],"status":"template_only","dateOption":"today","timeOption":"now","customDays":"","customHours":"","customDate":"","customTime":"","schedulingType":"absolute"},"_wpsp_active_default_template":true},"categories":[52,27],"tags":[],"class_list":["post-19940","post","type-post","status-publish","format-standard","has-post-thumbnail","hentry","category-a-la-une","category-actualite"],"aioseo_notices":[],"yoast_head":"<!-- This site is optimized with the Yoast SEO plugin v27.5 - https:\/\/yoast.com\/product\/yoast-seo-wordpress\/ -->\n<title>Afin d\u2019encourager la production locale de lait\u00a0: Un nouveau cahier des charges pour les laiteries - La Sentinelle<\/title>\n<meta name=\"robots\" content=\"index, follow, max-snippet:-1, max-image-preview:large, max-video-preview:-1\" \/>\n<link rel=\"canonical\" href=\"https:\/\/lasentinelle.dz\/index.php\/2022\/04\/18\/afin-dencourager-la-production-locale-de-lait-un-nouveau-cahier-des-charges-pour-les-laiteries\/\" \/>\n<meta property=\"og:locale\" content=\"fr_FR\" \/>\n<meta property=\"og:type\" content=\"article\" \/>\n<meta property=\"og:title\" content=\"Afin d\u2019encourager la production locale de lait\u00a0: Un nouveau cahier des charges pour les laiteries - La Sentinelle\" \/>\n<meta property=\"og:description\" content=\"Des mesures seront prises afin de mettre fin aux tensions cycliques sur le march\u00e9 du lait subventionn\u00e9. C\u2019est dans ce\" \/>\n<meta property=\"og:url\" content=\"https:\/\/lasentinelle.dz\/index.php\/2022\/04\/18\/afin-dencourager-la-production-locale-de-lait-un-nouveau-cahier-des-charges-pour-les-laiteries\/\" \/>\n<meta property=\"og:site_name\" content=\"La Sentinelle\" \/>\n<meta property=\"article:publisher\" content=\"https:\/\/www.facebook.com\/La-Sentinelle-104059864394773\" \/>\n<meta property=\"article:published_time\" content=\"2022-04-17T23:05:00+00:00\" \/>\n<meta property=\"og:image\" content=\"https:\/\/lasentinelle.dz\/wp-content\/uploads\/2022\/04\/lait-en-sachet-.png\" \/>\n\t<meta property=\"og:image:width\" content=\"1491\" \/>\n\t<meta property=\"og:image:height\" content=\"900\" \/>\n\t<meta property=\"og:image:type\" content=\"image\/png\" \/>\n<meta name=\"author\" content=\"La Sentinelle\" \/>\n<meta name=\"twitter:card\" content=\"summary_large_image\" \/>\n<meta name=\"twitter:label1\" content=\"\u00c9crit par\" \/>\n\t<meta name=\"twitter:data1\" content=\"La Sentinelle\" \/>\n\t<meta name=\"twitter:label2\" content=\"Dur\u00e9e de lecture estim\u00e9e\" \/>\n\t<meta name=\"twitter:data2\" content=\"4 minutes\" \/>\n<script type=\"application\/ld+json\" class=\"yoast-schema-graph\">{\"@context\":\"https:\\\/\\\/schema.org\",\"@graph\":[{\"@type\":\"Article\",\"@id\":\"https:\\\/\\\/lasentinelle.dz\\\/index.php\\\/2022\\\/04\\\/18\\\/afin-dencourager-la-production-locale-de-lait-un-nouveau-cahier-des-charges-pour-les-laiteries\\\/#article\",\"isPartOf\":{\"@id\":\"https:\\\/\\\/lasentinelle.dz\\\/index.php\\\/2022\\\/04\\\/18\\\/afin-dencourager-la-production-locale-de-lait-un-nouveau-cahier-des-charges-pour-les-laiteries\\\/\"},\"author\":{\"name\":\"La Sentinelle\",\"@id\":\"https:\\\/\\\/lasentinelle.dz\\\/#\\\/schema\\\/person\\\/d865044e22e70a75174ce8bcad3acfb3\"},\"headline\":\"Afin d\u2019encourager la production locale de lait\u00a0: Un nouveau cahier des charges pour les laiteries\",\"datePublished\":\"2022-04-17T23:05:00+00:00\",\"mainEntityOfPage\":{\"@id\":\"https:\\\/\\\/lasentinelle.dz\\\/index.php\\\/2022\\\/04\\\/18\\\/afin-dencourager-la-production-locale-de-lait-un-nouveau-cahier-des-charges-pour-les-laiteries\\\/\"},\"wordCount\":767,\"commentCount\":0,\"publisher\":{\"@id\":\"https:\\\/\\\/lasentinelle.dz\\\/#organization\"},\"image\":{\"@id\":\"https:\\\/\\\/lasentinelle.dz\\\/index.php\\\/2022\\\/04\\\/18\\\/afin-dencourager-la-production-locale-de-lait-un-nouveau-cahier-des-charges-pour-les-laiteries\\\/#primaryimage\"},\"thumbnailUrl\":\"https:\\\/\\\/lasentinelle.dz\\\/wp-content\\\/uploads\\\/2022\\\/04\\\/lait-en-sachet-.png\",\"articleSection\":[\"\u00c0 la Une\",\"Actualit\u00e9\"],\"inLanguage\":\"fr-FR\",\"potentialAction\":[{\"@type\":\"CommentAction\",\"name\":\"Comment\",\"target\":[\"https:\\\/\\\/lasentinelle.dz\\\/index.php\\\/2022\\\/04\\\/18\\\/afin-dencourager-la-production-locale-de-lait-un-nouveau-cahier-des-charges-pour-les-laiteries\\\/#respond\"]}]},{\"@type\":\"WebPage\",\"@id\":\"https:\\\/\\\/lasentinelle.dz\\\/index.php\\\/2022\\\/04\\\/18\\\/afin-dencourager-la-production-locale-de-lait-un-nouveau-cahier-des-charges-pour-les-laiteries\\\/\",\"url\":\"https:\\\/\\\/lasentinelle.dz\\\/index.php\\\/2022\\\/04\\\/18\\\/afin-dencourager-la-production-locale-de-lait-un-nouveau-cahier-des-charges-pour-les-laiteries\\\/\",\"name\":\"Afin d\u2019encourager la production locale de lait\u00a0: Un nouveau cahier des charges pour les laiteries - La Sentinelle\",\"isPartOf\":{\"@id\":\"https:\\\/\\\/lasentinelle.dz\\\/#website\"},\"primaryImageOfPage\":{\"@id\":\"https:\\\/\\\/lasentinelle.dz\\\/index.php\\\/2022\\\/04\\\/18\\\/afin-dencourager-la-production-locale-de-lait-un-nouveau-cahier-des-charges-pour-les-laiteries\\\/#primaryimage\"},\"image\":{\"@id\":\"https:\\\/\\\/lasentinelle.dz\\\/index.php\\\/2022\\\/04\\\/18\\\/afin-dencourager-la-production-locale-de-lait-un-nouveau-cahier-des-charges-pour-les-laiteries\\\/#primaryimage\"},\"thumbnailUrl\":\"https:\\\/\\\/lasentinelle.dz\\\/wp-content\\\/uploads\\\/2022\\\/04\\\/lait-en-sachet-.png\",\"datePublished\":\"2022-04-17T23:05:00+00:00\",\"breadcrumb\":{\"@id\":\"https:\\\/\\\/lasentinelle.dz\\\/index.php\\\/2022\\\/04\\\/18\\\/afin-dencourager-la-production-locale-de-lait-un-nouveau-cahier-des-charges-pour-les-laiteries\\\/#breadcrumb\"},\"inLanguage\":\"fr-FR\",\"potentialAction\":[{\"@type\":\"ReadAction\",\"target\":[\"https:\\\/\\\/lasentinelle.dz\\\/index.php\\\/2022\\\/04\\\/18\\\/afin-dencourager-la-production-locale-de-lait-un-nouveau-cahier-des-charges-pour-les-laiteries\\\/\"]}]},{\"@type\":\"ImageObject\",\"inLanguage\":\"fr-FR\",\"@id\":\"https:\\\/\\\/lasentinelle.dz\\\/index.php\\\/2022\\\/04\\\/18\\\/afin-dencourager-la-production-locale-de-lait-un-nouveau-cahier-des-charges-pour-les-laiteries\\\/#primaryimage\",\"url\":\"https:\\\/\\\/lasentinelle.dz\\\/wp-content\\\/uploads\\\/2022\\\/04\\\/lait-en-sachet-.png\",\"contentUrl\":\"https:\\\/\\\/lasentinelle.dz\\\/wp-content\\\/uploads\\\/2022\\\/04\\\/lait-en-sachet-.png\",\"width\":1491,\"height\":900},{\"@type\":\"BreadcrumbList\",\"@id\":\"https:\\\/\\\/lasentinelle.dz\\\/index.php\\\/2022\\\/04\\\/18\\\/afin-dencourager-la-production-locale-de-lait-un-nouveau-cahier-des-charges-pour-les-laiteries\\\/#breadcrumb\",\"itemListElement\":[{\"@type\":\"ListItem\",\"position\":1,\"name\":\"Accueil\",\"item\":\"https:\\\/\\\/lasentinelle.dz\\\/\"},{\"@type\":\"ListItem\",\"position\":2,\"name\":\"Afin d\u2019encourager la production locale de lait\u00a0: Un nouveau cahier des charges pour les laiteries\"}]},{\"@type\":\"WebSite\",\"@id\":\"https:\\\/\\\/lasentinelle.dz\\\/#website\",\"url\":\"https:\\\/\\\/lasentinelle.dz\\\/\",\"name\":\"La Sentinelle\",\"description\":\"Quotidien national d&#039;information\",\"publisher\":{\"@id\":\"https:\\\/\\\/lasentinelle.dz\\\/#organization\"},\"potentialAction\":[{\"@type\":\"SearchAction\",\"target\":{\"@type\":\"EntryPoint\",\"urlTemplate\":\"https:\\\/\\\/lasentinelle.dz\\\/?s={search_term_string}\"},\"query-input\":{\"@type\":\"PropertyValueSpecification\",\"valueRequired\":true,\"valueName\":\"search_term_string\"}}],\"inLanguage\":\"fr-FR\"},{\"@type\":\"Organization\",\"@id\":\"https:\\\/\\\/lasentinelle.dz\\\/#organization\",\"name\":\"Quotidien La Sentinelle\",\"url\":\"https:\\\/\\\/lasentinelle.dz\\\/\",\"logo\":{\"@type\":\"ImageObject\",\"inLanguage\":\"fr-FR\",\"@id\":\"https:\\\/\\\/lasentinelle.dz\\\/#\\\/schema\\\/logo\\\/image\\\/\",\"url\":\"https:\\\/\\\/lasentinelle.dz\\\/wp-content\\\/uploads\\\/2021\\\/09\\\/logo-sentinelleSLOGAN-1.png\",\"contentUrl\":\"https:\\\/\\\/lasentinelle.dz\\\/wp-content\\\/uploads\\\/2021\\\/09\\\/logo-sentinelleSLOGAN-1.png\",\"width\":615,\"height\":142,\"caption\":\"Quotidien La Sentinelle\"},\"image\":{\"@id\":\"https:\\\/\\\/lasentinelle.dz\\\/#\\\/schema\\\/logo\\\/image\\\/\"},\"sameAs\":[\"https:\\\/\\\/www.facebook.com\\\/La-Sentinelle-104059864394773\"]},{\"@type\":\"Person\",\"@id\":\"https:\\\/\\\/lasentinelle.dz\\\/#\\\/schema\\\/person\\\/d865044e22e70a75174ce8bcad3acfb3\",\"name\":\"La Sentinelle\",\"image\":{\"@type\":\"ImageObject\",\"inLanguage\":\"fr-FR\",\"@id\":\"https:\\\/\\\/secure.gravatar.com\\\/avatar\\\/57de8e5d4b15d43fb361a71fbb36338450fe67865b528a43dd10ef7c51a20392?s=96&d=mm&r=g\",\"url\":\"https:\\\/\\\/secure.gravatar.com\\\/avatar\\\/57de8e5d4b15d43fb361a71fbb36338450fe67865b528a43dd10ef7c51a20392?s=96&d=mm&r=g\",\"contentUrl\":\"https:\\\/\\\/secure.gravatar.com\\\/avatar\\\/57de8e5d4b15d43fb361a71fbb36338450fe67865b528a43dd10ef7c51a20392?s=96&d=mm&r=g\",\"caption\":\"La Sentinelle\"},\"sameAs\":[\"http:\\\/\\\/www.lasentinelle.dz\"],\"url\":\"https:\\\/\\\/lasentinelle.dz\\\/author\\\/redaction\\\/\"}]}<\/script>\n<!-- \/ Yoast SEO plugin. -->","yoast_head_json":{"title":"Afin d\u2019encourager la production locale de lait\u00a0: Un nouveau cahier des charges pour les laiteries - La Sentinelle","robots":{"index":"index","follow":"follow","max-snippet":"max-snippet:-1","max-image-preview":"max-image-preview:large","max-video-preview":"max-video-preview:-1"},"canonical":"https:\/\/lasentinelle.dz\/index.php\/2022\/04\/18\/afin-dencourager-la-production-locale-de-lait-un-nouveau-cahier-des-charges-pour-les-laiteries\/","og_locale":"fr_FR","og_type":"article","og_title":"Afin d\u2019encourager la production locale de lait\u00a0: Un nouveau cahier des charges pour les laiteries - La Sentinelle","og_description":"Des mesures seront prises afin de mettre fin aux tensions cycliques sur le march\u00e9 du lait subventionn\u00e9. C\u2019est dans ce","og_url":"https:\/\/lasentinelle.dz\/index.php\/2022\/04\/18\/afin-dencourager-la-production-locale-de-lait-un-nouveau-cahier-des-charges-pour-les-laiteries\/","og_site_name":"La Sentinelle","article_publisher":"https:\/\/www.facebook.com\/La-Sentinelle-104059864394773","article_published_time":"2022-04-17T23:05:00+00:00","og_image":[{"width":1491,"height":900,"url":"https:\/\/lasentinelle.dz\/wp-content\/uploads\/2022\/04\/lait-en-sachet-.png","type":"image\/png"}],"author":"La Sentinelle","twitter_card":"summary_large_image","twitter_misc":{"\u00c9crit par":"La Sentinelle","Dur\u00e9e de lecture estim\u00e9e":"4 minutes"},"schema":{"@context":"https:\/\/schema.org","@graph":[{"@type":"Article","@id":"https:\/\/lasentinelle.dz\/index.php\/2022\/04\/18\/afin-dencourager-la-production-locale-de-lait-un-nouveau-cahier-des-charges-pour-les-laiteries\/#article","isPartOf":{"@id":"https:\/\/lasentinelle.dz\/index.php\/2022\/04\/18\/afin-dencourager-la-production-locale-de-lait-un-nouveau-cahier-des-charges-pour-les-laiteries\/"},"author":{"name":"La Sentinelle","@id":"https:\/\/lasentinelle.dz\/#\/schema\/person\/d865044e22e70a75174ce8bcad3acfb3"},"headline":"Afin d\u2019encourager la production locale de lait\u00a0: Un nouveau cahier des charges pour les laiteries","datePublished":"2022-04-17T23:05:00+00:00","mainEntityOfPage":{"@id":"https:\/\/lasentinelle.dz\/index.php\/2022\/04\/18\/afin-dencourager-la-production-locale-de-lait-un-nouveau-cahier-des-charges-pour-les-laiteries\/"},"wordCount":767,"commentCount":0,"publisher":{"@id":"https:\/\/lasentinelle.dz\/#organization"},"image":{"@id":"https:\/\/lasentinelle.dz\/index.php\/2022\/04\/18\/afin-dencourager-la-production-locale-de-lait-un-nouveau-cahier-des-charges-pour-les-laiteries\/#primaryimage"},"thumbnailUrl":"https:\/\/lasentinelle.dz\/wp-content\/uploads\/2022\/04\/lait-en-sachet-.png","articleSection":["\u00c0 la Une","Actualit\u00e9"],"inLanguage":"fr-FR","potentialAction":[{"@type":"CommentAction","name":"Comment","target":["https:\/\/lasentinelle.dz\/index.php\/2022\/04\/18\/afin-dencourager-la-production-locale-de-lait-un-nouveau-cahier-des-charges-pour-les-laiteries\/#respond"]}]},{"@type":"WebPage","@id":"https:\/\/lasentinelle.dz\/index.php\/2022\/04\/18\/afin-dencourager-la-production-locale-de-lait-un-nouveau-cahier-des-charges-pour-les-laiteries\/","url":"https:\/\/lasentinelle.dz\/index.php\/2022\/04\/18\/afin-dencourager-la-production-locale-de-lait-un-nouveau-cahier-des-charges-pour-les-laiteries\/","name":"Afin d\u2019encourager la production locale de lait\u00a0: Un nouveau cahier des charges pour les laiteries - La Sentinelle","isPartOf":{"@id":"https:\/\/lasentinelle.dz\/#website"},"primaryImageOfPage":{"@id":"https:\/\/lasentinelle.dz\/index.php\/2022\/04\/18\/afin-dencourager-la-production-locale-de-lait-un-nouveau-cahier-des-charges-pour-les-laiteries\/#primaryimage"},"image":{"@id":"https:\/\/lasentinelle.dz\/index.php\/2022\/04\/18\/afin-dencourager-la-production-locale-de-lait-un-nouveau-cahier-des-charges-pour-les-laiteries\/#primaryimage"},"thumbnailUrl":"https:\/\/lasentinelle.dz\/wp-content\/uploads\/2022\/04\/lait-en-sachet-.png","datePublished":"2022-04-17T23:05:00+00:00","breadcrumb":{"@id":"https:\/\/lasentinelle.dz\/index.php\/2022\/04\/18\/afin-dencourager-la-production-locale-de-lait-un-nouveau-cahier-des-charges-pour-les-laiteries\/#breadcrumb"},"inLanguage":"fr-FR","potentialAction":[{"@type":"ReadAction","target":["https:\/\/lasentinelle.dz\/index.php\/2022\/04\/18\/afin-dencourager-la-production-locale-de-lait-un-nouveau-cahier-des-charges-pour-les-laiteries\/"]}]},{"@type":"ImageObject","inLanguage":"fr-FR","@id":"https:\/\/lasentinelle.dz\/index.php\/2022\/04\/18\/afin-dencourager-la-production-locale-de-lait-un-nouveau-cahier-des-charges-pour-les-laiteries\/#primaryimage","url":"https:\/\/lasentinelle.dz\/wp-content\/uploads\/2022\/04\/lait-en-sachet-.png","contentUrl":"https:\/\/lasentinelle.dz\/wp-content\/uploads\/2022\/04\/lait-en-sachet-.png","width":1491,"height":900},{"@type":"BreadcrumbList","@id":"https:\/\/lasentinelle.dz\/index.php\/2022\/04\/18\/afin-dencourager-la-production-locale-de-lait-un-nouveau-cahier-des-charges-pour-les-laiteries\/#breadcrumb","itemListElement":[{"@type":"ListItem","position":1,"name":"Accueil","item":"https:\/\/lasentinelle.dz\/"},{"@type":"ListItem","position":2,"name":"Afin d\u2019encourager la production locale de lait\u00a0: Un nouveau cahier des charges pour les laiteries"}]},{"@type":"WebSite","@id":"https:\/\/lasentinelle.dz\/#website","url":"https:\/\/lasentinelle.dz\/","name":"La Sentinelle","description":"Quotidien national d&#039;information","publisher":{"@id":"https:\/\/lasentinelle.dz\/#organization"},"potentialAction":[{"@type":"SearchAction","target":{"@type":"EntryPoint","urlTemplate":"https:\/\/lasentinelle.dz\/?s={search_term_string}"},"query-input":{"@type":"PropertyValueSpecification","valueRequired":true,"valueName":"search_term_string"}}],"inLanguage":"fr-FR"},{"@type":"Organization","@id":"https:\/\/lasentinelle.dz\/#organization","name":"Quotidien La Sentinelle","url":"https:\/\/lasentinelle.dz\/","logo":{"@type":"ImageObject","inLanguage":"fr-FR","@id":"https:\/\/lasentinelle.dz\/#\/schema\/logo\/image\/","url":"https:\/\/lasentinelle.dz\/wp-content\/uploads\/2021\/09\/logo-sentinelleSLOGAN-1.png","contentUrl":"https:\/\/lasentinelle.dz\/wp-content\/uploads\/2021\/09\/logo-sentinelleSLOGAN-1.png","width":615,"height":142,"caption":"Quotidien La Sentinelle"},"image":{"@id":"https:\/\/lasentinelle.dz\/#\/schema\/logo\/image\/"},"sameAs":["https:\/\/www.facebook.com\/La-Sentinelle-104059864394773"]},{"@type":"Person","@id":"https:\/\/lasentinelle.dz\/#\/schema\/person\/d865044e22e70a75174ce8bcad3acfb3","name":"La Sentinelle","image":{"@type":"ImageObject","inLanguage":"fr-FR","@id":"https:\/\/secure.gravatar.com\/avatar\/57de8e5d4b15d43fb361a71fbb36338450fe67865b528a43dd10ef7c51a20392?s=96&d=mm&r=g","url":"https:\/\/secure.gravatar.com\/avatar\/57de8e5d4b15d43fb361a71fbb36338450fe67865b528a43dd10ef7c51a20392?s=96&d=mm&r=g","contentUrl":"https:\/\/secure.gravatar.com\/avatar\/57de8e5d4b15d43fb361a71fbb36338450fe67865b528a43dd10ef7c51a20392?s=96&d=mm&r=g","caption":"La Sentinelle"},"sameAs":["http:\/\/www.lasentinelle.dz"],"url":"https:\/\/lasentinelle.dz\/author\/redaction\/"}]}},"_links":{"self":[{"href":"https:\/\/lasentinelle.dz\/index.php\/wp-json\/wp\/v2\/posts\/19940","targetHints":{"allow":["GET"]}}],"collection":[{"href":"https:\/\/lasentinelle.dz\/index.php\/wp-json\/wp\/v2\/posts"}],"about":[{"href":"https:\/\/lasentinelle.dz\/index.php\/wp-json\/wp\/v2\/types\/post"}],"author":[{"embeddable":true,"href":"https:\/\/lasentinelle.dz\/index.php\/wp-json\/wp\/v2\/users\/3"}],"replies":[{"embeddable":true,"href":"https:\/\/lasentinelle.dz\/index.php\/wp-json\/wp\/v2\/comments?post=19940"}],"version-history":[{"count":1,"href":"https:\/\/lasentinelle.dz\/index.php\/wp-json\/wp\/v2\/posts\/19940\/revisions"}],"predecessor-version":[{"id":19963,"href":"https:\/\/lasentinelle.dz\/index.php\/wp-json\/wp\/v2\/posts\/19940\/revisions\/19963"}],"wp:featuredmedia":[{"embeddable":true,"href":"https:\/\/lasentinelle.dz\/index.php\/wp-json\/wp\/v2\/media\/19960"}],"wp:attachment":[{"href":"https:\/\/lasentinelle.dz\/index.php\/wp-json\/wp\/v2\/media?parent=19940"}],"wp:term":[{"taxonomy":"category","embeddable":true,"href":"https:\/\/lasentinelle.dz\/index.php\/wp-json\/wp\/v2\/categories?post=19940"},{"taxonomy":"post_tag","embeddable":true,"href":"https:\/\/lasentinelle.dz\/index.php\/wp-json\/wp\/v2\/tags?post=19940"}],"curies":[{"name":"wp","href":"https:\/\/api.w.org\/{rel}","templated":true}]}}