{"id":19946,"date":"2022-04-18T00:05:00","date_gmt":"2022-04-17T23:05:00","guid":{"rendered":"https:\/\/lasentinelle.dz\/?p=19946"},"modified":"2022-04-17T20:52:12","modified_gmt":"2022-04-17T19:52:12","slug":"multiplication-des-commerces-informels-durant-le-ramadhan-gare-aux-intoxications-alimentaires","status":"publish","type":"post","link":"https:\/\/lasentinelle.dz\/index.php\/2022\/04\/18\/multiplication-des-commerces-informels-durant-le-ramadhan-gare-aux-intoxications-alimentaires\/","title":{"rendered":"Multiplication des commerces informels durant le Ramadhan\u00a0: Gare aux intoxications alimentaires"},"content":{"rendered":"\n<p>L\u2019\u00e9conomie informelle en Alg\u00e9rie est le premier facteur de l\u2019augmentation des risques d\u2019intoxication alimentaire, durant le mois de Ramadhan.<\/p>\n\n\n\n<p>En effet, chaque mois de Ramadhan,&nbsp;le&nbsp;commerce informel&nbsp;conna\u00eet une prolif\u00e9ration particuli\u00e8re. Diff\u00e9rents produits&nbsp;&nbsp;de consommations de toutes qualit\u00e9s et de marques inconnues, sont mis en vente \u00e0 des prix all\u00e9chants. Depuis les confiseries, jusqu\u2019aux boissons, limonades et jus&nbsp;&nbsp;de diff\u00e9rentes marques, la plupart inconnues pour le consommateur, tout est expos\u00e9 \u00e0 m\u00eame les trottoirs. Outre ces produits, c\u2019est aussi, les dates, les g\u00e2teaux et certains produits laitiers qui sont expos\u00e9s dans des conditions d&rsquo;hygi\u00e8ne et sanitaires,&nbsp;pour&nbsp;le moins que l\u2019on puisse qualifier,&nbsp;d\u2019inacceptables. Ces vendeurs informels venus de tous bords pour investir les rues et les espaces publics, afin d\u2019\u00e9couler des produits de consommation, dont l\u2019unique \u00e9tiquette est la voix assourdissante des vendeurs, appellent&nbsp;les&nbsp;consommateurs&nbsp;\u00e0 ne pas rater&nbsp;l\u2019occasion.&nbsp;Le consommateur dont, le pouvoir d\u2019achat est fortement impact\u00e9 par la hausse des prix des produits de consommations, et sous l\u2019influence du je\u00fbne, se retrouve devant un produit,&nbsp;est une victime facile pour ce genre de pratiques qui font peser un risque r\u00e9el pour sa sant\u00e9. Une occasion pour ce consommateur de satisfaire un caprice Ramadanesque, sans pour autant se soucier de l\u2019origine du produit, sa date de p\u00e9remption entre autres donn\u00e9es, que le consommateur est cens\u00e9 conna\u00eetre. L\u2019insouciance, l\u2019indiff\u00e9rence&nbsp;&nbsp;&nbsp;et surtout l\u2019absence de culture relative aux informations port\u00e9es sur l\u2019emballage des produits alimentaires, sont \u00e9galement l\u2019autre facteur \u00e0 l\u2019origine de&nbsp;la multiplication des cas d\u2019intoxications alimentaires, notamment durant le Ramadhan.&nbsp;&nbsp;<\/p>\n\n\n\n<p>Les boissons, les jus&nbsp;et cherbet aux&nbsp;couleurs \u00e9tranges qui attirent&nbsp;les&nbsp;foules,&nbsp;sont les produits qui caract\u00e9risent le Ramadhan. Des&nbsp;boissons&nbsp;sp\u00e9ciales Ramadhan que l\u2019on&nbsp;retrouve sur les trottoirs et devant les entr\u00e9es des espaces de commerces. Ces produits qui attirent le consommateur ne semblent pas susciter une quelconque&nbsp;interrogation&nbsp;chez les services de contr\u00f4le ! Face \u00e0 de telles situations, la balle reste dans le camp&nbsp;des associations de consommateurs qui multiplient les campagnes de sensibilisation afin&nbsp;de mettre en garde contre ces produits&nbsp;\u00e0&nbsp;l\u2019origine inconnue.&nbsp;Les associations de protection des consommateurs se sont transform\u00e9es&nbsp;en un&nbsp;v\u00e9ritable&nbsp;filtre pour d\u00e9tecter tout ce qui \u00e9chappe aux mailles des services de contr\u00f4le de la qualit\u00e9 notamment. On cite \u00e0 ce titre l\u2019exemple de la mise en garde lanc\u00e9e par l\u2019APOCE, sur les dangers de la consommation de la&nbsp;\u00ab&nbsp;Zalabia&nbsp;\u00bb.&nbsp;&nbsp;Cette confiserie tr\u00e8s pris\u00e9e par les Alg\u00e9riens notamment durant le mois de Ramadhan, semble pr\u00e9senter un risque extr\u00eame pour la sant\u00e9 humaine. Selon&nbsp;&nbsp;la mise en garde publi\u00e9e sur sa page Facebook, l\u2019APOCE a r\u00e9v\u00e9l\u00e9 que la consommation de la&nbsp;Zalabia, augmente de fa\u00e7on importante les risques d\u2019atteinte au cancer. Un d\u00e9pliant de sensibilisation a \u00e9t\u00e9 con\u00e7u dans ce sens, explique que la consommation de ce produit&nbsp;qui&nbsp;contient des ingr\u00e9dients&nbsp;\u00e0 mettre&nbsp;au rebut,&nbsp;durant le ramadhan&nbsp;pr\u00e9sente un risque important pour la sant\u00e9. Selon la m\u00eame source, il s\u2019agit notamment&nbsp;de la farine blanche&nbsp;et de l\u2019huile v\u00e9g\u00e9taletransform\u00e9e, du sucre blanc concentr\u00e9 et du colorant alimentaire. Selon les explications apport\u00e9es par l\u2019APOCE, l\u2019huile cuite dans de l\u2019huile sous une haute temp\u00e9rature donne un produit canc\u00e9rig\u00e8ne connu sous le nom d&rsquo;acrylamide. Cette mol\u00e9cule est connue comme \u00e9tant un canc\u00e9rog\u00e8ne av\u00e9r\u00e9 par le centre international de recherches sur le cancer (CIRC). Ainsi, au moment o\u00f9 l\u2019APOCE appelle&nbsp;\u00e0 la r\u00e9duction autant que possible de la consommation de cette friandise, celle-ci est&nbsp;&nbsp;expos\u00e9e dans des conditions d\u2019hygi\u00e8ne et de conservation inappropri\u00e9es.&nbsp;<\/p>\n\n\n\n<p>Le mois de Ramadhan est le mois de la consommation par excellence et repr\u00e9sente une opportunit\u00e9 pour les activit\u00e9s commerciales de tous bords, notamment les activit\u00e9s informelles et ill\u00e9gales versant dans l\u2019alimentaire, lesquelles augmentent les risques d\u2019intoxications. Des affections provoqu\u00e9es&nbsp;par des produits fabriqu\u00e9s dans des ateliers clandestins, existant ici et l\u00e0 dans plusieurs wilayas du pays. Ces pratiques, \u0153uvres de personnes anim\u00e9es par le gain facile et rapide, non seulement \u00e9chappent au contr\u00f4le des services concern\u00e9s mais, prennent en otage la sant\u00e9 publique des consommateurs, le plus souvent victime d&rsquo;intoxications alimentaires mortelles.&nbsp;&nbsp;<\/p>\n\n\n\n<p><strong>Sofia Chahine&nbsp;&nbsp;<\/strong><\/p>\n","protected":false},"excerpt":{"rendered":"<p>L\u2019\u00e9conomie informelle en Alg\u00e9rie est le premier facteur de l\u2019augmentation des risques d\u2019intoxication alimentaire, durant le mois de Ramadhan. En<\/p>\n","protected":false},"author":3,"featured_media":19947,"comment_status":"open","ping_status":"closed","sticky":false,"template":"","format":"standard","meta":{"colormag_page_container_layout":"default_layout","colormag_page_sidebar_layout":"default_layout","om_disable_all_campaigns":false,"_monsterinsights_skip_tracking":false,"_monsterinsights_sitenote_active":false,"_monsterinsights_sitenote_note":"","_monsterinsights_sitenote_category":0,"footnotes":"","_wpscppro_dont_share_socialmedia":false,"_wpscppro_custom_social_share_image":0,"_facebook_share_type":"","_twitter_share_type":"","_linkedin_share_type":"","_pinterest_share_type":"","_linkedin_share_type_page":"","_instagram_share_type":"","_medium_share_type":"","_threads_share_type":"","_google_business_share_type":"","_selected_social_profile":[],"_wpsp_enable_custom_social_template":false,"_wpsp_social_scheduling":{"enabled":false,"datetime":null,"platforms":[],"status":"template_only","dateOption":"today","timeOption":"now","customDays":"","customHours":"","customDate":"","customTime":"","schedulingType":"absolute"},"_wpsp_active_default_template":true},"categories":[52,27],"tags":[],"class_list":["post-19946","post","type-post","status-publish","format-standard","has-post-thumbnail","hentry","category-a-la-une","category-actualite"],"aioseo_notices":[],"yoast_head":"<!-- This site is optimized with the Yoast SEO plugin v27.5 - https:\/\/yoast.com\/product\/yoast-seo-wordpress\/ -->\n<title>Multiplication des commerces informels durant le Ramadhan\u00a0: Gare aux intoxications alimentaires - La Sentinelle<\/title>\n<meta name=\"robots\" content=\"index, follow, max-snippet:-1, max-image-preview:large, max-video-preview:-1\" \/>\n<link rel=\"canonical\" href=\"https:\/\/lasentinelle.dz\/index.php\/2022\/04\/18\/multiplication-des-commerces-informels-durant-le-ramadhan-gare-aux-intoxications-alimentaires\/\" \/>\n<meta property=\"og:locale\" content=\"fr_FR\" \/>\n<meta property=\"og:type\" content=\"article\" \/>\n<meta property=\"og:title\" content=\"Multiplication des commerces informels durant le Ramadhan\u00a0: Gare aux intoxications alimentaires - La Sentinelle\" \/>\n<meta property=\"og:description\" content=\"L\u2019\u00e9conomie informelle en Alg\u00e9rie est le premier facteur de l\u2019augmentation des risques d\u2019intoxication alimentaire, durant le mois de Ramadhan. En\" \/>\n<meta property=\"og:url\" content=\"https:\/\/lasentinelle.dz\/index.php\/2022\/04\/18\/multiplication-des-commerces-informels-durant-le-ramadhan-gare-aux-intoxications-alimentaires\/\" \/>\n<meta property=\"og:site_name\" content=\"La Sentinelle\" \/>\n<meta property=\"article:publisher\" content=\"https:\/\/www.facebook.com\/La-Sentinelle-104059864394773\" \/>\n<meta property=\"article:published_time\" content=\"2022-04-17T23:05:00+00:00\" \/>\n<meta property=\"og:image\" content=\"https:\/\/lasentinelle.dz\/wp-content\/uploads\/2022\/04\/cherbet.png\" \/>\n\t<meta property=\"og:image:width\" content=\"1602\" \/>\n\t<meta property=\"og:image:height\" content=\"900\" \/>\n\t<meta property=\"og:image:type\" content=\"image\/png\" \/>\n<meta name=\"author\" content=\"La Sentinelle\" \/>\n<meta name=\"twitter:card\" content=\"summary_large_image\" \/>\n<meta name=\"twitter:label1\" content=\"\u00c9crit par\" \/>\n\t<meta name=\"twitter:data1\" content=\"La Sentinelle\" \/>\n\t<meta name=\"twitter:label2\" content=\"Dur\u00e9e de lecture estim\u00e9e\" \/>\n\t<meta name=\"twitter:data2\" content=\"4 minutes\" \/>\n<script type=\"application\/ld+json\" class=\"yoast-schema-graph\">{\"@context\":\"https:\\\/\\\/schema.org\",\"@graph\":[{\"@type\":\"Article\",\"@id\":\"https:\\\/\\\/lasentinelle.dz\\\/index.php\\\/2022\\\/04\\\/18\\\/multiplication-des-commerces-informels-durant-le-ramadhan-gare-aux-intoxications-alimentaires\\\/#article\",\"isPartOf\":{\"@id\":\"https:\\\/\\\/lasentinelle.dz\\\/index.php\\\/2022\\\/04\\\/18\\\/multiplication-des-commerces-informels-durant-le-ramadhan-gare-aux-intoxications-alimentaires\\\/\"},\"author\":{\"name\":\"La Sentinelle\",\"@id\":\"https:\\\/\\\/lasentinelle.dz\\\/#\\\/schema\\\/person\\\/d865044e22e70a75174ce8bcad3acfb3\"},\"headline\":\"Multiplication des commerces informels durant le Ramadhan\u00a0: Gare aux intoxications alimentaires\",\"datePublished\":\"2022-04-17T23:05:00+00:00\",\"mainEntityOfPage\":{\"@id\":\"https:\\\/\\\/lasentinelle.dz\\\/index.php\\\/2022\\\/04\\\/18\\\/multiplication-des-commerces-informels-durant-le-ramadhan-gare-aux-intoxications-alimentaires\\\/\"},\"wordCount\":840,\"commentCount\":0,\"publisher\":{\"@id\":\"https:\\\/\\\/lasentinelle.dz\\\/#organization\"},\"image\":{\"@id\":\"https:\\\/\\\/lasentinelle.dz\\\/index.php\\\/2022\\\/04\\\/18\\\/multiplication-des-commerces-informels-durant-le-ramadhan-gare-aux-intoxications-alimentaires\\\/#primaryimage\"},\"thumbnailUrl\":\"https:\\\/\\\/lasentinelle.dz\\\/wp-content\\\/uploads\\\/2022\\\/04\\\/cherbet.png\",\"articleSection\":[\"\u00c0 la Une\",\"Actualit\u00e9\"],\"inLanguage\":\"fr-FR\",\"potentialAction\":[{\"@type\":\"CommentAction\",\"name\":\"Comment\",\"target\":[\"https:\\\/\\\/lasentinelle.dz\\\/index.php\\\/2022\\\/04\\\/18\\\/multiplication-des-commerces-informels-durant-le-ramadhan-gare-aux-intoxications-alimentaires\\\/#respond\"]}]},{\"@type\":\"WebPage\",\"@id\":\"https:\\\/\\\/lasentinelle.dz\\\/index.php\\\/2022\\\/04\\\/18\\\/multiplication-des-commerces-informels-durant-le-ramadhan-gare-aux-intoxications-alimentaires\\\/\",\"url\":\"https:\\\/\\\/lasentinelle.dz\\\/index.php\\\/2022\\\/04\\\/18\\\/multiplication-des-commerces-informels-durant-le-ramadhan-gare-aux-intoxications-alimentaires\\\/\",\"name\":\"Multiplication des commerces informels durant le Ramadhan\u00a0: Gare aux intoxications alimentaires - La Sentinelle\",\"isPartOf\":{\"@id\":\"https:\\\/\\\/lasentinelle.dz\\\/#website\"},\"primaryImageOfPage\":{\"@id\":\"https:\\\/\\\/lasentinelle.dz\\\/index.php\\\/2022\\\/04\\\/18\\\/multiplication-des-commerces-informels-durant-le-ramadhan-gare-aux-intoxications-alimentaires\\\/#primaryimage\"},\"image\":{\"@id\":\"https:\\\/\\\/lasentinelle.dz\\\/index.php\\\/2022\\\/04\\\/18\\\/multiplication-des-commerces-informels-durant-le-ramadhan-gare-aux-intoxications-alimentaires\\\/#primaryimage\"},\"thumbnailUrl\":\"https:\\\/\\\/lasentinelle.dz\\\/wp-content\\\/uploads\\\/2022\\\/04\\\/cherbet.png\",\"datePublished\":\"2022-04-17T23:05:00+00:00\",\"breadcrumb\":{\"@id\":\"https:\\\/\\\/lasentinelle.dz\\\/index.php\\\/2022\\\/04\\\/18\\\/multiplication-des-commerces-informels-durant-le-ramadhan-gare-aux-intoxications-alimentaires\\\/#breadcrumb\"},\"inLanguage\":\"fr-FR\",\"potentialAction\":[{\"@type\":\"ReadAction\",\"target\":[\"https:\\\/\\\/lasentinelle.dz\\\/index.php\\\/2022\\\/04\\\/18\\\/multiplication-des-commerces-informels-durant-le-ramadhan-gare-aux-intoxications-alimentaires\\\/\"]}]},{\"@type\":\"ImageObject\",\"inLanguage\":\"fr-FR\",\"@id\":\"https:\\\/\\\/lasentinelle.dz\\\/index.php\\\/2022\\\/04\\\/18\\\/multiplication-des-commerces-informels-durant-le-ramadhan-gare-aux-intoxications-alimentaires\\\/#primaryimage\",\"url\":\"https:\\\/\\\/lasentinelle.dz\\\/wp-content\\\/uploads\\\/2022\\\/04\\\/cherbet.png\",\"contentUrl\":\"https:\\\/\\\/lasentinelle.dz\\\/wp-content\\\/uploads\\\/2022\\\/04\\\/cherbet.png\",\"width\":1602,\"height\":900},{\"@type\":\"BreadcrumbList\",\"@id\":\"https:\\\/\\\/lasentinelle.dz\\\/index.php\\\/2022\\\/04\\\/18\\\/multiplication-des-commerces-informels-durant-le-ramadhan-gare-aux-intoxications-alimentaires\\\/#breadcrumb\",\"itemListElement\":[{\"@type\":\"ListItem\",\"position\":1,\"name\":\"Accueil\",\"item\":\"https:\\\/\\\/lasentinelle.dz\\\/\"},{\"@type\":\"ListItem\",\"position\":2,\"name\":\"Multiplication des commerces informels durant le Ramadhan\u00a0: Gare aux intoxications alimentaires\"}]},{\"@type\":\"WebSite\",\"@id\":\"https:\\\/\\\/lasentinelle.dz\\\/#website\",\"url\":\"https:\\\/\\\/lasentinelle.dz\\\/\",\"name\":\"La Sentinelle\",\"description\":\"Quotidien national d&#039;information\",\"publisher\":{\"@id\":\"https:\\\/\\\/lasentinelle.dz\\\/#organization\"},\"potentialAction\":[{\"@type\":\"SearchAction\",\"target\":{\"@type\":\"EntryPoint\",\"urlTemplate\":\"https:\\\/\\\/lasentinelle.dz\\\/?s={search_term_string}\"},\"query-input\":{\"@type\":\"PropertyValueSpecification\",\"valueRequired\":true,\"valueName\":\"search_term_string\"}}],\"inLanguage\":\"fr-FR\"},{\"@type\":\"Organization\",\"@id\":\"https:\\\/\\\/lasentinelle.dz\\\/#organization\",\"name\":\"Quotidien La Sentinelle\",\"url\":\"https:\\\/\\\/lasentinelle.dz\\\/\",\"logo\":{\"@type\":\"ImageObject\",\"inLanguage\":\"fr-FR\",\"@id\":\"https:\\\/\\\/lasentinelle.dz\\\/#\\\/schema\\\/logo\\\/image\\\/\",\"url\":\"https:\\\/\\\/lasentinelle.dz\\\/wp-content\\\/uploads\\\/2021\\\/09\\\/logo-sentinelleSLOGAN-1.png\",\"contentUrl\":\"https:\\\/\\\/lasentinelle.dz\\\/wp-content\\\/uploads\\\/2021\\\/09\\\/logo-sentinelleSLOGAN-1.png\",\"width\":615,\"height\":142,\"caption\":\"Quotidien La Sentinelle\"},\"image\":{\"@id\":\"https:\\\/\\\/lasentinelle.dz\\\/#\\\/schema\\\/logo\\\/image\\\/\"},\"sameAs\":[\"https:\\\/\\\/www.facebook.com\\\/La-Sentinelle-104059864394773\"]},{\"@type\":\"Person\",\"@id\":\"https:\\\/\\\/lasentinelle.dz\\\/#\\\/schema\\\/person\\\/d865044e22e70a75174ce8bcad3acfb3\",\"name\":\"La Sentinelle\",\"image\":{\"@type\":\"ImageObject\",\"inLanguage\":\"fr-FR\",\"@id\":\"https:\\\/\\\/secure.gravatar.com\\\/avatar\\\/57de8e5d4b15d43fb361a71fbb36338450fe67865b528a43dd10ef7c51a20392?s=96&d=mm&r=g\",\"url\":\"https:\\\/\\\/secure.gravatar.com\\\/avatar\\\/57de8e5d4b15d43fb361a71fbb36338450fe67865b528a43dd10ef7c51a20392?s=96&d=mm&r=g\",\"contentUrl\":\"https:\\\/\\\/secure.gravatar.com\\\/avatar\\\/57de8e5d4b15d43fb361a71fbb36338450fe67865b528a43dd10ef7c51a20392?s=96&d=mm&r=g\",\"caption\":\"La Sentinelle\"},\"sameAs\":[\"http:\\\/\\\/www.lasentinelle.dz\"],\"url\":\"https:\\\/\\\/lasentinelle.dz\\\/author\\\/redaction\\\/\"}]}<\/script>\n<!-- \/ Yoast SEO plugin. -->","yoast_head_json":{"title":"Multiplication des commerces informels durant le Ramadhan\u00a0: Gare aux intoxications alimentaires - La Sentinelle","robots":{"index":"index","follow":"follow","max-snippet":"max-snippet:-1","max-image-preview":"max-image-preview:large","max-video-preview":"max-video-preview:-1"},"canonical":"https:\/\/lasentinelle.dz\/index.php\/2022\/04\/18\/multiplication-des-commerces-informels-durant-le-ramadhan-gare-aux-intoxications-alimentaires\/","og_locale":"fr_FR","og_type":"article","og_title":"Multiplication des commerces informels durant le Ramadhan\u00a0: Gare aux intoxications alimentaires - La Sentinelle","og_description":"L\u2019\u00e9conomie informelle en Alg\u00e9rie est le premier facteur de l\u2019augmentation des risques d\u2019intoxication alimentaire, durant le mois de Ramadhan. En","og_url":"https:\/\/lasentinelle.dz\/index.php\/2022\/04\/18\/multiplication-des-commerces-informels-durant-le-ramadhan-gare-aux-intoxications-alimentaires\/","og_site_name":"La Sentinelle","article_publisher":"https:\/\/www.facebook.com\/La-Sentinelle-104059864394773","article_published_time":"2022-04-17T23:05:00+00:00","og_image":[{"width":1602,"height":900,"url":"https:\/\/lasentinelle.dz\/wp-content\/uploads\/2022\/04\/cherbet.png","type":"image\/png"}],"author":"La Sentinelle","twitter_card":"summary_large_image","twitter_misc":{"\u00c9crit par":"La Sentinelle","Dur\u00e9e de lecture estim\u00e9e":"4 minutes"},"schema":{"@context":"https:\/\/schema.org","@graph":[{"@type":"Article","@id":"https:\/\/lasentinelle.dz\/index.php\/2022\/04\/18\/multiplication-des-commerces-informels-durant-le-ramadhan-gare-aux-intoxications-alimentaires\/#article","isPartOf":{"@id":"https:\/\/lasentinelle.dz\/index.php\/2022\/04\/18\/multiplication-des-commerces-informels-durant-le-ramadhan-gare-aux-intoxications-alimentaires\/"},"author":{"name":"La Sentinelle","@id":"https:\/\/lasentinelle.dz\/#\/schema\/person\/d865044e22e70a75174ce8bcad3acfb3"},"headline":"Multiplication des commerces informels durant le Ramadhan\u00a0: Gare aux intoxications alimentaires","datePublished":"2022-04-17T23:05:00+00:00","mainEntityOfPage":{"@id":"https:\/\/lasentinelle.dz\/index.php\/2022\/04\/18\/multiplication-des-commerces-informels-durant-le-ramadhan-gare-aux-intoxications-alimentaires\/"},"wordCount":840,"commentCount":0,"publisher":{"@id":"https:\/\/lasentinelle.dz\/#organization"},"image":{"@id":"https:\/\/lasentinelle.dz\/index.php\/2022\/04\/18\/multiplication-des-commerces-informels-durant-le-ramadhan-gare-aux-intoxications-alimentaires\/#primaryimage"},"thumbnailUrl":"https:\/\/lasentinelle.dz\/wp-content\/uploads\/2022\/04\/cherbet.png","articleSection":["\u00c0 la Une","Actualit\u00e9"],"inLanguage":"fr-FR","potentialAction":[{"@type":"CommentAction","name":"Comment","target":["https:\/\/lasentinelle.dz\/index.php\/2022\/04\/18\/multiplication-des-commerces-informels-durant-le-ramadhan-gare-aux-intoxications-alimentaires\/#respond"]}]},{"@type":"WebPage","@id":"https:\/\/lasentinelle.dz\/index.php\/2022\/04\/18\/multiplication-des-commerces-informels-durant-le-ramadhan-gare-aux-intoxications-alimentaires\/","url":"https:\/\/lasentinelle.dz\/index.php\/2022\/04\/18\/multiplication-des-commerces-informels-durant-le-ramadhan-gare-aux-intoxications-alimentaires\/","name":"Multiplication des commerces informels durant le Ramadhan\u00a0: Gare aux intoxications alimentaires - La Sentinelle","isPartOf":{"@id":"https:\/\/lasentinelle.dz\/#website"},"primaryImageOfPage":{"@id":"https:\/\/lasentinelle.dz\/index.php\/2022\/04\/18\/multiplication-des-commerces-informels-durant-le-ramadhan-gare-aux-intoxications-alimentaires\/#primaryimage"},"image":{"@id":"https:\/\/lasentinelle.dz\/index.php\/2022\/04\/18\/multiplication-des-commerces-informels-durant-le-ramadhan-gare-aux-intoxications-alimentaires\/#primaryimage"},"thumbnailUrl":"https:\/\/lasentinelle.dz\/wp-content\/uploads\/2022\/04\/cherbet.png","datePublished":"2022-04-17T23:05:00+00:00","breadcrumb":{"@id":"https:\/\/lasentinelle.dz\/index.php\/2022\/04\/18\/multiplication-des-commerces-informels-durant-le-ramadhan-gare-aux-intoxications-alimentaires\/#breadcrumb"},"inLanguage":"fr-FR","potentialAction":[{"@type":"ReadAction","target":["https:\/\/lasentinelle.dz\/index.php\/2022\/04\/18\/multiplication-des-commerces-informels-durant-le-ramadhan-gare-aux-intoxications-alimentaires\/"]}]},{"@type":"ImageObject","inLanguage":"fr-FR","@id":"https:\/\/lasentinelle.dz\/index.php\/2022\/04\/18\/multiplication-des-commerces-informels-durant-le-ramadhan-gare-aux-intoxications-alimentaires\/#primaryimage","url":"https:\/\/lasentinelle.dz\/wp-content\/uploads\/2022\/04\/cherbet.png","contentUrl":"https:\/\/lasentinelle.dz\/wp-content\/uploads\/2022\/04\/cherbet.png","width":1602,"height":900},{"@type":"BreadcrumbList","@id":"https:\/\/lasentinelle.dz\/index.php\/2022\/04\/18\/multiplication-des-commerces-informels-durant-le-ramadhan-gare-aux-intoxications-alimentaires\/#breadcrumb","itemListElement":[{"@type":"ListItem","position":1,"name":"Accueil","item":"https:\/\/lasentinelle.dz\/"},{"@type":"ListItem","position":2,"name":"Multiplication des commerces informels durant le Ramadhan\u00a0: Gare aux intoxications alimentaires"}]},{"@type":"WebSite","@id":"https:\/\/lasentinelle.dz\/#website","url":"https:\/\/lasentinelle.dz\/","name":"La Sentinelle","description":"Quotidien national d&#039;information","publisher":{"@id":"https:\/\/lasentinelle.dz\/#organization"},"potentialAction":[{"@type":"SearchAction","target":{"@type":"EntryPoint","urlTemplate":"https:\/\/lasentinelle.dz\/?s={search_term_string}"},"query-input":{"@type":"PropertyValueSpecification","valueRequired":true,"valueName":"search_term_string"}}],"inLanguage":"fr-FR"},{"@type":"Organization","@id":"https:\/\/lasentinelle.dz\/#organization","name":"Quotidien La Sentinelle","url":"https:\/\/lasentinelle.dz\/","logo":{"@type":"ImageObject","inLanguage":"fr-FR","@id":"https:\/\/lasentinelle.dz\/#\/schema\/logo\/image\/","url":"https:\/\/lasentinelle.dz\/wp-content\/uploads\/2021\/09\/logo-sentinelleSLOGAN-1.png","contentUrl":"https:\/\/lasentinelle.dz\/wp-content\/uploads\/2021\/09\/logo-sentinelleSLOGAN-1.png","width":615,"height":142,"caption":"Quotidien La Sentinelle"},"image":{"@id":"https:\/\/lasentinelle.dz\/#\/schema\/logo\/image\/"},"sameAs":["https:\/\/www.facebook.com\/La-Sentinelle-104059864394773"]},{"@type":"Person","@id":"https:\/\/lasentinelle.dz\/#\/schema\/person\/d865044e22e70a75174ce8bcad3acfb3","name":"La Sentinelle","image":{"@type":"ImageObject","inLanguage":"fr-FR","@id":"https:\/\/secure.gravatar.com\/avatar\/57de8e5d4b15d43fb361a71fbb36338450fe67865b528a43dd10ef7c51a20392?s=96&d=mm&r=g","url":"https:\/\/secure.gravatar.com\/avatar\/57de8e5d4b15d43fb361a71fbb36338450fe67865b528a43dd10ef7c51a20392?s=96&d=mm&r=g","contentUrl":"https:\/\/secure.gravatar.com\/avatar\/57de8e5d4b15d43fb361a71fbb36338450fe67865b528a43dd10ef7c51a20392?s=96&d=mm&r=g","caption":"La Sentinelle"},"sameAs":["http:\/\/www.lasentinelle.dz"],"url":"https:\/\/lasentinelle.dz\/author\/redaction\/"}]}},"_links":{"self":[{"href":"https:\/\/lasentinelle.dz\/index.php\/wp-json\/wp\/v2\/posts\/19946","targetHints":{"allow":["GET"]}}],"collection":[{"href":"https:\/\/lasentinelle.dz\/index.php\/wp-json\/wp\/v2\/posts"}],"about":[{"href":"https:\/\/lasentinelle.dz\/index.php\/wp-json\/wp\/v2\/types\/post"}],"author":[{"embeddable":true,"href":"https:\/\/lasentinelle.dz\/index.php\/wp-json\/wp\/v2\/users\/3"}],"replies":[{"embeddable":true,"href":"https:\/\/lasentinelle.dz\/index.php\/wp-json\/wp\/v2\/comments?post=19946"}],"version-history":[{"count":1,"href":"https:\/\/lasentinelle.dz\/index.php\/wp-json\/wp\/v2\/posts\/19946\/revisions"}],"predecessor-version":[{"id":19948,"href":"https:\/\/lasentinelle.dz\/index.php\/wp-json\/wp\/v2\/posts\/19946\/revisions\/19948"}],"wp:featuredmedia":[{"embeddable":true,"href":"https:\/\/lasentinelle.dz\/index.php\/wp-json\/wp\/v2\/media\/19947"}],"wp:attachment":[{"href":"https:\/\/lasentinelle.dz\/index.php\/wp-json\/wp\/v2\/media?parent=19946"}],"wp:term":[{"taxonomy":"category","embeddable":true,"href":"https:\/\/lasentinelle.dz\/index.php\/wp-json\/wp\/v2\/categories?post=19946"},{"taxonomy":"post_tag","embeddable":true,"href":"https:\/\/lasentinelle.dz\/index.php\/wp-json\/wp\/v2\/tags?post=19946"}],"curies":[{"name":"wp","href":"https:\/\/api.w.org\/{rel}","templated":true}]}}