{"id":20058,"date":"2022-04-19T00:01:00","date_gmt":"2022-04-18T23:01:00","guid":{"rendered":"https:\/\/lasentinelle.dz\/?p=20058"},"modified":"2022-04-18T21:52:11","modified_gmt":"2022-04-18T20:52:11","slug":"rachid-nadil-president-de-larh-lalgerie-passera-dimportateur-a-exportateur-de-carburants","status":"publish","type":"post","link":"https:\/\/lasentinelle.dz\/index.php\/2022\/04\/19\/rachid-nadil-president-de-larh-lalgerie-passera-dimportateur-a-exportateur-de-carburants\/","title":{"rendered":"Rachid Nadil, pr\u00e9sident de l\u2019ARH\u00a0: \u00ab\u00a0L\u2019Alg\u00e9rie passera d\u2019importateur \u00e0 exportateur de carburants\u00a0\u00bb"},"content":{"rendered":"\n<p>La suppression de l\u2019essence&nbsp;Super et&nbsp;Normale a induit une baisse de la facture de l\u2019importation, selon&nbsp;&nbsp;le pr\u00e9sident&nbsp;&nbsp;de l&rsquo;Autorit\u00e9 de r\u00e9gulation des hydrocarbures (ARH), Rachid Nadil.<\/p>\n\n\n\n<p>Soulignant la baisse du taux de consommation nationale de carburant de 0,6% par rapport \u00e0 l\u2019ann\u00e9e pass\u00e9e avec la consommation de l\u2019\u00e9quivalent de 3,2 millions de tonnes d\u2019essences et 9,7 millions de tonnes de gasoil, le pr\u00e9sident&nbsp;&nbsp;de l&rsquo;Autorit\u00e9 de r\u00e9gulation des hydrocarbures (ARH), Rachid Nadil a indiqu\u00e9&nbsp;lors de sa participation aux d\u00e9bats du quotidien&nbsp;Echaab que \u00ab la consommation nationale d\u2019essence durant le premier trimestre de l\u2019ann\u00e9e en cours est estim\u00e9e \u00e0 800 000 tonnes tandis que la consommation du gasoil est, elle, \u00e9valu\u00e9e \u00e0 4,2 millions de tonnes \u00bb.<\/p>\n\n\n\n<p>M. Nadil a \u00e9galement mis l\u2019accent sur \u00ab l\u2019importance de la d\u00e9cision d\u2019unifier les vari\u00e9t\u00e9s d\u2019essence mises sur le march\u00e9 dans la r\u00e9duction de la facture des importations,&nbsp;bien que&nbsp;&nbsp;la d\u00e9cision de suppression de la vente de l\u2019essence super et normal pour ne laisser que le&nbsp;sans plomb vise aussi \u00e0 la protection de l\u2019environnement \u00bb. En effet, ajoute-t-il, \u00ab l\u2019importation&nbsp;&nbsp;de l\u2019\u00e9quivalent d\u2019un million de tonnes de ces produits co\u00fbtait chaque ann\u00e9e&nbsp;&nbsp;2 milliards de dollars&nbsp;au Tr\u00e9sor public&nbsp;\u00bb. S\u2019\u00e9talant plus sur le volet environnemental, le&nbsp;&nbsp;pr\u00e9sident&nbsp;&nbsp;de l&rsquo;Autorit\u00e9 de r\u00e9gulation des hydrocarbures fera savoir que \u00ab&nbsp;&nbsp;l\u2019essence avec plomb est tr\u00e8s nocive pour la sant\u00e9 parce qu\u2019il contient des particules canc\u00e9rig\u00e8nes et agit n\u00e9gativement sur le cerveau des enfants qui sont \u00e0 cause de ce produit moins intelligents et moins concentr\u00e9s \u00bb.&nbsp;\u00ab L\u2019Alg\u00e9rie deviendra, dans les prochaines ann\u00e9es, un pays exportateur de carburant&nbsp;\u00bb,&nbsp;a assur\u00e9 le m\u00eame responsable qui a expliqu\u00e9 que&nbsp;\u00ab&nbsp;cet objectif sera atteint une fois le projet de la raffinerie de Hassi Messaoud est r\u00e9ceptionn\u00e9e&nbsp;\u00bb. \u00ab Cette&nbsp;raffinerie&nbsp;qui sera d\u2019une capacit\u00e9 de production de 5 millions de tonnes permettra de r\u00e9aliser l\u2019autosuffisance et de passer \u00e0 l\u2019exportation du surplus \u00bb, assure-t-il,&nbsp;tout en rappelant l\u2019exp\u00e9rience lanc\u00e9e dans l\u2019exportation de carburant puis arr\u00eat\u00e9 non pas \u00e0 cause du manque de production mais plut\u00f4t due \u00e0 l\u2019impact de la pand\u00e9mie du Covid 19 sur le transport international.<\/p>\n\n\n\n<p>Le volet de&nbsp;la distribution&nbsp;dans ce domaine n\u2019a pas \u00e9t\u00e9 absent de l\u2019intervention de M. Nadil qui a fait savoir que \u00ab son organisme est actuellement en cours d\u2019\u00e9tude de demande d\u2019autorisation pour des activit\u00e9s de stockage et de distribution de produits p\u00e9troliers dont notamment des stations de vente des lubrifiants et des stations de transformation des huiles et de distribution de carburant dont 90% concernent des demandes de stations de ventes de carburant&nbsp;\u00bb. Le pr\u00e9sident de de l&rsquo;Autorit\u00e9 de r\u00e9gulation des hydrocarbures \u00e9voquera \u00e9galement le projet de voiture \u00e9lectrique fabriqu\u00e9e en Alg\u00e9rie en affirmant que \u00ab son organisme suit avec int\u00e9r\u00eat son \u00e9volution pour son importance dans l\u2019optique de fabrication de pi\u00e8ces destin\u00e9es \u00e0 ce genre&nbsp;de v\u00e9hicules&nbsp;\u00bb.<\/p>\n\n\n\n<p>Enfin, M. Nadil fera savoir que \u00ab le parc automobile utilisant le GPL (SIRGHAZ) compte aujourd\u2019hui quelque 500.000v\u00e9hicules alors qu\u2019il ne comptait en 2020 que&nbsp;400.00&nbsp;v\u00e9hicules \u00bb. Durant le premier trimestre de l\u2019ann\u00e9e 2022 en cours, ce parc a consomm\u00e9 quelque 350.000&nbsp;tonnes de GPL.&nbsp;<\/p>\n\n\n\n<p><strong>Kamel Nait Ameur<\/strong><\/p>\n","protected":false},"excerpt":{"rendered":"<p>La suppression de l\u2019essence&nbsp;Super et&nbsp;Normale a induit une baisse de la facture de l\u2019importation, selon&nbsp;&nbsp;le pr\u00e9sident&nbsp;&nbsp;de l&rsquo;Autorit\u00e9 de r\u00e9gulation des<\/p>\n","protected":false},"author":3,"featured_media":20059,"comment_status":"open","ping_status":"closed","sticky":false,"template":"","format":"standard","meta":{"colormag_page_container_layout":"default_layout","colormag_page_sidebar_layout":"default_layout","om_disable_all_campaigns":false,"_monsterinsights_skip_tracking":false,"_monsterinsights_sitenote_active":false,"_monsterinsights_sitenote_note":"","_monsterinsights_sitenote_category":0,"footnotes":"","_wpscppro_dont_share_socialmedia":false,"_wpscppro_custom_social_share_image":0,"_facebook_share_type":"","_twitter_share_type":"","_linkedin_share_type":"","_pinterest_share_type":"","_linkedin_share_type_page":"","_instagram_share_type":"","_medium_share_type":"","_threads_share_type":"","_google_business_share_type":"","_selected_social_profile":[],"_wpsp_enable_custom_social_template":false,"_wpsp_social_scheduling":{"enabled":false,"datetime":null,"platforms":[],"status":"template_only","dateOption":"today","timeOption":"now","customDays":"","customHours":"","customDate":"","customTime":"","schedulingType":"absolute"},"_wpsp_active_default_template":true},"categories":[29],"tags":[],"class_list":["post-20058","post","type-post","status-publish","format-standard","has-post-thumbnail","hentry","category-economie"],"aioseo_notices":[],"yoast_head":"<!-- This site is optimized with the Yoast SEO plugin v27.5 - https:\/\/yoast.com\/product\/yoast-seo-wordpress\/ -->\n<title>Rachid Nadil, pr\u00e9sident de l\u2019ARH\u00a0: \u00ab\u00a0L\u2019Alg\u00e9rie passera d\u2019importateur \u00e0 exportateur de carburants\u00a0\u00bb - La Sentinelle<\/title>\n<meta name=\"robots\" content=\"index, follow, max-snippet:-1, max-image-preview:large, max-video-preview:-1\" \/>\n<link rel=\"canonical\" href=\"https:\/\/lasentinelle.dz\/index.php\/2022\/04\/19\/rachid-nadil-president-de-larh-lalgerie-passera-dimportateur-a-exportateur-de-carburants\/\" \/>\n<meta property=\"og:locale\" content=\"fr_FR\" \/>\n<meta property=\"og:type\" content=\"article\" \/>\n<meta property=\"og:title\" content=\"Rachid Nadil, pr\u00e9sident de l\u2019ARH\u00a0: \u00ab\u00a0L\u2019Alg\u00e9rie passera d\u2019importateur \u00e0 exportateur de carburants\u00a0\u00bb - La Sentinelle\" \/>\n<meta property=\"og:description\" content=\"La suppression de l\u2019essence&nbsp;Super et&nbsp;Normale a induit une baisse de la facture de l\u2019importation, selon&nbsp;&nbsp;le pr\u00e9sident&nbsp;&nbsp;de l&rsquo;Autorit\u00e9 de r\u00e9gulation des\" \/>\n<meta property=\"og:url\" content=\"https:\/\/lasentinelle.dz\/index.php\/2022\/04\/19\/rachid-nadil-president-de-larh-lalgerie-passera-dimportateur-a-exportateur-de-carburants\/\" \/>\n<meta property=\"og:site_name\" content=\"La Sentinelle\" \/>\n<meta property=\"article:publisher\" content=\"https:\/\/www.facebook.com\/La-Sentinelle-104059864394773\" \/>\n<meta property=\"article:published_time\" content=\"2022-04-18T23:01:00+00:00\" \/>\n<meta property=\"og:image\" content=\"https:\/\/lasentinelle.dz\/wp-content\/uploads\/2022\/04\/d-vers-la-generalisation-du-gpl-carburant-a34c0.jpg\" \/>\n\t<meta property=\"og:image:width\" content=\"620\" \/>\n\t<meta property=\"og:image:height\" content=\"410\" \/>\n\t<meta property=\"og:image:type\" content=\"image\/jpeg\" \/>\n<meta name=\"author\" content=\"La Sentinelle\" \/>\n<meta name=\"twitter:card\" content=\"summary_large_image\" \/>\n<meta name=\"twitter:label1\" content=\"\u00c9crit par\" \/>\n\t<meta name=\"twitter:data1\" content=\"La Sentinelle\" \/>\n\t<meta name=\"twitter:label2\" content=\"Dur\u00e9e de lecture estim\u00e9e\" \/>\n\t<meta name=\"twitter:data2\" content=\"3 minutes\" \/>\n<script type=\"application\/ld+json\" class=\"yoast-schema-graph\">{\"@context\":\"https:\\\/\\\/schema.org\",\"@graph\":[{\"@type\":\"Article\",\"@id\":\"https:\\\/\\\/lasentinelle.dz\\\/index.php\\\/2022\\\/04\\\/19\\\/rachid-nadil-president-de-larh-lalgerie-passera-dimportateur-a-exportateur-de-carburants\\\/#article\",\"isPartOf\":{\"@id\":\"https:\\\/\\\/lasentinelle.dz\\\/index.php\\\/2022\\\/04\\\/19\\\/rachid-nadil-president-de-larh-lalgerie-passera-dimportateur-a-exportateur-de-carburants\\\/\"},\"author\":{\"name\":\"La Sentinelle\",\"@id\":\"https:\\\/\\\/lasentinelle.dz\\\/#\\\/schema\\\/person\\\/d865044e22e70a75174ce8bcad3acfb3\"},\"headline\":\"Rachid Nadil, pr\u00e9sident de l\u2019ARH\u00a0: \u00ab\u00a0L\u2019Alg\u00e9rie passera d\u2019importateur \u00e0 exportateur de carburants\u00a0\u00bb\",\"datePublished\":\"2022-04-18T23:01:00+00:00\",\"mainEntityOfPage\":{\"@id\":\"https:\\\/\\\/lasentinelle.dz\\\/index.php\\\/2022\\\/04\\\/19\\\/rachid-nadil-president-de-larh-lalgerie-passera-dimportateur-a-exportateur-de-carburants\\\/\"},\"wordCount\":633,\"commentCount\":0,\"publisher\":{\"@id\":\"https:\\\/\\\/lasentinelle.dz\\\/#organization\"},\"image\":{\"@id\":\"https:\\\/\\\/lasentinelle.dz\\\/index.php\\\/2022\\\/04\\\/19\\\/rachid-nadil-president-de-larh-lalgerie-passera-dimportateur-a-exportateur-de-carburants\\\/#primaryimage\"},\"thumbnailUrl\":\"https:\\\/\\\/lasentinelle.dz\\\/wp-content\\\/uploads\\\/2022\\\/04\\\/d-vers-la-generalisation-du-gpl-carburant-a34c0.jpg\",\"articleSection\":[\"\u00c9conomie\"],\"inLanguage\":\"fr-FR\",\"potentialAction\":[{\"@type\":\"CommentAction\",\"name\":\"Comment\",\"target\":[\"https:\\\/\\\/lasentinelle.dz\\\/index.php\\\/2022\\\/04\\\/19\\\/rachid-nadil-president-de-larh-lalgerie-passera-dimportateur-a-exportateur-de-carburants\\\/#respond\"]}]},{\"@type\":\"WebPage\",\"@id\":\"https:\\\/\\\/lasentinelle.dz\\\/index.php\\\/2022\\\/04\\\/19\\\/rachid-nadil-president-de-larh-lalgerie-passera-dimportateur-a-exportateur-de-carburants\\\/\",\"url\":\"https:\\\/\\\/lasentinelle.dz\\\/index.php\\\/2022\\\/04\\\/19\\\/rachid-nadil-president-de-larh-lalgerie-passera-dimportateur-a-exportateur-de-carburants\\\/\",\"name\":\"Rachid Nadil, pr\u00e9sident de l\u2019ARH\u00a0: \u00ab\u00a0L\u2019Alg\u00e9rie passera d\u2019importateur \u00e0 exportateur de carburants\u00a0\u00bb - La Sentinelle\",\"isPartOf\":{\"@id\":\"https:\\\/\\\/lasentinelle.dz\\\/#website\"},\"primaryImageOfPage\":{\"@id\":\"https:\\\/\\\/lasentinelle.dz\\\/index.php\\\/2022\\\/04\\\/19\\\/rachid-nadil-president-de-larh-lalgerie-passera-dimportateur-a-exportateur-de-carburants\\\/#primaryimage\"},\"image\":{\"@id\":\"https:\\\/\\\/lasentinelle.dz\\\/index.php\\\/2022\\\/04\\\/19\\\/rachid-nadil-president-de-larh-lalgerie-passera-dimportateur-a-exportateur-de-carburants\\\/#primaryimage\"},\"thumbnailUrl\":\"https:\\\/\\\/lasentinelle.dz\\\/wp-content\\\/uploads\\\/2022\\\/04\\\/d-vers-la-generalisation-du-gpl-carburant-a34c0.jpg\",\"datePublished\":\"2022-04-18T23:01:00+00:00\",\"breadcrumb\":{\"@id\":\"https:\\\/\\\/lasentinelle.dz\\\/index.php\\\/2022\\\/04\\\/19\\\/rachid-nadil-president-de-larh-lalgerie-passera-dimportateur-a-exportateur-de-carburants\\\/#breadcrumb\"},\"inLanguage\":\"fr-FR\",\"potentialAction\":[{\"@type\":\"ReadAction\",\"target\":[\"https:\\\/\\\/lasentinelle.dz\\\/index.php\\\/2022\\\/04\\\/19\\\/rachid-nadil-president-de-larh-lalgerie-passera-dimportateur-a-exportateur-de-carburants\\\/\"]}]},{\"@type\":\"ImageObject\",\"inLanguage\":\"fr-FR\",\"@id\":\"https:\\\/\\\/lasentinelle.dz\\\/index.php\\\/2022\\\/04\\\/19\\\/rachid-nadil-president-de-larh-lalgerie-passera-dimportateur-a-exportateur-de-carburants\\\/#primaryimage\",\"url\":\"https:\\\/\\\/lasentinelle.dz\\\/wp-content\\\/uploads\\\/2022\\\/04\\\/d-vers-la-generalisation-du-gpl-carburant-a34c0.jpg\",\"contentUrl\":\"https:\\\/\\\/lasentinelle.dz\\\/wp-content\\\/uploads\\\/2022\\\/04\\\/d-vers-la-generalisation-du-gpl-carburant-a34c0.jpg\",\"width\":620,\"height\":410},{\"@type\":\"BreadcrumbList\",\"@id\":\"https:\\\/\\\/lasentinelle.dz\\\/index.php\\\/2022\\\/04\\\/19\\\/rachid-nadil-president-de-larh-lalgerie-passera-dimportateur-a-exportateur-de-carburants\\\/#breadcrumb\",\"itemListElement\":[{\"@type\":\"ListItem\",\"position\":1,\"name\":\"Accueil\",\"item\":\"https:\\\/\\\/lasentinelle.dz\\\/\"},{\"@type\":\"ListItem\",\"position\":2,\"name\":\"Rachid Nadil, pr\u00e9sident de l\u2019ARH\u00a0: \u00ab\u00a0L\u2019Alg\u00e9rie passera d\u2019importateur \u00e0 exportateur de carburants\u00a0\u00bb\"}]},{\"@type\":\"WebSite\",\"@id\":\"https:\\\/\\\/lasentinelle.dz\\\/#website\",\"url\":\"https:\\\/\\\/lasentinelle.dz\\\/\",\"name\":\"La Sentinelle\",\"description\":\"Quotidien national d&#039;information\",\"publisher\":{\"@id\":\"https:\\\/\\\/lasentinelle.dz\\\/#organization\"},\"potentialAction\":[{\"@type\":\"SearchAction\",\"target\":{\"@type\":\"EntryPoint\",\"urlTemplate\":\"https:\\\/\\\/lasentinelle.dz\\\/?s={search_term_string}\"},\"query-input\":{\"@type\":\"PropertyValueSpecification\",\"valueRequired\":true,\"valueName\":\"search_term_string\"}}],\"inLanguage\":\"fr-FR\"},{\"@type\":\"Organization\",\"@id\":\"https:\\\/\\\/lasentinelle.dz\\\/#organization\",\"name\":\"Quotidien La Sentinelle\",\"url\":\"https:\\\/\\\/lasentinelle.dz\\\/\",\"logo\":{\"@type\":\"ImageObject\",\"inLanguage\":\"fr-FR\",\"@id\":\"https:\\\/\\\/lasentinelle.dz\\\/#\\\/schema\\\/logo\\\/image\\\/\",\"url\":\"https:\\\/\\\/lasentinelle.dz\\\/wp-content\\\/uploads\\\/2021\\\/09\\\/logo-sentinelleSLOGAN-1.png\",\"contentUrl\":\"https:\\\/\\\/lasentinelle.dz\\\/wp-content\\\/uploads\\\/2021\\\/09\\\/logo-sentinelleSLOGAN-1.png\",\"width\":615,\"height\":142,\"caption\":\"Quotidien La Sentinelle\"},\"image\":{\"@id\":\"https:\\\/\\\/lasentinelle.dz\\\/#\\\/schema\\\/logo\\\/image\\\/\"},\"sameAs\":[\"https:\\\/\\\/www.facebook.com\\\/La-Sentinelle-104059864394773\"]},{\"@type\":\"Person\",\"@id\":\"https:\\\/\\\/lasentinelle.dz\\\/#\\\/schema\\\/person\\\/d865044e22e70a75174ce8bcad3acfb3\",\"name\":\"La Sentinelle\",\"image\":{\"@type\":\"ImageObject\",\"inLanguage\":\"fr-FR\",\"@id\":\"https:\\\/\\\/secure.gravatar.com\\\/avatar\\\/57de8e5d4b15d43fb361a71fbb36338450fe67865b528a43dd10ef7c51a20392?s=96&d=mm&r=g\",\"url\":\"https:\\\/\\\/secure.gravatar.com\\\/avatar\\\/57de8e5d4b15d43fb361a71fbb36338450fe67865b528a43dd10ef7c51a20392?s=96&d=mm&r=g\",\"contentUrl\":\"https:\\\/\\\/secure.gravatar.com\\\/avatar\\\/57de8e5d4b15d43fb361a71fbb36338450fe67865b528a43dd10ef7c51a20392?s=96&d=mm&r=g\",\"caption\":\"La Sentinelle\"},\"sameAs\":[\"http:\\\/\\\/www.lasentinelle.dz\"],\"url\":\"https:\\\/\\\/lasentinelle.dz\\\/author\\\/redaction\\\/\"}]}<\/script>\n<!-- \/ Yoast SEO plugin. -->","yoast_head_json":{"title":"Rachid Nadil, pr\u00e9sident de l\u2019ARH\u00a0: \u00ab\u00a0L\u2019Alg\u00e9rie passera d\u2019importateur \u00e0 exportateur de carburants\u00a0\u00bb - La Sentinelle","robots":{"index":"index","follow":"follow","max-snippet":"max-snippet:-1","max-image-preview":"max-image-preview:large","max-video-preview":"max-video-preview:-1"},"canonical":"https:\/\/lasentinelle.dz\/index.php\/2022\/04\/19\/rachid-nadil-president-de-larh-lalgerie-passera-dimportateur-a-exportateur-de-carburants\/","og_locale":"fr_FR","og_type":"article","og_title":"Rachid Nadil, pr\u00e9sident de l\u2019ARH\u00a0: \u00ab\u00a0L\u2019Alg\u00e9rie passera d\u2019importateur \u00e0 exportateur de carburants\u00a0\u00bb - La Sentinelle","og_description":"La suppression de l\u2019essence&nbsp;Super et&nbsp;Normale a induit une baisse de la facture de l\u2019importation, selon&nbsp;&nbsp;le pr\u00e9sident&nbsp;&nbsp;de l&rsquo;Autorit\u00e9 de r\u00e9gulation des","og_url":"https:\/\/lasentinelle.dz\/index.php\/2022\/04\/19\/rachid-nadil-president-de-larh-lalgerie-passera-dimportateur-a-exportateur-de-carburants\/","og_site_name":"La Sentinelle","article_publisher":"https:\/\/www.facebook.com\/La-Sentinelle-104059864394773","article_published_time":"2022-04-18T23:01:00+00:00","og_image":[{"width":620,"height":410,"url":"https:\/\/lasentinelle.dz\/wp-content\/uploads\/2022\/04\/d-vers-la-generalisation-du-gpl-carburant-a34c0.jpg","type":"image\/jpeg"}],"author":"La Sentinelle","twitter_card":"summary_large_image","twitter_misc":{"\u00c9crit par":"La Sentinelle","Dur\u00e9e de lecture estim\u00e9e":"3 minutes"},"schema":{"@context":"https:\/\/schema.org","@graph":[{"@type":"Article","@id":"https:\/\/lasentinelle.dz\/index.php\/2022\/04\/19\/rachid-nadil-president-de-larh-lalgerie-passera-dimportateur-a-exportateur-de-carburants\/#article","isPartOf":{"@id":"https:\/\/lasentinelle.dz\/index.php\/2022\/04\/19\/rachid-nadil-president-de-larh-lalgerie-passera-dimportateur-a-exportateur-de-carburants\/"},"author":{"name":"La Sentinelle","@id":"https:\/\/lasentinelle.dz\/#\/schema\/person\/d865044e22e70a75174ce8bcad3acfb3"},"headline":"Rachid Nadil, pr\u00e9sident de l\u2019ARH\u00a0: \u00ab\u00a0L\u2019Alg\u00e9rie passera d\u2019importateur \u00e0 exportateur de carburants\u00a0\u00bb","datePublished":"2022-04-18T23:01:00+00:00","mainEntityOfPage":{"@id":"https:\/\/lasentinelle.dz\/index.php\/2022\/04\/19\/rachid-nadil-president-de-larh-lalgerie-passera-dimportateur-a-exportateur-de-carburants\/"},"wordCount":633,"commentCount":0,"publisher":{"@id":"https:\/\/lasentinelle.dz\/#organization"},"image":{"@id":"https:\/\/lasentinelle.dz\/index.php\/2022\/04\/19\/rachid-nadil-president-de-larh-lalgerie-passera-dimportateur-a-exportateur-de-carburants\/#primaryimage"},"thumbnailUrl":"https:\/\/lasentinelle.dz\/wp-content\/uploads\/2022\/04\/d-vers-la-generalisation-du-gpl-carburant-a34c0.jpg","articleSection":["\u00c9conomie"],"inLanguage":"fr-FR","potentialAction":[{"@type":"CommentAction","name":"Comment","target":["https:\/\/lasentinelle.dz\/index.php\/2022\/04\/19\/rachid-nadil-president-de-larh-lalgerie-passera-dimportateur-a-exportateur-de-carburants\/#respond"]}]},{"@type":"WebPage","@id":"https:\/\/lasentinelle.dz\/index.php\/2022\/04\/19\/rachid-nadil-president-de-larh-lalgerie-passera-dimportateur-a-exportateur-de-carburants\/","url":"https:\/\/lasentinelle.dz\/index.php\/2022\/04\/19\/rachid-nadil-president-de-larh-lalgerie-passera-dimportateur-a-exportateur-de-carburants\/","name":"Rachid Nadil, pr\u00e9sident de l\u2019ARH\u00a0: \u00ab\u00a0L\u2019Alg\u00e9rie passera d\u2019importateur \u00e0 exportateur de carburants\u00a0\u00bb - La Sentinelle","isPartOf":{"@id":"https:\/\/lasentinelle.dz\/#website"},"primaryImageOfPage":{"@id":"https:\/\/lasentinelle.dz\/index.php\/2022\/04\/19\/rachid-nadil-president-de-larh-lalgerie-passera-dimportateur-a-exportateur-de-carburants\/#primaryimage"},"image":{"@id":"https:\/\/lasentinelle.dz\/index.php\/2022\/04\/19\/rachid-nadil-president-de-larh-lalgerie-passera-dimportateur-a-exportateur-de-carburants\/#primaryimage"},"thumbnailUrl":"https:\/\/lasentinelle.dz\/wp-content\/uploads\/2022\/04\/d-vers-la-generalisation-du-gpl-carburant-a34c0.jpg","datePublished":"2022-04-18T23:01:00+00:00","breadcrumb":{"@id":"https:\/\/lasentinelle.dz\/index.php\/2022\/04\/19\/rachid-nadil-president-de-larh-lalgerie-passera-dimportateur-a-exportateur-de-carburants\/#breadcrumb"},"inLanguage":"fr-FR","potentialAction":[{"@type":"ReadAction","target":["https:\/\/lasentinelle.dz\/index.php\/2022\/04\/19\/rachid-nadil-president-de-larh-lalgerie-passera-dimportateur-a-exportateur-de-carburants\/"]}]},{"@type":"ImageObject","inLanguage":"fr-FR","@id":"https:\/\/lasentinelle.dz\/index.php\/2022\/04\/19\/rachid-nadil-president-de-larh-lalgerie-passera-dimportateur-a-exportateur-de-carburants\/#primaryimage","url":"https:\/\/lasentinelle.dz\/wp-content\/uploads\/2022\/04\/d-vers-la-generalisation-du-gpl-carburant-a34c0.jpg","contentUrl":"https:\/\/lasentinelle.dz\/wp-content\/uploads\/2022\/04\/d-vers-la-generalisation-du-gpl-carburant-a34c0.jpg","width":620,"height":410},{"@type":"BreadcrumbList","@id":"https:\/\/lasentinelle.dz\/index.php\/2022\/04\/19\/rachid-nadil-president-de-larh-lalgerie-passera-dimportateur-a-exportateur-de-carburants\/#breadcrumb","itemListElement":[{"@type":"ListItem","position":1,"name":"Accueil","item":"https:\/\/lasentinelle.dz\/"},{"@type":"ListItem","position":2,"name":"Rachid Nadil, pr\u00e9sident de l\u2019ARH\u00a0: \u00ab\u00a0L\u2019Alg\u00e9rie passera d\u2019importateur \u00e0 exportateur de carburants\u00a0\u00bb"}]},{"@type":"WebSite","@id":"https:\/\/lasentinelle.dz\/#website","url":"https:\/\/lasentinelle.dz\/","name":"La Sentinelle","description":"Quotidien national d&#039;information","publisher":{"@id":"https:\/\/lasentinelle.dz\/#organization"},"potentialAction":[{"@type":"SearchAction","target":{"@type":"EntryPoint","urlTemplate":"https:\/\/lasentinelle.dz\/?s={search_term_string}"},"query-input":{"@type":"PropertyValueSpecification","valueRequired":true,"valueName":"search_term_string"}}],"inLanguage":"fr-FR"},{"@type":"Organization","@id":"https:\/\/lasentinelle.dz\/#organization","name":"Quotidien La Sentinelle","url":"https:\/\/lasentinelle.dz\/","logo":{"@type":"ImageObject","inLanguage":"fr-FR","@id":"https:\/\/lasentinelle.dz\/#\/schema\/logo\/image\/","url":"https:\/\/lasentinelle.dz\/wp-content\/uploads\/2021\/09\/logo-sentinelleSLOGAN-1.png","contentUrl":"https:\/\/lasentinelle.dz\/wp-content\/uploads\/2021\/09\/logo-sentinelleSLOGAN-1.png","width":615,"height":142,"caption":"Quotidien La Sentinelle"},"image":{"@id":"https:\/\/lasentinelle.dz\/#\/schema\/logo\/image\/"},"sameAs":["https:\/\/www.facebook.com\/La-Sentinelle-104059864394773"]},{"@type":"Person","@id":"https:\/\/lasentinelle.dz\/#\/schema\/person\/d865044e22e70a75174ce8bcad3acfb3","name":"La Sentinelle","image":{"@type":"ImageObject","inLanguage":"fr-FR","@id":"https:\/\/secure.gravatar.com\/avatar\/57de8e5d4b15d43fb361a71fbb36338450fe67865b528a43dd10ef7c51a20392?s=96&d=mm&r=g","url":"https:\/\/secure.gravatar.com\/avatar\/57de8e5d4b15d43fb361a71fbb36338450fe67865b528a43dd10ef7c51a20392?s=96&d=mm&r=g","contentUrl":"https:\/\/secure.gravatar.com\/avatar\/57de8e5d4b15d43fb361a71fbb36338450fe67865b528a43dd10ef7c51a20392?s=96&d=mm&r=g","caption":"La Sentinelle"},"sameAs":["http:\/\/www.lasentinelle.dz"],"url":"https:\/\/lasentinelle.dz\/author\/redaction\/"}]}},"_links":{"self":[{"href":"https:\/\/lasentinelle.dz\/index.php\/wp-json\/wp\/v2\/posts\/20058","targetHints":{"allow":["GET"]}}],"collection":[{"href":"https:\/\/lasentinelle.dz\/index.php\/wp-json\/wp\/v2\/posts"}],"about":[{"href":"https:\/\/lasentinelle.dz\/index.php\/wp-json\/wp\/v2\/types\/post"}],"author":[{"embeddable":true,"href":"https:\/\/lasentinelle.dz\/index.php\/wp-json\/wp\/v2\/users\/3"}],"replies":[{"embeddable":true,"href":"https:\/\/lasentinelle.dz\/index.php\/wp-json\/wp\/v2\/comments?post=20058"}],"version-history":[{"count":1,"href":"https:\/\/lasentinelle.dz\/index.php\/wp-json\/wp\/v2\/posts\/20058\/revisions"}],"predecessor-version":[{"id":20060,"href":"https:\/\/lasentinelle.dz\/index.php\/wp-json\/wp\/v2\/posts\/20058\/revisions\/20060"}],"wp:featuredmedia":[{"embeddable":true,"href":"https:\/\/lasentinelle.dz\/index.php\/wp-json\/wp\/v2\/media\/20059"}],"wp:attachment":[{"href":"https:\/\/lasentinelle.dz\/index.php\/wp-json\/wp\/v2\/media?parent=20058"}],"wp:term":[{"taxonomy":"category","embeddable":true,"href":"https:\/\/lasentinelle.dz\/index.php\/wp-json\/wp\/v2\/categories?post=20058"},{"taxonomy":"post_tag","embeddable":true,"href":"https:\/\/lasentinelle.dz\/index.php\/wp-json\/wp\/v2\/tags?post=20058"}],"curies":[{"name":"wp","href":"https:\/\/api.w.org\/{rel}","templated":true}]}}