{"id":20098,"date":"2022-04-20T00:05:00","date_gmt":"2022-04-19T23:05:00","guid":{"rendered":"https:\/\/lasentinelle.dz\/?p=20098"},"modified":"2022-04-19T18:50:30","modified_gmt":"2022-04-19T17:50:30","slug":"palestine-occupee-lescalade-sioniste-sintensifie-2","status":"publish","type":"post","link":"https:\/\/lasentinelle.dz\/index.php\/2022\/04\/20\/palestine-occupee-lescalade-sioniste-sintensifie-2\/","title":{"rendered":"Palestine occup\u00e9e\u00a0: L\u2019escalade sioniste s\u2019intensifie"},"content":{"rendered":"\n<p>Face au silence complice de la communaut\u00e9 internationale, l\u2019entit\u00e9 sioniste redouble de violence contre les Palestiniens et multiplie les atteintes et les profanations contre leurs Lieux Saints. Ainsi, et poursuivant leur profanation de la Mosqu\u00e9e Al Aqsa, les colons isra\u00e9liens sous bonne garde des forces d\u2019occupation, ont op\u00e9r\u00e9 une incusion dans la Mosqu\u00e9e Al Ibrahimi \u00e0 Hebron, au moment o\u00f9 l\u2019aviation de l\u2019occupant pilonnait la Bande de Ghaza.&nbsp;<\/p>\n\n\n\n<p>Les forces d&rsquo;occupations isra\u00e9liennes ont men\u00e9 des frappes a\u00e9riennes t\u00f4t mhier&nbsp;dans la bande de Ghaza, ont indiqu\u00e9 des t\u00e9moins palestiniens.&nbsp;L&rsquo;aviation isra\u00e9lienne a men\u00e9 des frappes dans le Sud de la bande de Ghaza, ont indiqu\u00e9 des t\u00e9moins alors que la r\u00e9sistance palestinienne a annonc\u00e9 avoir ouvert le feu sur des appareils isra\u00e9liens.&nbsp;\u00ab\u00a0F\u00e9licitations aux hommes de la r\u00e9sistance qui ont affront\u00e9 les avions de combat avec notre d\u00e9fense anti-a\u00e9rienne\u00a0\u00bb, a d\u00e9clar\u00e9 dans un communiqu\u00e9 Hazem Qassem, le porte-parole du Hamas, en soutenant que les forces isra\u00e9liennes avaient frapp\u00e9 des \u00ab\u00a0sites vides\u00a0\u00bb.<\/p>\n\n\n\n<p>Par ailleurs, les forces de l\u2019occupation&nbsp;sioniste&nbsp;ont envahi&nbsp;hier&nbsp;matin la mosqu\u00e9e&nbsp;sainte&nbsp;d\u2019Al-Aqsa&nbsp;pour ouvrir la voieaux incursions des colons.<\/p>\n\n\n\n<p>Selon l\u2019agence de presse palestinienne Wafa, l\u2019entit\u00e9 sioniste a d\u00e9ploy\u00e9 d\u2019importantes&nbsp;forces&nbsp;qui&nbsp;ont pris d\u2019assaut la mosqu\u00e9e sainte, dans une tentative d\u2019\u00e9vacuer les fid\u00e8les en pr\u00e9lude des incursions des colons&nbsp;bien d\u00e9cid\u00e9s \u00e0 effectuer des rites talmudiques dans l\u2019enceinte de la Mosqu\u00e9e et la profaner sous l\u2019argument de la p\u00e2que juive.<\/p>\n\n\n\n<p>Lundi, les forces d\u2019occupation ont impos\u00e9 un si\u00e8ge sur la salle de pri\u00e8re d\u2019Al-Qibli et les tireurs d\u2019\u00e9lite sont mont\u00e9s sur les toits de la mosqu\u00e9e d\u2019Al-Aqsa et des b\u00e2timents proches et ont agress\u00e9 des femmes palestiniennes \u00e0 proximit\u00e9 de la salle de pri\u00e8re du D\u00f4me du Rocher et arr\u00eat\u00e9 un Palestinien&nbsp;sur l\u2019esplanade&nbsp;de la mosqu\u00e9e sainte.<\/p>\n\n\n\n<p>Les forces&nbsp;d\u2019occupation&nbsp;ont \u00e9galement tir\u00e9 des balles m\u00e9talliques recouvertes de caoutchouc&nbsp;sur&nbsp;les personnes assi\u00e9g\u00e9es dans la mosqu\u00e9e Al-Qibli et contre ses fen\u00eatres, causant des d\u00e9g\u00e2ts mat\u00e9riels.&nbsp;Les soldats de l\u2019occupation ont entrav\u00e9 aussi le travail des \u00e9quipes m\u00e9dicales.&nbsp;L&rsquo;attaque&nbsp;est&nbsp;la quatri\u00e8me depuis vendredi .<\/p>\n\n\n\n<p>Par ailleurs, des centaines de colons ont pris d\u2019assaut la mosqu\u00e9e Ibrahimi, dans la vieille ville d\u2019H\u00e9bron, o\u00f9 ils ont effectu\u00e9 des rituels talmudiques,&nbsp;selon l\u2019agence&nbsp;wafa.&nbsp;&nbsp;&nbsp;<\/p>\n\n\n\n<p>Les&nbsp;colons ont pris d\u2019assaut l\u2019esplanade de la mosqu\u00e9e, effectuant des rituels talmudiques, sous pr\u00e9texte de c\u00e9l\u00e9brer \u00ab\u00a0la P\u00e2que juif\u00a0\u00bb.&nbsp;&nbsp;Les forces d\u2019occupation isra\u00e9liennes ont intensifi\u00e9 de leurs proc\u00e9dures militaires autour de la mosqu\u00e9e Ibrahimi, pour s\u00e9curiser l\u2019invasion des colons.&nbsp;Elles&nbsp;ont install\u00e9 des check-points sur les routes conduisant \u00e0 la mosqu\u00e9e Ibrahimi, emp\u00eachant les Palestiniens d\u2019y acc\u00e9der. Les forces d\u2019occupation&nbsp;ont \u00e9galement&nbsp;ferm\u00e9&nbsp;lundi&nbsp;soir la mosqu\u00e9e Ibrahimi devant les fid\u00e8les musulmans.&nbsp;&nbsp;<\/p>\n\n\n\n<p>Notons que les membres du Conseil de s\u00e9curit\u00e9 de l&rsquo;ONU&nbsp;devaient se r\u00e9unir hier&nbsp;pour des consultations \u00e0 huis clos sur \u00ab\u00a0La situation au Moyen-Orient, y compris la question palestinienne\u00a0\u00bb, et les derniers d\u00e9veloppements \u00e0 El-Qods occup\u00e9e.<\/p>\n\n\n\n<p>La Chine, la France, l&rsquo;Irlande, la Norv\u00e8ge et les Emirats arabes unis (EAU) ont demand\u00e9 \u00e0 la r\u00e9union de discuter des d\u00e9veloppements r\u00e9cents \u00e0 El-Qods occup\u00e9e&nbsp;avec un briefing du&nbsp;coordinateur sp\u00e9cial pour le processus de paix au Moyen-Orient, Tor Wennesland.<\/p>\n\n\n\n<p>Cependant et malgr\u00e9 la tenue de cette r\u00e9union, la r\u00e9action de la communaut\u00e9 internationale, appel\u00e9e \u00e0 des actions concr\u00e8tes pour stopper l\u2019escalade sioniste, suscite du d\u00e9pit. Dans ce contexte, le minist\u00e8re&nbsp;palestinien&nbsp;des affaires \u00e9trang\u00e8res a indiqu\u00e9 que la politique internationale de deux poids, deux mesures assure la protection \u00e0 l\u2019occupation et ses violations et crimes visant \u00e0 juda\u00efser les lieux saints et&nbsp;sites&nbsp;arch\u00e9ologiques, soulignant que cette politique menace le droit international, la cr\u00e9dibilit\u00e9 des Nations Unies et&nbsp;de&nbsp;le&nbsp;communaut\u00e9 internationale.&nbsp;&nbsp;Dans un communiqu\u00e9 de presse publi\u00e9&nbsp;hier,&nbsp;la diplomatie palestinienne&nbsp;indiqu\u00e9 que la communaut\u00e9 internationale devrait prendre des actions v\u00e9ritables contre l\u2019occupation et ne pas seulement lancer des condamnations, affirmant que l\u2019occupation poursuit ses violations et plans coloniaux, malgr\u00e9 ces condamnations internationales.&nbsp;Elle&nbsp;a appel\u00e9 le conseil de s\u00e9curit\u00e9 \u00e0&nbsp;prendreses responsabilit\u00e9s juridiques et morales, afin de fournir la protection internationale au peuple palestinien, pour qu\u2019il puisse pratiquer son droit \u00e0 l\u2019autod\u00e9termination et de cr\u00e9er son Etat Ind\u00e9pendant, avec&nbsp;El Qods-Est, comme capitale.&nbsp;<\/p>\n\n\n\n<p><strong>Chokri Hafed<\/strong><\/p>\n","protected":false},"excerpt":{"rendered":"<p>Face au silence complice de la communaut\u00e9 internationale, l\u2019entit\u00e9 sioniste redouble de violence contre les Palestiniens et multiplie les atteintes<\/p>\n","protected":false},"author":3,"featured_media":20085,"comment_status":"open","ping_status":"closed","sticky":false,"template":"","format":"standard","meta":{"colormag_page_container_layout":"default_layout","colormag_page_sidebar_layout":"default_layout","om_disable_all_campaigns":false,"_monsterinsights_skip_tracking":false,"_monsterinsights_sitenote_active":false,"_monsterinsights_sitenote_note":"","_monsterinsights_sitenote_category":0,"footnotes":"","_wpscppro_dont_share_socialmedia":false,"_wpscppro_custom_social_share_image":0,"_facebook_share_type":"","_twitter_share_type":"","_linkedin_share_type":"","_pinterest_share_type":"","_linkedin_share_type_page":"","_instagram_share_type":"","_medium_share_type":"","_threads_share_type":"","_google_business_share_type":"","_selected_social_profile":[],"_wpsp_enable_custom_social_template":false,"_wpsp_social_scheduling":{"enabled":false,"datetime":null,"platforms":[],"status":"template_only","dateOption":"today","timeOption":"now","customDays":"","customHours":"","customDate":"","customTime":"","schedulingType":"absolute"},"_wpsp_active_default_template":true},"categories":[52,37],"tags":[],"class_list":["post-20098","post","type-post","status-publish","format-standard","has-post-thumbnail","hentry","category-a-la-une","category-monde"],"aioseo_notices":[],"yoast_head":"<!-- This site is optimized with the Yoast SEO plugin v27.5 - https:\/\/yoast.com\/product\/yoast-seo-wordpress\/ -->\n<title>Palestine occup\u00e9e\u00a0: L\u2019escalade sioniste s\u2019intensifie - La Sentinelle<\/title>\n<meta name=\"robots\" content=\"index, follow, max-snippet:-1, max-image-preview:large, max-video-preview:-1\" \/>\n<link rel=\"canonical\" href=\"https:\/\/lasentinelle.dz\/index.php\/2022\/04\/20\/palestine-occupee-lescalade-sioniste-sintensifie-2\/\" \/>\n<meta property=\"og:locale\" content=\"fr_FR\" \/>\n<meta property=\"og:type\" content=\"article\" \/>\n<meta property=\"og:title\" content=\"Palestine occup\u00e9e\u00a0: L\u2019escalade sioniste s\u2019intensifie - La Sentinelle\" \/>\n<meta property=\"og:description\" content=\"Face au silence complice de la communaut\u00e9 internationale, l\u2019entit\u00e9 sioniste redouble de violence contre les Palestiniens et multiplie les atteintes\" \/>\n<meta property=\"og:url\" content=\"https:\/\/lasentinelle.dz\/index.php\/2022\/04\/20\/palestine-occupee-lescalade-sioniste-sintensifie-2\/\" \/>\n<meta property=\"og:site_name\" content=\"La Sentinelle\" \/>\n<meta property=\"article:publisher\" content=\"https:\/\/www.facebook.com\/La-Sentinelle-104059864394773\" \/>\n<meta property=\"article:published_time\" content=\"2022-04-19T23:05:00+00:00\" \/>\n<meta property=\"og:image\" content=\"https:\/\/lasentinelle.dz\/wp-content\/uploads\/2022\/04\/quods.png\" \/>\n\t<meta property=\"og:image:width\" content=\"1491\" \/>\n\t<meta property=\"og:image:height\" content=\"900\" \/>\n\t<meta property=\"og:image:type\" content=\"image\/png\" \/>\n<meta name=\"author\" content=\"La Sentinelle\" \/>\n<meta name=\"twitter:card\" content=\"summary_large_image\" \/>\n<meta name=\"twitter:label1\" content=\"\u00c9crit par\" \/>\n\t<meta name=\"twitter:data1\" content=\"La Sentinelle\" \/>\n\t<meta name=\"twitter:label2\" content=\"Dur\u00e9e de lecture estim\u00e9e\" \/>\n\t<meta name=\"twitter:data2\" content=\"4 minutes\" \/>\n<script type=\"application\/ld+json\" class=\"yoast-schema-graph\">{\"@context\":\"https:\\\/\\\/schema.org\",\"@graph\":[{\"@type\":\"Article\",\"@id\":\"https:\\\/\\\/lasentinelle.dz\\\/index.php\\\/2022\\\/04\\\/20\\\/palestine-occupee-lescalade-sioniste-sintensifie-2\\\/#article\",\"isPartOf\":{\"@id\":\"https:\\\/\\\/lasentinelle.dz\\\/index.php\\\/2022\\\/04\\\/20\\\/palestine-occupee-lescalade-sioniste-sintensifie-2\\\/\"},\"author\":{\"name\":\"La Sentinelle\",\"@id\":\"https:\\\/\\\/lasentinelle.dz\\\/#\\\/schema\\\/person\\\/d865044e22e70a75174ce8bcad3acfb3\"},\"headline\":\"Palestine occup\u00e9e\u00a0: L\u2019escalade sioniste s\u2019intensifie\",\"datePublished\":\"2022-04-19T23:05:00+00:00\",\"mainEntityOfPage\":{\"@id\":\"https:\\\/\\\/lasentinelle.dz\\\/index.php\\\/2022\\\/04\\\/20\\\/palestine-occupee-lescalade-sioniste-sintensifie-2\\\/\"},\"wordCount\":870,\"commentCount\":0,\"publisher\":{\"@id\":\"https:\\\/\\\/lasentinelle.dz\\\/#organization\"},\"image\":{\"@id\":\"https:\\\/\\\/lasentinelle.dz\\\/index.php\\\/2022\\\/04\\\/20\\\/palestine-occupee-lescalade-sioniste-sintensifie-2\\\/#primaryimage\"},\"thumbnailUrl\":\"https:\\\/\\\/lasentinelle.dz\\\/wp-content\\\/uploads\\\/2022\\\/04\\\/quods.png\",\"articleSection\":[\"\u00c0 la Une\",\"Monde\"],\"inLanguage\":\"fr-FR\",\"potentialAction\":[{\"@type\":\"CommentAction\",\"name\":\"Comment\",\"target\":[\"https:\\\/\\\/lasentinelle.dz\\\/index.php\\\/2022\\\/04\\\/20\\\/palestine-occupee-lescalade-sioniste-sintensifie-2\\\/#respond\"]}]},{\"@type\":\"WebPage\",\"@id\":\"https:\\\/\\\/lasentinelle.dz\\\/index.php\\\/2022\\\/04\\\/20\\\/palestine-occupee-lescalade-sioniste-sintensifie-2\\\/\",\"url\":\"https:\\\/\\\/lasentinelle.dz\\\/index.php\\\/2022\\\/04\\\/20\\\/palestine-occupee-lescalade-sioniste-sintensifie-2\\\/\",\"name\":\"Palestine occup\u00e9e\u00a0: L\u2019escalade sioniste s\u2019intensifie - La Sentinelle\",\"isPartOf\":{\"@id\":\"https:\\\/\\\/lasentinelle.dz\\\/#website\"},\"primaryImageOfPage\":{\"@id\":\"https:\\\/\\\/lasentinelle.dz\\\/index.php\\\/2022\\\/04\\\/20\\\/palestine-occupee-lescalade-sioniste-sintensifie-2\\\/#primaryimage\"},\"image\":{\"@id\":\"https:\\\/\\\/lasentinelle.dz\\\/index.php\\\/2022\\\/04\\\/20\\\/palestine-occupee-lescalade-sioniste-sintensifie-2\\\/#primaryimage\"},\"thumbnailUrl\":\"https:\\\/\\\/lasentinelle.dz\\\/wp-content\\\/uploads\\\/2022\\\/04\\\/quods.png\",\"datePublished\":\"2022-04-19T23:05:00+00:00\",\"breadcrumb\":{\"@id\":\"https:\\\/\\\/lasentinelle.dz\\\/index.php\\\/2022\\\/04\\\/20\\\/palestine-occupee-lescalade-sioniste-sintensifie-2\\\/#breadcrumb\"},\"inLanguage\":\"fr-FR\",\"potentialAction\":[{\"@type\":\"ReadAction\",\"target\":[\"https:\\\/\\\/lasentinelle.dz\\\/index.php\\\/2022\\\/04\\\/20\\\/palestine-occupee-lescalade-sioniste-sintensifie-2\\\/\"]}]},{\"@type\":\"ImageObject\",\"inLanguage\":\"fr-FR\",\"@id\":\"https:\\\/\\\/lasentinelle.dz\\\/index.php\\\/2022\\\/04\\\/20\\\/palestine-occupee-lescalade-sioniste-sintensifie-2\\\/#primaryimage\",\"url\":\"https:\\\/\\\/lasentinelle.dz\\\/wp-content\\\/uploads\\\/2022\\\/04\\\/quods.png\",\"contentUrl\":\"https:\\\/\\\/lasentinelle.dz\\\/wp-content\\\/uploads\\\/2022\\\/04\\\/quods.png\",\"width\":1491,\"height\":900},{\"@type\":\"BreadcrumbList\",\"@id\":\"https:\\\/\\\/lasentinelle.dz\\\/index.php\\\/2022\\\/04\\\/20\\\/palestine-occupee-lescalade-sioniste-sintensifie-2\\\/#breadcrumb\",\"itemListElement\":[{\"@type\":\"ListItem\",\"position\":1,\"name\":\"Accueil\",\"item\":\"https:\\\/\\\/lasentinelle.dz\\\/\"},{\"@type\":\"ListItem\",\"position\":2,\"name\":\"Palestine occup\u00e9e\u00a0: L\u2019escalade sioniste s\u2019intensifie\"}]},{\"@type\":\"WebSite\",\"@id\":\"https:\\\/\\\/lasentinelle.dz\\\/#website\",\"url\":\"https:\\\/\\\/lasentinelle.dz\\\/\",\"name\":\"La Sentinelle\",\"description\":\"Quotidien national d&#039;information\",\"publisher\":{\"@id\":\"https:\\\/\\\/lasentinelle.dz\\\/#organization\"},\"potentialAction\":[{\"@type\":\"SearchAction\",\"target\":{\"@type\":\"EntryPoint\",\"urlTemplate\":\"https:\\\/\\\/lasentinelle.dz\\\/?s={search_term_string}\"},\"query-input\":{\"@type\":\"PropertyValueSpecification\",\"valueRequired\":true,\"valueName\":\"search_term_string\"}}],\"inLanguage\":\"fr-FR\"},{\"@type\":\"Organization\",\"@id\":\"https:\\\/\\\/lasentinelle.dz\\\/#organization\",\"name\":\"Quotidien La Sentinelle\",\"url\":\"https:\\\/\\\/lasentinelle.dz\\\/\",\"logo\":{\"@type\":\"ImageObject\",\"inLanguage\":\"fr-FR\",\"@id\":\"https:\\\/\\\/lasentinelle.dz\\\/#\\\/schema\\\/logo\\\/image\\\/\",\"url\":\"https:\\\/\\\/lasentinelle.dz\\\/wp-content\\\/uploads\\\/2021\\\/09\\\/logo-sentinelleSLOGAN-1.png\",\"contentUrl\":\"https:\\\/\\\/lasentinelle.dz\\\/wp-content\\\/uploads\\\/2021\\\/09\\\/logo-sentinelleSLOGAN-1.png\",\"width\":615,\"height\":142,\"caption\":\"Quotidien La Sentinelle\"},\"image\":{\"@id\":\"https:\\\/\\\/lasentinelle.dz\\\/#\\\/schema\\\/logo\\\/image\\\/\"},\"sameAs\":[\"https:\\\/\\\/www.facebook.com\\\/La-Sentinelle-104059864394773\"]},{\"@type\":\"Person\",\"@id\":\"https:\\\/\\\/lasentinelle.dz\\\/#\\\/schema\\\/person\\\/d865044e22e70a75174ce8bcad3acfb3\",\"name\":\"La Sentinelle\",\"image\":{\"@type\":\"ImageObject\",\"inLanguage\":\"fr-FR\",\"@id\":\"https:\\\/\\\/secure.gravatar.com\\\/avatar\\\/57de8e5d4b15d43fb361a71fbb36338450fe67865b528a43dd10ef7c51a20392?s=96&d=mm&r=g\",\"url\":\"https:\\\/\\\/secure.gravatar.com\\\/avatar\\\/57de8e5d4b15d43fb361a71fbb36338450fe67865b528a43dd10ef7c51a20392?s=96&d=mm&r=g\",\"contentUrl\":\"https:\\\/\\\/secure.gravatar.com\\\/avatar\\\/57de8e5d4b15d43fb361a71fbb36338450fe67865b528a43dd10ef7c51a20392?s=96&d=mm&r=g\",\"caption\":\"La Sentinelle\"},\"sameAs\":[\"http:\\\/\\\/www.lasentinelle.dz\"],\"url\":\"https:\\\/\\\/lasentinelle.dz\\\/author\\\/redaction\\\/\"}]}<\/script>\n<!-- \/ Yoast SEO plugin. -->","yoast_head_json":{"title":"Palestine occup\u00e9e\u00a0: L\u2019escalade sioniste s\u2019intensifie - La Sentinelle","robots":{"index":"index","follow":"follow","max-snippet":"max-snippet:-1","max-image-preview":"max-image-preview:large","max-video-preview":"max-video-preview:-1"},"canonical":"https:\/\/lasentinelle.dz\/index.php\/2022\/04\/20\/palestine-occupee-lescalade-sioniste-sintensifie-2\/","og_locale":"fr_FR","og_type":"article","og_title":"Palestine occup\u00e9e\u00a0: L\u2019escalade sioniste s\u2019intensifie - La Sentinelle","og_description":"Face au silence complice de la communaut\u00e9 internationale, l\u2019entit\u00e9 sioniste redouble de violence contre les Palestiniens et multiplie les atteintes","og_url":"https:\/\/lasentinelle.dz\/index.php\/2022\/04\/20\/palestine-occupee-lescalade-sioniste-sintensifie-2\/","og_site_name":"La Sentinelle","article_publisher":"https:\/\/www.facebook.com\/La-Sentinelle-104059864394773","article_published_time":"2022-04-19T23:05:00+00:00","og_image":[{"width":1491,"height":900,"url":"https:\/\/lasentinelle.dz\/wp-content\/uploads\/2022\/04\/quods.png","type":"image\/png"}],"author":"La Sentinelle","twitter_card":"summary_large_image","twitter_misc":{"\u00c9crit par":"La Sentinelle","Dur\u00e9e de lecture estim\u00e9e":"4 minutes"},"schema":{"@context":"https:\/\/schema.org","@graph":[{"@type":"Article","@id":"https:\/\/lasentinelle.dz\/index.php\/2022\/04\/20\/palestine-occupee-lescalade-sioniste-sintensifie-2\/#article","isPartOf":{"@id":"https:\/\/lasentinelle.dz\/index.php\/2022\/04\/20\/palestine-occupee-lescalade-sioniste-sintensifie-2\/"},"author":{"name":"La Sentinelle","@id":"https:\/\/lasentinelle.dz\/#\/schema\/person\/d865044e22e70a75174ce8bcad3acfb3"},"headline":"Palestine occup\u00e9e\u00a0: L\u2019escalade sioniste s\u2019intensifie","datePublished":"2022-04-19T23:05:00+00:00","mainEntityOfPage":{"@id":"https:\/\/lasentinelle.dz\/index.php\/2022\/04\/20\/palestine-occupee-lescalade-sioniste-sintensifie-2\/"},"wordCount":870,"commentCount":0,"publisher":{"@id":"https:\/\/lasentinelle.dz\/#organization"},"image":{"@id":"https:\/\/lasentinelle.dz\/index.php\/2022\/04\/20\/palestine-occupee-lescalade-sioniste-sintensifie-2\/#primaryimage"},"thumbnailUrl":"https:\/\/lasentinelle.dz\/wp-content\/uploads\/2022\/04\/quods.png","articleSection":["\u00c0 la Une","Monde"],"inLanguage":"fr-FR","potentialAction":[{"@type":"CommentAction","name":"Comment","target":["https:\/\/lasentinelle.dz\/index.php\/2022\/04\/20\/palestine-occupee-lescalade-sioniste-sintensifie-2\/#respond"]}]},{"@type":"WebPage","@id":"https:\/\/lasentinelle.dz\/index.php\/2022\/04\/20\/palestine-occupee-lescalade-sioniste-sintensifie-2\/","url":"https:\/\/lasentinelle.dz\/index.php\/2022\/04\/20\/palestine-occupee-lescalade-sioniste-sintensifie-2\/","name":"Palestine occup\u00e9e\u00a0: L\u2019escalade sioniste s\u2019intensifie - La Sentinelle","isPartOf":{"@id":"https:\/\/lasentinelle.dz\/#website"},"primaryImageOfPage":{"@id":"https:\/\/lasentinelle.dz\/index.php\/2022\/04\/20\/palestine-occupee-lescalade-sioniste-sintensifie-2\/#primaryimage"},"image":{"@id":"https:\/\/lasentinelle.dz\/index.php\/2022\/04\/20\/palestine-occupee-lescalade-sioniste-sintensifie-2\/#primaryimage"},"thumbnailUrl":"https:\/\/lasentinelle.dz\/wp-content\/uploads\/2022\/04\/quods.png","datePublished":"2022-04-19T23:05:00+00:00","breadcrumb":{"@id":"https:\/\/lasentinelle.dz\/index.php\/2022\/04\/20\/palestine-occupee-lescalade-sioniste-sintensifie-2\/#breadcrumb"},"inLanguage":"fr-FR","potentialAction":[{"@type":"ReadAction","target":["https:\/\/lasentinelle.dz\/index.php\/2022\/04\/20\/palestine-occupee-lescalade-sioniste-sintensifie-2\/"]}]},{"@type":"ImageObject","inLanguage":"fr-FR","@id":"https:\/\/lasentinelle.dz\/index.php\/2022\/04\/20\/palestine-occupee-lescalade-sioniste-sintensifie-2\/#primaryimage","url":"https:\/\/lasentinelle.dz\/wp-content\/uploads\/2022\/04\/quods.png","contentUrl":"https:\/\/lasentinelle.dz\/wp-content\/uploads\/2022\/04\/quods.png","width":1491,"height":900},{"@type":"BreadcrumbList","@id":"https:\/\/lasentinelle.dz\/index.php\/2022\/04\/20\/palestine-occupee-lescalade-sioniste-sintensifie-2\/#breadcrumb","itemListElement":[{"@type":"ListItem","position":1,"name":"Accueil","item":"https:\/\/lasentinelle.dz\/"},{"@type":"ListItem","position":2,"name":"Palestine occup\u00e9e\u00a0: L\u2019escalade sioniste s\u2019intensifie"}]},{"@type":"WebSite","@id":"https:\/\/lasentinelle.dz\/#website","url":"https:\/\/lasentinelle.dz\/","name":"La Sentinelle","description":"Quotidien national d&#039;information","publisher":{"@id":"https:\/\/lasentinelle.dz\/#organization"},"potentialAction":[{"@type":"SearchAction","target":{"@type":"EntryPoint","urlTemplate":"https:\/\/lasentinelle.dz\/?s={search_term_string}"},"query-input":{"@type":"PropertyValueSpecification","valueRequired":true,"valueName":"search_term_string"}}],"inLanguage":"fr-FR"},{"@type":"Organization","@id":"https:\/\/lasentinelle.dz\/#organization","name":"Quotidien La Sentinelle","url":"https:\/\/lasentinelle.dz\/","logo":{"@type":"ImageObject","inLanguage":"fr-FR","@id":"https:\/\/lasentinelle.dz\/#\/schema\/logo\/image\/","url":"https:\/\/lasentinelle.dz\/wp-content\/uploads\/2021\/09\/logo-sentinelleSLOGAN-1.png","contentUrl":"https:\/\/lasentinelle.dz\/wp-content\/uploads\/2021\/09\/logo-sentinelleSLOGAN-1.png","width":615,"height":142,"caption":"Quotidien La Sentinelle"},"image":{"@id":"https:\/\/lasentinelle.dz\/#\/schema\/logo\/image\/"},"sameAs":["https:\/\/www.facebook.com\/La-Sentinelle-104059864394773"]},{"@type":"Person","@id":"https:\/\/lasentinelle.dz\/#\/schema\/person\/d865044e22e70a75174ce8bcad3acfb3","name":"La Sentinelle","image":{"@type":"ImageObject","inLanguage":"fr-FR","@id":"https:\/\/secure.gravatar.com\/avatar\/57de8e5d4b15d43fb361a71fbb36338450fe67865b528a43dd10ef7c51a20392?s=96&d=mm&r=g","url":"https:\/\/secure.gravatar.com\/avatar\/57de8e5d4b15d43fb361a71fbb36338450fe67865b528a43dd10ef7c51a20392?s=96&d=mm&r=g","contentUrl":"https:\/\/secure.gravatar.com\/avatar\/57de8e5d4b15d43fb361a71fbb36338450fe67865b528a43dd10ef7c51a20392?s=96&d=mm&r=g","caption":"La Sentinelle"},"sameAs":["http:\/\/www.lasentinelle.dz"],"url":"https:\/\/lasentinelle.dz\/author\/redaction\/"}]}},"_links":{"self":[{"href":"https:\/\/lasentinelle.dz\/index.php\/wp-json\/wp\/v2\/posts\/20098","targetHints":{"allow":["GET"]}}],"collection":[{"href":"https:\/\/lasentinelle.dz\/index.php\/wp-json\/wp\/v2\/posts"}],"about":[{"href":"https:\/\/lasentinelle.dz\/index.php\/wp-json\/wp\/v2\/types\/post"}],"author":[{"embeddable":true,"href":"https:\/\/lasentinelle.dz\/index.php\/wp-json\/wp\/v2\/users\/3"}],"replies":[{"embeddable":true,"href":"https:\/\/lasentinelle.dz\/index.php\/wp-json\/wp\/v2\/comments?post=20098"}],"version-history":[{"count":1,"href":"https:\/\/lasentinelle.dz\/index.php\/wp-json\/wp\/v2\/posts\/20098\/revisions"}],"predecessor-version":[{"id":20114,"href":"https:\/\/lasentinelle.dz\/index.php\/wp-json\/wp\/v2\/posts\/20098\/revisions\/20114"}],"wp:featuredmedia":[{"embeddable":true,"href":"https:\/\/lasentinelle.dz\/index.php\/wp-json\/wp\/v2\/media\/20085"}],"wp:attachment":[{"href":"https:\/\/lasentinelle.dz\/index.php\/wp-json\/wp\/v2\/media?parent=20098"}],"wp:term":[{"taxonomy":"category","embeddable":true,"href":"https:\/\/lasentinelle.dz\/index.php\/wp-json\/wp\/v2\/categories?post=20098"},{"taxonomy":"post_tag","embeddable":true,"href":"https:\/\/lasentinelle.dz\/index.php\/wp-json\/wp\/v2\/tags?post=20098"}],"curies":[{"name":"wp","href":"https:\/\/api.w.org\/{rel}","templated":true}]}}