{"id":20113,"date":"2022-04-20T00:01:00","date_gmt":"2022-04-19T23:01:00","guid":{"rendered":"https:\/\/lasentinelle.dz\/?p=20113"},"modified":"2022-04-19T22:45:55","modified_gmt":"2022-04-19T21:45:55","slug":"abderrachid-tabi-ministre-de-la-justice-garde-des-sceaux-les-denonciations-anonymes-nont-pas-servi-leconomie-nationale","status":"publish","type":"post","link":"https:\/\/lasentinelle.dz\/index.php\/2022\/04\/20\/abderrachid-tabi-ministre-de-la-justice-garde-des-sceaux-les-denonciations-anonymes-nont-pas-servi-leconomie-nationale\/","title":{"rendered":"Abderrachid\u00a0Tabi, ministre de la Justice, Garde des sceaux\u00a0:\u00a0\u00abLes\u00a0d\u00e9nonciations\u00a0anonymes n\u2019ont pas servi l&rsquo;\u00e9conomie nationale\u00bb"},"content":{"rendered":"\n<p>Intervenant devant les membres du Conseil de la nation, lors d&rsquo;une s\u00e9ance consacr\u00e9e \u00e0 la pr\u00e9sentation et au d\u00e9bat de deux projets de loi relatifs \u00e0 l&rsquo;organisation de la haute autorit\u00e9 de la transparence et au code de commerce, le ministre de la Justice, Garde des sceaux, Abderrachid Tabi a appel\u00e9&nbsp;lundi&nbsp;\u00e0 \u00ab la conjugaison des&nbsp;&nbsp;efforts en&nbsp;&nbsp;mobiliser tous les moyens l\u00e9gaux et humains pour lutter contre le ph\u00e9nom\u00e8ne de la corruption\u00bb Le ministre a pr\u00e9cis\u00e9 que \u00abla&nbsp;&nbsp;lutte contre le ph\u00e9nom\u00e8ne de la corruption n\u00e9cessite la mobilisation de tous, en particulier la soci\u00e9t\u00e9 civile \u00bb. \u00abElle (soci\u00e9t\u00e9 civile) est appel\u00e9e \u00e0 jouer pleinement son r\u00f4le, notamment avec la forte volont\u00e9 politique de combattre ce fl\u00e9au\u00bb. Explicitant&nbsp;&nbsp;\u00abl\u2019approche adopt\u00e9e dans la lutte contre la corruption, le ministre a soulign\u00e9&nbsp;&nbsp;que ce projet \u00abcomprend deux volets, le premier est celui de la pr\u00e9vention et le second est li\u00e9 \u00e0 la coercition \u00bb&nbsp;&nbsp;Il s\u2019agit de la loi n 06-01 relative \u00e0 la pr\u00e9vention et \u00e0 la lutte contre la corruption qui fera l\u2019objet d\u2019une r\u00e9vision au cours de l&rsquo;ann\u00e9e en cours afin de renforcer les dispositions relatives \u00e0 la pr\u00e9vention et \u00e0 la lutte contre la corruption mais \u00e9galement celles relatives \u00e0 la r\u00e9cup\u00e9ration des deniers pill\u00e9s\u00a0\u00bb, a fait savoir le ministre\u00bb. Les modifications attendus seront orient\u00e9s notamment sur \u00abla consolidation du principe de protection des lanceurs d&rsquo;alerte et par extension de leurs familles \u00bb, a-t-il soutenu,&nbsp;&nbsp;soulignant que \u00ables&nbsp;d\u00e9nonciationsanonymes ont nuit aux personnes, aux institutions et n\u2019ont servi aucunement l&rsquo;\u00e9conomie nationale\u00bb. Le ministre a relev\u00e9 que \u00able projet de loi fixant l&rsquo;organisation, la composition et les attributions de la Haute autorit\u00e9 de transparence, de pr\u00e9vention et de lutte contre la corruption, prend en consid\u00e9ration l&rsquo;exp\u00e9rience de l&rsquo;Alg\u00e9rie en mati\u00e8re de lutte contre la corruption, 15 ans apr\u00e8s l&rsquo;entr\u00e9e en vigueur de la loi 06-01 \u00bb. Il a indiqu\u00e9 que \u00able texte en question a pour r\u00e9f\u00e9rence le programme pr\u00e9sidentiel qui place la moralisation de la lutte contre la corruption parmi les priorit\u00e9s, outre les trait\u00e9s internationaux et r\u00e9gionaux sign\u00e9s par l&rsquo;Alg\u00e9rie\u00bb. Evoquant le texte portant le Code de commerce, Tabi a expliqu\u00e9 que \u00abla loi en question intervenait pour organiser ce secteur, encourager les jeunes et les accompagner dans la cr\u00e9ation de start-up. L\u2019ensemble des interventions des s\u00e9nateurs ont appel\u00e9 \u00ab\u00e0 garantir davantage de protection aux lanceurs d&rsquo;alerte et \u00e0 accorder \u00e0 l&rsquo;Autorit\u00e9 plus de pr\u00e9rogatives\u00bb. De son&nbsp;&nbsp;Salah Goudjil a insist\u00e9 \u00absur les textes d&rsquo;application des lois adopt\u00e9es par le parlement\u00bb, relevant \u00abl&rsquo;importance d&rsquo;avoir les textes d&rsquo;application d\u00e8s l&rsquo;adoption des lois par les deux chambres du parlement\u00bb. Le pr\u00e9sident de la chambre haute du Parlement a \u00e9galement relev\u00e9 l&rsquo;importance de la compl\u00e9mentarit\u00e9 entre les pouvoirs l\u00e9gislatif et ex\u00e9cutif, afin d&rsquo;avoir la m\u00eame vision et la m\u00eame compr\u00e9hension sur la mise en place des l\u00e9gislations dans le cadre de la culture de l&rsquo;Etat pour tous.<\/p>\n\n\n\n<p><strong>Amar Malki<\/strong><\/p>\n","protected":false},"excerpt":{"rendered":"<p>Intervenant devant les membres du Conseil de la nation, lors d&rsquo;une s\u00e9ance consacr\u00e9e \u00e0 la pr\u00e9sentation et au d\u00e9bat de<\/p>\n","protected":false},"author":3,"featured_media":15429,"comment_status":"open","ping_status":"closed","sticky":false,"template":"","format":"standard","meta":{"colormag_page_container_layout":"default_layout","colormag_page_sidebar_layout":"default_layout","om_disable_all_campaigns":false,"_monsterinsights_skip_tracking":false,"_monsterinsights_sitenote_active":false,"_monsterinsights_sitenote_note":"","_monsterinsights_sitenote_category":0,"footnotes":"","_wpscppro_dont_share_socialmedia":false,"_wpscppro_custom_social_share_image":0,"_facebook_share_type":"","_twitter_share_type":"","_linkedin_share_type":"","_pinterest_share_type":"","_linkedin_share_type_page":"","_instagram_share_type":"","_medium_share_type":"","_threads_share_type":"","_google_business_share_type":"","_selected_social_profile":[],"_wpsp_enable_custom_social_template":false,"_wpsp_social_scheduling":{"enabled":false,"datetime":null,"platforms":[],"status":"template_only","dateOption":"today","timeOption":"now","customDays":"","customHours":"","customDate":"","customTime":"","schedulingType":"absolute"},"_wpsp_active_default_template":true},"categories":[27],"tags":[],"class_list":["post-20113","post","type-post","status-publish","format-standard","has-post-thumbnail","hentry","category-actualite"],"aioseo_notices":[],"yoast_head":"<!-- This site is optimized with the Yoast SEO plugin v27.5 - https:\/\/yoast.com\/product\/yoast-seo-wordpress\/ -->\n<title>Abderrachid\u00a0Tabi, ministre de la Justice, Garde des sceaux\u00a0:\u00a0\u00abLes\u00a0d\u00e9nonciations\u00a0anonymes n\u2019ont pas servi l&#039;\u00e9conomie nationale\u00bb - La Sentinelle<\/title>\n<meta name=\"robots\" content=\"index, follow, max-snippet:-1, max-image-preview:large, max-video-preview:-1\" \/>\n<link rel=\"canonical\" href=\"https:\/\/lasentinelle.dz\/index.php\/2022\/04\/20\/abderrachid-tabi-ministre-de-la-justice-garde-des-sceaux-les-denonciations-anonymes-nont-pas-servi-leconomie-nationale\/\" \/>\n<meta property=\"og:locale\" content=\"fr_FR\" \/>\n<meta property=\"og:type\" content=\"article\" \/>\n<meta property=\"og:title\" content=\"Abderrachid\u00a0Tabi, ministre de la Justice, Garde des sceaux\u00a0:\u00a0\u00abLes\u00a0d\u00e9nonciations\u00a0anonymes n\u2019ont pas servi l&#039;\u00e9conomie nationale\u00bb - La Sentinelle\" \/>\n<meta property=\"og:description\" content=\"Intervenant devant les membres du Conseil de la nation, lors d&rsquo;une s\u00e9ance consacr\u00e9e \u00e0 la pr\u00e9sentation et au d\u00e9bat de\" \/>\n<meta property=\"og:url\" content=\"https:\/\/lasentinelle.dz\/index.php\/2022\/04\/20\/abderrachid-tabi-ministre-de-la-justice-garde-des-sceaux-les-denonciations-anonymes-nont-pas-servi-leconomie-nationale\/\" \/>\n<meta property=\"og:site_name\" content=\"La Sentinelle\" \/>\n<meta property=\"article:publisher\" content=\"https:\/\/www.facebook.com\/La-Sentinelle-104059864394773\" \/>\n<meta property=\"article:published_time\" content=\"2022-04-19T23:01:00+00:00\" \/>\n<meta property=\"og:image\" content=\"https:\/\/lasentinelle.dz\/wp-content\/uploads\/2021\/12\/rachid-tabi.png\" \/>\n\t<meta property=\"og:image:width\" content=\"1427\" \/>\n\t<meta property=\"og:image:height\" content=\"900\" \/>\n\t<meta property=\"og:image:type\" content=\"image\/png\" \/>\n<meta name=\"author\" content=\"La Sentinelle\" \/>\n<meta name=\"twitter:card\" content=\"summary_large_image\" \/>\n<meta name=\"twitter:label1\" content=\"\u00c9crit par\" \/>\n\t<meta name=\"twitter:data1\" content=\"La Sentinelle\" \/>\n\t<meta name=\"twitter:label2\" content=\"Dur\u00e9e de lecture estim\u00e9e\" \/>\n\t<meta name=\"twitter:data2\" content=\"3 minutes\" \/>\n<script type=\"application\/ld+json\" class=\"yoast-schema-graph\">{\"@context\":\"https:\\\/\\\/schema.org\",\"@graph\":[{\"@type\":\"Article\",\"@id\":\"https:\\\/\\\/lasentinelle.dz\\\/index.php\\\/2022\\\/04\\\/20\\\/abderrachid-tabi-ministre-de-la-justice-garde-des-sceaux-les-denonciations-anonymes-nont-pas-servi-leconomie-nationale\\\/#article\",\"isPartOf\":{\"@id\":\"https:\\\/\\\/lasentinelle.dz\\\/index.php\\\/2022\\\/04\\\/20\\\/abderrachid-tabi-ministre-de-la-justice-garde-des-sceaux-les-denonciations-anonymes-nont-pas-servi-leconomie-nationale\\\/\"},\"author\":{\"name\":\"La Sentinelle\",\"@id\":\"https:\\\/\\\/lasentinelle.dz\\\/#\\\/schema\\\/person\\\/d865044e22e70a75174ce8bcad3acfb3\"},\"headline\":\"Abderrachid\u00a0Tabi, ministre de la Justice, Garde des sceaux\u00a0:\u00a0\u00abLes\u00a0d\u00e9nonciations\u00a0anonymes n\u2019ont pas servi l&rsquo;\u00e9conomie nationale\u00bb\",\"datePublished\":\"2022-04-19T23:01:00+00:00\",\"mainEntityOfPage\":{\"@id\":\"https:\\\/\\\/lasentinelle.dz\\\/index.php\\\/2022\\\/04\\\/20\\\/abderrachid-tabi-ministre-de-la-justice-garde-des-sceaux-les-denonciations-anonymes-nont-pas-servi-leconomie-nationale\\\/\"},\"wordCount\":581,\"commentCount\":0,\"publisher\":{\"@id\":\"https:\\\/\\\/lasentinelle.dz\\\/#organization\"},\"image\":{\"@id\":\"https:\\\/\\\/lasentinelle.dz\\\/index.php\\\/2022\\\/04\\\/20\\\/abderrachid-tabi-ministre-de-la-justice-garde-des-sceaux-les-denonciations-anonymes-nont-pas-servi-leconomie-nationale\\\/#primaryimage\"},\"thumbnailUrl\":\"https:\\\/\\\/lasentinelle.dz\\\/wp-content\\\/uploads\\\/2021\\\/12\\\/rachid-tabi.png\",\"articleSection\":[\"Actualit\u00e9\"],\"inLanguage\":\"fr-FR\",\"potentialAction\":[{\"@type\":\"CommentAction\",\"name\":\"Comment\",\"target\":[\"https:\\\/\\\/lasentinelle.dz\\\/index.php\\\/2022\\\/04\\\/20\\\/abderrachid-tabi-ministre-de-la-justice-garde-des-sceaux-les-denonciations-anonymes-nont-pas-servi-leconomie-nationale\\\/#respond\"]}]},{\"@type\":\"WebPage\",\"@id\":\"https:\\\/\\\/lasentinelle.dz\\\/index.php\\\/2022\\\/04\\\/20\\\/abderrachid-tabi-ministre-de-la-justice-garde-des-sceaux-les-denonciations-anonymes-nont-pas-servi-leconomie-nationale\\\/\",\"url\":\"https:\\\/\\\/lasentinelle.dz\\\/index.php\\\/2022\\\/04\\\/20\\\/abderrachid-tabi-ministre-de-la-justice-garde-des-sceaux-les-denonciations-anonymes-nont-pas-servi-leconomie-nationale\\\/\",\"name\":\"Abderrachid\u00a0Tabi, ministre de la Justice, Garde des sceaux\u00a0:\u00a0\u00abLes\u00a0d\u00e9nonciations\u00a0anonymes n\u2019ont pas servi l'\u00e9conomie nationale\u00bb - La Sentinelle\",\"isPartOf\":{\"@id\":\"https:\\\/\\\/lasentinelle.dz\\\/#website\"},\"primaryImageOfPage\":{\"@id\":\"https:\\\/\\\/lasentinelle.dz\\\/index.php\\\/2022\\\/04\\\/20\\\/abderrachid-tabi-ministre-de-la-justice-garde-des-sceaux-les-denonciations-anonymes-nont-pas-servi-leconomie-nationale\\\/#primaryimage\"},\"image\":{\"@id\":\"https:\\\/\\\/lasentinelle.dz\\\/index.php\\\/2022\\\/04\\\/20\\\/abderrachid-tabi-ministre-de-la-justice-garde-des-sceaux-les-denonciations-anonymes-nont-pas-servi-leconomie-nationale\\\/#primaryimage\"},\"thumbnailUrl\":\"https:\\\/\\\/lasentinelle.dz\\\/wp-content\\\/uploads\\\/2021\\\/12\\\/rachid-tabi.png\",\"datePublished\":\"2022-04-19T23:01:00+00:00\",\"breadcrumb\":{\"@id\":\"https:\\\/\\\/lasentinelle.dz\\\/index.php\\\/2022\\\/04\\\/20\\\/abderrachid-tabi-ministre-de-la-justice-garde-des-sceaux-les-denonciations-anonymes-nont-pas-servi-leconomie-nationale\\\/#breadcrumb\"},\"inLanguage\":\"fr-FR\",\"potentialAction\":[{\"@type\":\"ReadAction\",\"target\":[\"https:\\\/\\\/lasentinelle.dz\\\/index.php\\\/2022\\\/04\\\/20\\\/abderrachid-tabi-ministre-de-la-justice-garde-des-sceaux-les-denonciations-anonymes-nont-pas-servi-leconomie-nationale\\\/\"]}]},{\"@type\":\"ImageObject\",\"inLanguage\":\"fr-FR\",\"@id\":\"https:\\\/\\\/lasentinelle.dz\\\/index.php\\\/2022\\\/04\\\/20\\\/abderrachid-tabi-ministre-de-la-justice-garde-des-sceaux-les-denonciations-anonymes-nont-pas-servi-leconomie-nationale\\\/#primaryimage\",\"url\":\"https:\\\/\\\/lasentinelle.dz\\\/wp-content\\\/uploads\\\/2021\\\/12\\\/rachid-tabi.png\",\"contentUrl\":\"https:\\\/\\\/lasentinelle.dz\\\/wp-content\\\/uploads\\\/2021\\\/12\\\/rachid-tabi.png\",\"width\":1427,\"height\":900},{\"@type\":\"BreadcrumbList\",\"@id\":\"https:\\\/\\\/lasentinelle.dz\\\/index.php\\\/2022\\\/04\\\/20\\\/abderrachid-tabi-ministre-de-la-justice-garde-des-sceaux-les-denonciations-anonymes-nont-pas-servi-leconomie-nationale\\\/#breadcrumb\",\"itemListElement\":[{\"@type\":\"ListItem\",\"position\":1,\"name\":\"Accueil\",\"item\":\"https:\\\/\\\/lasentinelle.dz\\\/\"},{\"@type\":\"ListItem\",\"position\":2,\"name\":\"Abderrachid\u00a0Tabi, ministre de la Justice, Garde des sceaux\u00a0:\u00a0\u00abLes\u00a0d\u00e9nonciations\u00a0anonymes n\u2019ont pas servi l&rsquo;\u00e9conomie nationale\u00bb\"}]},{\"@type\":\"WebSite\",\"@id\":\"https:\\\/\\\/lasentinelle.dz\\\/#website\",\"url\":\"https:\\\/\\\/lasentinelle.dz\\\/\",\"name\":\"La Sentinelle\",\"description\":\"Quotidien national d&#039;information\",\"publisher\":{\"@id\":\"https:\\\/\\\/lasentinelle.dz\\\/#organization\"},\"potentialAction\":[{\"@type\":\"SearchAction\",\"target\":{\"@type\":\"EntryPoint\",\"urlTemplate\":\"https:\\\/\\\/lasentinelle.dz\\\/?s={search_term_string}\"},\"query-input\":{\"@type\":\"PropertyValueSpecification\",\"valueRequired\":true,\"valueName\":\"search_term_string\"}}],\"inLanguage\":\"fr-FR\"},{\"@type\":\"Organization\",\"@id\":\"https:\\\/\\\/lasentinelle.dz\\\/#organization\",\"name\":\"Quotidien La Sentinelle\",\"url\":\"https:\\\/\\\/lasentinelle.dz\\\/\",\"logo\":{\"@type\":\"ImageObject\",\"inLanguage\":\"fr-FR\",\"@id\":\"https:\\\/\\\/lasentinelle.dz\\\/#\\\/schema\\\/logo\\\/image\\\/\",\"url\":\"https:\\\/\\\/lasentinelle.dz\\\/wp-content\\\/uploads\\\/2021\\\/09\\\/logo-sentinelleSLOGAN-1.png\",\"contentUrl\":\"https:\\\/\\\/lasentinelle.dz\\\/wp-content\\\/uploads\\\/2021\\\/09\\\/logo-sentinelleSLOGAN-1.png\",\"width\":615,\"height\":142,\"caption\":\"Quotidien La Sentinelle\"},\"image\":{\"@id\":\"https:\\\/\\\/lasentinelle.dz\\\/#\\\/schema\\\/logo\\\/image\\\/\"},\"sameAs\":[\"https:\\\/\\\/www.facebook.com\\\/La-Sentinelle-104059864394773\"]},{\"@type\":\"Person\",\"@id\":\"https:\\\/\\\/lasentinelle.dz\\\/#\\\/schema\\\/person\\\/d865044e22e70a75174ce8bcad3acfb3\",\"name\":\"La Sentinelle\",\"image\":{\"@type\":\"ImageObject\",\"inLanguage\":\"fr-FR\",\"@id\":\"https:\\\/\\\/secure.gravatar.com\\\/avatar\\\/57de8e5d4b15d43fb361a71fbb36338450fe67865b528a43dd10ef7c51a20392?s=96&d=mm&r=g\",\"url\":\"https:\\\/\\\/secure.gravatar.com\\\/avatar\\\/57de8e5d4b15d43fb361a71fbb36338450fe67865b528a43dd10ef7c51a20392?s=96&d=mm&r=g\",\"contentUrl\":\"https:\\\/\\\/secure.gravatar.com\\\/avatar\\\/57de8e5d4b15d43fb361a71fbb36338450fe67865b528a43dd10ef7c51a20392?s=96&d=mm&r=g\",\"caption\":\"La Sentinelle\"},\"sameAs\":[\"http:\\\/\\\/www.lasentinelle.dz\"],\"url\":\"https:\\\/\\\/lasentinelle.dz\\\/author\\\/redaction\\\/\"}]}<\/script>\n<!-- \/ Yoast SEO plugin. -->","yoast_head_json":{"title":"Abderrachid\u00a0Tabi, ministre de la Justice, Garde des sceaux\u00a0:\u00a0\u00abLes\u00a0d\u00e9nonciations\u00a0anonymes n\u2019ont pas servi l'\u00e9conomie nationale\u00bb - La Sentinelle","robots":{"index":"index","follow":"follow","max-snippet":"max-snippet:-1","max-image-preview":"max-image-preview:large","max-video-preview":"max-video-preview:-1"},"canonical":"https:\/\/lasentinelle.dz\/index.php\/2022\/04\/20\/abderrachid-tabi-ministre-de-la-justice-garde-des-sceaux-les-denonciations-anonymes-nont-pas-servi-leconomie-nationale\/","og_locale":"fr_FR","og_type":"article","og_title":"Abderrachid\u00a0Tabi, ministre de la Justice, Garde des sceaux\u00a0:\u00a0\u00abLes\u00a0d\u00e9nonciations\u00a0anonymes n\u2019ont pas servi l'\u00e9conomie nationale\u00bb - La Sentinelle","og_description":"Intervenant devant les membres du Conseil de la nation, lors d&rsquo;une s\u00e9ance consacr\u00e9e \u00e0 la pr\u00e9sentation et au d\u00e9bat de","og_url":"https:\/\/lasentinelle.dz\/index.php\/2022\/04\/20\/abderrachid-tabi-ministre-de-la-justice-garde-des-sceaux-les-denonciations-anonymes-nont-pas-servi-leconomie-nationale\/","og_site_name":"La Sentinelle","article_publisher":"https:\/\/www.facebook.com\/La-Sentinelle-104059864394773","article_published_time":"2022-04-19T23:01:00+00:00","og_image":[{"width":1427,"height":900,"url":"https:\/\/lasentinelle.dz\/wp-content\/uploads\/2021\/12\/rachid-tabi.png","type":"image\/png"}],"author":"La Sentinelle","twitter_card":"summary_large_image","twitter_misc":{"\u00c9crit par":"La Sentinelle","Dur\u00e9e de lecture estim\u00e9e":"3 minutes"},"schema":{"@context":"https:\/\/schema.org","@graph":[{"@type":"Article","@id":"https:\/\/lasentinelle.dz\/index.php\/2022\/04\/20\/abderrachid-tabi-ministre-de-la-justice-garde-des-sceaux-les-denonciations-anonymes-nont-pas-servi-leconomie-nationale\/#article","isPartOf":{"@id":"https:\/\/lasentinelle.dz\/index.php\/2022\/04\/20\/abderrachid-tabi-ministre-de-la-justice-garde-des-sceaux-les-denonciations-anonymes-nont-pas-servi-leconomie-nationale\/"},"author":{"name":"La Sentinelle","@id":"https:\/\/lasentinelle.dz\/#\/schema\/person\/d865044e22e70a75174ce8bcad3acfb3"},"headline":"Abderrachid\u00a0Tabi, ministre de la Justice, Garde des sceaux\u00a0:\u00a0\u00abLes\u00a0d\u00e9nonciations\u00a0anonymes n\u2019ont pas servi l&rsquo;\u00e9conomie nationale\u00bb","datePublished":"2022-04-19T23:01:00+00:00","mainEntityOfPage":{"@id":"https:\/\/lasentinelle.dz\/index.php\/2022\/04\/20\/abderrachid-tabi-ministre-de-la-justice-garde-des-sceaux-les-denonciations-anonymes-nont-pas-servi-leconomie-nationale\/"},"wordCount":581,"commentCount":0,"publisher":{"@id":"https:\/\/lasentinelle.dz\/#organization"},"image":{"@id":"https:\/\/lasentinelle.dz\/index.php\/2022\/04\/20\/abderrachid-tabi-ministre-de-la-justice-garde-des-sceaux-les-denonciations-anonymes-nont-pas-servi-leconomie-nationale\/#primaryimage"},"thumbnailUrl":"https:\/\/lasentinelle.dz\/wp-content\/uploads\/2021\/12\/rachid-tabi.png","articleSection":["Actualit\u00e9"],"inLanguage":"fr-FR","potentialAction":[{"@type":"CommentAction","name":"Comment","target":["https:\/\/lasentinelle.dz\/index.php\/2022\/04\/20\/abderrachid-tabi-ministre-de-la-justice-garde-des-sceaux-les-denonciations-anonymes-nont-pas-servi-leconomie-nationale\/#respond"]}]},{"@type":"WebPage","@id":"https:\/\/lasentinelle.dz\/index.php\/2022\/04\/20\/abderrachid-tabi-ministre-de-la-justice-garde-des-sceaux-les-denonciations-anonymes-nont-pas-servi-leconomie-nationale\/","url":"https:\/\/lasentinelle.dz\/index.php\/2022\/04\/20\/abderrachid-tabi-ministre-de-la-justice-garde-des-sceaux-les-denonciations-anonymes-nont-pas-servi-leconomie-nationale\/","name":"Abderrachid\u00a0Tabi, ministre de la Justice, Garde des sceaux\u00a0:\u00a0\u00abLes\u00a0d\u00e9nonciations\u00a0anonymes n\u2019ont pas servi l'\u00e9conomie nationale\u00bb - La Sentinelle","isPartOf":{"@id":"https:\/\/lasentinelle.dz\/#website"},"primaryImageOfPage":{"@id":"https:\/\/lasentinelle.dz\/index.php\/2022\/04\/20\/abderrachid-tabi-ministre-de-la-justice-garde-des-sceaux-les-denonciations-anonymes-nont-pas-servi-leconomie-nationale\/#primaryimage"},"image":{"@id":"https:\/\/lasentinelle.dz\/index.php\/2022\/04\/20\/abderrachid-tabi-ministre-de-la-justice-garde-des-sceaux-les-denonciations-anonymes-nont-pas-servi-leconomie-nationale\/#primaryimage"},"thumbnailUrl":"https:\/\/lasentinelle.dz\/wp-content\/uploads\/2021\/12\/rachid-tabi.png","datePublished":"2022-04-19T23:01:00+00:00","breadcrumb":{"@id":"https:\/\/lasentinelle.dz\/index.php\/2022\/04\/20\/abderrachid-tabi-ministre-de-la-justice-garde-des-sceaux-les-denonciations-anonymes-nont-pas-servi-leconomie-nationale\/#breadcrumb"},"inLanguage":"fr-FR","potentialAction":[{"@type":"ReadAction","target":["https:\/\/lasentinelle.dz\/index.php\/2022\/04\/20\/abderrachid-tabi-ministre-de-la-justice-garde-des-sceaux-les-denonciations-anonymes-nont-pas-servi-leconomie-nationale\/"]}]},{"@type":"ImageObject","inLanguage":"fr-FR","@id":"https:\/\/lasentinelle.dz\/index.php\/2022\/04\/20\/abderrachid-tabi-ministre-de-la-justice-garde-des-sceaux-les-denonciations-anonymes-nont-pas-servi-leconomie-nationale\/#primaryimage","url":"https:\/\/lasentinelle.dz\/wp-content\/uploads\/2021\/12\/rachid-tabi.png","contentUrl":"https:\/\/lasentinelle.dz\/wp-content\/uploads\/2021\/12\/rachid-tabi.png","width":1427,"height":900},{"@type":"BreadcrumbList","@id":"https:\/\/lasentinelle.dz\/index.php\/2022\/04\/20\/abderrachid-tabi-ministre-de-la-justice-garde-des-sceaux-les-denonciations-anonymes-nont-pas-servi-leconomie-nationale\/#breadcrumb","itemListElement":[{"@type":"ListItem","position":1,"name":"Accueil","item":"https:\/\/lasentinelle.dz\/"},{"@type":"ListItem","position":2,"name":"Abderrachid\u00a0Tabi, ministre de la Justice, Garde des sceaux\u00a0:\u00a0\u00abLes\u00a0d\u00e9nonciations\u00a0anonymes n\u2019ont pas servi l&rsquo;\u00e9conomie nationale\u00bb"}]},{"@type":"WebSite","@id":"https:\/\/lasentinelle.dz\/#website","url":"https:\/\/lasentinelle.dz\/","name":"La Sentinelle","description":"Quotidien national d&#039;information","publisher":{"@id":"https:\/\/lasentinelle.dz\/#organization"},"potentialAction":[{"@type":"SearchAction","target":{"@type":"EntryPoint","urlTemplate":"https:\/\/lasentinelle.dz\/?s={search_term_string}"},"query-input":{"@type":"PropertyValueSpecification","valueRequired":true,"valueName":"search_term_string"}}],"inLanguage":"fr-FR"},{"@type":"Organization","@id":"https:\/\/lasentinelle.dz\/#organization","name":"Quotidien La Sentinelle","url":"https:\/\/lasentinelle.dz\/","logo":{"@type":"ImageObject","inLanguage":"fr-FR","@id":"https:\/\/lasentinelle.dz\/#\/schema\/logo\/image\/","url":"https:\/\/lasentinelle.dz\/wp-content\/uploads\/2021\/09\/logo-sentinelleSLOGAN-1.png","contentUrl":"https:\/\/lasentinelle.dz\/wp-content\/uploads\/2021\/09\/logo-sentinelleSLOGAN-1.png","width":615,"height":142,"caption":"Quotidien La Sentinelle"},"image":{"@id":"https:\/\/lasentinelle.dz\/#\/schema\/logo\/image\/"},"sameAs":["https:\/\/www.facebook.com\/La-Sentinelle-104059864394773"]},{"@type":"Person","@id":"https:\/\/lasentinelle.dz\/#\/schema\/person\/d865044e22e70a75174ce8bcad3acfb3","name":"La Sentinelle","image":{"@type":"ImageObject","inLanguage":"fr-FR","@id":"https:\/\/secure.gravatar.com\/avatar\/57de8e5d4b15d43fb361a71fbb36338450fe67865b528a43dd10ef7c51a20392?s=96&d=mm&r=g","url":"https:\/\/secure.gravatar.com\/avatar\/57de8e5d4b15d43fb361a71fbb36338450fe67865b528a43dd10ef7c51a20392?s=96&d=mm&r=g","contentUrl":"https:\/\/secure.gravatar.com\/avatar\/57de8e5d4b15d43fb361a71fbb36338450fe67865b528a43dd10ef7c51a20392?s=96&d=mm&r=g","caption":"La Sentinelle"},"sameAs":["http:\/\/www.lasentinelle.dz"],"url":"https:\/\/lasentinelle.dz\/author\/redaction\/"}]}},"_links":{"self":[{"href":"https:\/\/lasentinelle.dz\/index.php\/wp-json\/wp\/v2\/posts\/20113","targetHints":{"allow":["GET"]}}],"collection":[{"href":"https:\/\/lasentinelle.dz\/index.php\/wp-json\/wp\/v2\/posts"}],"about":[{"href":"https:\/\/lasentinelle.dz\/index.php\/wp-json\/wp\/v2\/types\/post"}],"author":[{"embeddable":true,"href":"https:\/\/lasentinelle.dz\/index.php\/wp-json\/wp\/v2\/users\/3"}],"replies":[{"embeddable":true,"href":"https:\/\/lasentinelle.dz\/index.php\/wp-json\/wp\/v2\/comments?post=20113"}],"version-history":[{"count":1,"href":"https:\/\/lasentinelle.dz\/index.php\/wp-json\/wp\/v2\/posts\/20113\/revisions"}],"predecessor-version":[{"id":20124,"href":"https:\/\/lasentinelle.dz\/index.php\/wp-json\/wp\/v2\/posts\/20113\/revisions\/20124"}],"wp:featuredmedia":[{"embeddable":true,"href":"https:\/\/lasentinelle.dz\/index.php\/wp-json\/wp\/v2\/media\/15429"}],"wp:attachment":[{"href":"https:\/\/lasentinelle.dz\/index.php\/wp-json\/wp\/v2\/media?parent=20113"}],"wp:term":[{"taxonomy":"category","embeddable":true,"href":"https:\/\/lasentinelle.dz\/index.php\/wp-json\/wp\/v2\/categories?post=20113"},{"taxonomy":"post_tag","embeddable":true,"href":"https:\/\/lasentinelle.dz\/index.php\/wp-json\/wp\/v2\/tags?post=20113"}],"curies":[{"name":"wp","href":"https:\/\/api.w.org\/{rel}","templated":true}]}}