{"id":2014,"date":"2021-07-24T00:01:00","date_gmt":"2021-07-23T23:01:00","guid":{"rendered":"https:\/\/lasentinelle.dz\/?p=2014"},"modified":"2021-07-23T19:26:31","modified_gmt":"2021-07-23T18:26:31","slug":"les-partis-politiques-continuent-de-denoncer-les-manoeuvres-du-makhzen-la-classe-politique-fait-front","status":"publish","type":"post","link":"https:\/\/lasentinelle.dz\/index.php\/2021\/07\/24\/les-partis-politiques-continuent-de-denoncer-les-manoeuvres-du-makhzen-la-classe-politique-fait-front\/","title":{"rendered":"Les partis politiques continuent de d\u00e9noncer les man\u0153uvres du Makhzen : La classe politique fait front"},"content":{"rendered":"\n<p>La&nbsp; classe politique nationale fait front les man\u0153uvres du Makhzen qui ciblent l\u2019Alg\u00e9rie et d\u00e9noncent avec vigueur la d\u00e9marche du repr\u00e9sentant permanent du r\u00e9gime marocain aux Nations Unies qui affiche un soutien \u00e0 un pr\u00e9tendu \u00ab&nbsp;droit \u00e0 l\u2019autod\u00e9termination du peuple kabyle&nbsp;\u00bb.<\/p>\n\n\n\n<p>Le Parti des travailleurs (PT),&nbsp; a dans un communiqu\u00e9 rendu public, qualifi\u00e9 de \u00ab d\u00e9rive \u00bb, la d\u00e9claration du diplomate marocain, estimant que \u00ab cela rel\u00e8ve d\u2019une d\u00e9marche belliqueuse visant l\u2019unit\u00e9 et l\u2019homog\u00e9n\u00e9it\u00e9 de l\u2019Alg\u00e9rie \u00bb. Le parti de Louisa Hanoune, \u00e9tabli un lien entre la d\u00e9claration du repr\u00e9sentant du r\u00e9gime Marocain au sein de l\u2019ONU et le r\u00e9tablissement de ses accords avec l\u2019entit\u00e9 sioniste, apr\u00e8s \u00ab un pr\u00e9tendu&nbsp; stand by&nbsp; de vingt ans \u00bb, mettant en garde contre \u00ab les menaces contre la stabilit\u00e9&nbsp; dans la r\u00e9gion du grand&nbsp; Maghreb et de ses peuples \u00bb.<\/p>\n\n\n\n<p>\u00ab La d\u00e9marche du repr\u00e9sentant du r\u00e9gime Marocain, est en ad\u00e9quation avec le plan&nbsp; US de l\u2019ann\u00e9e&nbsp; 2002 de cr\u00e9ation du Grand Moyen-Orient (GMO), visant l\u2019\u00e9clatement des nations \u00e0 partir des Philippines jusqu\u2019en Mauritanie et ce, en se basant sur des consid\u00e9rations religieuses, ethniques ou tribales \u00bb, tenait \u00e0 rappeler&nbsp; dans son communiqu\u00e9 le PT qui affirme que \u00ab le Maroc fr\u00e8re est \u00e9galement concern\u00e9 par ce plan (GMO) \u00bb.<\/p>\n\n\n\n<p>Le PT r\u00e9affirme son \u00ab attachement en faveur de la paix dans la r\u00e9gion et les liens de fraternit\u00e9s,&nbsp; entre les peuples du Maghreb que les traditions du mouvement de l\u2019\u00e9toile Nord-africaine a fait asseoir \u00bb. Le parti EL Fadjr El Djadid, a par la voix de son premier responsable Tahar Benbaibeche, a qualifi\u00e9 de \u00ab vil \u00bb le but recherch\u00e9 par le Makhzen \u00e0 travers la d\u00e9claration de son repr\u00e9sentant \u00e0 l\u2019ONU, \u00ab qui vise l\u2019unit\u00e9 nationale et la stabilit\u00e9 du pays \u00bb, appelant le r\u00e9gime marocain \u00ab \u00e0 clarifier sa position officielle vis-\u00e0-vis de cette sortie dont l\u2019auteur est son repr\u00e9sentant \u00e0 l\u2019ONU \u00bb. L\u2019autre formation politique qui s\u2019est \u00e9lev\u00e9e contre la d\u00e9claration du repr\u00e9sentant du Makhzen au sein de l\u2019ONU, est celui de Talai El Houriat (Avant-garde des libert\u00e9s \u00bb, qui dans son communiqu\u00e9,&nbsp; a qualifi\u00e9 \u00ab de manoeuvre dangereuse \u00bb et de \u00ab d\u00e9rive \u00bb&nbsp; \u00e0 laquelle s\u2019est adonn\u00e9e la diplomatie Marocaine dans \u00ab sa d\u00e9marche belliqueuse contre l\u2019Alg\u00e9rie \u00bb.<\/p>\n\n\n\n<p>Le parti pr\u00e9sente cette d\u00e9claration comme \u00ab un acte belliqueux et une attitude provocatrice grave et une man\u0153uvre d\u00e9sesp\u00e9r\u00e9e visant \u00e0 d\u00e9tourner le regard sur la question sahraouie qui est une question de d\u00e9colonisation \u00bb, r\u00e9affirmant que \u00ab la terre alg\u00e9rienne est une et indivisible arrach\u00e9e d\u00e9fendue par des pans entiers de chouhadas, ayant vers\u00e9 leur sang dans chaque parcelle \u00bb. Pour rappel, d\u2019autres partis politiques, comme le FLN, le RND, le FFS, Jil Jadid et tant d\u2019autres personnalit\u00e9s politiques comme l\u2019ancien ministre Abelaziz Rehabi, ont \u00e0 l\u2019unanimit\u00e9, condamn\u00e9 la d\u00e9claration du diplomate du Makhzen tous l\u2019ayant qualifi\u00e9 de d\u00e9marche belliqueuse contre l\u2019Alg\u00e9rie et son peuple.<\/p>\n\n\n\n<p><strong>Idir Yaghmoracen<\/strong><\/p>\n","protected":false},"excerpt":{"rendered":"<p>La&nbsp; classe politique nationale fait front les man\u0153uvres du Makhzen qui ciblent l\u2019Alg\u00e9rie et d\u00e9noncent avec vigueur la d\u00e9marche du<\/p>\n","protected":false},"author":3,"featured_media":2024,"comment_status":"open","ping_status":"closed","sticky":false,"template":"","format":"standard","meta":{"colormag_page_container_layout":"default_layout","colormag_page_sidebar_layout":"default_layout","om_disable_all_campaigns":false,"_monsterinsights_skip_tracking":false,"_monsterinsights_sitenote_active":false,"_monsterinsights_sitenote_note":"","_monsterinsights_sitenote_category":0,"footnotes":"","_wpscppro_dont_share_socialmedia":false,"_wpscppro_custom_social_share_image":0,"_facebook_share_type":"","_twitter_share_type":"","_linkedin_share_type":"","_pinterest_share_type":"","_linkedin_share_type_page":"","_instagram_share_type":"","_medium_share_type":"","_threads_share_type":"","_google_business_share_type":"","_selected_social_profile":[],"_wpsp_enable_custom_social_template":false,"_wpsp_social_scheduling":{"enabled":false,"datetime":null,"platforms":[],"status":"template_only","dateOption":"today","timeOption":"now","customDays":"","customHours":"","customDate":"","customTime":"","schedulingType":"absolute"},"_wpsp_active_default_template":true},"categories":[27],"tags":[],"class_list":["post-2014","post","type-post","status-publish","format-standard","has-post-thumbnail","hentry","category-actualite"],"aioseo_notices":[],"yoast_head":"<!-- This site is optimized with the Yoast SEO plugin v27.5 - https:\/\/yoast.com\/product\/yoast-seo-wordpress\/ -->\n<title>Les partis politiques continuent de d\u00e9noncer les man\u0153uvres du Makhzen : La classe politique fait front - La Sentinelle<\/title>\n<meta name=\"robots\" content=\"index, follow, max-snippet:-1, max-image-preview:large, max-video-preview:-1\" \/>\n<link rel=\"canonical\" href=\"https:\/\/lasentinelle.dz\/index.php\/2021\/07\/24\/les-partis-politiques-continuent-de-denoncer-les-manoeuvres-du-makhzen-la-classe-politique-fait-front\/\" \/>\n<meta property=\"og:locale\" content=\"fr_FR\" \/>\n<meta property=\"og:type\" content=\"article\" \/>\n<meta property=\"og:title\" content=\"Les partis politiques continuent de d\u00e9noncer les man\u0153uvres du Makhzen : La classe politique fait front - La Sentinelle\" \/>\n<meta property=\"og:description\" content=\"La&nbsp; classe politique nationale fait front les man\u0153uvres du Makhzen qui ciblent l\u2019Alg\u00e9rie et d\u00e9noncent avec vigueur la d\u00e9marche du\" \/>\n<meta property=\"og:url\" content=\"https:\/\/lasentinelle.dz\/index.php\/2021\/07\/24\/les-partis-politiques-continuent-de-denoncer-les-manoeuvres-du-makhzen-la-classe-politique-fait-front\/\" \/>\n<meta property=\"og:site_name\" content=\"La Sentinelle\" \/>\n<meta property=\"article:publisher\" content=\"https:\/\/www.facebook.com\/La-Sentinelle-104059864394773\" \/>\n<meta property=\"article:published_time\" content=\"2021-07-23T23:01:00+00:00\" \/>\n<meta property=\"og:image\" content=\"https:\/\/lasentinelle.dz\/wp-content\/uploads\/2021\/07\/hillal.png\" \/>\n\t<meta property=\"og:image:width\" content=\"1628\" \/>\n\t<meta property=\"og:image:height\" content=\"900\" \/>\n\t<meta property=\"og:image:type\" content=\"image\/png\" \/>\n<meta name=\"author\" content=\"La Sentinelle\" \/>\n<meta name=\"twitter:card\" content=\"summary_large_image\" \/>\n<meta name=\"twitter:label1\" content=\"\u00c9crit par\" \/>\n\t<meta name=\"twitter:data1\" content=\"La Sentinelle\" \/>\n\t<meta name=\"twitter:label2\" content=\"Dur\u00e9e de lecture estim\u00e9e\" \/>\n\t<meta name=\"twitter:data2\" content=\"2 minutes\" \/>\n<script type=\"application\/ld+json\" class=\"yoast-schema-graph\">{\"@context\":\"https:\\\/\\\/schema.org\",\"@graph\":[{\"@type\":\"Article\",\"@id\":\"https:\\\/\\\/lasentinelle.dz\\\/index.php\\\/2021\\\/07\\\/24\\\/les-partis-politiques-continuent-de-denoncer-les-manoeuvres-du-makhzen-la-classe-politique-fait-front\\\/#article\",\"isPartOf\":{\"@id\":\"https:\\\/\\\/lasentinelle.dz\\\/index.php\\\/2021\\\/07\\\/24\\\/les-partis-politiques-continuent-de-denoncer-les-manoeuvres-du-makhzen-la-classe-politique-fait-front\\\/\"},\"author\":{\"name\":\"La Sentinelle\",\"@id\":\"https:\\\/\\\/lasentinelle.dz\\\/#\\\/schema\\\/person\\\/d865044e22e70a75174ce8bcad3acfb3\"},\"headline\":\"Les partis politiques continuent de d\u00e9noncer les man\u0153uvres du Makhzen : La classe politique fait front\",\"datePublished\":\"2021-07-23T23:01:00+00:00\",\"mainEntityOfPage\":{\"@id\":\"https:\\\/\\\/lasentinelle.dz\\\/index.php\\\/2021\\\/07\\\/24\\\/les-partis-politiques-continuent-de-denoncer-les-manoeuvres-du-makhzen-la-classe-politique-fait-front\\\/\"},\"wordCount\":556,\"commentCount\":0,\"publisher\":{\"@id\":\"https:\\\/\\\/lasentinelle.dz\\\/#organization\"},\"image\":{\"@id\":\"https:\\\/\\\/lasentinelle.dz\\\/index.php\\\/2021\\\/07\\\/24\\\/les-partis-politiques-continuent-de-denoncer-les-manoeuvres-du-makhzen-la-classe-politique-fait-front\\\/#primaryimage\"},\"thumbnailUrl\":\"https:\\\/\\\/lasentinelle.dz\\\/wp-content\\\/uploads\\\/2021\\\/07\\\/hillal.png\",\"articleSection\":[\"Actualit\u00e9\"],\"inLanguage\":\"fr-FR\",\"potentialAction\":[{\"@type\":\"CommentAction\",\"name\":\"Comment\",\"target\":[\"https:\\\/\\\/lasentinelle.dz\\\/index.php\\\/2021\\\/07\\\/24\\\/les-partis-politiques-continuent-de-denoncer-les-manoeuvres-du-makhzen-la-classe-politique-fait-front\\\/#respond\"]}]},{\"@type\":\"WebPage\",\"@id\":\"https:\\\/\\\/lasentinelle.dz\\\/index.php\\\/2021\\\/07\\\/24\\\/les-partis-politiques-continuent-de-denoncer-les-manoeuvres-du-makhzen-la-classe-politique-fait-front\\\/\",\"url\":\"https:\\\/\\\/lasentinelle.dz\\\/index.php\\\/2021\\\/07\\\/24\\\/les-partis-politiques-continuent-de-denoncer-les-manoeuvres-du-makhzen-la-classe-politique-fait-front\\\/\",\"name\":\"Les partis politiques continuent de d\u00e9noncer les man\u0153uvres du Makhzen : La classe politique fait front - La Sentinelle\",\"isPartOf\":{\"@id\":\"https:\\\/\\\/lasentinelle.dz\\\/#website\"},\"primaryImageOfPage\":{\"@id\":\"https:\\\/\\\/lasentinelle.dz\\\/index.php\\\/2021\\\/07\\\/24\\\/les-partis-politiques-continuent-de-denoncer-les-manoeuvres-du-makhzen-la-classe-politique-fait-front\\\/#primaryimage\"},\"image\":{\"@id\":\"https:\\\/\\\/lasentinelle.dz\\\/index.php\\\/2021\\\/07\\\/24\\\/les-partis-politiques-continuent-de-denoncer-les-manoeuvres-du-makhzen-la-classe-politique-fait-front\\\/#primaryimage\"},\"thumbnailUrl\":\"https:\\\/\\\/lasentinelle.dz\\\/wp-content\\\/uploads\\\/2021\\\/07\\\/hillal.png\",\"datePublished\":\"2021-07-23T23:01:00+00:00\",\"breadcrumb\":{\"@id\":\"https:\\\/\\\/lasentinelle.dz\\\/index.php\\\/2021\\\/07\\\/24\\\/les-partis-politiques-continuent-de-denoncer-les-manoeuvres-du-makhzen-la-classe-politique-fait-front\\\/#breadcrumb\"},\"inLanguage\":\"fr-FR\",\"potentialAction\":[{\"@type\":\"ReadAction\",\"target\":[\"https:\\\/\\\/lasentinelle.dz\\\/index.php\\\/2021\\\/07\\\/24\\\/les-partis-politiques-continuent-de-denoncer-les-manoeuvres-du-makhzen-la-classe-politique-fait-front\\\/\"]}]},{\"@type\":\"ImageObject\",\"inLanguage\":\"fr-FR\",\"@id\":\"https:\\\/\\\/lasentinelle.dz\\\/index.php\\\/2021\\\/07\\\/24\\\/les-partis-politiques-continuent-de-denoncer-les-manoeuvres-du-makhzen-la-classe-politique-fait-front\\\/#primaryimage\",\"url\":\"https:\\\/\\\/lasentinelle.dz\\\/wp-content\\\/uploads\\\/2021\\\/07\\\/hillal.png\",\"contentUrl\":\"https:\\\/\\\/lasentinelle.dz\\\/wp-content\\\/uploads\\\/2021\\\/07\\\/hillal.png\",\"width\":1628,\"height\":900},{\"@type\":\"BreadcrumbList\",\"@id\":\"https:\\\/\\\/lasentinelle.dz\\\/index.php\\\/2021\\\/07\\\/24\\\/les-partis-politiques-continuent-de-denoncer-les-manoeuvres-du-makhzen-la-classe-politique-fait-front\\\/#breadcrumb\",\"itemListElement\":[{\"@type\":\"ListItem\",\"position\":1,\"name\":\"Accueil\",\"item\":\"https:\\\/\\\/lasentinelle.dz\\\/\"},{\"@type\":\"ListItem\",\"position\":2,\"name\":\"Les partis politiques continuent de d\u00e9noncer les man\u0153uvres du Makhzen : La classe politique fait front\"}]},{\"@type\":\"WebSite\",\"@id\":\"https:\\\/\\\/lasentinelle.dz\\\/#website\",\"url\":\"https:\\\/\\\/lasentinelle.dz\\\/\",\"name\":\"La Sentinelle\",\"description\":\"Quotidien national d&#039;information\",\"publisher\":{\"@id\":\"https:\\\/\\\/lasentinelle.dz\\\/#organization\"},\"potentialAction\":[{\"@type\":\"SearchAction\",\"target\":{\"@type\":\"EntryPoint\",\"urlTemplate\":\"https:\\\/\\\/lasentinelle.dz\\\/?s={search_term_string}\"},\"query-input\":{\"@type\":\"PropertyValueSpecification\",\"valueRequired\":true,\"valueName\":\"search_term_string\"}}],\"inLanguage\":\"fr-FR\"},{\"@type\":\"Organization\",\"@id\":\"https:\\\/\\\/lasentinelle.dz\\\/#organization\",\"name\":\"Quotidien La Sentinelle\",\"url\":\"https:\\\/\\\/lasentinelle.dz\\\/\",\"logo\":{\"@type\":\"ImageObject\",\"inLanguage\":\"fr-FR\",\"@id\":\"https:\\\/\\\/lasentinelle.dz\\\/#\\\/schema\\\/logo\\\/image\\\/\",\"url\":\"https:\\\/\\\/lasentinelle.dz\\\/wp-content\\\/uploads\\\/2021\\\/09\\\/logo-sentinelleSLOGAN-1.png\",\"contentUrl\":\"https:\\\/\\\/lasentinelle.dz\\\/wp-content\\\/uploads\\\/2021\\\/09\\\/logo-sentinelleSLOGAN-1.png\",\"width\":615,\"height\":142,\"caption\":\"Quotidien La Sentinelle\"},\"image\":{\"@id\":\"https:\\\/\\\/lasentinelle.dz\\\/#\\\/schema\\\/logo\\\/image\\\/\"},\"sameAs\":[\"https:\\\/\\\/www.facebook.com\\\/La-Sentinelle-104059864394773\"]},{\"@type\":\"Person\",\"@id\":\"https:\\\/\\\/lasentinelle.dz\\\/#\\\/schema\\\/person\\\/d865044e22e70a75174ce8bcad3acfb3\",\"name\":\"La Sentinelle\",\"image\":{\"@type\":\"ImageObject\",\"inLanguage\":\"fr-FR\",\"@id\":\"https:\\\/\\\/secure.gravatar.com\\\/avatar\\\/57de8e5d4b15d43fb361a71fbb36338450fe67865b528a43dd10ef7c51a20392?s=96&d=mm&r=g\",\"url\":\"https:\\\/\\\/secure.gravatar.com\\\/avatar\\\/57de8e5d4b15d43fb361a71fbb36338450fe67865b528a43dd10ef7c51a20392?s=96&d=mm&r=g\",\"contentUrl\":\"https:\\\/\\\/secure.gravatar.com\\\/avatar\\\/57de8e5d4b15d43fb361a71fbb36338450fe67865b528a43dd10ef7c51a20392?s=96&d=mm&r=g\",\"caption\":\"La Sentinelle\"},\"sameAs\":[\"http:\\\/\\\/www.lasentinelle.dz\"],\"url\":\"https:\\\/\\\/lasentinelle.dz\\\/author\\\/redaction\\\/\"}]}<\/script>\n<!-- \/ Yoast SEO plugin. -->","yoast_head_json":{"title":"Les partis politiques continuent de d\u00e9noncer les man\u0153uvres du Makhzen : La classe politique fait front - La Sentinelle","robots":{"index":"index","follow":"follow","max-snippet":"max-snippet:-1","max-image-preview":"max-image-preview:large","max-video-preview":"max-video-preview:-1"},"canonical":"https:\/\/lasentinelle.dz\/index.php\/2021\/07\/24\/les-partis-politiques-continuent-de-denoncer-les-manoeuvres-du-makhzen-la-classe-politique-fait-front\/","og_locale":"fr_FR","og_type":"article","og_title":"Les partis politiques continuent de d\u00e9noncer les man\u0153uvres du Makhzen : La classe politique fait front - La Sentinelle","og_description":"La&nbsp; classe politique nationale fait front les man\u0153uvres du Makhzen qui ciblent l\u2019Alg\u00e9rie et d\u00e9noncent avec vigueur la d\u00e9marche du","og_url":"https:\/\/lasentinelle.dz\/index.php\/2021\/07\/24\/les-partis-politiques-continuent-de-denoncer-les-manoeuvres-du-makhzen-la-classe-politique-fait-front\/","og_site_name":"La Sentinelle","article_publisher":"https:\/\/www.facebook.com\/La-Sentinelle-104059864394773","article_published_time":"2021-07-23T23:01:00+00:00","og_image":[{"width":1628,"height":900,"url":"https:\/\/lasentinelle.dz\/wp-content\/uploads\/2021\/07\/hillal.png","type":"image\/png"}],"author":"La Sentinelle","twitter_card":"summary_large_image","twitter_misc":{"\u00c9crit par":"La Sentinelle","Dur\u00e9e de lecture estim\u00e9e":"2 minutes"},"schema":{"@context":"https:\/\/schema.org","@graph":[{"@type":"Article","@id":"https:\/\/lasentinelle.dz\/index.php\/2021\/07\/24\/les-partis-politiques-continuent-de-denoncer-les-manoeuvres-du-makhzen-la-classe-politique-fait-front\/#article","isPartOf":{"@id":"https:\/\/lasentinelle.dz\/index.php\/2021\/07\/24\/les-partis-politiques-continuent-de-denoncer-les-manoeuvres-du-makhzen-la-classe-politique-fait-front\/"},"author":{"name":"La Sentinelle","@id":"https:\/\/lasentinelle.dz\/#\/schema\/person\/d865044e22e70a75174ce8bcad3acfb3"},"headline":"Les partis politiques continuent de d\u00e9noncer les man\u0153uvres du Makhzen : La classe politique fait front","datePublished":"2021-07-23T23:01:00+00:00","mainEntityOfPage":{"@id":"https:\/\/lasentinelle.dz\/index.php\/2021\/07\/24\/les-partis-politiques-continuent-de-denoncer-les-manoeuvres-du-makhzen-la-classe-politique-fait-front\/"},"wordCount":556,"commentCount":0,"publisher":{"@id":"https:\/\/lasentinelle.dz\/#organization"},"image":{"@id":"https:\/\/lasentinelle.dz\/index.php\/2021\/07\/24\/les-partis-politiques-continuent-de-denoncer-les-manoeuvres-du-makhzen-la-classe-politique-fait-front\/#primaryimage"},"thumbnailUrl":"https:\/\/lasentinelle.dz\/wp-content\/uploads\/2021\/07\/hillal.png","articleSection":["Actualit\u00e9"],"inLanguage":"fr-FR","potentialAction":[{"@type":"CommentAction","name":"Comment","target":["https:\/\/lasentinelle.dz\/index.php\/2021\/07\/24\/les-partis-politiques-continuent-de-denoncer-les-manoeuvres-du-makhzen-la-classe-politique-fait-front\/#respond"]}]},{"@type":"WebPage","@id":"https:\/\/lasentinelle.dz\/index.php\/2021\/07\/24\/les-partis-politiques-continuent-de-denoncer-les-manoeuvres-du-makhzen-la-classe-politique-fait-front\/","url":"https:\/\/lasentinelle.dz\/index.php\/2021\/07\/24\/les-partis-politiques-continuent-de-denoncer-les-manoeuvres-du-makhzen-la-classe-politique-fait-front\/","name":"Les partis politiques continuent de d\u00e9noncer les man\u0153uvres du Makhzen : La classe politique fait front - La Sentinelle","isPartOf":{"@id":"https:\/\/lasentinelle.dz\/#website"},"primaryImageOfPage":{"@id":"https:\/\/lasentinelle.dz\/index.php\/2021\/07\/24\/les-partis-politiques-continuent-de-denoncer-les-manoeuvres-du-makhzen-la-classe-politique-fait-front\/#primaryimage"},"image":{"@id":"https:\/\/lasentinelle.dz\/index.php\/2021\/07\/24\/les-partis-politiques-continuent-de-denoncer-les-manoeuvres-du-makhzen-la-classe-politique-fait-front\/#primaryimage"},"thumbnailUrl":"https:\/\/lasentinelle.dz\/wp-content\/uploads\/2021\/07\/hillal.png","datePublished":"2021-07-23T23:01:00+00:00","breadcrumb":{"@id":"https:\/\/lasentinelle.dz\/index.php\/2021\/07\/24\/les-partis-politiques-continuent-de-denoncer-les-manoeuvres-du-makhzen-la-classe-politique-fait-front\/#breadcrumb"},"inLanguage":"fr-FR","potentialAction":[{"@type":"ReadAction","target":["https:\/\/lasentinelle.dz\/index.php\/2021\/07\/24\/les-partis-politiques-continuent-de-denoncer-les-manoeuvres-du-makhzen-la-classe-politique-fait-front\/"]}]},{"@type":"ImageObject","inLanguage":"fr-FR","@id":"https:\/\/lasentinelle.dz\/index.php\/2021\/07\/24\/les-partis-politiques-continuent-de-denoncer-les-manoeuvres-du-makhzen-la-classe-politique-fait-front\/#primaryimage","url":"https:\/\/lasentinelle.dz\/wp-content\/uploads\/2021\/07\/hillal.png","contentUrl":"https:\/\/lasentinelle.dz\/wp-content\/uploads\/2021\/07\/hillal.png","width":1628,"height":900},{"@type":"BreadcrumbList","@id":"https:\/\/lasentinelle.dz\/index.php\/2021\/07\/24\/les-partis-politiques-continuent-de-denoncer-les-manoeuvres-du-makhzen-la-classe-politique-fait-front\/#breadcrumb","itemListElement":[{"@type":"ListItem","position":1,"name":"Accueil","item":"https:\/\/lasentinelle.dz\/"},{"@type":"ListItem","position":2,"name":"Les partis politiques continuent de d\u00e9noncer les man\u0153uvres du Makhzen : La classe politique fait front"}]},{"@type":"WebSite","@id":"https:\/\/lasentinelle.dz\/#website","url":"https:\/\/lasentinelle.dz\/","name":"La Sentinelle","description":"Quotidien national d&#039;information","publisher":{"@id":"https:\/\/lasentinelle.dz\/#organization"},"potentialAction":[{"@type":"SearchAction","target":{"@type":"EntryPoint","urlTemplate":"https:\/\/lasentinelle.dz\/?s={search_term_string}"},"query-input":{"@type":"PropertyValueSpecification","valueRequired":true,"valueName":"search_term_string"}}],"inLanguage":"fr-FR"},{"@type":"Organization","@id":"https:\/\/lasentinelle.dz\/#organization","name":"Quotidien La Sentinelle","url":"https:\/\/lasentinelle.dz\/","logo":{"@type":"ImageObject","inLanguage":"fr-FR","@id":"https:\/\/lasentinelle.dz\/#\/schema\/logo\/image\/","url":"https:\/\/lasentinelle.dz\/wp-content\/uploads\/2021\/09\/logo-sentinelleSLOGAN-1.png","contentUrl":"https:\/\/lasentinelle.dz\/wp-content\/uploads\/2021\/09\/logo-sentinelleSLOGAN-1.png","width":615,"height":142,"caption":"Quotidien La Sentinelle"},"image":{"@id":"https:\/\/lasentinelle.dz\/#\/schema\/logo\/image\/"},"sameAs":["https:\/\/www.facebook.com\/La-Sentinelle-104059864394773"]},{"@type":"Person","@id":"https:\/\/lasentinelle.dz\/#\/schema\/person\/d865044e22e70a75174ce8bcad3acfb3","name":"La Sentinelle","image":{"@type":"ImageObject","inLanguage":"fr-FR","@id":"https:\/\/secure.gravatar.com\/avatar\/57de8e5d4b15d43fb361a71fbb36338450fe67865b528a43dd10ef7c51a20392?s=96&d=mm&r=g","url":"https:\/\/secure.gravatar.com\/avatar\/57de8e5d4b15d43fb361a71fbb36338450fe67865b528a43dd10ef7c51a20392?s=96&d=mm&r=g","contentUrl":"https:\/\/secure.gravatar.com\/avatar\/57de8e5d4b15d43fb361a71fbb36338450fe67865b528a43dd10ef7c51a20392?s=96&d=mm&r=g","caption":"La Sentinelle"},"sameAs":["http:\/\/www.lasentinelle.dz"],"url":"https:\/\/lasentinelle.dz\/author\/redaction\/"}]}},"_links":{"self":[{"href":"https:\/\/lasentinelle.dz\/index.php\/wp-json\/wp\/v2\/posts\/2014","targetHints":{"allow":["GET"]}}],"collection":[{"href":"https:\/\/lasentinelle.dz\/index.php\/wp-json\/wp\/v2\/posts"}],"about":[{"href":"https:\/\/lasentinelle.dz\/index.php\/wp-json\/wp\/v2\/types\/post"}],"author":[{"embeddable":true,"href":"https:\/\/lasentinelle.dz\/index.php\/wp-json\/wp\/v2\/users\/3"}],"replies":[{"embeddable":true,"href":"https:\/\/lasentinelle.dz\/index.php\/wp-json\/wp\/v2\/comments?post=2014"}],"version-history":[{"count":1,"href":"https:\/\/lasentinelle.dz\/index.php\/wp-json\/wp\/v2\/posts\/2014\/revisions"}],"predecessor-version":[{"id":2025,"href":"https:\/\/lasentinelle.dz\/index.php\/wp-json\/wp\/v2\/posts\/2014\/revisions\/2025"}],"wp:featuredmedia":[{"embeddable":true,"href":"https:\/\/lasentinelle.dz\/index.php\/wp-json\/wp\/v2\/media\/2024"}],"wp:attachment":[{"href":"https:\/\/lasentinelle.dz\/index.php\/wp-json\/wp\/v2\/media?parent=2014"}],"wp:term":[{"taxonomy":"category","embeddable":true,"href":"https:\/\/lasentinelle.dz\/index.php\/wp-json\/wp\/v2\/categories?post=2014"},{"taxonomy":"post_tag","embeddable":true,"href":"https:\/\/lasentinelle.dz\/index.php\/wp-json\/wp\/v2\/tags?post=2014"}],"curies":[{"name":"wp","href":"https:\/\/api.w.org\/{rel}","templated":true}]}}