{"id":20147,"date":"2022-04-21T00:05:00","date_gmt":"2022-04-20T23:05:00","guid":{"rendered":"https:\/\/lasentinelle.dz\/?p=20147"},"modified":"2022-04-20T21:47:33","modified_gmt":"2022-04-20T20:47:33","slug":"installation-du-haut-conseil-de-lenergie-aller-vers-les-choix-energetiques-strategiques","status":"publish","type":"post","link":"https:\/\/lasentinelle.dz\/index.php\/2022\/04\/21\/installation-du-haut-conseil-de-lenergie-aller-vers-les-choix-energetiques-strategiques\/","title":{"rendered":"Installation du Haut Conseil de l\u2019\u00e9nergie\u00a0: Aller vers les choix \u00e9nerg\u00e9tiques strat\u00e9giques"},"content":{"rendered":"\n<p>Le Haut Conseil de l\u2019\u00e9nergie a \u00e9t\u00e9 install\u00e9 mardi par le pr\u00e9sident de la R\u00e9publique. Cette instance strat\u00e9gique, qui remplace le Conseil national de l\u2019\u00e9nergie, doit d\u00e9sormais se pencher sur la pertinence des politiques \u00e9nerg\u00e9tiques, faire le point sur le potentiel \u00e9nerg\u00e9tique national, et r\u00e9fl\u00e9chir au meilleur moyen de pr\u00e9server et valoriser ce potentiel, mais aussi formuler les choix strat\u00e9giques \u00e0 venir.&nbsp;<\/p>\n\n\n\n<p>Le Haut&nbsp;Conseil de l&rsquo;\u00e9nergie&nbsp;instaur\u00e9 \u00e0&nbsp;la parution du d\u00e9cret pr\u00e9sidentiel 22-112&nbsp;a&nbsp;officiellement pour mission de \u00ab fixer les orientations en mati\u00e8re de politique \u00e9nerg\u00e9tique nationale et d\u2019en assurer le suivi \u00bb&nbsp;ainsi que&nbsp;de statuer sur \u00ables strat\u00e9gies \u00e0 suivre dans les domaines de la s\u00e9curit\u00e9 \u00e9nerg\u00e9tique du pays \u00e0 travers, notamment, la pr\u00e9servation, le renouvellement et le d\u00e9veloppement des r\u00e9serves nationales en hydrocarbures, et le suivi et l&rsquo;\u00e9valuation de la mise en \u0153uvre des plans \u00e0 long terme pour le d\u00e9veloppement des infrastructures de production, de transport, d&rsquo;approvisionnement, de stockage et de distribution des produits \u00e9nerg\u00e9tiques \u00bb. Ce conseil est&nbsp;\u00e9galement&nbsp;appel\u00e9 aussi \u00e0 suivre l&rsquo;introduction et le d\u00e9veloppement des \u00e9nergies nouvelles et renouvelables, la transition \u00e9nerg\u00e9tique vers un nouveau mod\u00e8le national de production et de consommation d&rsquo;\u00e9nergie en fonction des ressources \u00e9nerg\u00e9tiques et mini\u00e8res nationales et des engagements ext\u00e9rieurs et des objectifs strat\u00e9giques \u00e0 long terme du pays. Il devra assurer le suivi de la r\u00e9gulation du march\u00e9 \u00e9nerg\u00e9tique national, l&rsquo;impact de la situation \u00e9nerg\u00e9tique nationale et internationale sur le pays, ainsi que la valorisation des ressources \u00e9nerg\u00e9tiques et la dimension \u00e9nerg\u00e9tique li\u00e9e \u00e0 l&rsquo;environnement et au changement climatique. Le suivi des alliances strat\u00e9giques et des partenariats internationaux en mati\u00e8re \u00e9nerg\u00e9tique, notamment les engagements et accords commerciaux \u00e0 long terme et \u00e0 port\u00e9e strat\u00e9gique font partie \u00e9galement de ses missions.<\/p>\n\n\n\n<p>Cette instance consultative remplace ainsi le Conseil national de l\u2019\u00e9nergie cr\u00e9\u00e9 en 1995 du temps Liamine Zeroual et dont le r\u00f4le avait \u00e9t\u00e9 marginalis\u00e9 d\u00e8s les ann\u00e9es 2000, avec pour cons\u00e9quence de r\u00e9gresser sur le plan de la visibilit\u00e9 des politiques et des strat\u00e9gies \u00e9nerg\u00e9tiques. Aussi, le Haut Conseil de l\u2019\u00e9nergie dispose de pr\u00e9rogatives plus larges et aura \u00e0 formuler les politiques et les strat\u00e9gies les plus pertinentes, en termes de valorisation du potentiel \u00e9nerg\u00e9tique national, mais aussi en ce qui concerne la transition \u00e9nerg\u00e9tique. Il devra se pencher sur le mod\u00e8le \u00e9nerg\u00e9tique national, mais aussi et surtout faire des propositions concernant le meilleur usage des ressources, notamment en termes de contrats, de partenariat et d\u2019alliances \u00e9nerg\u00e9tiques, notamment dans le contexte g\u00e9opolitique actuel, dans lequel le conflit en Ukraine a mis en avant les enjeux de la diplomatie \u00e9nerg\u00e9tique. La cr\u00e9ation de cette instance a \u00e9t\u00e9 salu\u00e9e hier&nbsp;par de nombreux experts qui ont relev\u00e9 en effet que le Haut Conseil \u00e0 l\u2019Energie repr\u00e9sente le moteur et la t\u00eate de la strat\u00e9gie nationale de transition \u00e9nerg\u00e9tique. C\u2019est \u00e9galement un \u00e9l\u00e9ment moteur qui permettra une bonne orientation de la politique \u00e9nerg\u00e9tique nationale visant \u00e0 pr\u00e9server les ressources non renouvelables, s\u2019accordent-ils&nbsp;\u00e0 dire. Dans cet ordre d\u2019id\u00e9e justement, l\u2019expert \u00e9conomiste, Ahmed Tartar a affirm\u00e9 hier \u00e0 la radio nationale Cha\u00eene Une que la cr\u00e9ation de cette instance rattach\u00e9e au pr\u00e9sident de la&nbsp;R\u00e9publique est un moyen de pr\u00e9server les ressources \u00e9nerg\u00e9tiques nationales non renouvelables et un m\u00e9canisme cl\u00e9 dans la transition&nbsp;&nbsp;\u00e9nerg\u00e9tique vers les \u00e9nergies renouvelables.<\/p>\n\n\n\n<p>De son c\u00f4t\u00e9, l\u2019expert international, Abderrahmane Mebtoul a salu\u00e9 cette d\u00e9cision qui permettra, affirme-t-il, de booster la cadence de la transition \u00e9nerg\u00e9tique. Le Haut Conseil de l\u2019Energie, explique M. Mebtoul, aura pour mission de planifier pour une strat\u00e9gie nationale adapt\u00e9e aux \u00e9volutions des trois prochaines d\u00e9cennies en suivant et en orientant les diff\u00e9rentes strat\u00e9gies et les plans de d\u00e9veloppement des infrastructures de base n\u00e9cessaire \u00e0 la production des \u00e9nergies et \u00e0 leur transport \u00e0 l\u2019instar de l\u2019hydrog\u00e8ne vert.<\/p>\n\n\n\n<p>Il est utile de rappeler&nbsp;que le Haut&nbsp;Conseil de l&rsquo;\u00e9nergie,&nbsp;&nbsp;pr\u00e9sid\u00e9 par le pr\u00e9sident de la R\u00e9publique,&nbsp;est compos\u00e9 du Premier ministre, du ministre de la D\u00e9fense nationale, ou son repr\u00e9sentant, du ministre des Affaires \u00e9trang\u00e8res et de la Communaut\u00e9 nationale \u00e0 l&rsquo;\u00e9tranger, du ministre de l&rsquo;Int\u00e9rieur, des&nbsp;Collectivit\u00e9s locales et de l&rsquo;Am\u00e9nagement du territoire, du ministre des Finances, du ministre charg\u00e9 de l&rsquo;Energie, du ministre charg\u00e9 de la Transition \u00e9nerg\u00e9tique et des Energies renouvelables, ainsi que du ministre charg\u00e9 de la Recherche scientifique.&nbsp;Il est dot\u00e9 d&rsquo;un comit\u00e9 technique qui \u00e9tablit&nbsp;&nbsp;un rapport p\u00e9riodique sur le suivi et la mise en \u0153uvre des d\u00e9cisions prises. Ce comit\u00e9, pr\u00e9sid\u00e9 par le repr\u00e9sentant du ministre charg\u00e9 de l&rsquo;Energie, est compos\u00e9 des repr\u00e9sentants des secteurs concern\u00e9s par la politique \u00e9nerg\u00e9tique nationale, dont la liste nominative sera fix\u00e9e par arr\u00eat\u00e9 minist\u00e9riel.&nbsp;Kamel Nait Ameur<\/p>\n","protected":false},"excerpt":{"rendered":"<p>Le Haut Conseil de l\u2019\u00e9nergie a \u00e9t\u00e9 install\u00e9 mardi par le pr\u00e9sident de la R\u00e9publique. Cette instance strat\u00e9gique, qui remplace<\/p>\n","protected":false},"author":3,"featured_media":20148,"comment_status":"open","ping_status":"closed","sticky":false,"template":"","format":"standard","meta":{"colormag_page_container_layout":"default_layout","colormag_page_sidebar_layout":"default_layout","om_disable_all_campaigns":false,"_monsterinsights_skip_tracking":false,"_monsterinsights_sitenote_active":false,"_monsterinsights_sitenote_note":"","_monsterinsights_sitenote_category":0,"footnotes":"","_wpscppro_dont_share_socialmedia":false,"_wpscppro_custom_social_share_image":0,"_facebook_share_type":"","_twitter_share_type":"","_linkedin_share_type":"","_pinterest_share_type":"","_linkedin_share_type_page":"","_instagram_share_type":"","_medium_share_type":"","_threads_share_type":"","_google_business_share_type":"","_selected_social_profile":[],"_wpsp_enable_custom_social_template":false,"_wpsp_social_scheduling":{"enabled":false,"datetime":null,"platforms":[],"status":"template_only","dateOption":"today","timeOption":"now","customDays":"","customHours":"","customDate":"","customTime":"","schedulingType":"absolute"},"_wpsp_active_default_template":true},"categories":[52,27],"tags":[],"class_list":["post-20147","post","type-post","status-publish","format-standard","has-post-thumbnail","hentry","category-a-la-une","category-actualite"],"aioseo_notices":[],"yoast_head":"<!-- This site is optimized with the Yoast SEO plugin v27.5 - https:\/\/yoast.com\/product\/yoast-seo-wordpress\/ -->\n<title>Installation du Haut Conseil de l\u2019\u00e9nergie\u00a0: Aller vers les choix \u00e9nerg\u00e9tiques strat\u00e9giques - La Sentinelle<\/title>\n<meta name=\"robots\" content=\"index, follow, max-snippet:-1, max-image-preview:large, max-video-preview:-1\" \/>\n<link rel=\"canonical\" href=\"https:\/\/lasentinelle.dz\/index.php\/2022\/04\/21\/installation-du-haut-conseil-de-lenergie-aller-vers-les-choix-energetiques-strategiques\/\" \/>\n<meta property=\"og:locale\" content=\"fr_FR\" \/>\n<meta property=\"og:type\" content=\"article\" \/>\n<meta property=\"og:title\" content=\"Installation du Haut Conseil de l\u2019\u00e9nergie\u00a0: Aller vers les choix \u00e9nerg\u00e9tiques strat\u00e9giques - La Sentinelle\" \/>\n<meta property=\"og:description\" content=\"Le Haut Conseil de l\u2019\u00e9nergie a \u00e9t\u00e9 install\u00e9 mardi par le pr\u00e9sident de la R\u00e9publique. Cette instance strat\u00e9gique, qui remplace\" \/>\n<meta property=\"og:url\" content=\"https:\/\/lasentinelle.dz\/index.php\/2022\/04\/21\/installation-du-haut-conseil-de-lenergie-aller-vers-les-choix-energetiques-strategiques\/\" \/>\n<meta property=\"og:site_name\" content=\"La Sentinelle\" \/>\n<meta property=\"article:publisher\" content=\"https:\/\/www.facebook.com\/La-Sentinelle-104059864394773\" \/>\n<meta property=\"article:published_time\" content=\"2022-04-20T23:05:00+00:00\" \/>\n<meta property=\"og:image\" content=\"https:\/\/lasentinelle.dz\/wp-content\/uploads\/2022\/04\/conseil.png\" \/>\n\t<meta property=\"og:image:width\" content=\"1351\" \/>\n\t<meta property=\"og:image:height\" content=\"900\" \/>\n\t<meta property=\"og:image:type\" content=\"image\/png\" \/>\n<meta name=\"author\" content=\"La Sentinelle\" \/>\n<meta name=\"twitter:card\" content=\"summary_large_image\" \/>\n<meta name=\"twitter:label1\" content=\"\u00c9crit par\" \/>\n\t<meta name=\"twitter:data1\" content=\"La Sentinelle\" \/>\n\t<meta name=\"twitter:label2\" content=\"Dur\u00e9e de lecture estim\u00e9e\" \/>\n\t<meta name=\"twitter:data2\" content=\"4 minutes\" \/>\n<script type=\"application\/ld+json\" class=\"yoast-schema-graph\">{\"@context\":\"https:\\\/\\\/schema.org\",\"@graph\":[{\"@type\":\"Article\",\"@id\":\"https:\\\/\\\/lasentinelle.dz\\\/index.php\\\/2022\\\/04\\\/21\\\/installation-du-haut-conseil-de-lenergie-aller-vers-les-choix-energetiques-strategiques\\\/#article\",\"isPartOf\":{\"@id\":\"https:\\\/\\\/lasentinelle.dz\\\/index.php\\\/2022\\\/04\\\/21\\\/installation-du-haut-conseil-de-lenergie-aller-vers-les-choix-energetiques-strategiques\\\/\"},\"author\":{\"name\":\"La Sentinelle\",\"@id\":\"https:\\\/\\\/lasentinelle.dz\\\/#\\\/schema\\\/person\\\/d865044e22e70a75174ce8bcad3acfb3\"},\"headline\":\"Installation du Haut Conseil de l\u2019\u00e9nergie\u00a0: Aller vers les choix \u00e9nerg\u00e9tiques strat\u00e9giques\",\"datePublished\":\"2022-04-20T23:05:00+00:00\",\"mainEntityOfPage\":{\"@id\":\"https:\\\/\\\/lasentinelle.dz\\\/index.php\\\/2022\\\/04\\\/21\\\/installation-du-haut-conseil-de-lenergie-aller-vers-les-choix-energetiques-strategiques\\\/\"},\"wordCount\":912,\"commentCount\":0,\"publisher\":{\"@id\":\"https:\\\/\\\/lasentinelle.dz\\\/#organization\"},\"image\":{\"@id\":\"https:\\\/\\\/lasentinelle.dz\\\/index.php\\\/2022\\\/04\\\/21\\\/installation-du-haut-conseil-de-lenergie-aller-vers-les-choix-energetiques-strategiques\\\/#primaryimage\"},\"thumbnailUrl\":\"https:\\\/\\\/lasentinelle.dz\\\/wp-content\\\/uploads\\\/2022\\\/04\\\/conseil.png\",\"articleSection\":[\"\u00c0 la Une\",\"Actualit\u00e9\"],\"inLanguage\":\"fr-FR\",\"potentialAction\":[{\"@type\":\"CommentAction\",\"name\":\"Comment\",\"target\":[\"https:\\\/\\\/lasentinelle.dz\\\/index.php\\\/2022\\\/04\\\/21\\\/installation-du-haut-conseil-de-lenergie-aller-vers-les-choix-energetiques-strategiques\\\/#respond\"]}]},{\"@type\":\"WebPage\",\"@id\":\"https:\\\/\\\/lasentinelle.dz\\\/index.php\\\/2022\\\/04\\\/21\\\/installation-du-haut-conseil-de-lenergie-aller-vers-les-choix-energetiques-strategiques\\\/\",\"url\":\"https:\\\/\\\/lasentinelle.dz\\\/index.php\\\/2022\\\/04\\\/21\\\/installation-du-haut-conseil-de-lenergie-aller-vers-les-choix-energetiques-strategiques\\\/\",\"name\":\"Installation du Haut Conseil de l\u2019\u00e9nergie\u00a0: Aller vers les choix \u00e9nerg\u00e9tiques strat\u00e9giques - La Sentinelle\",\"isPartOf\":{\"@id\":\"https:\\\/\\\/lasentinelle.dz\\\/#website\"},\"primaryImageOfPage\":{\"@id\":\"https:\\\/\\\/lasentinelle.dz\\\/index.php\\\/2022\\\/04\\\/21\\\/installation-du-haut-conseil-de-lenergie-aller-vers-les-choix-energetiques-strategiques\\\/#primaryimage\"},\"image\":{\"@id\":\"https:\\\/\\\/lasentinelle.dz\\\/index.php\\\/2022\\\/04\\\/21\\\/installation-du-haut-conseil-de-lenergie-aller-vers-les-choix-energetiques-strategiques\\\/#primaryimage\"},\"thumbnailUrl\":\"https:\\\/\\\/lasentinelle.dz\\\/wp-content\\\/uploads\\\/2022\\\/04\\\/conseil.png\",\"datePublished\":\"2022-04-20T23:05:00+00:00\",\"breadcrumb\":{\"@id\":\"https:\\\/\\\/lasentinelle.dz\\\/index.php\\\/2022\\\/04\\\/21\\\/installation-du-haut-conseil-de-lenergie-aller-vers-les-choix-energetiques-strategiques\\\/#breadcrumb\"},\"inLanguage\":\"fr-FR\",\"potentialAction\":[{\"@type\":\"ReadAction\",\"target\":[\"https:\\\/\\\/lasentinelle.dz\\\/index.php\\\/2022\\\/04\\\/21\\\/installation-du-haut-conseil-de-lenergie-aller-vers-les-choix-energetiques-strategiques\\\/\"]}]},{\"@type\":\"ImageObject\",\"inLanguage\":\"fr-FR\",\"@id\":\"https:\\\/\\\/lasentinelle.dz\\\/index.php\\\/2022\\\/04\\\/21\\\/installation-du-haut-conseil-de-lenergie-aller-vers-les-choix-energetiques-strategiques\\\/#primaryimage\",\"url\":\"https:\\\/\\\/lasentinelle.dz\\\/wp-content\\\/uploads\\\/2022\\\/04\\\/conseil.png\",\"contentUrl\":\"https:\\\/\\\/lasentinelle.dz\\\/wp-content\\\/uploads\\\/2022\\\/04\\\/conseil.png\",\"width\":1351,\"height\":900},{\"@type\":\"BreadcrumbList\",\"@id\":\"https:\\\/\\\/lasentinelle.dz\\\/index.php\\\/2022\\\/04\\\/21\\\/installation-du-haut-conseil-de-lenergie-aller-vers-les-choix-energetiques-strategiques\\\/#breadcrumb\",\"itemListElement\":[{\"@type\":\"ListItem\",\"position\":1,\"name\":\"Accueil\",\"item\":\"https:\\\/\\\/lasentinelle.dz\\\/\"},{\"@type\":\"ListItem\",\"position\":2,\"name\":\"Installation du Haut Conseil de l\u2019\u00e9nergie\u00a0: Aller vers les choix \u00e9nerg\u00e9tiques strat\u00e9giques\"}]},{\"@type\":\"WebSite\",\"@id\":\"https:\\\/\\\/lasentinelle.dz\\\/#website\",\"url\":\"https:\\\/\\\/lasentinelle.dz\\\/\",\"name\":\"La Sentinelle\",\"description\":\"Quotidien national d&#039;information\",\"publisher\":{\"@id\":\"https:\\\/\\\/lasentinelle.dz\\\/#organization\"},\"potentialAction\":[{\"@type\":\"SearchAction\",\"target\":{\"@type\":\"EntryPoint\",\"urlTemplate\":\"https:\\\/\\\/lasentinelle.dz\\\/?s={search_term_string}\"},\"query-input\":{\"@type\":\"PropertyValueSpecification\",\"valueRequired\":true,\"valueName\":\"search_term_string\"}}],\"inLanguage\":\"fr-FR\"},{\"@type\":\"Organization\",\"@id\":\"https:\\\/\\\/lasentinelle.dz\\\/#organization\",\"name\":\"Quotidien La Sentinelle\",\"url\":\"https:\\\/\\\/lasentinelle.dz\\\/\",\"logo\":{\"@type\":\"ImageObject\",\"inLanguage\":\"fr-FR\",\"@id\":\"https:\\\/\\\/lasentinelle.dz\\\/#\\\/schema\\\/logo\\\/image\\\/\",\"url\":\"https:\\\/\\\/lasentinelle.dz\\\/wp-content\\\/uploads\\\/2021\\\/09\\\/logo-sentinelleSLOGAN-1.png\",\"contentUrl\":\"https:\\\/\\\/lasentinelle.dz\\\/wp-content\\\/uploads\\\/2021\\\/09\\\/logo-sentinelleSLOGAN-1.png\",\"width\":615,\"height\":142,\"caption\":\"Quotidien La Sentinelle\"},\"image\":{\"@id\":\"https:\\\/\\\/lasentinelle.dz\\\/#\\\/schema\\\/logo\\\/image\\\/\"},\"sameAs\":[\"https:\\\/\\\/www.facebook.com\\\/La-Sentinelle-104059864394773\"]},{\"@type\":\"Person\",\"@id\":\"https:\\\/\\\/lasentinelle.dz\\\/#\\\/schema\\\/person\\\/d865044e22e70a75174ce8bcad3acfb3\",\"name\":\"La Sentinelle\",\"image\":{\"@type\":\"ImageObject\",\"inLanguage\":\"fr-FR\",\"@id\":\"https:\\\/\\\/secure.gravatar.com\\\/avatar\\\/57de8e5d4b15d43fb361a71fbb36338450fe67865b528a43dd10ef7c51a20392?s=96&d=mm&r=g\",\"url\":\"https:\\\/\\\/secure.gravatar.com\\\/avatar\\\/57de8e5d4b15d43fb361a71fbb36338450fe67865b528a43dd10ef7c51a20392?s=96&d=mm&r=g\",\"contentUrl\":\"https:\\\/\\\/secure.gravatar.com\\\/avatar\\\/57de8e5d4b15d43fb361a71fbb36338450fe67865b528a43dd10ef7c51a20392?s=96&d=mm&r=g\",\"caption\":\"La Sentinelle\"},\"sameAs\":[\"http:\\\/\\\/www.lasentinelle.dz\"],\"url\":\"https:\\\/\\\/lasentinelle.dz\\\/author\\\/redaction\\\/\"}]}<\/script>\n<!-- \/ Yoast SEO plugin. -->","yoast_head_json":{"title":"Installation du Haut Conseil de l\u2019\u00e9nergie\u00a0: Aller vers les choix \u00e9nerg\u00e9tiques strat\u00e9giques - La Sentinelle","robots":{"index":"index","follow":"follow","max-snippet":"max-snippet:-1","max-image-preview":"max-image-preview:large","max-video-preview":"max-video-preview:-1"},"canonical":"https:\/\/lasentinelle.dz\/index.php\/2022\/04\/21\/installation-du-haut-conseil-de-lenergie-aller-vers-les-choix-energetiques-strategiques\/","og_locale":"fr_FR","og_type":"article","og_title":"Installation du Haut Conseil de l\u2019\u00e9nergie\u00a0: Aller vers les choix \u00e9nerg\u00e9tiques strat\u00e9giques - La Sentinelle","og_description":"Le Haut Conseil de l\u2019\u00e9nergie a \u00e9t\u00e9 install\u00e9 mardi par le pr\u00e9sident de la R\u00e9publique. Cette instance strat\u00e9gique, qui remplace","og_url":"https:\/\/lasentinelle.dz\/index.php\/2022\/04\/21\/installation-du-haut-conseil-de-lenergie-aller-vers-les-choix-energetiques-strategiques\/","og_site_name":"La Sentinelle","article_publisher":"https:\/\/www.facebook.com\/La-Sentinelle-104059864394773","article_published_time":"2022-04-20T23:05:00+00:00","og_image":[{"width":1351,"height":900,"url":"https:\/\/lasentinelle.dz\/wp-content\/uploads\/2022\/04\/conseil.png","type":"image\/png"}],"author":"La Sentinelle","twitter_card":"summary_large_image","twitter_misc":{"\u00c9crit par":"La Sentinelle","Dur\u00e9e de lecture estim\u00e9e":"4 minutes"},"schema":{"@context":"https:\/\/schema.org","@graph":[{"@type":"Article","@id":"https:\/\/lasentinelle.dz\/index.php\/2022\/04\/21\/installation-du-haut-conseil-de-lenergie-aller-vers-les-choix-energetiques-strategiques\/#article","isPartOf":{"@id":"https:\/\/lasentinelle.dz\/index.php\/2022\/04\/21\/installation-du-haut-conseil-de-lenergie-aller-vers-les-choix-energetiques-strategiques\/"},"author":{"name":"La Sentinelle","@id":"https:\/\/lasentinelle.dz\/#\/schema\/person\/d865044e22e70a75174ce8bcad3acfb3"},"headline":"Installation du Haut Conseil de l\u2019\u00e9nergie\u00a0: Aller vers les choix \u00e9nerg\u00e9tiques strat\u00e9giques","datePublished":"2022-04-20T23:05:00+00:00","mainEntityOfPage":{"@id":"https:\/\/lasentinelle.dz\/index.php\/2022\/04\/21\/installation-du-haut-conseil-de-lenergie-aller-vers-les-choix-energetiques-strategiques\/"},"wordCount":912,"commentCount":0,"publisher":{"@id":"https:\/\/lasentinelle.dz\/#organization"},"image":{"@id":"https:\/\/lasentinelle.dz\/index.php\/2022\/04\/21\/installation-du-haut-conseil-de-lenergie-aller-vers-les-choix-energetiques-strategiques\/#primaryimage"},"thumbnailUrl":"https:\/\/lasentinelle.dz\/wp-content\/uploads\/2022\/04\/conseil.png","articleSection":["\u00c0 la Une","Actualit\u00e9"],"inLanguage":"fr-FR","potentialAction":[{"@type":"CommentAction","name":"Comment","target":["https:\/\/lasentinelle.dz\/index.php\/2022\/04\/21\/installation-du-haut-conseil-de-lenergie-aller-vers-les-choix-energetiques-strategiques\/#respond"]}]},{"@type":"WebPage","@id":"https:\/\/lasentinelle.dz\/index.php\/2022\/04\/21\/installation-du-haut-conseil-de-lenergie-aller-vers-les-choix-energetiques-strategiques\/","url":"https:\/\/lasentinelle.dz\/index.php\/2022\/04\/21\/installation-du-haut-conseil-de-lenergie-aller-vers-les-choix-energetiques-strategiques\/","name":"Installation du Haut Conseil de l\u2019\u00e9nergie\u00a0: Aller vers les choix \u00e9nerg\u00e9tiques strat\u00e9giques - La Sentinelle","isPartOf":{"@id":"https:\/\/lasentinelle.dz\/#website"},"primaryImageOfPage":{"@id":"https:\/\/lasentinelle.dz\/index.php\/2022\/04\/21\/installation-du-haut-conseil-de-lenergie-aller-vers-les-choix-energetiques-strategiques\/#primaryimage"},"image":{"@id":"https:\/\/lasentinelle.dz\/index.php\/2022\/04\/21\/installation-du-haut-conseil-de-lenergie-aller-vers-les-choix-energetiques-strategiques\/#primaryimage"},"thumbnailUrl":"https:\/\/lasentinelle.dz\/wp-content\/uploads\/2022\/04\/conseil.png","datePublished":"2022-04-20T23:05:00+00:00","breadcrumb":{"@id":"https:\/\/lasentinelle.dz\/index.php\/2022\/04\/21\/installation-du-haut-conseil-de-lenergie-aller-vers-les-choix-energetiques-strategiques\/#breadcrumb"},"inLanguage":"fr-FR","potentialAction":[{"@type":"ReadAction","target":["https:\/\/lasentinelle.dz\/index.php\/2022\/04\/21\/installation-du-haut-conseil-de-lenergie-aller-vers-les-choix-energetiques-strategiques\/"]}]},{"@type":"ImageObject","inLanguage":"fr-FR","@id":"https:\/\/lasentinelle.dz\/index.php\/2022\/04\/21\/installation-du-haut-conseil-de-lenergie-aller-vers-les-choix-energetiques-strategiques\/#primaryimage","url":"https:\/\/lasentinelle.dz\/wp-content\/uploads\/2022\/04\/conseil.png","contentUrl":"https:\/\/lasentinelle.dz\/wp-content\/uploads\/2022\/04\/conseil.png","width":1351,"height":900},{"@type":"BreadcrumbList","@id":"https:\/\/lasentinelle.dz\/index.php\/2022\/04\/21\/installation-du-haut-conseil-de-lenergie-aller-vers-les-choix-energetiques-strategiques\/#breadcrumb","itemListElement":[{"@type":"ListItem","position":1,"name":"Accueil","item":"https:\/\/lasentinelle.dz\/"},{"@type":"ListItem","position":2,"name":"Installation du Haut Conseil de l\u2019\u00e9nergie\u00a0: Aller vers les choix \u00e9nerg\u00e9tiques strat\u00e9giques"}]},{"@type":"WebSite","@id":"https:\/\/lasentinelle.dz\/#website","url":"https:\/\/lasentinelle.dz\/","name":"La Sentinelle","description":"Quotidien national d&#039;information","publisher":{"@id":"https:\/\/lasentinelle.dz\/#organization"},"potentialAction":[{"@type":"SearchAction","target":{"@type":"EntryPoint","urlTemplate":"https:\/\/lasentinelle.dz\/?s={search_term_string}"},"query-input":{"@type":"PropertyValueSpecification","valueRequired":true,"valueName":"search_term_string"}}],"inLanguage":"fr-FR"},{"@type":"Organization","@id":"https:\/\/lasentinelle.dz\/#organization","name":"Quotidien La Sentinelle","url":"https:\/\/lasentinelle.dz\/","logo":{"@type":"ImageObject","inLanguage":"fr-FR","@id":"https:\/\/lasentinelle.dz\/#\/schema\/logo\/image\/","url":"https:\/\/lasentinelle.dz\/wp-content\/uploads\/2021\/09\/logo-sentinelleSLOGAN-1.png","contentUrl":"https:\/\/lasentinelle.dz\/wp-content\/uploads\/2021\/09\/logo-sentinelleSLOGAN-1.png","width":615,"height":142,"caption":"Quotidien La Sentinelle"},"image":{"@id":"https:\/\/lasentinelle.dz\/#\/schema\/logo\/image\/"},"sameAs":["https:\/\/www.facebook.com\/La-Sentinelle-104059864394773"]},{"@type":"Person","@id":"https:\/\/lasentinelle.dz\/#\/schema\/person\/d865044e22e70a75174ce8bcad3acfb3","name":"La Sentinelle","image":{"@type":"ImageObject","inLanguage":"fr-FR","@id":"https:\/\/secure.gravatar.com\/avatar\/57de8e5d4b15d43fb361a71fbb36338450fe67865b528a43dd10ef7c51a20392?s=96&d=mm&r=g","url":"https:\/\/secure.gravatar.com\/avatar\/57de8e5d4b15d43fb361a71fbb36338450fe67865b528a43dd10ef7c51a20392?s=96&d=mm&r=g","contentUrl":"https:\/\/secure.gravatar.com\/avatar\/57de8e5d4b15d43fb361a71fbb36338450fe67865b528a43dd10ef7c51a20392?s=96&d=mm&r=g","caption":"La Sentinelle"},"sameAs":["http:\/\/www.lasentinelle.dz"],"url":"https:\/\/lasentinelle.dz\/author\/redaction\/"}]}},"_links":{"self":[{"href":"https:\/\/lasentinelle.dz\/index.php\/wp-json\/wp\/v2\/posts\/20147","targetHints":{"allow":["GET"]}}],"collection":[{"href":"https:\/\/lasentinelle.dz\/index.php\/wp-json\/wp\/v2\/posts"}],"about":[{"href":"https:\/\/lasentinelle.dz\/index.php\/wp-json\/wp\/v2\/types\/post"}],"author":[{"embeddable":true,"href":"https:\/\/lasentinelle.dz\/index.php\/wp-json\/wp\/v2\/users\/3"}],"replies":[{"embeddable":true,"href":"https:\/\/lasentinelle.dz\/index.php\/wp-json\/wp\/v2\/comments?post=20147"}],"version-history":[{"count":1,"href":"https:\/\/lasentinelle.dz\/index.php\/wp-json\/wp\/v2\/posts\/20147\/revisions"}],"predecessor-version":[{"id":20153,"href":"https:\/\/lasentinelle.dz\/index.php\/wp-json\/wp\/v2\/posts\/20147\/revisions\/20153"}],"wp:featuredmedia":[{"embeddable":true,"href":"https:\/\/lasentinelle.dz\/index.php\/wp-json\/wp\/v2\/media\/20148"}],"wp:attachment":[{"href":"https:\/\/lasentinelle.dz\/index.php\/wp-json\/wp\/v2\/media?parent=20147"}],"wp:term":[{"taxonomy":"category","embeddable":true,"href":"https:\/\/lasentinelle.dz\/index.php\/wp-json\/wp\/v2\/categories?post=20147"},{"taxonomy":"post_tag","embeddable":true,"href":"https:\/\/lasentinelle.dz\/index.php\/wp-json\/wp\/v2\/tags?post=20147"}],"curies":[{"name":"wp","href":"https:\/\/api.w.org\/{rel}","templated":true}]}}