{"id":20163,"date":"2022-04-21T00:01:00","date_gmt":"2022-04-20T23:01:00","guid":{"rendered":"https:\/\/lasentinelle.dz\/?p=20163"},"modified":"2022-04-20T19:12:49","modified_gmt":"2022-04-20T18:12:49","slug":"si-el-hachemi-assad-secretaire-general-du-hca-le-hca-valorise-laction-des-precurseurs-de-lalgerie-plurielle","status":"publish","type":"post","link":"https:\/\/lasentinelle.dz\/index.php\/2022\/04\/21\/si-el-hachemi-assad-secretaire-general-du-hca-le-hca-valorise-laction-des-precurseurs-de-lalgerie-plurielle\/","title":{"rendered":"Si El Hachemi Assad,\u00a0Secr\u00e9taire g\u00e9n\u00e9ral du HCA\u00a0: \u00ab\u00a0Le HCA valorise l\u2019action des pr\u00e9curseurs de l\u2019Alg\u00e9rie plurielle\u00a0\u00bb"},"content":{"rendered":"\n<p>Le&nbsp;Secr\u00e9taire g\u00e9n\u00e9ral du Haut&nbsp;Commissariat \u00e0 l\u2019Amazighit\u00e9, Si Hachemi&nbsp;&nbsp;Assad, a&nbsp;indiqu\u00e9 hier \u00e0 partir d\u2019Oran&nbsp;que \u00able HCA \u0153uvre pour la r\u00e9habilitation des acteurs qui ont fait le printemps amazigh\u00bb.&nbsp;&nbsp;Animant une conf\u00e9rence de presse \u00e0 l\u2019occasion de la c\u00e9l\u00e9bration du printemps amazigh,&nbsp;Si El Hachemi Assad&nbsp;a rappel\u00e9 la c\u00e9l\u00e9bration, en 2017, du centenaire&nbsp;de&nbsp;Mouloud Mammeri.&nbsp;\u00abC\u2019est un hommage \u00e0 ceux qui ont mis aux devants de la sc\u00e8ne cette revendication l\u00e9gitime\u00bb, ajoutant que \u00abnous r\u00e9habilitons, nous valorisons et nous transmettons le&nbsp;&nbsp;&nbsp;message, outre&nbsp;&nbsp;de Mouloud Mammeri, des militants du PPA qui ont, dans le cadre du mouvement national, mis&nbsp;sur&nbsp;la table le d\u00e9bats sur cette probl\u00e9matique qui est l\u2019Alg\u00e9rie plurielle\u00bb. \u00abNous n\u2019allons pas&nbsp;omettre que le discours&nbsp;sur&nbsp;ces actions\u00bb, a-t-il dit, soulignant que \u00ab r\u00e9habiliter signifie valoriser et reprendre son travail en transmettant le message \u00bb, a-t-il expliqu\u00e9.&nbsp;&nbsp;\u00abCe travail a \u00e9t\u00e9 fait dans un cadre institutionnel par une institution du HCA, ce dernier&nbsp;&nbsp;\u00e9t\u00e9 cr\u00e9e dans des conditions marqu\u00e9es par cette revendication en 1995 \u00bb, a-t-il soulign\u00e9. \u00abEt nous tenons \u00e0 le rappeler \u00e0 chaque fois qu\u2019il y a cet hommage pour le pionnier, pour une g\u00e9n\u00e9ration de militants et de militantisme positifs et de ceux qui ont port\u00e9 l\u2019Alg\u00e9rie dans leur c\u0153ur\u00bb, a-t-il indiqu\u00e9.&nbsp;&nbsp;A une question li\u00e9e aux baptisations des rues, ruelles et avenues, Si El Hachemi Assad a fait \u00e9tat \u00abde l\u2019entame d\u2019un travail s\u00e9rieux lanc\u00e9e&nbsp;par&nbsp;&nbsp;notre partenaire qui est le minist\u00e8re de l\u2019Int\u00e9rieur et des&nbsp;Collectivit\u00e9s locales\u00bb. \u00abCette t\u00e2che, qui exige un travail du terrain et du temps\u00bb, a t-il affirm\u00e9, enchainant que \u00abnous sommes membres dans ces commissions, et nous sommes en train de faire des propositions s\u00e9rieuses, pas seulement sur&nbsp;ce&nbsp;registre, mais aussi sur cette question&nbsp;&nbsp;de patronymes qu\u2019il faut r\u00e9habiliter\u00bb. \u00abIl s\u2019agit de la liste des pr\u00e9noms et des toponymes amazighs qui&nbsp;&nbsp;est un grand chantier&nbsp;&nbsp;qui constitue un domaine r\u00e9glement\u00e9\u00bb. En&nbsp;&nbsp;ce sens, a-t-il indiqu\u00e9, \u00abun travail s\u00e9rieux est en train se faire au niveau du minist\u00e8re de l\u2019Int\u00e9rieur\u00bb.&nbsp;\u00abUne des actions concr\u00e8tes r\u00e9alis\u00e9es gr\u00e2ce aux efforts du HCA est l\u2019am\u00e9nagement d\u2019une placette au c\u0153ur d\u2019Alger, la place de Tafoura, o\u00f9&nbsp;l\u2019on a dress\u00e9 la statue de Massinissa\u00bb. \u00abC\u2019est important sur le plan symbolique\u00bb, a-t-il dit, ajoutant que \u00abnous avons bris\u00e9 le barrage de l\u2019h\u00e9sitation qui gagne l\u2019esprit de certains gens\u00bb. \u00ab<\/p>\n\n\n\n<p>Abordant la situation actuelle de la langue amazighe en Alg\u00e9rie, M. Assad a d\u00e9clar\u00e9 qu\u2019\u00ab\u00e0 propos de la promotion des variantes de la langue amazighe, je dis que gr\u00e2ce aux efforts de l\u2019Etat, celle-ci va bien puisqu\u2019elle est d\u00e9sormais pr\u00e9sente \u00e0 l\u2019\u00e9cole, dans les universit\u00e9s, dans les m\u00e9dias et aussi au niveau de diff\u00e9rentes institutions (\u2026) Il est cependant vrai que certaines variantes sont encore menac\u00e9es d\u2019extinction \u00bb.<\/p>\n\n\n\n<p>La venue&nbsp;&nbsp;\u00e0 Oran de Si El Hachemi s\u2019inscrit dans le cadre des pr\u00e9paratifs du HCA \u00e0 prendre quant \u00e0 promouvoir la culture Amazigh dans le dans le paysage des Jeux m\u00e9diterran\u00e9ens. \u00abTous les affichages et autres panneaux seront pavois\u00e9s par la langue&nbsp;&nbsp;nationale et officielle, Tamazight\u00bb, a t-il dit.<\/p>\n\n\n\n<p><strong>Salim Abdenour<\/strong><\/p>\n","protected":false},"excerpt":{"rendered":"<p>Le&nbsp;Secr\u00e9taire g\u00e9n\u00e9ral du Haut&nbsp;Commissariat \u00e0 l\u2019Amazighit\u00e9, Si Hachemi&nbsp;&nbsp;Assad, a&nbsp;indiqu\u00e9 hier \u00e0 partir d\u2019Oran&nbsp;que \u00able HCA \u0153uvre pour la r\u00e9habilitation des<\/p>\n","protected":false},"author":3,"featured_media":20169,"comment_status":"open","ping_status":"closed","sticky":false,"template":"","format":"standard","meta":{"colormag_page_container_layout":"default_layout","colormag_page_sidebar_layout":"default_layout","om_disable_all_campaigns":false,"_monsterinsights_skip_tracking":false,"_monsterinsights_sitenote_active":false,"_monsterinsights_sitenote_note":"","_monsterinsights_sitenote_category":0,"footnotes":"","_wpscppro_dont_share_socialmedia":false,"_wpscppro_custom_social_share_image":0,"_facebook_share_type":"","_twitter_share_type":"","_linkedin_share_type":"","_pinterest_share_type":"","_linkedin_share_type_page":"","_instagram_share_type":"","_medium_share_type":"","_threads_share_type":"","_google_business_share_type":"","_selected_social_profile":[],"_wpsp_enable_custom_social_template":false,"_wpsp_social_scheduling":{"enabled":false,"datetime":null,"platforms":[],"status":"template_only","dateOption":"today","timeOption":"now","customDays":"","customHours":"","customDate":"","customTime":"","schedulingType":"absolute"},"_wpsp_active_default_template":true},"categories":[27],"tags":[],"class_list":["post-20163","post","type-post","status-publish","format-standard","has-post-thumbnail","hentry","category-actualite"],"aioseo_notices":[],"yoast_head":"<!-- This site is optimized with the Yoast SEO plugin v27.5 - https:\/\/yoast.com\/product\/yoast-seo-wordpress\/ -->\n<title>Si El Hachemi Assad,\u00a0Secr\u00e9taire g\u00e9n\u00e9ral du HCA\u00a0: \u00ab\u00a0Le HCA valorise l\u2019action des pr\u00e9curseurs de l\u2019Alg\u00e9rie plurielle\u00a0\u00bb - La Sentinelle<\/title>\n<meta name=\"robots\" content=\"index, follow, max-snippet:-1, max-image-preview:large, max-video-preview:-1\" \/>\n<link rel=\"canonical\" href=\"https:\/\/lasentinelle.dz\/index.php\/2022\/04\/21\/si-el-hachemi-assad-secretaire-general-du-hca-le-hca-valorise-laction-des-precurseurs-de-lalgerie-plurielle\/\" \/>\n<meta property=\"og:locale\" content=\"fr_FR\" \/>\n<meta property=\"og:type\" content=\"article\" \/>\n<meta property=\"og:title\" content=\"Si El Hachemi Assad,\u00a0Secr\u00e9taire g\u00e9n\u00e9ral du HCA\u00a0: \u00ab\u00a0Le HCA valorise l\u2019action des pr\u00e9curseurs de l\u2019Alg\u00e9rie plurielle\u00a0\u00bb - La Sentinelle\" \/>\n<meta property=\"og:description\" content=\"Le&nbsp;Secr\u00e9taire g\u00e9n\u00e9ral du Haut&nbsp;Commissariat \u00e0 l\u2019Amazighit\u00e9, Si Hachemi&nbsp;&nbsp;Assad, a&nbsp;indiqu\u00e9 hier \u00e0 partir d\u2019Oran&nbsp;que \u00able HCA \u0153uvre pour la r\u00e9habilitation des\" \/>\n<meta property=\"og:url\" content=\"https:\/\/lasentinelle.dz\/index.php\/2022\/04\/21\/si-el-hachemi-assad-secretaire-general-du-hca-le-hca-valorise-laction-des-precurseurs-de-lalgerie-plurielle\/\" \/>\n<meta property=\"og:site_name\" content=\"La Sentinelle\" \/>\n<meta property=\"article:publisher\" content=\"https:\/\/www.facebook.com\/La-Sentinelle-104059864394773\" \/>\n<meta property=\"article:published_time\" content=\"2022-04-20T23:01:00+00:00\" \/>\n<meta property=\"og:image\" content=\"https:\/\/lasentinelle.dz\/wp-content\/uploads\/2022\/04\/f0d8fa4053b5b0c3a59cc362f0794ffe.jpg\" \/>\n\t<meta property=\"og:image:width\" content=\"760\" \/>\n\t<meta property=\"og:image:height\" content=\"459\" \/>\n\t<meta property=\"og:image:type\" content=\"image\/jpeg\" \/>\n<meta name=\"author\" content=\"La Sentinelle\" \/>\n<meta name=\"twitter:card\" content=\"summary_large_image\" \/>\n<meta name=\"twitter:label1\" content=\"\u00c9crit par\" \/>\n\t<meta name=\"twitter:data1\" content=\"La Sentinelle\" \/>\n\t<meta name=\"twitter:label2\" content=\"Dur\u00e9e de lecture estim\u00e9e\" \/>\n\t<meta name=\"twitter:data2\" content=\"3 minutes\" \/>\n<script type=\"application\/ld+json\" class=\"yoast-schema-graph\">{\"@context\":\"https:\\\/\\\/schema.org\",\"@graph\":[{\"@type\":\"Article\",\"@id\":\"https:\\\/\\\/lasentinelle.dz\\\/index.php\\\/2022\\\/04\\\/21\\\/si-el-hachemi-assad-secretaire-general-du-hca-le-hca-valorise-laction-des-precurseurs-de-lalgerie-plurielle\\\/#article\",\"isPartOf\":{\"@id\":\"https:\\\/\\\/lasentinelle.dz\\\/index.php\\\/2022\\\/04\\\/21\\\/si-el-hachemi-assad-secretaire-general-du-hca-le-hca-valorise-laction-des-precurseurs-de-lalgerie-plurielle\\\/\"},\"author\":{\"name\":\"La Sentinelle\",\"@id\":\"https:\\\/\\\/lasentinelle.dz\\\/#\\\/schema\\\/person\\\/d865044e22e70a75174ce8bcad3acfb3\"},\"headline\":\"Si El Hachemi Assad,\u00a0Secr\u00e9taire g\u00e9n\u00e9ral du HCA\u00a0: \u00ab\u00a0Le HCA valorise l\u2019action des pr\u00e9curseurs de l\u2019Alg\u00e9rie plurielle\u00a0\u00bb\",\"datePublished\":\"2022-04-20T23:01:00+00:00\",\"mainEntityOfPage\":{\"@id\":\"https:\\\/\\\/lasentinelle.dz\\\/index.php\\\/2022\\\/04\\\/21\\\/si-el-hachemi-assad-secretaire-general-du-hca-le-hca-valorise-laction-des-precurseurs-de-lalgerie-plurielle\\\/\"},\"wordCount\":647,\"commentCount\":0,\"publisher\":{\"@id\":\"https:\\\/\\\/lasentinelle.dz\\\/#organization\"},\"image\":{\"@id\":\"https:\\\/\\\/lasentinelle.dz\\\/index.php\\\/2022\\\/04\\\/21\\\/si-el-hachemi-assad-secretaire-general-du-hca-le-hca-valorise-laction-des-precurseurs-de-lalgerie-plurielle\\\/#primaryimage\"},\"thumbnailUrl\":\"https:\\\/\\\/lasentinelle.dz\\\/wp-content\\\/uploads\\\/2022\\\/04\\\/f0d8fa4053b5b0c3a59cc362f0794ffe.jpg\",\"articleSection\":[\"Actualit\u00e9\"],\"inLanguage\":\"fr-FR\",\"potentialAction\":[{\"@type\":\"CommentAction\",\"name\":\"Comment\",\"target\":[\"https:\\\/\\\/lasentinelle.dz\\\/index.php\\\/2022\\\/04\\\/21\\\/si-el-hachemi-assad-secretaire-general-du-hca-le-hca-valorise-laction-des-precurseurs-de-lalgerie-plurielle\\\/#respond\"]}]},{\"@type\":\"WebPage\",\"@id\":\"https:\\\/\\\/lasentinelle.dz\\\/index.php\\\/2022\\\/04\\\/21\\\/si-el-hachemi-assad-secretaire-general-du-hca-le-hca-valorise-laction-des-precurseurs-de-lalgerie-plurielle\\\/\",\"url\":\"https:\\\/\\\/lasentinelle.dz\\\/index.php\\\/2022\\\/04\\\/21\\\/si-el-hachemi-assad-secretaire-general-du-hca-le-hca-valorise-laction-des-precurseurs-de-lalgerie-plurielle\\\/\",\"name\":\"Si El Hachemi Assad,\u00a0Secr\u00e9taire g\u00e9n\u00e9ral du HCA\u00a0: \u00ab\u00a0Le HCA valorise l\u2019action des pr\u00e9curseurs de l\u2019Alg\u00e9rie plurielle\u00a0\u00bb - La Sentinelle\",\"isPartOf\":{\"@id\":\"https:\\\/\\\/lasentinelle.dz\\\/#website\"},\"primaryImageOfPage\":{\"@id\":\"https:\\\/\\\/lasentinelle.dz\\\/index.php\\\/2022\\\/04\\\/21\\\/si-el-hachemi-assad-secretaire-general-du-hca-le-hca-valorise-laction-des-precurseurs-de-lalgerie-plurielle\\\/#primaryimage\"},\"image\":{\"@id\":\"https:\\\/\\\/lasentinelle.dz\\\/index.php\\\/2022\\\/04\\\/21\\\/si-el-hachemi-assad-secretaire-general-du-hca-le-hca-valorise-laction-des-precurseurs-de-lalgerie-plurielle\\\/#primaryimage\"},\"thumbnailUrl\":\"https:\\\/\\\/lasentinelle.dz\\\/wp-content\\\/uploads\\\/2022\\\/04\\\/f0d8fa4053b5b0c3a59cc362f0794ffe.jpg\",\"datePublished\":\"2022-04-20T23:01:00+00:00\",\"breadcrumb\":{\"@id\":\"https:\\\/\\\/lasentinelle.dz\\\/index.php\\\/2022\\\/04\\\/21\\\/si-el-hachemi-assad-secretaire-general-du-hca-le-hca-valorise-laction-des-precurseurs-de-lalgerie-plurielle\\\/#breadcrumb\"},\"inLanguage\":\"fr-FR\",\"potentialAction\":[{\"@type\":\"ReadAction\",\"target\":[\"https:\\\/\\\/lasentinelle.dz\\\/index.php\\\/2022\\\/04\\\/21\\\/si-el-hachemi-assad-secretaire-general-du-hca-le-hca-valorise-laction-des-precurseurs-de-lalgerie-plurielle\\\/\"]}]},{\"@type\":\"ImageObject\",\"inLanguage\":\"fr-FR\",\"@id\":\"https:\\\/\\\/lasentinelle.dz\\\/index.php\\\/2022\\\/04\\\/21\\\/si-el-hachemi-assad-secretaire-general-du-hca-le-hca-valorise-laction-des-precurseurs-de-lalgerie-plurielle\\\/#primaryimage\",\"url\":\"https:\\\/\\\/lasentinelle.dz\\\/wp-content\\\/uploads\\\/2022\\\/04\\\/f0d8fa4053b5b0c3a59cc362f0794ffe.jpg\",\"contentUrl\":\"https:\\\/\\\/lasentinelle.dz\\\/wp-content\\\/uploads\\\/2022\\\/04\\\/f0d8fa4053b5b0c3a59cc362f0794ffe.jpg\",\"width\":760,\"height\":459},{\"@type\":\"BreadcrumbList\",\"@id\":\"https:\\\/\\\/lasentinelle.dz\\\/index.php\\\/2022\\\/04\\\/21\\\/si-el-hachemi-assad-secretaire-general-du-hca-le-hca-valorise-laction-des-precurseurs-de-lalgerie-plurielle\\\/#breadcrumb\",\"itemListElement\":[{\"@type\":\"ListItem\",\"position\":1,\"name\":\"Accueil\",\"item\":\"https:\\\/\\\/lasentinelle.dz\\\/\"},{\"@type\":\"ListItem\",\"position\":2,\"name\":\"Si El Hachemi Assad,\u00a0Secr\u00e9taire g\u00e9n\u00e9ral du HCA\u00a0: \u00ab\u00a0Le HCA valorise l\u2019action des pr\u00e9curseurs de l\u2019Alg\u00e9rie plurielle\u00a0\u00bb\"}]},{\"@type\":\"WebSite\",\"@id\":\"https:\\\/\\\/lasentinelle.dz\\\/#website\",\"url\":\"https:\\\/\\\/lasentinelle.dz\\\/\",\"name\":\"La Sentinelle\",\"description\":\"Quotidien national d&#039;information\",\"publisher\":{\"@id\":\"https:\\\/\\\/lasentinelle.dz\\\/#organization\"},\"potentialAction\":[{\"@type\":\"SearchAction\",\"target\":{\"@type\":\"EntryPoint\",\"urlTemplate\":\"https:\\\/\\\/lasentinelle.dz\\\/?s={search_term_string}\"},\"query-input\":{\"@type\":\"PropertyValueSpecification\",\"valueRequired\":true,\"valueName\":\"search_term_string\"}}],\"inLanguage\":\"fr-FR\"},{\"@type\":\"Organization\",\"@id\":\"https:\\\/\\\/lasentinelle.dz\\\/#organization\",\"name\":\"Quotidien La Sentinelle\",\"url\":\"https:\\\/\\\/lasentinelle.dz\\\/\",\"logo\":{\"@type\":\"ImageObject\",\"inLanguage\":\"fr-FR\",\"@id\":\"https:\\\/\\\/lasentinelle.dz\\\/#\\\/schema\\\/logo\\\/image\\\/\",\"url\":\"https:\\\/\\\/lasentinelle.dz\\\/wp-content\\\/uploads\\\/2021\\\/09\\\/logo-sentinelleSLOGAN-1.png\",\"contentUrl\":\"https:\\\/\\\/lasentinelle.dz\\\/wp-content\\\/uploads\\\/2021\\\/09\\\/logo-sentinelleSLOGAN-1.png\",\"width\":615,\"height\":142,\"caption\":\"Quotidien La Sentinelle\"},\"image\":{\"@id\":\"https:\\\/\\\/lasentinelle.dz\\\/#\\\/schema\\\/logo\\\/image\\\/\"},\"sameAs\":[\"https:\\\/\\\/www.facebook.com\\\/La-Sentinelle-104059864394773\"]},{\"@type\":\"Person\",\"@id\":\"https:\\\/\\\/lasentinelle.dz\\\/#\\\/schema\\\/person\\\/d865044e22e70a75174ce8bcad3acfb3\",\"name\":\"La Sentinelle\",\"image\":{\"@type\":\"ImageObject\",\"inLanguage\":\"fr-FR\",\"@id\":\"https:\\\/\\\/secure.gravatar.com\\\/avatar\\\/57de8e5d4b15d43fb361a71fbb36338450fe67865b528a43dd10ef7c51a20392?s=96&d=mm&r=g\",\"url\":\"https:\\\/\\\/secure.gravatar.com\\\/avatar\\\/57de8e5d4b15d43fb361a71fbb36338450fe67865b528a43dd10ef7c51a20392?s=96&d=mm&r=g\",\"contentUrl\":\"https:\\\/\\\/secure.gravatar.com\\\/avatar\\\/57de8e5d4b15d43fb361a71fbb36338450fe67865b528a43dd10ef7c51a20392?s=96&d=mm&r=g\",\"caption\":\"La Sentinelle\"},\"sameAs\":[\"http:\\\/\\\/www.lasentinelle.dz\"],\"url\":\"https:\\\/\\\/lasentinelle.dz\\\/author\\\/redaction\\\/\"}]}<\/script>\n<!-- \/ Yoast SEO plugin. -->","yoast_head_json":{"title":"Si El Hachemi Assad,\u00a0Secr\u00e9taire g\u00e9n\u00e9ral du HCA\u00a0: \u00ab\u00a0Le HCA valorise l\u2019action des pr\u00e9curseurs de l\u2019Alg\u00e9rie plurielle\u00a0\u00bb - La Sentinelle","robots":{"index":"index","follow":"follow","max-snippet":"max-snippet:-1","max-image-preview":"max-image-preview:large","max-video-preview":"max-video-preview:-1"},"canonical":"https:\/\/lasentinelle.dz\/index.php\/2022\/04\/21\/si-el-hachemi-assad-secretaire-general-du-hca-le-hca-valorise-laction-des-precurseurs-de-lalgerie-plurielle\/","og_locale":"fr_FR","og_type":"article","og_title":"Si El Hachemi Assad,\u00a0Secr\u00e9taire g\u00e9n\u00e9ral du HCA\u00a0: \u00ab\u00a0Le HCA valorise l\u2019action des pr\u00e9curseurs de l\u2019Alg\u00e9rie plurielle\u00a0\u00bb - La Sentinelle","og_description":"Le&nbsp;Secr\u00e9taire g\u00e9n\u00e9ral du Haut&nbsp;Commissariat \u00e0 l\u2019Amazighit\u00e9, Si Hachemi&nbsp;&nbsp;Assad, a&nbsp;indiqu\u00e9 hier \u00e0 partir d\u2019Oran&nbsp;que \u00able HCA \u0153uvre pour la r\u00e9habilitation des","og_url":"https:\/\/lasentinelle.dz\/index.php\/2022\/04\/21\/si-el-hachemi-assad-secretaire-general-du-hca-le-hca-valorise-laction-des-precurseurs-de-lalgerie-plurielle\/","og_site_name":"La Sentinelle","article_publisher":"https:\/\/www.facebook.com\/La-Sentinelle-104059864394773","article_published_time":"2022-04-20T23:01:00+00:00","og_image":[{"width":760,"height":459,"url":"https:\/\/lasentinelle.dz\/wp-content\/uploads\/2022\/04\/f0d8fa4053b5b0c3a59cc362f0794ffe.jpg","type":"image\/jpeg"}],"author":"La Sentinelle","twitter_card":"summary_large_image","twitter_misc":{"\u00c9crit par":"La Sentinelle","Dur\u00e9e de lecture estim\u00e9e":"3 minutes"},"schema":{"@context":"https:\/\/schema.org","@graph":[{"@type":"Article","@id":"https:\/\/lasentinelle.dz\/index.php\/2022\/04\/21\/si-el-hachemi-assad-secretaire-general-du-hca-le-hca-valorise-laction-des-precurseurs-de-lalgerie-plurielle\/#article","isPartOf":{"@id":"https:\/\/lasentinelle.dz\/index.php\/2022\/04\/21\/si-el-hachemi-assad-secretaire-general-du-hca-le-hca-valorise-laction-des-precurseurs-de-lalgerie-plurielle\/"},"author":{"name":"La Sentinelle","@id":"https:\/\/lasentinelle.dz\/#\/schema\/person\/d865044e22e70a75174ce8bcad3acfb3"},"headline":"Si El Hachemi Assad,\u00a0Secr\u00e9taire g\u00e9n\u00e9ral du HCA\u00a0: \u00ab\u00a0Le HCA valorise l\u2019action des pr\u00e9curseurs de l\u2019Alg\u00e9rie plurielle\u00a0\u00bb","datePublished":"2022-04-20T23:01:00+00:00","mainEntityOfPage":{"@id":"https:\/\/lasentinelle.dz\/index.php\/2022\/04\/21\/si-el-hachemi-assad-secretaire-general-du-hca-le-hca-valorise-laction-des-precurseurs-de-lalgerie-plurielle\/"},"wordCount":647,"commentCount":0,"publisher":{"@id":"https:\/\/lasentinelle.dz\/#organization"},"image":{"@id":"https:\/\/lasentinelle.dz\/index.php\/2022\/04\/21\/si-el-hachemi-assad-secretaire-general-du-hca-le-hca-valorise-laction-des-precurseurs-de-lalgerie-plurielle\/#primaryimage"},"thumbnailUrl":"https:\/\/lasentinelle.dz\/wp-content\/uploads\/2022\/04\/f0d8fa4053b5b0c3a59cc362f0794ffe.jpg","articleSection":["Actualit\u00e9"],"inLanguage":"fr-FR","potentialAction":[{"@type":"CommentAction","name":"Comment","target":["https:\/\/lasentinelle.dz\/index.php\/2022\/04\/21\/si-el-hachemi-assad-secretaire-general-du-hca-le-hca-valorise-laction-des-precurseurs-de-lalgerie-plurielle\/#respond"]}]},{"@type":"WebPage","@id":"https:\/\/lasentinelle.dz\/index.php\/2022\/04\/21\/si-el-hachemi-assad-secretaire-general-du-hca-le-hca-valorise-laction-des-precurseurs-de-lalgerie-plurielle\/","url":"https:\/\/lasentinelle.dz\/index.php\/2022\/04\/21\/si-el-hachemi-assad-secretaire-general-du-hca-le-hca-valorise-laction-des-precurseurs-de-lalgerie-plurielle\/","name":"Si El Hachemi Assad,\u00a0Secr\u00e9taire g\u00e9n\u00e9ral du HCA\u00a0: \u00ab\u00a0Le HCA valorise l\u2019action des pr\u00e9curseurs de l\u2019Alg\u00e9rie plurielle\u00a0\u00bb - La Sentinelle","isPartOf":{"@id":"https:\/\/lasentinelle.dz\/#website"},"primaryImageOfPage":{"@id":"https:\/\/lasentinelle.dz\/index.php\/2022\/04\/21\/si-el-hachemi-assad-secretaire-general-du-hca-le-hca-valorise-laction-des-precurseurs-de-lalgerie-plurielle\/#primaryimage"},"image":{"@id":"https:\/\/lasentinelle.dz\/index.php\/2022\/04\/21\/si-el-hachemi-assad-secretaire-general-du-hca-le-hca-valorise-laction-des-precurseurs-de-lalgerie-plurielle\/#primaryimage"},"thumbnailUrl":"https:\/\/lasentinelle.dz\/wp-content\/uploads\/2022\/04\/f0d8fa4053b5b0c3a59cc362f0794ffe.jpg","datePublished":"2022-04-20T23:01:00+00:00","breadcrumb":{"@id":"https:\/\/lasentinelle.dz\/index.php\/2022\/04\/21\/si-el-hachemi-assad-secretaire-general-du-hca-le-hca-valorise-laction-des-precurseurs-de-lalgerie-plurielle\/#breadcrumb"},"inLanguage":"fr-FR","potentialAction":[{"@type":"ReadAction","target":["https:\/\/lasentinelle.dz\/index.php\/2022\/04\/21\/si-el-hachemi-assad-secretaire-general-du-hca-le-hca-valorise-laction-des-precurseurs-de-lalgerie-plurielle\/"]}]},{"@type":"ImageObject","inLanguage":"fr-FR","@id":"https:\/\/lasentinelle.dz\/index.php\/2022\/04\/21\/si-el-hachemi-assad-secretaire-general-du-hca-le-hca-valorise-laction-des-precurseurs-de-lalgerie-plurielle\/#primaryimage","url":"https:\/\/lasentinelle.dz\/wp-content\/uploads\/2022\/04\/f0d8fa4053b5b0c3a59cc362f0794ffe.jpg","contentUrl":"https:\/\/lasentinelle.dz\/wp-content\/uploads\/2022\/04\/f0d8fa4053b5b0c3a59cc362f0794ffe.jpg","width":760,"height":459},{"@type":"BreadcrumbList","@id":"https:\/\/lasentinelle.dz\/index.php\/2022\/04\/21\/si-el-hachemi-assad-secretaire-general-du-hca-le-hca-valorise-laction-des-precurseurs-de-lalgerie-plurielle\/#breadcrumb","itemListElement":[{"@type":"ListItem","position":1,"name":"Accueil","item":"https:\/\/lasentinelle.dz\/"},{"@type":"ListItem","position":2,"name":"Si El Hachemi Assad,\u00a0Secr\u00e9taire g\u00e9n\u00e9ral du HCA\u00a0: \u00ab\u00a0Le HCA valorise l\u2019action des pr\u00e9curseurs de l\u2019Alg\u00e9rie plurielle\u00a0\u00bb"}]},{"@type":"WebSite","@id":"https:\/\/lasentinelle.dz\/#website","url":"https:\/\/lasentinelle.dz\/","name":"La Sentinelle","description":"Quotidien national d&#039;information","publisher":{"@id":"https:\/\/lasentinelle.dz\/#organization"},"potentialAction":[{"@type":"SearchAction","target":{"@type":"EntryPoint","urlTemplate":"https:\/\/lasentinelle.dz\/?s={search_term_string}"},"query-input":{"@type":"PropertyValueSpecification","valueRequired":true,"valueName":"search_term_string"}}],"inLanguage":"fr-FR"},{"@type":"Organization","@id":"https:\/\/lasentinelle.dz\/#organization","name":"Quotidien La Sentinelle","url":"https:\/\/lasentinelle.dz\/","logo":{"@type":"ImageObject","inLanguage":"fr-FR","@id":"https:\/\/lasentinelle.dz\/#\/schema\/logo\/image\/","url":"https:\/\/lasentinelle.dz\/wp-content\/uploads\/2021\/09\/logo-sentinelleSLOGAN-1.png","contentUrl":"https:\/\/lasentinelle.dz\/wp-content\/uploads\/2021\/09\/logo-sentinelleSLOGAN-1.png","width":615,"height":142,"caption":"Quotidien La Sentinelle"},"image":{"@id":"https:\/\/lasentinelle.dz\/#\/schema\/logo\/image\/"},"sameAs":["https:\/\/www.facebook.com\/La-Sentinelle-104059864394773"]},{"@type":"Person","@id":"https:\/\/lasentinelle.dz\/#\/schema\/person\/d865044e22e70a75174ce8bcad3acfb3","name":"La Sentinelle","image":{"@type":"ImageObject","inLanguage":"fr-FR","@id":"https:\/\/secure.gravatar.com\/avatar\/57de8e5d4b15d43fb361a71fbb36338450fe67865b528a43dd10ef7c51a20392?s=96&d=mm&r=g","url":"https:\/\/secure.gravatar.com\/avatar\/57de8e5d4b15d43fb361a71fbb36338450fe67865b528a43dd10ef7c51a20392?s=96&d=mm&r=g","contentUrl":"https:\/\/secure.gravatar.com\/avatar\/57de8e5d4b15d43fb361a71fbb36338450fe67865b528a43dd10ef7c51a20392?s=96&d=mm&r=g","caption":"La Sentinelle"},"sameAs":["http:\/\/www.lasentinelle.dz"],"url":"https:\/\/lasentinelle.dz\/author\/redaction\/"}]}},"_links":{"self":[{"href":"https:\/\/lasentinelle.dz\/index.php\/wp-json\/wp\/v2\/posts\/20163","targetHints":{"allow":["GET"]}}],"collection":[{"href":"https:\/\/lasentinelle.dz\/index.php\/wp-json\/wp\/v2\/posts"}],"about":[{"href":"https:\/\/lasentinelle.dz\/index.php\/wp-json\/wp\/v2\/types\/post"}],"author":[{"embeddable":true,"href":"https:\/\/lasentinelle.dz\/index.php\/wp-json\/wp\/v2\/users\/3"}],"replies":[{"embeddable":true,"href":"https:\/\/lasentinelle.dz\/index.php\/wp-json\/wp\/v2\/comments?post=20163"}],"version-history":[{"count":1,"href":"https:\/\/lasentinelle.dz\/index.php\/wp-json\/wp\/v2\/posts\/20163\/revisions"}],"predecessor-version":[{"id":20170,"href":"https:\/\/lasentinelle.dz\/index.php\/wp-json\/wp\/v2\/posts\/20163\/revisions\/20170"}],"wp:featuredmedia":[{"embeddable":true,"href":"https:\/\/lasentinelle.dz\/index.php\/wp-json\/wp\/v2\/media\/20169"}],"wp:attachment":[{"href":"https:\/\/lasentinelle.dz\/index.php\/wp-json\/wp\/v2\/media?parent=20163"}],"wp:term":[{"taxonomy":"category","embeddable":true,"href":"https:\/\/lasentinelle.dz\/index.php\/wp-json\/wp\/v2\/categories?post=20163"},{"taxonomy":"post_tag","embeddable":true,"href":"https:\/\/lasentinelle.dz\/index.php\/wp-json\/wp\/v2\/tags?post=20163"}],"curies":[{"name":"wp","href":"https:\/\/api.w.org\/{rel}","templated":true}]}}