{"id":20168,"date":"2022-04-21T00:01:00","date_gmt":"2022-04-20T23:01:00","guid":{"rendered":"https:\/\/lasentinelle.dz\/?p=20168"},"modified":"2022-04-20T19:13:47","modified_gmt":"2022-04-20T18:13:47","slug":"celebration-du-42e-anniversaire-du-printemps-amazigh-un-programme-riche-en-festivites","status":"publish","type":"post","link":"https:\/\/lasentinelle.dz\/index.php\/2022\/04\/21\/celebration-du-42e-anniversaire-du-printemps-amazigh-un-programme-riche-en-festivites\/","title":{"rendered":"C\u00e9l\u00e9bration du 42e\u00a0anniversaire du printemps\u00a0amazigh\u00a0: Un programme riche en festivit\u00e9s"},"content":{"rendered":"\n<p>Le 42\u00e8me anniversaire du printemps berb\u00e8re a \u00e9t\u00e9 c\u00e9l\u00e9br\u00e9 hier i \u00e0 Tizi-Ouzou avec un riche programme culturel. Un riche programme culturel a \u00e9t\u00e9 en effet au menu de la maison de la culture Mouloud Mammeri de Tizi-Ouzou ainsi que ses annexes et les centres culturels r\u00e9partis \u00e0 travers les communes. Toutefois, la c\u00e9l\u00e9bration officielle a \u00e9t\u00e9 inaugur\u00e9e au niveau du chef-lieu de la wilaya en pr\u00e9sence des repr\u00e9sentants des pouvoirs publics \u00e0 l\u2019instar du wali de Tizi-Ouzou, Djilali Doumi ainsi que le pr\u00e9sident de l\u2019APW accompagn\u00e9 de nombreux \u00e9lus.<\/p>\n\n\n\n<p>Aussi, apr\u00e8s la c\u00e9r\u00e9monie d\u2019ouverture qui a vu le wali qui a assur\u00e9 de la disponibilit\u00e9 de l\u2019Etat \u00e0 accompagner le d\u00e9veloppement de la langue amazighe, les festivit\u00e9s ont donc d\u00e9but\u00e9 pour durer plusieurs jours. Le riche programme sera donc au menu de la maison de la Culture Mouloud Mammeri se d\u00e9clinera en diverses formes culturelles, artistiques et litt\u00e9raires. Une richesse qui sera \u00e9galement la caract\u00e9ristique&nbsp;&nbsp;des programmes concoct\u00e9s par le mouvement associatif r\u00e9parti \u00e0 travers les communes.&nbsp;&nbsp;<\/p>\n\n\n\n<p>Le hall de la grande salle de la maison de la culture Mouloud Mammeri qui a abrit\u00e9 la c\u00e9r\u00e9monie d\u2019ouverture n\u2019a pas tard\u00e9 \u00e0 se remplir de&nbsp;&nbsp;visiteurs venus voir les diff\u00e9rentes activit\u00e9s attendues pour hier mercredi, 20 du mois d\u2019avril co\u00efncidant avec le 42\u00e8me anniversaire du printemps berb\u00e8re 1980. Un programme vari\u00e9 et diversifi\u00e9 pour la circonstance mais tout de m\u00eame marqu\u00e9 par la th\u00e9matique inh\u00e9rente \u00e0 cette date. Du th\u00e9\u00e2tre, de la litt\u00e9rature, du cin\u00e9ma et bien d\u2019autres activit\u00e9s encore comme les expositions et les communications.<\/p>\n\n\n\n<p>Les expositions porteront ainsi sur diverses th\u00e9matiques \u00e0 l\u2019instar des richesses culturelles de la wilaya de Tizi-Ouzou, les livres et&nbsp;&nbsp;photographies autour&nbsp;&nbsp;du&nbsp;&nbsp;patrimoine mat\u00e9riel et immat\u00e9riel. Il a \u00e9t\u00e9 aussi question de ventes d\u00e9dicaces&nbsp;&nbsp;avec: Mr Adli Younes, Mr Mahroug Djamal parall\u00e8lement \u00e0 un riche programme de conf\u00e9rences sur divers th\u00e8mes comme les manuscrits anciens, le patrimoine culturel immat\u00e9riel \u00e0 travers les arts plastiques outre l\u2019architecture traditionnelle.Enfin, l\u2019occasion ne pouvait passer sans l\u2019organisation d\u2019une table ronde traitant la th\u00e9matique et anim\u00e9e par de nombreuses personnalit\u00e9s du monde culturel et litt\u00e9raire \u00e0 l\u2019instar de -Mr Mekacher Med Amine, enseignant \u00e0 l\u2019universit\u00e9 Mouloud&nbsp;&nbsp;Mammeri de Tizi-Ouzou, Mr Halouane Hacene, enseignant \u00e0 l\u2019universit\u00e9 Mouloud&nbsp;&nbsp;Mammeri de Tizi-Ouzou,&nbsp;&nbsp;Mr Ikherbane Akli, enseignant \u00e0 l\u2019universit\u00e9 Mouloud&nbsp;&nbsp;Mammeri de Tizi-Ouzou, Mr Moussouni Abdelghani, Chercheur permanent au Centre National de Recherche en Langue et&nbsp;&nbsp;Culture Amazighes \u2013 B\u00e9jaia,&nbsp;&nbsp;Mr Laceb&nbsp;&nbsp;Djamel, inspecteur d\u2019\u00e9ducation&nbsp;&nbsp;nationale ainsi que M. Bilek Hamid : (Mod\u00e9rateur) ancien cadre du HCA.&nbsp;<\/p>\n\n\n\n<p><strong>Kamel Nait Ameur<\/strong><\/p>\n","protected":false},"excerpt":{"rendered":"<p>Le 42\u00e8me anniversaire du printemps berb\u00e8re a \u00e9t\u00e9 c\u00e9l\u00e9br\u00e9 hier i \u00e0 Tizi-Ouzou avec un riche programme culturel. Un riche<\/p>\n","protected":false},"author":2,"featured_media":20171,"comment_status":"open","ping_status":"closed","sticky":false,"template":"","format":"standard","meta":{"colormag_page_container_layout":"default_layout","colormag_page_sidebar_layout":"default_layout","om_disable_all_campaigns":false,"_monsterinsights_skip_tracking":false,"_monsterinsights_sitenote_active":false,"_monsterinsights_sitenote_note":"","_monsterinsights_sitenote_category":0,"footnotes":"","_wpscppro_dont_share_socialmedia":false,"_wpscppro_custom_social_share_image":0,"_facebook_share_type":"","_twitter_share_type":"","_linkedin_share_type":"","_pinterest_share_type":"","_linkedin_share_type_page":"","_instagram_share_type":"","_medium_share_type":"","_threads_share_type":"","_google_business_share_type":"","_selected_social_profile":[],"_wpsp_enable_custom_social_template":false,"_wpsp_social_scheduling":{"enabled":false,"datetime":null,"platforms":[],"status":"template_only","dateOption":"today","timeOption":"now","customDays":"","customHours":"","customDate":"","customTime":"","schedulingType":"absolute"},"_wpsp_active_default_template":true},"categories":[1],"tags":[],"class_list":["post-20168","post","type-post","status-publish","format-standard","has-post-thumbnail","hentry","category-uncategorized"],"aioseo_notices":[],"yoast_head":"<!-- This site is optimized with the Yoast SEO plugin v27.5 - https:\/\/yoast.com\/product\/yoast-seo-wordpress\/ -->\n<title>C\u00e9l\u00e9bration du 42e\u00a0anniversaire du printemps\u00a0amazigh\u00a0: Un programme riche en festivit\u00e9s - La Sentinelle<\/title>\n<meta name=\"robots\" content=\"index, follow, max-snippet:-1, max-image-preview:large, max-video-preview:-1\" \/>\n<link rel=\"canonical\" href=\"https:\/\/lasentinelle.dz\/index.php\/2022\/04\/21\/celebration-du-42e-anniversaire-du-printemps-amazigh-un-programme-riche-en-festivites\/\" \/>\n<meta property=\"og:locale\" content=\"fr_FR\" \/>\n<meta property=\"og:type\" content=\"article\" \/>\n<meta property=\"og:title\" content=\"C\u00e9l\u00e9bration du 42e\u00a0anniversaire du printemps\u00a0amazigh\u00a0: Un programme riche en festivit\u00e9s - La Sentinelle\" \/>\n<meta property=\"og:description\" content=\"Le 42\u00e8me anniversaire du printemps berb\u00e8re a \u00e9t\u00e9 c\u00e9l\u00e9br\u00e9 hier i \u00e0 Tizi-Ouzou avec un riche programme culturel. Un riche\" \/>\n<meta property=\"og:url\" content=\"https:\/\/lasentinelle.dz\/index.php\/2022\/04\/21\/celebration-du-42e-anniversaire-du-printemps-amazigh-un-programme-riche-en-festivites\/\" \/>\n<meta property=\"og:site_name\" content=\"La Sentinelle\" \/>\n<meta property=\"article:publisher\" content=\"https:\/\/www.facebook.com\/La-Sentinelle-104059864394773\" \/>\n<meta property=\"article:published_time\" content=\"2022-04-20T23:01:00+00:00\" \/>\n<meta property=\"og:image\" content=\"https:\/\/lasentinelle.dz\/wp-content\/uploads\/2022\/04\/Unknown-3.jpeg\" \/>\n\t<meta property=\"og:image:width\" content=\"306\" \/>\n\t<meta property=\"og:image:height\" content=\"165\" \/>\n\t<meta property=\"og:image:type\" content=\"image\/jpeg\" \/>\n<meta name=\"author\" content=\"Azzedine Belferag\" \/>\n<meta name=\"twitter:card\" content=\"summary_large_image\" \/>\n<meta name=\"twitter:label1\" content=\"\u00c9crit par\" \/>\n\t<meta name=\"twitter:data1\" content=\"Azzedine Belferag\" \/>\n\t<meta name=\"twitter:label2\" content=\"Dur\u00e9e de lecture estim\u00e9e\" \/>\n\t<meta name=\"twitter:data2\" content=\"3 minutes\" \/>\n<script type=\"application\/ld+json\" class=\"yoast-schema-graph\">{\"@context\":\"https:\\\/\\\/schema.org\",\"@graph\":[{\"@type\":\"Article\",\"@id\":\"https:\\\/\\\/lasentinelle.dz\\\/index.php\\\/2022\\\/04\\\/21\\\/celebration-du-42e-anniversaire-du-printemps-amazigh-un-programme-riche-en-festivites\\\/#article\",\"isPartOf\":{\"@id\":\"https:\\\/\\\/lasentinelle.dz\\\/index.php\\\/2022\\\/04\\\/21\\\/celebration-du-42e-anniversaire-du-printemps-amazigh-un-programme-riche-en-festivites\\\/\"},\"author\":{\"name\":\"Azzedine Belferag\",\"@id\":\"https:\\\/\\\/lasentinelle.dz\\\/#\\\/schema\\\/person\\\/e22c868643946ece5f328ac9d185b29f\"},\"headline\":\"C\u00e9l\u00e9bration du 42e\u00a0anniversaire du printemps\u00a0amazigh\u00a0: Un programme riche en festivit\u00e9s\",\"datePublished\":\"2022-04-20T23:01:00+00:00\",\"mainEntityOfPage\":{\"@id\":\"https:\\\/\\\/lasentinelle.dz\\\/index.php\\\/2022\\\/04\\\/21\\\/celebration-du-42e-anniversaire-du-printemps-amazigh-un-programme-riche-en-festivites\\\/\"},\"wordCount\":513,\"commentCount\":0,\"publisher\":{\"@id\":\"https:\\\/\\\/lasentinelle.dz\\\/#organization\"},\"image\":{\"@id\":\"https:\\\/\\\/lasentinelle.dz\\\/index.php\\\/2022\\\/04\\\/21\\\/celebration-du-42e-anniversaire-du-printemps-amazigh-un-programme-riche-en-festivites\\\/#primaryimage\"},\"thumbnailUrl\":\"https:\\\/\\\/lasentinelle.dz\\\/wp-content\\\/uploads\\\/2022\\\/04\\\/Unknown-3.jpeg\",\"articleSection\":[\"Uncategorized\"],\"inLanguage\":\"fr-FR\",\"potentialAction\":[{\"@type\":\"CommentAction\",\"name\":\"Comment\",\"target\":[\"https:\\\/\\\/lasentinelle.dz\\\/index.php\\\/2022\\\/04\\\/21\\\/celebration-du-42e-anniversaire-du-printemps-amazigh-un-programme-riche-en-festivites\\\/#respond\"]}]},{\"@type\":\"WebPage\",\"@id\":\"https:\\\/\\\/lasentinelle.dz\\\/index.php\\\/2022\\\/04\\\/21\\\/celebration-du-42e-anniversaire-du-printemps-amazigh-un-programme-riche-en-festivites\\\/\",\"url\":\"https:\\\/\\\/lasentinelle.dz\\\/index.php\\\/2022\\\/04\\\/21\\\/celebration-du-42e-anniversaire-du-printemps-amazigh-un-programme-riche-en-festivites\\\/\",\"name\":\"C\u00e9l\u00e9bration du 42e\u00a0anniversaire du printemps\u00a0amazigh\u00a0: Un programme riche en festivit\u00e9s - La Sentinelle\",\"isPartOf\":{\"@id\":\"https:\\\/\\\/lasentinelle.dz\\\/#website\"},\"primaryImageOfPage\":{\"@id\":\"https:\\\/\\\/lasentinelle.dz\\\/index.php\\\/2022\\\/04\\\/21\\\/celebration-du-42e-anniversaire-du-printemps-amazigh-un-programme-riche-en-festivites\\\/#primaryimage\"},\"image\":{\"@id\":\"https:\\\/\\\/lasentinelle.dz\\\/index.php\\\/2022\\\/04\\\/21\\\/celebration-du-42e-anniversaire-du-printemps-amazigh-un-programme-riche-en-festivites\\\/#primaryimage\"},\"thumbnailUrl\":\"https:\\\/\\\/lasentinelle.dz\\\/wp-content\\\/uploads\\\/2022\\\/04\\\/Unknown-3.jpeg\",\"datePublished\":\"2022-04-20T23:01:00+00:00\",\"breadcrumb\":{\"@id\":\"https:\\\/\\\/lasentinelle.dz\\\/index.php\\\/2022\\\/04\\\/21\\\/celebration-du-42e-anniversaire-du-printemps-amazigh-un-programme-riche-en-festivites\\\/#breadcrumb\"},\"inLanguage\":\"fr-FR\",\"potentialAction\":[{\"@type\":\"ReadAction\",\"target\":[\"https:\\\/\\\/lasentinelle.dz\\\/index.php\\\/2022\\\/04\\\/21\\\/celebration-du-42e-anniversaire-du-printemps-amazigh-un-programme-riche-en-festivites\\\/\"]}]},{\"@type\":\"ImageObject\",\"inLanguage\":\"fr-FR\",\"@id\":\"https:\\\/\\\/lasentinelle.dz\\\/index.php\\\/2022\\\/04\\\/21\\\/celebration-du-42e-anniversaire-du-printemps-amazigh-un-programme-riche-en-festivites\\\/#primaryimage\",\"url\":\"https:\\\/\\\/lasentinelle.dz\\\/wp-content\\\/uploads\\\/2022\\\/04\\\/Unknown-3.jpeg\",\"contentUrl\":\"https:\\\/\\\/lasentinelle.dz\\\/wp-content\\\/uploads\\\/2022\\\/04\\\/Unknown-3.jpeg\",\"width\":306,\"height\":165},{\"@type\":\"BreadcrumbList\",\"@id\":\"https:\\\/\\\/lasentinelle.dz\\\/index.php\\\/2022\\\/04\\\/21\\\/celebration-du-42e-anniversaire-du-printemps-amazigh-un-programme-riche-en-festivites\\\/#breadcrumb\",\"itemListElement\":[{\"@type\":\"ListItem\",\"position\":1,\"name\":\"Accueil\",\"item\":\"https:\\\/\\\/lasentinelle.dz\\\/\"},{\"@type\":\"ListItem\",\"position\":2,\"name\":\"C\u00e9l\u00e9bration du 42e\u00a0anniversaire du printemps\u00a0amazigh\u00a0: Un programme riche en festivit\u00e9s\"}]},{\"@type\":\"WebSite\",\"@id\":\"https:\\\/\\\/lasentinelle.dz\\\/#website\",\"url\":\"https:\\\/\\\/lasentinelle.dz\\\/\",\"name\":\"La Sentinelle\",\"description\":\"Quotidien national d&#039;information\",\"publisher\":{\"@id\":\"https:\\\/\\\/lasentinelle.dz\\\/#organization\"},\"potentialAction\":[{\"@type\":\"SearchAction\",\"target\":{\"@type\":\"EntryPoint\",\"urlTemplate\":\"https:\\\/\\\/lasentinelle.dz\\\/?s={search_term_string}\"},\"query-input\":{\"@type\":\"PropertyValueSpecification\",\"valueRequired\":true,\"valueName\":\"search_term_string\"}}],\"inLanguage\":\"fr-FR\"},{\"@type\":\"Organization\",\"@id\":\"https:\\\/\\\/lasentinelle.dz\\\/#organization\",\"name\":\"Quotidien La Sentinelle\",\"url\":\"https:\\\/\\\/lasentinelle.dz\\\/\",\"logo\":{\"@type\":\"ImageObject\",\"inLanguage\":\"fr-FR\",\"@id\":\"https:\\\/\\\/lasentinelle.dz\\\/#\\\/schema\\\/logo\\\/image\\\/\",\"url\":\"https:\\\/\\\/lasentinelle.dz\\\/wp-content\\\/uploads\\\/2021\\\/09\\\/logo-sentinelleSLOGAN-1.png\",\"contentUrl\":\"https:\\\/\\\/lasentinelle.dz\\\/wp-content\\\/uploads\\\/2021\\\/09\\\/logo-sentinelleSLOGAN-1.png\",\"width\":615,\"height\":142,\"caption\":\"Quotidien La Sentinelle\"},\"image\":{\"@id\":\"https:\\\/\\\/lasentinelle.dz\\\/#\\\/schema\\\/logo\\\/image\\\/\"},\"sameAs\":[\"https:\\\/\\\/www.facebook.com\\\/La-Sentinelle-104059864394773\"]},{\"@type\":\"Person\",\"@id\":\"https:\\\/\\\/lasentinelle.dz\\\/#\\\/schema\\\/person\\\/e22c868643946ece5f328ac9d185b29f\",\"name\":\"Azzedine Belferag\",\"image\":{\"@type\":\"ImageObject\",\"inLanguage\":\"fr-FR\",\"@id\":\"https:\\\/\\\/secure.gravatar.com\\\/avatar\\\/767ecc3bfcf23cd6d0dae1705f124feb13a88fded1daa56498e4fb3aa3fc36a1?s=96&d=mm&r=g\",\"url\":\"https:\\\/\\\/secure.gravatar.com\\\/avatar\\\/767ecc3bfcf23cd6d0dae1705f124feb13a88fded1daa56498e4fb3aa3fc36a1?s=96&d=mm&r=g\",\"contentUrl\":\"https:\\\/\\\/secure.gravatar.com\\\/avatar\\\/767ecc3bfcf23cd6d0dae1705f124feb13a88fded1daa56498e4fb3aa3fc36a1?s=96&d=mm&r=g\",\"caption\":\"Azzedine Belferag\"},\"sameAs\":[\"http:\\\/\\\/www.lasentinelle.dz\"],\"url\":\"https:\\\/\\\/lasentinelle.dz\\\/author\\\/belferag\\\/\"}]}<\/script>\n<!-- \/ Yoast SEO plugin. -->","yoast_head_json":{"title":"C\u00e9l\u00e9bration du 42e\u00a0anniversaire du printemps\u00a0amazigh\u00a0: Un programme riche en festivit\u00e9s - La Sentinelle","robots":{"index":"index","follow":"follow","max-snippet":"max-snippet:-1","max-image-preview":"max-image-preview:large","max-video-preview":"max-video-preview:-1"},"canonical":"https:\/\/lasentinelle.dz\/index.php\/2022\/04\/21\/celebration-du-42e-anniversaire-du-printemps-amazigh-un-programme-riche-en-festivites\/","og_locale":"fr_FR","og_type":"article","og_title":"C\u00e9l\u00e9bration du 42e\u00a0anniversaire du printemps\u00a0amazigh\u00a0: Un programme riche en festivit\u00e9s - La Sentinelle","og_description":"Le 42\u00e8me anniversaire du printemps berb\u00e8re a \u00e9t\u00e9 c\u00e9l\u00e9br\u00e9 hier i \u00e0 Tizi-Ouzou avec un riche programme culturel. Un riche","og_url":"https:\/\/lasentinelle.dz\/index.php\/2022\/04\/21\/celebration-du-42e-anniversaire-du-printemps-amazigh-un-programme-riche-en-festivites\/","og_site_name":"La Sentinelle","article_publisher":"https:\/\/www.facebook.com\/La-Sentinelle-104059864394773","article_published_time":"2022-04-20T23:01:00+00:00","og_image":[{"width":306,"height":165,"url":"https:\/\/lasentinelle.dz\/wp-content\/uploads\/2022\/04\/Unknown-3.jpeg","type":"image\/jpeg"}],"author":"Azzedine Belferag","twitter_card":"summary_large_image","twitter_misc":{"\u00c9crit par":"Azzedine Belferag","Dur\u00e9e de lecture estim\u00e9e":"3 minutes"},"schema":{"@context":"https:\/\/schema.org","@graph":[{"@type":"Article","@id":"https:\/\/lasentinelle.dz\/index.php\/2022\/04\/21\/celebration-du-42e-anniversaire-du-printemps-amazigh-un-programme-riche-en-festivites\/#article","isPartOf":{"@id":"https:\/\/lasentinelle.dz\/index.php\/2022\/04\/21\/celebration-du-42e-anniversaire-du-printemps-amazigh-un-programme-riche-en-festivites\/"},"author":{"name":"Azzedine Belferag","@id":"https:\/\/lasentinelle.dz\/#\/schema\/person\/e22c868643946ece5f328ac9d185b29f"},"headline":"C\u00e9l\u00e9bration du 42e\u00a0anniversaire du printemps\u00a0amazigh\u00a0: Un programme riche en festivit\u00e9s","datePublished":"2022-04-20T23:01:00+00:00","mainEntityOfPage":{"@id":"https:\/\/lasentinelle.dz\/index.php\/2022\/04\/21\/celebration-du-42e-anniversaire-du-printemps-amazigh-un-programme-riche-en-festivites\/"},"wordCount":513,"commentCount":0,"publisher":{"@id":"https:\/\/lasentinelle.dz\/#organization"},"image":{"@id":"https:\/\/lasentinelle.dz\/index.php\/2022\/04\/21\/celebration-du-42e-anniversaire-du-printemps-amazigh-un-programme-riche-en-festivites\/#primaryimage"},"thumbnailUrl":"https:\/\/lasentinelle.dz\/wp-content\/uploads\/2022\/04\/Unknown-3.jpeg","articleSection":["Uncategorized"],"inLanguage":"fr-FR","potentialAction":[{"@type":"CommentAction","name":"Comment","target":["https:\/\/lasentinelle.dz\/index.php\/2022\/04\/21\/celebration-du-42e-anniversaire-du-printemps-amazigh-un-programme-riche-en-festivites\/#respond"]}]},{"@type":"WebPage","@id":"https:\/\/lasentinelle.dz\/index.php\/2022\/04\/21\/celebration-du-42e-anniversaire-du-printemps-amazigh-un-programme-riche-en-festivites\/","url":"https:\/\/lasentinelle.dz\/index.php\/2022\/04\/21\/celebration-du-42e-anniversaire-du-printemps-amazigh-un-programme-riche-en-festivites\/","name":"C\u00e9l\u00e9bration du 42e\u00a0anniversaire du printemps\u00a0amazigh\u00a0: Un programme riche en festivit\u00e9s - La Sentinelle","isPartOf":{"@id":"https:\/\/lasentinelle.dz\/#website"},"primaryImageOfPage":{"@id":"https:\/\/lasentinelle.dz\/index.php\/2022\/04\/21\/celebration-du-42e-anniversaire-du-printemps-amazigh-un-programme-riche-en-festivites\/#primaryimage"},"image":{"@id":"https:\/\/lasentinelle.dz\/index.php\/2022\/04\/21\/celebration-du-42e-anniversaire-du-printemps-amazigh-un-programme-riche-en-festivites\/#primaryimage"},"thumbnailUrl":"https:\/\/lasentinelle.dz\/wp-content\/uploads\/2022\/04\/Unknown-3.jpeg","datePublished":"2022-04-20T23:01:00+00:00","breadcrumb":{"@id":"https:\/\/lasentinelle.dz\/index.php\/2022\/04\/21\/celebration-du-42e-anniversaire-du-printemps-amazigh-un-programme-riche-en-festivites\/#breadcrumb"},"inLanguage":"fr-FR","potentialAction":[{"@type":"ReadAction","target":["https:\/\/lasentinelle.dz\/index.php\/2022\/04\/21\/celebration-du-42e-anniversaire-du-printemps-amazigh-un-programme-riche-en-festivites\/"]}]},{"@type":"ImageObject","inLanguage":"fr-FR","@id":"https:\/\/lasentinelle.dz\/index.php\/2022\/04\/21\/celebration-du-42e-anniversaire-du-printemps-amazigh-un-programme-riche-en-festivites\/#primaryimage","url":"https:\/\/lasentinelle.dz\/wp-content\/uploads\/2022\/04\/Unknown-3.jpeg","contentUrl":"https:\/\/lasentinelle.dz\/wp-content\/uploads\/2022\/04\/Unknown-3.jpeg","width":306,"height":165},{"@type":"BreadcrumbList","@id":"https:\/\/lasentinelle.dz\/index.php\/2022\/04\/21\/celebration-du-42e-anniversaire-du-printemps-amazigh-un-programme-riche-en-festivites\/#breadcrumb","itemListElement":[{"@type":"ListItem","position":1,"name":"Accueil","item":"https:\/\/lasentinelle.dz\/"},{"@type":"ListItem","position":2,"name":"C\u00e9l\u00e9bration du 42e\u00a0anniversaire du printemps\u00a0amazigh\u00a0: Un programme riche en festivit\u00e9s"}]},{"@type":"WebSite","@id":"https:\/\/lasentinelle.dz\/#website","url":"https:\/\/lasentinelle.dz\/","name":"La Sentinelle","description":"Quotidien national d&#039;information","publisher":{"@id":"https:\/\/lasentinelle.dz\/#organization"},"potentialAction":[{"@type":"SearchAction","target":{"@type":"EntryPoint","urlTemplate":"https:\/\/lasentinelle.dz\/?s={search_term_string}"},"query-input":{"@type":"PropertyValueSpecification","valueRequired":true,"valueName":"search_term_string"}}],"inLanguage":"fr-FR"},{"@type":"Organization","@id":"https:\/\/lasentinelle.dz\/#organization","name":"Quotidien La Sentinelle","url":"https:\/\/lasentinelle.dz\/","logo":{"@type":"ImageObject","inLanguage":"fr-FR","@id":"https:\/\/lasentinelle.dz\/#\/schema\/logo\/image\/","url":"https:\/\/lasentinelle.dz\/wp-content\/uploads\/2021\/09\/logo-sentinelleSLOGAN-1.png","contentUrl":"https:\/\/lasentinelle.dz\/wp-content\/uploads\/2021\/09\/logo-sentinelleSLOGAN-1.png","width":615,"height":142,"caption":"Quotidien La Sentinelle"},"image":{"@id":"https:\/\/lasentinelle.dz\/#\/schema\/logo\/image\/"},"sameAs":["https:\/\/www.facebook.com\/La-Sentinelle-104059864394773"]},{"@type":"Person","@id":"https:\/\/lasentinelle.dz\/#\/schema\/person\/e22c868643946ece5f328ac9d185b29f","name":"Azzedine Belferag","image":{"@type":"ImageObject","inLanguage":"fr-FR","@id":"https:\/\/secure.gravatar.com\/avatar\/767ecc3bfcf23cd6d0dae1705f124feb13a88fded1daa56498e4fb3aa3fc36a1?s=96&d=mm&r=g","url":"https:\/\/secure.gravatar.com\/avatar\/767ecc3bfcf23cd6d0dae1705f124feb13a88fded1daa56498e4fb3aa3fc36a1?s=96&d=mm&r=g","contentUrl":"https:\/\/secure.gravatar.com\/avatar\/767ecc3bfcf23cd6d0dae1705f124feb13a88fded1daa56498e4fb3aa3fc36a1?s=96&d=mm&r=g","caption":"Azzedine Belferag"},"sameAs":["http:\/\/www.lasentinelle.dz"],"url":"https:\/\/lasentinelle.dz\/author\/belferag\/"}]}},"_links":{"self":[{"href":"https:\/\/lasentinelle.dz\/index.php\/wp-json\/wp\/v2\/posts\/20168","targetHints":{"allow":["GET"]}}],"collection":[{"href":"https:\/\/lasentinelle.dz\/index.php\/wp-json\/wp\/v2\/posts"}],"about":[{"href":"https:\/\/lasentinelle.dz\/index.php\/wp-json\/wp\/v2\/types\/post"}],"author":[{"embeddable":true,"href":"https:\/\/lasentinelle.dz\/index.php\/wp-json\/wp\/v2\/users\/2"}],"replies":[{"embeddable":true,"href":"https:\/\/lasentinelle.dz\/index.php\/wp-json\/wp\/v2\/comments?post=20168"}],"version-history":[{"count":1,"href":"https:\/\/lasentinelle.dz\/index.php\/wp-json\/wp\/v2\/posts\/20168\/revisions"}],"predecessor-version":[{"id":20172,"href":"https:\/\/lasentinelle.dz\/index.php\/wp-json\/wp\/v2\/posts\/20168\/revisions\/20172"}],"wp:featuredmedia":[{"embeddable":true,"href":"https:\/\/lasentinelle.dz\/index.php\/wp-json\/wp\/v2\/media\/20171"}],"wp:attachment":[{"href":"https:\/\/lasentinelle.dz\/index.php\/wp-json\/wp\/v2\/media?parent=20168"}],"wp:term":[{"taxonomy":"category","embeddable":true,"href":"https:\/\/lasentinelle.dz\/index.php\/wp-json\/wp\/v2\/categories?post=20168"},{"taxonomy":"post_tag","embeddable":true,"href":"https:\/\/lasentinelle.dz\/index.php\/wp-json\/wp\/v2\/tags?post=20168"}],"curies":[{"name":"wp","href":"https:\/\/api.w.org\/{rel}","templated":true}]}}