{"id":20180,"date":"2022-04-21T00:01:00","date_gmt":"2022-04-20T23:01:00","guid":{"rendered":"https:\/\/lasentinelle.dz\/?p=20180"},"modified":"2022-04-20T22:12:10","modified_gmt":"2022-04-20T21:12:10","slug":"medias-et-responsabilite","status":"publish","type":"post","link":"https:\/\/lasentinelle.dz\/index.php\/2022\/04\/21\/medias-et-responsabilite\/","title":{"rendered":"M\u00e9dias et responsabilit\u00e9"},"content":{"rendered":"\n<p><strong><em>\u00ab&nbsp;La t\u00e9l\u00e9vision est un m\u00e9dia finalement assez grossier, qui a toujours privil\u00e9gi\u00e9 l&rsquo;\u00e9motion.<\/em><\/strong><strong><em>&nbsp;\u00bb Christine Ockrent, journaliste fran\u00e7aise.<\/em><\/strong><\/p>\n\n\n\n<p>Le Chef de l\u2019\u00c9tat-major de l\u2019ANP a averti hier contre la surench\u00e8re m\u00e9diatique de certains ph\u00e9nom\u00e8nes sociaux marginaux qui alimentent la haine et les divisions au sein de notre soci\u00e9t\u00e9. Il met en garde&nbsp;:&nbsp;&nbsp;cet emballement m\u00e9diatique \u00ab&nbsp;menace d\u2019ordre public&nbsp;\u00bb&nbsp;!<\/p>\n\n\n\n<p>C\u2019est dire le danger que repr\u00e9sentent certaines id\u00e9es destructrices largement relay\u00e9es sur les r\u00e9seaux sociaux. Nous l\u2019avons vu avec l\u2019affaire de l\u2019Imam de Mechedallah, dans la wilaya de Bouria, et avec cette \u00e9trange pseudo-p\u00e9tition, falsifi\u00e9e, tomb\u00e9e d\u2019on ne sait o\u00f9 pour s\u2019opposer \u00e0 la tenue d\u2019un concert d\u2019Ait Menguellet \u00e0 Oran. Et il n\u2019est pas difficile de voir dans le d\u00e9chainement et les d\u00e9passements de langage qui ont suivi sur les r\u00e9seaux sociaux la volont\u00e9 manifeste de diviser les enfants d\u2019une m\u00eame Nation, d\u2019une m\u00eame patrie en exacerbant les pr\u00e9jug\u00e9s raciaux et religieux. Des pr\u00e9jug\u00e9s qui, \u00e0 la base, n\u2019ont pas lieu d\u2019\u00eatre.&nbsp;<\/p>\n\n\n\n<p>Mais le plus grave, et c\u2019est ce que souligne d\u2019ailleurs Sa\u00efd Chanegriha, est de voir les m\u00e9dias de masse, audiovisuels notamment se laisser entra\u00eener dans ce genre de d\u00e9rive. On le sait, la t\u00e9l\u00e9vision est par d\u00e9finition un m\u00e9dia d\u2019ali\u00e9nation qui se nourrit de l\u2019affect au lieu de contribuer \u00e0 mieux appr\u00e9hender et comprendre l\u2019image qu\u2019on pr\u00e9sente. Et c\u2019est le cas dans pratiquement tous les pays, bien que des limites existent et doivent \u00eatre impos\u00e9es. Cependant, en Alg\u00e9rie l\u2019apparition de divers canaux de t\u00e9l\u00e9vision dans une certaine extraterritorialit\u00e9 juridique, pour n\u2019\u00e9voquer que cela, n\u2019a pas permis d\u2019imposer ces limites et r\u00e8gles \u00e9thiques \u00e0 leur fonctionnement. Le fait que l\u2019Arav se trouve dans l\u2019obligation de remonter les bretelles aux responsables de cha\u00eenes de t\u00e9l\u00e9vision \u00e0 chaque fois pour leur rappeler les r\u00e8gles de biens\u00e9ances et l\u2019obligation de professionnalisme renseigne du peu de souci que certains de ces canaux, plus soucieux de faire le buzz, ont rel\u00e9gu\u00e9 l\u2019\u00e9thique au bas de l\u2019\u00e9chelle des priorit\u00e9s dans leur course \u00e0 l\u2019audience. Et quand certains ph\u00e9nom\u00e8nes de soci\u00e9t\u00e9 sont pris dans l\u2019\u00e9tau des confrontations id\u00e9ologiques, il est clair que le traitement offert par les cha\u00eenes de t\u00e9l\u00e9vision n\u00e9glige le d\u00e9bat civilis\u00e9, la compr\u00e9hension mutuelle et la coh\u00e9sion pour favoriser, consciemment ou inconsciemment, un certain parti pris. Apr\u00e8s tout, le plus important est de flatter l\u2019\u00e9go du t\u00e9l\u00e9spectateur et satisfaire un certain voyeurisme quitte \u00e0 jouer sur le conformisme et la haine de l\u2019autre.<\/p>\n\n\n\n<p>Cela d\u00e9note du manque de professionnalisme et de responsabilit\u00e9 qui caract\u00e9rise certains m\u00e9dias aliment\u00e9 par la faiblesse voire l\u2019absence de formation des professionnels du secteur, mais il r\u00e9v\u00e8le surtout les d\u00e9rives d\u2019un secteur qui peine \u00e0 s\u2019\u00e9panouir dans un cadre qui souffre d\u2019une faible visibilit\u00e9 et manque cruellement d\u2019une politique des m\u00e9dias et de la communication \u00e9clair\u00e9e.&nbsp;<\/p>\n","protected":false},"excerpt":{"rendered":"<p>\u00ab&nbsp;La t\u00e9l\u00e9vision est un m\u00e9dia finalement assez grossier, qui a toujours privil\u00e9gi\u00e9 l&rsquo;\u00e9motion.&nbsp;\u00bb Christine Ockrent, journaliste fran\u00e7aise. Le Chef de<\/p>\n","protected":false},"author":3,"featured_media":20183,"comment_status":"open","ping_status":"closed","sticky":false,"template":"","format":"standard","meta":{"colormag_page_container_layout":"default_layout","colormag_page_sidebar_layout":"default_layout","om_disable_all_campaigns":false,"_monsterinsights_skip_tracking":false,"_monsterinsights_sitenote_active":false,"_monsterinsights_sitenote_note":"","_monsterinsights_sitenote_category":0,"footnotes":"","_wpscppro_dont_share_socialmedia":false,"_wpscppro_custom_social_share_image":0,"_facebook_share_type":"","_twitter_share_type":"","_linkedin_share_type":"","_pinterest_share_type":"","_linkedin_share_type_page":"","_instagram_share_type":"","_medium_share_type":"","_threads_share_type":"","_google_business_share_type":"","_selected_social_profile":[],"_wpsp_enable_custom_social_template":false,"_wpsp_social_scheduling":{"enabled":false,"datetime":null,"platforms":[],"status":"template_only","dateOption":"today","timeOption":"now","customDays":"","customHours":"","customDate":"","customTime":"","schedulingType":"absolute"},"_wpsp_active_default_template":true},"categories":[38,54],"tags":[],"class_list":["post-20180","post","type-post","status-publish","format-standard","has-post-thumbnail","hentry","category-debats","category-edito"],"aioseo_notices":[],"yoast_head":"<!-- This site is optimized with the Yoast SEO plugin v27.5 - https:\/\/yoast.com\/product\/yoast-seo-wordpress\/ -->\n<title>M\u00e9dias et responsabilit\u00e9 - La Sentinelle<\/title>\n<meta name=\"robots\" content=\"index, follow, max-snippet:-1, max-image-preview:large, max-video-preview:-1\" \/>\n<link rel=\"canonical\" href=\"https:\/\/lasentinelle.dz\/index.php\/2022\/04\/21\/medias-et-responsabilite\/\" \/>\n<meta property=\"og:locale\" content=\"fr_FR\" \/>\n<meta property=\"og:type\" content=\"article\" \/>\n<meta property=\"og:title\" content=\"M\u00e9dias et responsabilit\u00e9 - La Sentinelle\" \/>\n<meta property=\"og:description\" content=\"\u00ab&nbsp;La t\u00e9l\u00e9vision est un m\u00e9dia finalement assez grossier, qui a toujours privil\u00e9gi\u00e9 l&rsquo;\u00e9motion.&nbsp;\u00bb Christine Ockrent, journaliste fran\u00e7aise. Le Chef de\" \/>\n<meta property=\"og:url\" content=\"https:\/\/lasentinelle.dz\/index.php\/2022\/04\/21\/medias-et-responsabilite\/\" \/>\n<meta property=\"og:site_name\" content=\"La Sentinelle\" \/>\n<meta property=\"article:publisher\" content=\"https:\/\/www.facebook.com\/La-Sentinelle-104059864394773\" \/>\n<meta property=\"article:published_time\" content=\"2022-04-20T23:01:00+00:00\" \/>\n<meta property=\"og:image\" content=\"https:\/\/lasentinelle.dz\/wp-content\/uploads\/2022\/04\/edito-13.png\" \/>\n\t<meta property=\"og:image:width\" content=\"225\" \/>\n\t<meta property=\"og:image:height\" content=\"172\" \/>\n\t<meta property=\"og:image:type\" content=\"image\/png\" \/>\n<meta name=\"author\" content=\"La Sentinelle\" \/>\n<meta name=\"twitter:card\" content=\"summary_large_image\" \/>\n<meta name=\"twitter:label1\" content=\"\u00c9crit par\" \/>\n\t<meta name=\"twitter:data1\" content=\"La Sentinelle\" \/>\n\t<meta name=\"twitter:label2\" content=\"Dur\u00e9e de lecture estim\u00e9e\" \/>\n\t<meta name=\"twitter:data2\" content=\"3 minutes\" \/>\n<script type=\"application\/ld+json\" class=\"yoast-schema-graph\">{\"@context\":\"https:\\\/\\\/schema.org\",\"@graph\":[{\"@type\":\"Article\",\"@id\":\"https:\\\/\\\/lasentinelle.dz\\\/index.php\\\/2022\\\/04\\\/21\\\/medias-et-responsabilite\\\/#article\",\"isPartOf\":{\"@id\":\"https:\\\/\\\/lasentinelle.dz\\\/index.php\\\/2022\\\/04\\\/21\\\/medias-et-responsabilite\\\/\"},\"author\":{\"name\":\"La Sentinelle\",\"@id\":\"https:\\\/\\\/lasentinelle.dz\\\/#\\\/schema\\\/person\\\/d865044e22e70a75174ce8bcad3acfb3\"},\"headline\":\"M\u00e9dias et responsabilit\u00e9\",\"datePublished\":\"2022-04-20T23:01:00+00:00\",\"mainEntityOfPage\":{\"@id\":\"https:\\\/\\\/lasentinelle.dz\\\/index.php\\\/2022\\\/04\\\/21\\\/medias-et-responsabilite\\\/\"},\"wordCount\":574,\"commentCount\":0,\"publisher\":{\"@id\":\"https:\\\/\\\/lasentinelle.dz\\\/#organization\"},\"image\":{\"@id\":\"https:\\\/\\\/lasentinelle.dz\\\/index.php\\\/2022\\\/04\\\/21\\\/medias-et-responsabilite\\\/#primaryimage\"},\"thumbnailUrl\":\"https:\\\/\\\/lasentinelle.dz\\\/wp-content\\\/uploads\\\/2022\\\/04\\\/edito-13.png\",\"articleSection\":[\"D\u00e9bats\",\"L'\u00e9ditorial\"],\"inLanguage\":\"fr-FR\",\"potentialAction\":[{\"@type\":\"CommentAction\",\"name\":\"Comment\",\"target\":[\"https:\\\/\\\/lasentinelle.dz\\\/index.php\\\/2022\\\/04\\\/21\\\/medias-et-responsabilite\\\/#respond\"]}]},{\"@type\":\"WebPage\",\"@id\":\"https:\\\/\\\/lasentinelle.dz\\\/index.php\\\/2022\\\/04\\\/21\\\/medias-et-responsabilite\\\/\",\"url\":\"https:\\\/\\\/lasentinelle.dz\\\/index.php\\\/2022\\\/04\\\/21\\\/medias-et-responsabilite\\\/\",\"name\":\"M\u00e9dias et responsabilit\u00e9 - La Sentinelle\",\"isPartOf\":{\"@id\":\"https:\\\/\\\/lasentinelle.dz\\\/#website\"},\"primaryImageOfPage\":{\"@id\":\"https:\\\/\\\/lasentinelle.dz\\\/index.php\\\/2022\\\/04\\\/21\\\/medias-et-responsabilite\\\/#primaryimage\"},\"image\":{\"@id\":\"https:\\\/\\\/lasentinelle.dz\\\/index.php\\\/2022\\\/04\\\/21\\\/medias-et-responsabilite\\\/#primaryimage\"},\"thumbnailUrl\":\"https:\\\/\\\/lasentinelle.dz\\\/wp-content\\\/uploads\\\/2022\\\/04\\\/edito-13.png\",\"datePublished\":\"2022-04-20T23:01:00+00:00\",\"breadcrumb\":{\"@id\":\"https:\\\/\\\/lasentinelle.dz\\\/index.php\\\/2022\\\/04\\\/21\\\/medias-et-responsabilite\\\/#breadcrumb\"},\"inLanguage\":\"fr-FR\",\"potentialAction\":[{\"@type\":\"ReadAction\",\"target\":[\"https:\\\/\\\/lasentinelle.dz\\\/index.php\\\/2022\\\/04\\\/21\\\/medias-et-responsabilite\\\/\"]}]},{\"@type\":\"ImageObject\",\"inLanguage\":\"fr-FR\",\"@id\":\"https:\\\/\\\/lasentinelle.dz\\\/index.php\\\/2022\\\/04\\\/21\\\/medias-et-responsabilite\\\/#primaryimage\",\"url\":\"https:\\\/\\\/lasentinelle.dz\\\/wp-content\\\/uploads\\\/2022\\\/04\\\/edito-13.png\",\"contentUrl\":\"https:\\\/\\\/lasentinelle.dz\\\/wp-content\\\/uploads\\\/2022\\\/04\\\/edito-13.png\",\"width\":225,\"height\":172},{\"@type\":\"BreadcrumbList\",\"@id\":\"https:\\\/\\\/lasentinelle.dz\\\/index.php\\\/2022\\\/04\\\/21\\\/medias-et-responsabilite\\\/#breadcrumb\",\"itemListElement\":[{\"@type\":\"ListItem\",\"position\":1,\"name\":\"Accueil\",\"item\":\"https:\\\/\\\/lasentinelle.dz\\\/\"},{\"@type\":\"ListItem\",\"position\":2,\"name\":\"M\u00e9dias et responsabilit\u00e9\"}]},{\"@type\":\"WebSite\",\"@id\":\"https:\\\/\\\/lasentinelle.dz\\\/#website\",\"url\":\"https:\\\/\\\/lasentinelle.dz\\\/\",\"name\":\"La Sentinelle\",\"description\":\"Quotidien national d&#039;information\",\"publisher\":{\"@id\":\"https:\\\/\\\/lasentinelle.dz\\\/#organization\"},\"potentialAction\":[{\"@type\":\"SearchAction\",\"target\":{\"@type\":\"EntryPoint\",\"urlTemplate\":\"https:\\\/\\\/lasentinelle.dz\\\/?s={search_term_string}\"},\"query-input\":{\"@type\":\"PropertyValueSpecification\",\"valueRequired\":true,\"valueName\":\"search_term_string\"}}],\"inLanguage\":\"fr-FR\"},{\"@type\":\"Organization\",\"@id\":\"https:\\\/\\\/lasentinelle.dz\\\/#organization\",\"name\":\"Quotidien La Sentinelle\",\"url\":\"https:\\\/\\\/lasentinelle.dz\\\/\",\"logo\":{\"@type\":\"ImageObject\",\"inLanguage\":\"fr-FR\",\"@id\":\"https:\\\/\\\/lasentinelle.dz\\\/#\\\/schema\\\/logo\\\/image\\\/\",\"url\":\"https:\\\/\\\/lasentinelle.dz\\\/wp-content\\\/uploads\\\/2021\\\/09\\\/logo-sentinelleSLOGAN-1.png\",\"contentUrl\":\"https:\\\/\\\/lasentinelle.dz\\\/wp-content\\\/uploads\\\/2021\\\/09\\\/logo-sentinelleSLOGAN-1.png\",\"width\":615,\"height\":142,\"caption\":\"Quotidien La Sentinelle\"},\"image\":{\"@id\":\"https:\\\/\\\/lasentinelle.dz\\\/#\\\/schema\\\/logo\\\/image\\\/\"},\"sameAs\":[\"https:\\\/\\\/www.facebook.com\\\/La-Sentinelle-104059864394773\"]},{\"@type\":\"Person\",\"@id\":\"https:\\\/\\\/lasentinelle.dz\\\/#\\\/schema\\\/person\\\/d865044e22e70a75174ce8bcad3acfb3\",\"name\":\"La Sentinelle\",\"image\":{\"@type\":\"ImageObject\",\"inLanguage\":\"fr-FR\",\"@id\":\"https:\\\/\\\/secure.gravatar.com\\\/avatar\\\/57de8e5d4b15d43fb361a71fbb36338450fe67865b528a43dd10ef7c51a20392?s=96&d=mm&r=g\",\"url\":\"https:\\\/\\\/secure.gravatar.com\\\/avatar\\\/57de8e5d4b15d43fb361a71fbb36338450fe67865b528a43dd10ef7c51a20392?s=96&d=mm&r=g\",\"contentUrl\":\"https:\\\/\\\/secure.gravatar.com\\\/avatar\\\/57de8e5d4b15d43fb361a71fbb36338450fe67865b528a43dd10ef7c51a20392?s=96&d=mm&r=g\",\"caption\":\"La Sentinelle\"},\"sameAs\":[\"http:\\\/\\\/www.lasentinelle.dz\"],\"url\":\"https:\\\/\\\/lasentinelle.dz\\\/author\\\/redaction\\\/\"}]}<\/script>\n<!-- \/ Yoast SEO plugin. -->","yoast_head_json":{"title":"M\u00e9dias et responsabilit\u00e9 - La Sentinelle","robots":{"index":"index","follow":"follow","max-snippet":"max-snippet:-1","max-image-preview":"max-image-preview:large","max-video-preview":"max-video-preview:-1"},"canonical":"https:\/\/lasentinelle.dz\/index.php\/2022\/04\/21\/medias-et-responsabilite\/","og_locale":"fr_FR","og_type":"article","og_title":"M\u00e9dias et responsabilit\u00e9 - La Sentinelle","og_description":"\u00ab&nbsp;La t\u00e9l\u00e9vision est un m\u00e9dia finalement assez grossier, qui a toujours privil\u00e9gi\u00e9 l&rsquo;\u00e9motion.&nbsp;\u00bb Christine Ockrent, journaliste fran\u00e7aise. Le Chef de","og_url":"https:\/\/lasentinelle.dz\/index.php\/2022\/04\/21\/medias-et-responsabilite\/","og_site_name":"La Sentinelle","article_publisher":"https:\/\/www.facebook.com\/La-Sentinelle-104059864394773","article_published_time":"2022-04-20T23:01:00+00:00","og_image":[{"width":225,"height":172,"url":"https:\/\/lasentinelle.dz\/wp-content\/uploads\/2022\/04\/edito-13.png","type":"image\/png"}],"author":"La Sentinelle","twitter_card":"summary_large_image","twitter_misc":{"\u00c9crit par":"La Sentinelle","Dur\u00e9e de lecture estim\u00e9e":"3 minutes"},"schema":{"@context":"https:\/\/schema.org","@graph":[{"@type":"Article","@id":"https:\/\/lasentinelle.dz\/index.php\/2022\/04\/21\/medias-et-responsabilite\/#article","isPartOf":{"@id":"https:\/\/lasentinelle.dz\/index.php\/2022\/04\/21\/medias-et-responsabilite\/"},"author":{"name":"La Sentinelle","@id":"https:\/\/lasentinelle.dz\/#\/schema\/person\/d865044e22e70a75174ce8bcad3acfb3"},"headline":"M\u00e9dias et responsabilit\u00e9","datePublished":"2022-04-20T23:01:00+00:00","mainEntityOfPage":{"@id":"https:\/\/lasentinelle.dz\/index.php\/2022\/04\/21\/medias-et-responsabilite\/"},"wordCount":574,"commentCount":0,"publisher":{"@id":"https:\/\/lasentinelle.dz\/#organization"},"image":{"@id":"https:\/\/lasentinelle.dz\/index.php\/2022\/04\/21\/medias-et-responsabilite\/#primaryimage"},"thumbnailUrl":"https:\/\/lasentinelle.dz\/wp-content\/uploads\/2022\/04\/edito-13.png","articleSection":["D\u00e9bats","L'\u00e9ditorial"],"inLanguage":"fr-FR","potentialAction":[{"@type":"CommentAction","name":"Comment","target":["https:\/\/lasentinelle.dz\/index.php\/2022\/04\/21\/medias-et-responsabilite\/#respond"]}]},{"@type":"WebPage","@id":"https:\/\/lasentinelle.dz\/index.php\/2022\/04\/21\/medias-et-responsabilite\/","url":"https:\/\/lasentinelle.dz\/index.php\/2022\/04\/21\/medias-et-responsabilite\/","name":"M\u00e9dias et responsabilit\u00e9 - La Sentinelle","isPartOf":{"@id":"https:\/\/lasentinelle.dz\/#website"},"primaryImageOfPage":{"@id":"https:\/\/lasentinelle.dz\/index.php\/2022\/04\/21\/medias-et-responsabilite\/#primaryimage"},"image":{"@id":"https:\/\/lasentinelle.dz\/index.php\/2022\/04\/21\/medias-et-responsabilite\/#primaryimage"},"thumbnailUrl":"https:\/\/lasentinelle.dz\/wp-content\/uploads\/2022\/04\/edito-13.png","datePublished":"2022-04-20T23:01:00+00:00","breadcrumb":{"@id":"https:\/\/lasentinelle.dz\/index.php\/2022\/04\/21\/medias-et-responsabilite\/#breadcrumb"},"inLanguage":"fr-FR","potentialAction":[{"@type":"ReadAction","target":["https:\/\/lasentinelle.dz\/index.php\/2022\/04\/21\/medias-et-responsabilite\/"]}]},{"@type":"ImageObject","inLanguage":"fr-FR","@id":"https:\/\/lasentinelle.dz\/index.php\/2022\/04\/21\/medias-et-responsabilite\/#primaryimage","url":"https:\/\/lasentinelle.dz\/wp-content\/uploads\/2022\/04\/edito-13.png","contentUrl":"https:\/\/lasentinelle.dz\/wp-content\/uploads\/2022\/04\/edito-13.png","width":225,"height":172},{"@type":"BreadcrumbList","@id":"https:\/\/lasentinelle.dz\/index.php\/2022\/04\/21\/medias-et-responsabilite\/#breadcrumb","itemListElement":[{"@type":"ListItem","position":1,"name":"Accueil","item":"https:\/\/lasentinelle.dz\/"},{"@type":"ListItem","position":2,"name":"M\u00e9dias et responsabilit\u00e9"}]},{"@type":"WebSite","@id":"https:\/\/lasentinelle.dz\/#website","url":"https:\/\/lasentinelle.dz\/","name":"La Sentinelle","description":"Quotidien national d&#039;information","publisher":{"@id":"https:\/\/lasentinelle.dz\/#organization"},"potentialAction":[{"@type":"SearchAction","target":{"@type":"EntryPoint","urlTemplate":"https:\/\/lasentinelle.dz\/?s={search_term_string}"},"query-input":{"@type":"PropertyValueSpecification","valueRequired":true,"valueName":"search_term_string"}}],"inLanguage":"fr-FR"},{"@type":"Organization","@id":"https:\/\/lasentinelle.dz\/#organization","name":"Quotidien La Sentinelle","url":"https:\/\/lasentinelle.dz\/","logo":{"@type":"ImageObject","inLanguage":"fr-FR","@id":"https:\/\/lasentinelle.dz\/#\/schema\/logo\/image\/","url":"https:\/\/lasentinelle.dz\/wp-content\/uploads\/2021\/09\/logo-sentinelleSLOGAN-1.png","contentUrl":"https:\/\/lasentinelle.dz\/wp-content\/uploads\/2021\/09\/logo-sentinelleSLOGAN-1.png","width":615,"height":142,"caption":"Quotidien La Sentinelle"},"image":{"@id":"https:\/\/lasentinelle.dz\/#\/schema\/logo\/image\/"},"sameAs":["https:\/\/www.facebook.com\/La-Sentinelle-104059864394773"]},{"@type":"Person","@id":"https:\/\/lasentinelle.dz\/#\/schema\/person\/d865044e22e70a75174ce8bcad3acfb3","name":"La Sentinelle","image":{"@type":"ImageObject","inLanguage":"fr-FR","@id":"https:\/\/secure.gravatar.com\/avatar\/57de8e5d4b15d43fb361a71fbb36338450fe67865b528a43dd10ef7c51a20392?s=96&d=mm&r=g","url":"https:\/\/secure.gravatar.com\/avatar\/57de8e5d4b15d43fb361a71fbb36338450fe67865b528a43dd10ef7c51a20392?s=96&d=mm&r=g","contentUrl":"https:\/\/secure.gravatar.com\/avatar\/57de8e5d4b15d43fb361a71fbb36338450fe67865b528a43dd10ef7c51a20392?s=96&d=mm&r=g","caption":"La Sentinelle"},"sameAs":["http:\/\/www.lasentinelle.dz"],"url":"https:\/\/lasentinelle.dz\/author\/redaction\/"}]}},"_links":{"self":[{"href":"https:\/\/lasentinelle.dz\/index.php\/wp-json\/wp\/v2\/posts\/20180","targetHints":{"allow":["GET"]}}],"collection":[{"href":"https:\/\/lasentinelle.dz\/index.php\/wp-json\/wp\/v2\/posts"}],"about":[{"href":"https:\/\/lasentinelle.dz\/index.php\/wp-json\/wp\/v2\/types\/post"}],"author":[{"embeddable":true,"href":"https:\/\/lasentinelle.dz\/index.php\/wp-json\/wp\/v2\/users\/3"}],"replies":[{"embeddable":true,"href":"https:\/\/lasentinelle.dz\/index.php\/wp-json\/wp\/v2\/comments?post=20180"}],"version-history":[{"count":1,"href":"https:\/\/lasentinelle.dz\/index.php\/wp-json\/wp\/v2\/posts\/20180\/revisions"}],"predecessor-version":[{"id":20184,"href":"https:\/\/lasentinelle.dz\/index.php\/wp-json\/wp\/v2\/posts\/20180\/revisions\/20184"}],"wp:featuredmedia":[{"embeddable":true,"href":"https:\/\/lasentinelle.dz\/index.php\/wp-json\/wp\/v2\/media\/20183"}],"wp:attachment":[{"href":"https:\/\/lasentinelle.dz\/index.php\/wp-json\/wp\/v2\/media?parent=20180"}],"wp:term":[{"taxonomy":"category","embeddable":true,"href":"https:\/\/lasentinelle.dz\/index.php\/wp-json\/wp\/v2\/categories?post=20180"},{"taxonomy":"post_tag","embeddable":true,"href":"https:\/\/lasentinelle.dz\/index.php\/wp-json\/wp\/v2\/tags?post=20180"}],"curies":[{"name":"wp","href":"https:\/\/api.w.org\/{rel}","templated":true}]}}