{"id":20203,"date":"2022-04-24T00:01:00","date_gmt":"2022-04-23T23:01:00","guid":{"rendered":"https:\/\/lasentinelle.dz\/?p=20203"},"modified":"2022-04-23T18:20:26","modified_gmt":"2022-04-23T17:20:26","slug":"les-maladies-cardiaques-se-sont-multipliees-en-algerie-les-effets-pervers-du-covid-19","status":"publish","type":"post","link":"https:\/\/lasentinelle.dz\/index.php\/2022\/04\/24\/les-maladies-cardiaques-se-sont-multipliees-en-algerie-les-effets-pervers-du-covid-19\/","title":{"rendered":"Les maladies cardiaques se sont multipli\u00e9es en Alg\u00e9rie\u00a0: Les effets pervers du covid-19"},"content":{"rendered":"\n<p>La troisi\u00e8me vague de la pand\u00e9mie du Covid 19 a \u00e9t\u00e9 la plus dangereuse et nous a l\u00e9gu\u00e9 des complications qui sont toujours en traitement au niveau des h\u00f4pitaux, a fait savoir&nbsp;vendredi&nbsp;lors d\u2019une \u00e9mission de la radio locale de la wilaya de S\u00e9tif, le chef de service du bloc de cardiologie au niveau de l\u2019h\u00f4pital d\u2019Hussein Dey, Pr Nibouche Djameleddine qui a fait \u00e9tat de \u00ab complications \u00e0 l\u2019instar de l\u2019insuffisance cardiaque&nbsp;&nbsp;qui cause de nombreux d\u00e9c\u00e8s. Pr Nibouche a fait savoir \u00e0 ce m\u00eame sujet que les m\u00e9decins se sont aper\u00e7us&nbsp;que 10% des malades trait\u00e9s au service de cardiologie de cet \u00e9tablissement souffrent des complications du Covid 19 notamment la cat\u00e9gorie des moins de 40 ans \u00bb.<\/p>\n\n\n\n<p>Toujours au chapitre des complications, le chef de service cardiologie au niveau de l\u2019h\u00f4pital d\u2019Hussein Dey n\u2019a pas manqu\u00e9 de faire remarquer que \u00ab ces complications l\u00e9gu\u00e9es par le virus du Covid 19 sont tr\u00e8s dangereuses&nbsp;\u00bb. Il citera pour exemple d\u2019ailleurs&nbsp;\u00ab&nbsp;l\u2019insuffisance r\u00e9nale et l\u2019insuffisance cardiaque qui surviennent de fa\u00e7on simultan\u00e9e avec leur impact dangereux sur la sant\u00e9 de la personne \u00bb.<\/p>\n\n\n\n<p>Par ailleurs, l\u2019intervention de Pr Nibouche a \u00e9t\u00e9 l\u2019occasion pour lui de soulever une autre probl\u00e9matique. L\u2019intervenant fera en effet savoir que \u00ab le nombre de crises cardiaques mortelles se sont multipli\u00e9es de mani\u00e8re inqui\u00e9tante ces derni\u00e8res dix ann\u00e9es dans notre pays \u00bb. Il citera \u00e0 ce sujet comme principales causes, \u00ab l\u2019\u00e9tat de stress permanent d\u00fb notamment aux conditions de travail et aux conditions familiales, le mod\u00e8le alimentaire inadapt\u00e9 des&nbsp;Alg\u00e9riens notamment \u00e0 l\u2019ext\u00e9rieur, l\u2019ob\u00e9sit\u00e9, le tabagisme qui touche h\u00e9las 27% des&nbsp;Alg\u00e9riens \u00bb. Pr Nibouche conclura \u00e0 ce sujet que \u00ab l\u2019Alg\u00e9rie vient de rejoindre les pays d\u00e9velopp\u00e9s dans ce fl\u00e9au avec son taux de 32% de d\u00e9c\u00e8s \u00e0 cause des crises cardiaques \u00bb. \u00ab L\u2019Alg\u00e9rie poss\u00e8de les moyens de traitement efficaces de cette maladie mais ils ne sont h\u00e9las pas disponibles dans toutes les wilayas&nbsp;\u00bb, ajoute-t-il, pr\u00e9cisant que&nbsp;\u00ab&nbsp;ce fait induit des insuffisances dans le traitement rapide qui \u00e9vite les d\u00e9c\u00e8s \u00bb.<\/p>\n\n\n\n<p>Ainsi, pour palier \u00e0 cette situation, le&nbsp;m\u00e9decin&nbsp;appellera les pouvoirs publics \u00e0 \u00ab multiplier les \u00e9tablissements sp\u00e9cialis\u00e9s dans la cardiologie r\u00e9pondant aux normes internationales d\u2019autant plus que les moyens existent et ne demandent que la mise \u00e0 sa disposition de moyens techniques&nbsp;&nbsp;pour une gestion moderne et scientifique \u00bb. Pr Nibouche qui a affirm\u00e9 que \u00ab l\u2019Alg\u00e9rie poss\u00e8de les meilleurs sp\u00e9cialistes de la chirurgie cardiaque dans le monde et qui ne demandent qu\u2019\u00e0 \u00eatre int\u00e9gr\u00e9 dans la formation de m\u00e9decins en Alg\u00e9rie \u00bb d\u00e9plorera tout de m\u00eame que \u00ab jusqu\u2019\u00e0 pr\u00e9sent, les transferts \u00e0 l\u2019\u00e9tranger pour des op\u00e9rations sp\u00e9cialis\u00e9es co\u00fbtent encore des sommes colossales alors qu\u2019elles peuvent \u00eatre effectu\u00e9es dans nos h\u00f4pitaux si les moyens techniques \u00e9taient disponibles \u00bb.&nbsp;<\/p>\n\n\n\n<p><strong>Akli Amor<\/strong><\/p>\n","protected":false},"excerpt":{"rendered":"<p>La troisi\u00e8me vague de la pand\u00e9mie du Covid 19 a \u00e9t\u00e9 la plus dangereuse et nous a l\u00e9gu\u00e9 des complications<\/p>\n","protected":false},"author":3,"featured_media":2400,"comment_status":"open","ping_status":"closed","sticky":false,"template":"","format":"standard","meta":{"colormag_page_container_layout":"default_layout","colormag_page_sidebar_layout":"default_layout","om_disable_all_campaigns":false,"_monsterinsights_skip_tracking":false,"_monsterinsights_sitenote_active":false,"_monsterinsights_sitenote_note":"","_monsterinsights_sitenote_category":0,"footnotes":"","_wpscppro_dont_share_socialmedia":false,"_wpscppro_custom_social_share_image":0,"_facebook_share_type":"","_twitter_share_type":"","_linkedin_share_type":"","_pinterest_share_type":"","_linkedin_share_type_page":"","_instagram_share_type":"","_medium_share_type":"","_threads_share_type":"","_google_business_share_type":"","_selected_social_profile":[],"_wpsp_enable_custom_social_template":false,"_wpsp_social_scheduling":{"enabled":false,"datetime":null,"platforms":[],"status":"template_only","dateOption":"today","timeOption":"now","customDays":"","customHours":"","customDate":"","customTime":"","schedulingType":"absolute"},"_wpsp_active_default_template":true},"categories":[27],"tags":[],"class_list":["post-20203","post","type-post","status-publish","format-standard","has-post-thumbnail","hentry","category-actualite"],"aioseo_notices":[],"yoast_head":"<!-- This site is optimized with the Yoast SEO plugin v27.5 - https:\/\/yoast.com\/product\/yoast-seo-wordpress\/ -->\n<title>Les maladies cardiaques se sont multipli\u00e9es en Alg\u00e9rie\u00a0: Les effets pervers du covid-19 - La Sentinelle<\/title>\n<meta name=\"robots\" content=\"index, follow, max-snippet:-1, max-image-preview:large, max-video-preview:-1\" \/>\n<link rel=\"canonical\" href=\"https:\/\/lasentinelle.dz\/index.php\/2022\/04\/24\/les-maladies-cardiaques-se-sont-multipliees-en-algerie-les-effets-pervers-du-covid-19\/\" \/>\n<meta property=\"og:locale\" content=\"fr_FR\" \/>\n<meta property=\"og:type\" content=\"article\" \/>\n<meta property=\"og:title\" content=\"Les maladies cardiaques se sont multipli\u00e9es en Alg\u00e9rie\u00a0: Les effets pervers du covid-19 - La Sentinelle\" \/>\n<meta property=\"og:description\" content=\"La troisi\u00e8me vague de la pand\u00e9mie du Covid 19 a \u00e9t\u00e9 la plus dangereuse et nous a l\u00e9gu\u00e9 des complications\" \/>\n<meta property=\"og:url\" content=\"https:\/\/lasentinelle.dz\/index.php\/2022\/04\/24\/les-maladies-cardiaques-se-sont-multipliees-en-algerie-les-effets-pervers-du-covid-19\/\" \/>\n<meta property=\"og:site_name\" content=\"La Sentinelle\" \/>\n<meta property=\"article:publisher\" content=\"https:\/\/www.facebook.com\/La-Sentinelle-104059864394773\" \/>\n<meta property=\"article:published_time\" content=\"2022-04-23T23:01:00+00:00\" \/>\n<meta property=\"og:image\" content=\"https:\/\/lasentinelle.dz\/wp-content\/uploads\/2021\/07\/anti-covid.png\" \/>\n\t<meta property=\"og:image:width\" content=\"1800\" \/>\n\t<meta property=\"og:image:height\" content=\"900\" \/>\n\t<meta property=\"og:image:type\" content=\"image\/png\" \/>\n<meta name=\"author\" content=\"La Sentinelle\" \/>\n<meta name=\"twitter:card\" content=\"summary_large_image\" \/>\n<meta name=\"twitter:label1\" content=\"\u00c9crit par\" \/>\n\t<meta name=\"twitter:data1\" content=\"La Sentinelle\" \/>\n\t<meta name=\"twitter:label2\" content=\"Dur\u00e9e de lecture estim\u00e9e\" \/>\n\t<meta name=\"twitter:data2\" content=\"3 minutes\" \/>\n<script type=\"application\/ld+json\" class=\"yoast-schema-graph\">{\"@context\":\"https:\\\/\\\/schema.org\",\"@graph\":[{\"@type\":\"Article\",\"@id\":\"https:\\\/\\\/lasentinelle.dz\\\/index.php\\\/2022\\\/04\\\/24\\\/les-maladies-cardiaques-se-sont-multipliees-en-algerie-les-effets-pervers-du-covid-19\\\/#article\",\"isPartOf\":{\"@id\":\"https:\\\/\\\/lasentinelle.dz\\\/index.php\\\/2022\\\/04\\\/24\\\/les-maladies-cardiaques-se-sont-multipliees-en-algerie-les-effets-pervers-du-covid-19\\\/\"},\"author\":{\"name\":\"La Sentinelle\",\"@id\":\"https:\\\/\\\/lasentinelle.dz\\\/#\\\/schema\\\/person\\\/d865044e22e70a75174ce8bcad3acfb3\"},\"headline\":\"Les maladies cardiaques se sont multipli\u00e9es en Alg\u00e9rie\u00a0: Les effets pervers du covid-19\",\"datePublished\":\"2022-04-23T23:01:00+00:00\",\"mainEntityOfPage\":{\"@id\":\"https:\\\/\\\/lasentinelle.dz\\\/index.php\\\/2022\\\/04\\\/24\\\/les-maladies-cardiaques-se-sont-multipliees-en-algerie-les-effets-pervers-du-covid-19\\\/\"},\"wordCount\":544,\"commentCount\":0,\"publisher\":{\"@id\":\"https:\\\/\\\/lasentinelle.dz\\\/#organization\"},\"image\":{\"@id\":\"https:\\\/\\\/lasentinelle.dz\\\/index.php\\\/2022\\\/04\\\/24\\\/les-maladies-cardiaques-se-sont-multipliees-en-algerie-les-effets-pervers-du-covid-19\\\/#primaryimage\"},\"thumbnailUrl\":\"https:\\\/\\\/lasentinelle.dz\\\/wp-content\\\/uploads\\\/2021\\\/07\\\/anti-covid.png\",\"articleSection\":[\"Actualit\u00e9\"],\"inLanguage\":\"fr-FR\",\"potentialAction\":[{\"@type\":\"CommentAction\",\"name\":\"Comment\",\"target\":[\"https:\\\/\\\/lasentinelle.dz\\\/index.php\\\/2022\\\/04\\\/24\\\/les-maladies-cardiaques-se-sont-multipliees-en-algerie-les-effets-pervers-du-covid-19\\\/#respond\"]}]},{\"@type\":\"WebPage\",\"@id\":\"https:\\\/\\\/lasentinelle.dz\\\/index.php\\\/2022\\\/04\\\/24\\\/les-maladies-cardiaques-se-sont-multipliees-en-algerie-les-effets-pervers-du-covid-19\\\/\",\"url\":\"https:\\\/\\\/lasentinelle.dz\\\/index.php\\\/2022\\\/04\\\/24\\\/les-maladies-cardiaques-se-sont-multipliees-en-algerie-les-effets-pervers-du-covid-19\\\/\",\"name\":\"Les maladies cardiaques se sont multipli\u00e9es en Alg\u00e9rie\u00a0: Les effets pervers du covid-19 - La Sentinelle\",\"isPartOf\":{\"@id\":\"https:\\\/\\\/lasentinelle.dz\\\/#website\"},\"primaryImageOfPage\":{\"@id\":\"https:\\\/\\\/lasentinelle.dz\\\/index.php\\\/2022\\\/04\\\/24\\\/les-maladies-cardiaques-se-sont-multipliees-en-algerie-les-effets-pervers-du-covid-19\\\/#primaryimage\"},\"image\":{\"@id\":\"https:\\\/\\\/lasentinelle.dz\\\/index.php\\\/2022\\\/04\\\/24\\\/les-maladies-cardiaques-se-sont-multipliees-en-algerie-les-effets-pervers-du-covid-19\\\/#primaryimage\"},\"thumbnailUrl\":\"https:\\\/\\\/lasentinelle.dz\\\/wp-content\\\/uploads\\\/2021\\\/07\\\/anti-covid.png\",\"datePublished\":\"2022-04-23T23:01:00+00:00\",\"breadcrumb\":{\"@id\":\"https:\\\/\\\/lasentinelle.dz\\\/index.php\\\/2022\\\/04\\\/24\\\/les-maladies-cardiaques-se-sont-multipliees-en-algerie-les-effets-pervers-du-covid-19\\\/#breadcrumb\"},\"inLanguage\":\"fr-FR\",\"potentialAction\":[{\"@type\":\"ReadAction\",\"target\":[\"https:\\\/\\\/lasentinelle.dz\\\/index.php\\\/2022\\\/04\\\/24\\\/les-maladies-cardiaques-se-sont-multipliees-en-algerie-les-effets-pervers-du-covid-19\\\/\"]}]},{\"@type\":\"ImageObject\",\"inLanguage\":\"fr-FR\",\"@id\":\"https:\\\/\\\/lasentinelle.dz\\\/index.php\\\/2022\\\/04\\\/24\\\/les-maladies-cardiaques-se-sont-multipliees-en-algerie-les-effets-pervers-du-covid-19\\\/#primaryimage\",\"url\":\"https:\\\/\\\/lasentinelle.dz\\\/wp-content\\\/uploads\\\/2021\\\/07\\\/anti-covid.png\",\"contentUrl\":\"https:\\\/\\\/lasentinelle.dz\\\/wp-content\\\/uploads\\\/2021\\\/07\\\/anti-covid.png\",\"width\":1800,\"height\":900},{\"@type\":\"BreadcrumbList\",\"@id\":\"https:\\\/\\\/lasentinelle.dz\\\/index.php\\\/2022\\\/04\\\/24\\\/les-maladies-cardiaques-se-sont-multipliees-en-algerie-les-effets-pervers-du-covid-19\\\/#breadcrumb\",\"itemListElement\":[{\"@type\":\"ListItem\",\"position\":1,\"name\":\"Accueil\",\"item\":\"https:\\\/\\\/lasentinelle.dz\\\/\"},{\"@type\":\"ListItem\",\"position\":2,\"name\":\"Les maladies cardiaques se sont multipli\u00e9es en Alg\u00e9rie\u00a0: Les effets pervers du covid-19\"}]},{\"@type\":\"WebSite\",\"@id\":\"https:\\\/\\\/lasentinelle.dz\\\/#website\",\"url\":\"https:\\\/\\\/lasentinelle.dz\\\/\",\"name\":\"La Sentinelle\",\"description\":\"Quotidien national d&#039;information\",\"publisher\":{\"@id\":\"https:\\\/\\\/lasentinelle.dz\\\/#organization\"},\"potentialAction\":[{\"@type\":\"SearchAction\",\"target\":{\"@type\":\"EntryPoint\",\"urlTemplate\":\"https:\\\/\\\/lasentinelle.dz\\\/?s={search_term_string}\"},\"query-input\":{\"@type\":\"PropertyValueSpecification\",\"valueRequired\":true,\"valueName\":\"search_term_string\"}}],\"inLanguage\":\"fr-FR\"},{\"@type\":\"Organization\",\"@id\":\"https:\\\/\\\/lasentinelle.dz\\\/#organization\",\"name\":\"Quotidien La Sentinelle\",\"url\":\"https:\\\/\\\/lasentinelle.dz\\\/\",\"logo\":{\"@type\":\"ImageObject\",\"inLanguage\":\"fr-FR\",\"@id\":\"https:\\\/\\\/lasentinelle.dz\\\/#\\\/schema\\\/logo\\\/image\\\/\",\"url\":\"https:\\\/\\\/lasentinelle.dz\\\/wp-content\\\/uploads\\\/2021\\\/09\\\/logo-sentinelleSLOGAN-1.png\",\"contentUrl\":\"https:\\\/\\\/lasentinelle.dz\\\/wp-content\\\/uploads\\\/2021\\\/09\\\/logo-sentinelleSLOGAN-1.png\",\"width\":615,\"height\":142,\"caption\":\"Quotidien La Sentinelle\"},\"image\":{\"@id\":\"https:\\\/\\\/lasentinelle.dz\\\/#\\\/schema\\\/logo\\\/image\\\/\"},\"sameAs\":[\"https:\\\/\\\/www.facebook.com\\\/La-Sentinelle-104059864394773\"]},{\"@type\":\"Person\",\"@id\":\"https:\\\/\\\/lasentinelle.dz\\\/#\\\/schema\\\/person\\\/d865044e22e70a75174ce8bcad3acfb3\",\"name\":\"La Sentinelle\",\"image\":{\"@type\":\"ImageObject\",\"inLanguage\":\"fr-FR\",\"@id\":\"https:\\\/\\\/secure.gravatar.com\\\/avatar\\\/57de8e5d4b15d43fb361a71fbb36338450fe67865b528a43dd10ef7c51a20392?s=96&d=mm&r=g\",\"url\":\"https:\\\/\\\/secure.gravatar.com\\\/avatar\\\/57de8e5d4b15d43fb361a71fbb36338450fe67865b528a43dd10ef7c51a20392?s=96&d=mm&r=g\",\"contentUrl\":\"https:\\\/\\\/secure.gravatar.com\\\/avatar\\\/57de8e5d4b15d43fb361a71fbb36338450fe67865b528a43dd10ef7c51a20392?s=96&d=mm&r=g\",\"caption\":\"La Sentinelle\"},\"sameAs\":[\"http:\\\/\\\/www.lasentinelle.dz\"],\"url\":\"https:\\\/\\\/lasentinelle.dz\\\/author\\\/redaction\\\/\"}]}<\/script>\n<!-- \/ Yoast SEO plugin. -->","yoast_head_json":{"title":"Les maladies cardiaques se sont multipli\u00e9es en Alg\u00e9rie\u00a0: Les effets pervers du covid-19 - La Sentinelle","robots":{"index":"index","follow":"follow","max-snippet":"max-snippet:-1","max-image-preview":"max-image-preview:large","max-video-preview":"max-video-preview:-1"},"canonical":"https:\/\/lasentinelle.dz\/index.php\/2022\/04\/24\/les-maladies-cardiaques-se-sont-multipliees-en-algerie-les-effets-pervers-du-covid-19\/","og_locale":"fr_FR","og_type":"article","og_title":"Les maladies cardiaques se sont multipli\u00e9es en Alg\u00e9rie\u00a0: Les effets pervers du covid-19 - La Sentinelle","og_description":"La troisi\u00e8me vague de la pand\u00e9mie du Covid 19 a \u00e9t\u00e9 la plus dangereuse et nous a l\u00e9gu\u00e9 des complications","og_url":"https:\/\/lasentinelle.dz\/index.php\/2022\/04\/24\/les-maladies-cardiaques-se-sont-multipliees-en-algerie-les-effets-pervers-du-covid-19\/","og_site_name":"La Sentinelle","article_publisher":"https:\/\/www.facebook.com\/La-Sentinelle-104059864394773","article_published_time":"2022-04-23T23:01:00+00:00","og_image":[{"width":1800,"height":900,"url":"https:\/\/lasentinelle.dz\/wp-content\/uploads\/2021\/07\/anti-covid.png","type":"image\/png"}],"author":"La Sentinelle","twitter_card":"summary_large_image","twitter_misc":{"\u00c9crit par":"La Sentinelle","Dur\u00e9e de lecture estim\u00e9e":"3 minutes"},"schema":{"@context":"https:\/\/schema.org","@graph":[{"@type":"Article","@id":"https:\/\/lasentinelle.dz\/index.php\/2022\/04\/24\/les-maladies-cardiaques-se-sont-multipliees-en-algerie-les-effets-pervers-du-covid-19\/#article","isPartOf":{"@id":"https:\/\/lasentinelle.dz\/index.php\/2022\/04\/24\/les-maladies-cardiaques-se-sont-multipliees-en-algerie-les-effets-pervers-du-covid-19\/"},"author":{"name":"La Sentinelle","@id":"https:\/\/lasentinelle.dz\/#\/schema\/person\/d865044e22e70a75174ce8bcad3acfb3"},"headline":"Les maladies cardiaques se sont multipli\u00e9es en Alg\u00e9rie\u00a0: Les effets pervers du covid-19","datePublished":"2022-04-23T23:01:00+00:00","mainEntityOfPage":{"@id":"https:\/\/lasentinelle.dz\/index.php\/2022\/04\/24\/les-maladies-cardiaques-se-sont-multipliees-en-algerie-les-effets-pervers-du-covid-19\/"},"wordCount":544,"commentCount":0,"publisher":{"@id":"https:\/\/lasentinelle.dz\/#organization"},"image":{"@id":"https:\/\/lasentinelle.dz\/index.php\/2022\/04\/24\/les-maladies-cardiaques-se-sont-multipliees-en-algerie-les-effets-pervers-du-covid-19\/#primaryimage"},"thumbnailUrl":"https:\/\/lasentinelle.dz\/wp-content\/uploads\/2021\/07\/anti-covid.png","articleSection":["Actualit\u00e9"],"inLanguage":"fr-FR","potentialAction":[{"@type":"CommentAction","name":"Comment","target":["https:\/\/lasentinelle.dz\/index.php\/2022\/04\/24\/les-maladies-cardiaques-se-sont-multipliees-en-algerie-les-effets-pervers-du-covid-19\/#respond"]}]},{"@type":"WebPage","@id":"https:\/\/lasentinelle.dz\/index.php\/2022\/04\/24\/les-maladies-cardiaques-se-sont-multipliees-en-algerie-les-effets-pervers-du-covid-19\/","url":"https:\/\/lasentinelle.dz\/index.php\/2022\/04\/24\/les-maladies-cardiaques-se-sont-multipliees-en-algerie-les-effets-pervers-du-covid-19\/","name":"Les maladies cardiaques se sont multipli\u00e9es en Alg\u00e9rie\u00a0: Les effets pervers du covid-19 - La Sentinelle","isPartOf":{"@id":"https:\/\/lasentinelle.dz\/#website"},"primaryImageOfPage":{"@id":"https:\/\/lasentinelle.dz\/index.php\/2022\/04\/24\/les-maladies-cardiaques-se-sont-multipliees-en-algerie-les-effets-pervers-du-covid-19\/#primaryimage"},"image":{"@id":"https:\/\/lasentinelle.dz\/index.php\/2022\/04\/24\/les-maladies-cardiaques-se-sont-multipliees-en-algerie-les-effets-pervers-du-covid-19\/#primaryimage"},"thumbnailUrl":"https:\/\/lasentinelle.dz\/wp-content\/uploads\/2021\/07\/anti-covid.png","datePublished":"2022-04-23T23:01:00+00:00","breadcrumb":{"@id":"https:\/\/lasentinelle.dz\/index.php\/2022\/04\/24\/les-maladies-cardiaques-se-sont-multipliees-en-algerie-les-effets-pervers-du-covid-19\/#breadcrumb"},"inLanguage":"fr-FR","potentialAction":[{"@type":"ReadAction","target":["https:\/\/lasentinelle.dz\/index.php\/2022\/04\/24\/les-maladies-cardiaques-se-sont-multipliees-en-algerie-les-effets-pervers-du-covid-19\/"]}]},{"@type":"ImageObject","inLanguage":"fr-FR","@id":"https:\/\/lasentinelle.dz\/index.php\/2022\/04\/24\/les-maladies-cardiaques-se-sont-multipliees-en-algerie-les-effets-pervers-du-covid-19\/#primaryimage","url":"https:\/\/lasentinelle.dz\/wp-content\/uploads\/2021\/07\/anti-covid.png","contentUrl":"https:\/\/lasentinelle.dz\/wp-content\/uploads\/2021\/07\/anti-covid.png","width":1800,"height":900},{"@type":"BreadcrumbList","@id":"https:\/\/lasentinelle.dz\/index.php\/2022\/04\/24\/les-maladies-cardiaques-se-sont-multipliees-en-algerie-les-effets-pervers-du-covid-19\/#breadcrumb","itemListElement":[{"@type":"ListItem","position":1,"name":"Accueil","item":"https:\/\/lasentinelle.dz\/"},{"@type":"ListItem","position":2,"name":"Les maladies cardiaques se sont multipli\u00e9es en Alg\u00e9rie\u00a0: Les effets pervers du covid-19"}]},{"@type":"WebSite","@id":"https:\/\/lasentinelle.dz\/#website","url":"https:\/\/lasentinelle.dz\/","name":"La Sentinelle","description":"Quotidien national d&#039;information","publisher":{"@id":"https:\/\/lasentinelle.dz\/#organization"},"potentialAction":[{"@type":"SearchAction","target":{"@type":"EntryPoint","urlTemplate":"https:\/\/lasentinelle.dz\/?s={search_term_string}"},"query-input":{"@type":"PropertyValueSpecification","valueRequired":true,"valueName":"search_term_string"}}],"inLanguage":"fr-FR"},{"@type":"Organization","@id":"https:\/\/lasentinelle.dz\/#organization","name":"Quotidien La Sentinelle","url":"https:\/\/lasentinelle.dz\/","logo":{"@type":"ImageObject","inLanguage":"fr-FR","@id":"https:\/\/lasentinelle.dz\/#\/schema\/logo\/image\/","url":"https:\/\/lasentinelle.dz\/wp-content\/uploads\/2021\/09\/logo-sentinelleSLOGAN-1.png","contentUrl":"https:\/\/lasentinelle.dz\/wp-content\/uploads\/2021\/09\/logo-sentinelleSLOGAN-1.png","width":615,"height":142,"caption":"Quotidien La Sentinelle"},"image":{"@id":"https:\/\/lasentinelle.dz\/#\/schema\/logo\/image\/"},"sameAs":["https:\/\/www.facebook.com\/La-Sentinelle-104059864394773"]},{"@type":"Person","@id":"https:\/\/lasentinelle.dz\/#\/schema\/person\/d865044e22e70a75174ce8bcad3acfb3","name":"La Sentinelle","image":{"@type":"ImageObject","inLanguage":"fr-FR","@id":"https:\/\/secure.gravatar.com\/avatar\/57de8e5d4b15d43fb361a71fbb36338450fe67865b528a43dd10ef7c51a20392?s=96&d=mm&r=g","url":"https:\/\/secure.gravatar.com\/avatar\/57de8e5d4b15d43fb361a71fbb36338450fe67865b528a43dd10ef7c51a20392?s=96&d=mm&r=g","contentUrl":"https:\/\/secure.gravatar.com\/avatar\/57de8e5d4b15d43fb361a71fbb36338450fe67865b528a43dd10ef7c51a20392?s=96&d=mm&r=g","caption":"La Sentinelle"},"sameAs":["http:\/\/www.lasentinelle.dz"],"url":"https:\/\/lasentinelle.dz\/author\/redaction\/"}]}},"_links":{"self":[{"href":"https:\/\/lasentinelle.dz\/index.php\/wp-json\/wp\/v2\/posts\/20203","targetHints":{"allow":["GET"]}}],"collection":[{"href":"https:\/\/lasentinelle.dz\/index.php\/wp-json\/wp\/v2\/posts"}],"about":[{"href":"https:\/\/lasentinelle.dz\/index.php\/wp-json\/wp\/v2\/types\/post"}],"author":[{"embeddable":true,"href":"https:\/\/lasentinelle.dz\/index.php\/wp-json\/wp\/v2\/users\/3"}],"replies":[{"embeddable":true,"href":"https:\/\/lasentinelle.dz\/index.php\/wp-json\/wp\/v2\/comments?post=20203"}],"version-history":[{"count":1,"href":"https:\/\/lasentinelle.dz\/index.php\/wp-json\/wp\/v2\/posts\/20203\/revisions"}],"predecessor-version":[{"id":20214,"href":"https:\/\/lasentinelle.dz\/index.php\/wp-json\/wp\/v2\/posts\/20203\/revisions\/20214"}],"wp:featuredmedia":[{"embeddable":true,"href":"https:\/\/lasentinelle.dz\/index.php\/wp-json\/wp\/v2\/media\/2400"}],"wp:attachment":[{"href":"https:\/\/lasentinelle.dz\/index.php\/wp-json\/wp\/v2\/media?parent=20203"}],"wp:term":[{"taxonomy":"category","embeddable":true,"href":"https:\/\/lasentinelle.dz\/index.php\/wp-json\/wp\/v2\/categories?post=20203"},{"taxonomy":"post_tag","embeddable":true,"href":"https:\/\/lasentinelle.dz\/index.php\/wp-json\/wp\/v2\/tags?post=20203"}],"curies":[{"name":"wp","href":"https:\/\/api.w.org\/{rel}","templated":true}]}}