{"id":20204,"date":"2022-04-24T00:01:00","date_gmt":"2022-04-23T23:01:00","guid":{"rendered":"https:\/\/lasentinelle.dz\/?p=20204"},"modified":"2022-04-23T18:26:49","modified_gmt":"2022-04-23T17:26:49","slug":"le-conseil-de-securite-reaffirme-la-necessite-dorganiser-un-referendum-dautodetermination-au-sahara-occidental-une-nouvelle-gifle-pour-le-regime-marocain","status":"publish","type":"post","link":"https:\/\/lasentinelle.dz\/index.php\/2022\/04\/24\/le-conseil-de-securite-reaffirme-la-necessite-dorganiser-un-referendum-dautodetermination-au-sahara-occidental-une-nouvelle-gifle-pour-le-regime-marocain\/","title":{"rendered":"Le Conseil de s\u00e9curit\u00e9 r\u00e9affirme la n\u00e9cessit\u00e9 d\u2019organiser un r\u00e9f\u00e9rendum d\u2019autod\u00e9termination au Sahara occidental\u00a0:\u00a0\u00a0Une nouvelle gifle pour le r\u00e9gime marocain"},"content":{"rendered":"\n<p>C\u2019est une nouvelle gifle au Makhzen qui voit ses man\u0153uvres pour imposer un fait accompli au Sahara occidental d\u00e9bout\u00e9es et s\u00e9rieusement mises \u00e0 mal par la r\u00e9affirmation de la position du Conseil de s\u00e9curit\u00e9 de l\u2019ONU en faveur de l\u2019organisation d\u2019un r\u00e9f\u00e9rendum d\u2019autod\u00e9termination au Sahara occidental.&nbsp;<\/p>\n\n\n\n<p>R\u00e9agissant aux consultations sur le Sahara occidental au niveau du Conseil de S\u00e9curit\u00e9 de l\u2019ONU tenues le 20 avril, le Front Polisario a, dans un communiqu\u00e9 rendu public vendredi, estim\u00e9 que les \u00ab positions fortes exprim\u00e9es par les membres du Conseil de s\u00e9curit\u00e9 de l&rsquo;ONU au sujet de la n\u00e9cessit\u00e9 de parvenir \u00e0 une solution pacifique garantissant le droit du peuple sahraoui \u00e0 l&rsquo;autod\u00e9termination sur la base des r\u00e9solutions de l&rsquo;ONU, \u00e9taient une \u00ab\u00a0r\u00e9ponse claire\u00a0\u00bb aux parties qui \u0153uvre \u00e0 promouvoir des solutions douteuses fond\u00e9es sur la violation des r\u00e8gles fondamentales du droit international \u00bb.<\/p>\n\n\n\n<p>Le repr\u00e9sentant du Front Polisario aupr\u00e8s de l&rsquo;ONU et coordinateur avec la Mission des Nations unies pour l&rsquo;organisation du r\u00e9f\u00e9rendum d&rsquo;autod\u00e9termination au Sahara occidental (MINURSO), Mohamed Sidi Amar, affirme&nbsp;en effet \u00e0 ce sujet que \u00ab\u00a0les positions fortes\u00a0\u00bb exprim\u00e9es lors des consultations du Conseil de s\u00e9curit\u00e9 sur la n\u00e9cessit\u00e9 de parvenir \u00e0 une solution pacifique, juste et durable qui garantisse l&rsquo;autod\u00e9termination du peuple du Sahara occidental sur la base des r\u00e9solutions pertinentes de l&rsquo;ONU est \u00ab\u00a0une r\u00e9ponse claire \u00e0 ceux qui cherchent \u00e0 maintenir le statu quo et \u00e0 promouvoir des solutions douteuses fond\u00e9es sur l&rsquo;expansionnisme et la violation des r\u00e8gles fondamentales du droit international\u00a0\u00bb. Le m\u00eame responsable expliquera d\u2019ailleurs que les \u00ab inqui\u00e9tudes exprim\u00e9es par certains Etats membres concernant la d\u00e9t\u00e9rioration de la situation des droits de l&rsquo;homme au Sahara Occidental occup\u00e9 sont \u00ab\u00a0une preuve de plus de la n\u00e9cessit\u00e9 urgente d&rsquo;\u00e9tablir un m\u00e9canisme ind\u00e9pendant et permanent des Nations Unies pour prot\u00e9ger les droits de l&rsquo;Homme dans les territoires occup\u00e9s \u00bb.&nbsp;Il faut&nbsp;rappeler qu\u2019\u00e0 l\u2019issue de ces consultations les membres du Conseil de s\u00e9curit\u00e9 ont renouvel\u00e9 leur soutien aux efforts de l&rsquo;envoy\u00e9 personnel du secr\u00e9taire g\u00e9n\u00e9ral de l&rsquo;ONU pour le Sahara occidental, Staffan de Mistura qui s&rsquo;est f\u00e9licit\u00e9 du \u00ab\u00a0large soutien qu&rsquo;il a re\u00e7u, pour la relance du processus politique \u00bb. Sans pr\u00e9ciser, par ailleurs, sa date, De Mistura fera \u00e9tat d\u2019une prochaine nouvelle tourn\u00e9e dans la r\u00e9gion pour tenter de faire avancer le processus de paix visant \u00e0 r\u00e9soudre le conflit au Sahara occidental occup\u00e9. Une deuxi\u00e8me tourn\u00e9e depuis sa nomination en octobre dernier en tant que nouvel envoy\u00e9 personnel au Sahara occidental, en remplacement de l&rsquo;ancien pr\u00e9sident allemand, Horst Kohler qui a d\u00e9missionn\u00e9 le 22 mai 2019.<\/p>\n\n\n\n<p>Notons enfin&nbsp;que l\u2019envoy\u00e9 sp\u00e9cial charg\u00e9 de la question du Sahara occidental et des pays du Maghreb au minist\u00e8re des Affaires \u00e9trang\u00e8res et de la Communaut\u00e9 nationale \u00e0 l&rsquo;\u00e9tranger, Amar Belani, a rappel\u00e9, mercredi, qu&rsquo;aux yeux de l&rsquo;\u00e9missaire de l&rsquo;ONU, Staffan de Mistura, le processus onusien doit rester \u00ab\u00a0le cadre le plus appropri\u00e9\u00a0\u00bb pour le r\u00e8glement du conflit au Sahara occidental. Une d\u00e9claration visant \u00e0 recadrer les m\u00e9dias espagnols qui \u00e9voquaient la \u00ab\u00a0satisfaction\u00a0\u00bb pr\u00e9sum\u00e9e de l&rsquo;envoy\u00e9 personnel onusien pour le Sahara occidental,&nbsp;&nbsp;Staffan de Mistura, quant au changement de position du gouvernement espagnol sur la question sahraouie.&nbsp;<\/p>\n\n\n\n<p><strong>Akli Amor<\/strong><\/p>\n","protected":false},"excerpt":{"rendered":"<p>C\u2019est une nouvelle gifle au Makhzen qui voit ses man\u0153uvres pour imposer un fait accompli au Sahara occidental d\u00e9bout\u00e9es et<\/p>\n","protected":false},"author":3,"featured_media":1085,"comment_status":"open","ping_status":"closed","sticky":false,"template":"","format":"standard","meta":{"colormag_page_container_layout":"default_layout","colormag_page_sidebar_layout":"default_layout","om_disable_all_campaigns":false,"_monsterinsights_skip_tracking":false,"_monsterinsights_sitenote_active":false,"_monsterinsights_sitenote_note":"","_monsterinsights_sitenote_category":0,"footnotes":"","_wpscppro_dont_share_socialmedia":false,"_wpscppro_custom_social_share_image":0,"_facebook_share_type":"","_twitter_share_type":"","_linkedin_share_type":"","_pinterest_share_type":"","_linkedin_share_type_page":"","_instagram_share_type":"","_medium_share_type":"","_threads_share_type":"","_google_business_share_type":"","_selected_social_profile":[],"_wpsp_enable_custom_social_template":false,"_wpsp_social_scheduling":{"enabled":false,"datetime":null,"platforms":[],"status":"template_only","dateOption":"today","timeOption":"now","customDays":"","customHours":"","customDate":"","customTime":"","schedulingType":"absolute"},"_wpsp_active_default_template":true},"categories":[27],"tags":[],"class_list":["post-20204","post","type-post","status-publish","format-standard","has-post-thumbnail","hentry","category-actualite"],"aioseo_notices":[],"yoast_head":"<!-- This site is optimized with the Yoast SEO plugin v27.5 - https:\/\/yoast.com\/product\/yoast-seo-wordpress\/ -->\n<title>Le Conseil de s\u00e9curit\u00e9 r\u00e9affirme la n\u00e9cessit\u00e9 d\u2019organiser un r\u00e9f\u00e9rendum d\u2019autod\u00e9termination au Sahara occidental\u00a0:\u00a0\u00a0Une nouvelle gifle pour le r\u00e9gime marocain - La Sentinelle<\/title>\n<meta name=\"robots\" content=\"index, follow, max-snippet:-1, max-image-preview:large, max-video-preview:-1\" \/>\n<link rel=\"canonical\" href=\"https:\/\/lasentinelle.dz\/index.php\/2022\/04\/24\/le-conseil-de-securite-reaffirme-la-necessite-dorganiser-un-referendum-dautodetermination-au-sahara-occidental-une-nouvelle-gifle-pour-le-regime-marocain\/\" \/>\n<meta property=\"og:locale\" content=\"fr_FR\" \/>\n<meta property=\"og:type\" content=\"article\" \/>\n<meta property=\"og:title\" content=\"Le Conseil de s\u00e9curit\u00e9 r\u00e9affirme la n\u00e9cessit\u00e9 d\u2019organiser un r\u00e9f\u00e9rendum d\u2019autod\u00e9termination au Sahara occidental\u00a0:\u00a0\u00a0Une nouvelle gifle pour le r\u00e9gime marocain - La Sentinelle\" \/>\n<meta property=\"og:description\" content=\"C\u2019est une nouvelle gifle au Makhzen qui voit ses man\u0153uvres pour imposer un fait accompli au Sahara occidental d\u00e9bout\u00e9es et\" \/>\n<meta property=\"og:url\" content=\"https:\/\/lasentinelle.dz\/index.php\/2022\/04\/24\/le-conseil-de-securite-reaffirme-la-necessite-dorganiser-un-referendum-dautodetermination-au-sahara-occidental-une-nouvelle-gifle-pour-le-regime-marocain\/\" \/>\n<meta property=\"og:site_name\" content=\"La Sentinelle\" \/>\n<meta property=\"article:publisher\" content=\"https:\/\/www.facebook.com\/La-Sentinelle-104059864394773\" \/>\n<meta property=\"article:published_time\" content=\"2022-04-23T23:01:00+00:00\" \/>\n<meta property=\"og:image\" content=\"https:\/\/lasentinelle.dz\/wp-content\/uploads\/2021\/07\/sahara-occidental.png\" \/>\n\t<meta property=\"og:image:width\" content=\"1351\" \/>\n\t<meta property=\"og:image:height\" content=\"900\" \/>\n\t<meta property=\"og:image:type\" content=\"image\/png\" \/>\n<meta name=\"author\" content=\"La Sentinelle\" \/>\n<meta name=\"twitter:card\" content=\"summary_large_image\" \/>\n<meta name=\"twitter:label1\" content=\"\u00c9crit par\" \/>\n\t<meta name=\"twitter:data1\" content=\"La Sentinelle\" \/>\n\t<meta name=\"twitter:label2\" content=\"Dur\u00e9e de lecture estim\u00e9e\" \/>\n\t<meta name=\"twitter:data2\" content=\"3 minutes\" \/>\n<script type=\"application\/ld+json\" class=\"yoast-schema-graph\">{\"@context\":\"https:\\\/\\\/schema.org\",\"@graph\":[{\"@type\":\"Article\",\"@id\":\"https:\\\/\\\/lasentinelle.dz\\\/index.php\\\/2022\\\/04\\\/24\\\/le-conseil-de-securite-reaffirme-la-necessite-dorganiser-un-referendum-dautodetermination-au-sahara-occidental-une-nouvelle-gifle-pour-le-regime-marocain\\\/#article\",\"isPartOf\":{\"@id\":\"https:\\\/\\\/lasentinelle.dz\\\/index.php\\\/2022\\\/04\\\/24\\\/le-conseil-de-securite-reaffirme-la-necessite-dorganiser-un-referendum-dautodetermination-au-sahara-occidental-une-nouvelle-gifle-pour-le-regime-marocain\\\/\"},\"author\":{\"name\":\"La Sentinelle\",\"@id\":\"https:\\\/\\\/lasentinelle.dz\\\/#\\\/schema\\\/person\\\/d865044e22e70a75174ce8bcad3acfb3\"},\"headline\":\"Le Conseil de s\u00e9curit\u00e9 r\u00e9affirme la n\u00e9cessit\u00e9 d\u2019organiser un r\u00e9f\u00e9rendum d\u2019autod\u00e9termination au Sahara occidental\u00a0:\u00a0\u00a0Une nouvelle gifle pour le r\u00e9gime marocain\",\"datePublished\":\"2022-04-23T23:01:00+00:00\",\"mainEntityOfPage\":{\"@id\":\"https:\\\/\\\/lasentinelle.dz\\\/index.php\\\/2022\\\/04\\\/24\\\/le-conseil-de-securite-reaffirme-la-necessite-dorganiser-un-referendum-dautodetermination-au-sahara-occidental-une-nouvelle-gifle-pour-le-regime-marocain\\\/\"},\"wordCount\":635,\"commentCount\":0,\"publisher\":{\"@id\":\"https:\\\/\\\/lasentinelle.dz\\\/#organization\"},\"image\":{\"@id\":\"https:\\\/\\\/lasentinelle.dz\\\/index.php\\\/2022\\\/04\\\/24\\\/le-conseil-de-securite-reaffirme-la-necessite-dorganiser-un-referendum-dautodetermination-au-sahara-occidental-une-nouvelle-gifle-pour-le-regime-marocain\\\/#primaryimage\"},\"thumbnailUrl\":\"https:\\\/\\\/lasentinelle.dz\\\/wp-content\\\/uploads\\\/2021\\\/07\\\/sahara-occidental.png\",\"articleSection\":[\"Actualit\u00e9\"],\"inLanguage\":\"fr-FR\",\"potentialAction\":[{\"@type\":\"CommentAction\",\"name\":\"Comment\",\"target\":[\"https:\\\/\\\/lasentinelle.dz\\\/index.php\\\/2022\\\/04\\\/24\\\/le-conseil-de-securite-reaffirme-la-necessite-dorganiser-un-referendum-dautodetermination-au-sahara-occidental-une-nouvelle-gifle-pour-le-regime-marocain\\\/#respond\"]}]},{\"@type\":\"WebPage\",\"@id\":\"https:\\\/\\\/lasentinelle.dz\\\/index.php\\\/2022\\\/04\\\/24\\\/le-conseil-de-securite-reaffirme-la-necessite-dorganiser-un-referendum-dautodetermination-au-sahara-occidental-une-nouvelle-gifle-pour-le-regime-marocain\\\/\",\"url\":\"https:\\\/\\\/lasentinelle.dz\\\/index.php\\\/2022\\\/04\\\/24\\\/le-conseil-de-securite-reaffirme-la-necessite-dorganiser-un-referendum-dautodetermination-au-sahara-occidental-une-nouvelle-gifle-pour-le-regime-marocain\\\/\",\"name\":\"Le Conseil de s\u00e9curit\u00e9 r\u00e9affirme la n\u00e9cessit\u00e9 d\u2019organiser un r\u00e9f\u00e9rendum d\u2019autod\u00e9termination au Sahara occidental\u00a0:\u00a0\u00a0Une nouvelle gifle pour le r\u00e9gime marocain - La Sentinelle\",\"isPartOf\":{\"@id\":\"https:\\\/\\\/lasentinelle.dz\\\/#website\"},\"primaryImageOfPage\":{\"@id\":\"https:\\\/\\\/lasentinelle.dz\\\/index.php\\\/2022\\\/04\\\/24\\\/le-conseil-de-securite-reaffirme-la-necessite-dorganiser-un-referendum-dautodetermination-au-sahara-occidental-une-nouvelle-gifle-pour-le-regime-marocain\\\/#primaryimage\"},\"image\":{\"@id\":\"https:\\\/\\\/lasentinelle.dz\\\/index.php\\\/2022\\\/04\\\/24\\\/le-conseil-de-securite-reaffirme-la-necessite-dorganiser-un-referendum-dautodetermination-au-sahara-occidental-une-nouvelle-gifle-pour-le-regime-marocain\\\/#primaryimage\"},\"thumbnailUrl\":\"https:\\\/\\\/lasentinelle.dz\\\/wp-content\\\/uploads\\\/2021\\\/07\\\/sahara-occidental.png\",\"datePublished\":\"2022-04-23T23:01:00+00:00\",\"breadcrumb\":{\"@id\":\"https:\\\/\\\/lasentinelle.dz\\\/index.php\\\/2022\\\/04\\\/24\\\/le-conseil-de-securite-reaffirme-la-necessite-dorganiser-un-referendum-dautodetermination-au-sahara-occidental-une-nouvelle-gifle-pour-le-regime-marocain\\\/#breadcrumb\"},\"inLanguage\":\"fr-FR\",\"potentialAction\":[{\"@type\":\"ReadAction\",\"target\":[\"https:\\\/\\\/lasentinelle.dz\\\/index.php\\\/2022\\\/04\\\/24\\\/le-conseil-de-securite-reaffirme-la-necessite-dorganiser-un-referendum-dautodetermination-au-sahara-occidental-une-nouvelle-gifle-pour-le-regime-marocain\\\/\"]}]},{\"@type\":\"ImageObject\",\"inLanguage\":\"fr-FR\",\"@id\":\"https:\\\/\\\/lasentinelle.dz\\\/index.php\\\/2022\\\/04\\\/24\\\/le-conseil-de-securite-reaffirme-la-necessite-dorganiser-un-referendum-dautodetermination-au-sahara-occidental-une-nouvelle-gifle-pour-le-regime-marocain\\\/#primaryimage\",\"url\":\"https:\\\/\\\/lasentinelle.dz\\\/wp-content\\\/uploads\\\/2021\\\/07\\\/sahara-occidental.png\",\"contentUrl\":\"https:\\\/\\\/lasentinelle.dz\\\/wp-content\\\/uploads\\\/2021\\\/07\\\/sahara-occidental.png\",\"width\":1351,\"height\":900},{\"@type\":\"BreadcrumbList\",\"@id\":\"https:\\\/\\\/lasentinelle.dz\\\/index.php\\\/2022\\\/04\\\/24\\\/le-conseil-de-securite-reaffirme-la-necessite-dorganiser-un-referendum-dautodetermination-au-sahara-occidental-une-nouvelle-gifle-pour-le-regime-marocain\\\/#breadcrumb\",\"itemListElement\":[{\"@type\":\"ListItem\",\"position\":1,\"name\":\"Accueil\",\"item\":\"https:\\\/\\\/lasentinelle.dz\\\/\"},{\"@type\":\"ListItem\",\"position\":2,\"name\":\"Le Conseil de s\u00e9curit\u00e9 r\u00e9affirme la n\u00e9cessit\u00e9 d\u2019organiser un r\u00e9f\u00e9rendum d\u2019autod\u00e9termination au Sahara occidental\u00a0:\u00a0\u00a0Une nouvelle gifle pour le r\u00e9gime marocain\"}]},{\"@type\":\"WebSite\",\"@id\":\"https:\\\/\\\/lasentinelle.dz\\\/#website\",\"url\":\"https:\\\/\\\/lasentinelle.dz\\\/\",\"name\":\"La Sentinelle\",\"description\":\"Quotidien national d&#039;information\",\"publisher\":{\"@id\":\"https:\\\/\\\/lasentinelle.dz\\\/#organization\"},\"potentialAction\":[{\"@type\":\"SearchAction\",\"target\":{\"@type\":\"EntryPoint\",\"urlTemplate\":\"https:\\\/\\\/lasentinelle.dz\\\/?s={search_term_string}\"},\"query-input\":{\"@type\":\"PropertyValueSpecification\",\"valueRequired\":true,\"valueName\":\"search_term_string\"}}],\"inLanguage\":\"fr-FR\"},{\"@type\":\"Organization\",\"@id\":\"https:\\\/\\\/lasentinelle.dz\\\/#organization\",\"name\":\"Quotidien La Sentinelle\",\"url\":\"https:\\\/\\\/lasentinelle.dz\\\/\",\"logo\":{\"@type\":\"ImageObject\",\"inLanguage\":\"fr-FR\",\"@id\":\"https:\\\/\\\/lasentinelle.dz\\\/#\\\/schema\\\/logo\\\/image\\\/\",\"url\":\"https:\\\/\\\/lasentinelle.dz\\\/wp-content\\\/uploads\\\/2021\\\/09\\\/logo-sentinelleSLOGAN-1.png\",\"contentUrl\":\"https:\\\/\\\/lasentinelle.dz\\\/wp-content\\\/uploads\\\/2021\\\/09\\\/logo-sentinelleSLOGAN-1.png\",\"width\":615,\"height\":142,\"caption\":\"Quotidien La Sentinelle\"},\"image\":{\"@id\":\"https:\\\/\\\/lasentinelle.dz\\\/#\\\/schema\\\/logo\\\/image\\\/\"},\"sameAs\":[\"https:\\\/\\\/www.facebook.com\\\/La-Sentinelle-104059864394773\"]},{\"@type\":\"Person\",\"@id\":\"https:\\\/\\\/lasentinelle.dz\\\/#\\\/schema\\\/person\\\/d865044e22e70a75174ce8bcad3acfb3\",\"name\":\"La Sentinelle\",\"image\":{\"@type\":\"ImageObject\",\"inLanguage\":\"fr-FR\",\"@id\":\"https:\\\/\\\/secure.gravatar.com\\\/avatar\\\/57de8e5d4b15d43fb361a71fbb36338450fe67865b528a43dd10ef7c51a20392?s=96&d=mm&r=g\",\"url\":\"https:\\\/\\\/secure.gravatar.com\\\/avatar\\\/57de8e5d4b15d43fb361a71fbb36338450fe67865b528a43dd10ef7c51a20392?s=96&d=mm&r=g\",\"contentUrl\":\"https:\\\/\\\/secure.gravatar.com\\\/avatar\\\/57de8e5d4b15d43fb361a71fbb36338450fe67865b528a43dd10ef7c51a20392?s=96&d=mm&r=g\",\"caption\":\"La Sentinelle\"},\"sameAs\":[\"http:\\\/\\\/www.lasentinelle.dz\"],\"url\":\"https:\\\/\\\/lasentinelle.dz\\\/author\\\/redaction\\\/\"}]}<\/script>\n<!-- \/ Yoast SEO plugin. -->","yoast_head_json":{"title":"Le Conseil de s\u00e9curit\u00e9 r\u00e9affirme la n\u00e9cessit\u00e9 d\u2019organiser un r\u00e9f\u00e9rendum d\u2019autod\u00e9termination au Sahara occidental\u00a0:\u00a0\u00a0Une nouvelle gifle pour le r\u00e9gime marocain - La Sentinelle","robots":{"index":"index","follow":"follow","max-snippet":"max-snippet:-1","max-image-preview":"max-image-preview:large","max-video-preview":"max-video-preview:-1"},"canonical":"https:\/\/lasentinelle.dz\/index.php\/2022\/04\/24\/le-conseil-de-securite-reaffirme-la-necessite-dorganiser-un-referendum-dautodetermination-au-sahara-occidental-une-nouvelle-gifle-pour-le-regime-marocain\/","og_locale":"fr_FR","og_type":"article","og_title":"Le Conseil de s\u00e9curit\u00e9 r\u00e9affirme la n\u00e9cessit\u00e9 d\u2019organiser un r\u00e9f\u00e9rendum d\u2019autod\u00e9termination au Sahara occidental\u00a0:\u00a0\u00a0Une nouvelle gifle pour le r\u00e9gime marocain - La Sentinelle","og_description":"C\u2019est une nouvelle gifle au Makhzen qui voit ses man\u0153uvres pour imposer un fait accompli au Sahara occidental d\u00e9bout\u00e9es et","og_url":"https:\/\/lasentinelle.dz\/index.php\/2022\/04\/24\/le-conseil-de-securite-reaffirme-la-necessite-dorganiser-un-referendum-dautodetermination-au-sahara-occidental-une-nouvelle-gifle-pour-le-regime-marocain\/","og_site_name":"La Sentinelle","article_publisher":"https:\/\/www.facebook.com\/La-Sentinelle-104059864394773","article_published_time":"2022-04-23T23:01:00+00:00","og_image":[{"width":1351,"height":900,"url":"https:\/\/lasentinelle.dz\/wp-content\/uploads\/2021\/07\/sahara-occidental.png","type":"image\/png"}],"author":"La Sentinelle","twitter_card":"summary_large_image","twitter_misc":{"\u00c9crit par":"La Sentinelle","Dur\u00e9e de lecture estim\u00e9e":"3 minutes"},"schema":{"@context":"https:\/\/schema.org","@graph":[{"@type":"Article","@id":"https:\/\/lasentinelle.dz\/index.php\/2022\/04\/24\/le-conseil-de-securite-reaffirme-la-necessite-dorganiser-un-referendum-dautodetermination-au-sahara-occidental-une-nouvelle-gifle-pour-le-regime-marocain\/#article","isPartOf":{"@id":"https:\/\/lasentinelle.dz\/index.php\/2022\/04\/24\/le-conseil-de-securite-reaffirme-la-necessite-dorganiser-un-referendum-dautodetermination-au-sahara-occidental-une-nouvelle-gifle-pour-le-regime-marocain\/"},"author":{"name":"La Sentinelle","@id":"https:\/\/lasentinelle.dz\/#\/schema\/person\/d865044e22e70a75174ce8bcad3acfb3"},"headline":"Le Conseil de s\u00e9curit\u00e9 r\u00e9affirme la n\u00e9cessit\u00e9 d\u2019organiser un r\u00e9f\u00e9rendum d\u2019autod\u00e9termination au Sahara occidental\u00a0:\u00a0\u00a0Une nouvelle gifle pour le r\u00e9gime marocain","datePublished":"2022-04-23T23:01:00+00:00","mainEntityOfPage":{"@id":"https:\/\/lasentinelle.dz\/index.php\/2022\/04\/24\/le-conseil-de-securite-reaffirme-la-necessite-dorganiser-un-referendum-dautodetermination-au-sahara-occidental-une-nouvelle-gifle-pour-le-regime-marocain\/"},"wordCount":635,"commentCount":0,"publisher":{"@id":"https:\/\/lasentinelle.dz\/#organization"},"image":{"@id":"https:\/\/lasentinelle.dz\/index.php\/2022\/04\/24\/le-conseil-de-securite-reaffirme-la-necessite-dorganiser-un-referendum-dautodetermination-au-sahara-occidental-une-nouvelle-gifle-pour-le-regime-marocain\/#primaryimage"},"thumbnailUrl":"https:\/\/lasentinelle.dz\/wp-content\/uploads\/2021\/07\/sahara-occidental.png","articleSection":["Actualit\u00e9"],"inLanguage":"fr-FR","potentialAction":[{"@type":"CommentAction","name":"Comment","target":["https:\/\/lasentinelle.dz\/index.php\/2022\/04\/24\/le-conseil-de-securite-reaffirme-la-necessite-dorganiser-un-referendum-dautodetermination-au-sahara-occidental-une-nouvelle-gifle-pour-le-regime-marocain\/#respond"]}]},{"@type":"WebPage","@id":"https:\/\/lasentinelle.dz\/index.php\/2022\/04\/24\/le-conseil-de-securite-reaffirme-la-necessite-dorganiser-un-referendum-dautodetermination-au-sahara-occidental-une-nouvelle-gifle-pour-le-regime-marocain\/","url":"https:\/\/lasentinelle.dz\/index.php\/2022\/04\/24\/le-conseil-de-securite-reaffirme-la-necessite-dorganiser-un-referendum-dautodetermination-au-sahara-occidental-une-nouvelle-gifle-pour-le-regime-marocain\/","name":"Le Conseil de s\u00e9curit\u00e9 r\u00e9affirme la n\u00e9cessit\u00e9 d\u2019organiser un r\u00e9f\u00e9rendum d\u2019autod\u00e9termination au Sahara occidental\u00a0:\u00a0\u00a0Une nouvelle gifle pour le r\u00e9gime marocain - La Sentinelle","isPartOf":{"@id":"https:\/\/lasentinelle.dz\/#website"},"primaryImageOfPage":{"@id":"https:\/\/lasentinelle.dz\/index.php\/2022\/04\/24\/le-conseil-de-securite-reaffirme-la-necessite-dorganiser-un-referendum-dautodetermination-au-sahara-occidental-une-nouvelle-gifle-pour-le-regime-marocain\/#primaryimage"},"image":{"@id":"https:\/\/lasentinelle.dz\/index.php\/2022\/04\/24\/le-conseil-de-securite-reaffirme-la-necessite-dorganiser-un-referendum-dautodetermination-au-sahara-occidental-une-nouvelle-gifle-pour-le-regime-marocain\/#primaryimage"},"thumbnailUrl":"https:\/\/lasentinelle.dz\/wp-content\/uploads\/2021\/07\/sahara-occidental.png","datePublished":"2022-04-23T23:01:00+00:00","breadcrumb":{"@id":"https:\/\/lasentinelle.dz\/index.php\/2022\/04\/24\/le-conseil-de-securite-reaffirme-la-necessite-dorganiser-un-referendum-dautodetermination-au-sahara-occidental-une-nouvelle-gifle-pour-le-regime-marocain\/#breadcrumb"},"inLanguage":"fr-FR","potentialAction":[{"@type":"ReadAction","target":["https:\/\/lasentinelle.dz\/index.php\/2022\/04\/24\/le-conseil-de-securite-reaffirme-la-necessite-dorganiser-un-referendum-dautodetermination-au-sahara-occidental-une-nouvelle-gifle-pour-le-regime-marocain\/"]}]},{"@type":"ImageObject","inLanguage":"fr-FR","@id":"https:\/\/lasentinelle.dz\/index.php\/2022\/04\/24\/le-conseil-de-securite-reaffirme-la-necessite-dorganiser-un-referendum-dautodetermination-au-sahara-occidental-une-nouvelle-gifle-pour-le-regime-marocain\/#primaryimage","url":"https:\/\/lasentinelle.dz\/wp-content\/uploads\/2021\/07\/sahara-occidental.png","contentUrl":"https:\/\/lasentinelle.dz\/wp-content\/uploads\/2021\/07\/sahara-occidental.png","width":1351,"height":900},{"@type":"BreadcrumbList","@id":"https:\/\/lasentinelle.dz\/index.php\/2022\/04\/24\/le-conseil-de-securite-reaffirme-la-necessite-dorganiser-un-referendum-dautodetermination-au-sahara-occidental-une-nouvelle-gifle-pour-le-regime-marocain\/#breadcrumb","itemListElement":[{"@type":"ListItem","position":1,"name":"Accueil","item":"https:\/\/lasentinelle.dz\/"},{"@type":"ListItem","position":2,"name":"Le Conseil de s\u00e9curit\u00e9 r\u00e9affirme la n\u00e9cessit\u00e9 d\u2019organiser un r\u00e9f\u00e9rendum d\u2019autod\u00e9termination au Sahara occidental\u00a0:\u00a0\u00a0Une nouvelle gifle pour le r\u00e9gime marocain"}]},{"@type":"WebSite","@id":"https:\/\/lasentinelle.dz\/#website","url":"https:\/\/lasentinelle.dz\/","name":"La Sentinelle","description":"Quotidien national d&#039;information","publisher":{"@id":"https:\/\/lasentinelle.dz\/#organization"},"potentialAction":[{"@type":"SearchAction","target":{"@type":"EntryPoint","urlTemplate":"https:\/\/lasentinelle.dz\/?s={search_term_string}"},"query-input":{"@type":"PropertyValueSpecification","valueRequired":true,"valueName":"search_term_string"}}],"inLanguage":"fr-FR"},{"@type":"Organization","@id":"https:\/\/lasentinelle.dz\/#organization","name":"Quotidien La Sentinelle","url":"https:\/\/lasentinelle.dz\/","logo":{"@type":"ImageObject","inLanguage":"fr-FR","@id":"https:\/\/lasentinelle.dz\/#\/schema\/logo\/image\/","url":"https:\/\/lasentinelle.dz\/wp-content\/uploads\/2021\/09\/logo-sentinelleSLOGAN-1.png","contentUrl":"https:\/\/lasentinelle.dz\/wp-content\/uploads\/2021\/09\/logo-sentinelleSLOGAN-1.png","width":615,"height":142,"caption":"Quotidien La Sentinelle"},"image":{"@id":"https:\/\/lasentinelle.dz\/#\/schema\/logo\/image\/"},"sameAs":["https:\/\/www.facebook.com\/La-Sentinelle-104059864394773"]},{"@type":"Person","@id":"https:\/\/lasentinelle.dz\/#\/schema\/person\/d865044e22e70a75174ce8bcad3acfb3","name":"La Sentinelle","image":{"@type":"ImageObject","inLanguage":"fr-FR","@id":"https:\/\/secure.gravatar.com\/avatar\/57de8e5d4b15d43fb361a71fbb36338450fe67865b528a43dd10ef7c51a20392?s=96&d=mm&r=g","url":"https:\/\/secure.gravatar.com\/avatar\/57de8e5d4b15d43fb361a71fbb36338450fe67865b528a43dd10ef7c51a20392?s=96&d=mm&r=g","contentUrl":"https:\/\/secure.gravatar.com\/avatar\/57de8e5d4b15d43fb361a71fbb36338450fe67865b528a43dd10ef7c51a20392?s=96&d=mm&r=g","caption":"La Sentinelle"},"sameAs":["http:\/\/www.lasentinelle.dz"],"url":"https:\/\/lasentinelle.dz\/author\/redaction\/"}]}},"_links":{"self":[{"href":"https:\/\/lasentinelle.dz\/index.php\/wp-json\/wp\/v2\/posts\/20204","targetHints":{"allow":["GET"]}}],"collection":[{"href":"https:\/\/lasentinelle.dz\/index.php\/wp-json\/wp\/v2\/posts"}],"about":[{"href":"https:\/\/lasentinelle.dz\/index.php\/wp-json\/wp\/v2\/types\/post"}],"author":[{"embeddable":true,"href":"https:\/\/lasentinelle.dz\/index.php\/wp-json\/wp\/v2\/users\/3"}],"replies":[{"embeddable":true,"href":"https:\/\/lasentinelle.dz\/index.php\/wp-json\/wp\/v2\/comments?post=20204"}],"version-history":[{"count":1,"href":"https:\/\/lasentinelle.dz\/index.php\/wp-json\/wp\/v2\/posts\/20204\/revisions"}],"predecessor-version":[{"id":20217,"href":"https:\/\/lasentinelle.dz\/index.php\/wp-json\/wp\/v2\/posts\/20204\/revisions\/20217"}],"wp:featuredmedia":[{"embeddable":true,"href":"https:\/\/lasentinelle.dz\/index.php\/wp-json\/wp\/v2\/media\/1085"}],"wp:attachment":[{"href":"https:\/\/lasentinelle.dz\/index.php\/wp-json\/wp\/v2\/media?parent=20204"}],"wp:term":[{"taxonomy":"category","embeddable":true,"href":"https:\/\/lasentinelle.dz\/index.php\/wp-json\/wp\/v2\/categories?post=20204"},{"taxonomy":"post_tag","embeddable":true,"href":"https:\/\/lasentinelle.dz\/index.php\/wp-json\/wp\/v2\/tags?post=20204"}],"curies":[{"name":"wp","href":"https:\/\/api.w.org\/{rel}","templated":true}]}}