{"id":20254,"date":"2022-04-25T00:05:00","date_gmt":"2022-04-24T23:05:00","guid":{"rendered":"https:\/\/lasentinelle.dz\/?p=20254"},"modified":"2022-04-24T21:34:05","modified_gmt":"2022-04-24T20:34:05","slug":"equipe-nationale-belmadi-parti-pour-un-nouveau-challenge","status":"publish","type":"post","link":"https:\/\/lasentinelle.dz\/index.php\/2022\/04\/25\/equipe-nationale-belmadi-parti-pour-un-nouveau-challenge\/","title":{"rendered":"\u00c9quipe nationale\u00a0:\u00a0Belmadi parti pour un nouveau challenge"},"content":{"rendered":"\n<p>Maintenant que tout est rentr\u00e9 dans l\u2019ordre, Belmadi s\u2019engage pour un nouveau challenge, qui sera, cette fois-ci, diff\u00e9rent de celui qu\u2019il avait entam\u00e9 \u00e0 son arriv\u00e9e.&nbsp;<\/p>\n\n\n\n<p>C\u2019\u00e9tait dans l\u2019air puisque Charaf-Eddine Amara, pr\u00e9sident d\u00e9missionnaire de la F\u00e9d\u00e9ration alg\u00e9rienne de football (FAF), s\u2019est voulu optimiste pour le dossier. Djamel Belmadi \u00e9tait donn\u00e9 restant \u00e0 la t\u00eate de la barre technique de l\u2019Equipe nationale. La tendance sera confirm\u00e9e par le concern\u00e9 lui-m\u00eame. En effet, le s\u00e9lectionneur devrait annoncer incessamment sa d\u00e9cision dans un podcast. Sonn\u00e9 par l\u2019\u00e9limination cruelle de la course en Coupe du Monde 2022, le s\u00e9lectionneur national songeait s\u00e9rieusement \u00e0 arr\u00eater avec les Verts. Et c\u2019\u00e9tait compr\u00e9hensible car Belmadi avait \u00e9chou\u00e9 \u00e0 r\u00e9aliser son objectif supr\u00eame qui \u00e9tait de disputer le Mondial au Qatar. Cependant, le coach a pris le temps pour penser \u00e0 son avenir. Et il aurait d\u00e9cid\u00e9 de repartir pour 4 nouvelles ann\u00e9es sur le banc des Fennecs. Avec Riyad Mahrez &amp; cie, il compte repartir de l\u2019avant avec l\u2019intention de se relever et prouver que le groupe a encore de belles choses \u00e0 offrir aux Alg\u00e9riens. L\u2019officialisation de cette d\u00e9cision serait imminente. Sauf revirement quasi-improbable, celui qui a emmen\u00e9 l\u2019EN sur le toit de l\u2019Afrique \u00e0 la CAN-2019 en \u00c9gypte sera l\u00e0 pour les sorties de juin face \u00e0 l\u2019Ouganda et la Tanzanie dans le cadre des \u00e9liminatoires de la CAN-2023 qui se jouera en C\u00f4te d\u2019Ivoire. Signe d\u2019un nouveau d\u00e9part, El-Khadra jouera au nouveau stade d\u2019Oran. Dans l\u2019une de nos pr\u00e9c\u00e9dentes \u00e9ditions, nous rapportions que le coach avait \u00e9t\u00e9 contact\u00e9 par le manager g\u00e9n\u00e9rale de l\u2019EN, Djahid Zefizef. Ce dernier charg\u00e9 de ce dossier, avait demand\u00e9 \u00e0 son interlocuteur de communiquer sa d\u00e9cision dans l\u2019imm\u00e9diat. Soit il continue son aventure \u00e0 la t\u00eate de l\u2019EN et, ainsi, s\u2019assoire autour d\u2019une table pour tracer la nouvelle feuille de route, soit partir et laisser les responsables de la FAF engager des n\u00e9gociations avec ses \u00e9ventuels successeurs. Zefizef avait demand\u00e9 \u00e0 Belmadi de rendre sa r\u00e9ponse avant la fin de ce mois de Ramadan, puisque le temps presse, \u00e0 l\u2019approche des prochaines \u00e9ch\u00e9ances. Maintenant que tout est rentr\u00e9 dans l\u2019ordre, Belmadi s\u2019engage pour un nouveau challenge, qui sera, cette fois-ci, diff\u00e9rent de celui qu\u2019il avait entam\u00e9 \u00e0 son arriv\u00e9e. Ceci, puisqu\u2019il sera, surtout, appel\u00e9 \u00e0 revoir son effectif, puisque plusieurs joueurs sont appel\u00e9s \u00e0 prendre leur retraite, en raison de leurs \u00e2ges avanc\u00e9s.&nbsp;<\/p>\n\n\n\n<p>R. S. \/A. Mahious&nbsp;<\/p>\n","protected":false},"excerpt":{"rendered":"<p>Maintenant que tout est rentr\u00e9 dans l\u2019ordre, Belmadi s\u2019engage pour un nouveau challenge, qui sera, cette fois-ci, diff\u00e9rent de celui<\/p>\n","protected":false},"author":3,"featured_media":20258,"comment_status":"open","ping_status":"closed","sticky":false,"template":"","format":"standard","meta":{"colormag_page_container_layout":"default_layout","colormag_page_sidebar_layout":"default_layout","om_disable_all_campaigns":false,"_monsterinsights_skip_tracking":false,"_monsterinsights_sitenote_active":false,"_monsterinsights_sitenote_note":"","_monsterinsights_sitenote_category":0,"footnotes":"","_wpscppro_dont_share_socialmedia":false,"_wpscppro_custom_social_share_image":0,"_facebook_share_type":"","_twitter_share_type":"","_linkedin_share_type":"","_pinterest_share_type":"","_linkedin_share_type_page":"","_instagram_share_type":"","_medium_share_type":"","_threads_share_type":"","_google_business_share_type":"","_selected_social_profile":[],"_wpsp_enable_custom_social_template":false,"_wpsp_social_scheduling":{"enabled":false,"datetime":null,"platforms":[],"status":"template_only","dateOption":"today","timeOption":"now","customDays":"","customHours":"","customDate":"","customTime":"","schedulingType":"absolute"},"_wpsp_active_default_template":true},"categories":[52,33],"tags":[],"class_list":["post-20254","post","type-post","status-publish","format-standard","has-post-thumbnail","hentry","category-a-la-une","category-sports"],"aioseo_notices":[],"yoast_head":"<!-- This site is optimized with the Yoast SEO plugin v27.5 - https:\/\/yoast.com\/product\/yoast-seo-wordpress\/ -->\n<title>\u00c9quipe nationale\u00a0:\u00a0Belmadi parti pour un nouveau challenge - La Sentinelle<\/title>\n<meta name=\"robots\" content=\"index, follow, max-snippet:-1, max-image-preview:large, max-video-preview:-1\" \/>\n<link rel=\"canonical\" href=\"https:\/\/lasentinelle.dz\/index.php\/2022\/04\/25\/equipe-nationale-belmadi-parti-pour-un-nouveau-challenge\/\" \/>\n<meta property=\"og:locale\" content=\"fr_FR\" \/>\n<meta property=\"og:type\" content=\"article\" \/>\n<meta property=\"og:title\" content=\"\u00c9quipe nationale\u00a0:\u00a0Belmadi parti pour un nouveau challenge - La Sentinelle\" \/>\n<meta property=\"og:description\" content=\"Maintenant que tout est rentr\u00e9 dans l\u2019ordre, Belmadi s\u2019engage pour un nouveau challenge, qui sera, cette fois-ci, diff\u00e9rent de celui\" \/>\n<meta property=\"og:url\" content=\"https:\/\/lasentinelle.dz\/index.php\/2022\/04\/25\/equipe-nationale-belmadi-parti-pour-un-nouveau-challenge\/\" \/>\n<meta property=\"og:site_name\" content=\"La Sentinelle\" \/>\n<meta property=\"article:publisher\" content=\"https:\/\/www.facebook.com\/La-Sentinelle-104059864394773\" \/>\n<meta property=\"article:published_time\" content=\"2022-04-24T23:05:00+00:00\" \/>\n<meta property=\"og:image\" content=\"https:\/\/lasentinelle.dz\/wp-content\/uploads\/2022\/04\/Belmadi-1.png\" \/>\n\t<meta property=\"og:image:width\" content=\"1406\" \/>\n\t<meta property=\"og:image:height\" content=\"900\" \/>\n\t<meta property=\"og:image:type\" content=\"image\/png\" \/>\n<meta name=\"author\" content=\"La Sentinelle\" \/>\n<meta name=\"twitter:card\" content=\"summary_large_image\" \/>\n<meta name=\"twitter:label1\" content=\"\u00c9crit par\" \/>\n\t<meta name=\"twitter:data1\" content=\"La Sentinelle\" \/>\n\t<meta name=\"twitter:label2\" content=\"Dur\u00e9e de lecture estim\u00e9e\" \/>\n\t<meta name=\"twitter:data2\" content=\"3 minutes\" \/>\n<script type=\"application\/ld+json\" class=\"yoast-schema-graph\">{\"@context\":\"https:\\\/\\\/schema.org\",\"@graph\":[{\"@type\":\"Article\",\"@id\":\"https:\\\/\\\/lasentinelle.dz\\\/index.php\\\/2022\\\/04\\\/25\\\/equipe-nationale-belmadi-parti-pour-un-nouveau-challenge\\\/#article\",\"isPartOf\":{\"@id\":\"https:\\\/\\\/lasentinelle.dz\\\/index.php\\\/2022\\\/04\\\/25\\\/equipe-nationale-belmadi-parti-pour-un-nouveau-challenge\\\/\"},\"author\":{\"name\":\"La Sentinelle\",\"@id\":\"https:\\\/\\\/lasentinelle.dz\\\/#\\\/schema\\\/person\\\/d865044e22e70a75174ce8bcad3acfb3\"},\"headline\":\"\u00c9quipe nationale\u00a0:\u00a0Belmadi parti pour un nouveau challenge\",\"datePublished\":\"2022-04-24T23:05:00+00:00\",\"mainEntityOfPage\":{\"@id\":\"https:\\\/\\\/lasentinelle.dz\\\/index.php\\\/2022\\\/04\\\/25\\\/equipe-nationale-belmadi-parti-pour-un-nouveau-challenge\\\/\"},\"wordCount\":460,\"commentCount\":0,\"publisher\":{\"@id\":\"https:\\\/\\\/lasentinelle.dz\\\/#organization\"},\"image\":{\"@id\":\"https:\\\/\\\/lasentinelle.dz\\\/index.php\\\/2022\\\/04\\\/25\\\/equipe-nationale-belmadi-parti-pour-un-nouveau-challenge\\\/#primaryimage\"},\"thumbnailUrl\":\"https:\\\/\\\/lasentinelle.dz\\\/wp-content\\\/uploads\\\/2022\\\/04\\\/Belmadi-1.png\",\"articleSection\":[\"\u00c0 la Une\",\"Sports\"],\"inLanguage\":\"fr-FR\",\"potentialAction\":[{\"@type\":\"CommentAction\",\"name\":\"Comment\",\"target\":[\"https:\\\/\\\/lasentinelle.dz\\\/index.php\\\/2022\\\/04\\\/25\\\/equipe-nationale-belmadi-parti-pour-un-nouveau-challenge\\\/#respond\"]}]},{\"@type\":\"WebPage\",\"@id\":\"https:\\\/\\\/lasentinelle.dz\\\/index.php\\\/2022\\\/04\\\/25\\\/equipe-nationale-belmadi-parti-pour-un-nouveau-challenge\\\/\",\"url\":\"https:\\\/\\\/lasentinelle.dz\\\/index.php\\\/2022\\\/04\\\/25\\\/equipe-nationale-belmadi-parti-pour-un-nouveau-challenge\\\/\",\"name\":\"\u00c9quipe nationale\u00a0:\u00a0Belmadi parti pour un nouveau challenge - La Sentinelle\",\"isPartOf\":{\"@id\":\"https:\\\/\\\/lasentinelle.dz\\\/#website\"},\"primaryImageOfPage\":{\"@id\":\"https:\\\/\\\/lasentinelle.dz\\\/index.php\\\/2022\\\/04\\\/25\\\/equipe-nationale-belmadi-parti-pour-un-nouveau-challenge\\\/#primaryimage\"},\"image\":{\"@id\":\"https:\\\/\\\/lasentinelle.dz\\\/index.php\\\/2022\\\/04\\\/25\\\/equipe-nationale-belmadi-parti-pour-un-nouveau-challenge\\\/#primaryimage\"},\"thumbnailUrl\":\"https:\\\/\\\/lasentinelle.dz\\\/wp-content\\\/uploads\\\/2022\\\/04\\\/Belmadi-1.png\",\"datePublished\":\"2022-04-24T23:05:00+00:00\",\"breadcrumb\":{\"@id\":\"https:\\\/\\\/lasentinelle.dz\\\/index.php\\\/2022\\\/04\\\/25\\\/equipe-nationale-belmadi-parti-pour-un-nouveau-challenge\\\/#breadcrumb\"},\"inLanguage\":\"fr-FR\",\"potentialAction\":[{\"@type\":\"ReadAction\",\"target\":[\"https:\\\/\\\/lasentinelle.dz\\\/index.php\\\/2022\\\/04\\\/25\\\/equipe-nationale-belmadi-parti-pour-un-nouveau-challenge\\\/\"]}]},{\"@type\":\"ImageObject\",\"inLanguage\":\"fr-FR\",\"@id\":\"https:\\\/\\\/lasentinelle.dz\\\/index.php\\\/2022\\\/04\\\/25\\\/equipe-nationale-belmadi-parti-pour-un-nouveau-challenge\\\/#primaryimage\",\"url\":\"https:\\\/\\\/lasentinelle.dz\\\/wp-content\\\/uploads\\\/2022\\\/04\\\/Belmadi-1.png\",\"contentUrl\":\"https:\\\/\\\/lasentinelle.dz\\\/wp-content\\\/uploads\\\/2022\\\/04\\\/Belmadi-1.png\",\"width\":1406,\"height\":900},{\"@type\":\"BreadcrumbList\",\"@id\":\"https:\\\/\\\/lasentinelle.dz\\\/index.php\\\/2022\\\/04\\\/25\\\/equipe-nationale-belmadi-parti-pour-un-nouveau-challenge\\\/#breadcrumb\",\"itemListElement\":[{\"@type\":\"ListItem\",\"position\":1,\"name\":\"Accueil\",\"item\":\"https:\\\/\\\/lasentinelle.dz\\\/\"},{\"@type\":\"ListItem\",\"position\":2,\"name\":\"\u00c9quipe nationale\u00a0:\u00a0Belmadi parti pour un nouveau challenge\"}]},{\"@type\":\"WebSite\",\"@id\":\"https:\\\/\\\/lasentinelle.dz\\\/#website\",\"url\":\"https:\\\/\\\/lasentinelle.dz\\\/\",\"name\":\"La Sentinelle\",\"description\":\"Quotidien national d&#039;information\",\"publisher\":{\"@id\":\"https:\\\/\\\/lasentinelle.dz\\\/#organization\"},\"potentialAction\":[{\"@type\":\"SearchAction\",\"target\":{\"@type\":\"EntryPoint\",\"urlTemplate\":\"https:\\\/\\\/lasentinelle.dz\\\/?s={search_term_string}\"},\"query-input\":{\"@type\":\"PropertyValueSpecification\",\"valueRequired\":true,\"valueName\":\"search_term_string\"}}],\"inLanguage\":\"fr-FR\"},{\"@type\":\"Organization\",\"@id\":\"https:\\\/\\\/lasentinelle.dz\\\/#organization\",\"name\":\"Quotidien La Sentinelle\",\"url\":\"https:\\\/\\\/lasentinelle.dz\\\/\",\"logo\":{\"@type\":\"ImageObject\",\"inLanguage\":\"fr-FR\",\"@id\":\"https:\\\/\\\/lasentinelle.dz\\\/#\\\/schema\\\/logo\\\/image\\\/\",\"url\":\"https:\\\/\\\/lasentinelle.dz\\\/wp-content\\\/uploads\\\/2021\\\/09\\\/logo-sentinelleSLOGAN-1.png\",\"contentUrl\":\"https:\\\/\\\/lasentinelle.dz\\\/wp-content\\\/uploads\\\/2021\\\/09\\\/logo-sentinelleSLOGAN-1.png\",\"width\":615,\"height\":142,\"caption\":\"Quotidien La Sentinelle\"},\"image\":{\"@id\":\"https:\\\/\\\/lasentinelle.dz\\\/#\\\/schema\\\/logo\\\/image\\\/\"},\"sameAs\":[\"https:\\\/\\\/www.facebook.com\\\/La-Sentinelle-104059864394773\"]},{\"@type\":\"Person\",\"@id\":\"https:\\\/\\\/lasentinelle.dz\\\/#\\\/schema\\\/person\\\/d865044e22e70a75174ce8bcad3acfb3\",\"name\":\"La Sentinelle\",\"image\":{\"@type\":\"ImageObject\",\"inLanguage\":\"fr-FR\",\"@id\":\"https:\\\/\\\/secure.gravatar.com\\\/avatar\\\/57de8e5d4b15d43fb361a71fbb36338450fe67865b528a43dd10ef7c51a20392?s=96&d=mm&r=g\",\"url\":\"https:\\\/\\\/secure.gravatar.com\\\/avatar\\\/57de8e5d4b15d43fb361a71fbb36338450fe67865b528a43dd10ef7c51a20392?s=96&d=mm&r=g\",\"contentUrl\":\"https:\\\/\\\/secure.gravatar.com\\\/avatar\\\/57de8e5d4b15d43fb361a71fbb36338450fe67865b528a43dd10ef7c51a20392?s=96&d=mm&r=g\",\"caption\":\"La Sentinelle\"},\"sameAs\":[\"http:\\\/\\\/www.lasentinelle.dz\"],\"url\":\"https:\\\/\\\/lasentinelle.dz\\\/author\\\/redaction\\\/\"}]}<\/script>\n<!-- \/ Yoast SEO plugin. -->","yoast_head_json":{"title":"\u00c9quipe nationale\u00a0:\u00a0Belmadi parti pour un nouveau challenge - La Sentinelle","robots":{"index":"index","follow":"follow","max-snippet":"max-snippet:-1","max-image-preview":"max-image-preview:large","max-video-preview":"max-video-preview:-1"},"canonical":"https:\/\/lasentinelle.dz\/index.php\/2022\/04\/25\/equipe-nationale-belmadi-parti-pour-un-nouveau-challenge\/","og_locale":"fr_FR","og_type":"article","og_title":"\u00c9quipe nationale\u00a0:\u00a0Belmadi parti pour un nouveau challenge - La Sentinelle","og_description":"Maintenant que tout est rentr\u00e9 dans l\u2019ordre, Belmadi s\u2019engage pour un nouveau challenge, qui sera, cette fois-ci, diff\u00e9rent de celui","og_url":"https:\/\/lasentinelle.dz\/index.php\/2022\/04\/25\/equipe-nationale-belmadi-parti-pour-un-nouveau-challenge\/","og_site_name":"La Sentinelle","article_publisher":"https:\/\/www.facebook.com\/La-Sentinelle-104059864394773","article_published_time":"2022-04-24T23:05:00+00:00","og_image":[{"width":1406,"height":900,"url":"https:\/\/lasentinelle.dz\/wp-content\/uploads\/2022\/04\/Belmadi-1.png","type":"image\/png"}],"author":"La Sentinelle","twitter_card":"summary_large_image","twitter_misc":{"\u00c9crit par":"La Sentinelle","Dur\u00e9e de lecture estim\u00e9e":"3 minutes"},"schema":{"@context":"https:\/\/schema.org","@graph":[{"@type":"Article","@id":"https:\/\/lasentinelle.dz\/index.php\/2022\/04\/25\/equipe-nationale-belmadi-parti-pour-un-nouveau-challenge\/#article","isPartOf":{"@id":"https:\/\/lasentinelle.dz\/index.php\/2022\/04\/25\/equipe-nationale-belmadi-parti-pour-un-nouveau-challenge\/"},"author":{"name":"La Sentinelle","@id":"https:\/\/lasentinelle.dz\/#\/schema\/person\/d865044e22e70a75174ce8bcad3acfb3"},"headline":"\u00c9quipe nationale\u00a0:\u00a0Belmadi parti pour un nouveau challenge","datePublished":"2022-04-24T23:05:00+00:00","mainEntityOfPage":{"@id":"https:\/\/lasentinelle.dz\/index.php\/2022\/04\/25\/equipe-nationale-belmadi-parti-pour-un-nouveau-challenge\/"},"wordCount":460,"commentCount":0,"publisher":{"@id":"https:\/\/lasentinelle.dz\/#organization"},"image":{"@id":"https:\/\/lasentinelle.dz\/index.php\/2022\/04\/25\/equipe-nationale-belmadi-parti-pour-un-nouveau-challenge\/#primaryimage"},"thumbnailUrl":"https:\/\/lasentinelle.dz\/wp-content\/uploads\/2022\/04\/Belmadi-1.png","articleSection":["\u00c0 la Une","Sports"],"inLanguage":"fr-FR","potentialAction":[{"@type":"CommentAction","name":"Comment","target":["https:\/\/lasentinelle.dz\/index.php\/2022\/04\/25\/equipe-nationale-belmadi-parti-pour-un-nouveau-challenge\/#respond"]}]},{"@type":"WebPage","@id":"https:\/\/lasentinelle.dz\/index.php\/2022\/04\/25\/equipe-nationale-belmadi-parti-pour-un-nouveau-challenge\/","url":"https:\/\/lasentinelle.dz\/index.php\/2022\/04\/25\/equipe-nationale-belmadi-parti-pour-un-nouveau-challenge\/","name":"\u00c9quipe nationale\u00a0:\u00a0Belmadi parti pour un nouveau challenge - La Sentinelle","isPartOf":{"@id":"https:\/\/lasentinelle.dz\/#website"},"primaryImageOfPage":{"@id":"https:\/\/lasentinelle.dz\/index.php\/2022\/04\/25\/equipe-nationale-belmadi-parti-pour-un-nouveau-challenge\/#primaryimage"},"image":{"@id":"https:\/\/lasentinelle.dz\/index.php\/2022\/04\/25\/equipe-nationale-belmadi-parti-pour-un-nouveau-challenge\/#primaryimage"},"thumbnailUrl":"https:\/\/lasentinelle.dz\/wp-content\/uploads\/2022\/04\/Belmadi-1.png","datePublished":"2022-04-24T23:05:00+00:00","breadcrumb":{"@id":"https:\/\/lasentinelle.dz\/index.php\/2022\/04\/25\/equipe-nationale-belmadi-parti-pour-un-nouveau-challenge\/#breadcrumb"},"inLanguage":"fr-FR","potentialAction":[{"@type":"ReadAction","target":["https:\/\/lasentinelle.dz\/index.php\/2022\/04\/25\/equipe-nationale-belmadi-parti-pour-un-nouveau-challenge\/"]}]},{"@type":"ImageObject","inLanguage":"fr-FR","@id":"https:\/\/lasentinelle.dz\/index.php\/2022\/04\/25\/equipe-nationale-belmadi-parti-pour-un-nouveau-challenge\/#primaryimage","url":"https:\/\/lasentinelle.dz\/wp-content\/uploads\/2022\/04\/Belmadi-1.png","contentUrl":"https:\/\/lasentinelle.dz\/wp-content\/uploads\/2022\/04\/Belmadi-1.png","width":1406,"height":900},{"@type":"BreadcrumbList","@id":"https:\/\/lasentinelle.dz\/index.php\/2022\/04\/25\/equipe-nationale-belmadi-parti-pour-un-nouveau-challenge\/#breadcrumb","itemListElement":[{"@type":"ListItem","position":1,"name":"Accueil","item":"https:\/\/lasentinelle.dz\/"},{"@type":"ListItem","position":2,"name":"\u00c9quipe nationale\u00a0:\u00a0Belmadi parti pour un nouveau challenge"}]},{"@type":"WebSite","@id":"https:\/\/lasentinelle.dz\/#website","url":"https:\/\/lasentinelle.dz\/","name":"La Sentinelle","description":"Quotidien national d&#039;information","publisher":{"@id":"https:\/\/lasentinelle.dz\/#organization"},"potentialAction":[{"@type":"SearchAction","target":{"@type":"EntryPoint","urlTemplate":"https:\/\/lasentinelle.dz\/?s={search_term_string}"},"query-input":{"@type":"PropertyValueSpecification","valueRequired":true,"valueName":"search_term_string"}}],"inLanguage":"fr-FR"},{"@type":"Organization","@id":"https:\/\/lasentinelle.dz\/#organization","name":"Quotidien La Sentinelle","url":"https:\/\/lasentinelle.dz\/","logo":{"@type":"ImageObject","inLanguage":"fr-FR","@id":"https:\/\/lasentinelle.dz\/#\/schema\/logo\/image\/","url":"https:\/\/lasentinelle.dz\/wp-content\/uploads\/2021\/09\/logo-sentinelleSLOGAN-1.png","contentUrl":"https:\/\/lasentinelle.dz\/wp-content\/uploads\/2021\/09\/logo-sentinelleSLOGAN-1.png","width":615,"height":142,"caption":"Quotidien La Sentinelle"},"image":{"@id":"https:\/\/lasentinelle.dz\/#\/schema\/logo\/image\/"},"sameAs":["https:\/\/www.facebook.com\/La-Sentinelle-104059864394773"]},{"@type":"Person","@id":"https:\/\/lasentinelle.dz\/#\/schema\/person\/d865044e22e70a75174ce8bcad3acfb3","name":"La Sentinelle","image":{"@type":"ImageObject","inLanguage":"fr-FR","@id":"https:\/\/secure.gravatar.com\/avatar\/57de8e5d4b15d43fb361a71fbb36338450fe67865b528a43dd10ef7c51a20392?s=96&d=mm&r=g","url":"https:\/\/secure.gravatar.com\/avatar\/57de8e5d4b15d43fb361a71fbb36338450fe67865b528a43dd10ef7c51a20392?s=96&d=mm&r=g","contentUrl":"https:\/\/secure.gravatar.com\/avatar\/57de8e5d4b15d43fb361a71fbb36338450fe67865b528a43dd10ef7c51a20392?s=96&d=mm&r=g","caption":"La Sentinelle"},"sameAs":["http:\/\/www.lasentinelle.dz"],"url":"https:\/\/lasentinelle.dz\/author\/redaction\/"}]}},"_links":{"self":[{"href":"https:\/\/lasentinelle.dz\/index.php\/wp-json\/wp\/v2\/posts\/20254","targetHints":{"allow":["GET"]}}],"collection":[{"href":"https:\/\/lasentinelle.dz\/index.php\/wp-json\/wp\/v2\/posts"}],"about":[{"href":"https:\/\/lasentinelle.dz\/index.php\/wp-json\/wp\/v2\/types\/post"}],"author":[{"embeddable":true,"href":"https:\/\/lasentinelle.dz\/index.php\/wp-json\/wp\/v2\/users\/3"}],"replies":[{"embeddable":true,"href":"https:\/\/lasentinelle.dz\/index.php\/wp-json\/wp\/v2\/comments?post=20254"}],"version-history":[{"count":1,"href":"https:\/\/lasentinelle.dz\/index.php\/wp-json\/wp\/v2\/posts\/20254\/revisions"}],"predecessor-version":[{"id":20259,"href":"https:\/\/lasentinelle.dz\/index.php\/wp-json\/wp\/v2\/posts\/20254\/revisions\/20259"}],"wp:featuredmedia":[{"embeddable":true,"href":"https:\/\/lasentinelle.dz\/index.php\/wp-json\/wp\/v2\/media\/20258"}],"wp:attachment":[{"href":"https:\/\/lasentinelle.dz\/index.php\/wp-json\/wp\/v2\/media?parent=20254"}],"wp:term":[{"taxonomy":"category","embeddable":true,"href":"https:\/\/lasentinelle.dz\/index.php\/wp-json\/wp\/v2\/categories?post=20254"},{"taxonomy":"post_tag","embeddable":true,"href":"https:\/\/lasentinelle.dz\/index.php\/wp-json\/wp\/v2\/tags?post=20254"}],"curies":[{"name":"wp","href":"https:\/\/api.w.org\/{rel}","templated":true}]}}