{"id":20266,"date":"2022-04-25T00:01:00","date_gmt":"2022-04-24T23:01:00","guid":{"rendered":"https:\/\/lasentinelle.dz\/?p=20266"},"modified":"2022-04-24T18:59:17","modified_gmt":"2022-04-24T17:59:17","slug":"abdelkader-soufi-chercheur-sur-les-questions-securitaires-lalgerie-reste-lun-des-meilleurs-soutiens-a-la-cause-palestinienne","status":"publish","type":"post","link":"https:\/\/lasentinelle.dz\/index.php\/2022\/04\/25\/abdelkader-soufi-chercheur-sur-les-questions-securitaires-lalgerie-reste-lun-des-meilleurs-soutiens-a-la-cause-palestinienne\/","title":{"rendered":"Abdelkader Soufi,\u00a0chercheur sur les questions s\u00e9curitaires\u00a0: \u00ab\u00a0L\u2019Alg\u00e9rie reste l\u2019un des meilleurs soutiens \u00e0 la cause palestinienne\u00a0\u00bb"},"content":{"rendered":"\n<p>Le&nbsp;chercheur sur les questions g\u00e9opolitiques et s\u00e9curitaires,&nbsp;&nbsp;Abdelkader Soufi a estim\u00e9&nbsp;hier&nbsp;que \u00ab l&rsquo;Alg\u00e9rie&nbsp;&nbsp;demeure un des premiers et meilleurs soutiens \u00e0 la cause palestinienne \u00bb.&nbsp;<\/p>\n\n\n\n<p>Via une valse diplomatique, l\u2019Alg\u00e9rie tente de \u00ab mobiliser un maximum d\u2019acteurs sur la sc\u00e8ne internationale pour mettre un terme \u00e0 l&rsquo;agression que subit le peuple palestinien \u00bb, a expliqu\u00e9 le chercheur lors d\u2019une intervention sur les ondes de la Radio alg\u00e9rienne.&nbsp;&nbsp;Toujours en faveur des droits des peuples \u00e0 se lib\u00e9rer et \u00e0 s\u2019autod\u00e9terminer, l\u2019Alg\u00e9rie, ajoute M. Soufi,&nbsp;\u00ab&nbsp;a multipli\u00e9 les efforts et les actions en faveur du peuple palestinien notamment par le lancement de plusieurs appels \u00e0 la communaut\u00e9 internationale \u00e0 l\u2019instar de l\u2019Union Africaine, la Ligue arabe,&nbsp;l\u2019Organisation de la Conf\u00e9rence islamique&nbsp;et \u00e9galement \u00e0 travers des pays non align\u00e9s ou&nbsp;elle&nbsp;est membre influant&nbsp;\u00bb.<\/p>\n\n\n\n<p>Dans ce contexte, Abdelkader Soufi rappelle&nbsp;\u00ab les diff\u00e9rentes visites ou&nbsp;&nbsp;d\u00e9placements du pr\u00e9sident de la R\u00e9publique et du chef de la diplomatie alg\u00e9rienne,&nbsp;&nbsp;mais aussi&nbsp;&nbsp;les entretiens avec&nbsp;certains chefs d&rsquo;\u00c9tat ou roi arabe&nbsp;qui&nbsp;ont toujours tourn\u00e9 autour de la possibilit\u00e9 de trouver un point commun entre l\u2019ensemble des acteurs \u00bb. D\u00e9plorant l\u2019absence d\u2019une volont\u00e9 politique chez certains pays arabes, M. Soufi estimera qu\u2019\u00ab il faut agir afin de pousser le&nbsp;Conseil de s\u00e9curit\u00e9 de prendre des mesures draconiennes, mais surtout palpables contre les agressions r\u00e9p\u00e9t\u00e9es de l\u2019entit\u00e9 sioniste \u00bb.<\/p>\n\n\n\n<p>Si l\u2019Alg\u00e9rie a cette possibilit\u00e9, explique-il, \u00ab c\u2019est que personne ne peut lui dicter ses positions, puisqu\u2019elle a h\u00e9rit\u00e9 d\u2019une forte&nbsp;position&nbsp;\u00e0 l\u2019international \u00bb. Une&nbsp;&nbsp;position, explique-t-il, qui impose le respect \u00e0 l\u2019international, que ce soit avec les grandes puissances mais aussi avec les pays arabes.<\/p>\n\n\n\n<p>Pour rappel, dans cette optique de soutien au peuple palestinien qui fait face depuis quelques jours \u00e0 la recrudescence des agressions de la part de l\u2019arm\u00e9e&nbsp;d\u2019occupationsioniste,&nbsp;&nbsp;le Pr\u00e9sident de la R\u00e9publique, Abdelmadjid Tebboune, a appel\u00e9 lundi pass\u00e9, la communaut\u00e9 internationale \u00e0 \u00ab\u00a0agir urgemment afin d&rsquo;assurer la protection n\u00e9cessaire aux civils palestiniens et \u00e0 leurs lieux saints conform\u00e9ment au droit international\u00a0\u00bb. Une position qui lui&nbsp;vaut&nbsp;d\u2019ailleurs la reconnaissance de l\u2019Autorit\u00e9 palestinienne qui, par la voix de son pr\u00e9sident Mahmoud Abbas, exprim\u00e9 ses remerciements \u00e0 l\u2019Alg\u00e9rie pour sa position \u00ab\u00a0constante et honorable\u00a0\u00bb \u00e0 l&rsquo;\u00e9gard de la cause palestinienne. Avant-hier samedi, c\u2019\u00e9tait au tours du premier vice-pr\u00e9sident de la Haute instance islamique de Palestine, Cheikh Youcef Djouma\u00e2 Salama de saluer la position historique de l&rsquo;Alg\u00e9rie de soutien \u00e0 la cause palestinienne et les efforts du pr\u00e9sident de la R\u00e9publique, M. Abdelmadjid Tebboune pour la cessation de l&rsquo;agression barbare contre la mosqu\u00e9e d&rsquo;Al Aqsa, la ville d&rsquo;El Qods et la Palestine.&nbsp;<\/p>\n\n\n\n<p><strong>Akli Amor<\/strong><\/p>\n","protected":false},"excerpt":{"rendered":"<p>Le&nbsp;chercheur sur les questions g\u00e9opolitiques et s\u00e9curitaires,&nbsp;&nbsp;Abdelkader Soufi a estim\u00e9&nbsp;hier&nbsp;que \u00ab l&rsquo;Alg\u00e9rie&nbsp;&nbsp;demeure un des premiers et meilleurs soutiens \u00e0 la<\/p>\n","protected":false},"author":3,"featured_media":20275,"comment_status":"open","ping_status":"closed","sticky":false,"template":"","format":"standard","meta":{"colormag_page_container_layout":"default_layout","colormag_page_sidebar_layout":"default_layout","om_disable_all_campaigns":false,"_monsterinsights_skip_tracking":false,"_monsterinsights_sitenote_active":false,"_monsterinsights_sitenote_note":"","_monsterinsights_sitenote_category":0,"footnotes":"","_wpscppro_dont_share_socialmedia":false,"_wpscppro_custom_social_share_image":0,"_facebook_share_type":"","_twitter_share_type":"","_linkedin_share_type":"","_pinterest_share_type":"","_linkedin_share_type_page":"","_instagram_share_type":"","_medium_share_type":"","_threads_share_type":"","_google_business_share_type":"","_selected_social_profile":[],"_wpsp_enable_custom_social_template":false,"_wpsp_social_scheduling":{"enabled":false,"datetime":null,"platforms":[],"status":"template_only","dateOption":"today","timeOption":"now","customDays":"","customHours":"","customDate":"","customTime":"","schedulingType":"absolute"},"_wpsp_active_default_template":true},"categories":[27],"tags":[],"class_list":["post-20266","post","type-post","status-publish","format-standard","has-post-thumbnail","hentry","category-actualite"],"aioseo_notices":[],"yoast_head":"<!-- This site is optimized with the Yoast SEO plugin v27.5 - https:\/\/yoast.com\/product\/yoast-seo-wordpress\/ -->\n<title>Abdelkader Soufi,\u00a0chercheur sur les questions s\u00e9curitaires\u00a0: \u00ab\u00a0L\u2019Alg\u00e9rie reste l\u2019un des meilleurs soutiens \u00e0 la cause palestinienne\u00a0\u00bb - La Sentinelle<\/title>\n<meta name=\"robots\" content=\"index, follow, max-snippet:-1, max-image-preview:large, max-video-preview:-1\" \/>\n<link rel=\"canonical\" href=\"https:\/\/lasentinelle.dz\/index.php\/2022\/04\/25\/abdelkader-soufi-chercheur-sur-les-questions-securitaires-lalgerie-reste-lun-des-meilleurs-soutiens-a-la-cause-palestinienne\/\" \/>\n<meta property=\"og:locale\" content=\"fr_FR\" \/>\n<meta property=\"og:type\" content=\"article\" \/>\n<meta property=\"og:title\" content=\"Abdelkader Soufi,\u00a0chercheur sur les questions s\u00e9curitaires\u00a0: \u00ab\u00a0L\u2019Alg\u00e9rie reste l\u2019un des meilleurs soutiens \u00e0 la cause palestinienne\u00a0\u00bb - La Sentinelle\" \/>\n<meta property=\"og:description\" content=\"Le&nbsp;chercheur sur les questions g\u00e9opolitiques et s\u00e9curitaires,&nbsp;&nbsp;Abdelkader Soufi a estim\u00e9&nbsp;hier&nbsp;que \u00ab l&rsquo;Alg\u00e9rie&nbsp;&nbsp;demeure un des premiers et meilleurs soutiens \u00e0 la\" \/>\n<meta property=\"og:url\" content=\"https:\/\/lasentinelle.dz\/index.php\/2022\/04\/25\/abdelkader-soufi-chercheur-sur-les-questions-securitaires-lalgerie-reste-lun-des-meilleurs-soutiens-a-la-cause-palestinienne\/\" \/>\n<meta property=\"og:site_name\" content=\"La Sentinelle\" \/>\n<meta property=\"article:publisher\" content=\"https:\/\/www.facebook.com\/La-Sentinelle-104059864394773\" \/>\n<meta property=\"article:published_time\" content=\"2022-04-24T23:01:00+00:00\" \/>\n<meta property=\"og:image\" content=\"https:\/\/lasentinelle.dz\/wp-content\/uploads\/2022\/04\/soufi.png\" \/>\n\t<meta property=\"og:image:width\" content=\"1427\" \/>\n\t<meta property=\"og:image:height\" content=\"900\" \/>\n\t<meta property=\"og:image:type\" content=\"image\/png\" \/>\n<meta name=\"author\" content=\"La Sentinelle\" \/>\n<meta name=\"twitter:card\" content=\"summary_large_image\" \/>\n<meta name=\"twitter:label1\" content=\"\u00c9crit par\" \/>\n\t<meta name=\"twitter:data1\" content=\"La Sentinelle\" \/>\n\t<meta name=\"twitter:label2\" content=\"Dur\u00e9e de lecture estim\u00e9e\" \/>\n\t<meta name=\"twitter:data2\" content=\"3 minutes\" \/>\n<script type=\"application\/ld+json\" class=\"yoast-schema-graph\">{\"@context\":\"https:\\\/\\\/schema.org\",\"@graph\":[{\"@type\":\"Article\",\"@id\":\"https:\\\/\\\/lasentinelle.dz\\\/index.php\\\/2022\\\/04\\\/25\\\/abdelkader-soufi-chercheur-sur-les-questions-securitaires-lalgerie-reste-lun-des-meilleurs-soutiens-a-la-cause-palestinienne\\\/#article\",\"isPartOf\":{\"@id\":\"https:\\\/\\\/lasentinelle.dz\\\/index.php\\\/2022\\\/04\\\/25\\\/abdelkader-soufi-chercheur-sur-les-questions-securitaires-lalgerie-reste-lun-des-meilleurs-soutiens-a-la-cause-palestinienne\\\/\"},\"author\":{\"name\":\"La Sentinelle\",\"@id\":\"https:\\\/\\\/lasentinelle.dz\\\/#\\\/schema\\\/person\\\/d865044e22e70a75174ce8bcad3acfb3\"},\"headline\":\"Abdelkader Soufi,\u00a0chercheur sur les questions s\u00e9curitaires\u00a0: \u00ab\u00a0L\u2019Alg\u00e9rie reste l\u2019un des meilleurs soutiens \u00e0 la cause palestinienne\u00a0\u00bb\",\"datePublished\":\"2022-04-24T23:01:00+00:00\",\"mainEntityOfPage\":{\"@id\":\"https:\\\/\\\/lasentinelle.dz\\\/index.php\\\/2022\\\/04\\\/25\\\/abdelkader-soufi-chercheur-sur-les-questions-securitaires-lalgerie-reste-lun-des-meilleurs-soutiens-a-la-cause-palestinienne\\\/\"},\"wordCount\":538,\"commentCount\":0,\"publisher\":{\"@id\":\"https:\\\/\\\/lasentinelle.dz\\\/#organization\"},\"image\":{\"@id\":\"https:\\\/\\\/lasentinelle.dz\\\/index.php\\\/2022\\\/04\\\/25\\\/abdelkader-soufi-chercheur-sur-les-questions-securitaires-lalgerie-reste-lun-des-meilleurs-soutiens-a-la-cause-palestinienne\\\/#primaryimage\"},\"thumbnailUrl\":\"https:\\\/\\\/lasentinelle.dz\\\/wp-content\\\/uploads\\\/2022\\\/04\\\/soufi.png\",\"articleSection\":[\"Actualit\u00e9\"],\"inLanguage\":\"fr-FR\",\"potentialAction\":[{\"@type\":\"CommentAction\",\"name\":\"Comment\",\"target\":[\"https:\\\/\\\/lasentinelle.dz\\\/index.php\\\/2022\\\/04\\\/25\\\/abdelkader-soufi-chercheur-sur-les-questions-securitaires-lalgerie-reste-lun-des-meilleurs-soutiens-a-la-cause-palestinienne\\\/#respond\"]}]},{\"@type\":\"WebPage\",\"@id\":\"https:\\\/\\\/lasentinelle.dz\\\/index.php\\\/2022\\\/04\\\/25\\\/abdelkader-soufi-chercheur-sur-les-questions-securitaires-lalgerie-reste-lun-des-meilleurs-soutiens-a-la-cause-palestinienne\\\/\",\"url\":\"https:\\\/\\\/lasentinelle.dz\\\/index.php\\\/2022\\\/04\\\/25\\\/abdelkader-soufi-chercheur-sur-les-questions-securitaires-lalgerie-reste-lun-des-meilleurs-soutiens-a-la-cause-palestinienne\\\/\",\"name\":\"Abdelkader Soufi,\u00a0chercheur sur les questions s\u00e9curitaires\u00a0: \u00ab\u00a0L\u2019Alg\u00e9rie reste l\u2019un des meilleurs soutiens \u00e0 la cause palestinienne\u00a0\u00bb - La Sentinelle\",\"isPartOf\":{\"@id\":\"https:\\\/\\\/lasentinelle.dz\\\/#website\"},\"primaryImageOfPage\":{\"@id\":\"https:\\\/\\\/lasentinelle.dz\\\/index.php\\\/2022\\\/04\\\/25\\\/abdelkader-soufi-chercheur-sur-les-questions-securitaires-lalgerie-reste-lun-des-meilleurs-soutiens-a-la-cause-palestinienne\\\/#primaryimage\"},\"image\":{\"@id\":\"https:\\\/\\\/lasentinelle.dz\\\/index.php\\\/2022\\\/04\\\/25\\\/abdelkader-soufi-chercheur-sur-les-questions-securitaires-lalgerie-reste-lun-des-meilleurs-soutiens-a-la-cause-palestinienne\\\/#primaryimage\"},\"thumbnailUrl\":\"https:\\\/\\\/lasentinelle.dz\\\/wp-content\\\/uploads\\\/2022\\\/04\\\/soufi.png\",\"datePublished\":\"2022-04-24T23:01:00+00:00\",\"breadcrumb\":{\"@id\":\"https:\\\/\\\/lasentinelle.dz\\\/index.php\\\/2022\\\/04\\\/25\\\/abdelkader-soufi-chercheur-sur-les-questions-securitaires-lalgerie-reste-lun-des-meilleurs-soutiens-a-la-cause-palestinienne\\\/#breadcrumb\"},\"inLanguage\":\"fr-FR\",\"potentialAction\":[{\"@type\":\"ReadAction\",\"target\":[\"https:\\\/\\\/lasentinelle.dz\\\/index.php\\\/2022\\\/04\\\/25\\\/abdelkader-soufi-chercheur-sur-les-questions-securitaires-lalgerie-reste-lun-des-meilleurs-soutiens-a-la-cause-palestinienne\\\/\"]}]},{\"@type\":\"ImageObject\",\"inLanguage\":\"fr-FR\",\"@id\":\"https:\\\/\\\/lasentinelle.dz\\\/index.php\\\/2022\\\/04\\\/25\\\/abdelkader-soufi-chercheur-sur-les-questions-securitaires-lalgerie-reste-lun-des-meilleurs-soutiens-a-la-cause-palestinienne\\\/#primaryimage\",\"url\":\"https:\\\/\\\/lasentinelle.dz\\\/wp-content\\\/uploads\\\/2022\\\/04\\\/soufi.png\",\"contentUrl\":\"https:\\\/\\\/lasentinelle.dz\\\/wp-content\\\/uploads\\\/2022\\\/04\\\/soufi.png\",\"width\":1427,\"height\":900},{\"@type\":\"BreadcrumbList\",\"@id\":\"https:\\\/\\\/lasentinelle.dz\\\/index.php\\\/2022\\\/04\\\/25\\\/abdelkader-soufi-chercheur-sur-les-questions-securitaires-lalgerie-reste-lun-des-meilleurs-soutiens-a-la-cause-palestinienne\\\/#breadcrumb\",\"itemListElement\":[{\"@type\":\"ListItem\",\"position\":1,\"name\":\"Accueil\",\"item\":\"https:\\\/\\\/lasentinelle.dz\\\/\"},{\"@type\":\"ListItem\",\"position\":2,\"name\":\"Abdelkader Soufi,\u00a0chercheur sur les questions s\u00e9curitaires\u00a0: \u00ab\u00a0L\u2019Alg\u00e9rie reste l\u2019un des meilleurs soutiens \u00e0 la cause palestinienne\u00a0\u00bb\"}]},{\"@type\":\"WebSite\",\"@id\":\"https:\\\/\\\/lasentinelle.dz\\\/#website\",\"url\":\"https:\\\/\\\/lasentinelle.dz\\\/\",\"name\":\"La Sentinelle\",\"description\":\"Quotidien national d&#039;information\",\"publisher\":{\"@id\":\"https:\\\/\\\/lasentinelle.dz\\\/#organization\"},\"potentialAction\":[{\"@type\":\"SearchAction\",\"target\":{\"@type\":\"EntryPoint\",\"urlTemplate\":\"https:\\\/\\\/lasentinelle.dz\\\/?s={search_term_string}\"},\"query-input\":{\"@type\":\"PropertyValueSpecification\",\"valueRequired\":true,\"valueName\":\"search_term_string\"}}],\"inLanguage\":\"fr-FR\"},{\"@type\":\"Organization\",\"@id\":\"https:\\\/\\\/lasentinelle.dz\\\/#organization\",\"name\":\"Quotidien La Sentinelle\",\"url\":\"https:\\\/\\\/lasentinelle.dz\\\/\",\"logo\":{\"@type\":\"ImageObject\",\"inLanguage\":\"fr-FR\",\"@id\":\"https:\\\/\\\/lasentinelle.dz\\\/#\\\/schema\\\/logo\\\/image\\\/\",\"url\":\"https:\\\/\\\/lasentinelle.dz\\\/wp-content\\\/uploads\\\/2021\\\/09\\\/logo-sentinelleSLOGAN-1.png\",\"contentUrl\":\"https:\\\/\\\/lasentinelle.dz\\\/wp-content\\\/uploads\\\/2021\\\/09\\\/logo-sentinelleSLOGAN-1.png\",\"width\":615,\"height\":142,\"caption\":\"Quotidien La Sentinelle\"},\"image\":{\"@id\":\"https:\\\/\\\/lasentinelle.dz\\\/#\\\/schema\\\/logo\\\/image\\\/\"},\"sameAs\":[\"https:\\\/\\\/www.facebook.com\\\/La-Sentinelle-104059864394773\"]},{\"@type\":\"Person\",\"@id\":\"https:\\\/\\\/lasentinelle.dz\\\/#\\\/schema\\\/person\\\/d865044e22e70a75174ce8bcad3acfb3\",\"name\":\"La Sentinelle\",\"image\":{\"@type\":\"ImageObject\",\"inLanguage\":\"fr-FR\",\"@id\":\"https:\\\/\\\/secure.gravatar.com\\\/avatar\\\/57de8e5d4b15d43fb361a71fbb36338450fe67865b528a43dd10ef7c51a20392?s=96&d=mm&r=g\",\"url\":\"https:\\\/\\\/secure.gravatar.com\\\/avatar\\\/57de8e5d4b15d43fb361a71fbb36338450fe67865b528a43dd10ef7c51a20392?s=96&d=mm&r=g\",\"contentUrl\":\"https:\\\/\\\/secure.gravatar.com\\\/avatar\\\/57de8e5d4b15d43fb361a71fbb36338450fe67865b528a43dd10ef7c51a20392?s=96&d=mm&r=g\",\"caption\":\"La Sentinelle\"},\"sameAs\":[\"http:\\\/\\\/www.lasentinelle.dz\"],\"url\":\"https:\\\/\\\/lasentinelle.dz\\\/author\\\/redaction\\\/\"}]}<\/script>\n<!-- \/ Yoast SEO plugin. -->","yoast_head_json":{"title":"Abdelkader Soufi,\u00a0chercheur sur les questions s\u00e9curitaires\u00a0: \u00ab\u00a0L\u2019Alg\u00e9rie reste l\u2019un des meilleurs soutiens \u00e0 la cause palestinienne\u00a0\u00bb - La Sentinelle","robots":{"index":"index","follow":"follow","max-snippet":"max-snippet:-1","max-image-preview":"max-image-preview:large","max-video-preview":"max-video-preview:-1"},"canonical":"https:\/\/lasentinelle.dz\/index.php\/2022\/04\/25\/abdelkader-soufi-chercheur-sur-les-questions-securitaires-lalgerie-reste-lun-des-meilleurs-soutiens-a-la-cause-palestinienne\/","og_locale":"fr_FR","og_type":"article","og_title":"Abdelkader Soufi,\u00a0chercheur sur les questions s\u00e9curitaires\u00a0: \u00ab\u00a0L\u2019Alg\u00e9rie reste l\u2019un des meilleurs soutiens \u00e0 la cause palestinienne\u00a0\u00bb - La Sentinelle","og_description":"Le&nbsp;chercheur sur les questions g\u00e9opolitiques et s\u00e9curitaires,&nbsp;&nbsp;Abdelkader Soufi a estim\u00e9&nbsp;hier&nbsp;que \u00ab l&rsquo;Alg\u00e9rie&nbsp;&nbsp;demeure un des premiers et meilleurs soutiens \u00e0 la","og_url":"https:\/\/lasentinelle.dz\/index.php\/2022\/04\/25\/abdelkader-soufi-chercheur-sur-les-questions-securitaires-lalgerie-reste-lun-des-meilleurs-soutiens-a-la-cause-palestinienne\/","og_site_name":"La Sentinelle","article_publisher":"https:\/\/www.facebook.com\/La-Sentinelle-104059864394773","article_published_time":"2022-04-24T23:01:00+00:00","og_image":[{"width":1427,"height":900,"url":"https:\/\/lasentinelle.dz\/wp-content\/uploads\/2022\/04\/soufi.png","type":"image\/png"}],"author":"La Sentinelle","twitter_card":"summary_large_image","twitter_misc":{"\u00c9crit par":"La Sentinelle","Dur\u00e9e de lecture estim\u00e9e":"3 minutes"},"schema":{"@context":"https:\/\/schema.org","@graph":[{"@type":"Article","@id":"https:\/\/lasentinelle.dz\/index.php\/2022\/04\/25\/abdelkader-soufi-chercheur-sur-les-questions-securitaires-lalgerie-reste-lun-des-meilleurs-soutiens-a-la-cause-palestinienne\/#article","isPartOf":{"@id":"https:\/\/lasentinelle.dz\/index.php\/2022\/04\/25\/abdelkader-soufi-chercheur-sur-les-questions-securitaires-lalgerie-reste-lun-des-meilleurs-soutiens-a-la-cause-palestinienne\/"},"author":{"name":"La Sentinelle","@id":"https:\/\/lasentinelle.dz\/#\/schema\/person\/d865044e22e70a75174ce8bcad3acfb3"},"headline":"Abdelkader Soufi,\u00a0chercheur sur les questions s\u00e9curitaires\u00a0: \u00ab\u00a0L\u2019Alg\u00e9rie reste l\u2019un des meilleurs soutiens \u00e0 la cause palestinienne\u00a0\u00bb","datePublished":"2022-04-24T23:01:00+00:00","mainEntityOfPage":{"@id":"https:\/\/lasentinelle.dz\/index.php\/2022\/04\/25\/abdelkader-soufi-chercheur-sur-les-questions-securitaires-lalgerie-reste-lun-des-meilleurs-soutiens-a-la-cause-palestinienne\/"},"wordCount":538,"commentCount":0,"publisher":{"@id":"https:\/\/lasentinelle.dz\/#organization"},"image":{"@id":"https:\/\/lasentinelle.dz\/index.php\/2022\/04\/25\/abdelkader-soufi-chercheur-sur-les-questions-securitaires-lalgerie-reste-lun-des-meilleurs-soutiens-a-la-cause-palestinienne\/#primaryimage"},"thumbnailUrl":"https:\/\/lasentinelle.dz\/wp-content\/uploads\/2022\/04\/soufi.png","articleSection":["Actualit\u00e9"],"inLanguage":"fr-FR","potentialAction":[{"@type":"CommentAction","name":"Comment","target":["https:\/\/lasentinelle.dz\/index.php\/2022\/04\/25\/abdelkader-soufi-chercheur-sur-les-questions-securitaires-lalgerie-reste-lun-des-meilleurs-soutiens-a-la-cause-palestinienne\/#respond"]}]},{"@type":"WebPage","@id":"https:\/\/lasentinelle.dz\/index.php\/2022\/04\/25\/abdelkader-soufi-chercheur-sur-les-questions-securitaires-lalgerie-reste-lun-des-meilleurs-soutiens-a-la-cause-palestinienne\/","url":"https:\/\/lasentinelle.dz\/index.php\/2022\/04\/25\/abdelkader-soufi-chercheur-sur-les-questions-securitaires-lalgerie-reste-lun-des-meilleurs-soutiens-a-la-cause-palestinienne\/","name":"Abdelkader Soufi,\u00a0chercheur sur les questions s\u00e9curitaires\u00a0: \u00ab\u00a0L\u2019Alg\u00e9rie reste l\u2019un des meilleurs soutiens \u00e0 la cause palestinienne\u00a0\u00bb - La Sentinelle","isPartOf":{"@id":"https:\/\/lasentinelle.dz\/#website"},"primaryImageOfPage":{"@id":"https:\/\/lasentinelle.dz\/index.php\/2022\/04\/25\/abdelkader-soufi-chercheur-sur-les-questions-securitaires-lalgerie-reste-lun-des-meilleurs-soutiens-a-la-cause-palestinienne\/#primaryimage"},"image":{"@id":"https:\/\/lasentinelle.dz\/index.php\/2022\/04\/25\/abdelkader-soufi-chercheur-sur-les-questions-securitaires-lalgerie-reste-lun-des-meilleurs-soutiens-a-la-cause-palestinienne\/#primaryimage"},"thumbnailUrl":"https:\/\/lasentinelle.dz\/wp-content\/uploads\/2022\/04\/soufi.png","datePublished":"2022-04-24T23:01:00+00:00","breadcrumb":{"@id":"https:\/\/lasentinelle.dz\/index.php\/2022\/04\/25\/abdelkader-soufi-chercheur-sur-les-questions-securitaires-lalgerie-reste-lun-des-meilleurs-soutiens-a-la-cause-palestinienne\/#breadcrumb"},"inLanguage":"fr-FR","potentialAction":[{"@type":"ReadAction","target":["https:\/\/lasentinelle.dz\/index.php\/2022\/04\/25\/abdelkader-soufi-chercheur-sur-les-questions-securitaires-lalgerie-reste-lun-des-meilleurs-soutiens-a-la-cause-palestinienne\/"]}]},{"@type":"ImageObject","inLanguage":"fr-FR","@id":"https:\/\/lasentinelle.dz\/index.php\/2022\/04\/25\/abdelkader-soufi-chercheur-sur-les-questions-securitaires-lalgerie-reste-lun-des-meilleurs-soutiens-a-la-cause-palestinienne\/#primaryimage","url":"https:\/\/lasentinelle.dz\/wp-content\/uploads\/2022\/04\/soufi.png","contentUrl":"https:\/\/lasentinelle.dz\/wp-content\/uploads\/2022\/04\/soufi.png","width":1427,"height":900},{"@type":"BreadcrumbList","@id":"https:\/\/lasentinelle.dz\/index.php\/2022\/04\/25\/abdelkader-soufi-chercheur-sur-les-questions-securitaires-lalgerie-reste-lun-des-meilleurs-soutiens-a-la-cause-palestinienne\/#breadcrumb","itemListElement":[{"@type":"ListItem","position":1,"name":"Accueil","item":"https:\/\/lasentinelle.dz\/"},{"@type":"ListItem","position":2,"name":"Abdelkader Soufi,\u00a0chercheur sur les questions s\u00e9curitaires\u00a0: \u00ab\u00a0L\u2019Alg\u00e9rie reste l\u2019un des meilleurs soutiens \u00e0 la cause palestinienne\u00a0\u00bb"}]},{"@type":"WebSite","@id":"https:\/\/lasentinelle.dz\/#website","url":"https:\/\/lasentinelle.dz\/","name":"La Sentinelle","description":"Quotidien national d&#039;information","publisher":{"@id":"https:\/\/lasentinelle.dz\/#organization"},"potentialAction":[{"@type":"SearchAction","target":{"@type":"EntryPoint","urlTemplate":"https:\/\/lasentinelle.dz\/?s={search_term_string}"},"query-input":{"@type":"PropertyValueSpecification","valueRequired":true,"valueName":"search_term_string"}}],"inLanguage":"fr-FR"},{"@type":"Organization","@id":"https:\/\/lasentinelle.dz\/#organization","name":"Quotidien La Sentinelle","url":"https:\/\/lasentinelle.dz\/","logo":{"@type":"ImageObject","inLanguage":"fr-FR","@id":"https:\/\/lasentinelle.dz\/#\/schema\/logo\/image\/","url":"https:\/\/lasentinelle.dz\/wp-content\/uploads\/2021\/09\/logo-sentinelleSLOGAN-1.png","contentUrl":"https:\/\/lasentinelle.dz\/wp-content\/uploads\/2021\/09\/logo-sentinelleSLOGAN-1.png","width":615,"height":142,"caption":"Quotidien La Sentinelle"},"image":{"@id":"https:\/\/lasentinelle.dz\/#\/schema\/logo\/image\/"},"sameAs":["https:\/\/www.facebook.com\/La-Sentinelle-104059864394773"]},{"@type":"Person","@id":"https:\/\/lasentinelle.dz\/#\/schema\/person\/d865044e22e70a75174ce8bcad3acfb3","name":"La Sentinelle","image":{"@type":"ImageObject","inLanguage":"fr-FR","@id":"https:\/\/secure.gravatar.com\/avatar\/57de8e5d4b15d43fb361a71fbb36338450fe67865b528a43dd10ef7c51a20392?s=96&d=mm&r=g","url":"https:\/\/secure.gravatar.com\/avatar\/57de8e5d4b15d43fb361a71fbb36338450fe67865b528a43dd10ef7c51a20392?s=96&d=mm&r=g","contentUrl":"https:\/\/secure.gravatar.com\/avatar\/57de8e5d4b15d43fb361a71fbb36338450fe67865b528a43dd10ef7c51a20392?s=96&d=mm&r=g","caption":"La Sentinelle"},"sameAs":["http:\/\/www.lasentinelle.dz"],"url":"https:\/\/lasentinelle.dz\/author\/redaction\/"}]}},"_links":{"self":[{"href":"https:\/\/lasentinelle.dz\/index.php\/wp-json\/wp\/v2\/posts\/20266","targetHints":{"allow":["GET"]}}],"collection":[{"href":"https:\/\/lasentinelle.dz\/index.php\/wp-json\/wp\/v2\/posts"}],"about":[{"href":"https:\/\/lasentinelle.dz\/index.php\/wp-json\/wp\/v2\/types\/post"}],"author":[{"embeddable":true,"href":"https:\/\/lasentinelle.dz\/index.php\/wp-json\/wp\/v2\/users\/3"}],"replies":[{"embeddable":true,"href":"https:\/\/lasentinelle.dz\/index.php\/wp-json\/wp\/v2\/comments?post=20266"}],"version-history":[{"count":1,"href":"https:\/\/lasentinelle.dz\/index.php\/wp-json\/wp\/v2\/posts\/20266\/revisions"}],"predecessor-version":[{"id":20276,"href":"https:\/\/lasentinelle.dz\/index.php\/wp-json\/wp\/v2\/posts\/20266\/revisions\/20276"}],"wp:featuredmedia":[{"embeddable":true,"href":"https:\/\/lasentinelle.dz\/index.php\/wp-json\/wp\/v2\/media\/20275"}],"wp:attachment":[{"href":"https:\/\/lasentinelle.dz\/index.php\/wp-json\/wp\/v2\/media?parent=20266"}],"wp:term":[{"taxonomy":"category","embeddable":true,"href":"https:\/\/lasentinelle.dz\/index.php\/wp-json\/wp\/v2\/categories?post=20266"},{"taxonomy":"post_tag","embeddable":true,"href":"https:\/\/lasentinelle.dz\/index.php\/wp-json\/wp\/v2\/tags?post=20266"}],"curies":[{"name":"wp","href":"https:\/\/api.w.org\/{rel}","templated":true}]}}