{"id":20300,"date":"2022-04-26T00:01:00","date_gmt":"2022-04-25T23:01:00","guid":{"rendered":"https:\/\/lasentinelle.dz\/?p=20300"},"modified":"2022-04-25T16:15:17","modified_gmt":"2022-04-25T15:15:17","slug":"revirement-sur-la-question-sahraouie-rien-ne-va-plus-pour-le-gouvernement-sanchez","status":"publish","type":"post","link":"https:\/\/lasentinelle.dz\/index.php\/2022\/04\/26\/revirement-sur-la-question-sahraouie-rien-ne-va-plus-pour-le-gouvernement-sanchez\/","title":{"rendered":"Revirement sur la question sahraouie\u00a0: Rien ne va plus pour le Gouvernement Sanchez"},"content":{"rendered":"\n<p>Le Gouvernement de Pedro Sanchez est sous le feu des critiques en Espagne depuis son revirement non assum\u00e9 sur la question du Sahara occidental, consid\u00e9r\u00e9e par les partis d\u2019opposition comme un acte de soumission au Makhzen.&nbsp;<\/p>\n\n\n\n<p>La classe politique espagnole, dans son ensemble, condamne une d\u00e9cision qui rompt clairement avec sa position historique de neutralit\u00e9, et reproche \u00e0 Pedro Sanchez une d\u00e9cision incompr\u00e9hensible et irr\u00e9fl\u00e9chie qui lui a valu une brouille diplomatique avec Alger. Une d\u00e9cision que les m\u00e9dias espagnols de cessent de critiquer, sur fond de rapprochement gazier entre Alger et Rome, consid\u00e9rant que l\u2019\u00e9tourderie de Sanchez a fait perdre \u00e0 l\u2019Espagne une opportunit\u00e9 de jouer un r\u00f4le majeur sur le march\u00e9 gazier europ\u00e9en.<\/p>\n\n\n\n<p>Les Espagnols consid\u00e8rent surtout ce revirement comme un acte d\u2019abdication et de soumission au Makhzen, d\u2019autant que le gouvernement Sanchez n\u2019a rien obtenu en contrepartie de ce revirement sur le statut des enclaves de Ceuta et Mellila. C\u2019est dans ce contexte que le parti espagnol Vox a accus\u00e9 le Premier ministre Pedro Sanchez de \u00ab\u00a0soumission\u00a0\u00bb au Maroc, en s&rsquo;abstenant de demander l&rsquo;inclusion des enclaves de Ceuta et Melilla dans l&rsquo;Otan, sur&nbsp;\u00ab&nbsp;fond d&rsquo;atteinte \u00e0 l&rsquo;int\u00e9grit\u00e9 territoriale que subit constamment l\u2019Espagne avec les invasions de migrants dans ces villes autonomes&nbsp;\u00bb, ont rapport\u00e9 des m\u00e9dias locaux.&nbsp;La d\u00e9put\u00e9e Vox de Ceuta, Teresa Lopez, a soulign\u00e9 que le Maroc a permis \u00ab\u00a0une v\u00e9ritable invasion migratoire ill\u00e9gale \u00e0 partir de son territoire\u00a0\u00bb, dont l&rsquo;objectif n&rsquo;est autre que \u00ab\u00a0de faire pression sur l&rsquo;Espagne pour qu&rsquo;elle agisse en faveur de ses int\u00e9r\u00eats\u00a0\u00bb, ajoute la m\u00eame source.<\/p>\n\n\n\n<p>En mars dernier, Vox avait d\u00e9j\u00e0 r\u00e9it\u00e9r\u00e9 sa volont\u00e9 de relancer sa demande de placer les deux villes de Ceuta et Melilla sous la protection de l&rsquo;Otan.&nbsp;Cette formation politique avait alors indiqu\u00e9 que cet objectif passait par une modification de l&rsquo;article 6 du Trait\u00e9 de l&rsquo;Atlantique nord, du 4 avril 1949, \u00ab\u00a0afin d&rsquo;inclure, explicitement, les villes espagnoles en Afrique du Nord de Ceuta et Melilla\u00a0\u00bb dans le champ d&rsquo;action de l&rsquo;organisation politico-militaire.&nbsp;Le parti avait notamment cit\u00e9 l&rsquo;afflux migratoire enregistr\u00e9 les 17 et 18 mai 2021, quand des milliers de candidats \u00e0 l&rsquo;\u00e9migration, dont de nombreux jeunes, s&rsquo;\u00e9taient pr\u00e9cipit\u00e9s ill\u00e9galement dans l&rsquo;enclave de Ceuta, avec la complicit\u00e9 des garde-fronti\u00e8res marocains.&nbsp;En deux jours, jusqu&rsquo;\u00e0 12.000 migrants ont travers\u00e9 la fronti\u00e8re de l&rsquo;enclave espagnole, \u00ab\u00a0engloutissant\u00a0\u00bb la ville de 80.000 habitants.&nbsp;La plupart ont \u00e9t\u00e9 refoul\u00e9s mais plus de 1.000 mineurs marocains y sont rest\u00e9s. Selon Madrid, parmi les migrants, 1.500 \u00e9taient des mineurs, alors que l&rsquo;ONG Amnesty International avance le chiffre de 2.000.&nbsp;Suite \u00e0 cet incident sans pr\u00e9c\u00e9dent, le Parlement europ\u00e9en a adopt\u00e9 une r\u00e9solution dans laquelle il a \u00ab\u00a0rejet\u00e9 l&rsquo;utilisation par le Maroc des mineurs non accompagn\u00e9s, comme moyen de pression politique sur un Etat membre de l&rsquo;Union europ\u00e9enne\u00a0\u00bb.<\/p>\n\n\n\n<p><strong>Chokri Hafed avec APS<\/strong><\/p>\n","protected":false},"excerpt":{"rendered":"<p>Le Gouvernement de Pedro Sanchez est sous le feu des critiques en Espagne depuis son revirement non assum\u00e9 sur la<\/p>\n","protected":false},"author":3,"featured_media":18591,"comment_status":"open","ping_status":"closed","sticky":false,"template":"","format":"standard","meta":{"colormag_page_container_layout":"default_layout","colormag_page_sidebar_layout":"default_layout","om_disable_all_campaigns":false,"_monsterinsights_skip_tracking":false,"_monsterinsights_sitenote_active":false,"_monsterinsights_sitenote_note":"","_monsterinsights_sitenote_category":0,"footnotes":"","_wpscppro_dont_share_socialmedia":false,"_wpscppro_custom_social_share_image":0,"_facebook_share_type":"","_twitter_share_type":"","_linkedin_share_type":"","_pinterest_share_type":"","_linkedin_share_type_page":"","_instagram_share_type":"","_medium_share_type":"","_threads_share_type":"","_google_business_share_type":"","_selected_social_profile":[],"_wpsp_enable_custom_social_template":false,"_wpsp_social_scheduling":{"enabled":false,"datetime":null,"platforms":[],"status":"template_only","dateOption":"today","timeOption":"now","customDays":"","customHours":"","customDate":"","customTime":"","schedulingType":"absolute"},"_wpsp_active_default_template":true},"categories":[37],"tags":[],"class_list":["post-20300","post","type-post","status-publish","format-standard","has-post-thumbnail","hentry","category-monde"],"aioseo_notices":[],"yoast_head":"<!-- This site is optimized with the Yoast SEO plugin v27.5 - https:\/\/yoast.com\/product\/yoast-seo-wordpress\/ -->\n<title>Revirement sur la question sahraouie\u00a0: Rien ne va plus pour le Gouvernement Sanchez - La Sentinelle<\/title>\n<meta name=\"robots\" content=\"index, follow, max-snippet:-1, max-image-preview:large, max-video-preview:-1\" \/>\n<link rel=\"canonical\" href=\"https:\/\/lasentinelle.dz\/index.php\/2022\/04\/26\/revirement-sur-la-question-sahraouie-rien-ne-va-plus-pour-le-gouvernement-sanchez\/\" \/>\n<meta property=\"og:locale\" content=\"fr_FR\" \/>\n<meta property=\"og:type\" content=\"article\" \/>\n<meta property=\"og:title\" content=\"Revirement sur la question sahraouie\u00a0: Rien ne va plus pour le Gouvernement Sanchez - La Sentinelle\" \/>\n<meta property=\"og:description\" content=\"Le Gouvernement de Pedro Sanchez est sous le feu des critiques en Espagne depuis son revirement non assum\u00e9 sur la\" \/>\n<meta property=\"og:url\" content=\"https:\/\/lasentinelle.dz\/index.php\/2022\/04\/26\/revirement-sur-la-question-sahraouie-rien-ne-va-plus-pour-le-gouvernement-sanchez\/\" \/>\n<meta property=\"og:site_name\" content=\"La Sentinelle\" \/>\n<meta property=\"article:publisher\" content=\"https:\/\/www.facebook.com\/La-Sentinelle-104059864394773\" \/>\n<meta property=\"article:published_time\" content=\"2022-04-25T23:01:00+00:00\" \/>\n<meta property=\"og:image\" content=\"https:\/\/lasentinelle.dz\/wp-content\/uploads\/2022\/03\/sanchez-Une.png\" \/>\n\t<meta property=\"og:image:width\" content=\"1335\" \/>\n\t<meta property=\"og:image:height\" content=\"900\" \/>\n\t<meta property=\"og:image:type\" content=\"image\/png\" \/>\n<meta name=\"author\" content=\"La Sentinelle\" \/>\n<meta name=\"twitter:card\" content=\"summary_large_image\" \/>\n<meta name=\"twitter:label1\" content=\"\u00c9crit par\" \/>\n\t<meta name=\"twitter:data1\" content=\"La Sentinelle\" \/>\n\t<meta name=\"twitter:label2\" content=\"Dur\u00e9e de lecture estim\u00e9e\" \/>\n\t<meta name=\"twitter:data2\" content=\"3 minutes\" \/>\n<script type=\"application\/ld+json\" class=\"yoast-schema-graph\">{\"@context\":\"https:\\\/\\\/schema.org\",\"@graph\":[{\"@type\":\"Article\",\"@id\":\"https:\\\/\\\/lasentinelle.dz\\\/index.php\\\/2022\\\/04\\\/26\\\/revirement-sur-la-question-sahraouie-rien-ne-va-plus-pour-le-gouvernement-sanchez\\\/#article\",\"isPartOf\":{\"@id\":\"https:\\\/\\\/lasentinelle.dz\\\/index.php\\\/2022\\\/04\\\/26\\\/revirement-sur-la-question-sahraouie-rien-ne-va-plus-pour-le-gouvernement-sanchez\\\/\"},\"author\":{\"name\":\"La Sentinelle\",\"@id\":\"https:\\\/\\\/lasentinelle.dz\\\/#\\\/schema\\\/person\\\/d865044e22e70a75174ce8bcad3acfb3\"},\"headline\":\"Revirement sur la question sahraouie\u00a0: Rien ne va plus pour le Gouvernement Sanchez\",\"datePublished\":\"2022-04-25T23:01:00+00:00\",\"mainEntityOfPage\":{\"@id\":\"https:\\\/\\\/lasentinelle.dz\\\/index.php\\\/2022\\\/04\\\/26\\\/revirement-sur-la-question-sahraouie-rien-ne-va-plus-pour-le-gouvernement-sanchez\\\/\"},\"wordCount\":535,\"commentCount\":0,\"publisher\":{\"@id\":\"https:\\\/\\\/lasentinelle.dz\\\/#organization\"},\"image\":{\"@id\":\"https:\\\/\\\/lasentinelle.dz\\\/index.php\\\/2022\\\/04\\\/26\\\/revirement-sur-la-question-sahraouie-rien-ne-va-plus-pour-le-gouvernement-sanchez\\\/#primaryimage\"},\"thumbnailUrl\":\"https:\\\/\\\/lasentinelle.dz\\\/wp-content\\\/uploads\\\/2022\\\/03\\\/sanchez-Une.png\",\"articleSection\":[\"Monde\"],\"inLanguage\":\"fr-FR\",\"potentialAction\":[{\"@type\":\"CommentAction\",\"name\":\"Comment\",\"target\":[\"https:\\\/\\\/lasentinelle.dz\\\/index.php\\\/2022\\\/04\\\/26\\\/revirement-sur-la-question-sahraouie-rien-ne-va-plus-pour-le-gouvernement-sanchez\\\/#respond\"]}]},{\"@type\":\"WebPage\",\"@id\":\"https:\\\/\\\/lasentinelle.dz\\\/index.php\\\/2022\\\/04\\\/26\\\/revirement-sur-la-question-sahraouie-rien-ne-va-plus-pour-le-gouvernement-sanchez\\\/\",\"url\":\"https:\\\/\\\/lasentinelle.dz\\\/index.php\\\/2022\\\/04\\\/26\\\/revirement-sur-la-question-sahraouie-rien-ne-va-plus-pour-le-gouvernement-sanchez\\\/\",\"name\":\"Revirement sur la question sahraouie\u00a0: Rien ne va plus pour le Gouvernement Sanchez - La Sentinelle\",\"isPartOf\":{\"@id\":\"https:\\\/\\\/lasentinelle.dz\\\/#website\"},\"primaryImageOfPage\":{\"@id\":\"https:\\\/\\\/lasentinelle.dz\\\/index.php\\\/2022\\\/04\\\/26\\\/revirement-sur-la-question-sahraouie-rien-ne-va-plus-pour-le-gouvernement-sanchez\\\/#primaryimage\"},\"image\":{\"@id\":\"https:\\\/\\\/lasentinelle.dz\\\/index.php\\\/2022\\\/04\\\/26\\\/revirement-sur-la-question-sahraouie-rien-ne-va-plus-pour-le-gouvernement-sanchez\\\/#primaryimage\"},\"thumbnailUrl\":\"https:\\\/\\\/lasentinelle.dz\\\/wp-content\\\/uploads\\\/2022\\\/03\\\/sanchez-Une.png\",\"datePublished\":\"2022-04-25T23:01:00+00:00\",\"breadcrumb\":{\"@id\":\"https:\\\/\\\/lasentinelle.dz\\\/index.php\\\/2022\\\/04\\\/26\\\/revirement-sur-la-question-sahraouie-rien-ne-va-plus-pour-le-gouvernement-sanchez\\\/#breadcrumb\"},\"inLanguage\":\"fr-FR\",\"potentialAction\":[{\"@type\":\"ReadAction\",\"target\":[\"https:\\\/\\\/lasentinelle.dz\\\/index.php\\\/2022\\\/04\\\/26\\\/revirement-sur-la-question-sahraouie-rien-ne-va-plus-pour-le-gouvernement-sanchez\\\/\"]}]},{\"@type\":\"ImageObject\",\"inLanguage\":\"fr-FR\",\"@id\":\"https:\\\/\\\/lasentinelle.dz\\\/index.php\\\/2022\\\/04\\\/26\\\/revirement-sur-la-question-sahraouie-rien-ne-va-plus-pour-le-gouvernement-sanchez\\\/#primaryimage\",\"url\":\"https:\\\/\\\/lasentinelle.dz\\\/wp-content\\\/uploads\\\/2022\\\/03\\\/sanchez-Une.png\",\"contentUrl\":\"https:\\\/\\\/lasentinelle.dz\\\/wp-content\\\/uploads\\\/2022\\\/03\\\/sanchez-Une.png\",\"width\":1335,\"height\":900},{\"@type\":\"BreadcrumbList\",\"@id\":\"https:\\\/\\\/lasentinelle.dz\\\/index.php\\\/2022\\\/04\\\/26\\\/revirement-sur-la-question-sahraouie-rien-ne-va-plus-pour-le-gouvernement-sanchez\\\/#breadcrumb\",\"itemListElement\":[{\"@type\":\"ListItem\",\"position\":1,\"name\":\"Accueil\",\"item\":\"https:\\\/\\\/lasentinelle.dz\\\/\"},{\"@type\":\"ListItem\",\"position\":2,\"name\":\"Revirement sur la question sahraouie\u00a0: Rien ne va plus pour le Gouvernement Sanchez\"}]},{\"@type\":\"WebSite\",\"@id\":\"https:\\\/\\\/lasentinelle.dz\\\/#website\",\"url\":\"https:\\\/\\\/lasentinelle.dz\\\/\",\"name\":\"La Sentinelle\",\"description\":\"Quotidien national d&#039;information\",\"publisher\":{\"@id\":\"https:\\\/\\\/lasentinelle.dz\\\/#organization\"},\"potentialAction\":[{\"@type\":\"SearchAction\",\"target\":{\"@type\":\"EntryPoint\",\"urlTemplate\":\"https:\\\/\\\/lasentinelle.dz\\\/?s={search_term_string}\"},\"query-input\":{\"@type\":\"PropertyValueSpecification\",\"valueRequired\":true,\"valueName\":\"search_term_string\"}}],\"inLanguage\":\"fr-FR\"},{\"@type\":\"Organization\",\"@id\":\"https:\\\/\\\/lasentinelle.dz\\\/#organization\",\"name\":\"Quotidien La Sentinelle\",\"url\":\"https:\\\/\\\/lasentinelle.dz\\\/\",\"logo\":{\"@type\":\"ImageObject\",\"inLanguage\":\"fr-FR\",\"@id\":\"https:\\\/\\\/lasentinelle.dz\\\/#\\\/schema\\\/logo\\\/image\\\/\",\"url\":\"https:\\\/\\\/lasentinelle.dz\\\/wp-content\\\/uploads\\\/2021\\\/09\\\/logo-sentinelleSLOGAN-1.png\",\"contentUrl\":\"https:\\\/\\\/lasentinelle.dz\\\/wp-content\\\/uploads\\\/2021\\\/09\\\/logo-sentinelleSLOGAN-1.png\",\"width\":615,\"height\":142,\"caption\":\"Quotidien La Sentinelle\"},\"image\":{\"@id\":\"https:\\\/\\\/lasentinelle.dz\\\/#\\\/schema\\\/logo\\\/image\\\/\"},\"sameAs\":[\"https:\\\/\\\/www.facebook.com\\\/La-Sentinelle-104059864394773\"]},{\"@type\":\"Person\",\"@id\":\"https:\\\/\\\/lasentinelle.dz\\\/#\\\/schema\\\/person\\\/d865044e22e70a75174ce8bcad3acfb3\",\"name\":\"La Sentinelle\",\"image\":{\"@type\":\"ImageObject\",\"inLanguage\":\"fr-FR\",\"@id\":\"https:\\\/\\\/secure.gravatar.com\\\/avatar\\\/57de8e5d4b15d43fb361a71fbb36338450fe67865b528a43dd10ef7c51a20392?s=96&d=mm&r=g\",\"url\":\"https:\\\/\\\/secure.gravatar.com\\\/avatar\\\/57de8e5d4b15d43fb361a71fbb36338450fe67865b528a43dd10ef7c51a20392?s=96&d=mm&r=g\",\"contentUrl\":\"https:\\\/\\\/secure.gravatar.com\\\/avatar\\\/57de8e5d4b15d43fb361a71fbb36338450fe67865b528a43dd10ef7c51a20392?s=96&d=mm&r=g\",\"caption\":\"La Sentinelle\"},\"sameAs\":[\"http:\\\/\\\/www.lasentinelle.dz\"],\"url\":\"https:\\\/\\\/lasentinelle.dz\\\/author\\\/redaction\\\/\"}]}<\/script>\n<!-- \/ Yoast SEO plugin. -->","yoast_head_json":{"title":"Revirement sur la question sahraouie\u00a0: Rien ne va plus pour le Gouvernement Sanchez - La Sentinelle","robots":{"index":"index","follow":"follow","max-snippet":"max-snippet:-1","max-image-preview":"max-image-preview:large","max-video-preview":"max-video-preview:-1"},"canonical":"https:\/\/lasentinelle.dz\/index.php\/2022\/04\/26\/revirement-sur-la-question-sahraouie-rien-ne-va-plus-pour-le-gouvernement-sanchez\/","og_locale":"fr_FR","og_type":"article","og_title":"Revirement sur la question sahraouie\u00a0: Rien ne va plus pour le Gouvernement Sanchez - La Sentinelle","og_description":"Le Gouvernement de Pedro Sanchez est sous le feu des critiques en Espagne depuis son revirement non assum\u00e9 sur la","og_url":"https:\/\/lasentinelle.dz\/index.php\/2022\/04\/26\/revirement-sur-la-question-sahraouie-rien-ne-va-plus-pour-le-gouvernement-sanchez\/","og_site_name":"La Sentinelle","article_publisher":"https:\/\/www.facebook.com\/La-Sentinelle-104059864394773","article_published_time":"2022-04-25T23:01:00+00:00","og_image":[{"width":1335,"height":900,"url":"https:\/\/lasentinelle.dz\/wp-content\/uploads\/2022\/03\/sanchez-Une.png","type":"image\/png"}],"author":"La Sentinelle","twitter_card":"summary_large_image","twitter_misc":{"\u00c9crit par":"La Sentinelle","Dur\u00e9e de lecture estim\u00e9e":"3 minutes"},"schema":{"@context":"https:\/\/schema.org","@graph":[{"@type":"Article","@id":"https:\/\/lasentinelle.dz\/index.php\/2022\/04\/26\/revirement-sur-la-question-sahraouie-rien-ne-va-plus-pour-le-gouvernement-sanchez\/#article","isPartOf":{"@id":"https:\/\/lasentinelle.dz\/index.php\/2022\/04\/26\/revirement-sur-la-question-sahraouie-rien-ne-va-plus-pour-le-gouvernement-sanchez\/"},"author":{"name":"La Sentinelle","@id":"https:\/\/lasentinelle.dz\/#\/schema\/person\/d865044e22e70a75174ce8bcad3acfb3"},"headline":"Revirement sur la question sahraouie\u00a0: Rien ne va plus pour le Gouvernement Sanchez","datePublished":"2022-04-25T23:01:00+00:00","mainEntityOfPage":{"@id":"https:\/\/lasentinelle.dz\/index.php\/2022\/04\/26\/revirement-sur-la-question-sahraouie-rien-ne-va-plus-pour-le-gouvernement-sanchez\/"},"wordCount":535,"commentCount":0,"publisher":{"@id":"https:\/\/lasentinelle.dz\/#organization"},"image":{"@id":"https:\/\/lasentinelle.dz\/index.php\/2022\/04\/26\/revirement-sur-la-question-sahraouie-rien-ne-va-plus-pour-le-gouvernement-sanchez\/#primaryimage"},"thumbnailUrl":"https:\/\/lasentinelle.dz\/wp-content\/uploads\/2022\/03\/sanchez-Une.png","articleSection":["Monde"],"inLanguage":"fr-FR","potentialAction":[{"@type":"CommentAction","name":"Comment","target":["https:\/\/lasentinelle.dz\/index.php\/2022\/04\/26\/revirement-sur-la-question-sahraouie-rien-ne-va-plus-pour-le-gouvernement-sanchez\/#respond"]}]},{"@type":"WebPage","@id":"https:\/\/lasentinelle.dz\/index.php\/2022\/04\/26\/revirement-sur-la-question-sahraouie-rien-ne-va-plus-pour-le-gouvernement-sanchez\/","url":"https:\/\/lasentinelle.dz\/index.php\/2022\/04\/26\/revirement-sur-la-question-sahraouie-rien-ne-va-plus-pour-le-gouvernement-sanchez\/","name":"Revirement sur la question sahraouie\u00a0: Rien ne va plus pour le Gouvernement Sanchez - La Sentinelle","isPartOf":{"@id":"https:\/\/lasentinelle.dz\/#website"},"primaryImageOfPage":{"@id":"https:\/\/lasentinelle.dz\/index.php\/2022\/04\/26\/revirement-sur-la-question-sahraouie-rien-ne-va-plus-pour-le-gouvernement-sanchez\/#primaryimage"},"image":{"@id":"https:\/\/lasentinelle.dz\/index.php\/2022\/04\/26\/revirement-sur-la-question-sahraouie-rien-ne-va-plus-pour-le-gouvernement-sanchez\/#primaryimage"},"thumbnailUrl":"https:\/\/lasentinelle.dz\/wp-content\/uploads\/2022\/03\/sanchez-Une.png","datePublished":"2022-04-25T23:01:00+00:00","breadcrumb":{"@id":"https:\/\/lasentinelle.dz\/index.php\/2022\/04\/26\/revirement-sur-la-question-sahraouie-rien-ne-va-plus-pour-le-gouvernement-sanchez\/#breadcrumb"},"inLanguage":"fr-FR","potentialAction":[{"@type":"ReadAction","target":["https:\/\/lasentinelle.dz\/index.php\/2022\/04\/26\/revirement-sur-la-question-sahraouie-rien-ne-va-plus-pour-le-gouvernement-sanchez\/"]}]},{"@type":"ImageObject","inLanguage":"fr-FR","@id":"https:\/\/lasentinelle.dz\/index.php\/2022\/04\/26\/revirement-sur-la-question-sahraouie-rien-ne-va-plus-pour-le-gouvernement-sanchez\/#primaryimage","url":"https:\/\/lasentinelle.dz\/wp-content\/uploads\/2022\/03\/sanchez-Une.png","contentUrl":"https:\/\/lasentinelle.dz\/wp-content\/uploads\/2022\/03\/sanchez-Une.png","width":1335,"height":900},{"@type":"BreadcrumbList","@id":"https:\/\/lasentinelle.dz\/index.php\/2022\/04\/26\/revirement-sur-la-question-sahraouie-rien-ne-va-plus-pour-le-gouvernement-sanchez\/#breadcrumb","itemListElement":[{"@type":"ListItem","position":1,"name":"Accueil","item":"https:\/\/lasentinelle.dz\/"},{"@type":"ListItem","position":2,"name":"Revirement sur la question sahraouie\u00a0: Rien ne va plus pour le Gouvernement Sanchez"}]},{"@type":"WebSite","@id":"https:\/\/lasentinelle.dz\/#website","url":"https:\/\/lasentinelle.dz\/","name":"La Sentinelle","description":"Quotidien national d&#039;information","publisher":{"@id":"https:\/\/lasentinelle.dz\/#organization"},"potentialAction":[{"@type":"SearchAction","target":{"@type":"EntryPoint","urlTemplate":"https:\/\/lasentinelle.dz\/?s={search_term_string}"},"query-input":{"@type":"PropertyValueSpecification","valueRequired":true,"valueName":"search_term_string"}}],"inLanguage":"fr-FR"},{"@type":"Organization","@id":"https:\/\/lasentinelle.dz\/#organization","name":"Quotidien La Sentinelle","url":"https:\/\/lasentinelle.dz\/","logo":{"@type":"ImageObject","inLanguage":"fr-FR","@id":"https:\/\/lasentinelle.dz\/#\/schema\/logo\/image\/","url":"https:\/\/lasentinelle.dz\/wp-content\/uploads\/2021\/09\/logo-sentinelleSLOGAN-1.png","contentUrl":"https:\/\/lasentinelle.dz\/wp-content\/uploads\/2021\/09\/logo-sentinelleSLOGAN-1.png","width":615,"height":142,"caption":"Quotidien La Sentinelle"},"image":{"@id":"https:\/\/lasentinelle.dz\/#\/schema\/logo\/image\/"},"sameAs":["https:\/\/www.facebook.com\/La-Sentinelle-104059864394773"]},{"@type":"Person","@id":"https:\/\/lasentinelle.dz\/#\/schema\/person\/d865044e22e70a75174ce8bcad3acfb3","name":"La Sentinelle","image":{"@type":"ImageObject","inLanguage":"fr-FR","@id":"https:\/\/secure.gravatar.com\/avatar\/57de8e5d4b15d43fb361a71fbb36338450fe67865b528a43dd10ef7c51a20392?s=96&d=mm&r=g","url":"https:\/\/secure.gravatar.com\/avatar\/57de8e5d4b15d43fb361a71fbb36338450fe67865b528a43dd10ef7c51a20392?s=96&d=mm&r=g","contentUrl":"https:\/\/secure.gravatar.com\/avatar\/57de8e5d4b15d43fb361a71fbb36338450fe67865b528a43dd10ef7c51a20392?s=96&d=mm&r=g","caption":"La Sentinelle"},"sameAs":["http:\/\/www.lasentinelle.dz"],"url":"https:\/\/lasentinelle.dz\/author\/redaction\/"}]}},"_links":{"self":[{"href":"https:\/\/lasentinelle.dz\/index.php\/wp-json\/wp\/v2\/posts\/20300","targetHints":{"allow":["GET"]}}],"collection":[{"href":"https:\/\/lasentinelle.dz\/index.php\/wp-json\/wp\/v2\/posts"}],"about":[{"href":"https:\/\/lasentinelle.dz\/index.php\/wp-json\/wp\/v2\/types\/post"}],"author":[{"embeddable":true,"href":"https:\/\/lasentinelle.dz\/index.php\/wp-json\/wp\/v2\/users\/3"}],"replies":[{"embeddable":true,"href":"https:\/\/lasentinelle.dz\/index.php\/wp-json\/wp\/v2\/comments?post=20300"}],"version-history":[{"count":1,"href":"https:\/\/lasentinelle.dz\/index.php\/wp-json\/wp\/v2\/posts\/20300\/revisions"}],"predecessor-version":[{"id":20318,"href":"https:\/\/lasentinelle.dz\/index.php\/wp-json\/wp\/v2\/posts\/20300\/revisions\/20318"}],"wp:featuredmedia":[{"embeddable":true,"href":"https:\/\/lasentinelle.dz\/index.php\/wp-json\/wp\/v2\/media\/18591"}],"wp:attachment":[{"href":"https:\/\/lasentinelle.dz\/index.php\/wp-json\/wp\/v2\/media?parent=20300"}],"wp:term":[{"taxonomy":"category","embeddable":true,"href":"https:\/\/lasentinelle.dz\/index.php\/wp-json\/wp\/v2\/categories?post=20300"},{"taxonomy":"post_tag","embeddable":true,"href":"https:\/\/lasentinelle.dz\/index.php\/wp-json\/wp\/v2\/tags?post=20300"}],"curies":[{"name":"wp","href":"https:\/\/api.w.org\/{rel}","templated":true}]}}