{"id":20310,"date":"2022-04-26T00:05:00","date_gmt":"2022-04-25T23:05:00","guid":{"rendered":"https:\/\/lasentinelle.dz\/?p=20310"},"modified":"2022-04-25T23:41:35","modified_gmt":"2022-04-25T22:41:35","slug":"djamel-belmadi-recreer-une-autre-dynamique-de-travail","status":"publish","type":"post","link":"https:\/\/lasentinelle.dz\/index.php\/2022\/04\/26\/djamel-belmadi-recreer-une-autre-dynamique-de-travail\/","title":{"rendered":"Djamel Belmadi\u00a0:\u00a0\u00ab Recr\u00e9er une autre dynamique de travail \u00bb \u00a0"},"content":{"rendered":"\n<p>Voil\u00e0 que le dossier est clos et le s\u00e9lectionneur national, Djamel Belmadi, part pour un autre challenge avec l\u2019Equipe nationale.&nbsp;&nbsp;<\/p>\n\n\n\n<p>Dimanche, il a lui-m\u00eame confirm\u00e9 l\u2019information dans une d\u00e9claration \u00e0 FAF-TV. \u00ab J\u2019ai d\u00e9cid\u00e9 de continuer ma mission. J&rsquo;ai soumis \u00e0 mes responsables l&rsquo;opportunit\u00e9 de mettre fin \u00e0 mon contrat, mais cette proposition n&rsquo;a pas \u00e9t\u00e9 accept\u00e9e \u00bb, a-t-il dit, lui qui consid\u00e8re la date du 29 mars 2022, jour de l\u2019\u00e9limination de la Coupe du Monde 2022, comme un \u00ab drame footballistique \u00bb. \u00ab Au cours de cette seconde manche, il y a eu deux hommes de match: l&rsquo;arbitre Gassama et le portier camerounais Onana, auteurs de plusieurs arr\u00eats. Nous avons fond\u00e9 beaucoup d&rsquo;espoir d\u00e8s la signature de mon contrat qui cours jusqu&rsquo;en d\u00e9cembre 2022,&nbsp;&nbsp;notamment la qualification au Mondial qui constituait un objectif&nbsp;&nbsp;primordial pour nous. Maintenant, nous allons essayer de donner un nouveau souffle \u00e0 ce groupe et recr\u00e9er une autre dynamique de travail \u00bb, poursuit-il.&nbsp;&nbsp;Belmadi a annonc\u00e9, par ailleurs, l&rsquo;arriv\u00e9e de nouveaux joueurs, en vue des prochaines \u00e9ch\u00e9ances, \u00e0 commencer par les qualifications de la CAN-2023 : \u00ab Il va y avoir av\u00e8nement de joueurs qui vont devoir faire comme leurs pr\u00e9d\u00e9cesseurs. J&rsquo;appelle les joueurs qui vont nous rejoindre \u00e0 \u00eatre dans cet m\u00eame \u00e9tat d&rsquo;esprit et montrer qu&rsquo;il ont le niveau pour aller faire de grandes choses, mais je ne suis pas l\u00e0 pour offrir des cadeaux. \u00bb Evoquant la d\u00e9cision de d\u00e9m\u00e9nager du stade Mustapha-Tchaker de Blida et choisir le nouveau stade d&rsquo;Oran pour abriter les prochains matchs&nbsp;&nbsp;des&nbsp;&nbsp;Verts,&nbsp;&nbsp;Belmadi dira : \u00ab l&rsquo;objectif \u00e9tait toujours de jouer un peu&nbsp;&nbsp;partout, afin de profiter de notre public. C&rsquo;\u00e9tait pr\u00e9vu d&rsquo;aller \u00e0 Oran bien avant ce match face \u00e0 l&rsquo;Ouganda, car nous savons qu&rsquo;il allait \u00eatre pr\u00eat, surtout qu&rsquo;il va abriter les Jeux m\u00e9diterran\u00e9ens. Nous allons disputer \u00e0 Oran un,&nbsp;&nbsp;deux, ou trois matchs, le temps que les autres stades soient pr\u00eats. \u00bb<\/p>\n\n\n\n<p><strong>Abderrahim Mahious&nbsp;&nbsp;&nbsp;<\/strong><\/p>\n","protected":false},"excerpt":{"rendered":"<p>Voil\u00e0 que le dossier est clos et le s\u00e9lectionneur national, Djamel Belmadi, part pour un autre challenge avec l\u2019Equipe nationale.&nbsp;&nbsp;<\/p>\n","protected":false},"author":3,"featured_media":20357,"comment_status":"open","ping_status":"closed","sticky":false,"template":"","format":"standard","meta":{"colormag_page_container_layout":"default_layout","colormag_page_sidebar_layout":"default_layout","om_disable_all_campaigns":false,"_monsterinsights_skip_tracking":false,"_monsterinsights_sitenote_active":false,"_monsterinsights_sitenote_note":"","_monsterinsights_sitenote_category":0,"footnotes":"","_wpscppro_dont_share_socialmedia":false,"_wpscppro_custom_social_share_image":0,"_facebook_share_type":"","_twitter_share_type":"","_linkedin_share_type":"","_pinterest_share_type":"","_linkedin_share_type_page":"","_instagram_share_type":"","_medium_share_type":"","_threads_share_type":"","_google_business_share_type":"","_selected_social_profile":[],"_wpsp_enable_custom_social_template":false,"_wpsp_social_scheduling":{"enabled":false,"datetime":null,"platforms":[],"status":"template_only","dateOption":"today","timeOption":"now","customDays":"","customHours":"","customDate":"","customTime":"","schedulingType":"absolute"},"_wpsp_active_default_template":true},"categories":[52,33],"tags":[],"class_list":["post-20310","post","type-post","status-publish","format-standard","has-post-thumbnail","hentry","category-a-la-une","category-sports"],"aioseo_notices":[],"yoast_head":"<!-- This site is optimized with the Yoast SEO plugin v27.5 - https:\/\/yoast.com\/product\/yoast-seo-wordpress\/ -->\n<title>Djamel Belmadi\u00a0:\u00a0\u00ab Recr\u00e9er une autre dynamique de travail \u00bb \u00a0 - La Sentinelle<\/title>\n<meta name=\"robots\" content=\"index, follow, max-snippet:-1, max-image-preview:large, max-video-preview:-1\" \/>\n<link rel=\"canonical\" href=\"https:\/\/lasentinelle.dz\/index.php\/2022\/04\/26\/djamel-belmadi-recreer-une-autre-dynamique-de-travail\/\" \/>\n<meta property=\"og:locale\" content=\"fr_FR\" \/>\n<meta property=\"og:type\" content=\"article\" \/>\n<meta property=\"og:title\" content=\"Djamel Belmadi\u00a0:\u00a0\u00ab Recr\u00e9er une autre dynamique de travail \u00bb \u00a0 - La Sentinelle\" \/>\n<meta property=\"og:description\" content=\"Voil\u00e0 que le dossier est clos et le s\u00e9lectionneur national, Djamel Belmadi, part pour un autre challenge avec l\u2019Equipe nationale.&nbsp;&nbsp;\" \/>\n<meta property=\"og:url\" content=\"https:\/\/lasentinelle.dz\/index.php\/2022\/04\/26\/djamel-belmadi-recreer-une-autre-dynamique-de-travail\/\" \/>\n<meta property=\"og:site_name\" content=\"La Sentinelle\" \/>\n<meta property=\"article:publisher\" content=\"https:\/\/www.facebook.com\/La-Sentinelle-104059864394773\" \/>\n<meta property=\"article:published_time\" content=\"2022-04-25T23:05:00+00:00\" \/>\n<meta property=\"og:image\" content=\"https:\/\/lasentinelle.dz\/wp-content\/uploads\/2022\/04\/belmadi-1-1.png\" \/>\n\t<meta property=\"og:image:width\" content=\"1600\" \/>\n\t<meta property=\"og:image:height\" content=\"900\" \/>\n\t<meta property=\"og:image:type\" content=\"image\/png\" \/>\n<meta name=\"author\" content=\"La Sentinelle\" \/>\n<meta name=\"twitter:card\" content=\"summary_large_image\" \/>\n<meta name=\"twitter:label1\" content=\"\u00c9crit par\" \/>\n\t<meta name=\"twitter:data1\" content=\"La Sentinelle\" \/>\n\t<meta name=\"twitter:label2\" content=\"Dur\u00e9e de lecture estim\u00e9e\" \/>\n\t<meta name=\"twitter:data2\" content=\"2 minutes\" \/>\n<script type=\"application\/ld+json\" class=\"yoast-schema-graph\">{\"@context\":\"https:\\\/\\\/schema.org\",\"@graph\":[{\"@type\":\"Article\",\"@id\":\"https:\\\/\\\/lasentinelle.dz\\\/index.php\\\/2022\\\/04\\\/26\\\/djamel-belmadi-recreer-une-autre-dynamique-de-travail\\\/#article\",\"isPartOf\":{\"@id\":\"https:\\\/\\\/lasentinelle.dz\\\/index.php\\\/2022\\\/04\\\/26\\\/djamel-belmadi-recreer-une-autre-dynamique-de-travail\\\/\"},\"author\":{\"name\":\"La Sentinelle\",\"@id\":\"https:\\\/\\\/lasentinelle.dz\\\/#\\\/schema\\\/person\\\/d865044e22e70a75174ce8bcad3acfb3\"},\"headline\":\"Djamel Belmadi\u00a0:\u00a0\u00ab Recr\u00e9er une autre dynamique de travail \u00bb \u00a0\",\"datePublished\":\"2022-04-25T23:05:00+00:00\",\"mainEntityOfPage\":{\"@id\":\"https:\\\/\\\/lasentinelle.dz\\\/index.php\\\/2022\\\/04\\\/26\\\/djamel-belmadi-recreer-une-autre-dynamique-de-travail\\\/\"},\"wordCount\":372,\"commentCount\":0,\"publisher\":{\"@id\":\"https:\\\/\\\/lasentinelle.dz\\\/#organization\"},\"image\":{\"@id\":\"https:\\\/\\\/lasentinelle.dz\\\/index.php\\\/2022\\\/04\\\/26\\\/djamel-belmadi-recreer-une-autre-dynamique-de-travail\\\/#primaryimage\"},\"thumbnailUrl\":\"https:\\\/\\\/lasentinelle.dz\\\/wp-content\\\/uploads\\\/2022\\\/04\\\/belmadi-1-1.png\",\"articleSection\":[\"\u00c0 la Une\",\"Sports\"],\"inLanguage\":\"fr-FR\",\"potentialAction\":[{\"@type\":\"CommentAction\",\"name\":\"Comment\",\"target\":[\"https:\\\/\\\/lasentinelle.dz\\\/index.php\\\/2022\\\/04\\\/26\\\/djamel-belmadi-recreer-une-autre-dynamique-de-travail\\\/#respond\"]}]},{\"@type\":\"WebPage\",\"@id\":\"https:\\\/\\\/lasentinelle.dz\\\/index.php\\\/2022\\\/04\\\/26\\\/djamel-belmadi-recreer-une-autre-dynamique-de-travail\\\/\",\"url\":\"https:\\\/\\\/lasentinelle.dz\\\/index.php\\\/2022\\\/04\\\/26\\\/djamel-belmadi-recreer-une-autre-dynamique-de-travail\\\/\",\"name\":\"Djamel Belmadi\u00a0:\u00a0\u00ab Recr\u00e9er une autre dynamique de travail \u00bb \u00a0 - La Sentinelle\",\"isPartOf\":{\"@id\":\"https:\\\/\\\/lasentinelle.dz\\\/#website\"},\"primaryImageOfPage\":{\"@id\":\"https:\\\/\\\/lasentinelle.dz\\\/index.php\\\/2022\\\/04\\\/26\\\/djamel-belmadi-recreer-une-autre-dynamique-de-travail\\\/#primaryimage\"},\"image\":{\"@id\":\"https:\\\/\\\/lasentinelle.dz\\\/index.php\\\/2022\\\/04\\\/26\\\/djamel-belmadi-recreer-une-autre-dynamique-de-travail\\\/#primaryimage\"},\"thumbnailUrl\":\"https:\\\/\\\/lasentinelle.dz\\\/wp-content\\\/uploads\\\/2022\\\/04\\\/belmadi-1-1.png\",\"datePublished\":\"2022-04-25T23:05:00+00:00\",\"breadcrumb\":{\"@id\":\"https:\\\/\\\/lasentinelle.dz\\\/index.php\\\/2022\\\/04\\\/26\\\/djamel-belmadi-recreer-une-autre-dynamique-de-travail\\\/#breadcrumb\"},\"inLanguage\":\"fr-FR\",\"potentialAction\":[{\"@type\":\"ReadAction\",\"target\":[\"https:\\\/\\\/lasentinelle.dz\\\/index.php\\\/2022\\\/04\\\/26\\\/djamel-belmadi-recreer-une-autre-dynamique-de-travail\\\/\"]}]},{\"@type\":\"ImageObject\",\"inLanguage\":\"fr-FR\",\"@id\":\"https:\\\/\\\/lasentinelle.dz\\\/index.php\\\/2022\\\/04\\\/26\\\/djamel-belmadi-recreer-une-autre-dynamique-de-travail\\\/#primaryimage\",\"url\":\"https:\\\/\\\/lasentinelle.dz\\\/wp-content\\\/uploads\\\/2022\\\/04\\\/belmadi-1-1.png\",\"contentUrl\":\"https:\\\/\\\/lasentinelle.dz\\\/wp-content\\\/uploads\\\/2022\\\/04\\\/belmadi-1-1.png\",\"width\":1600,\"height\":900},{\"@type\":\"BreadcrumbList\",\"@id\":\"https:\\\/\\\/lasentinelle.dz\\\/index.php\\\/2022\\\/04\\\/26\\\/djamel-belmadi-recreer-une-autre-dynamique-de-travail\\\/#breadcrumb\",\"itemListElement\":[{\"@type\":\"ListItem\",\"position\":1,\"name\":\"Accueil\",\"item\":\"https:\\\/\\\/lasentinelle.dz\\\/\"},{\"@type\":\"ListItem\",\"position\":2,\"name\":\"Djamel Belmadi\u00a0:\u00a0\u00ab Recr\u00e9er une autre dynamique de travail \u00bb \u00a0\"}]},{\"@type\":\"WebSite\",\"@id\":\"https:\\\/\\\/lasentinelle.dz\\\/#website\",\"url\":\"https:\\\/\\\/lasentinelle.dz\\\/\",\"name\":\"La Sentinelle\",\"description\":\"Quotidien national d&#039;information\",\"publisher\":{\"@id\":\"https:\\\/\\\/lasentinelle.dz\\\/#organization\"},\"potentialAction\":[{\"@type\":\"SearchAction\",\"target\":{\"@type\":\"EntryPoint\",\"urlTemplate\":\"https:\\\/\\\/lasentinelle.dz\\\/?s={search_term_string}\"},\"query-input\":{\"@type\":\"PropertyValueSpecification\",\"valueRequired\":true,\"valueName\":\"search_term_string\"}}],\"inLanguage\":\"fr-FR\"},{\"@type\":\"Organization\",\"@id\":\"https:\\\/\\\/lasentinelle.dz\\\/#organization\",\"name\":\"Quotidien La Sentinelle\",\"url\":\"https:\\\/\\\/lasentinelle.dz\\\/\",\"logo\":{\"@type\":\"ImageObject\",\"inLanguage\":\"fr-FR\",\"@id\":\"https:\\\/\\\/lasentinelle.dz\\\/#\\\/schema\\\/logo\\\/image\\\/\",\"url\":\"https:\\\/\\\/lasentinelle.dz\\\/wp-content\\\/uploads\\\/2021\\\/09\\\/logo-sentinelleSLOGAN-1.png\",\"contentUrl\":\"https:\\\/\\\/lasentinelle.dz\\\/wp-content\\\/uploads\\\/2021\\\/09\\\/logo-sentinelleSLOGAN-1.png\",\"width\":615,\"height\":142,\"caption\":\"Quotidien La Sentinelle\"},\"image\":{\"@id\":\"https:\\\/\\\/lasentinelle.dz\\\/#\\\/schema\\\/logo\\\/image\\\/\"},\"sameAs\":[\"https:\\\/\\\/www.facebook.com\\\/La-Sentinelle-104059864394773\"]},{\"@type\":\"Person\",\"@id\":\"https:\\\/\\\/lasentinelle.dz\\\/#\\\/schema\\\/person\\\/d865044e22e70a75174ce8bcad3acfb3\",\"name\":\"La Sentinelle\",\"image\":{\"@type\":\"ImageObject\",\"inLanguage\":\"fr-FR\",\"@id\":\"https:\\\/\\\/secure.gravatar.com\\\/avatar\\\/57de8e5d4b15d43fb361a71fbb36338450fe67865b528a43dd10ef7c51a20392?s=96&d=mm&r=g\",\"url\":\"https:\\\/\\\/secure.gravatar.com\\\/avatar\\\/57de8e5d4b15d43fb361a71fbb36338450fe67865b528a43dd10ef7c51a20392?s=96&d=mm&r=g\",\"contentUrl\":\"https:\\\/\\\/secure.gravatar.com\\\/avatar\\\/57de8e5d4b15d43fb361a71fbb36338450fe67865b528a43dd10ef7c51a20392?s=96&d=mm&r=g\",\"caption\":\"La Sentinelle\"},\"sameAs\":[\"http:\\\/\\\/www.lasentinelle.dz\"],\"url\":\"https:\\\/\\\/lasentinelle.dz\\\/author\\\/redaction\\\/\"}]}<\/script>\n<!-- \/ Yoast SEO plugin. -->","yoast_head_json":{"title":"Djamel Belmadi\u00a0:\u00a0\u00ab Recr\u00e9er une autre dynamique de travail \u00bb \u00a0 - La Sentinelle","robots":{"index":"index","follow":"follow","max-snippet":"max-snippet:-1","max-image-preview":"max-image-preview:large","max-video-preview":"max-video-preview:-1"},"canonical":"https:\/\/lasentinelle.dz\/index.php\/2022\/04\/26\/djamel-belmadi-recreer-une-autre-dynamique-de-travail\/","og_locale":"fr_FR","og_type":"article","og_title":"Djamel Belmadi\u00a0:\u00a0\u00ab Recr\u00e9er une autre dynamique de travail \u00bb \u00a0 - La Sentinelle","og_description":"Voil\u00e0 que le dossier est clos et le s\u00e9lectionneur national, Djamel Belmadi, part pour un autre challenge avec l\u2019Equipe nationale.&nbsp;&nbsp;","og_url":"https:\/\/lasentinelle.dz\/index.php\/2022\/04\/26\/djamel-belmadi-recreer-une-autre-dynamique-de-travail\/","og_site_name":"La Sentinelle","article_publisher":"https:\/\/www.facebook.com\/La-Sentinelle-104059864394773","article_published_time":"2022-04-25T23:05:00+00:00","og_image":[{"width":1600,"height":900,"url":"https:\/\/lasentinelle.dz\/wp-content\/uploads\/2022\/04\/belmadi-1-1.png","type":"image\/png"}],"author":"La Sentinelle","twitter_card":"summary_large_image","twitter_misc":{"\u00c9crit par":"La Sentinelle","Dur\u00e9e de lecture estim\u00e9e":"2 minutes"},"schema":{"@context":"https:\/\/schema.org","@graph":[{"@type":"Article","@id":"https:\/\/lasentinelle.dz\/index.php\/2022\/04\/26\/djamel-belmadi-recreer-une-autre-dynamique-de-travail\/#article","isPartOf":{"@id":"https:\/\/lasentinelle.dz\/index.php\/2022\/04\/26\/djamel-belmadi-recreer-une-autre-dynamique-de-travail\/"},"author":{"name":"La Sentinelle","@id":"https:\/\/lasentinelle.dz\/#\/schema\/person\/d865044e22e70a75174ce8bcad3acfb3"},"headline":"Djamel Belmadi\u00a0:\u00a0\u00ab Recr\u00e9er une autre dynamique de travail \u00bb \u00a0","datePublished":"2022-04-25T23:05:00+00:00","mainEntityOfPage":{"@id":"https:\/\/lasentinelle.dz\/index.php\/2022\/04\/26\/djamel-belmadi-recreer-une-autre-dynamique-de-travail\/"},"wordCount":372,"commentCount":0,"publisher":{"@id":"https:\/\/lasentinelle.dz\/#organization"},"image":{"@id":"https:\/\/lasentinelle.dz\/index.php\/2022\/04\/26\/djamel-belmadi-recreer-une-autre-dynamique-de-travail\/#primaryimage"},"thumbnailUrl":"https:\/\/lasentinelle.dz\/wp-content\/uploads\/2022\/04\/belmadi-1-1.png","articleSection":["\u00c0 la Une","Sports"],"inLanguage":"fr-FR","potentialAction":[{"@type":"CommentAction","name":"Comment","target":["https:\/\/lasentinelle.dz\/index.php\/2022\/04\/26\/djamel-belmadi-recreer-une-autre-dynamique-de-travail\/#respond"]}]},{"@type":"WebPage","@id":"https:\/\/lasentinelle.dz\/index.php\/2022\/04\/26\/djamel-belmadi-recreer-une-autre-dynamique-de-travail\/","url":"https:\/\/lasentinelle.dz\/index.php\/2022\/04\/26\/djamel-belmadi-recreer-une-autre-dynamique-de-travail\/","name":"Djamel Belmadi\u00a0:\u00a0\u00ab Recr\u00e9er une autre dynamique de travail \u00bb \u00a0 - La Sentinelle","isPartOf":{"@id":"https:\/\/lasentinelle.dz\/#website"},"primaryImageOfPage":{"@id":"https:\/\/lasentinelle.dz\/index.php\/2022\/04\/26\/djamel-belmadi-recreer-une-autre-dynamique-de-travail\/#primaryimage"},"image":{"@id":"https:\/\/lasentinelle.dz\/index.php\/2022\/04\/26\/djamel-belmadi-recreer-une-autre-dynamique-de-travail\/#primaryimage"},"thumbnailUrl":"https:\/\/lasentinelle.dz\/wp-content\/uploads\/2022\/04\/belmadi-1-1.png","datePublished":"2022-04-25T23:05:00+00:00","breadcrumb":{"@id":"https:\/\/lasentinelle.dz\/index.php\/2022\/04\/26\/djamel-belmadi-recreer-une-autre-dynamique-de-travail\/#breadcrumb"},"inLanguage":"fr-FR","potentialAction":[{"@type":"ReadAction","target":["https:\/\/lasentinelle.dz\/index.php\/2022\/04\/26\/djamel-belmadi-recreer-une-autre-dynamique-de-travail\/"]}]},{"@type":"ImageObject","inLanguage":"fr-FR","@id":"https:\/\/lasentinelle.dz\/index.php\/2022\/04\/26\/djamel-belmadi-recreer-une-autre-dynamique-de-travail\/#primaryimage","url":"https:\/\/lasentinelle.dz\/wp-content\/uploads\/2022\/04\/belmadi-1-1.png","contentUrl":"https:\/\/lasentinelle.dz\/wp-content\/uploads\/2022\/04\/belmadi-1-1.png","width":1600,"height":900},{"@type":"BreadcrumbList","@id":"https:\/\/lasentinelle.dz\/index.php\/2022\/04\/26\/djamel-belmadi-recreer-une-autre-dynamique-de-travail\/#breadcrumb","itemListElement":[{"@type":"ListItem","position":1,"name":"Accueil","item":"https:\/\/lasentinelle.dz\/"},{"@type":"ListItem","position":2,"name":"Djamel Belmadi\u00a0:\u00a0\u00ab Recr\u00e9er une autre dynamique de travail \u00bb \u00a0"}]},{"@type":"WebSite","@id":"https:\/\/lasentinelle.dz\/#website","url":"https:\/\/lasentinelle.dz\/","name":"La Sentinelle","description":"Quotidien national d&#039;information","publisher":{"@id":"https:\/\/lasentinelle.dz\/#organization"},"potentialAction":[{"@type":"SearchAction","target":{"@type":"EntryPoint","urlTemplate":"https:\/\/lasentinelle.dz\/?s={search_term_string}"},"query-input":{"@type":"PropertyValueSpecification","valueRequired":true,"valueName":"search_term_string"}}],"inLanguage":"fr-FR"},{"@type":"Organization","@id":"https:\/\/lasentinelle.dz\/#organization","name":"Quotidien La Sentinelle","url":"https:\/\/lasentinelle.dz\/","logo":{"@type":"ImageObject","inLanguage":"fr-FR","@id":"https:\/\/lasentinelle.dz\/#\/schema\/logo\/image\/","url":"https:\/\/lasentinelle.dz\/wp-content\/uploads\/2021\/09\/logo-sentinelleSLOGAN-1.png","contentUrl":"https:\/\/lasentinelle.dz\/wp-content\/uploads\/2021\/09\/logo-sentinelleSLOGAN-1.png","width":615,"height":142,"caption":"Quotidien La Sentinelle"},"image":{"@id":"https:\/\/lasentinelle.dz\/#\/schema\/logo\/image\/"},"sameAs":["https:\/\/www.facebook.com\/La-Sentinelle-104059864394773"]},{"@type":"Person","@id":"https:\/\/lasentinelle.dz\/#\/schema\/person\/d865044e22e70a75174ce8bcad3acfb3","name":"La Sentinelle","image":{"@type":"ImageObject","inLanguage":"fr-FR","@id":"https:\/\/secure.gravatar.com\/avatar\/57de8e5d4b15d43fb361a71fbb36338450fe67865b528a43dd10ef7c51a20392?s=96&d=mm&r=g","url":"https:\/\/secure.gravatar.com\/avatar\/57de8e5d4b15d43fb361a71fbb36338450fe67865b528a43dd10ef7c51a20392?s=96&d=mm&r=g","contentUrl":"https:\/\/secure.gravatar.com\/avatar\/57de8e5d4b15d43fb361a71fbb36338450fe67865b528a43dd10ef7c51a20392?s=96&d=mm&r=g","caption":"La Sentinelle"},"sameAs":["http:\/\/www.lasentinelle.dz"],"url":"https:\/\/lasentinelle.dz\/author\/redaction\/"}]}},"_links":{"self":[{"href":"https:\/\/lasentinelle.dz\/index.php\/wp-json\/wp\/v2\/posts\/20310","targetHints":{"allow":["GET"]}}],"collection":[{"href":"https:\/\/lasentinelle.dz\/index.php\/wp-json\/wp\/v2\/posts"}],"about":[{"href":"https:\/\/lasentinelle.dz\/index.php\/wp-json\/wp\/v2\/types\/post"}],"author":[{"embeddable":true,"href":"https:\/\/lasentinelle.dz\/index.php\/wp-json\/wp\/v2\/users\/3"}],"replies":[{"embeddable":true,"href":"https:\/\/lasentinelle.dz\/index.php\/wp-json\/wp\/v2\/comments?post=20310"}],"version-history":[{"count":2,"href":"https:\/\/lasentinelle.dz\/index.php\/wp-json\/wp\/v2\/posts\/20310\/revisions"}],"predecessor-version":[{"id":20356,"href":"https:\/\/lasentinelle.dz\/index.php\/wp-json\/wp\/v2\/posts\/20310\/revisions\/20356"}],"wp:featuredmedia":[{"embeddable":true,"href":"https:\/\/lasentinelle.dz\/index.php\/wp-json\/wp\/v2\/media\/20357"}],"wp:attachment":[{"href":"https:\/\/lasentinelle.dz\/index.php\/wp-json\/wp\/v2\/media?parent=20310"}],"wp:term":[{"taxonomy":"category","embeddable":true,"href":"https:\/\/lasentinelle.dz\/index.php\/wp-json\/wp\/v2\/categories?post=20310"},{"taxonomy":"post_tag","embeddable":true,"href":"https:\/\/lasentinelle.dz\/index.php\/wp-json\/wp\/v2\/tags?post=20310"}],"curies":[{"name":"wp","href":"https:\/\/api.w.org\/{rel}","templated":true}]}}