{"id":20338,"date":"2022-04-26T00:05:00","date_gmt":"2022-04-25T23:05:00","guid":{"rendered":"https:\/\/lasentinelle.dz\/?p=20338"},"modified":"2022-04-25T23:33:55","modified_gmt":"2022-04-25T22:33:55","slug":"sahara-occidental-le-torchon-brule-entre-alger-et-madrid","status":"publish","type":"post","link":"https:\/\/lasentinelle.dz\/index.php\/2022\/04\/26\/sahara-occidental-le-torchon-brule-entre-alger-et-madrid\/","title":{"rendered":"Sahara occidental\u00a0: Le torchon br\u00fble entre Alger et Madrid"},"content":{"rendered":"\n<p>Rien ne va plus entre Alger et Madrid. La brouille diplomatique entre l\u2019Alg\u00e9rie et l\u2019Espagne \u00e0 propos du revirement du Gouvernement Sanchez sur la question du Sahara occidental prend de l\u2019ampleur. Samedi, le pr\u00e9sident de la R\u00e9publique Abdelmadjid Tebboune qui a r\u00e9it\u00e9r\u00e9 les engagements de l\u2019Alg\u00e9rie&nbsp;&nbsp;envers la question sahraouie, mais aussi ses engagements gaziers envers malgr\u00e9 la brouille, avait soulign\u00e9 les conditions d\u2019une d\u00e9tente des rapports et d\u2019une r\u00e9ouverture des canaux de communication diplomatique entre les deux pays, soit un retour \u00e0 la l\u00e9galit\u00e9 internationale.&nbsp;&nbsp;Chose que le gouvernement Sanchez n\u2019a semble-t-il pas appr\u00e9ci\u00e9. Et la r\u00e9action est venue par la voix de son ministre des affaires \u00e9trang\u00e8res&nbsp;Jos\u00e9 Manuel Albares&nbsp;a opt\u00e9 pour un langage peu cavalier et empreint de d\u00e9sinformation \u00e0 l\u2019\u00e9gard de l\u2019Alg\u00e9rie. Un propos jug\u00e9 inacceptable \u00e0 Alger. Dans ce sens, l&rsquo;Envoy\u00e9 sp\u00e9cial charg\u00e9 de la question du Sahara occidental et des pays du Maghreb, Amar Belani, a qualifi\u00e9 lundi les propos du chef de la diplomatie espagnole, en r\u00e9action \u00e0 la d\u00e9claration du pr\u00e9sident de la R\u00e9publique, M. Abdelmadjid Tebboune, de \u00ab\u00a0d\u00e9sobligeants\u00a0\u00bb, \u00ab\u00a0offensants\u00a0\u00bb et\u00a0\u00bbinacceptables\u00a0\u00bb.&nbsp;Les propos \u00ab\u00a0d\u00e9sobligeants\u00a0\u00bb tenus par le ministre espagnol des Affaires \u00e9trang\u00e8res, Jos\u00e9 Manuel Albares, en r\u00e9action \u00e0 la d\u00e9claration du pr\u00e9sident de la R\u00e9publique, sont \u00ab\u00a0inacceptables\u00a0\u00bb et \u00ab\u00a0ne contribueront certainement pas \u00e0 un retour rapide \u00e0 la normale dans les relations bilat\u00e9rales\u00a0\u00bb, a indiqu\u00e9 l&rsquo;Envoy\u00e9 sp\u00e9cial au minist\u00e8re des Affaires \u00e9trang\u00e8res et de la Communaut\u00e9 nationale \u00e0 l&rsquo;\u00e9tranger.&nbsp;\u00ab\u00a0Le ministre espagnol devra en assumer les cons\u00e9quences\u00a0\u00bb, a-t-il ajout\u00e9.&nbsp;Selon M. Belani, le d\u00e9partement minist\u00e9riel d&rsquo;Albares \u00ab\u00a0a beau d\u00e9marcher la presse espagnole pour essayer de rectifier le tir, nous disposons de l\u2019enregistrement sonore qui confirme que le ministre a bien tenu des propos offensants qui sont aux antipodes de la correction et de la biens\u00e9ance protocolaire\u00a0\u00bb.<\/p>\n\n\n\n<p>Pour rappel, le pr\u00e9sident de la R\u00e9publique, Abdelmadjid Tebboune a&nbsp;r\u00e9it\u00e9r\u00e9 samedi soir&nbsp;&nbsp;la position officielle de l\u2019Alg\u00e9rie concernant&nbsp;que le revirement de Madrid sur la question du Sahara occidental&nbsp;indiquant qu\u2019elle&nbsp;\u00e9tait \u00ab\u00a0\u00e9thiquement et historiquement inadmissible\u00a0\u00bb, soulignant que le retour \u00e0 la normale des relations alg\u00e9ro-espagnoles \u00e9tait tributaire de l&rsquo;application du droit international.\u00a0\u00bbL&rsquo;Espagne ne doit pas oublier que sa responsabilit\u00e9 est toujours engag\u00e9e au Sahara occidental, du fait de son statut de puissance administrante du territoire aux yeux du droit international, et ce, tant qu&rsquo;une solution, quel que soit sa nature, n&rsquo;a pas \u00e9t\u00e9 trouv\u00e9e \u00e0 la question du Sahara occidental, une responsabilit\u00e9 que Madrid semble ignorer\u00a0\u00bb, a pr\u00e9cis\u00e9 le Pr\u00e9sident Tebboune lors de sa rencontre p\u00e9riodique avec des repr\u00e9sentants de la presse nationale.&nbsp;\u00ab\u00a0Le Gouvernement espagnol n&rsquo;a pas \u00e9cout\u00e9 les opinions des autres \u00e0 propos de la question sahraouie, m\u00eame si elles ont \u00e9t\u00e9 \u00e9voqu\u00e9es au Parlement et par l&rsquo;opinion publique espagnoles. Nous n&rsquo;interf\u00e9rerons pas dans les affaires internes de l&rsquo;Espagne, mais l&rsquo;Alg\u00e9rie, en tant que pays observateur dans le dossier du Sahara occidental, ainsi que les Nations unies, consid\u00e8rent que l&rsquo;Espagne est la puissance administrante du territoire tant qu&rsquo;une solution n&rsquo;a pas \u00e9t\u00e9 trouv\u00e9e \u00e0 ce conflit\u00a0\u00bb, a indiqu\u00e9 le Pr\u00e9sident Tebboune.&nbsp;Il a soulign\u00e9 que l&rsquo;Espagne ne doit pas oublier sa responsabilit\u00e9 historique, affirmant que l&rsquo;Alg\u00e9rie \u00ab\u00a0ne renoncera ni au Sahara occidental ni \u00e0 la Palestine, car \u00e9tant deux questions de d\u00e9colonisation.\u00a0\u00bb<\/p>\n\n\n\n<p><strong>Chokri Hafed<\/strong><\/p>\n","protected":false},"excerpt":{"rendered":"<p>Rien ne va plus entre Alger et Madrid. La brouille diplomatique entre l\u2019Alg\u00e9rie et l\u2019Espagne \u00e0 propos du revirement du<\/p>\n","protected":false},"author":3,"featured_media":17546,"comment_status":"open","ping_status":"closed","sticky":false,"template":"","format":"standard","meta":{"colormag_page_container_layout":"default_layout","colormag_page_sidebar_layout":"default_layout","om_disable_all_campaigns":false,"_monsterinsights_skip_tracking":false,"_monsterinsights_sitenote_active":false,"_monsterinsights_sitenote_note":"","_monsterinsights_sitenote_category":0,"footnotes":"","_wpscppro_dont_share_socialmedia":false,"_wpscppro_custom_social_share_image":0,"_facebook_share_type":"","_twitter_share_type":"","_linkedin_share_type":"","_pinterest_share_type":"","_linkedin_share_type_page":"","_instagram_share_type":"","_medium_share_type":"","_threads_share_type":"","_google_business_share_type":"","_selected_social_profile":[],"_wpsp_enable_custom_social_template":false,"_wpsp_social_scheduling":{"enabled":false,"datetime":null,"platforms":[],"status":"template_only","dateOption":"today","timeOption":"now","customDays":"","customHours":"","customDate":"","customTime":"","schedulingType":"absolute"},"_wpsp_active_default_template":true},"categories":[52,27],"tags":[],"class_list":["post-20338","post","type-post","status-publish","format-standard","has-post-thumbnail","hentry","category-a-la-une","category-actualite"],"aioseo_notices":[],"yoast_head":"<!-- This site is optimized with the Yoast SEO plugin v27.5 - https:\/\/yoast.com\/product\/yoast-seo-wordpress\/ -->\n<title>Sahara occidental\u00a0: Le torchon br\u00fble entre Alger et Madrid - La Sentinelle<\/title>\n<meta name=\"robots\" content=\"index, follow, max-snippet:-1, max-image-preview:large, max-video-preview:-1\" \/>\n<link rel=\"canonical\" href=\"https:\/\/lasentinelle.dz\/index.php\/2022\/04\/26\/sahara-occidental-le-torchon-brule-entre-alger-et-madrid\/\" \/>\n<meta property=\"og:locale\" content=\"fr_FR\" \/>\n<meta property=\"og:type\" content=\"article\" \/>\n<meta property=\"og:title\" content=\"Sahara occidental\u00a0: Le torchon br\u00fble entre Alger et Madrid - La Sentinelle\" \/>\n<meta property=\"og:description\" content=\"Rien ne va plus entre Alger et Madrid. La brouille diplomatique entre l\u2019Alg\u00e9rie et l\u2019Espagne \u00e0 propos du revirement du\" \/>\n<meta property=\"og:url\" content=\"https:\/\/lasentinelle.dz\/index.php\/2022\/04\/26\/sahara-occidental-le-torchon-brule-entre-alger-et-madrid\/\" \/>\n<meta property=\"og:site_name\" content=\"La Sentinelle\" \/>\n<meta property=\"article:publisher\" content=\"https:\/\/www.facebook.com\/La-Sentinelle-104059864394773\" \/>\n<meta property=\"article:published_time\" content=\"2022-04-25T23:05:00+00:00\" \/>\n<meta property=\"og:image\" content=\"https:\/\/lasentinelle.dz\/wp-content\/uploads\/2022\/02\/sahara.png\" \/>\n\t<meta property=\"og:image:width\" content=\"1600\" \/>\n\t<meta property=\"og:image:height\" content=\"900\" \/>\n\t<meta property=\"og:image:type\" content=\"image\/png\" \/>\n<meta name=\"author\" content=\"La Sentinelle\" \/>\n<meta name=\"twitter:card\" content=\"summary_large_image\" \/>\n<meta name=\"twitter:label1\" content=\"\u00c9crit par\" \/>\n\t<meta name=\"twitter:data1\" content=\"La Sentinelle\" \/>\n\t<meta name=\"twitter:label2\" content=\"Dur\u00e9e de lecture estim\u00e9e\" \/>\n\t<meta name=\"twitter:data2\" content=\"3 minutes\" \/>\n<script type=\"application\/ld+json\" class=\"yoast-schema-graph\">{\"@context\":\"https:\\\/\\\/schema.org\",\"@graph\":[{\"@type\":\"Article\",\"@id\":\"https:\\\/\\\/lasentinelle.dz\\\/index.php\\\/2022\\\/04\\\/26\\\/sahara-occidental-le-torchon-brule-entre-alger-et-madrid\\\/#article\",\"isPartOf\":{\"@id\":\"https:\\\/\\\/lasentinelle.dz\\\/index.php\\\/2022\\\/04\\\/26\\\/sahara-occidental-le-torchon-brule-entre-alger-et-madrid\\\/\"},\"author\":{\"name\":\"La Sentinelle\",\"@id\":\"https:\\\/\\\/lasentinelle.dz\\\/#\\\/schema\\\/person\\\/d865044e22e70a75174ce8bcad3acfb3\"},\"headline\":\"Sahara occidental\u00a0: Le torchon br\u00fble entre Alger et Madrid\",\"datePublished\":\"2022-04-25T23:05:00+00:00\",\"mainEntityOfPage\":{\"@id\":\"https:\\\/\\\/lasentinelle.dz\\\/index.php\\\/2022\\\/04\\\/26\\\/sahara-occidental-le-torchon-brule-entre-alger-et-madrid\\\/\"},\"wordCount\":634,\"commentCount\":0,\"publisher\":{\"@id\":\"https:\\\/\\\/lasentinelle.dz\\\/#organization\"},\"image\":{\"@id\":\"https:\\\/\\\/lasentinelle.dz\\\/index.php\\\/2022\\\/04\\\/26\\\/sahara-occidental-le-torchon-brule-entre-alger-et-madrid\\\/#primaryimage\"},\"thumbnailUrl\":\"https:\\\/\\\/lasentinelle.dz\\\/wp-content\\\/uploads\\\/2022\\\/02\\\/sahara.png\",\"articleSection\":[\"\u00c0 la Une\",\"Actualit\u00e9\"],\"inLanguage\":\"fr-FR\",\"potentialAction\":[{\"@type\":\"CommentAction\",\"name\":\"Comment\",\"target\":[\"https:\\\/\\\/lasentinelle.dz\\\/index.php\\\/2022\\\/04\\\/26\\\/sahara-occidental-le-torchon-brule-entre-alger-et-madrid\\\/#respond\"]}]},{\"@type\":\"WebPage\",\"@id\":\"https:\\\/\\\/lasentinelle.dz\\\/index.php\\\/2022\\\/04\\\/26\\\/sahara-occidental-le-torchon-brule-entre-alger-et-madrid\\\/\",\"url\":\"https:\\\/\\\/lasentinelle.dz\\\/index.php\\\/2022\\\/04\\\/26\\\/sahara-occidental-le-torchon-brule-entre-alger-et-madrid\\\/\",\"name\":\"Sahara occidental\u00a0: Le torchon br\u00fble entre Alger et Madrid - La Sentinelle\",\"isPartOf\":{\"@id\":\"https:\\\/\\\/lasentinelle.dz\\\/#website\"},\"primaryImageOfPage\":{\"@id\":\"https:\\\/\\\/lasentinelle.dz\\\/index.php\\\/2022\\\/04\\\/26\\\/sahara-occidental-le-torchon-brule-entre-alger-et-madrid\\\/#primaryimage\"},\"image\":{\"@id\":\"https:\\\/\\\/lasentinelle.dz\\\/index.php\\\/2022\\\/04\\\/26\\\/sahara-occidental-le-torchon-brule-entre-alger-et-madrid\\\/#primaryimage\"},\"thumbnailUrl\":\"https:\\\/\\\/lasentinelle.dz\\\/wp-content\\\/uploads\\\/2022\\\/02\\\/sahara.png\",\"datePublished\":\"2022-04-25T23:05:00+00:00\",\"breadcrumb\":{\"@id\":\"https:\\\/\\\/lasentinelle.dz\\\/index.php\\\/2022\\\/04\\\/26\\\/sahara-occidental-le-torchon-brule-entre-alger-et-madrid\\\/#breadcrumb\"},\"inLanguage\":\"fr-FR\",\"potentialAction\":[{\"@type\":\"ReadAction\",\"target\":[\"https:\\\/\\\/lasentinelle.dz\\\/index.php\\\/2022\\\/04\\\/26\\\/sahara-occidental-le-torchon-brule-entre-alger-et-madrid\\\/\"]}]},{\"@type\":\"ImageObject\",\"inLanguage\":\"fr-FR\",\"@id\":\"https:\\\/\\\/lasentinelle.dz\\\/index.php\\\/2022\\\/04\\\/26\\\/sahara-occidental-le-torchon-brule-entre-alger-et-madrid\\\/#primaryimage\",\"url\":\"https:\\\/\\\/lasentinelle.dz\\\/wp-content\\\/uploads\\\/2022\\\/02\\\/sahara.png\",\"contentUrl\":\"https:\\\/\\\/lasentinelle.dz\\\/wp-content\\\/uploads\\\/2022\\\/02\\\/sahara.png\",\"width\":1600,\"height\":900},{\"@type\":\"BreadcrumbList\",\"@id\":\"https:\\\/\\\/lasentinelle.dz\\\/index.php\\\/2022\\\/04\\\/26\\\/sahara-occidental-le-torchon-brule-entre-alger-et-madrid\\\/#breadcrumb\",\"itemListElement\":[{\"@type\":\"ListItem\",\"position\":1,\"name\":\"Accueil\",\"item\":\"https:\\\/\\\/lasentinelle.dz\\\/\"},{\"@type\":\"ListItem\",\"position\":2,\"name\":\"Sahara occidental\u00a0: Le torchon br\u00fble entre Alger et Madrid\"}]},{\"@type\":\"WebSite\",\"@id\":\"https:\\\/\\\/lasentinelle.dz\\\/#website\",\"url\":\"https:\\\/\\\/lasentinelle.dz\\\/\",\"name\":\"La Sentinelle\",\"description\":\"Quotidien national d&#039;information\",\"publisher\":{\"@id\":\"https:\\\/\\\/lasentinelle.dz\\\/#organization\"},\"potentialAction\":[{\"@type\":\"SearchAction\",\"target\":{\"@type\":\"EntryPoint\",\"urlTemplate\":\"https:\\\/\\\/lasentinelle.dz\\\/?s={search_term_string}\"},\"query-input\":{\"@type\":\"PropertyValueSpecification\",\"valueRequired\":true,\"valueName\":\"search_term_string\"}}],\"inLanguage\":\"fr-FR\"},{\"@type\":\"Organization\",\"@id\":\"https:\\\/\\\/lasentinelle.dz\\\/#organization\",\"name\":\"Quotidien La Sentinelle\",\"url\":\"https:\\\/\\\/lasentinelle.dz\\\/\",\"logo\":{\"@type\":\"ImageObject\",\"inLanguage\":\"fr-FR\",\"@id\":\"https:\\\/\\\/lasentinelle.dz\\\/#\\\/schema\\\/logo\\\/image\\\/\",\"url\":\"https:\\\/\\\/lasentinelle.dz\\\/wp-content\\\/uploads\\\/2021\\\/09\\\/logo-sentinelleSLOGAN-1.png\",\"contentUrl\":\"https:\\\/\\\/lasentinelle.dz\\\/wp-content\\\/uploads\\\/2021\\\/09\\\/logo-sentinelleSLOGAN-1.png\",\"width\":615,\"height\":142,\"caption\":\"Quotidien La Sentinelle\"},\"image\":{\"@id\":\"https:\\\/\\\/lasentinelle.dz\\\/#\\\/schema\\\/logo\\\/image\\\/\"},\"sameAs\":[\"https:\\\/\\\/www.facebook.com\\\/La-Sentinelle-104059864394773\"]},{\"@type\":\"Person\",\"@id\":\"https:\\\/\\\/lasentinelle.dz\\\/#\\\/schema\\\/person\\\/d865044e22e70a75174ce8bcad3acfb3\",\"name\":\"La Sentinelle\",\"image\":{\"@type\":\"ImageObject\",\"inLanguage\":\"fr-FR\",\"@id\":\"https:\\\/\\\/secure.gravatar.com\\\/avatar\\\/57de8e5d4b15d43fb361a71fbb36338450fe67865b528a43dd10ef7c51a20392?s=96&d=mm&r=g\",\"url\":\"https:\\\/\\\/secure.gravatar.com\\\/avatar\\\/57de8e5d4b15d43fb361a71fbb36338450fe67865b528a43dd10ef7c51a20392?s=96&d=mm&r=g\",\"contentUrl\":\"https:\\\/\\\/secure.gravatar.com\\\/avatar\\\/57de8e5d4b15d43fb361a71fbb36338450fe67865b528a43dd10ef7c51a20392?s=96&d=mm&r=g\",\"caption\":\"La Sentinelle\"},\"sameAs\":[\"http:\\\/\\\/www.lasentinelle.dz\"],\"url\":\"https:\\\/\\\/lasentinelle.dz\\\/author\\\/redaction\\\/\"}]}<\/script>\n<!-- \/ Yoast SEO plugin. -->","yoast_head_json":{"title":"Sahara occidental\u00a0: Le torchon br\u00fble entre Alger et Madrid - La Sentinelle","robots":{"index":"index","follow":"follow","max-snippet":"max-snippet:-1","max-image-preview":"max-image-preview:large","max-video-preview":"max-video-preview:-1"},"canonical":"https:\/\/lasentinelle.dz\/index.php\/2022\/04\/26\/sahara-occidental-le-torchon-brule-entre-alger-et-madrid\/","og_locale":"fr_FR","og_type":"article","og_title":"Sahara occidental\u00a0: Le torchon br\u00fble entre Alger et Madrid - La Sentinelle","og_description":"Rien ne va plus entre Alger et Madrid. La brouille diplomatique entre l\u2019Alg\u00e9rie et l\u2019Espagne \u00e0 propos du revirement du","og_url":"https:\/\/lasentinelle.dz\/index.php\/2022\/04\/26\/sahara-occidental-le-torchon-brule-entre-alger-et-madrid\/","og_site_name":"La Sentinelle","article_publisher":"https:\/\/www.facebook.com\/La-Sentinelle-104059864394773","article_published_time":"2022-04-25T23:05:00+00:00","og_image":[{"width":1600,"height":900,"url":"https:\/\/lasentinelle.dz\/wp-content\/uploads\/2022\/02\/sahara.png","type":"image\/png"}],"author":"La Sentinelle","twitter_card":"summary_large_image","twitter_misc":{"\u00c9crit par":"La Sentinelle","Dur\u00e9e de lecture estim\u00e9e":"3 minutes"},"schema":{"@context":"https:\/\/schema.org","@graph":[{"@type":"Article","@id":"https:\/\/lasentinelle.dz\/index.php\/2022\/04\/26\/sahara-occidental-le-torchon-brule-entre-alger-et-madrid\/#article","isPartOf":{"@id":"https:\/\/lasentinelle.dz\/index.php\/2022\/04\/26\/sahara-occidental-le-torchon-brule-entre-alger-et-madrid\/"},"author":{"name":"La Sentinelle","@id":"https:\/\/lasentinelle.dz\/#\/schema\/person\/d865044e22e70a75174ce8bcad3acfb3"},"headline":"Sahara occidental\u00a0: Le torchon br\u00fble entre Alger et Madrid","datePublished":"2022-04-25T23:05:00+00:00","mainEntityOfPage":{"@id":"https:\/\/lasentinelle.dz\/index.php\/2022\/04\/26\/sahara-occidental-le-torchon-brule-entre-alger-et-madrid\/"},"wordCount":634,"commentCount":0,"publisher":{"@id":"https:\/\/lasentinelle.dz\/#organization"},"image":{"@id":"https:\/\/lasentinelle.dz\/index.php\/2022\/04\/26\/sahara-occidental-le-torchon-brule-entre-alger-et-madrid\/#primaryimage"},"thumbnailUrl":"https:\/\/lasentinelle.dz\/wp-content\/uploads\/2022\/02\/sahara.png","articleSection":["\u00c0 la Une","Actualit\u00e9"],"inLanguage":"fr-FR","potentialAction":[{"@type":"CommentAction","name":"Comment","target":["https:\/\/lasentinelle.dz\/index.php\/2022\/04\/26\/sahara-occidental-le-torchon-brule-entre-alger-et-madrid\/#respond"]}]},{"@type":"WebPage","@id":"https:\/\/lasentinelle.dz\/index.php\/2022\/04\/26\/sahara-occidental-le-torchon-brule-entre-alger-et-madrid\/","url":"https:\/\/lasentinelle.dz\/index.php\/2022\/04\/26\/sahara-occidental-le-torchon-brule-entre-alger-et-madrid\/","name":"Sahara occidental\u00a0: Le torchon br\u00fble entre Alger et Madrid - La Sentinelle","isPartOf":{"@id":"https:\/\/lasentinelle.dz\/#website"},"primaryImageOfPage":{"@id":"https:\/\/lasentinelle.dz\/index.php\/2022\/04\/26\/sahara-occidental-le-torchon-brule-entre-alger-et-madrid\/#primaryimage"},"image":{"@id":"https:\/\/lasentinelle.dz\/index.php\/2022\/04\/26\/sahara-occidental-le-torchon-brule-entre-alger-et-madrid\/#primaryimage"},"thumbnailUrl":"https:\/\/lasentinelle.dz\/wp-content\/uploads\/2022\/02\/sahara.png","datePublished":"2022-04-25T23:05:00+00:00","breadcrumb":{"@id":"https:\/\/lasentinelle.dz\/index.php\/2022\/04\/26\/sahara-occidental-le-torchon-brule-entre-alger-et-madrid\/#breadcrumb"},"inLanguage":"fr-FR","potentialAction":[{"@type":"ReadAction","target":["https:\/\/lasentinelle.dz\/index.php\/2022\/04\/26\/sahara-occidental-le-torchon-brule-entre-alger-et-madrid\/"]}]},{"@type":"ImageObject","inLanguage":"fr-FR","@id":"https:\/\/lasentinelle.dz\/index.php\/2022\/04\/26\/sahara-occidental-le-torchon-brule-entre-alger-et-madrid\/#primaryimage","url":"https:\/\/lasentinelle.dz\/wp-content\/uploads\/2022\/02\/sahara.png","contentUrl":"https:\/\/lasentinelle.dz\/wp-content\/uploads\/2022\/02\/sahara.png","width":1600,"height":900},{"@type":"BreadcrumbList","@id":"https:\/\/lasentinelle.dz\/index.php\/2022\/04\/26\/sahara-occidental-le-torchon-brule-entre-alger-et-madrid\/#breadcrumb","itemListElement":[{"@type":"ListItem","position":1,"name":"Accueil","item":"https:\/\/lasentinelle.dz\/"},{"@type":"ListItem","position":2,"name":"Sahara occidental\u00a0: Le torchon br\u00fble entre Alger et Madrid"}]},{"@type":"WebSite","@id":"https:\/\/lasentinelle.dz\/#website","url":"https:\/\/lasentinelle.dz\/","name":"La Sentinelle","description":"Quotidien national d&#039;information","publisher":{"@id":"https:\/\/lasentinelle.dz\/#organization"},"potentialAction":[{"@type":"SearchAction","target":{"@type":"EntryPoint","urlTemplate":"https:\/\/lasentinelle.dz\/?s={search_term_string}"},"query-input":{"@type":"PropertyValueSpecification","valueRequired":true,"valueName":"search_term_string"}}],"inLanguage":"fr-FR"},{"@type":"Organization","@id":"https:\/\/lasentinelle.dz\/#organization","name":"Quotidien La Sentinelle","url":"https:\/\/lasentinelle.dz\/","logo":{"@type":"ImageObject","inLanguage":"fr-FR","@id":"https:\/\/lasentinelle.dz\/#\/schema\/logo\/image\/","url":"https:\/\/lasentinelle.dz\/wp-content\/uploads\/2021\/09\/logo-sentinelleSLOGAN-1.png","contentUrl":"https:\/\/lasentinelle.dz\/wp-content\/uploads\/2021\/09\/logo-sentinelleSLOGAN-1.png","width":615,"height":142,"caption":"Quotidien La Sentinelle"},"image":{"@id":"https:\/\/lasentinelle.dz\/#\/schema\/logo\/image\/"},"sameAs":["https:\/\/www.facebook.com\/La-Sentinelle-104059864394773"]},{"@type":"Person","@id":"https:\/\/lasentinelle.dz\/#\/schema\/person\/d865044e22e70a75174ce8bcad3acfb3","name":"La Sentinelle","image":{"@type":"ImageObject","inLanguage":"fr-FR","@id":"https:\/\/secure.gravatar.com\/avatar\/57de8e5d4b15d43fb361a71fbb36338450fe67865b528a43dd10ef7c51a20392?s=96&d=mm&r=g","url":"https:\/\/secure.gravatar.com\/avatar\/57de8e5d4b15d43fb361a71fbb36338450fe67865b528a43dd10ef7c51a20392?s=96&d=mm&r=g","contentUrl":"https:\/\/secure.gravatar.com\/avatar\/57de8e5d4b15d43fb361a71fbb36338450fe67865b528a43dd10ef7c51a20392?s=96&d=mm&r=g","caption":"La Sentinelle"},"sameAs":["http:\/\/www.lasentinelle.dz"],"url":"https:\/\/lasentinelle.dz\/author\/redaction\/"}]}},"_links":{"self":[{"href":"https:\/\/lasentinelle.dz\/index.php\/wp-json\/wp\/v2\/posts\/20338","targetHints":{"allow":["GET"]}}],"collection":[{"href":"https:\/\/lasentinelle.dz\/index.php\/wp-json\/wp\/v2\/posts"}],"about":[{"href":"https:\/\/lasentinelle.dz\/index.php\/wp-json\/wp\/v2\/types\/post"}],"author":[{"embeddable":true,"href":"https:\/\/lasentinelle.dz\/index.php\/wp-json\/wp\/v2\/users\/3"}],"replies":[{"embeddable":true,"href":"https:\/\/lasentinelle.dz\/index.php\/wp-json\/wp\/v2\/comments?post=20338"}],"version-history":[{"count":1,"href":"https:\/\/lasentinelle.dz\/index.php\/wp-json\/wp\/v2\/posts\/20338\/revisions"}],"predecessor-version":[{"id":20347,"href":"https:\/\/lasentinelle.dz\/index.php\/wp-json\/wp\/v2\/posts\/20338\/revisions\/20347"}],"wp:featuredmedia":[{"embeddable":true,"href":"https:\/\/lasentinelle.dz\/index.php\/wp-json\/wp\/v2\/media\/17546"}],"wp:attachment":[{"href":"https:\/\/lasentinelle.dz\/index.php\/wp-json\/wp\/v2\/media?parent=20338"}],"wp:term":[{"taxonomy":"category","embeddable":true,"href":"https:\/\/lasentinelle.dz\/index.php\/wp-json\/wp\/v2\/categories?post=20338"},{"taxonomy":"post_tag","embeddable":true,"href":"https:\/\/lasentinelle.dz\/index.php\/wp-json\/wp\/v2\/tags?post=20338"}],"curies":[{"name":"wp","href":"https:\/\/api.w.org\/{rel}","templated":true}]}}