{"id":20359,"date":"2022-04-27T00:01:00","date_gmt":"2022-04-26T23:01:00","guid":{"rendered":"https:\/\/lasentinelle.dz\/?p=20359"},"modified":"2022-04-26T17:17:43","modified_gmt":"2022-04-26T16:17:43","slug":"sporting-cp-avenir-incertain-pour-slimani","status":"publish","type":"post","link":"https:\/\/lasentinelle.dz\/index.php\/2022\/04\/27\/sporting-cp-avenir-incertain-pour-slimani\/","title":{"rendered":"Sporting CP\u00a0:\u00a0Avenir incertain pour Slimani\u00a0"},"content":{"rendered":"\n<p>Avec un but marqu\u00e9 toutes les 91 minutes, il \u00e9tait le deuxi\u00e8me attaquant le plus efficace du Sporting depuis Jardel.&nbsp;&nbsp;&nbsp;<\/p>\n\n\n\n<p>Cet hiver, Islam Slimani a r\u00e9sili\u00e9 son contrat \u00e0 l&rsquo;O Lyon, o\u00f9 il n&rsquo;\u00e9tait qu&rsquo;un simple rempla\u00e7ant, afin de retrouver du temps de jeu et de la confiance. Direction donc le Sporting CP pour l&rsquo;Alg\u00e9rien. Un club qu&rsquo;il connaissait parfaitement puisqu&rsquo;il y avait d\u00e9j\u00e0 \u00e9volu\u00e9 une premi\u00e8re fois entre 2013 et 2016. Trois ann\u00e9es lors desquelles \u00ab Super Slim \u00bb a empil\u00e9 les buts (57 r\u00e9alisations en 111 matches) tout en explosant aux yeux de l&rsquo;Europe. Ce qui lui a permis de rejoindre Leicester par la suite avant d&rsquo;encha\u00eener les pr\u00eats avec plus ou moins de r\u00e9ussite \u00e0 Newcastle, Fenerbah\u00e7e et Monaco. C&rsquo;est d&rsquo;ailleurs gr\u00e2ce \u00e0 sa belle saison sur le Rocher qu\u2019il a tap\u00e9 dans l&rsquo;\u0153il de l&rsquo;OL et surtout de Juninho lors du mercato d&rsquo;hiver 2021. Mais chez les Gones, il n&rsquo;a pas vraiment r\u00e9ussi \u00e0 s&rsquo;imposer. Un rendement qui n&rsquo;a pas convaincu le club lyonnais, avec lequel il a rompu son contrat qui prenait fin initialement le 30 juin 2022. L&rsquo;objectif \u00e9tait de faciliter son retour au Sporting, o\u00f9 il a sign\u00e9 pour 18 mois, plus une ann\u00e9e en option. \u00ab Je reviens parce que les supporters m&rsquo;aiment et parce que le club m&rsquo;aime. Pour moi, c&rsquo;est la chose la plus importante dans le football. Le Sporting, les supporters et Alvalade (le stade, ndlr) me manquaient. La d\u00e9cision a donc \u00e9t\u00e9 tr\u00e8s simple. C&rsquo;est super d&rsquo;\u00eatre de retour \u00e0 la maison. C&rsquo;est avec ce maillot que j\u2019ai \u00e9t\u00e9 le plus heureux. Le Sporting est ma maison, je me sens bien ici et je suis heureux ici\u00bb, avait-il expliqu\u00e9 lors de sa pr\u00e9sentation. \u00abLe foot, c&rsquo;est comme \u00e7a. Quand on laisse de bons souvenirs, c&rsquo;est comme \u00e7a. Les supporters m&rsquo;aiment et j&rsquo;aime le Sporting et les fans (&#8230;) Le Sporting joue un tr\u00e8s bon football. Je connais bien la maison et je connais aussi bien le style de jeu de R\u00faben Amorim. J&rsquo;esp\u00e8re marquer beaucoup de buts. Je suis un Slimani plus exp\u00e9riment\u00e9 et, \u00e0 mon avis, un meilleur Slimani que celui de mon premier passage\u00bb. Il ne restait donc plus qu&rsquo;\u00e0 joindre l&rsquo;acte \u00e0 la parole pour Slimani. Et rapidement, le Fennec a retrouv\u00e9 ses bonnes habitudes. Apr\u00e8s 4 matches sans marquer, il a, en effet, inscrit 4 buts en 5 matches. On pensait alors la machine Slimani relanc\u00e9e. En effet, avec un but marqu\u00e9 toutes les 91 minutes, il \u00e9tait le deuxi\u00e8me attaquant le plus efficace du Sporting depuis Jardel en 2001-02. Mais depuis quelques semaines, il vit de nouvelles gal\u00e8res. De retour en club d\u00e9but avril apr\u00e8s une tr\u00eave internationale o\u00f9 les Verts ne se sont pas qualifi\u00e9s pour le Mondial, le joueur de 33 ans n&rsquo;a jou\u00e9 que 49 minutes. Une gestion \u00e9tonnante puisque lors des derni\u00e8res rencontres avant la tr\u00eave il \u00e9tait plut\u00f4t un titulaire en puissance. Ruben Amorim a r\u00e9cemment justifi\u00e9 son choix concernant l&rsquo;Alg\u00e9rien : \u00ab Ceux qui s&rsquo;entra\u00eenent le mieux jouent et sont convoqu\u00e9s. Je peux risquer mon travail et des qualifications pour des finales mais ce sera comme \u00e7a jusqu&rsquo;\u00e0 ce que j&rsquo;arr\u00eate d&rsquo;\u00eatre entra\u00eeneur. L\u2019entra\u00eenement compte \u00e9norm\u00e9ment.\u00bb Ainsi, sa d\u00e9cision de se passer de Slimani, sauf en cas de force majeur, ne serait motiv\u00e9e que par un crit\u00e8re purement sportif. Mais le joueur, lui, a une autre explication. D&rsquo;apr\u00e8s Super Slim, non convoqu\u00e9 face \u00e0 Tondela et face \u00e0 Porto, sa mise \u00e0 l&rsquo;\u00e9cart serait uniquement due \u00e0 sa pratique religieuse. Slimani je\u00fbne durant le mois sacr\u00e9 de Ramadan. Ce qui ne l&#8217;emp\u00eache pas d&rsquo;\u00eatre un professionnel. \u00ab Sans manger, ni boire, je me suis toujours entra\u00een\u00e9 dur pour mon club. Personne ne pourra me l\u2019enlever\u00bb, a-t-il indiqu\u00e9. Par la suite, l&rsquo;attaquant a ajout\u00e9 qu&rsquo;il faisait preuve de patience en apprenant qu&rsquo;il \u00e9tait \u00e0 nouveau \u00e9cart\u00e9 pour le match face \u00e0 Boavista lundi soir. En effet, son entra\u00eeneur a l\u00e2ch\u00e9 en conf\u00e9rence de presse : \u00ab Le sujet est clos. Il ne sera pas convoqu\u00e9 face \u00e0 Boavista. On jouera sans avant-centre, on l\u2019a d\u00e9j\u00e0 fait l\u2019an dernier. J&rsquo;ai une responsabilit\u00e9 compl\u00e8tement diff\u00e9rente de celle de Slimani. \u00bb Un choix radical de la part d&rsquo;Amorim, qui reste pourtant sur deux d\u00e9faites de suite. Mais il pr\u00e9f\u00e8re se passer des services de Slimani. Un joueur qui risque fort de devoir trouver un nouveau point de chute cet \u00e9t\u00e9 2022. En effet, A Bola r\u00e9v\u00e8le que puisque le divorce est consomm\u00e9 entre lui et son coach, le Sporting va devoir se mettre en qu\u00eate d&rsquo;un nouvel \u00e9l\u00e9ment offensif durant l&rsquo;intersaison. Il reste \u00e0 savoir ce que compte faire le joueur sous contrat jusqu&rsquo;en 2023 (avec une ann\u00e9e en option). Un \u00e9l\u00e9ment dont l&rsquo;avenir international est aussi au c\u0153ur&nbsp;&nbsp;des interrogations, puisque certains m\u00e9dias alg\u00e9riens se demandent si le Fennec va continuer en s\u00e9lection.&nbsp;&nbsp;<\/p>\n\n\n\n<p>R. S.&nbsp;<\/p>\n","protected":false},"excerpt":{"rendered":"<p>Avec un but marqu\u00e9 toutes les 91 minutes, il \u00e9tait le deuxi\u00e8me attaquant le plus efficace du Sporting depuis Jardel.&nbsp;&nbsp;&nbsp;<\/p>\n","protected":false},"author":3,"featured_media":20365,"comment_status":"open","ping_status":"closed","sticky":false,"template":"","format":"standard","meta":{"colormag_page_container_layout":"default_layout","colormag_page_sidebar_layout":"default_layout","om_disable_all_campaigns":false,"_monsterinsights_skip_tracking":false,"_monsterinsights_sitenote_active":false,"_monsterinsights_sitenote_note":"","_monsterinsights_sitenote_category":0,"footnotes":"","_wpscppro_dont_share_socialmedia":false,"_wpscppro_custom_social_share_image":0,"_facebook_share_type":"","_twitter_share_type":"","_linkedin_share_type":"","_pinterest_share_type":"","_linkedin_share_type_page":"","_instagram_share_type":"","_medium_share_type":"","_threads_share_type":"","_google_business_share_type":"","_selected_social_profile":[],"_wpsp_enable_custom_social_template":false,"_wpsp_social_scheduling":{"enabled":false,"datetime":null,"platforms":[],"status":"template_only","dateOption":"today","timeOption":"now","customDays":"","customHours":"","customDate":"","customTime":"","schedulingType":"absolute"},"_wpsp_active_default_template":true},"categories":[33],"tags":[],"class_list":["post-20359","post","type-post","status-publish","format-standard","has-post-thumbnail","hentry","category-sports"],"aioseo_notices":[],"yoast_head":"<!-- This site is optimized with the Yoast SEO plugin v27.5 - https:\/\/yoast.com\/product\/yoast-seo-wordpress\/ -->\n<title>Sporting CP\u00a0:\u00a0Avenir incertain pour Slimani\u00a0 - La Sentinelle<\/title>\n<meta name=\"robots\" content=\"index, follow, max-snippet:-1, max-image-preview:large, max-video-preview:-1\" \/>\n<link rel=\"canonical\" href=\"https:\/\/lasentinelle.dz\/index.php\/2022\/04\/27\/sporting-cp-avenir-incertain-pour-slimani\/\" \/>\n<meta property=\"og:locale\" content=\"fr_FR\" \/>\n<meta property=\"og:type\" content=\"article\" \/>\n<meta property=\"og:title\" content=\"Sporting CP\u00a0:\u00a0Avenir incertain pour Slimani\u00a0 - La Sentinelle\" \/>\n<meta property=\"og:description\" content=\"Avec un but marqu\u00e9 toutes les 91 minutes, il \u00e9tait le deuxi\u00e8me attaquant le plus efficace du Sporting depuis Jardel.&nbsp;&nbsp;&nbsp;\" \/>\n<meta property=\"og:url\" content=\"https:\/\/lasentinelle.dz\/index.php\/2022\/04\/27\/sporting-cp-avenir-incertain-pour-slimani\/\" \/>\n<meta property=\"og:site_name\" content=\"La Sentinelle\" \/>\n<meta property=\"article:publisher\" content=\"https:\/\/www.facebook.com\/La-Sentinelle-104059864394773\" \/>\n<meta property=\"article:published_time\" content=\"2022-04-26T23:01:00+00:00\" \/>\n<meta property=\"og:image\" content=\"https:\/\/lasentinelle.dz\/wp-content\/uploads\/2022\/04\/slimani.jpg\" \/>\n\t<meta property=\"og:image:width\" content=\"920\" \/>\n\t<meta property=\"og:image:height\" content=\"518\" \/>\n\t<meta property=\"og:image:type\" content=\"image\/jpeg\" \/>\n<meta name=\"author\" content=\"La Sentinelle\" \/>\n<meta name=\"twitter:card\" content=\"summary_large_image\" \/>\n<meta name=\"twitter:label1\" content=\"\u00c9crit par\" \/>\n\t<meta name=\"twitter:data1\" content=\"La Sentinelle\" \/>\n\t<meta name=\"twitter:label2\" content=\"Dur\u00e9e de lecture estim\u00e9e\" \/>\n\t<meta name=\"twitter:data2\" content=\"5 minutes\" \/>\n<script type=\"application\/ld+json\" class=\"yoast-schema-graph\">{\"@context\":\"https:\\\/\\\/schema.org\",\"@graph\":[{\"@type\":\"Article\",\"@id\":\"https:\\\/\\\/lasentinelle.dz\\\/index.php\\\/2022\\\/04\\\/27\\\/sporting-cp-avenir-incertain-pour-slimani\\\/#article\",\"isPartOf\":{\"@id\":\"https:\\\/\\\/lasentinelle.dz\\\/index.php\\\/2022\\\/04\\\/27\\\/sporting-cp-avenir-incertain-pour-slimani\\\/\"},\"author\":{\"name\":\"La Sentinelle\",\"@id\":\"https:\\\/\\\/lasentinelle.dz\\\/#\\\/schema\\\/person\\\/d865044e22e70a75174ce8bcad3acfb3\"},\"headline\":\"Sporting CP\u00a0:\u00a0Avenir incertain pour Slimani\u00a0\",\"datePublished\":\"2022-04-26T23:01:00+00:00\",\"mainEntityOfPage\":{\"@id\":\"https:\\\/\\\/lasentinelle.dz\\\/index.php\\\/2022\\\/04\\\/27\\\/sporting-cp-avenir-incertain-pour-slimani\\\/\"},\"wordCount\":897,\"commentCount\":0,\"publisher\":{\"@id\":\"https:\\\/\\\/lasentinelle.dz\\\/#organization\"},\"image\":{\"@id\":\"https:\\\/\\\/lasentinelle.dz\\\/index.php\\\/2022\\\/04\\\/27\\\/sporting-cp-avenir-incertain-pour-slimani\\\/#primaryimage\"},\"thumbnailUrl\":\"https:\\\/\\\/lasentinelle.dz\\\/wp-content\\\/uploads\\\/2022\\\/04\\\/slimani.jpg\",\"articleSection\":[\"Sports\"],\"inLanguage\":\"fr-FR\",\"potentialAction\":[{\"@type\":\"CommentAction\",\"name\":\"Comment\",\"target\":[\"https:\\\/\\\/lasentinelle.dz\\\/index.php\\\/2022\\\/04\\\/27\\\/sporting-cp-avenir-incertain-pour-slimani\\\/#respond\"]}]},{\"@type\":\"WebPage\",\"@id\":\"https:\\\/\\\/lasentinelle.dz\\\/index.php\\\/2022\\\/04\\\/27\\\/sporting-cp-avenir-incertain-pour-slimani\\\/\",\"url\":\"https:\\\/\\\/lasentinelle.dz\\\/index.php\\\/2022\\\/04\\\/27\\\/sporting-cp-avenir-incertain-pour-slimani\\\/\",\"name\":\"Sporting CP\u00a0:\u00a0Avenir incertain pour Slimani\u00a0 - La Sentinelle\",\"isPartOf\":{\"@id\":\"https:\\\/\\\/lasentinelle.dz\\\/#website\"},\"primaryImageOfPage\":{\"@id\":\"https:\\\/\\\/lasentinelle.dz\\\/index.php\\\/2022\\\/04\\\/27\\\/sporting-cp-avenir-incertain-pour-slimani\\\/#primaryimage\"},\"image\":{\"@id\":\"https:\\\/\\\/lasentinelle.dz\\\/index.php\\\/2022\\\/04\\\/27\\\/sporting-cp-avenir-incertain-pour-slimani\\\/#primaryimage\"},\"thumbnailUrl\":\"https:\\\/\\\/lasentinelle.dz\\\/wp-content\\\/uploads\\\/2022\\\/04\\\/slimani.jpg\",\"datePublished\":\"2022-04-26T23:01:00+00:00\",\"breadcrumb\":{\"@id\":\"https:\\\/\\\/lasentinelle.dz\\\/index.php\\\/2022\\\/04\\\/27\\\/sporting-cp-avenir-incertain-pour-slimani\\\/#breadcrumb\"},\"inLanguage\":\"fr-FR\",\"potentialAction\":[{\"@type\":\"ReadAction\",\"target\":[\"https:\\\/\\\/lasentinelle.dz\\\/index.php\\\/2022\\\/04\\\/27\\\/sporting-cp-avenir-incertain-pour-slimani\\\/\"]}]},{\"@type\":\"ImageObject\",\"inLanguage\":\"fr-FR\",\"@id\":\"https:\\\/\\\/lasentinelle.dz\\\/index.php\\\/2022\\\/04\\\/27\\\/sporting-cp-avenir-incertain-pour-slimani\\\/#primaryimage\",\"url\":\"https:\\\/\\\/lasentinelle.dz\\\/wp-content\\\/uploads\\\/2022\\\/04\\\/slimani.jpg\",\"contentUrl\":\"https:\\\/\\\/lasentinelle.dz\\\/wp-content\\\/uploads\\\/2022\\\/04\\\/slimani.jpg\",\"width\":920,\"height\":518},{\"@type\":\"BreadcrumbList\",\"@id\":\"https:\\\/\\\/lasentinelle.dz\\\/index.php\\\/2022\\\/04\\\/27\\\/sporting-cp-avenir-incertain-pour-slimani\\\/#breadcrumb\",\"itemListElement\":[{\"@type\":\"ListItem\",\"position\":1,\"name\":\"Accueil\",\"item\":\"https:\\\/\\\/lasentinelle.dz\\\/\"},{\"@type\":\"ListItem\",\"position\":2,\"name\":\"Sporting CP\u00a0:\u00a0Avenir incertain pour Slimani\u00a0\"}]},{\"@type\":\"WebSite\",\"@id\":\"https:\\\/\\\/lasentinelle.dz\\\/#website\",\"url\":\"https:\\\/\\\/lasentinelle.dz\\\/\",\"name\":\"La Sentinelle\",\"description\":\"Quotidien national d&#039;information\",\"publisher\":{\"@id\":\"https:\\\/\\\/lasentinelle.dz\\\/#organization\"},\"potentialAction\":[{\"@type\":\"SearchAction\",\"target\":{\"@type\":\"EntryPoint\",\"urlTemplate\":\"https:\\\/\\\/lasentinelle.dz\\\/?s={search_term_string}\"},\"query-input\":{\"@type\":\"PropertyValueSpecification\",\"valueRequired\":true,\"valueName\":\"search_term_string\"}}],\"inLanguage\":\"fr-FR\"},{\"@type\":\"Organization\",\"@id\":\"https:\\\/\\\/lasentinelle.dz\\\/#organization\",\"name\":\"Quotidien La Sentinelle\",\"url\":\"https:\\\/\\\/lasentinelle.dz\\\/\",\"logo\":{\"@type\":\"ImageObject\",\"inLanguage\":\"fr-FR\",\"@id\":\"https:\\\/\\\/lasentinelle.dz\\\/#\\\/schema\\\/logo\\\/image\\\/\",\"url\":\"https:\\\/\\\/lasentinelle.dz\\\/wp-content\\\/uploads\\\/2021\\\/09\\\/logo-sentinelleSLOGAN-1.png\",\"contentUrl\":\"https:\\\/\\\/lasentinelle.dz\\\/wp-content\\\/uploads\\\/2021\\\/09\\\/logo-sentinelleSLOGAN-1.png\",\"width\":615,\"height\":142,\"caption\":\"Quotidien La Sentinelle\"},\"image\":{\"@id\":\"https:\\\/\\\/lasentinelle.dz\\\/#\\\/schema\\\/logo\\\/image\\\/\"},\"sameAs\":[\"https:\\\/\\\/www.facebook.com\\\/La-Sentinelle-104059864394773\"]},{\"@type\":\"Person\",\"@id\":\"https:\\\/\\\/lasentinelle.dz\\\/#\\\/schema\\\/person\\\/d865044e22e70a75174ce8bcad3acfb3\",\"name\":\"La Sentinelle\",\"image\":{\"@type\":\"ImageObject\",\"inLanguage\":\"fr-FR\",\"@id\":\"https:\\\/\\\/secure.gravatar.com\\\/avatar\\\/57de8e5d4b15d43fb361a71fbb36338450fe67865b528a43dd10ef7c51a20392?s=96&d=mm&r=g\",\"url\":\"https:\\\/\\\/secure.gravatar.com\\\/avatar\\\/57de8e5d4b15d43fb361a71fbb36338450fe67865b528a43dd10ef7c51a20392?s=96&d=mm&r=g\",\"contentUrl\":\"https:\\\/\\\/secure.gravatar.com\\\/avatar\\\/57de8e5d4b15d43fb361a71fbb36338450fe67865b528a43dd10ef7c51a20392?s=96&d=mm&r=g\",\"caption\":\"La Sentinelle\"},\"sameAs\":[\"http:\\\/\\\/www.lasentinelle.dz\"],\"url\":\"https:\\\/\\\/lasentinelle.dz\\\/author\\\/redaction\\\/\"}]}<\/script>\n<!-- \/ Yoast SEO plugin. -->","yoast_head_json":{"title":"Sporting CP\u00a0:\u00a0Avenir incertain pour Slimani\u00a0 - La Sentinelle","robots":{"index":"index","follow":"follow","max-snippet":"max-snippet:-1","max-image-preview":"max-image-preview:large","max-video-preview":"max-video-preview:-1"},"canonical":"https:\/\/lasentinelle.dz\/index.php\/2022\/04\/27\/sporting-cp-avenir-incertain-pour-slimani\/","og_locale":"fr_FR","og_type":"article","og_title":"Sporting CP\u00a0:\u00a0Avenir incertain pour Slimani\u00a0 - La Sentinelle","og_description":"Avec un but marqu\u00e9 toutes les 91 minutes, il \u00e9tait le deuxi\u00e8me attaquant le plus efficace du Sporting depuis Jardel.&nbsp;&nbsp;&nbsp;","og_url":"https:\/\/lasentinelle.dz\/index.php\/2022\/04\/27\/sporting-cp-avenir-incertain-pour-slimani\/","og_site_name":"La Sentinelle","article_publisher":"https:\/\/www.facebook.com\/La-Sentinelle-104059864394773","article_published_time":"2022-04-26T23:01:00+00:00","og_image":[{"width":920,"height":518,"url":"https:\/\/lasentinelle.dz\/wp-content\/uploads\/2022\/04\/slimani.jpg","type":"image\/jpeg"}],"author":"La Sentinelle","twitter_card":"summary_large_image","twitter_misc":{"\u00c9crit par":"La Sentinelle","Dur\u00e9e de lecture estim\u00e9e":"5 minutes"},"schema":{"@context":"https:\/\/schema.org","@graph":[{"@type":"Article","@id":"https:\/\/lasentinelle.dz\/index.php\/2022\/04\/27\/sporting-cp-avenir-incertain-pour-slimani\/#article","isPartOf":{"@id":"https:\/\/lasentinelle.dz\/index.php\/2022\/04\/27\/sporting-cp-avenir-incertain-pour-slimani\/"},"author":{"name":"La Sentinelle","@id":"https:\/\/lasentinelle.dz\/#\/schema\/person\/d865044e22e70a75174ce8bcad3acfb3"},"headline":"Sporting CP\u00a0:\u00a0Avenir incertain pour Slimani\u00a0","datePublished":"2022-04-26T23:01:00+00:00","mainEntityOfPage":{"@id":"https:\/\/lasentinelle.dz\/index.php\/2022\/04\/27\/sporting-cp-avenir-incertain-pour-slimani\/"},"wordCount":897,"commentCount":0,"publisher":{"@id":"https:\/\/lasentinelle.dz\/#organization"},"image":{"@id":"https:\/\/lasentinelle.dz\/index.php\/2022\/04\/27\/sporting-cp-avenir-incertain-pour-slimani\/#primaryimage"},"thumbnailUrl":"https:\/\/lasentinelle.dz\/wp-content\/uploads\/2022\/04\/slimani.jpg","articleSection":["Sports"],"inLanguage":"fr-FR","potentialAction":[{"@type":"CommentAction","name":"Comment","target":["https:\/\/lasentinelle.dz\/index.php\/2022\/04\/27\/sporting-cp-avenir-incertain-pour-slimani\/#respond"]}]},{"@type":"WebPage","@id":"https:\/\/lasentinelle.dz\/index.php\/2022\/04\/27\/sporting-cp-avenir-incertain-pour-slimani\/","url":"https:\/\/lasentinelle.dz\/index.php\/2022\/04\/27\/sporting-cp-avenir-incertain-pour-slimani\/","name":"Sporting CP\u00a0:\u00a0Avenir incertain pour Slimani\u00a0 - La Sentinelle","isPartOf":{"@id":"https:\/\/lasentinelle.dz\/#website"},"primaryImageOfPage":{"@id":"https:\/\/lasentinelle.dz\/index.php\/2022\/04\/27\/sporting-cp-avenir-incertain-pour-slimani\/#primaryimage"},"image":{"@id":"https:\/\/lasentinelle.dz\/index.php\/2022\/04\/27\/sporting-cp-avenir-incertain-pour-slimani\/#primaryimage"},"thumbnailUrl":"https:\/\/lasentinelle.dz\/wp-content\/uploads\/2022\/04\/slimani.jpg","datePublished":"2022-04-26T23:01:00+00:00","breadcrumb":{"@id":"https:\/\/lasentinelle.dz\/index.php\/2022\/04\/27\/sporting-cp-avenir-incertain-pour-slimani\/#breadcrumb"},"inLanguage":"fr-FR","potentialAction":[{"@type":"ReadAction","target":["https:\/\/lasentinelle.dz\/index.php\/2022\/04\/27\/sporting-cp-avenir-incertain-pour-slimani\/"]}]},{"@type":"ImageObject","inLanguage":"fr-FR","@id":"https:\/\/lasentinelle.dz\/index.php\/2022\/04\/27\/sporting-cp-avenir-incertain-pour-slimani\/#primaryimage","url":"https:\/\/lasentinelle.dz\/wp-content\/uploads\/2022\/04\/slimani.jpg","contentUrl":"https:\/\/lasentinelle.dz\/wp-content\/uploads\/2022\/04\/slimani.jpg","width":920,"height":518},{"@type":"BreadcrumbList","@id":"https:\/\/lasentinelle.dz\/index.php\/2022\/04\/27\/sporting-cp-avenir-incertain-pour-slimani\/#breadcrumb","itemListElement":[{"@type":"ListItem","position":1,"name":"Accueil","item":"https:\/\/lasentinelle.dz\/"},{"@type":"ListItem","position":2,"name":"Sporting CP\u00a0:\u00a0Avenir incertain pour Slimani\u00a0"}]},{"@type":"WebSite","@id":"https:\/\/lasentinelle.dz\/#website","url":"https:\/\/lasentinelle.dz\/","name":"La Sentinelle","description":"Quotidien national d&#039;information","publisher":{"@id":"https:\/\/lasentinelle.dz\/#organization"},"potentialAction":[{"@type":"SearchAction","target":{"@type":"EntryPoint","urlTemplate":"https:\/\/lasentinelle.dz\/?s={search_term_string}"},"query-input":{"@type":"PropertyValueSpecification","valueRequired":true,"valueName":"search_term_string"}}],"inLanguage":"fr-FR"},{"@type":"Organization","@id":"https:\/\/lasentinelle.dz\/#organization","name":"Quotidien La Sentinelle","url":"https:\/\/lasentinelle.dz\/","logo":{"@type":"ImageObject","inLanguage":"fr-FR","@id":"https:\/\/lasentinelle.dz\/#\/schema\/logo\/image\/","url":"https:\/\/lasentinelle.dz\/wp-content\/uploads\/2021\/09\/logo-sentinelleSLOGAN-1.png","contentUrl":"https:\/\/lasentinelle.dz\/wp-content\/uploads\/2021\/09\/logo-sentinelleSLOGAN-1.png","width":615,"height":142,"caption":"Quotidien La Sentinelle"},"image":{"@id":"https:\/\/lasentinelle.dz\/#\/schema\/logo\/image\/"},"sameAs":["https:\/\/www.facebook.com\/La-Sentinelle-104059864394773"]},{"@type":"Person","@id":"https:\/\/lasentinelle.dz\/#\/schema\/person\/d865044e22e70a75174ce8bcad3acfb3","name":"La Sentinelle","image":{"@type":"ImageObject","inLanguage":"fr-FR","@id":"https:\/\/secure.gravatar.com\/avatar\/57de8e5d4b15d43fb361a71fbb36338450fe67865b528a43dd10ef7c51a20392?s=96&d=mm&r=g","url":"https:\/\/secure.gravatar.com\/avatar\/57de8e5d4b15d43fb361a71fbb36338450fe67865b528a43dd10ef7c51a20392?s=96&d=mm&r=g","contentUrl":"https:\/\/secure.gravatar.com\/avatar\/57de8e5d4b15d43fb361a71fbb36338450fe67865b528a43dd10ef7c51a20392?s=96&d=mm&r=g","caption":"La Sentinelle"},"sameAs":["http:\/\/www.lasentinelle.dz"],"url":"https:\/\/lasentinelle.dz\/author\/redaction\/"}]}},"_links":{"self":[{"href":"https:\/\/lasentinelle.dz\/index.php\/wp-json\/wp\/v2\/posts\/20359","targetHints":{"allow":["GET"]}}],"collection":[{"href":"https:\/\/lasentinelle.dz\/index.php\/wp-json\/wp\/v2\/posts"}],"about":[{"href":"https:\/\/lasentinelle.dz\/index.php\/wp-json\/wp\/v2\/types\/post"}],"author":[{"embeddable":true,"href":"https:\/\/lasentinelle.dz\/index.php\/wp-json\/wp\/v2\/users\/3"}],"replies":[{"embeddable":true,"href":"https:\/\/lasentinelle.dz\/index.php\/wp-json\/wp\/v2\/comments?post=20359"}],"version-history":[{"count":1,"href":"https:\/\/lasentinelle.dz\/index.php\/wp-json\/wp\/v2\/posts\/20359\/revisions"}],"predecessor-version":[{"id":20366,"href":"https:\/\/lasentinelle.dz\/index.php\/wp-json\/wp\/v2\/posts\/20359\/revisions\/20366"}],"wp:featuredmedia":[{"embeddable":true,"href":"https:\/\/lasentinelle.dz\/index.php\/wp-json\/wp\/v2\/media\/20365"}],"wp:attachment":[{"href":"https:\/\/lasentinelle.dz\/index.php\/wp-json\/wp\/v2\/media?parent=20359"}],"wp:term":[{"taxonomy":"category","embeddable":true,"href":"https:\/\/lasentinelle.dz\/index.php\/wp-json\/wp\/v2\/categories?post=20359"},{"taxonomy":"post_tag","embeddable":true,"href":"https:\/\/lasentinelle.dz\/index.php\/wp-json\/wp\/v2\/tags?post=20359"}],"curies":[{"name":"wp","href":"https:\/\/api.w.org\/{rel}","templated":true}]}}