{"id":2036,"date":"2021-07-25T00:01:00","date_gmt":"2021-07-24T23:01:00","guid":{"rendered":"https:\/\/lasentinelle.dz\/?p=2036"},"modified":"2021-07-24T15:29:53","modified_gmt":"2021-07-24T14:29:53","slug":"ligue-1-la-jsm-skikda-releguee-en-ligue-2","status":"publish","type":"post","link":"https:\/\/lasentinelle.dz\/index.php\/2021\/07\/25\/ligue-1-la-jsm-skikda-releguee-en-ligue-2\/","title":{"rendered":"Ligue 1 : La JSM Skikda rel\u00e9gu\u00e9e en Ligue 2"},"content":{"rendered":"\n<p>Premi\u00e8re \u00e9quipe \u00e0 avoir quitt\u00e9 officiellement la Ligue 1, la JSM Skikda paye cher les probl\u00e8mes \u00e0 la pelle dans lesquels le club \u00e9tait plong\u00e9 depuis l\u2019entame de la saison.&nbsp;<\/p>\n\n\n\n<p>Le CR Belouizdad vainqueur devant le NC Magra (1-0), a repris la premi\u00e8re place du championnat de Ligue 1 de football, \u00e0 l\u2019occasion de la 33e journ\u00e9e disput\u00e9e vendredi, alors que la JSM Skikda battue par le MC Alger (3-0) est math\u00e9matiquement rel\u00e9gu\u00e9e en Ligue 2. A la faveur de cette victoire, arrach\u00e9e dans le temps additionnel par Nessakh (90e+6), le CRB qui compte un match en retard face \u00e0 la JS Kabylie programm\u00e9 le 30 juillet, reprend le fauteuil de leader de la Ligue 1 avec 63 points, soit deux longueurs d\u2019avance sur l\u2019ES S\u00e9tif (2e \u2013 61 pts), qui s\u2019est inclin\u00e9e en d\u00e9placement face \u00e0 l\u2019AS Ain M\u2019lila (2-1). L\u2019Entente qui encha\u00eene les mauvais r\u00e9sultats en cette fin de saison, a \u00e9t\u00e9 r\u00e9duite \u00e0 dix apr\u00e8s l\u2019expulsion de Amoura \u00e0 la 25e minute. Les S\u00e9tifiens ont, dans un premier temps, r\u00e9ussi \u00e0 \u00e9galiser par Laaribi (35e), apr\u00e8s l\u2019ouverture du score de Djabout (9e), mais ont craqu\u00e9 en deuxi\u00e8me mi-temps sur une r\u00e9alisation de Debbih (75\u2019), qui offre une victoire pr\u00e9cieuse \u00e0 l\u2019AS Ain M\u2019lila pour la lutte pour le maintien. De son c\u00f4t\u00e9, la JSM Skikda (20e \u2013 17 pts) largement battue par le MC Alger (3c-0), est officiellement rel\u00e9gu\u00e9e en Ligue 2, puisque elle accuse 19 points de retard sur le premier non rel\u00e9gable, alors qu\u2019il lui reste encore 6 matchs \u00e0 jouer. Toujours dans la lutte pour le maintien, le choc des rel\u00e9gables entre le CA Bordj Bou Arr\u00e9ridj (19e \u2013 21 pts) et le WA Tlemcen (16e \u2013 36 pts) a tourn\u00e9 \u00e0 l\u2019avantage des Tlemceniens (1-0), qui rejoignent le NA Hussein-Dey, battu par le l\u2019USM Bel-Abb\u00e8s (1-0), au 16e rang avec un match en retard. Dans la course au podium, l\u2019USM Alger (4e \u2013 56 pts), vainqueur \u00e0 domicile devant l\u2019US Biskra (2-1), est revenue \u00e0 trois points de la JS Saoura, qui s\u2019est content\u00e9e du point du match nul face \u00e0 l\u2019ASO Chlef (2-2), alors que le MC Oran (5e \u2013 54 pts) a \u00e9galement fait match nul face au CS Constantine (0-0). De son c\u00f4t\u00e9, le RC Relizane (11e \u2013 41 pts) v\u00e9ritable r\u00e9v\u00e9lation de cette fin de saison depuis l\u2019arriv\u00e9e \u00e0 la barre technique de Lyamine Bougherara, a encha\u00een\u00e9 avec une nouvelle victoire de prestige en s\u2019imposant devant la JS Kabylie (1-0), qui occupe la 7e place avec 49 points et quatre matchs en retard. La derni\u00e8re rencontre de cette 33e journ\u00e9e, a enregistr\u00e9 la seule victoire en d\u00e9placement \u00e0 la faveur du Paradou AC (10e \u2013 47 pts) devant l\u2019Olympique M\u00e9d\u00e9a (2-1). La 34e journ\u00e9e de la Ligue 1 se d\u00e9roulera mardi prochain, selon le programme de la Ligue professionnelle de football.&nbsp;&nbsp;<\/p>\n\n\n\n<p>R. S.<\/p>\n\n\n\n<p>R\u00e9sultats<\/p>\n\n\n\n<p>O M\u00e9d\u00e9a 1 &#8211; Paradou AC 2<\/p>\n\n\n\n<p>MC Oran 0 &#8211; CS Constantine 0<\/p>\n\n\n\n<p>USM Alger 2 &#8211; US Biskra 1<\/p>\n\n\n\n<p>CABB Arr\u00e9ridj 0 &#8211; WA Tlemcen 1<\/p>\n\n\n\n<p>JS Saoura 2 &#8211; ASO Chlef 2<\/p>\n\n\n\n<p>RC Relizane 1 &#8211; JS Kabylie 0<\/p>\n\n\n\n<p>CR Belouizdad 1 &#8211; NC Magra 0<\/p>\n\n\n\n<p>MC Alger 3 &#8211; JSM Skikda 0<\/p>\n\n\n\n<p>USM Bel-Abb\u00e8s 1 &#8211; NA Husse\u00efn-Dey 0<\/p>\n\n\n\n<p>AS A\u00efn M&rsquo;lila 2 &#8211; ES S\u00e9tif&nbsp; 1<\/p>\n","protected":false},"excerpt":{"rendered":"<p>Premi\u00e8re \u00e9quipe \u00e0 avoir quitt\u00e9 officiellement la Ligue 1, la JSM Skikda paye cher les probl\u00e8mes \u00e0 la pelle dans<\/p>\n","protected":false},"author":3,"featured_media":2044,"comment_status":"open","ping_status":"closed","sticky":false,"template":"","format":"standard","meta":{"colormag_page_container_layout":"default_layout","colormag_page_sidebar_layout":"default_layout","om_disable_all_campaigns":false,"_monsterinsights_skip_tracking":false,"_monsterinsights_sitenote_active":false,"_monsterinsights_sitenote_note":"","_monsterinsights_sitenote_category":0,"footnotes":"","_wpscppro_dont_share_socialmedia":false,"_wpscppro_custom_social_share_image":0,"_facebook_share_type":"","_twitter_share_type":"","_linkedin_share_type":"","_pinterest_share_type":"","_linkedin_share_type_page":"","_instagram_share_type":"","_medium_share_type":"","_threads_share_type":"","_google_business_share_type":"","_selected_social_profile":[],"_wpsp_enable_custom_social_template":false,"_wpsp_social_scheduling":{"enabled":false,"datetime":null,"platforms":[],"status":"template_only","dateOption":"today","timeOption":"now","customDays":"","customHours":"","customDate":"","customTime":"","schedulingType":"absolute"},"_wpsp_active_default_template":true},"categories":[33],"tags":[],"class_list":["post-2036","post","type-post","status-publish","format-standard","has-post-thumbnail","hentry","category-sports"],"aioseo_notices":[],"yoast_head":"<!-- This site is optimized with the Yoast SEO plugin v27.5 - https:\/\/yoast.com\/product\/yoast-seo-wordpress\/ -->\n<title>Ligue 1 : La JSM Skikda rel\u00e9gu\u00e9e en Ligue 2 - La Sentinelle<\/title>\n<meta name=\"robots\" content=\"index, follow, max-snippet:-1, max-image-preview:large, max-video-preview:-1\" \/>\n<link rel=\"canonical\" href=\"https:\/\/lasentinelle.dz\/index.php\/2021\/07\/25\/ligue-1-la-jsm-skikda-releguee-en-ligue-2\/\" \/>\n<meta property=\"og:locale\" content=\"fr_FR\" \/>\n<meta property=\"og:type\" content=\"article\" \/>\n<meta property=\"og:title\" content=\"Ligue 1 : La JSM Skikda rel\u00e9gu\u00e9e en Ligue 2 - La Sentinelle\" \/>\n<meta property=\"og:description\" content=\"Premi\u00e8re \u00e9quipe \u00e0 avoir quitt\u00e9 officiellement la Ligue 1, la JSM Skikda paye cher les probl\u00e8mes \u00e0 la pelle dans\" \/>\n<meta property=\"og:url\" content=\"https:\/\/lasentinelle.dz\/index.php\/2021\/07\/25\/ligue-1-la-jsm-skikda-releguee-en-ligue-2\/\" \/>\n<meta property=\"og:site_name\" content=\"La Sentinelle\" \/>\n<meta property=\"article:publisher\" content=\"https:\/\/www.facebook.com\/La-Sentinelle-104059864394773\" \/>\n<meta property=\"article:published_time\" content=\"2021-07-24T23:01:00+00:00\" \/>\n<meta property=\"og:image\" content=\"https:\/\/lasentinelle.dz\/wp-content\/uploads\/2021\/07\/Skikda.png\" \/>\n\t<meta property=\"og:image:width\" content=\"1199\" \/>\n\t<meta property=\"og:image:height\" content=\"900\" \/>\n\t<meta property=\"og:image:type\" content=\"image\/png\" \/>\n<meta name=\"author\" content=\"La Sentinelle\" \/>\n<meta name=\"twitter:card\" content=\"summary_large_image\" \/>\n<meta name=\"twitter:label1\" content=\"\u00c9crit par\" \/>\n\t<meta name=\"twitter:data1\" content=\"La Sentinelle\" \/>\n\t<meta name=\"twitter:label2\" content=\"Dur\u00e9e de lecture estim\u00e9e\" \/>\n\t<meta name=\"twitter:data2\" content=\"3 minutes\" \/>\n<script type=\"application\/ld+json\" class=\"yoast-schema-graph\">{\"@context\":\"https:\\\/\\\/schema.org\",\"@graph\":[{\"@type\":\"Article\",\"@id\":\"https:\\\/\\\/lasentinelle.dz\\\/index.php\\\/2021\\\/07\\\/25\\\/ligue-1-la-jsm-skikda-releguee-en-ligue-2\\\/#article\",\"isPartOf\":{\"@id\":\"https:\\\/\\\/lasentinelle.dz\\\/index.php\\\/2021\\\/07\\\/25\\\/ligue-1-la-jsm-skikda-releguee-en-ligue-2\\\/\"},\"author\":{\"name\":\"La Sentinelle\",\"@id\":\"https:\\\/\\\/lasentinelle.dz\\\/#\\\/schema\\\/person\\\/d865044e22e70a75174ce8bcad3acfb3\"},\"headline\":\"Ligue 1 : La JSM Skikda rel\u00e9gu\u00e9e en Ligue 2\",\"datePublished\":\"2021-07-24T23:01:00+00:00\",\"mainEntityOfPage\":{\"@id\":\"https:\\\/\\\/lasentinelle.dz\\\/index.php\\\/2021\\\/07\\\/25\\\/ligue-1-la-jsm-skikda-releguee-en-ligue-2\\\/\"},\"wordCount\":569,\"commentCount\":0,\"publisher\":{\"@id\":\"https:\\\/\\\/lasentinelle.dz\\\/#organization\"},\"image\":{\"@id\":\"https:\\\/\\\/lasentinelle.dz\\\/index.php\\\/2021\\\/07\\\/25\\\/ligue-1-la-jsm-skikda-releguee-en-ligue-2\\\/#primaryimage\"},\"thumbnailUrl\":\"https:\\\/\\\/lasentinelle.dz\\\/wp-content\\\/uploads\\\/2021\\\/07\\\/Skikda.png\",\"articleSection\":[\"Sports\"],\"inLanguage\":\"fr-FR\",\"potentialAction\":[{\"@type\":\"CommentAction\",\"name\":\"Comment\",\"target\":[\"https:\\\/\\\/lasentinelle.dz\\\/index.php\\\/2021\\\/07\\\/25\\\/ligue-1-la-jsm-skikda-releguee-en-ligue-2\\\/#respond\"]}]},{\"@type\":\"WebPage\",\"@id\":\"https:\\\/\\\/lasentinelle.dz\\\/index.php\\\/2021\\\/07\\\/25\\\/ligue-1-la-jsm-skikda-releguee-en-ligue-2\\\/\",\"url\":\"https:\\\/\\\/lasentinelle.dz\\\/index.php\\\/2021\\\/07\\\/25\\\/ligue-1-la-jsm-skikda-releguee-en-ligue-2\\\/\",\"name\":\"Ligue 1 : La JSM Skikda rel\u00e9gu\u00e9e en Ligue 2 - La Sentinelle\",\"isPartOf\":{\"@id\":\"https:\\\/\\\/lasentinelle.dz\\\/#website\"},\"primaryImageOfPage\":{\"@id\":\"https:\\\/\\\/lasentinelle.dz\\\/index.php\\\/2021\\\/07\\\/25\\\/ligue-1-la-jsm-skikda-releguee-en-ligue-2\\\/#primaryimage\"},\"image\":{\"@id\":\"https:\\\/\\\/lasentinelle.dz\\\/index.php\\\/2021\\\/07\\\/25\\\/ligue-1-la-jsm-skikda-releguee-en-ligue-2\\\/#primaryimage\"},\"thumbnailUrl\":\"https:\\\/\\\/lasentinelle.dz\\\/wp-content\\\/uploads\\\/2021\\\/07\\\/Skikda.png\",\"datePublished\":\"2021-07-24T23:01:00+00:00\",\"breadcrumb\":{\"@id\":\"https:\\\/\\\/lasentinelle.dz\\\/index.php\\\/2021\\\/07\\\/25\\\/ligue-1-la-jsm-skikda-releguee-en-ligue-2\\\/#breadcrumb\"},\"inLanguage\":\"fr-FR\",\"potentialAction\":[{\"@type\":\"ReadAction\",\"target\":[\"https:\\\/\\\/lasentinelle.dz\\\/index.php\\\/2021\\\/07\\\/25\\\/ligue-1-la-jsm-skikda-releguee-en-ligue-2\\\/\"]}]},{\"@type\":\"ImageObject\",\"inLanguage\":\"fr-FR\",\"@id\":\"https:\\\/\\\/lasentinelle.dz\\\/index.php\\\/2021\\\/07\\\/25\\\/ligue-1-la-jsm-skikda-releguee-en-ligue-2\\\/#primaryimage\",\"url\":\"https:\\\/\\\/lasentinelle.dz\\\/wp-content\\\/uploads\\\/2021\\\/07\\\/Skikda.png\",\"contentUrl\":\"https:\\\/\\\/lasentinelle.dz\\\/wp-content\\\/uploads\\\/2021\\\/07\\\/Skikda.png\",\"width\":1199,\"height\":900},{\"@type\":\"BreadcrumbList\",\"@id\":\"https:\\\/\\\/lasentinelle.dz\\\/index.php\\\/2021\\\/07\\\/25\\\/ligue-1-la-jsm-skikda-releguee-en-ligue-2\\\/#breadcrumb\",\"itemListElement\":[{\"@type\":\"ListItem\",\"position\":1,\"name\":\"Accueil\",\"item\":\"https:\\\/\\\/lasentinelle.dz\\\/\"},{\"@type\":\"ListItem\",\"position\":2,\"name\":\"Ligue 1 : La JSM Skikda rel\u00e9gu\u00e9e en Ligue 2\"}]},{\"@type\":\"WebSite\",\"@id\":\"https:\\\/\\\/lasentinelle.dz\\\/#website\",\"url\":\"https:\\\/\\\/lasentinelle.dz\\\/\",\"name\":\"La Sentinelle\",\"description\":\"Quotidien national d&#039;information\",\"publisher\":{\"@id\":\"https:\\\/\\\/lasentinelle.dz\\\/#organization\"},\"potentialAction\":[{\"@type\":\"SearchAction\",\"target\":{\"@type\":\"EntryPoint\",\"urlTemplate\":\"https:\\\/\\\/lasentinelle.dz\\\/?s={search_term_string}\"},\"query-input\":{\"@type\":\"PropertyValueSpecification\",\"valueRequired\":true,\"valueName\":\"search_term_string\"}}],\"inLanguage\":\"fr-FR\"},{\"@type\":\"Organization\",\"@id\":\"https:\\\/\\\/lasentinelle.dz\\\/#organization\",\"name\":\"Quotidien La Sentinelle\",\"url\":\"https:\\\/\\\/lasentinelle.dz\\\/\",\"logo\":{\"@type\":\"ImageObject\",\"inLanguage\":\"fr-FR\",\"@id\":\"https:\\\/\\\/lasentinelle.dz\\\/#\\\/schema\\\/logo\\\/image\\\/\",\"url\":\"https:\\\/\\\/lasentinelle.dz\\\/wp-content\\\/uploads\\\/2021\\\/09\\\/logo-sentinelleSLOGAN-1.png\",\"contentUrl\":\"https:\\\/\\\/lasentinelle.dz\\\/wp-content\\\/uploads\\\/2021\\\/09\\\/logo-sentinelleSLOGAN-1.png\",\"width\":615,\"height\":142,\"caption\":\"Quotidien La Sentinelle\"},\"image\":{\"@id\":\"https:\\\/\\\/lasentinelle.dz\\\/#\\\/schema\\\/logo\\\/image\\\/\"},\"sameAs\":[\"https:\\\/\\\/www.facebook.com\\\/La-Sentinelle-104059864394773\"]},{\"@type\":\"Person\",\"@id\":\"https:\\\/\\\/lasentinelle.dz\\\/#\\\/schema\\\/person\\\/d865044e22e70a75174ce8bcad3acfb3\",\"name\":\"La Sentinelle\",\"image\":{\"@type\":\"ImageObject\",\"inLanguage\":\"fr-FR\",\"@id\":\"https:\\\/\\\/secure.gravatar.com\\\/avatar\\\/57de8e5d4b15d43fb361a71fbb36338450fe67865b528a43dd10ef7c51a20392?s=96&d=mm&r=g\",\"url\":\"https:\\\/\\\/secure.gravatar.com\\\/avatar\\\/57de8e5d4b15d43fb361a71fbb36338450fe67865b528a43dd10ef7c51a20392?s=96&d=mm&r=g\",\"contentUrl\":\"https:\\\/\\\/secure.gravatar.com\\\/avatar\\\/57de8e5d4b15d43fb361a71fbb36338450fe67865b528a43dd10ef7c51a20392?s=96&d=mm&r=g\",\"caption\":\"La Sentinelle\"},\"sameAs\":[\"http:\\\/\\\/www.lasentinelle.dz\"],\"url\":\"https:\\\/\\\/lasentinelle.dz\\\/author\\\/redaction\\\/\"}]}<\/script>\n<!-- \/ Yoast SEO plugin. -->","yoast_head_json":{"title":"Ligue 1 : La JSM Skikda rel\u00e9gu\u00e9e en Ligue 2 - La Sentinelle","robots":{"index":"index","follow":"follow","max-snippet":"max-snippet:-1","max-image-preview":"max-image-preview:large","max-video-preview":"max-video-preview:-1"},"canonical":"https:\/\/lasentinelle.dz\/index.php\/2021\/07\/25\/ligue-1-la-jsm-skikda-releguee-en-ligue-2\/","og_locale":"fr_FR","og_type":"article","og_title":"Ligue 1 : La JSM Skikda rel\u00e9gu\u00e9e en Ligue 2 - La Sentinelle","og_description":"Premi\u00e8re \u00e9quipe \u00e0 avoir quitt\u00e9 officiellement la Ligue 1, la JSM Skikda paye cher les probl\u00e8mes \u00e0 la pelle dans","og_url":"https:\/\/lasentinelle.dz\/index.php\/2021\/07\/25\/ligue-1-la-jsm-skikda-releguee-en-ligue-2\/","og_site_name":"La Sentinelle","article_publisher":"https:\/\/www.facebook.com\/La-Sentinelle-104059864394773","article_published_time":"2021-07-24T23:01:00+00:00","og_image":[{"width":1199,"height":900,"url":"https:\/\/lasentinelle.dz\/wp-content\/uploads\/2021\/07\/Skikda.png","type":"image\/png"}],"author":"La Sentinelle","twitter_card":"summary_large_image","twitter_misc":{"\u00c9crit par":"La Sentinelle","Dur\u00e9e de lecture estim\u00e9e":"3 minutes"},"schema":{"@context":"https:\/\/schema.org","@graph":[{"@type":"Article","@id":"https:\/\/lasentinelle.dz\/index.php\/2021\/07\/25\/ligue-1-la-jsm-skikda-releguee-en-ligue-2\/#article","isPartOf":{"@id":"https:\/\/lasentinelle.dz\/index.php\/2021\/07\/25\/ligue-1-la-jsm-skikda-releguee-en-ligue-2\/"},"author":{"name":"La Sentinelle","@id":"https:\/\/lasentinelle.dz\/#\/schema\/person\/d865044e22e70a75174ce8bcad3acfb3"},"headline":"Ligue 1 : La JSM Skikda rel\u00e9gu\u00e9e en Ligue 2","datePublished":"2021-07-24T23:01:00+00:00","mainEntityOfPage":{"@id":"https:\/\/lasentinelle.dz\/index.php\/2021\/07\/25\/ligue-1-la-jsm-skikda-releguee-en-ligue-2\/"},"wordCount":569,"commentCount":0,"publisher":{"@id":"https:\/\/lasentinelle.dz\/#organization"},"image":{"@id":"https:\/\/lasentinelle.dz\/index.php\/2021\/07\/25\/ligue-1-la-jsm-skikda-releguee-en-ligue-2\/#primaryimage"},"thumbnailUrl":"https:\/\/lasentinelle.dz\/wp-content\/uploads\/2021\/07\/Skikda.png","articleSection":["Sports"],"inLanguage":"fr-FR","potentialAction":[{"@type":"CommentAction","name":"Comment","target":["https:\/\/lasentinelle.dz\/index.php\/2021\/07\/25\/ligue-1-la-jsm-skikda-releguee-en-ligue-2\/#respond"]}]},{"@type":"WebPage","@id":"https:\/\/lasentinelle.dz\/index.php\/2021\/07\/25\/ligue-1-la-jsm-skikda-releguee-en-ligue-2\/","url":"https:\/\/lasentinelle.dz\/index.php\/2021\/07\/25\/ligue-1-la-jsm-skikda-releguee-en-ligue-2\/","name":"Ligue 1 : La JSM Skikda rel\u00e9gu\u00e9e en Ligue 2 - La Sentinelle","isPartOf":{"@id":"https:\/\/lasentinelle.dz\/#website"},"primaryImageOfPage":{"@id":"https:\/\/lasentinelle.dz\/index.php\/2021\/07\/25\/ligue-1-la-jsm-skikda-releguee-en-ligue-2\/#primaryimage"},"image":{"@id":"https:\/\/lasentinelle.dz\/index.php\/2021\/07\/25\/ligue-1-la-jsm-skikda-releguee-en-ligue-2\/#primaryimage"},"thumbnailUrl":"https:\/\/lasentinelle.dz\/wp-content\/uploads\/2021\/07\/Skikda.png","datePublished":"2021-07-24T23:01:00+00:00","breadcrumb":{"@id":"https:\/\/lasentinelle.dz\/index.php\/2021\/07\/25\/ligue-1-la-jsm-skikda-releguee-en-ligue-2\/#breadcrumb"},"inLanguage":"fr-FR","potentialAction":[{"@type":"ReadAction","target":["https:\/\/lasentinelle.dz\/index.php\/2021\/07\/25\/ligue-1-la-jsm-skikda-releguee-en-ligue-2\/"]}]},{"@type":"ImageObject","inLanguage":"fr-FR","@id":"https:\/\/lasentinelle.dz\/index.php\/2021\/07\/25\/ligue-1-la-jsm-skikda-releguee-en-ligue-2\/#primaryimage","url":"https:\/\/lasentinelle.dz\/wp-content\/uploads\/2021\/07\/Skikda.png","contentUrl":"https:\/\/lasentinelle.dz\/wp-content\/uploads\/2021\/07\/Skikda.png","width":1199,"height":900},{"@type":"BreadcrumbList","@id":"https:\/\/lasentinelle.dz\/index.php\/2021\/07\/25\/ligue-1-la-jsm-skikda-releguee-en-ligue-2\/#breadcrumb","itemListElement":[{"@type":"ListItem","position":1,"name":"Accueil","item":"https:\/\/lasentinelle.dz\/"},{"@type":"ListItem","position":2,"name":"Ligue 1 : La JSM Skikda rel\u00e9gu\u00e9e en Ligue 2"}]},{"@type":"WebSite","@id":"https:\/\/lasentinelle.dz\/#website","url":"https:\/\/lasentinelle.dz\/","name":"La Sentinelle","description":"Quotidien national d&#039;information","publisher":{"@id":"https:\/\/lasentinelle.dz\/#organization"},"potentialAction":[{"@type":"SearchAction","target":{"@type":"EntryPoint","urlTemplate":"https:\/\/lasentinelle.dz\/?s={search_term_string}"},"query-input":{"@type":"PropertyValueSpecification","valueRequired":true,"valueName":"search_term_string"}}],"inLanguage":"fr-FR"},{"@type":"Organization","@id":"https:\/\/lasentinelle.dz\/#organization","name":"Quotidien La Sentinelle","url":"https:\/\/lasentinelle.dz\/","logo":{"@type":"ImageObject","inLanguage":"fr-FR","@id":"https:\/\/lasentinelle.dz\/#\/schema\/logo\/image\/","url":"https:\/\/lasentinelle.dz\/wp-content\/uploads\/2021\/09\/logo-sentinelleSLOGAN-1.png","contentUrl":"https:\/\/lasentinelle.dz\/wp-content\/uploads\/2021\/09\/logo-sentinelleSLOGAN-1.png","width":615,"height":142,"caption":"Quotidien La Sentinelle"},"image":{"@id":"https:\/\/lasentinelle.dz\/#\/schema\/logo\/image\/"},"sameAs":["https:\/\/www.facebook.com\/La-Sentinelle-104059864394773"]},{"@type":"Person","@id":"https:\/\/lasentinelle.dz\/#\/schema\/person\/d865044e22e70a75174ce8bcad3acfb3","name":"La Sentinelle","image":{"@type":"ImageObject","inLanguage":"fr-FR","@id":"https:\/\/secure.gravatar.com\/avatar\/57de8e5d4b15d43fb361a71fbb36338450fe67865b528a43dd10ef7c51a20392?s=96&d=mm&r=g","url":"https:\/\/secure.gravatar.com\/avatar\/57de8e5d4b15d43fb361a71fbb36338450fe67865b528a43dd10ef7c51a20392?s=96&d=mm&r=g","contentUrl":"https:\/\/secure.gravatar.com\/avatar\/57de8e5d4b15d43fb361a71fbb36338450fe67865b528a43dd10ef7c51a20392?s=96&d=mm&r=g","caption":"La Sentinelle"},"sameAs":["http:\/\/www.lasentinelle.dz"],"url":"https:\/\/lasentinelle.dz\/author\/redaction\/"}]}},"_links":{"self":[{"href":"https:\/\/lasentinelle.dz\/index.php\/wp-json\/wp\/v2\/posts\/2036","targetHints":{"allow":["GET"]}}],"collection":[{"href":"https:\/\/lasentinelle.dz\/index.php\/wp-json\/wp\/v2\/posts"}],"about":[{"href":"https:\/\/lasentinelle.dz\/index.php\/wp-json\/wp\/v2\/types\/post"}],"author":[{"embeddable":true,"href":"https:\/\/lasentinelle.dz\/index.php\/wp-json\/wp\/v2\/users\/3"}],"replies":[{"embeddable":true,"href":"https:\/\/lasentinelle.dz\/index.php\/wp-json\/wp\/v2\/comments?post=2036"}],"version-history":[{"count":1,"href":"https:\/\/lasentinelle.dz\/index.php\/wp-json\/wp\/v2\/posts\/2036\/revisions"}],"predecessor-version":[{"id":2055,"href":"https:\/\/lasentinelle.dz\/index.php\/wp-json\/wp\/v2\/posts\/2036\/revisions\/2055"}],"wp:featuredmedia":[{"embeddable":true,"href":"https:\/\/lasentinelle.dz\/index.php\/wp-json\/wp\/v2\/media\/2044"}],"wp:attachment":[{"href":"https:\/\/lasentinelle.dz\/index.php\/wp-json\/wp\/v2\/media?parent=2036"}],"wp:term":[{"taxonomy":"category","embeddable":true,"href":"https:\/\/lasentinelle.dz\/index.php\/wp-json\/wp\/v2\/categories?post=2036"},{"taxonomy":"post_tag","embeddable":true,"href":"https:\/\/lasentinelle.dz\/index.php\/wp-json\/wp\/v2\/tags?post=2036"}],"curies":[{"name":"wp","href":"https:\/\/api.w.org\/{rel}","templated":true}]}}