{"id":20360,"date":"2022-04-27T00:01:00","date_gmt":"2022-04-26T23:01:00","guid":{"rendered":"https:\/\/lasentinelle.dz\/?p=20360"},"modified":"2022-04-26T17:18:42","modified_gmt":"2022-04-26T16:18:42","slug":"equipe-nationale-des-u17-remmane-veut-solutionner-la-panne-offensive","status":"publish","type":"post","link":"https:\/\/lasentinelle.dz\/index.php\/2022\/04\/27\/equipe-nationale-des-u17-remmane-veut-solutionner-la-panne-offensive\/","title":{"rendered":"\u00c9quipe nationale des U17\u00a0:\u00a0Remmane veut solutionner la panne offensive\u00a0"},"content":{"rendered":"\n<p>Les jeunots alg\u00e9riens continuent de pr\u00e9parer la Coupe arabe 2022 et la Coupe d&rsquo;Afrique des nations CAN-2023, dont les phases finales auront lieux en Alg\u00e9rie.&nbsp;&nbsp;<\/p>\n\n\n\n<p>Le s\u00e9lectionneur de l&rsquo;\u00e9quipe nationale de football des moins de 17 ans (U17), Arezki Remmane, a insist\u00e9 sur l&rsquo;importance de renforcer le secteur offensif, en mettant la main sur de \u00ab\u00a0tr\u00e8s bons attaquants\u00a0\u00bb, en vue de la Coupe arabe de la cat\u00e9gorie, pr\u00e9vue en Alg\u00e9rie du 23 ao\u00fbt au 8 septembre prochains. \u00ab\u00a0On est toujours \u00e0 la recherche de tr\u00e8s bons attaquants. On va continuer \u00e0 les chercher mais cela n\u2019enl\u00e8ve en rien au m\u00e9rite de ceux que j\u2019ai entre les mains. On veut voir d\u2019autres profils\u00a0\u00bb, a indiqu\u00e9 Remmane dans un entretien diffus\u00e9 dimanche soir, sur la page officielle Facebook de la F\u00e9d\u00e9ration alg\u00e9rienne (FAF). Les U17 ont boucl\u00e9 dimanche un stage de pr\u00e9paration d&rsquo;une semaine effectu\u00e9 au Centre technique national (CTN) de Sidi Moussa, avec au menu deux matchs amicaux contre les Acad\u00e9mies de Khemis-Miliana et de Paradou AC. \u00ab\u00a0Il s&rsquo;agit du premier stage d&rsquo;\u00e9valuation apr\u00e8s le tournoi de l&rsquo;Union nord-africaine (UNAF). Ce regroupement nous a permis de jauger la qualit\u00e9 de certains joueurs, dont nous avons besoin pour combler nos insuffisances, notamment sur le plan offensif. Il y&rsquo;a des \u00e9l\u00e9ments q ui ont donn\u00e9 satisfaction, et qui devraient \u00eatre de nouveau convoqu\u00e9s pour les prochains stages\u00a0\u00bb, a-t-il ajout\u00e9. Pour Remmane, les portes de l&rsquo;\u00e9quipe nationale restent ouvertes, aux ceux capables de donner \u00e0 un plus \u00e0 la s\u00e9lection: \u00ab\u00a0J&rsquo;aimerai bien voir d&rsquo;autres \u00e9l\u00e9ments pour nous rejoindre et donner le plus, d&rsquo;autant que nous avons d\u00e9cel\u00e9 des insuffisances offensives lors du tournoi de l&rsquo;UNAF. Je ne peux pas dire que nous avons une \u00e9quipe type \u00e0 100%, mais nous avons une ossature\u00a0\u00bb. Enfin, Arzeki Remmane a regrett\u00e9 la d\u00e9fection de la s\u00e9lection mauritanienne, qui devait affronter les \u00ab\u00a0Verts\u00a0\u00bb \u00e0 deux reprises. \u00a0\u00bb Nous aurions aim\u00e9 disputer deux matchs amicaux contre une s\u00e9lection, mais apr\u00e8s la d\u00e9fection de la Mauritanie, nous avons \u00e9t\u00e9 contraints de se rabattre sur les Acad\u00e9mies de Khemis-Miliana et le PAC\u00a0\u00bb. Outre la Coupe arabe, la s\u00e9lection des U17 pr\u00e9pare la Coupe d&rsquo;Afrique des nations CAN-2023, dont la phase finale aura lieu en 2023 en Alg\u00e9rie.&nbsp;&nbsp;<\/p>\n\n\n\n<p>R. S.<\/p>\n","protected":false},"excerpt":{"rendered":"<p>Les jeunots alg\u00e9riens continuent de pr\u00e9parer la Coupe arabe 2022 et la Coupe d&rsquo;Afrique des nations CAN-2023, dont les phases<\/p>\n","protected":false},"author":3,"featured_media":20367,"comment_status":"open","ping_status":"closed","sticky":false,"template":"","format":"standard","meta":{"colormag_page_container_layout":"default_layout","colormag_page_sidebar_layout":"default_layout","om_disable_all_campaigns":false,"_monsterinsights_skip_tracking":false,"_monsterinsights_sitenote_active":false,"_monsterinsights_sitenote_note":"","_monsterinsights_sitenote_category":0,"footnotes":"","_wpscppro_dont_share_socialmedia":false,"_wpscppro_custom_social_share_image":0,"_facebook_share_type":"","_twitter_share_type":"","_linkedin_share_type":"","_pinterest_share_type":"","_linkedin_share_type_page":"","_instagram_share_type":"","_medium_share_type":"","_threads_share_type":"","_google_business_share_type":"","_selected_social_profile":[],"_wpsp_enable_custom_social_template":false,"_wpsp_social_scheduling":{"enabled":false,"datetime":null,"platforms":[],"status":"template_only","dateOption":"today","timeOption":"now","customDays":"","customHours":"","customDate":"","customTime":"","schedulingType":"absolute"},"_wpsp_active_default_template":true},"categories":[33],"tags":[],"class_list":["post-20360","post","type-post","status-publish","format-standard","has-post-thumbnail","hentry","category-sports"],"aioseo_notices":[],"yoast_head":"<!-- This site is optimized with the Yoast SEO plugin v27.5 - https:\/\/yoast.com\/product\/yoast-seo-wordpress\/ -->\n<title>\u00c9quipe nationale des U17\u00a0:\u00a0Remmane veut solutionner la panne offensive\u00a0 - La Sentinelle<\/title>\n<meta name=\"robots\" content=\"index, follow, max-snippet:-1, max-image-preview:large, max-video-preview:-1\" \/>\n<link rel=\"canonical\" href=\"https:\/\/lasentinelle.dz\/index.php\/2022\/04\/27\/equipe-nationale-des-u17-remmane-veut-solutionner-la-panne-offensive\/\" \/>\n<meta property=\"og:locale\" content=\"fr_FR\" \/>\n<meta property=\"og:type\" content=\"article\" \/>\n<meta property=\"og:title\" content=\"\u00c9quipe nationale des U17\u00a0:\u00a0Remmane veut solutionner la panne offensive\u00a0 - La Sentinelle\" \/>\n<meta property=\"og:description\" content=\"Les jeunots alg\u00e9riens continuent de pr\u00e9parer la Coupe arabe 2022 et la Coupe d&rsquo;Afrique des nations CAN-2023, dont les phases\" \/>\n<meta property=\"og:url\" content=\"https:\/\/lasentinelle.dz\/index.php\/2022\/04\/27\/equipe-nationale-des-u17-remmane-veut-solutionner-la-panne-offensive\/\" \/>\n<meta property=\"og:site_name\" content=\"La Sentinelle\" \/>\n<meta property=\"article:publisher\" content=\"https:\/\/www.facebook.com\/La-Sentinelle-104059864394773\" \/>\n<meta property=\"article:published_time\" content=\"2022-04-26T23:01:00+00:00\" \/>\n<meta property=\"og:image\" content=\"https:\/\/lasentinelle.dz\/wp-content\/uploads\/2022\/04\/Remmane-scaled.jpg\" \/>\n\t<meta property=\"og:image:width\" content=\"2560\" \/>\n\t<meta property=\"og:image:height\" content=\"1707\" \/>\n\t<meta property=\"og:image:type\" content=\"image\/jpeg\" \/>\n<meta name=\"author\" content=\"La Sentinelle\" \/>\n<meta name=\"twitter:card\" content=\"summary_large_image\" \/>\n<meta name=\"twitter:label1\" content=\"\u00c9crit par\" \/>\n\t<meta name=\"twitter:data1\" content=\"La Sentinelle\" \/>\n\t<meta name=\"twitter:label2\" content=\"Dur\u00e9e de lecture estim\u00e9e\" \/>\n\t<meta name=\"twitter:data2\" content=\"2 minutes\" \/>\n<script type=\"application\/ld+json\" class=\"yoast-schema-graph\">{\"@context\":\"https:\\\/\\\/schema.org\",\"@graph\":[{\"@type\":\"Article\",\"@id\":\"https:\\\/\\\/lasentinelle.dz\\\/index.php\\\/2022\\\/04\\\/27\\\/equipe-nationale-des-u17-remmane-veut-solutionner-la-panne-offensive\\\/#article\",\"isPartOf\":{\"@id\":\"https:\\\/\\\/lasentinelle.dz\\\/index.php\\\/2022\\\/04\\\/27\\\/equipe-nationale-des-u17-remmane-veut-solutionner-la-panne-offensive\\\/\"},\"author\":{\"name\":\"La Sentinelle\",\"@id\":\"https:\\\/\\\/lasentinelle.dz\\\/#\\\/schema\\\/person\\\/d865044e22e70a75174ce8bcad3acfb3\"},\"headline\":\"\u00c9quipe nationale des U17\u00a0:\u00a0Remmane veut solutionner la panne offensive\u00a0\",\"datePublished\":\"2022-04-26T23:01:00+00:00\",\"mainEntityOfPage\":{\"@id\":\"https:\\\/\\\/lasentinelle.dz\\\/index.php\\\/2022\\\/04\\\/27\\\/equipe-nationale-des-u17-remmane-veut-solutionner-la-panne-offensive\\\/\"},\"wordCount\":418,\"commentCount\":0,\"publisher\":{\"@id\":\"https:\\\/\\\/lasentinelle.dz\\\/#organization\"},\"image\":{\"@id\":\"https:\\\/\\\/lasentinelle.dz\\\/index.php\\\/2022\\\/04\\\/27\\\/equipe-nationale-des-u17-remmane-veut-solutionner-la-panne-offensive\\\/#primaryimage\"},\"thumbnailUrl\":\"https:\\\/\\\/lasentinelle.dz\\\/wp-content\\\/uploads\\\/2022\\\/04\\\/Remmane-scaled.jpg\",\"articleSection\":[\"Sports\"],\"inLanguage\":\"fr-FR\",\"potentialAction\":[{\"@type\":\"CommentAction\",\"name\":\"Comment\",\"target\":[\"https:\\\/\\\/lasentinelle.dz\\\/index.php\\\/2022\\\/04\\\/27\\\/equipe-nationale-des-u17-remmane-veut-solutionner-la-panne-offensive\\\/#respond\"]}]},{\"@type\":\"WebPage\",\"@id\":\"https:\\\/\\\/lasentinelle.dz\\\/index.php\\\/2022\\\/04\\\/27\\\/equipe-nationale-des-u17-remmane-veut-solutionner-la-panne-offensive\\\/\",\"url\":\"https:\\\/\\\/lasentinelle.dz\\\/index.php\\\/2022\\\/04\\\/27\\\/equipe-nationale-des-u17-remmane-veut-solutionner-la-panne-offensive\\\/\",\"name\":\"\u00c9quipe nationale des U17\u00a0:\u00a0Remmane veut solutionner la panne offensive\u00a0 - La Sentinelle\",\"isPartOf\":{\"@id\":\"https:\\\/\\\/lasentinelle.dz\\\/#website\"},\"primaryImageOfPage\":{\"@id\":\"https:\\\/\\\/lasentinelle.dz\\\/index.php\\\/2022\\\/04\\\/27\\\/equipe-nationale-des-u17-remmane-veut-solutionner-la-panne-offensive\\\/#primaryimage\"},\"image\":{\"@id\":\"https:\\\/\\\/lasentinelle.dz\\\/index.php\\\/2022\\\/04\\\/27\\\/equipe-nationale-des-u17-remmane-veut-solutionner-la-panne-offensive\\\/#primaryimage\"},\"thumbnailUrl\":\"https:\\\/\\\/lasentinelle.dz\\\/wp-content\\\/uploads\\\/2022\\\/04\\\/Remmane-scaled.jpg\",\"datePublished\":\"2022-04-26T23:01:00+00:00\",\"breadcrumb\":{\"@id\":\"https:\\\/\\\/lasentinelle.dz\\\/index.php\\\/2022\\\/04\\\/27\\\/equipe-nationale-des-u17-remmane-veut-solutionner-la-panne-offensive\\\/#breadcrumb\"},\"inLanguage\":\"fr-FR\",\"potentialAction\":[{\"@type\":\"ReadAction\",\"target\":[\"https:\\\/\\\/lasentinelle.dz\\\/index.php\\\/2022\\\/04\\\/27\\\/equipe-nationale-des-u17-remmane-veut-solutionner-la-panne-offensive\\\/\"]}]},{\"@type\":\"ImageObject\",\"inLanguage\":\"fr-FR\",\"@id\":\"https:\\\/\\\/lasentinelle.dz\\\/index.php\\\/2022\\\/04\\\/27\\\/equipe-nationale-des-u17-remmane-veut-solutionner-la-panne-offensive\\\/#primaryimage\",\"url\":\"https:\\\/\\\/lasentinelle.dz\\\/wp-content\\\/uploads\\\/2022\\\/04\\\/Remmane-scaled.jpg\",\"contentUrl\":\"https:\\\/\\\/lasentinelle.dz\\\/wp-content\\\/uploads\\\/2022\\\/04\\\/Remmane-scaled.jpg\",\"width\":2560,\"height\":1707},{\"@type\":\"BreadcrumbList\",\"@id\":\"https:\\\/\\\/lasentinelle.dz\\\/index.php\\\/2022\\\/04\\\/27\\\/equipe-nationale-des-u17-remmane-veut-solutionner-la-panne-offensive\\\/#breadcrumb\",\"itemListElement\":[{\"@type\":\"ListItem\",\"position\":1,\"name\":\"Accueil\",\"item\":\"https:\\\/\\\/lasentinelle.dz\\\/\"},{\"@type\":\"ListItem\",\"position\":2,\"name\":\"\u00c9quipe nationale des U17\u00a0:\u00a0Remmane veut solutionner la panne offensive\u00a0\"}]},{\"@type\":\"WebSite\",\"@id\":\"https:\\\/\\\/lasentinelle.dz\\\/#website\",\"url\":\"https:\\\/\\\/lasentinelle.dz\\\/\",\"name\":\"La Sentinelle\",\"description\":\"Quotidien national d&#039;information\",\"publisher\":{\"@id\":\"https:\\\/\\\/lasentinelle.dz\\\/#organization\"},\"potentialAction\":[{\"@type\":\"SearchAction\",\"target\":{\"@type\":\"EntryPoint\",\"urlTemplate\":\"https:\\\/\\\/lasentinelle.dz\\\/?s={search_term_string}\"},\"query-input\":{\"@type\":\"PropertyValueSpecification\",\"valueRequired\":true,\"valueName\":\"search_term_string\"}}],\"inLanguage\":\"fr-FR\"},{\"@type\":\"Organization\",\"@id\":\"https:\\\/\\\/lasentinelle.dz\\\/#organization\",\"name\":\"Quotidien La Sentinelle\",\"url\":\"https:\\\/\\\/lasentinelle.dz\\\/\",\"logo\":{\"@type\":\"ImageObject\",\"inLanguage\":\"fr-FR\",\"@id\":\"https:\\\/\\\/lasentinelle.dz\\\/#\\\/schema\\\/logo\\\/image\\\/\",\"url\":\"https:\\\/\\\/lasentinelle.dz\\\/wp-content\\\/uploads\\\/2021\\\/09\\\/logo-sentinelleSLOGAN-1.png\",\"contentUrl\":\"https:\\\/\\\/lasentinelle.dz\\\/wp-content\\\/uploads\\\/2021\\\/09\\\/logo-sentinelleSLOGAN-1.png\",\"width\":615,\"height\":142,\"caption\":\"Quotidien La Sentinelle\"},\"image\":{\"@id\":\"https:\\\/\\\/lasentinelle.dz\\\/#\\\/schema\\\/logo\\\/image\\\/\"},\"sameAs\":[\"https:\\\/\\\/www.facebook.com\\\/La-Sentinelle-104059864394773\"]},{\"@type\":\"Person\",\"@id\":\"https:\\\/\\\/lasentinelle.dz\\\/#\\\/schema\\\/person\\\/d865044e22e70a75174ce8bcad3acfb3\",\"name\":\"La Sentinelle\",\"image\":{\"@type\":\"ImageObject\",\"inLanguage\":\"fr-FR\",\"@id\":\"https:\\\/\\\/secure.gravatar.com\\\/avatar\\\/57de8e5d4b15d43fb361a71fbb36338450fe67865b528a43dd10ef7c51a20392?s=96&d=mm&r=g\",\"url\":\"https:\\\/\\\/secure.gravatar.com\\\/avatar\\\/57de8e5d4b15d43fb361a71fbb36338450fe67865b528a43dd10ef7c51a20392?s=96&d=mm&r=g\",\"contentUrl\":\"https:\\\/\\\/secure.gravatar.com\\\/avatar\\\/57de8e5d4b15d43fb361a71fbb36338450fe67865b528a43dd10ef7c51a20392?s=96&d=mm&r=g\",\"caption\":\"La Sentinelle\"},\"sameAs\":[\"http:\\\/\\\/www.lasentinelle.dz\"],\"url\":\"https:\\\/\\\/lasentinelle.dz\\\/author\\\/redaction\\\/\"}]}<\/script>\n<!-- \/ Yoast SEO plugin. -->","yoast_head_json":{"title":"\u00c9quipe nationale des U17\u00a0:\u00a0Remmane veut solutionner la panne offensive\u00a0 - La Sentinelle","robots":{"index":"index","follow":"follow","max-snippet":"max-snippet:-1","max-image-preview":"max-image-preview:large","max-video-preview":"max-video-preview:-1"},"canonical":"https:\/\/lasentinelle.dz\/index.php\/2022\/04\/27\/equipe-nationale-des-u17-remmane-veut-solutionner-la-panne-offensive\/","og_locale":"fr_FR","og_type":"article","og_title":"\u00c9quipe nationale des U17\u00a0:\u00a0Remmane veut solutionner la panne offensive\u00a0 - La Sentinelle","og_description":"Les jeunots alg\u00e9riens continuent de pr\u00e9parer la Coupe arabe 2022 et la Coupe d&rsquo;Afrique des nations CAN-2023, dont les phases","og_url":"https:\/\/lasentinelle.dz\/index.php\/2022\/04\/27\/equipe-nationale-des-u17-remmane-veut-solutionner-la-panne-offensive\/","og_site_name":"La Sentinelle","article_publisher":"https:\/\/www.facebook.com\/La-Sentinelle-104059864394773","article_published_time":"2022-04-26T23:01:00+00:00","og_image":[{"width":2560,"height":1707,"url":"https:\/\/lasentinelle.dz\/wp-content\/uploads\/2022\/04\/Remmane-scaled.jpg","type":"image\/jpeg"}],"author":"La Sentinelle","twitter_card":"summary_large_image","twitter_misc":{"\u00c9crit par":"La Sentinelle","Dur\u00e9e de lecture estim\u00e9e":"2 minutes"},"schema":{"@context":"https:\/\/schema.org","@graph":[{"@type":"Article","@id":"https:\/\/lasentinelle.dz\/index.php\/2022\/04\/27\/equipe-nationale-des-u17-remmane-veut-solutionner-la-panne-offensive\/#article","isPartOf":{"@id":"https:\/\/lasentinelle.dz\/index.php\/2022\/04\/27\/equipe-nationale-des-u17-remmane-veut-solutionner-la-panne-offensive\/"},"author":{"name":"La Sentinelle","@id":"https:\/\/lasentinelle.dz\/#\/schema\/person\/d865044e22e70a75174ce8bcad3acfb3"},"headline":"\u00c9quipe nationale des U17\u00a0:\u00a0Remmane veut solutionner la panne offensive\u00a0","datePublished":"2022-04-26T23:01:00+00:00","mainEntityOfPage":{"@id":"https:\/\/lasentinelle.dz\/index.php\/2022\/04\/27\/equipe-nationale-des-u17-remmane-veut-solutionner-la-panne-offensive\/"},"wordCount":418,"commentCount":0,"publisher":{"@id":"https:\/\/lasentinelle.dz\/#organization"},"image":{"@id":"https:\/\/lasentinelle.dz\/index.php\/2022\/04\/27\/equipe-nationale-des-u17-remmane-veut-solutionner-la-panne-offensive\/#primaryimage"},"thumbnailUrl":"https:\/\/lasentinelle.dz\/wp-content\/uploads\/2022\/04\/Remmane-scaled.jpg","articleSection":["Sports"],"inLanguage":"fr-FR","potentialAction":[{"@type":"CommentAction","name":"Comment","target":["https:\/\/lasentinelle.dz\/index.php\/2022\/04\/27\/equipe-nationale-des-u17-remmane-veut-solutionner-la-panne-offensive\/#respond"]}]},{"@type":"WebPage","@id":"https:\/\/lasentinelle.dz\/index.php\/2022\/04\/27\/equipe-nationale-des-u17-remmane-veut-solutionner-la-panne-offensive\/","url":"https:\/\/lasentinelle.dz\/index.php\/2022\/04\/27\/equipe-nationale-des-u17-remmane-veut-solutionner-la-panne-offensive\/","name":"\u00c9quipe nationale des U17\u00a0:\u00a0Remmane veut solutionner la panne offensive\u00a0 - La Sentinelle","isPartOf":{"@id":"https:\/\/lasentinelle.dz\/#website"},"primaryImageOfPage":{"@id":"https:\/\/lasentinelle.dz\/index.php\/2022\/04\/27\/equipe-nationale-des-u17-remmane-veut-solutionner-la-panne-offensive\/#primaryimage"},"image":{"@id":"https:\/\/lasentinelle.dz\/index.php\/2022\/04\/27\/equipe-nationale-des-u17-remmane-veut-solutionner-la-panne-offensive\/#primaryimage"},"thumbnailUrl":"https:\/\/lasentinelle.dz\/wp-content\/uploads\/2022\/04\/Remmane-scaled.jpg","datePublished":"2022-04-26T23:01:00+00:00","breadcrumb":{"@id":"https:\/\/lasentinelle.dz\/index.php\/2022\/04\/27\/equipe-nationale-des-u17-remmane-veut-solutionner-la-panne-offensive\/#breadcrumb"},"inLanguage":"fr-FR","potentialAction":[{"@type":"ReadAction","target":["https:\/\/lasentinelle.dz\/index.php\/2022\/04\/27\/equipe-nationale-des-u17-remmane-veut-solutionner-la-panne-offensive\/"]}]},{"@type":"ImageObject","inLanguage":"fr-FR","@id":"https:\/\/lasentinelle.dz\/index.php\/2022\/04\/27\/equipe-nationale-des-u17-remmane-veut-solutionner-la-panne-offensive\/#primaryimage","url":"https:\/\/lasentinelle.dz\/wp-content\/uploads\/2022\/04\/Remmane-scaled.jpg","contentUrl":"https:\/\/lasentinelle.dz\/wp-content\/uploads\/2022\/04\/Remmane-scaled.jpg","width":2560,"height":1707},{"@type":"BreadcrumbList","@id":"https:\/\/lasentinelle.dz\/index.php\/2022\/04\/27\/equipe-nationale-des-u17-remmane-veut-solutionner-la-panne-offensive\/#breadcrumb","itemListElement":[{"@type":"ListItem","position":1,"name":"Accueil","item":"https:\/\/lasentinelle.dz\/"},{"@type":"ListItem","position":2,"name":"\u00c9quipe nationale des U17\u00a0:\u00a0Remmane veut solutionner la panne offensive\u00a0"}]},{"@type":"WebSite","@id":"https:\/\/lasentinelle.dz\/#website","url":"https:\/\/lasentinelle.dz\/","name":"La Sentinelle","description":"Quotidien national d&#039;information","publisher":{"@id":"https:\/\/lasentinelle.dz\/#organization"},"potentialAction":[{"@type":"SearchAction","target":{"@type":"EntryPoint","urlTemplate":"https:\/\/lasentinelle.dz\/?s={search_term_string}"},"query-input":{"@type":"PropertyValueSpecification","valueRequired":true,"valueName":"search_term_string"}}],"inLanguage":"fr-FR"},{"@type":"Organization","@id":"https:\/\/lasentinelle.dz\/#organization","name":"Quotidien La Sentinelle","url":"https:\/\/lasentinelle.dz\/","logo":{"@type":"ImageObject","inLanguage":"fr-FR","@id":"https:\/\/lasentinelle.dz\/#\/schema\/logo\/image\/","url":"https:\/\/lasentinelle.dz\/wp-content\/uploads\/2021\/09\/logo-sentinelleSLOGAN-1.png","contentUrl":"https:\/\/lasentinelle.dz\/wp-content\/uploads\/2021\/09\/logo-sentinelleSLOGAN-1.png","width":615,"height":142,"caption":"Quotidien La Sentinelle"},"image":{"@id":"https:\/\/lasentinelle.dz\/#\/schema\/logo\/image\/"},"sameAs":["https:\/\/www.facebook.com\/La-Sentinelle-104059864394773"]},{"@type":"Person","@id":"https:\/\/lasentinelle.dz\/#\/schema\/person\/d865044e22e70a75174ce8bcad3acfb3","name":"La Sentinelle","image":{"@type":"ImageObject","inLanguage":"fr-FR","@id":"https:\/\/secure.gravatar.com\/avatar\/57de8e5d4b15d43fb361a71fbb36338450fe67865b528a43dd10ef7c51a20392?s=96&d=mm&r=g","url":"https:\/\/secure.gravatar.com\/avatar\/57de8e5d4b15d43fb361a71fbb36338450fe67865b528a43dd10ef7c51a20392?s=96&d=mm&r=g","contentUrl":"https:\/\/secure.gravatar.com\/avatar\/57de8e5d4b15d43fb361a71fbb36338450fe67865b528a43dd10ef7c51a20392?s=96&d=mm&r=g","caption":"La Sentinelle"},"sameAs":["http:\/\/www.lasentinelle.dz"],"url":"https:\/\/lasentinelle.dz\/author\/redaction\/"}]}},"_links":{"self":[{"href":"https:\/\/lasentinelle.dz\/index.php\/wp-json\/wp\/v2\/posts\/20360","targetHints":{"allow":["GET"]}}],"collection":[{"href":"https:\/\/lasentinelle.dz\/index.php\/wp-json\/wp\/v2\/posts"}],"about":[{"href":"https:\/\/lasentinelle.dz\/index.php\/wp-json\/wp\/v2\/types\/post"}],"author":[{"embeddable":true,"href":"https:\/\/lasentinelle.dz\/index.php\/wp-json\/wp\/v2\/users\/3"}],"replies":[{"embeddable":true,"href":"https:\/\/lasentinelle.dz\/index.php\/wp-json\/wp\/v2\/comments?post=20360"}],"version-history":[{"count":1,"href":"https:\/\/lasentinelle.dz\/index.php\/wp-json\/wp\/v2\/posts\/20360\/revisions"}],"predecessor-version":[{"id":20368,"href":"https:\/\/lasentinelle.dz\/index.php\/wp-json\/wp\/v2\/posts\/20360\/revisions\/20368"}],"wp:featuredmedia":[{"embeddable":true,"href":"https:\/\/lasentinelle.dz\/index.php\/wp-json\/wp\/v2\/media\/20367"}],"wp:attachment":[{"href":"https:\/\/lasentinelle.dz\/index.php\/wp-json\/wp\/v2\/media?parent=20360"}],"wp:term":[{"taxonomy":"category","embeddable":true,"href":"https:\/\/lasentinelle.dz\/index.php\/wp-json\/wp\/v2\/categories?post=20360"},{"taxonomy":"post_tag","embeddable":true,"href":"https:\/\/lasentinelle.dz\/index.php\/wp-json\/wp\/v2\/tags?post=20360"}],"curies":[{"name":"wp","href":"https:\/\/api.w.org\/{rel}","templated":true}]}}