{"id":20362,"date":"2022-04-27T00:05:00","date_gmt":"2022-04-26T23:05:00","guid":{"rendered":"https:\/\/lasentinelle.dz\/?p=20362"},"modified":"2022-04-26T17:19:14","modified_gmt":"2022-04-26T16:19:14","slug":"affaire-gassama-etoo-veut-confronter-belmadi-devant-la-fifa","status":"publish","type":"post","link":"https:\/\/lasentinelle.dz\/index.php\/2022\/04\/27\/affaire-gassama-etoo-veut-confronter-belmadi-devant-la-fifa\/","title":{"rendered":"Affaire Gassama\u00a0:\u00a0Eto&rsquo;o veut\u00a0confronter\u00a0Belmadi devant la FIFA\u00a0"},"content":{"rendered":"\n<p>La derni\u00e8re sortie m\u00e9diatique de l\u2019entra\u00eeneur de l\u2019\u00c9quipe nationale de football, Djamel Belmadi, a \u00e9t\u00e9 fracassante.&nbsp;<\/p>\n\n\n\n<p>L\u2019homme, qui a d\u00e9cid\u00e9 de poursuivre sa mission \u00e0 la t\u00eate des Verts pour un nouveau challenge&nbsp;&nbsp;a craqu\u00e9 contre l\u2019arbitre gambien, Bakary Gassama, qui a offici\u00e9 le barrage retour perdu par l\u2019Alg\u00e9rie face au Cameroun (1-0, 1-2, AP) le 29 mars dernier \u00e0 Blida. Au lendemain de cette sortie m\u00e9diatique, la F\u00e9d\u00e9ration camerounaise de football (FECAFOOT) a r\u00e9pliqu\u00e9, lundi soir. L\u2019instance camerounaise, via un communiqu\u00e9 sign\u00e9 par son pr\u00e9sident Samuel Eto&rsquo;o a \u00e9crit : \u00ab La F\u00e9d\u00e9ration camerounaise de football fait part de sa vive pr\u00e9occupation \u00e0 la suite des propos tenus le 24 avril 2022 par Monsieur Djamel Belmadi, l\u2019entra\u00eeneur-s\u00e9lectionneur des Fennecs d\u2019Alg\u00e9rie, suite au match comptant pour les barrages Zone Afrique de la Coupe du monde Qatar 2022. \u00bb Elle ajoute que \u00ab le Cameroun se r\u00e9serve le droit de porter l\u2019affaire, dans les prochains jours, devant la Commission d\u2019\u00e9thique de la FIFA. \u00bb La FECAFOOT, et avant m\u00eame une \u00e9ventuelle r\u00e9clamation aupr\u00e8s des instances disciplinaires de la FIFA, a tenu \u00e0 laver son honneur, estimant qu\u2019elle elle n\u2019a pas b\u00e9n\u00e9fici\u00e9 d\u2019un \u00ab arbitrage favorable \u00bb face \u00e0 l\u2019Alg\u00e9rie, affirmant, au passage, qu\u2019elle n\u2019a surtout pas foment\u00e9 une quelconque conspiration contre l\u2019Alg\u00e9rie : \u00ab La FECAFOOT conteste ces all\u00e9gations diffamatoires instill\u00e9es de mani\u00e8re allusive et formul\u00e9es de fa\u00e7on r\u00e9p\u00e9titive par les dirigeants alg\u00e9riens du football.\u00bb Elle regrette que la persistance de cette pol\u00e9mique au long cours soit de nature \u00e0 provoquer des incidents similaires \u00e0 l\u2019agression verbale subie par des responsables camerounais le 1er avril dernier \u00e0 Doha en marge du tirage au sort de la Coupe du monde Qatar 2022.&nbsp;&nbsp;\u00ab On ne verra plus jamais un arbitre comme \u00e7a mettre \u00e0 mal un pays. Je suis oblig\u00e9 de dire que je n\u2019ai pas aim\u00e9 du tout au lendemain du d\u00e9part de cet arbitre, \u00e0 l\u2019a\u00e9roport d\u2019Alger, le voir confortablement assis dans les salons \u00e0 boire un caf\u00e9 avec un millefeuille \u00bb, avait lanc\u00e9 Belmadi. Le genre de d\u00e9clarations \u00ab loin des valeurs du sport \u00bb qu\u2019entend pr\u00f4ner la FECAFOOT. En attendant de voir la FIFA trancher dans cette affaire, c\u2019est bien le Cameroun qui disputera la Coupe du monde 2022. Au Qatar, les joueurs de Rigobert Song affronteront la Serbie, la Suisse et le Br\u00e9sil.&nbsp;<\/p>\n\n\n\n<p><strong>Abderrahim Mahious<\/strong><\/p>\n","protected":false},"excerpt":{"rendered":"<p>La derni\u00e8re sortie m\u00e9diatique de l\u2019entra\u00eeneur de l\u2019\u00c9quipe nationale de football, Djamel Belmadi, a \u00e9t\u00e9 fracassante.&nbsp; L\u2019homme, qui a d\u00e9cid\u00e9<\/p>\n","protected":false},"author":3,"featured_media":20364,"comment_status":"open","ping_status":"closed","sticky":false,"template":"","format":"standard","meta":{"colormag_page_container_layout":"default_layout","colormag_page_sidebar_layout":"default_layout","om_disable_all_campaigns":false,"_monsterinsights_skip_tracking":false,"_monsterinsights_sitenote_active":false,"_monsterinsights_sitenote_note":"","_monsterinsights_sitenote_category":0,"footnotes":"","_wpscppro_dont_share_socialmedia":false,"_wpscppro_custom_social_share_image":0,"_facebook_share_type":"","_twitter_share_type":"","_linkedin_share_type":"","_pinterest_share_type":"","_linkedin_share_type_page":"","_instagram_share_type":"","_medium_share_type":"","_threads_share_type":"","_google_business_share_type":"","_selected_social_profile":[],"_wpsp_enable_custom_social_template":false,"_wpsp_social_scheduling":{"enabled":false,"datetime":null,"platforms":[],"status":"template_only","dateOption":"today","timeOption":"now","customDays":"","customHours":"","customDate":"","customTime":"","schedulingType":"absolute"},"_wpsp_active_default_template":true},"categories":[52,33],"tags":[],"class_list":["post-20362","post","type-post","status-publish","format-standard","has-post-thumbnail","hentry","category-a-la-une","category-sports"],"aioseo_notices":[],"yoast_head":"<!-- This site is optimized with the Yoast SEO plugin v27.5 - https:\/\/yoast.com\/product\/yoast-seo-wordpress\/ -->\n<title>Affaire Gassama\u00a0:\u00a0Eto&#039;o veut\u00a0confronter\u00a0Belmadi devant la FIFA\u00a0 - La Sentinelle<\/title>\n<meta name=\"robots\" content=\"index, follow, max-snippet:-1, max-image-preview:large, max-video-preview:-1\" \/>\n<link rel=\"canonical\" href=\"https:\/\/lasentinelle.dz\/index.php\/2022\/04\/27\/affaire-gassama-etoo-veut-confronter-belmadi-devant-la-fifa\/\" \/>\n<meta property=\"og:locale\" content=\"fr_FR\" \/>\n<meta property=\"og:type\" content=\"article\" \/>\n<meta property=\"og:title\" content=\"Affaire Gassama\u00a0:\u00a0Eto&#039;o veut\u00a0confronter\u00a0Belmadi devant la FIFA\u00a0 - La Sentinelle\" \/>\n<meta property=\"og:description\" content=\"La derni\u00e8re sortie m\u00e9diatique de l\u2019entra\u00eeneur de l\u2019\u00c9quipe nationale de football, Djamel Belmadi, a \u00e9t\u00e9 fracassante.&nbsp; L\u2019homme, qui a d\u00e9cid\u00e9\" \/>\n<meta property=\"og:url\" content=\"https:\/\/lasentinelle.dz\/index.php\/2022\/04\/27\/affaire-gassama-etoo-veut-confronter-belmadi-devant-la-fifa\/\" \/>\n<meta property=\"og:site_name\" content=\"La Sentinelle\" \/>\n<meta property=\"article:publisher\" content=\"https:\/\/www.facebook.com\/La-Sentinelle-104059864394773\" \/>\n<meta property=\"article:published_time\" content=\"2022-04-26T23:05:00+00:00\" \/>\n<meta property=\"og:image\" content=\"https:\/\/lasentinelle.dz\/wp-content\/uploads\/2022\/04\/Belmadi11.png\" \/>\n\t<meta property=\"og:image:width\" content=\"1727\" \/>\n\t<meta property=\"og:image:height\" content=\"900\" \/>\n\t<meta property=\"og:image:type\" content=\"image\/png\" \/>\n<meta name=\"author\" content=\"La Sentinelle\" \/>\n<meta name=\"twitter:card\" content=\"summary_large_image\" \/>\n<meta name=\"twitter:label1\" content=\"\u00c9crit par\" \/>\n\t<meta name=\"twitter:data1\" content=\"La Sentinelle\" \/>\n\t<meta name=\"twitter:label2\" content=\"Dur\u00e9e de lecture estim\u00e9e\" \/>\n\t<meta name=\"twitter:data2\" content=\"2 minutes\" \/>\n<script type=\"application\/ld+json\" class=\"yoast-schema-graph\">{\"@context\":\"https:\\\/\\\/schema.org\",\"@graph\":[{\"@type\":\"Article\",\"@id\":\"https:\\\/\\\/lasentinelle.dz\\\/index.php\\\/2022\\\/04\\\/27\\\/affaire-gassama-etoo-veut-confronter-belmadi-devant-la-fifa\\\/#article\",\"isPartOf\":{\"@id\":\"https:\\\/\\\/lasentinelle.dz\\\/index.php\\\/2022\\\/04\\\/27\\\/affaire-gassama-etoo-veut-confronter-belmadi-devant-la-fifa\\\/\"},\"author\":{\"name\":\"La Sentinelle\",\"@id\":\"https:\\\/\\\/lasentinelle.dz\\\/#\\\/schema\\\/person\\\/d865044e22e70a75174ce8bcad3acfb3\"},\"headline\":\"Affaire Gassama\u00a0:\u00a0Eto&rsquo;o veut\u00a0confronter\u00a0Belmadi devant la FIFA\u00a0\",\"datePublished\":\"2022-04-26T23:05:00+00:00\",\"mainEntityOfPage\":{\"@id\":\"https:\\\/\\\/lasentinelle.dz\\\/index.php\\\/2022\\\/04\\\/27\\\/affaire-gassama-etoo-veut-confronter-belmadi-devant-la-fifa\\\/\"},\"wordCount\":437,\"commentCount\":0,\"publisher\":{\"@id\":\"https:\\\/\\\/lasentinelle.dz\\\/#organization\"},\"image\":{\"@id\":\"https:\\\/\\\/lasentinelle.dz\\\/index.php\\\/2022\\\/04\\\/27\\\/affaire-gassama-etoo-veut-confronter-belmadi-devant-la-fifa\\\/#primaryimage\"},\"thumbnailUrl\":\"https:\\\/\\\/lasentinelle.dz\\\/wp-content\\\/uploads\\\/2022\\\/04\\\/Belmadi11.png\",\"articleSection\":[\"\u00c0 la Une\",\"Sports\"],\"inLanguage\":\"fr-FR\",\"potentialAction\":[{\"@type\":\"CommentAction\",\"name\":\"Comment\",\"target\":[\"https:\\\/\\\/lasentinelle.dz\\\/index.php\\\/2022\\\/04\\\/27\\\/affaire-gassama-etoo-veut-confronter-belmadi-devant-la-fifa\\\/#respond\"]}]},{\"@type\":\"WebPage\",\"@id\":\"https:\\\/\\\/lasentinelle.dz\\\/index.php\\\/2022\\\/04\\\/27\\\/affaire-gassama-etoo-veut-confronter-belmadi-devant-la-fifa\\\/\",\"url\":\"https:\\\/\\\/lasentinelle.dz\\\/index.php\\\/2022\\\/04\\\/27\\\/affaire-gassama-etoo-veut-confronter-belmadi-devant-la-fifa\\\/\",\"name\":\"Affaire Gassama\u00a0:\u00a0Eto'o veut\u00a0confronter\u00a0Belmadi devant la FIFA\u00a0 - La Sentinelle\",\"isPartOf\":{\"@id\":\"https:\\\/\\\/lasentinelle.dz\\\/#website\"},\"primaryImageOfPage\":{\"@id\":\"https:\\\/\\\/lasentinelle.dz\\\/index.php\\\/2022\\\/04\\\/27\\\/affaire-gassama-etoo-veut-confronter-belmadi-devant-la-fifa\\\/#primaryimage\"},\"image\":{\"@id\":\"https:\\\/\\\/lasentinelle.dz\\\/index.php\\\/2022\\\/04\\\/27\\\/affaire-gassama-etoo-veut-confronter-belmadi-devant-la-fifa\\\/#primaryimage\"},\"thumbnailUrl\":\"https:\\\/\\\/lasentinelle.dz\\\/wp-content\\\/uploads\\\/2022\\\/04\\\/Belmadi11.png\",\"datePublished\":\"2022-04-26T23:05:00+00:00\",\"breadcrumb\":{\"@id\":\"https:\\\/\\\/lasentinelle.dz\\\/index.php\\\/2022\\\/04\\\/27\\\/affaire-gassama-etoo-veut-confronter-belmadi-devant-la-fifa\\\/#breadcrumb\"},\"inLanguage\":\"fr-FR\",\"potentialAction\":[{\"@type\":\"ReadAction\",\"target\":[\"https:\\\/\\\/lasentinelle.dz\\\/index.php\\\/2022\\\/04\\\/27\\\/affaire-gassama-etoo-veut-confronter-belmadi-devant-la-fifa\\\/\"]}]},{\"@type\":\"ImageObject\",\"inLanguage\":\"fr-FR\",\"@id\":\"https:\\\/\\\/lasentinelle.dz\\\/index.php\\\/2022\\\/04\\\/27\\\/affaire-gassama-etoo-veut-confronter-belmadi-devant-la-fifa\\\/#primaryimage\",\"url\":\"https:\\\/\\\/lasentinelle.dz\\\/wp-content\\\/uploads\\\/2022\\\/04\\\/Belmadi11.png\",\"contentUrl\":\"https:\\\/\\\/lasentinelle.dz\\\/wp-content\\\/uploads\\\/2022\\\/04\\\/Belmadi11.png\",\"width\":1727,\"height\":900},{\"@type\":\"BreadcrumbList\",\"@id\":\"https:\\\/\\\/lasentinelle.dz\\\/index.php\\\/2022\\\/04\\\/27\\\/affaire-gassama-etoo-veut-confronter-belmadi-devant-la-fifa\\\/#breadcrumb\",\"itemListElement\":[{\"@type\":\"ListItem\",\"position\":1,\"name\":\"Accueil\",\"item\":\"https:\\\/\\\/lasentinelle.dz\\\/\"},{\"@type\":\"ListItem\",\"position\":2,\"name\":\"Affaire Gassama\u00a0:\u00a0Eto&rsquo;o veut\u00a0confronter\u00a0Belmadi devant la FIFA\u00a0\"}]},{\"@type\":\"WebSite\",\"@id\":\"https:\\\/\\\/lasentinelle.dz\\\/#website\",\"url\":\"https:\\\/\\\/lasentinelle.dz\\\/\",\"name\":\"La Sentinelle\",\"description\":\"Quotidien national d&#039;information\",\"publisher\":{\"@id\":\"https:\\\/\\\/lasentinelle.dz\\\/#organization\"},\"potentialAction\":[{\"@type\":\"SearchAction\",\"target\":{\"@type\":\"EntryPoint\",\"urlTemplate\":\"https:\\\/\\\/lasentinelle.dz\\\/?s={search_term_string}\"},\"query-input\":{\"@type\":\"PropertyValueSpecification\",\"valueRequired\":true,\"valueName\":\"search_term_string\"}}],\"inLanguage\":\"fr-FR\"},{\"@type\":\"Organization\",\"@id\":\"https:\\\/\\\/lasentinelle.dz\\\/#organization\",\"name\":\"Quotidien La Sentinelle\",\"url\":\"https:\\\/\\\/lasentinelle.dz\\\/\",\"logo\":{\"@type\":\"ImageObject\",\"inLanguage\":\"fr-FR\",\"@id\":\"https:\\\/\\\/lasentinelle.dz\\\/#\\\/schema\\\/logo\\\/image\\\/\",\"url\":\"https:\\\/\\\/lasentinelle.dz\\\/wp-content\\\/uploads\\\/2021\\\/09\\\/logo-sentinelleSLOGAN-1.png\",\"contentUrl\":\"https:\\\/\\\/lasentinelle.dz\\\/wp-content\\\/uploads\\\/2021\\\/09\\\/logo-sentinelleSLOGAN-1.png\",\"width\":615,\"height\":142,\"caption\":\"Quotidien La Sentinelle\"},\"image\":{\"@id\":\"https:\\\/\\\/lasentinelle.dz\\\/#\\\/schema\\\/logo\\\/image\\\/\"},\"sameAs\":[\"https:\\\/\\\/www.facebook.com\\\/La-Sentinelle-104059864394773\"]},{\"@type\":\"Person\",\"@id\":\"https:\\\/\\\/lasentinelle.dz\\\/#\\\/schema\\\/person\\\/d865044e22e70a75174ce8bcad3acfb3\",\"name\":\"La Sentinelle\",\"image\":{\"@type\":\"ImageObject\",\"inLanguage\":\"fr-FR\",\"@id\":\"https:\\\/\\\/secure.gravatar.com\\\/avatar\\\/57de8e5d4b15d43fb361a71fbb36338450fe67865b528a43dd10ef7c51a20392?s=96&d=mm&r=g\",\"url\":\"https:\\\/\\\/secure.gravatar.com\\\/avatar\\\/57de8e5d4b15d43fb361a71fbb36338450fe67865b528a43dd10ef7c51a20392?s=96&d=mm&r=g\",\"contentUrl\":\"https:\\\/\\\/secure.gravatar.com\\\/avatar\\\/57de8e5d4b15d43fb361a71fbb36338450fe67865b528a43dd10ef7c51a20392?s=96&d=mm&r=g\",\"caption\":\"La Sentinelle\"},\"sameAs\":[\"http:\\\/\\\/www.lasentinelle.dz\"],\"url\":\"https:\\\/\\\/lasentinelle.dz\\\/author\\\/redaction\\\/\"}]}<\/script>\n<!-- \/ Yoast SEO plugin. -->","yoast_head_json":{"title":"Affaire Gassama\u00a0:\u00a0Eto'o veut\u00a0confronter\u00a0Belmadi devant la FIFA\u00a0 - La Sentinelle","robots":{"index":"index","follow":"follow","max-snippet":"max-snippet:-1","max-image-preview":"max-image-preview:large","max-video-preview":"max-video-preview:-1"},"canonical":"https:\/\/lasentinelle.dz\/index.php\/2022\/04\/27\/affaire-gassama-etoo-veut-confronter-belmadi-devant-la-fifa\/","og_locale":"fr_FR","og_type":"article","og_title":"Affaire Gassama\u00a0:\u00a0Eto'o veut\u00a0confronter\u00a0Belmadi devant la FIFA\u00a0 - La Sentinelle","og_description":"La derni\u00e8re sortie m\u00e9diatique de l\u2019entra\u00eeneur de l\u2019\u00c9quipe nationale de football, Djamel Belmadi, a \u00e9t\u00e9 fracassante.&nbsp; L\u2019homme, qui a d\u00e9cid\u00e9","og_url":"https:\/\/lasentinelle.dz\/index.php\/2022\/04\/27\/affaire-gassama-etoo-veut-confronter-belmadi-devant-la-fifa\/","og_site_name":"La Sentinelle","article_publisher":"https:\/\/www.facebook.com\/La-Sentinelle-104059864394773","article_published_time":"2022-04-26T23:05:00+00:00","og_image":[{"width":1727,"height":900,"url":"https:\/\/lasentinelle.dz\/wp-content\/uploads\/2022\/04\/Belmadi11.png","type":"image\/png"}],"author":"La Sentinelle","twitter_card":"summary_large_image","twitter_misc":{"\u00c9crit par":"La Sentinelle","Dur\u00e9e de lecture estim\u00e9e":"2 minutes"},"schema":{"@context":"https:\/\/schema.org","@graph":[{"@type":"Article","@id":"https:\/\/lasentinelle.dz\/index.php\/2022\/04\/27\/affaire-gassama-etoo-veut-confronter-belmadi-devant-la-fifa\/#article","isPartOf":{"@id":"https:\/\/lasentinelle.dz\/index.php\/2022\/04\/27\/affaire-gassama-etoo-veut-confronter-belmadi-devant-la-fifa\/"},"author":{"name":"La Sentinelle","@id":"https:\/\/lasentinelle.dz\/#\/schema\/person\/d865044e22e70a75174ce8bcad3acfb3"},"headline":"Affaire Gassama\u00a0:\u00a0Eto&rsquo;o veut\u00a0confronter\u00a0Belmadi devant la FIFA\u00a0","datePublished":"2022-04-26T23:05:00+00:00","mainEntityOfPage":{"@id":"https:\/\/lasentinelle.dz\/index.php\/2022\/04\/27\/affaire-gassama-etoo-veut-confronter-belmadi-devant-la-fifa\/"},"wordCount":437,"commentCount":0,"publisher":{"@id":"https:\/\/lasentinelle.dz\/#organization"},"image":{"@id":"https:\/\/lasentinelle.dz\/index.php\/2022\/04\/27\/affaire-gassama-etoo-veut-confronter-belmadi-devant-la-fifa\/#primaryimage"},"thumbnailUrl":"https:\/\/lasentinelle.dz\/wp-content\/uploads\/2022\/04\/Belmadi11.png","articleSection":["\u00c0 la Une","Sports"],"inLanguage":"fr-FR","potentialAction":[{"@type":"CommentAction","name":"Comment","target":["https:\/\/lasentinelle.dz\/index.php\/2022\/04\/27\/affaire-gassama-etoo-veut-confronter-belmadi-devant-la-fifa\/#respond"]}]},{"@type":"WebPage","@id":"https:\/\/lasentinelle.dz\/index.php\/2022\/04\/27\/affaire-gassama-etoo-veut-confronter-belmadi-devant-la-fifa\/","url":"https:\/\/lasentinelle.dz\/index.php\/2022\/04\/27\/affaire-gassama-etoo-veut-confronter-belmadi-devant-la-fifa\/","name":"Affaire Gassama\u00a0:\u00a0Eto'o veut\u00a0confronter\u00a0Belmadi devant la FIFA\u00a0 - La Sentinelle","isPartOf":{"@id":"https:\/\/lasentinelle.dz\/#website"},"primaryImageOfPage":{"@id":"https:\/\/lasentinelle.dz\/index.php\/2022\/04\/27\/affaire-gassama-etoo-veut-confronter-belmadi-devant-la-fifa\/#primaryimage"},"image":{"@id":"https:\/\/lasentinelle.dz\/index.php\/2022\/04\/27\/affaire-gassama-etoo-veut-confronter-belmadi-devant-la-fifa\/#primaryimage"},"thumbnailUrl":"https:\/\/lasentinelle.dz\/wp-content\/uploads\/2022\/04\/Belmadi11.png","datePublished":"2022-04-26T23:05:00+00:00","breadcrumb":{"@id":"https:\/\/lasentinelle.dz\/index.php\/2022\/04\/27\/affaire-gassama-etoo-veut-confronter-belmadi-devant-la-fifa\/#breadcrumb"},"inLanguage":"fr-FR","potentialAction":[{"@type":"ReadAction","target":["https:\/\/lasentinelle.dz\/index.php\/2022\/04\/27\/affaire-gassama-etoo-veut-confronter-belmadi-devant-la-fifa\/"]}]},{"@type":"ImageObject","inLanguage":"fr-FR","@id":"https:\/\/lasentinelle.dz\/index.php\/2022\/04\/27\/affaire-gassama-etoo-veut-confronter-belmadi-devant-la-fifa\/#primaryimage","url":"https:\/\/lasentinelle.dz\/wp-content\/uploads\/2022\/04\/Belmadi11.png","contentUrl":"https:\/\/lasentinelle.dz\/wp-content\/uploads\/2022\/04\/Belmadi11.png","width":1727,"height":900},{"@type":"BreadcrumbList","@id":"https:\/\/lasentinelle.dz\/index.php\/2022\/04\/27\/affaire-gassama-etoo-veut-confronter-belmadi-devant-la-fifa\/#breadcrumb","itemListElement":[{"@type":"ListItem","position":1,"name":"Accueil","item":"https:\/\/lasentinelle.dz\/"},{"@type":"ListItem","position":2,"name":"Affaire Gassama\u00a0:\u00a0Eto&rsquo;o veut\u00a0confronter\u00a0Belmadi devant la FIFA\u00a0"}]},{"@type":"WebSite","@id":"https:\/\/lasentinelle.dz\/#website","url":"https:\/\/lasentinelle.dz\/","name":"La Sentinelle","description":"Quotidien national d&#039;information","publisher":{"@id":"https:\/\/lasentinelle.dz\/#organization"},"potentialAction":[{"@type":"SearchAction","target":{"@type":"EntryPoint","urlTemplate":"https:\/\/lasentinelle.dz\/?s={search_term_string}"},"query-input":{"@type":"PropertyValueSpecification","valueRequired":true,"valueName":"search_term_string"}}],"inLanguage":"fr-FR"},{"@type":"Organization","@id":"https:\/\/lasentinelle.dz\/#organization","name":"Quotidien La Sentinelle","url":"https:\/\/lasentinelle.dz\/","logo":{"@type":"ImageObject","inLanguage":"fr-FR","@id":"https:\/\/lasentinelle.dz\/#\/schema\/logo\/image\/","url":"https:\/\/lasentinelle.dz\/wp-content\/uploads\/2021\/09\/logo-sentinelleSLOGAN-1.png","contentUrl":"https:\/\/lasentinelle.dz\/wp-content\/uploads\/2021\/09\/logo-sentinelleSLOGAN-1.png","width":615,"height":142,"caption":"Quotidien La Sentinelle"},"image":{"@id":"https:\/\/lasentinelle.dz\/#\/schema\/logo\/image\/"},"sameAs":["https:\/\/www.facebook.com\/La-Sentinelle-104059864394773"]},{"@type":"Person","@id":"https:\/\/lasentinelle.dz\/#\/schema\/person\/d865044e22e70a75174ce8bcad3acfb3","name":"La Sentinelle","image":{"@type":"ImageObject","inLanguage":"fr-FR","@id":"https:\/\/secure.gravatar.com\/avatar\/57de8e5d4b15d43fb361a71fbb36338450fe67865b528a43dd10ef7c51a20392?s=96&d=mm&r=g","url":"https:\/\/secure.gravatar.com\/avatar\/57de8e5d4b15d43fb361a71fbb36338450fe67865b528a43dd10ef7c51a20392?s=96&d=mm&r=g","contentUrl":"https:\/\/secure.gravatar.com\/avatar\/57de8e5d4b15d43fb361a71fbb36338450fe67865b528a43dd10ef7c51a20392?s=96&d=mm&r=g","caption":"La Sentinelle"},"sameAs":["http:\/\/www.lasentinelle.dz"],"url":"https:\/\/lasentinelle.dz\/author\/redaction\/"}]}},"_links":{"self":[{"href":"https:\/\/lasentinelle.dz\/index.php\/wp-json\/wp\/v2\/posts\/20362","targetHints":{"allow":["GET"]}}],"collection":[{"href":"https:\/\/lasentinelle.dz\/index.php\/wp-json\/wp\/v2\/posts"}],"about":[{"href":"https:\/\/lasentinelle.dz\/index.php\/wp-json\/wp\/v2\/types\/post"}],"author":[{"embeddable":true,"href":"https:\/\/lasentinelle.dz\/index.php\/wp-json\/wp\/v2\/users\/3"}],"replies":[{"embeddable":true,"href":"https:\/\/lasentinelle.dz\/index.php\/wp-json\/wp\/v2\/comments?post=20362"}],"version-history":[{"count":1,"href":"https:\/\/lasentinelle.dz\/index.php\/wp-json\/wp\/v2\/posts\/20362\/revisions"}],"predecessor-version":[{"id":20370,"href":"https:\/\/lasentinelle.dz\/index.php\/wp-json\/wp\/v2\/posts\/20362\/revisions\/20370"}],"wp:featuredmedia":[{"embeddable":true,"href":"https:\/\/lasentinelle.dz\/index.php\/wp-json\/wp\/v2\/media\/20364"}],"wp:attachment":[{"href":"https:\/\/lasentinelle.dz\/index.php\/wp-json\/wp\/v2\/media?parent=20362"}],"wp:term":[{"taxonomy":"category","embeddable":true,"href":"https:\/\/lasentinelle.dz\/index.php\/wp-json\/wp\/v2\/categories?post=20362"},{"taxonomy":"post_tag","embeddable":true,"href":"https:\/\/lasentinelle.dz\/index.php\/wp-json\/wp\/v2\/tags?post=20362"}],"curies":[{"name":"wp","href":"https:\/\/api.w.org\/{rel}","templated":true}]}}