{"id":20384,"date":"2022-04-27T00:01:00","date_gmt":"2022-04-26T23:01:00","guid":{"rendered":"https:\/\/lasentinelle.dz\/?p=20384"},"modified":"2022-04-26T20:39:46","modified_gmt":"2022-04-26T19:39:46","slug":"un-taux-de-suivi-de-60-a-80-adhesion-massive-a-la-greve-dans-leducation-nationale","status":"publish","type":"post","link":"https:\/\/lasentinelle.dz\/index.php\/2022\/04\/27\/un-taux-de-suivi-de-60-a-80-adhesion-massive-a-la-greve-dans-leducation-nationale\/","title":{"rendered":"Un taux de suivi de 60 \u00e0 80%\u00a0: Adh\u00e9sion massive \u00e0 la gr\u00e8ve dans l\u2019\u00e9ducation nationale"},"content":{"rendered":"\n<p>Le porte-parole du Conseil national des professeurs de l\u2019enseignement secondaire et technique, Messaoud Boudida, a affirm\u00e9 que \u00able taux de suivi du mouvement de gr\u00e8ve des employ\u00e9s de l\u2019\u00e9ducation&nbsp;nationale&nbsp;dans les trois paliers varie entre 60 et 80%\u00bb. Il a ajout\u00e9 que \u00abce d\u00e9brayage est suivi, outre&nbsp;dans&nbsp;les grandes villes, un peu partout dans les reste du pays\u00bb, ajoutant que \u00able plus haut niveau est enregistr\u00e9 dans les wilayas d\u2019Oran, Alger, Boumerdes, Tizi Ouzou, Bejaia, Msila, Djelfa, Adrar&nbsp;et&nbsp;N\u00e2ama\u00bb. \u00abLes membres de plusieurs autres corporations ont observ\u00e9 le mot d\u2019ordre&nbsp;\u00bb, ajoute-il.&nbsp;Il s\u2019agit, selon la m\u00eame source, des employ\u00e9s de l\u2019administration, le secteur de la sant\u00e9, la solidarit\u00e9, l\u2019enseignement sup\u00e9rieur, et des Imams\u00bb, a-t-il affirm\u00e9. Pour sa part, le secr\u00e9taire g\u00e9n\u00e9ral du&nbsp;Syndicat autonome des travailleurs de l&rsquo;\u00e9ducation et de la formation&nbsp;(SATEF), Boualem Amoura, a indiqu\u00e9 \u00abne pas d\u00e9tenir avec exactitude les statistiques du premier jour du mouvement de gr\u00e8ve ne serait-ce qu\u2019\u00e0 titre approximatif\u00bb. Se rapportant aux repr\u00e9sentants des wilayas dudit syndicat, la m\u00eame source a affirm\u00e9 que \u00abl\u2019adh\u00e9sion est massive\u00bb. \u00abM\u00eame les travailleurs&nbsp;qui ne sont pas syndiqu\u00e9s ont observ\u00e9 la gr\u00e8ve\u00bb, a-t-il ajout\u00e9.<\/p>\n\n\n\n<p>Il&nbsp;expliquera toutefois&nbsp;que \u00abces employ\u00e9s ont \u00e9t\u00e9 apais\u00e9s par la derni\u00e8re d\u00e9claration du Pr\u00e9sident de la R\u00e9publique ayant appel\u00e9 \u00e0 la sagesse et l\u2019apaisement\u00bb. Et de souligner que \u00able Pr\u00e9sident de la R\u00e9publique a indirectement reconnu la l\u00e9gitimit\u00e9 de nos revendications\u00bb. \u00abNous ferons le point demain (aujourd\u2019hui), a-t-il affirm\u00e9. Ce mouvement de d\u00e9brayage de deux jours cons\u00e9cutifs a \u00e9t\u00e9 d\u00e9cid\u00e9 suite \u00e0 la derni\u00e8re r\u00e9union tenue au si\u00e8ge de l\u2019Union nationale du personnel de l\u2019\u00e9ducation et de la formation (Unpef) \u00e0 Alger, \u00e0 laquelle plusieurs syndicats, repr\u00e9sentant diff\u00e9rents secteurs de la fonction publique, ont pris part. Les syndicats&nbsp;ont annonc\u00e9 des mouvements de gr\u00e8ve jusqu\u2019\u00e0 la satisfaction de leurs revendications. Il s\u2019agit notamment de l\u2019am\u00e9lioration de la situation socio-professionnelle des travailleurs et des employ\u00e9s de la fonction publique. Leur derni\u00e8re r\u00e9union a \u00e9t\u00e9 sanctionn\u00e9e par une d\u00e9claration commune dans laquelle les signataires ont \u00e9t\u00e9 estim\u00e9 que \u00abla situation sociale dangereuse des fonctionnaires et travailleurs alg\u00e9riens en raison de la d\u00e9gradation du pouvoir d\u2019achat et la hausse des prix des produits de large consommation\u00bb, en plus de ce qu\u2019ils on t qualifi\u00e9 de \u00abla la dangerosit\u00e9 de la situation sociale des fonctionnaires et de tous les travailleurs alg\u00e9riens qui pr\u00e9sage d\u2019une explosion et menace la paix sociale\u00bb. C\u2019est ainsi qu\u2019ils estiment que \u00ables d\u00e9cisions prises r\u00e9cemment par le gouvernement sont, selon les syndicalistes&nbsp;\u00ab&nbsp;auront un impact marginal&nbsp;\u00bb, compte tenu&nbsp;&nbsp;de \u00abl&rsquo;absence d\u2019impact positif sur le pouvoir d\u2019achat des travailleurs\u00bb. Il s\u2019agit, selon les syndicalistes, de \u00abla baisse de l\u2019Imp\u00f4t sur le revenu global (IRG), la r\u00e9vision e la grille indiciaire des salaires des fonctionnaires\u00bb. Dans leur derni\u00e8re d\u00e9claration qu\u2019ils ont adopt\u00e9e, les syndicats ont mis en avant des propositions \u00e0 mettre en place de fa\u00e7on qu\u2019ils qualifient d\u2019ailleurs d\u2019\u00ab urgentes\u00bb, \u00e0 savoir le rel\u00e8vement du point indiciaire \u00e0 100 DA (contre 45 DA actuellement); la cr\u00e9ation d\u2019un Observatoire national pour prot\u00e9ger le pouvoir d\u2019achat et \u00e0 ouvrir le dossier des r\u00e9gimes indemnitaires et l\u2019actualisation des primes de zones.&nbsp;Samedi dernier, le pr\u00e9sident de la R\u00e9publique a annonc\u00e9 une nouvelle hausse des salaires d\u2019ici la fin de l\u2019ann\u00e9e et a assur\u00e9 de son engagement \u00e0 poursuivre le travail pour am\u00e9liorer les conditions de vie et le pouvoir d\u2019achat des Alg\u00e9riens<\/p>\n\n\n\n<p><strong>Amar Malki<\/strong><\/p>\n","protected":false},"excerpt":{"rendered":"<p>Le porte-parole du Conseil national des professeurs de l\u2019enseignement secondaire et technique, Messaoud Boudida, a affirm\u00e9 que \u00able taux de<\/p>\n","protected":false},"author":3,"featured_media":19316,"comment_status":"open","ping_status":"closed","sticky":false,"template":"","format":"standard","meta":{"colormag_page_container_layout":"default_layout","colormag_page_sidebar_layout":"default_layout","om_disable_all_campaigns":false,"_monsterinsights_skip_tracking":false,"_monsterinsights_sitenote_active":false,"_monsterinsights_sitenote_note":"","_monsterinsights_sitenote_category":0,"footnotes":"","_wpscppro_dont_share_socialmedia":false,"_wpscppro_custom_social_share_image":0,"_facebook_share_type":"","_twitter_share_type":"","_linkedin_share_type":"","_pinterest_share_type":"","_linkedin_share_type_page":"","_instagram_share_type":"","_medium_share_type":"","_threads_share_type":"","_google_business_share_type":"","_selected_social_profile":[],"_wpsp_enable_custom_social_template":false,"_wpsp_social_scheduling":{"enabled":false,"datetime":null,"platforms":[],"status":"template_only","dateOption":"today","timeOption":"now","customDays":"","customHours":"","customDate":"","customTime":"","schedulingType":"absolute"},"_wpsp_active_default_template":true},"categories":[27],"tags":[],"class_list":["post-20384","post","type-post","status-publish","format-standard","has-post-thumbnail","hentry","category-actualite"],"aioseo_notices":[],"yoast_head":"<!-- This site is optimized with the Yoast SEO plugin v27.5 - https:\/\/yoast.com\/product\/yoast-seo-wordpress\/ -->\n<title>Un taux de suivi de 60 \u00e0 80%\u00a0: Adh\u00e9sion massive \u00e0 la gr\u00e8ve dans l\u2019\u00e9ducation nationale - La Sentinelle<\/title>\n<meta name=\"robots\" content=\"index, follow, max-snippet:-1, max-image-preview:large, max-video-preview:-1\" \/>\n<link rel=\"canonical\" href=\"https:\/\/lasentinelle.dz\/index.php\/2022\/04\/27\/un-taux-de-suivi-de-60-a-80-adhesion-massive-a-la-greve-dans-leducation-nationale\/\" \/>\n<meta property=\"og:locale\" content=\"fr_FR\" \/>\n<meta property=\"og:type\" content=\"article\" \/>\n<meta property=\"og:title\" content=\"Un taux de suivi de 60 \u00e0 80%\u00a0: Adh\u00e9sion massive \u00e0 la gr\u00e8ve dans l\u2019\u00e9ducation nationale - La Sentinelle\" \/>\n<meta property=\"og:description\" content=\"Le porte-parole du Conseil national des professeurs de l\u2019enseignement secondaire et technique, Messaoud Boudida, a affirm\u00e9 que \u00able taux de\" \/>\n<meta property=\"og:url\" content=\"https:\/\/lasentinelle.dz\/index.php\/2022\/04\/27\/un-taux-de-suivi-de-60-a-80-adhesion-massive-a-la-greve-dans-leducation-nationale\/\" \/>\n<meta property=\"og:site_name\" content=\"La Sentinelle\" \/>\n<meta property=\"article:publisher\" content=\"https:\/\/www.facebook.com\/La-Sentinelle-104059864394773\" \/>\n<meta property=\"article:published_time\" content=\"2022-04-26T23:01:00+00:00\" \/>\n<meta property=\"og:image\" content=\"https:\/\/lasentinelle.dz\/wp-content\/uploads\/2022\/04\/Ministere-education.png\" \/>\n\t<meta property=\"og:image:width\" content=\"1491\" \/>\n\t<meta property=\"og:image:height\" content=\"900\" \/>\n\t<meta property=\"og:image:type\" content=\"image\/png\" \/>\n<meta name=\"author\" content=\"La Sentinelle\" \/>\n<meta name=\"twitter:card\" content=\"summary_large_image\" \/>\n<meta name=\"twitter:label1\" content=\"\u00c9crit par\" \/>\n\t<meta name=\"twitter:data1\" content=\"La Sentinelle\" \/>\n\t<meta name=\"twitter:label2\" content=\"Dur\u00e9e de lecture estim\u00e9e\" \/>\n\t<meta name=\"twitter:data2\" content=\"3 minutes\" \/>\n<script type=\"application\/ld+json\" class=\"yoast-schema-graph\">{\"@context\":\"https:\\\/\\\/schema.org\",\"@graph\":[{\"@type\":\"Article\",\"@id\":\"https:\\\/\\\/lasentinelle.dz\\\/index.php\\\/2022\\\/04\\\/27\\\/un-taux-de-suivi-de-60-a-80-adhesion-massive-a-la-greve-dans-leducation-nationale\\\/#article\",\"isPartOf\":{\"@id\":\"https:\\\/\\\/lasentinelle.dz\\\/index.php\\\/2022\\\/04\\\/27\\\/un-taux-de-suivi-de-60-a-80-adhesion-massive-a-la-greve-dans-leducation-nationale\\\/\"},\"author\":{\"name\":\"La Sentinelle\",\"@id\":\"https:\\\/\\\/lasentinelle.dz\\\/#\\\/schema\\\/person\\\/d865044e22e70a75174ce8bcad3acfb3\"},\"headline\":\"Un taux de suivi de 60 \u00e0 80%\u00a0: Adh\u00e9sion massive \u00e0 la gr\u00e8ve dans l\u2019\u00e9ducation nationale\",\"datePublished\":\"2022-04-26T23:01:00+00:00\",\"mainEntityOfPage\":{\"@id\":\"https:\\\/\\\/lasentinelle.dz\\\/index.php\\\/2022\\\/04\\\/27\\\/un-taux-de-suivi-de-60-a-80-adhesion-massive-a-la-greve-dans-leducation-nationale\\\/\"},\"wordCount\":680,\"commentCount\":0,\"publisher\":{\"@id\":\"https:\\\/\\\/lasentinelle.dz\\\/#organization\"},\"image\":{\"@id\":\"https:\\\/\\\/lasentinelle.dz\\\/index.php\\\/2022\\\/04\\\/27\\\/un-taux-de-suivi-de-60-a-80-adhesion-massive-a-la-greve-dans-leducation-nationale\\\/#primaryimage\"},\"thumbnailUrl\":\"https:\\\/\\\/lasentinelle.dz\\\/wp-content\\\/uploads\\\/2022\\\/04\\\/Ministere-education.png\",\"articleSection\":[\"Actualit\u00e9\"],\"inLanguage\":\"fr-FR\",\"potentialAction\":[{\"@type\":\"CommentAction\",\"name\":\"Comment\",\"target\":[\"https:\\\/\\\/lasentinelle.dz\\\/index.php\\\/2022\\\/04\\\/27\\\/un-taux-de-suivi-de-60-a-80-adhesion-massive-a-la-greve-dans-leducation-nationale\\\/#respond\"]}]},{\"@type\":\"WebPage\",\"@id\":\"https:\\\/\\\/lasentinelle.dz\\\/index.php\\\/2022\\\/04\\\/27\\\/un-taux-de-suivi-de-60-a-80-adhesion-massive-a-la-greve-dans-leducation-nationale\\\/\",\"url\":\"https:\\\/\\\/lasentinelle.dz\\\/index.php\\\/2022\\\/04\\\/27\\\/un-taux-de-suivi-de-60-a-80-adhesion-massive-a-la-greve-dans-leducation-nationale\\\/\",\"name\":\"Un taux de suivi de 60 \u00e0 80%\u00a0: Adh\u00e9sion massive \u00e0 la gr\u00e8ve dans l\u2019\u00e9ducation nationale - La Sentinelle\",\"isPartOf\":{\"@id\":\"https:\\\/\\\/lasentinelle.dz\\\/#website\"},\"primaryImageOfPage\":{\"@id\":\"https:\\\/\\\/lasentinelle.dz\\\/index.php\\\/2022\\\/04\\\/27\\\/un-taux-de-suivi-de-60-a-80-adhesion-massive-a-la-greve-dans-leducation-nationale\\\/#primaryimage\"},\"image\":{\"@id\":\"https:\\\/\\\/lasentinelle.dz\\\/index.php\\\/2022\\\/04\\\/27\\\/un-taux-de-suivi-de-60-a-80-adhesion-massive-a-la-greve-dans-leducation-nationale\\\/#primaryimage\"},\"thumbnailUrl\":\"https:\\\/\\\/lasentinelle.dz\\\/wp-content\\\/uploads\\\/2022\\\/04\\\/Ministere-education.png\",\"datePublished\":\"2022-04-26T23:01:00+00:00\",\"breadcrumb\":{\"@id\":\"https:\\\/\\\/lasentinelle.dz\\\/index.php\\\/2022\\\/04\\\/27\\\/un-taux-de-suivi-de-60-a-80-adhesion-massive-a-la-greve-dans-leducation-nationale\\\/#breadcrumb\"},\"inLanguage\":\"fr-FR\",\"potentialAction\":[{\"@type\":\"ReadAction\",\"target\":[\"https:\\\/\\\/lasentinelle.dz\\\/index.php\\\/2022\\\/04\\\/27\\\/un-taux-de-suivi-de-60-a-80-adhesion-massive-a-la-greve-dans-leducation-nationale\\\/\"]}]},{\"@type\":\"ImageObject\",\"inLanguage\":\"fr-FR\",\"@id\":\"https:\\\/\\\/lasentinelle.dz\\\/index.php\\\/2022\\\/04\\\/27\\\/un-taux-de-suivi-de-60-a-80-adhesion-massive-a-la-greve-dans-leducation-nationale\\\/#primaryimage\",\"url\":\"https:\\\/\\\/lasentinelle.dz\\\/wp-content\\\/uploads\\\/2022\\\/04\\\/Ministere-education.png\",\"contentUrl\":\"https:\\\/\\\/lasentinelle.dz\\\/wp-content\\\/uploads\\\/2022\\\/04\\\/Ministere-education.png\",\"width\":1491,\"height\":900},{\"@type\":\"BreadcrumbList\",\"@id\":\"https:\\\/\\\/lasentinelle.dz\\\/index.php\\\/2022\\\/04\\\/27\\\/un-taux-de-suivi-de-60-a-80-adhesion-massive-a-la-greve-dans-leducation-nationale\\\/#breadcrumb\",\"itemListElement\":[{\"@type\":\"ListItem\",\"position\":1,\"name\":\"Accueil\",\"item\":\"https:\\\/\\\/lasentinelle.dz\\\/\"},{\"@type\":\"ListItem\",\"position\":2,\"name\":\"Un taux de suivi de 60 \u00e0 80%\u00a0: Adh\u00e9sion massive \u00e0 la gr\u00e8ve dans l\u2019\u00e9ducation nationale\"}]},{\"@type\":\"WebSite\",\"@id\":\"https:\\\/\\\/lasentinelle.dz\\\/#website\",\"url\":\"https:\\\/\\\/lasentinelle.dz\\\/\",\"name\":\"La Sentinelle\",\"description\":\"Quotidien national d&#039;information\",\"publisher\":{\"@id\":\"https:\\\/\\\/lasentinelle.dz\\\/#organization\"},\"potentialAction\":[{\"@type\":\"SearchAction\",\"target\":{\"@type\":\"EntryPoint\",\"urlTemplate\":\"https:\\\/\\\/lasentinelle.dz\\\/?s={search_term_string}\"},\"query-input\":{\"@type\":\"PropertyValueSpecification\",\"valueRequired\":true,\"valueName\":\"search_term_string\"}}],\"inLanguage\":\"fr-FR\"},{\"@type\":\"Organization\",\"@id\":\"https:\\\/\\\/lasentinelle.dz\\\/#organization\",\"name\":\"Quotidien La Sentinelle\",\"url\":\"https:\\\/\\\/lasentinelle.dz\\\/\",\"logo\":{\"@type\":\"ImageObject\",\"inLanguage\":\"fr-FR\",\"@id\":\"https:\\\/\\\/lasentinelle.dz\\\/#\\\/schema\\\/logo\\\/image\\\/\",\"url\":\"https:\\\/\\\/lasentinelle.dz\\\/wp-content\\\/uploads\\\/2021\\\/09\\\/logo-sentinelleSLOGAN-1.png\",\"contentUrl\":\"https:\\\/\\\/lasentinelle.dz\\\/wp-content\\\/uploads\\\/2021\\\/09\\\/logo-sentinelleSLOGAN-1.png\",\"width\":615,\"height\":142,\"caption\":\"Quotidien La Sentinelle\"},\"image\":{\"@id\":\"https:\\\/\\\/lasentinelle.dz\\\/#\\\/schema\\\/logo\\\/image\\\/\"},\"sameAs\":[\"https:\\\/\\\/www.facebook.com\\\/La-Sentinelle-104059864394773\"]},{\"@type\":\"Person\",\"@id\":\"https:\\\/\\\/lasentinelle.dz\\\/#\\\/schema\\\/person\\\/d865044e22e70a75174ce8bcad3acfb3\",\"name\":\"La Sentinelle\",\"image\":{\"@type\":\"ImageObject\",\"inLanguage\":\"fr-FR\",\"@id\":\"https:\\\/\\\/secure.gravatar.com\\\/avatar\\\/57de8e5d4b15d43fb361a71fbb36338450fe67865b528a43dd10ef7c51a20392?s=96&d=mm&r=g\",\"url\":\"https:\\\/\\\/secure.gravatar.com\\\/avatar\\\/57de8e5d4b15d43fb361a71fbb36338450fe67865b528a43dd10ef7c51a20392?s=96&d=mm&r=g\",\"contentUrl\":\"https:\\\/\\\/secure.gravatar.com\\\/avatar\\\/57de8e5d4b15d43fb361a71fbb36338450fe67865b528a43dd10ef7c51a20392?s=96&d=mm&r=g\",\"caption\":\"La Sentinelle\"},\"sameAs\":[\"http:\\\/\\\/www.lasentinelle.dz\"],\"url\":\"https:\\\/\\\/lasentinelle.dz\\\/author\\\/redaction\\\/\"}]}<\/script>\n<!-- \/ Yoast SEO plugin. -->","yoast_head_json":{"title":"Un taux de suivi de 60 \u00e0 80%\u00a0: Adh\u00e9sion massive \u00e0 la gr\u00e8ve dans l\u2019\u00e9ducation nationale - La Sentinelle","robots":{"index":"index","follow":"follow","max-snippet":"max-snippet:-1","max-image-preview":"max-image-preview:large","max-video-preview":"max-video-preview:-1"},"canonical":"https:\/\/lasentinelle.dz\/index.php\/2022\/04\/27\/un-taux-de-suivi-de-60-a-80-adhesion-massive-a-la-greve-dans-leducation-nationale\/","og_locale":"fr_FR","og_type":"article","og_title":"Un taux de suivi de 60 \u00e0 80%\u00a0: Adh\u00e9sion massive \u00e0 la gr\u00e8ve dans l\u2019\u00e9ducation nationale - La Sentinelle","og_description":"Le porte-parole du Conseil national des professeurs de l\u2019enseignement secondaire et technique, Messaoud Boudida, a affirm\u00e9 que \u00able taux de","og_url":"https:\/\/lasentinelle.dz\/index.php\/2022\/04\/27\/un-taux-de-suivi-de-60-a-80-adhesion-massive-a-la-greve-dans-leducation-nationale\/","og_site_name":"La Sentinelle","article_publisher":"https:\/\/www.facebook.com\/La-Sentinelle-104059864394773","article_published_time":"2022-04-26T23:01:00+00:00","og_image":[{"width":1491,"height":900,"url":"https:\/\/lasentinelle.dz\/wp-content\/uploads\/2022\/04\/Ministere-education.png","type":"image\/png"}],"author":"La Sentinelle","twitter_card":"summary_large_image","twitter_misc":{"\u00c9crit par":"La Sentinelle","Dur\u00e9e de lecture estim\u00e9e":"3 minutes"},"schema":{"@context":"https:\/\/schema.org","@graph":[{"@type":"Article","@id":"https:\/\/lasentinelle.dz\/index.php\/2022\/04\/27\/un-taux-de-suivi-de-60-a-80-adhesion-massive-a-la-greve-dans-leducation-nationale\/#article","isPartOf":{"@id":"https:\/\/lasentinelle.dz\/index.php\/2022\/04\/27\/un-taux-de-suivi-de-60-a-80-adhesion-massive-a-la-greve-dans-leducation-nationale\/"},"author":{"name":"La Sentinelle","@id":"https:\/\/lasentinelle.dz\/#\/schema\/person\/d865044e22e70a75174ce8bcad3acfb3"},"headline":"Un taux de suivi de 60 \u00e0 80%\u00a0: Adh\u00e9sion massive \u00e0 la gr\u00e8ve dans l\u2019\u00e9ducation nationale","datePublished":"2022-04-26T23:01:00+00:00","mainEntityOfPage":{"@id":"https:\/\/lasentinelle.dz\/index.php\/2022\/04\/27\/un-taux-de-suivi-de-60-a-80-adhesion-massive-a-la-greve-dans-leducation-nationale\/"},"wordCount":680,"commentCount":0,"publisher":{"@id":"https:\/\/lasentinelle.dz\/#organization"},"image":{"@id":"https:\/\/lasentinelle.dz\/index.php\/2022\/04\/27\/un-taux-de-suivi-de-60-a-80-adhesion-massive-a-la-greve-dans-leducation-nationale\/#primaryimage"},"thumbnailUrl":"https:\/\/lasentinelle.dz\/wp-content\/uploads\/2022\/04\/Ministere-education.png","articleSection":["Actualit\u00e9"],"inLanguage":"fr-FR","potentialAction":[{"@type":"CommentAction","name":"Comment","target":["https:\/\/lasentinelle.dz\/index.php\/2022\/04\/27\/un-taux-de-suivi-de-60-a-80-adhesion-massive-a-la-greve-dans-leducation-nationale\/#respond"]}]},{"@type":"WebPage","@id":"https:\/\/lasentinelle.dz\/index.php\/2022\/04\/27\/un-taux-de-suivi-de-60-a-80-adhesion-massive-a-la-greve-dans-leducation-nationale\/","url":"https:\/\/lasentinelle.dz\/index.php\/2022\/04\/27\/un-taux-de-suivi-de-60-a-80-adhesion-massive-a-la-greve-dans-leducation-nationale\/","name":"Un taux de suivi de 60 \u00e0 80%\u00a0: Adh\u00e9sion massive \u00e0 la gr\u00e8ve dans l\u2019\u00e9ducation nationale - La Sentinelle","isPartOf":{"@id":"https:\/\/lasentinelle.dz\/#website"},"primaryImageOfPage":{"@id":"https:\/\/lasentinelle.dz\/index.php\/2022\/04\/27\/un-taux-de-suivi-de-60-a-80-adhesion-massive-a-la-greve-dans-leducation-nationale\/#primaryimage"},"image":{"@id":"https:\/\/lasentinelle.dz\/index.php\/2022\/04\/27\/un-taux-de-suivi-de-60-a-80-adhesion-massive-a-la-greve-dans-leducation-nationale\/#primaryimage"},"thumbnailUrl":"https:\/\/lasentinelle.dz\/wp-content\/uploads\/2022\/04\/Ministere-education.png","datePublished":"2022-04-26T23:01:00+00:00","breadcrumb":{"@id":"https:\/\/lasentinelle.dz\/index.php\/2022\/04\/27\/un-taux-de-suivi-de-60-a-80-adhesion-massive-a-la-greve-dans-leducation-nationale\/#breadcrumb"},"inLanguage":"fr-FR","potentialAction":[{"@type":"ReadAction","target":["https:\/\/lasentinelle.dz\/index.php\/2022\/04\/27\/un-taux-de-suivi-de-60-a-80-adhesion-massive-a-la-greve-dans-leducation-nationale\/"]}]},{"@type":"ImageObject","inLanguage":"fr-FR","@id":"https:\/\/lasentinelle.dz\/index.php\/2022\/04\/27\/un-taux-de-suivi-de-60-a-80-adhesion-massive-a-la-greve-dans-leducation-nationale\/#primaryimage","url":"https:\/\/lasentinelle.dz\/wp-content\/uploads\/2022\/04\/Ministere-education.png","contentUrl":"https:\/\/lasentinelle.dz\/wp-content\/uploads\/2022\/04\/Ministere-education.png","width":1491,"height":900},{"@type":"BreadcrumbList","@id":"https:\/\/lasentinelle.dz\/index.php\/2022\/04\/27\/un-taux-de-suivi-de-60-a-80-adhesion-massive-a-la-greve-dans-leducation-nationale\/#breadcrumb","itemListElement":[{"@type":"ListItem","position":1,"name":"Accueil","item":"https:\/\/lasentinelle.dz\/"},{"@type":"ListItem","position":2,"name":"Un taux de suivi de 60 \u00e0 80%\u00a0: Adh\u00e9sion massive \u00e0 la gr\u00e8ve dans l\u2019\u00e9ducation nationale"}]},{"@type":"WebSite","@id":"https:\/\/lasentinelle.dz\/#website","url":"https:\/\/lasentinelle.dz\/","name":"La Sentinelle","description":"Quotidien national d&#039;information","publisher":{"@id":"https:\/\/lasentinelle.dz\/#organization"},"potentialAction":[{"@type":"SearchAction","target":{"@type":"EntryPoint","urlTemplate":"https:\/\/lasentinelle.dz\/?s={search_term_string}"},"query-input":{"@type":"PropertyValueSpecification","valueRequired":true,"valueName":"search_term_string"}}],"inLanguage":"fr-FR"},{"@type":"Organization","@id":"https:\/\/lasentinelle.dz\/#organization","name":"Quotidien La Sentinelle","url":"https:\/\/lasentinelle.dz\/","logo":{"@type":"ImageObject","inLanguage":"fr-FR","@id":"https:\/\/lasentinelle.dz\/#\/schema\/logo\/image\/","url":"https:\/\/lasentinelle.dz\/wp-content\/uploads\/2021\/09\/logo-sentinelleSLOGAN-1.png","contentUrl":"https:\/\/lasentinelle.dz\/wp-content\/uploads\/2021\/09\/logo-sentinelleSLOGAN-1.png","width":615,"height":142,"caption":"Quotidien La Sentinelle"},"image":{"@id":"https:\/\/lasentinelle.dz\/#\/schema\/logo\/image\/"},"sameAs":["https:\/\/www.facebook.com\/La-Sentinelle-104059864394773"]},{"@type":"Person","@id":"https:\/\/lasentinelle.dz\/#\/schema\/person\/d865044e22e70a75174ce8bcad3acfb3","name":"La Sentinelle","image":{"@type":"ImageObject","inLanguage":"fr-FR","@id":"https:\/\/secure.gravatar.com\/avatar\/57de8e5d4b15d43fb361a71fbb36338450fe67865b528a43dd10ef7c51a20392?s=96&d=mm&r=g","url":"https:\/\/secure.gravatar.com\/avatar\/57de8e5d4b15d43fb361a71fbb36338450fe67865b528a43dd10ef7c51a20392?s=96&d=mm&r=g","contentUrl":"https:\/\/secure.gravatar.com\/avatar\/57de8e5d4b15d43fb361a71fbb36338450fe67865b528a43dd10ef7c51a20392?s=96&d=mm&r=g","caption":"La Sentinelle"},"sameAs":["http:\/\/www.lasentinelle.dz"],"url":"https:\/\/lasentinelle.dz\/author\/redaction\/"}]}},"_links":{"self":[{"href":"https:\/\/lasentinelle.dz\/index.php\/wp-json\/wp\/v2\/posts\/20384","targetHints":{"allow":["GET"]}}],"collection":[{"href":"https:\/\/lasentinelle.dz\/index.php\/wp-json\/wp\/v2\/posts"}],"about":[{"href":"https:\/\/lasentinelle.dz\/index.php\/wp-json\/wp\/v2\/types\/post"}],"author":[{"embeddable":true,"href":"https:\/\/lasentinelle.dz\/index.php\/wp-json\/wp\/v2\/users\/3"}],"replies":[{"embeddable":true,"href":"https:\/\/lasentinelle.dz\/index.php\/wp-json\/wp\/v2\/comments?post=20384"}],"version-history":[{"count":1,"href":"https:\/\/lasentinelle.dz\/index.php\/wp-json\/wp\/v2\/posts\/20384\/revisions"}],"predecessor-version":[{"id":20404,"href":"https:\/\/lasentinelle.dz\/index.php\/wp-json\/wp\/v2\/posts\/20384\/revisions\/20404"}],"wp:featuredmedia":[{"embeddable":true,"href":"https:\/\/lasentinelle.dz\/index.php\/wp-json\/wp\/v2\/media\/19316"}],"wp:attachment":[{"href":"https:\/\/lasentinelle.dz\/index.php\/wp-json\/wp\/v2\/media?parent=20384"}],"wp:term":[{"taxonomy":"category","embeddable":true,"href":"https:\/\/lasentinelle.dz\/index.php\/wp-json\/wp\/v2\/categories?post=20384"},{"taxonomy":"post_tag","embeddable":true,"href":"https:\/\/lasentinelle.dz\/index.php\/wp-json\/wp\/v2\/tags?post=20384"}],"curies":[{"name":"wp","href":"https:\/\/api.w.org\/{rel}","templated":true}]}}