{"id":20413,"date":"2022-04-28T00:05:00","date_gmt":"2022-04-27T23:05:00","guid":{"rendered":"https:\/\/lasentinelle.dz\/?p=20413"},"modified":"2022-04-27T17:46:10","modified_gmt":"2022-04-27T16:46:10","slug":"apres-les-accusations-de-la-fecafoot-amara-prend-la-defense-de-belmadi","status":"publish","type":"post","link":"https:\/\/lasentinelle.dz\/index.php\/2022\/04\/28\/apres-les-accusations-de-la-fecafoot-amara-prend-la-defense-de-belmadi\/","title":{"rendered":"Apr\u00e8s les accusations de la FECAFOOT\u00a0:\u00a0Amara prend la d\u00e9fense de Belmadi\u00a0"},"content":{"rendered":"\n<p>La derni\u00e8re sortie m\u00e9diatique de Djamel Belmadi continue de faire pol\u00e9mique un peu partout dans le monde.&nbsp;<\/p>\n\n\n\n<p>Apr\u00e8s la F\u00e9d\u00e9ration camerounaise, qui a menac\u00e9 d\u2019interpeller la FIFA apr\u00e8s les propos \u00ab incendiaires \u00bb de l\u2019entra\u00eeneur de l\u2019Equipe nationale, en \u00e9voquant l\u2019arbitrage du Gambien Bakary Gassama lors du match retour face au Cameroun \u00e0 Blida,&nbsp;&nbsp;Belmadi,&nbsp;qui a d\u00e9cid\u00e9 de&nbsp;poursuivre&nbsp;son aventure \u00e0 la t\u00eate des Verts est&nbsp;sujet&nbsp;\u00e0&nbsp;une salve de critiques. Mais voil\u00e0 qu\u2019il a pu compter sur le soutien de Charaf Eddine Amara, pr\u00e9sident d\u00e9missionnaire de la F\u00e9d\u00e9ration alg\u00e9rienne de football. Pr\u00e9sent au tournoi de la presse \u00e0 Alger, le futur-ancien pr\u00e9sident de l\u2019instance f\u00e9d\u00e9rale a tenu \u00e0 calmer le jeu en r\u00e9pondant au communiqu\u00e9 de la F\u00e9d\u00e9ration camerounaise (FCAFOOT) et remettre les choses dans leur contexte. Tout cela en d\u00e9fendant Belmadi, dont les d\u00e9clarations ont, selon ses dires, \u00ab \u00e9t\u00e9 mal-interpr\u00e9t\u00e9es \u00bb. \u00ab Il n\u2019y a rien dans les d\u00e9clarations du s\u00e9lectionneur national qui porte atteinte \u00e0 l\u2019honneur et \u00e0 l\u2019int\u00e9grit\u00e9 de la F\u00e9d\u00e9ration camerounaise de football. Belmadi a us\u00e9 de son droit de protestation contre un arbitrage scandaleux qui n\u2019est pas \u00e0 la hauteur d\u2019une telle comp\u00e9tition. Il est de notre droit le plus absolu de le d\u00e9noncer \u00bb, a d\u00e9clar\u00e9 Amara. Celui-ci ajoutera&nbsp;&nbsp;: \u00ab Nous avons introduis un recours et une r\u00e9clamation. Mais \u00e0 chaque fois, on n\u2019a \u00e0 aucun moment accus\u00e9 la F\u00e9d\u00e9ration camerounaise ni son pr\u00e9sident Samuel Eto\u2019o. Ce dernier est un ami que nous respectons, comme nous respectons la F\u00e9d\u00e9ration camerounaise. La FAF et l\u2019Alg\u00e9rie \u00e9taient les premiers \u00e0 avoir soutenu le Cameroun pour l\u2019organisation de la CAN-2021 et Eto\u2019o se souvient&nbsp;de&nbsp;ce que je lui avais dit. Ceci est une preuve du respect que voue l\u2019Alg\u00e9rie et la FAF \u00e0 toutes les associations du football africain. \u00bb Dans le m\u00eame sillage, l\u2019intervenant Amara a assur\u00e9 que les d\u00e9clarations du s\u00e9lectionneur national ont \u00e9t\u00e9 sorties de leur contexte : \u00ab Son discours a \u00e9t\u00e9 tout simplement mal compris. Je le r\u00e9p\u00e8te, \u00e0 aucun moment nous n\u2019avons dout\u00e9 de l\u2019int\u00e9grit\u00e9 de la F\u00e9d\u00e9ration camerounaise de football \u00bb, explique-t-il encore. Concernant les r\u00e9actions de certains consultants fran\u00e7ais, sa r\u00e9ponse \u00e9tait claire en indiquant : \u00ab Je ne commente pas les commentaires. Que chacun assume la responsabilit\u00e9 de ses propos. Cela ne m\u2019emp\u00eache pas de les d\u00e9noncer \u00e0 chaque fois \u00bb.&nbsp;&nbsp;Selon des sources, la FAF devrait pondre une r\u00e9ponse \u00e0 son homologue du Cameroune&nbsp;dans les prochaines heures.&nbsp;&nbsp;<\/p>\n\n\n\n<p><strong>Abderrahim Mahious&nbsp;<\/strong><\/p>\n","protected":false},"excerpt":{"rendered":"<p>La derni\u00e8re sortie m\u00e9diatique de Djamel Belmadi continue de faire pol\u00e9mique un peu partout dans le monde.&nbsp; Apr\u00e8s la F\u00e9d\u00e9ration<\/p>\n","protected":false},"author":3,"featured_media":20420,"comment_status":"open","ping_status":"closed","sticky":false,"template":"","format":"standard","meta":{"colormag_page_container_layout":"default_layout","colormag_page_sidebar_layout":"default_layout","om_disable_all_campaigns":false,"_monsterinsights_skip_tracking":false,"_monsterinsights_sitenote_active":false,"_monsterinsights_sitenote_note":"","_monsterinsights_sitenote_category":0,"footnotes":"","_wpscppro_dont_share_socialmedia":false,"_wpscppro_custom_social_share_image":0,"_facebook_share_type":"","_twitter_share_type":"","_linkedin_share_type":"","_pinterest_share_type":"","_linkedin_share_type_page":"","_instagram_share_type":"","_medium_share_type":"","_threads_share_type":"","_google_business_share_type":"","_selected_social_profile":[],"_wpsp_enable_custom_social_template":false,"_wpsp_social_scheduling":{"enabled":false,"datetime":null,"platforms":[],"status":"template_only","dateOption":"today","timeOption":"now","customDays":"","customHours":"","customDate":"","customTime":"","schedulingType":"absolute"},"_wpsp_active_default_template":true},"categories":[52,33],"tags":[],"class_list":["post-20413","post","type-post","status-publish","format-standard","has-post-thumbnail","hentry","category-a-la-une","category-sports"],"aioseo_notices":[],"yoast_head":"<!-- This site is optimized with the Yoast SEO plugin v27.5 - https:\/\/yoast.com\/product\/yoast-seo-wordpress\/ -->\n<title>Apr\u00e8s les accusations de la FECAFOOT\u00a0:\u00a0Amara prend la d\u00e9fense de Belmadi\u00a0 - La Sentinelle<\/title>\n<meta name=\"robots\" content=\"index, follow, max-snippet:-1, max-image-preview:large, max-video-preview:-1\" \/>\n<link rel=\"canonical\" href=\"https:\/\/lasentinelle.dz\/index.php\/2022\/04\/28\/apres-les-accusations-de-la-fecafoot-amara-prend-la-defense-de-belmadi\/\" \/>\n<meta property=\"og:locale\" content=\"fr_FR\" \/>\n<meta property=\"og:type\" content=\"article\" \/>\n<meta property=\"og:title\" content=\"Apr\u00e8s les accusations de la FECAFOOT\u00a0:\u00a0Amara prend la d\u00e9fense de Belmadi\u00a0 - La Sentinelle\" \/>\n<meta property=\"og:description\" content=\"La derni\u00e8re sortie m\u00e9diatique de Djamel Belmadi continue de faire pol\u00e9mique un peu partout dans le monde.&nbsp; Apr\u00e8s la F\u00e9d\u00e9ration\" \/>\n<meta property=\"og:url\" content=\"https:\/\/lasentinelle.dz\/index.php\/2022\/04\/28\/apres-les-accusations-de-la-fecafoot-amara-prend-la-defense-de-belmadi\/\" \/>\n<meta property=\"og:site_name\" content=\"La Sentinelle\" \/>\n<meta property=\"article:publisher\" content=\"https:\/\/www.facebook.com\/La-Sentinelle-104059864394773\" \/>\n<meta property=\"article:published_time\" content=\"2022-04-27T23:05:00+00:00\" \/>\n<meta property=\"og:image\" content=\"https:\/\/lasentinelle.dz\/wp-content\/uploads\/2022\/04\/amara1.png\" \/>\n\t<meta property=\"og:image:width\" content=\"1600\" \/>\n\t<meta property=\"og:image:height\" content=\"900\" \/>\n\t<meta property=\"og:image:type\" content=\"image\/png\" \/>\n<meta name=\"author\" content=\"La Sentinelle\" \/>\n<meta name=\"twitter:card\" content=\"summary_large_image\" \/>\n<meta name=\"twitter:label1\" content=\"\u00c9crit par\" \/>\n\t<meta name=\"twitter:data1\" content=\"La Sentinelle\" \/>\n\t<meta name=\"twitter:label2\" content=\"Dur\u00e9e de lecture estim\u00e9e\" \/>\n\t<meta name=\"twitter:data2\" content=\"2 minutes\" \/>\n<script type=\"application\/ld+json\" class=\"yoast-schema-graph\">{\"@context\":\"https:\\\/\\\/schema.org\",\"@graph\":[{\"@type\":\"Article\",\"@id\":\"https:\\\/\\\/lasentinelle.dz\\\/index.php\\\/2022\\\/04\\\/28\\\/apres-les-accusations-de-la-fecafoot-amara-prend-la-defense-de-belmadi\\\/#article\",\"isPartOf\":{\"@id\":\"https:\\\/\\\/lasentinelle.dz\\\/index.php\\\/2022\\\/04\\\/28\\\/apres-les-accusations-de-la-fecafoot-amara-prend-la-defense-de-belmadi\\\/\"},\"author\":{\"name\":\"La Sentinelle\",\"@id\":\"https:\\\/\\\/lasentinelle.dz\\\/#\\\/schema\\\/person\\\/d865044e22e70a75174ce8bcad3acfb3\"},\"headline\":\"Apr\u00e8s les accusations de la FECAFOOT\u00a0:\u00a0Amara prend la d\u00e9fense de Belmadi\u00a0\",\"datePublished\":\"2022-04-27T23:05:00+00:00\",\"mainEntityOfPage\":{\"@id\":\"https:\\\/\\\/lasentinelle.dz\\\/index.php\\\/2022\\\/04\\\/28\\\/apres-les-accusations-de-la-fecafoot-amara-prend-la-defense-de-belmadi\\\/\"},\"wordCount\":490,\"commentCount\":0,\"publisher\":{\"@id\":\"https:\\\/\\\/lasentinelle.dz\\\/#organization\"},\"image\":{\"@id\":\"https:\\\/\\\/lasentinelle.dz\\\/index.php\\\/2022\\\/04\\\/28\\\/apres-les-accusations-de-la-fecafoot-amara-prend-la-defense-de-belmadi\\\/#primaryimage\"},\"thumbnailUrl\":\"https:\\\/\\\/lasentinelle.dz\\\/wp-content\\\/uploads\\\/2022\\\/04\\\/amara1.png\",\"articleSection\":[\"\u00c0 la Une\",\"Sports\"],\"inLanguage\":\"fr-FR\",\"potentialAction\":[{\"@type\":\"CommentAction\",\"name\":\"Comment\",\"target\":[\"https:\\\/\\\/lasentinelle.dz\\\/index.php\\\/2022\\\/04\\\/28\\\/apres-les-accusations-de-la-fecafoot-amara-prend-la-defense-de-belmadi\\\/#respond\"]}]},{\"@type\":\"WebPage\",\"@id\":\"https:\\\/\\\/lasentinelle.dz\\\/index.php\\\/2022\\\/04\\\/28\\\/apres-les-accusations-de-la-fecafoot-amara-prend-la-defense-de-belmadi\\\/\",\"url\":\"https:\\\/\\\/lasentinelle.dz\\\/index.php\\\/2022\\\/04\\\/28\\\/apres-les-accusations-de-la-fecafoot-amara-prend-la-defense-de-belmadi\\\/\",\"name\":\"Apr\u00e8s les accusations de la FECAFOOT\u00a0:\u00a0Amara prend la d\u00e9fense de Belmadi\u00a0 - La Sentinelle\",\"isPartOf\":{\"@id\":\"https:\\\/\\\/lasentinelle.dz\\\/#website\"},\"primaryImageOfPage\":{\"@id\":\"https:\\\/\\\/lasentinelle.dz\\\/index.php\\\/2022\\\/04\\\/28\\\/apres-les-accusations-de-la-fecafoot-amara-prend-la-defense-de-belmadi\\\/#primaryimage\"},\"image\":{\"@id\":\"https:\\\/\\\/lasentinelle.dz\\\/index.php\\\/2022\\\/04\\\/28\\\/apres-les-accusations-de-la-fecafoot-amara-prend-la-defense-de-belmadi\\\/#primaryimage\"},\"thumbnailUrl\":\"https:\\\/\\\/lasentinelle.dz\\\/wp-content\\\/uploads\\\/2022\\\/04\\\/amara1.png\",\"datePublished\":\"2022-04-27T23:05:00+00:00\",\"breadcrumb\":{\"@id\":\"https:\\\/\\\/lasentinelle.dz\\\/index.php\\\/2022\\\/04\\\/28\\\/apres-les-accusations-de-la-fecafoot-amara-prend-la-defense-de-belmadi\\\/#breadcrumb\"},\"inLanguage\":\"fr-FR\",\"potentialAction\":[{\"@type\":\"ReadAction\",\"target\":[\"https:\\\/\\\/lasentinelle.dz\\\/index.php\\\/2022\\\/04\\\/28\\\/apres-les-accusations-de-la-fecafoot-amara-prend-la-defense-de-belmadi\\\/\"]}]},{\"@type\":\"ImageObject\",\"inLanguage\":\"fr-FR\",\"@id\":\"https:\\\/\\\/lasentinelle.dz\\\/index.php\\\/2022\\\/04\\\/28\\\/apres-les-accusations-de-la-fecafoot-amara-prend-la-defense-de-belmadi\\\/#primaryimage\",\"url\":\"https:\\\/\\\/lasentinelle.dz\\\/wp-content\\\/uploads\\\/2022\\\/04\\\/amara1.png\",\"contentUrl\":\"https:\\\/\\\/lasentinelle.dz\\\/wp-content\\\/uploads\\\/2022\\\/04\\\/amara1.png\",\"width\":1600,\"height\":900},{\"@type\":\"BreadcrumbList\",\"@id\":\"https:\\\/\\\/lasentinelle.dz\\\/index.php\\\/2022\\\/04\\\/28\\\/apres-les-accusations-de-la-fecafoot-amara-prend-la-defense-de-belmadi\\\/#breadcrumb\",\"itemListElement\":[{\"@type\":\"ListItem\",\"position\":1,\"name\":\"Accueil\",\"item\":\"https:\\\/\\\/lasentinelle.dz\\\/\"},{\"@type\":\"ListItem\",\"position\":2,\"name\":\"Apr\u00e8s les accusations de la FECAFOOT\u00a0:\u00a0Amara prend la d\u00e9fense de Belmadi\u00a0\"}]},{\"@type\":\"WebSite\",\"@id\":\"https:\\\/\\\/lasentinelle.dz\\\/#website\",\"url\":\"https:\\\/\\\/lasentinelle.dz\\\/\",\"name\":\"La Sentinelle\",\"description\":\"Quotidien national d&#039;information\",\"publisher\":{\"@id\":\"https:\\\/\\\/lasentinelle.dz\\\/#organization\"},\"potentialAction\":[{\"@type\":\"SearchAction\",\"target\":{\"@type\":\"EntryPoint\",\"urlTemplate\":\"https:\\\/\\\/lasentinelle.dz\\\/?s={search_term_string}\"},\"query-input\":{\"@type\":\"PropertyValueSpecification\",\"valueRequired\":true,\"valueName\":\"search_term_string\"}}],\"inLanguage\":\"fr-FR\"},{\"@type\":\"Organization\",\"@id\":\"https:\\\/\\\/lasentinelle.dz\\\/#organization\",\"name\":\"Quotidien La Sentinelle\",\"url\":\"https:\\\/\\\/lasentinelle.dz\\\/\",\"logo\":{\"@type\":\"ImageObject\",\"inLanguage\":\"fr-FR\",\"@id\":\"https:\\\/\\\/lasentinelle.dz\\\/#\\\/schema\\\/logo\\\/image\\\/\",\"url\":\"https:\\\/\\\/lasentinelle.dz\\\/wp-content\\\/uploads\\\/2021\\\/09\\\/logo-sentinelleSLOGAN-1.png\",\"contentUrl\":\"https:\\\/\\\/lasentinelle.dz\\\/wp-content\\\/uploads\\\/2021\\\/09\\\/logo-sentinelleSLOGAN-1.png\",\"width\":615,\"height\":142,\"caption\":\"Quotidien La Sentinelle\"},\"image\":{\"@id\":\"https:\\\/\\\/lasentinelle.dz\\\/#\\\/schema\\\/logo\\\/image\\\/\"},\"sameAs\":[\"https:\\\/\\\/www.facebook.com\\\/La-Sentinelle-104059864394773\"]},{\"@type\":\"Person\",\"@id\":\"https:\\\/\\\/lasentinelle.dz\\\/#\\\/schema\\\/person\\\/d865044e22e70a75174ce8bcad3acfb3\",\"name\":\"La Sentinelle\",\"image\":{\"@type\":\"ImageObject\",\"inLanguage\":\"fr-FR\",\"@id\":\"https:\\\/\\\/secure.gravatar.com\\\/avatar\\\/57de8e5d4b15d43fb361a71fbb36338450fe67865b528a43dd10ef7c51a20392?s=96&d=mm&r=g\",\"url\":\"https:\\\/\\\/secure.gravatar.com\\\/avatar\\\/57de8e5d4b15d43fb361a71fbb36338450fe67865b528a43dd10ef7c51a20392?s=96&d=mm&r=g\",\"contentUrl\":\"https:\\\/\\\/secure.gravatar.com\\\/avatar\\\/57de8e5d4b15d43fb361a71fbb36338450fe67865b528a43dd10ef7c51a20392?s=96&d=mm&r=g\",\"caption\":\"La Sentinelle\"},\"sameAs\":[\"http:\\\/\\\/www.lasentinelle.dz\"],\"url\":\"https:\\\/\\\/lasentinelle.dz\\\/author\\\/redaction\\\/\"}]}<\/script>\n<!-- \/ Yoast SEO plugin. -->","yoast_head_json":{"title":"Apr\u00e8s les accusations de la FECAFOOT\u00a0:\u00a0Amara prend la d\u00e9fense de Belmadi\u00a0 - La Sentinelle","robots":{"index":"index","follow":"follow","max-snippet":"max-snippet:-1","max-image-preview":"max-image-preview:large","max-video-preview":"max-video-preview:-1"},"canonical":"https:\/\/lasentinelle.dz\/index.php\/2022\/04\/28\/apres-les-accusations-de-la-fecafoot-amara-prend-la-defense-de-belmadi\/","og_locale":"fr_FR","og_type":"article","og_title":"Apr\u00e8s les accusations de la FECAFOOT\u00a0:\u00a0Amara prend la d\u00e9fense de Belmadi\u00a0 - La Sentinelle","og_description":"La derni\u00e8re sortie m\u00e9diatique de Djamel Belmadi continue de faire pol\u00e9mique un peu partout dans le monde.&nbsp; Apr\u00e8s la F\u00e9d\u00e9ration","og_url":"https:\/\/lasentinelle.dz\/index.php\/2022\/04\/28\/apres-les-accusations-de-la-fecafoot-amara-prend-la-defense-de-belmadi\/","og_site_name":"La Sentinelle","article_publisher":"https:\/\/www.facebook.com\/La-Sentinelle-104059864394773","article_published_time":"2022-04-27T23:05:00+00:00","og_image":[{"width":1600,"height":900,"url":"https:\/\/lasentinelle.dz\/wp-content\/uploads\/2022\/04\/amara1.png","type":"image\/png"}],"author":"La Sentinelle","twitter_card":"summary_large_image","twitter_misc":{"\u00c9crit par":"La Sentinelle","Dur\u00e9e de lecture estim\u00e9e":"2 minutes"},"schema":{"@context":"https:\/\/schema.org","@graph":[{"@type":"Article","@id":"https:\/\/lasentinelle.dz\/index.php\/2022\/04\/28\/apres-les-accusations-de-la-fecafoot-amara-prend-la-defense-de-belmadi\/#article","isPartOf":{"@id":"https:\/\/lasentinelle.dz\/index.php\/2022\/04\/28\/apres-les-accusations-de-la-fecafoot-amara-prend-la-defense-de-belmadi\/"},"author":{"name":"La Sentinelle","@id":"https:\/\/lasentinelle.dz\/#\/schema\/person\/d865044e22e70a75174ce8bcad3acfb3"},"headline":"Apr\u00e8s les accusations de la FECAFOOT\u00a0:\u00a0Amara prend la d\u00e9fense de Belmadi\u00a0","datePublished":"2022-04-27T23:05:00+00:00","mainEntityOfPage":{"@id":"https:\/\/lasentinelle.dz\/index.php\/2022\/04\/28\/apres-les-accusations-de-la-fecafoot-amara-prend-la-defense-de-belmadi\/"},"wordCount":490,"commentCount":0,"publisher":{"@id":"https:\/\/lasentinelle.dz\/#organization"},"image":{"@id":"https:\/\/lasentinelle.dz\/index.php\/2022\/04\/28\/apres-les-accusations-de-la-fecafoot-amara-prend-la-defense-de-belmadi\/#primaryimage"},"thumbnailUrl":"https:\/\/lasentinelle.dz\/wp-content\/uploads\/2022\/04\/amara1.png","articleSection":["\u00c0 la Une","Sports"],"inLanguage":"fr-FR","potentialAction":[{"@type":"CommentAction","name":"Comment","target":["https:\/\/lasentinelle.dz\/index.php\/2022\/04\/28\/apres-les-accusations-de-la-fecafoot-amara-prend-la-defense-de-belmadi\/#respond"]}]},{"@type":"WebPage","@id":"https:\/\/lasentinelle.dz\/index.php\/2022\/04\/28\/apres-les-accusations-de-la-fecafoot-amara-prend-la-defense-de-belmadi\/","url":"https:\/\/lasentinelle.dz\/index.php\/2022\/04\/28\/apres-les-accusations-de-la-fecafoot-amara-prend-la-defense-de-belmadi\/","name":"Apr\u00e8s les accusations de la FECAFOOT\u00a0:\u00a0Amara prend la d\u00e9fense de Belmadi\u00a0 - La Sentinelle","isPartOf":{"@id":"https:\/\/lasentinelle.dz\/#website"},"primaryImageOfPage":{"@id":"https:\/\/lasentinelle.dz\/index.php\/2022\/04\/28\/apres-les-accusations-de-la-fecafoot-amara-prend-la-defense-de-belmadi\/#primaryimage"},"image":{"@id":"https:\/\/lasentinelle.dz\/index.php\/2022\/04\/28\/apres-les-accusations-de-la-fecafoot-amara-prend-la-defense-de-belmadi\/#primaryimage"},"thumbnailUrl":"https:\/\/lasentinelle.dz\/wp-content\/uploads\/2022\/04\/amara1.png","datePublished":"2022-04-27T23:05:00+00:00","breadcrumb":{"@id":"https:\/\/lasentinelle.dz\/index.php\/2022\/04\/28\/apres-les-accusations-de-la-fecafoot-amara-prend-la-defense-de-belmadi\/#breadcrumb"},"inLanguage":"fr-FR","potentialAction":[{"@type":"ReadAction","target":["https:\/\/lasentinelle.dz\/index.php\/2022\/04\/28\/apres-les-accusations-de-la-fecafoot-amara-prend-la-defense-de-belmadi\/"]}]},{"@type":"ImageObject","inLanguage":"fr-FR","@id":"https:\/\/lasentinelle.dz\/index.php\/2022\/04\/28\/apres-les-accusations-de-la-fecafoot-amara-prend-la-defense-de-belmadi\/#primaryimage","url":"https:\/\/lasentinelle.dz\/wp-content\/uploads\/2022\/04\/amara1.png","contentUrl":"https:\/\/lasentinelle.dz\/wp-content\/uploads\/2022\/04\/amara1.png","width":1600,"height":900},{"@type":"BreadcrumbList","@id":"https:\/\/lasentinelle.dz\/index.php\/2022\/04\/28\/apres-les-accusations-de-la-fecafoot-amara-prend-la-defense-de-belmadi\/#breadcrumb","itemListElement":[{"@type":"ListItem","position":1,"name":"Accueil","item":"https:\/\/lasentinelle.dz\/"},{"@type":"ListItem","position":2,"name":"Apr\u00e8s les accusations de la FECAFOOT\u00a0:\u00a0Amara prend la d\u00e9fense de Belmadi\u00a0"}]},{"@type":"WebSite","@id":"https:\/\/lasentinelle.dz\/#website","url":"https:\/\/lasentinelle.dz\/","name":"La Sentinelle","description":"Quotidien national d&#039;information","publisher":{"@id":"https:\/\/lasentinelle.dz\/#organization"},"potentialAction":[{"@type":"SearchAction","target":{"@type":"EntryPoint","urlTemplate":"https:\/\/lasentinelle.dz\/?s={search_term_string}"},"query-input":{"@type":"PropertyValueSpecification","valueRequired":true,"valueName":"search_term_string"}}],"inLanguage":"fr-FR"},{"@type":"Organization","@id":"https:\/\/lasentinelle.dz\/#organization","name":"Quotidien La Sentinelle","url":"https:\/\/lasentinelle.dz\/","logo":{"@type":"ImageObject","inLanguage":"fr-FR","@id":"https:\/\/lasentinelle.dz\/#\/schema\/logo\/image\/","url":"https:\/\/lasentinelle.dz\/wp-content\/uploads\/2021\/09\/logo-sentinelleSLOGAN-1.png","contentUrl":"https:\/\/lasentinelle.dz\/wp-content\/uploads\/2021\/09\/logo-sentinelleSLOGAN-1.png","width":615,"height":142,"caption":"Quotidien La Sentinelle"},"image":{"@id":"https:\/\/lasentinelle.dz\/#\/schema\/logo\/image\/"},"sameAs":["https:\/\/www.facebook.com\/La-Sentinelle-104059864394773"]},{"@type":"Person","@id":"https:\/\/lasentinelle.dz\/#\/schema\/person\/d865044e22e70a75174ce8bcad3acfb3","name":"La Sentinelle","image":{"@type":"ImageObject","inLanguage":"fr-FR","@id":"https:\/\/secure.gravatar.com\/avatar\/57de8e5d4b15d43fb361a71fbb36338450fe67865b528a43dd10ef7c51a20392?s=96&d=mm&r=g","url":"https:\/\/secure.gravatar.com\/avatar\/57de8e5d4b15d43fb361a71fbb36338450fe67865b528a43dd10ef7c51a20392?s=96&d=mm&r=g","contentUrl":"https:\/\/secure.gravatar.com\/avatar\/57de8e5d4b15d43fb361a71fbb36338450fe67865b528a43dd10ef7c51a20392?s=96&d=mm&r=g","caption":"La Sentinelle"},"sameAs":["http:\/\/www.lasentinelle.dz"],"url":"https:\/\/lasentinelle.dz\/author\/redaction\/"}]}},"_links":{"self":[{"href":"https:\/\/lasentinelle.dz\/index.php\/wp-json\/wp\/v2\/posts\/20413","targetHints":{"allow":["GET"]}}],"collection":[{"href":"https:\/\/lasentinelle.dz\/index.php\/wp-json\/wp\/v2\/posts"}],"about":[{"href":"https:\/\/lasentinelle.dz\/index.php\/wp-json\/wp\/v2\/types\/post"}],"author":[{"embeddable":true,"href":"https:\/\/lasentinelle.dz\/index.php\/wp-json\/wp\/v2\/users\/3"}],"replies":[{"embeddable":true,"href":"https:\/\/lasentinelle.dz\/index.php\/wp-json\/wp\/v2\/comments?post=20413"}],"version-history":[{"count":1,"href":"https:\/\/lasentinelle.dz\/index.php\/wp-json\/wp\/v2\/posts\/20413\/revisions"}],"predecessor-version":[{"id":20422,"href":"https:\/\/lasentinelle.dz\/index.php\/wp-json\/wp\/v2\/posts\/20413\/revisions\/20422"}],"wp:featuredmedia":[{"embeddable":true,"href":"https:\/\/lasentinelle.dz\/index.php\/wp-json\/wp\/v2\/media\/20420"}],"wp:attachment":[{"href":"https:\/\/lasentinelle.dz\/index.php\/wp-json\/wp\/v2\/media?parent=20413"}],"wp:term":[{"taxonomy":"category","embeddable":true,"href":"https:\/\/lasentinelle.dz\/index.php\/wp-json\/wp\/v2\/categories?post=20413"},{"taxonomy":"post_tag","embeddable":true,"href":"https:\/\/lasentinelle.dz\/index.php\/wp-json\/wp\/v2\/tags?post=20413"}],"curies":[{"name":"wp","href":"https:\/\/api.w.org\/{rel}","templated":true}]}}