{"id":20426,"date":"2022-04-28T00:01:00","date_gmt":"2022-04-27T23:01:00","guid":{"rendered":"https:\/\/lasentinelle.dz\/?p=20426"},"modified":"2022-04-27T17:49:28","modified_gmt":"2022-04-27T16:49:28","slug":"khenchela-un-an-de-prison-ferme-pour-lex-p-apc-douled-rachech","status":"publish","type":"post","link":"https:\/\/lasentinelle.dz\/index.php\/2022\/04\/28\/khenchela-un-an-de-prison-ferme-pour-lex-p-apc-douled-rachech\/","title":{"rendered":"Khenchela\u00a0:\u00a0Un an de prison ferme pour l\u2019ex-P\/APC\u00a0d\u2019Ouled Rachech"},"content":{"rendered":"\n<p>Le tribunal correctionnel de la wilaya de Khenchela, a condamn\u00e9 l\u2019ancien&nbsp;P\/APC&nbsp;d\u2019Ouled Rachech&nbsp;\u00e0 un an de prison ferme, dans l\u2019affaire des produits nettoyants p\u00e9rim\u00e9s et des pi\u00e8ces d\u00e9tach\u00e9es du parc&nbsp;roulant&nbsp;de la commune, avons-nous appris d\u2019une source&nbsp;judiciaire. Le mis en cause ainsi que le chef de parc&nbsp;avaient \u00e9t\u00e9 auditionn\u00e9s par le magistrat instructeur de la circonscription de comp\u00e9tence&nbsp;concernant&nbsp;la distribution pour les \u00e9tablissements scolaires, d&rsquo;importantes quantit\u00e9s de produits de nettoyages dont la date de p\u00e9remption \u00e9tait expir\u00e9e. Ce qui repr\u00e9sente un danger pour la sant\u00e9 des \u00e9l\u00e8ves, a expliqu\u00e9 notre source. L\u2019enqu\u00eate avait \u00e9t\u00e9 engag\u00e9e en mars 2021, par la police judiciaire de la s\u00fbret\u00e9 de da\u00efra d\u2019Ouled Rachech, sur instruction du parquet comp\u00e9tent, nous dit-on. Le parquet avait demand\u00e9 d\u2019enqu\u00eater sur la quantit\u00e9 de d\u00e9tergents achet\u00e9s en 2017 par l\u2019ex P\/APC. Une quantit\u00e9 qui selon le rapport de l\u2019enqu\u00eate a \u00e9t\u00e9 stock\u00e9e plus de 20 mois dans le parc de la commune, jusqu\u2019\u00e0 ce que sa date de p\u00e9remption ait expir\u00e9e, a expliqu\u00e9 la m\u00eame source. Mais les autorit\u00e9s municipales ont continu\u00e9 \u00e0 en distribuer des quantit\u00e9s \u00e0 un certain nombre d&rsquo;\u00e9coles primaires pour s&rsquo;en d\u00e9barrasser. Ils ont continu\u00e9 \u00e0 le faire jusqu&rsquo;au d\u00e9but du mois de mars de l&rsquo;ann\u00e9e pr\u00e9c\u00e9dente, a ajout\u00e9 notre source.&nbsp;Selon elle, l\u2019ind\u00e9licat P\/APC aurait pu&nbsp;\u00e9puis\u00e9&nbsp;tout&nbsp;produit p\u00e9rim\u00e9, dans le nettoyage des \u00e9tablissements scolaires, exposant ainsi la vie des \u00e9l\u00e8ves au danger de l\u2019inhalation du produit, si&nbsp;ce&nbsp;n\u2019est&nbsp;qu\u2019une information&nbsp;est&nbsp;parvenue au procureur de la&nbsp;R\u00e9publique du tribunal de Kais sur cet agissement ind\u00e9licat, a soulign\u00e9 note source. Aussit\u00f4t le magistrat a ordonn\u00e9 l\u2019ouverture d\u2019une&nbsp;enqu\u00eate sur l\u2019affaire avec la prise de toutes les mesures dont l&rsquo;analyse du produit p\u00e9rim\u00e9. Le rapport de l\u2019enqu\u00eate a confirm\u00e9 l\u2019acte d\u00e9nonc\u00e9, nous dit-on. \u00c0 l&rsquo;issue des proc\u00e9dures judicaire et juridiques d\u2019usage, le dossier a \u00e9t\u00e9 transf\u00e9r\u00e9 au tribunal de Chachar. Les charges retenues \u00e0 l\u2019encontre de l\u2019ex-P\/APC&nbsp;ont eu un caract\u00e8re de corruption, qui ont valu \u00e0 l\u2019ex-\u00e9lu un an de prison ferme, a fait savoir notre source. Celle-ci a r\u00e9v\u00e9l\u00e9 que l\u2019ancien maire d\u2019Ouled Rachech est \u00e9galement pr\u00e9sum\u00e9 impliqu\u00e9 dans une autre affaire de corruption. Il est poursuivi pour surfacturation, trafic dans le couffin de Ramadhan, trafic de pi\u00e8ces de rechanges, octroi de march\u00e9s en dehors des m\u00e9canismes&nbsp;juridiques, trafic dans les mat\u00e9riaux de construction de plusieurs projets, le recours \u00e0 la complaisance dans l\u2019attribution des projets de construction, entre autres accusations retenues \u00e0 l\u2019encontre&nbsp;de l\u2019\u00e9lurattrap\u00e9 par la justice.<\/p>\n\n\n\n<p><strong>Sofia Chahine<\/strong><\/p>\n","protected":false},"excerpt":{"rendered":"<p>Le tribunal correctionnel de la wilaya de Khenchela, a condamn\u00e9 l\u2019ancien&nbsp;P\/APC&nbsp;d\u2019Ouled Rachech&nbsp;\u00e0 un an de prison ferme, dans l\u2019affaire des<\/p>\n","protected":false},"author":3,"featured_media":20432,"comment_status":"open","ping_status":"closed","sticky":false,"template":"","format":"standard","meta":{"colormag_page_container_layout":"default_layout","colormag_page_sidebar_layout":"default_layout","om_disable_all_campaigns":false,"_monsterinsights_skip_tracking":false,"_monsterinsights_sitenote_active":false,"_monsterinsights_sitenote_note":"","_monsterinsights_sitenote_category":0,"footnotes":"","_wpscppro_dont_share_socialmedia":false,"_wpscppro_custom_social_share_image":0,"_facebook_share_type":"","_twitter_share_type":"","_linkedin_share_type":"","_pinterest_share_type":"","_linkedin_share_type_page":"","_instagram_share_type":"","_medium_share_type":"","_threads_share_type":"","_google_business_share_type":"","_selected_social_profile":[],"_wpsp_enable_custom_social_template":false,"_wpsp_social_scheduling":{"enabled":false,"datetime":null,"platforms":[],"status":"template_only","dateOption":"today","timeOption":"now","customDays":"","customHours":"","customDate":"","customTime":"","schedulingType":"absolute"},"_wpsp_active_default_template":true},"categories":[31],"tags":[],"class_list":["post-20426","post","type-post","status-publish","format-standard","has-post-thumbnail","hentry","category-regions"],"aioseo_notices":[],"yoast_head":"<!-- This site is optimized with the Yoast SEO plugin v27.5 - https:\/\/yoast.com\/product\/yoast-seo-wordpress\/ -->\n<title>Khenchela\u00a0:\u00a0Un an de prison ferme pour l\u2019ex-P\/APC\u00a0d\u2019Ouled Rachech - La Sentinelle<\/title>\n<meta name=\"robots\" content=\"index, follow, max-snippet:-1, max-image-preview:large, max-video-preview:-1\" \/>\n<link rel=\"canonical\" href=\"https:\/\/lasentinelle.dz\/index.php\/2022\/04\/28\/khenchela-un-an-de-prison-ferme-pour-lex-p-apc-douled-rachech\/\" \/>\n<meta property=\"og:locale\" content=\"fr_FR\" \/>\n<meta property=\"og:type\" content=\"article\" \/>\n<meta property=\"og:title\" content=\"Khenchela\u00a0:\u00a0Un an de prison ferme pour l\u2019ex-P\/APC\u00a0d\u2019Ouled Rachech - La Sentinelle\" \/>\n<meta property=\"og:description\" content=\"Le tribunal correctionnel de la wilaya de Khenchela, a condamn\u00e9 l\u2019ancien&nbsp;P\/APC&nbsp;d\u2019Ouled Rachech&nbsp;\u00e0 un an de prison ferme, dans l\u2019affaire des\" \/>\n<meta property=\"og:url\" content=\"https:\/\/lasentinelle.dz\/index.php\/2022\/04\/28\/khenchela-un-an-de-prison-ferme-pour-lex-p-apc-douled-rachech\/\" \/>\n<meta property=\"og:site_name\" content=\"La Sentinelle\" \/>\n<meta property=\"article:publisher\" content=\"https:\/\/www.facebook.com\/La-Sentinelle-104059864394773\" \/>\n<meta property=\"article:published_time\" content=\"2022-04-27T23:01:00+00:00\" \/>\n<meta property=\"og:image\" content=\"https:\/\/lasentinelle.dz\/wp-content\/uploads\/2022\/04\/2b5d9304ed5bc4dcf82c2860fef3725a.jpg\" \/>\n\t<meta property=\"og:image:width\" content=\"660\" \/>\n\t<meta property=\"og:image:height\" content=\"330\" \/>\n\t<meta property=\"og:image:type\" content=\"image\/jpeg\" \/>\n<meta name=\"author\" content=\"La Sentinelle\" \/>\n<meta name=\"twitter:card\" content=\"summary_large_image\" \/>\n<meta name=\"twitter:label1\" content=\"\u00c9crit par\" \/>\n\t<meta name=\"twitter:data1\" content=\"La Sentinelle\" \/>\n\t<meta name=\"twitter:label2\" content=\"Dur\u00e9e de lecture estim\u00e9e\" \/>\n\t<meta name=\"twitter:data2\" content=\"3 minutes\" \/>\n<script type=\"application\/ld+json\" class=\"yoast-schema-graph\">{\"@context\":\"https:\\\/\\\/schema.org\",\"@graph\":[{\"@type\":\"Article\",\"@id\":\"https:\\\/\\\/lasentinelle.dz\\\/index.php\\\/2022\\\/04\\\/28\\\/khenchela-un-an-de-prison-ferme-pour-lex-p-apc-douled-rachech\\\/#article\",\"isPartOf\":{\"@id\":\"https:\\\/\\\/lasentinelle.dz\\\/index.php\\\/2022\\\/04\\\/28\\\/khenchela-un-an-de-prison-ferme-pour-lex-p-apc-douled-rachech\\\/\"},\"author\":{\"name\":\"La Sentinelle\",\"@id\":\"https:\\\/\\\/lasentinelle.dz\\\/#\\\/schema\\\/person\\\/d865044e22e70a75174ce8bcad3acfb3\"},\"headline\":\"Khenchela\u00a0:\u00a0Un an de prison ferme pour l\u2019ex-P\\\/APC\u00a0d\u2019Ouled Rachech\",\"datePublished\":\"2022-04-27T23:01:00+00:00\",\"mainEntityOfPage\":{\"@id\":\"https:\\\/\\\/lasentinelle.dz\\\/index.php\\\/2022\\\/04\\\/28\\\/khenchela-un-an-de-prison-ferme-pour-lex-p-apc-douled-rachech\\\/\"},\"wordCount\":531,\"commentCount\":0,\"publisher\":{\"@id\":\"https:\\\/\\\/lasentinelle.dz\\\/#organization\"},\"image\":{\"@id\":\"https:\\\/\\\/lasentinelle.dz\\\/index.php\\\/2022\\\/04\\\/28\\\/khenchela-un-an-de-prison-ferme-pour-lex-p-apc-douled-rachech\\\/#primaryimage\"},\"thumbnailUrl\":\"https:\\\/\\\/lasentinelle.dz\\\/wp-content\\\/uploads\\\/2022\\\/04\\\/2b5d9304ed5bc4dcf82c2860fef3725a.jpg\",\"articleSection\":[\"R\u00e9gions\"],\"inLanguage\":\"fr-FR\",\"potentialAction\":[{\"@type\":\"CommentAction\",\"name\":\"Comment\",\"target\":[\"https:\\\/\\\/lasentinelle.dz\\\/index.php\\\/2022\\\/04\\\/28\\\/khenchela-un-an-de-prison-ferme-pour-lex-p-apc-douled-rachech\\\/#respond\"]}]},{\"@type\":\"WebPage\",\"@id\":\"https:\\\/\\\/lasentinelle.dz\\\/index.php\\\/2022\\\/04\\\/28\\\/khenchela-un-an-de-prison-ferme-pour-lex-p-apc-douled-rachech\\\/\",\"url\":\"https:\\\/\\\/lasentinelle.dz\\\/index.php\\\/2022\\\/04\\\/28\\\/khenchela-un-an-de-prison-ferme-pour-lex-p-apc-douled-rachech\\\/\",\"name\":\"Khenchela\u00a0:\u00a0Un an de prison ferme pour l\u2019ex-P\\\/APC\u00a0d\u2019Ouled Rachech - La Sentinelle\",\"isPartOf\":{\"@id\":\"https:\\\/\\\/lasentinelle.dz\\\/#website\"},\"primaryImageOfPage\":{\"@id\":\"https:\\\/\\\/lasentinelle.dz\\\/index.php\\\/2022\\\/04\\\/28\\\/khenchela-un-an-de-prison-ferme-pour-lex-p-apc-douled-rachech\\\/#primaryimage\"},\"image\":{\"@id\":\"https:\\\/\\\/lasentinelle.dz\\\/index.php\\\/2022\\\/04\\\/28\\\/khenchela-un-an-de-prison-ferme-pour-lex-p-apc-douled-rachech\\\/#primaryimage\"},\"thumbnailUrl\":\"https:\\\/\\\/lasentinelle.dz\\\/wp-content\\\/uploads\\\/2022\\\/04\\\/2b5d9304ed5bc4dcf82c2860fef3725a.jpg\",\"datePublished\":\"2022-04-27T23:01:00+00:00\",\"breadcrumb\":{\"@id\":\"https:\\\/\\\/lasentinelle.dz\\\/index.php\\\/2022\\\/04\\\/28\\\/khenchela-un-an-de-prison-ferme-pour-lex-p-apc-douled-rachech\\\/#breadcrumb\"},\"inLanguage\":\"fr-FR\",\"potentialAction\":[{\"@type\":\"ReadAction\",\"target\":[\"https:\\\/\\\/lasentinelle.dz\\\/index.php\\\/2022\\\/04\\\/28\\\/khenchela-un-an-de-prison-ferme-pour-lex-p-apc-douled-rachech\\\/\"]}]},{\"@type\":\"ImageObject\",\"inLanguage\":\"fr-FR\",\"@id\":\"https:\\\/\\\/lasentinelle.dz\\\/index.php\\\/2022\\\/04\\\/28\\\/khenchela-un-an-de-prison-ferme-pour-lex-p-apc-douled-rachech\\\/#primaryimage\",\"url\":\"https:\\\/\\\/lasentinelle.dz\\\/wp-content\\\/uploads\\\/2022\\\/04\\\/2b5d9304ed5bc4dcf82c2860fef3725a.jpg\",\"contentUrl\":\"https:\\\/\\\/lasentinelle.dz\\\/wp-content\\\/uploads\\\/2022\\\/04\\\/2b5d9304ed5bc4dcf82c2860fef3725a.jpg\",\"width\":660,\"height\":330},{\"@type\":\"BreadcrumbList\",\"@id\":\"https:\\\/\\\/lasentinelle.dz\\\/index.php\\\/2022\\\/04\\\/28\\\/khenchela-un-an-de-prison-ferme-pour-lex-p-apc-douled-rachech\\\/#breadcrumb\",\"itemListElement\":[{\"@type\":\"ListItem\",\"position\":1,\"name\":\"Accueil\",\"item\":\"https:\\\/\\\/lasentinelle.dz\\\/\"},{\"@type\":\"ListItem\",\"position\":2,\"name\":\"Khenchela\u00a0:\u00a0Un an de prison ferme pour l\u2019ex-P\\\/APC\u00a0d\u2019Ouled Rachech\"}]},{\"@type\":\"WebSite\",\"@id\":\"https:\\\/\\\/lasentinelle.dz\\\/#website\",\"url\":\"https:\\\/\\\/lasentinelle.dz\\\/\",\"name\":\"La Sentinelle\",\"description\":\"Quotidien national d&#039;information\",\"publisher\":{\"@id\":\"https:\\\/\\\/lasentinelle.dz\\\/#organization\"},\"potentialAction\":[{\"@type\":\"SearchAction\",\"target\":{\"@type\":\"EntryPoint\",\"urlTemplate\":\"https:\\\/\\\/lasentinelle.dz\\\/?s={search_term_string}\"},\"query-input\":{\"@type\":\"PropertyValueSpecification\",\"valueRequired\":true,\"valueName\":\"search_term_string\"}}],\"inLanguage\":\"fr-FR\"},{\"@type\":\"Organization\",\"@id\":\"https:\\\/\\\/lasentinelle.dz\\\/#organization\",\"name\":\"Quotidien La Sentinelle\",\"url\":\"https:\\\/\\\/lasentinelle.dz\\\/\",\"logo\":{\"@type\":\"ImageObject\",\"inLanguage\":\"fr-FR\",\"@id\":\"https:\\\/\\\/lasentinelle.dz\\\/#\\\/schema\\\/logo\\\/image\\\/\",\"url\":\"https:\\\/\\\/lasentinelle.dz\\\/wp-content\\\/uploads\\\/2021\\\/09\\\/logo-sentinelleSLOGAN-1.png\",\"contentUrl\":\"https:\\\/\\\/lasentinelle.dz\\\/wp-content\\\/uploads\\\/2021\\\/09\\\/logo-sentinelleSLOGAN-1.png\",\"width\":615,\"height\":142,\"caption\":\"Quotidien La Sentinelle\"},\"image\":{\"@id\":\"https:\\\/\\\/lasentinelle.dz\\\/#\\\/schema\\\/logo\\\/image\\\/\"},\"sameAs\":[\"https:\\\/\\\/www.facebook.com\\\/La-Sentinelle-104059864394773\"]},{\"@type\":\"Person\",\"@id\":\"https:\\\/\\\/lasentinelle.dz\\\/#\\\/schema\\\/person\\\/d865044e22e70a75174ce8bcad3acfb3\",\"name\":\"La Sentinelle\",\"image\":{\"@type\":\"ImageObject\",\"inLanguage\":\"fr-FR\",\"@id\":\"https:\\\/\\\/secure.gravatar.com\\\/avatar\\\/57de8e5d4b15d43fb361a71fbb36338450fe67865b528a43dd10ef7c51a20392?s=96&d=mm&r=g\",\"url\":\"https:\\\/\\\/secure.gravatar.com\\\/avatar\\\/57de8e5d4b15d43fb361a71fbb36338450fe67865b528a43dd10ef7c51a20392?s=96&d=mm&r=g\",\"contentUrl\":\"https:\\\/\\\/secure.gravatar.com\\\/avatar\\\/57de8e5d4b15d43fb361a71fbb36338450fe67865b528a43dd10ef7c51a20392?s=96&d=mm&r=g\",\"caption\":\"La Sentinelle\"},\"sameAs\":[\"http:\\\/\\\/www.lasentinelle.dz\"],\"url\":\"https:\\\/\\\/lasentinelle.dz\\\/author\\\/redaction\\\/\"}]}<\/script>\n<!-- \/ Yoast SEO plugin. -->","yoast_head_json":{"title":"Khenchela\u00a0:\u00a0Un an de prison ferme pour l\u2019ex-P\/APC\u00a0d\u2019Ouled Rachech - La Sentinelle","robots":{"index":"index","follow":"follow","max-snippet":"max-snippet:-1","max-image-preview":"max-image-preview:large","max-video-preview":"max-video-preview:-1"},"canonical":"https:\/\/lasentinelle.dz\/index.php\/2022\/04\/28\/khenchela-un-an-de-prison-ferme-pour-lex-p-apc-douled-rachech\/","og_locale":"fr_FR","og_type":"article","og_title":"Khenchela\u00a0:\u00a0Un an de prison ferme pour l\u2019ex-P\/APC\u00a0d\u2019Ouled Rachech - La Sentinelle","og_description":"Le tribunal correctionnel de la wilaya de Khenchela, a condamn\u00e9 l\u2019ancien&nbsp;P\/APC&nbsp;d\u2019Ouled Rachech&nbsp;\u00e0 un an de prison ferme, dans l\u2019affaire des","og_url":"https:\/\/lasentinelle.dz\/index.php\/2022\/04\/28\/khenchela-un-an-de-prison-ferme-pour-lex-p-apc-douled-rachech\/","og_site_name":"La Sentinelle","article_publisher":"https:\/\/www.facebook.com\/La-Sentinelle-104059864394773","article_published_time":"2022-04-27T23:01:00+00:00","og_image":[{"width":660,"height":330,"url":"https:\/\/lasentinelle.dz\/wp-content\/uploads\/2022\/04\/2b5d9304ed5bc4dcf82c2860fef3725a.jpg","type":"image\/jpeg"}],"author":"La Sentinelle","twitter_card":"summary_large_image","twitter_misc":{"\u00c9crit par":"La Sentinelle","Dur\u00e9e de lecture estim\u00e9e":"3 minutes"},"schema":{"@context":"https:\/\/schema.org","@graph":[{"@type":"Article","@id":"https:\/\/lasentinelle.dz\/index.php\/2022\/04\/28\/khenchela-un-an-de-prison-ferme-pour-lex-p-apc-douled-rachech\/#article","isPartOf":{"@id":"https:\/\/lasentinelle.dz\/index.php\/2022\/04\/28\/khenchela-un-an-de-prison-ferme-pour-lex-p-apc-douled-rachech\/"},"author":{"name":"La Sentinelle","@id":"https:\/\/lasentinelle.dz\/#\/schema\/person\/d865044e22e70a75174ce8bcad3acfb3"},"headline":"Khenchela\u00a0:\u00a0Un an de prison ferme pour l\u2019ex-P\/APC\u00a0d\u2019Ouled Rachech","datePublished":"2022-04-27T23:01:00+00:00","mainEntityOfPage":{"@id":"https:\/\/lasentinelle.dz\/index.php\/2022\/04\/28\/khenchela-un-an-de-prison-ferme-pour-lex-p-apc-douled-rachech\/"},"wordCount":531,"commentCount":0,"publisher":{"@id":"https:\/\/lasentinelle.dz\/#organization"},"image":{"@id":"https:\/\/lasentinelle.dz\/index.php\/2022\/04\/28\/khenchela-un-an-de-prison-ferme-pour-lex-p-apc-douled-rachech\/#primaryimage"},"thumbnailUrl":"https:\/\/lasentinelle.dz\/wp-content\/uploads\/2022\/04\/2b5d9304ed5bc4dcf82c2860fef3725a.jpg","articleSection":["R\u00e9gions"],"inLanguage":"fr-FR","potentialAction":[{"@type":"CommentAction","name":"Comment","target":["https:\/\/lasentinelle.dz\/index.php\/2022\/04\/28\/khenchela-un-an-de-prison-ferme-pour-lex-p-apc-douled-rachech\/#respond"]}]},{"@type":"WebPage","@id":"https:\/\/lasentinelle.dz\/index.php\/2022\/04\/28\/khenchela-un-an-de-prison-ferme-pour-lex-p-apc-douled-rachech\/","url":"https:\/\/lasentinelle.dz\/index.php\/2022\/04\/28\/khenchela-un-an-de-prison-ferme-pour-lex-p-apc-douled-rachech\/","name":"Khenchela\u00a0:\u00a0Un an de prison ferme pour l\u2019ex-P\/APC\u00a0d\u2019Ouled Rachech - La Sentinelle","isPartOf":{"@id":"https:\/\/lasentinelle.dz\/#website"},"primaryImageOfPage":{"@id":"https:\/\/lasentinelle.dz\/index.php\/2022\/04\/28\/khenchela-un-an-de-prison-ferme-pour-lex-p-apc-douled-rachech\/#primaryimage"},"image":{"@id":"https:\/\/lasentinelle.dz\/index.php\/2022\/04\/28\/khenchela-un-an-de-prison-ferme-pour-lex-p-apc-douled-rachech\/#primaryimage"},"thumbnailUrl":"https:\/\/lasentinelle.dz\/wp-content\/uploads\/2022\/04\/2b5d9304ed5bc4dcf82c2860fef3725a.jpg","datePublished":"2022-04-27T23:01:00+00:00","breadcrumb":{"@id":"https:\/\/lasentinelle.dz\/index.php\/2022\/04\/28\/khenchela-un-an-de-prison-ferme-pour-lex-p-apc-douled-rachech\/#breadcrumb"},"inLanguage":"fr-FR","potentialAction":[{"@type":"ReadAction","target":["https:\/\/lasentinelle.dz\/index.php\/2022\/04\/28\/khenchela-un-an-de-prison-ferme-pour-lex-p-apc-douled-rachech\/"]}]},{"@type":"ImageObject","inLanguage":"fr-FR","@id":"https:\/\/lasentinelle.dz\/index.php\/2022\/04\/28\/khenchela-un-an-de-prison-ferme-pour-lex-p-apc-douled-rachech\/#primaryimage","url":"https:\/\/lasentinelle.dz\/wp-content\/uploads\/2022\/04\/2b5d9304ed5bc4dcf82c2860fef3725a.jpg","contentUrl":"https:\/\/lasentinelle.dz\/wp-content\/uploads\/2022\/04\/2b5d9304ed5bc4dcf82c2860fef3725a.jpg","width":660,"height":330},{"@type":"BreadcrumbList","@id":"https:\/\/lasentinelle.dz\/index.php\/2022\/04\/28\/khenchela-un-an-de-prison-ferme-pour-lex-p-apc-douled-rachech\/#breadcrumb","itemListElement":[{"@type":"ListItem","position":1,"name":"Accueil","item":"https:\/\/lasentinelle.dz\/"},{"@type":"ListItem","position":2,"name":"Khenchela\u00a0:\u00a0Un an de prison ferme pour l\u2019ex-P\/APC\u00a0d\u2019Ouled Rachech"}]},{"@type":"WebSite","@id":"https:\/\/lasentinelle.dz\/#website","url":"https:\/\/lasentinelle.dz\/","name":"La Sentinelle","description":"Quotidien national d&#039;information","publisher":{"@id":"https:\/\/lasentinelle.dz\/#organization"},"potentialAction":[{"@type":"SearchAction","target":{"@type":"EntryPoint","urlTemplate":"https:\/\/lasentinelle.dz\/?s={search_term_string}"},"query-input":{"@type":"PropertyValueSpecification","valueRequired":true,"valueName":"search_term_string"}}],"inLanguage":"fr-FR"},{"@type":"Organization","@id":"https:\/\/lasentinelle.dz\/#organization","name":"Quotidien La Sentinelle","url":"https:\/\/lasentinelle.dz\/","logo":{"@type":"ImageObject","inLanguage":"fr-FR","@id":"https:\/\/lasentinelle.dz\/#\/schema\/logo\/image\/","url":"https:\/\/lasentinelle.dz\/wp-content\/uploads\/2021\/09\/logo-sentinelleSLOGAN-1.png","contentUrl":"https:\/\/lasentinelle.dz\/wp-content\/uploads\/2021\/09\/logo-sentinelleSLOGAN-1.png","width":615,"height":142,"caption":"Quotidien La Sentinelle"},"image":{"@id":"https:\/\/lasentinelle.dz\/#\/schema\/logo\/image\/"},"sameAs":["https:\/\/www.facebook.com\/La-Sentinelle-104059864394773"]},{"@type":"Person","@id":"https:\/\/lasentinelle.dz\/#\/schema\/person\/d865044e22e70a75174ce8bcad3acfb3","name":"La Sentinelle","image":{"@type":"ImageObject","inLanguage":"fr-FR","@id":"https:\/\/secure.gravatar.com\/avatar\/57de8e5d4b15d43fb361a71fbb36338450fe67865b528a43dd10ef7c51a20392?s=96&d=mm&r=g","url":"https:\/\/secure.gravatar.com\/avatar\/57de8e5d4b15d43fb361a71fbb36338450fe67865b528a43dd10ef7c51a20392?s=96&d=mm&r=g","contentUrl":"https:\/\/secure.gravatar.com\/avatar\/57de8e5d4b15d43fb361a71fbb36338450fe67865b528a43dd10ef7c51a20392?s=96&d=mm&r=g","caption":"La Sentinelle"},"sameAs":["http:\/\/www.lasentinelle.dz"],"url":"https:\/\/lasentinelle.dz\/author\/redaction\/"}]}},"_links":{"self":[{"href":"https:\/\/lasentinelle.dz\/index.php\/wp-json\/wp\/v2\/posts\/20426","targetHints":{"allow":["GET"]}}],"collection":[{"href":"https:\/\/lasentinelle.dz\/index.php\/wp-json\/wp\/v2\/posts"}],"about":[{"href":"https:\/\/lasentinelle.dz\/index.php\/wp-json\/wp\/v2\/types\/post"}],"author":[{"embeddable":true,"href":"https:\/\/lasentinelle.dz\/index.php\/wp-json\/wp\/v2\/users\/3"}],"replies":[{"embeddable":true,"href":"https:\/\/lasentinelle.dz\/index.php\/wp-json\/wp\/v2\/comments?post=20426"}],"version-history":[{"count":1,"href":"https:\/\/lasentinelle.dz\/index.php\/wp-json\/wp\/v2\/posts\/20426\/revisions"}],"predecessor-version":[{"id":20433,"href":"https:\/\/lasentinelle.dz\/index.php\/wp-json\/wp\/v2\/posts\/20426\/revisions\/20433"}],"wp:featuredmedia":[{"embeddable":true,"href":"https:\/\/lasentinelle.dz\/index.php\/wp-json\/wp\/v2\/media\/20432"}],"wp:attachment":[{"href":"https:\/\/lasentinelle.dz\/index.php\/wp-json\/wp\/v2\/media?parent=20426"}],"wp:term":[{"taxonomy":"category","embeddable":true,"href":"https:\/\/lasentinelle.dz\/index.php\/wp-json\/wp\/v2\/categories?post=20426"},{"taxonomy":"post_tag","embeddable":true,"href":"https:\/\/lasentinelle.dz\/index.php\/wp-json\/wp\/v2\/tags?post=20426"}],"curies":[{"name":"wp","href":"https:\/\/api.w.org\/{rel}","templated":true}]}}