{"id":20494,"date":"2022-05-04T00:01:00","date_gmt":"2022-05-03T23:01:00","guid":{"rendered":"https:\/\/lasentinelle.dz\/?p=20494"},"modified":"2022-05-03T17:44:01","modified_gmt":"2022-05-03T16:44:01","slug":"allocation-chomage-une-enveloppe-de-80-milliards-de-dinars-mobilisee","status":"publish","type":"post","link":"https:\/\/lasentinelle.dz\/index.php\/2022\/05\/04\/allocation-chomage-une-enveloppe-de-80-milliards-de-dinars-mobilisee\/","title":{"rendered":"Allocation ch\u00f4mage\u00a0: Une enveloppe de 80 milliards de dinars\u00a0mobilis\u00e9e"},"content":{"rendered":"\n<p>En vertu d&rsquo;un d\u00e9cret pr\u00e9sidentiel paru au Journal officiel (N 27) et sign\u00e9 par le pr\u00e9sident de la R\u00e9publique, Abdelmadjid Tebboune, le gouvernement pr\u00e9voit d\u2019injecter une enveloppe budg\u00e9taire de plus de 80 milliards de dinars au titre de contribution au dispositif de l&rsquo;allocation ch\u00f4mage en 2022. Selon le d\u00e9cret sign\u00e9 le 12 avril en cours et portant sur la cr\u00e9ation d&rsquo;un chapitre et transfert de cr\u00e9dits au budget de fonctionnement du minist\u00e8re du Travail, de l&rsquo;Emploi et de la&nbsp;S\u00e9curit\u00e9 sociale, il est cr\u00e9\u00e9, au sein de la nomenclature du budget de fonctionnement du&nbsp;m\u00eame d\u00e9partement minist\u00e9riel,&nbsp;\u00ab&nbsp;un chapitre n 44-13 intitul\u00e9 Contribution au dispositif allocation ch\u00f4mage&nbsp;\u00bb.&nbsp;&nbsp;Le d\u00e9cret pr\u00e9cise qu\u2019un cr\u00e9dit de 80,228 milliards de DA applicable au budget de fonctionnement du minist\u00e8re du Travail, de l&rsquo;Emploi et de la&nbsp;S\u00e9curit\u00e9 sociale est mobilis\u00e9 pour \u00eatre ex\u00e9cut\u00e9 par le m\u00eame minist\u00e8re en partenariat avec le minist\u00e8re des&nbsp;&nbsp;Finances.<\/p>\n\n\n\n<p>En fait, ce d\u00e9cret vient compl\u00e9ter l\u2019arsenal juridique accompagnant la d\u00e9cision du pr\u00e9sident de la&nbsp;R\u00e9publique de doter les ch\u00f4meurs d\u2019une allocation&nbsp;de solidarit\u00e9&nbsp;pour leur assurer une vie digne en attendant de trouver un emploi r\u00e9mun\u00e9r\u00e9.&nbsp;Pour rappel, cette allocation de 13.000 DA&nbsp;, institu\u00e9e par le Pr\u00e9sident&nbsp;Abdelmadjid Tebboune et assimilable \u00e0 un revenu mensuel d\u2019insertion des jeunes, est vers\u00e9e depuis le&nbsp;28 mars&nbsp;dernier au primo-demandeurs d\u2019emplois inscrits \u00e0 l\u2019Agence nationale de l\u2019emploi (Anem).&nbsp;Selon les derniers chiffres communiqu\u00e9s par le ministre du Travail, de l\u2019Emploi et de la S\u00e9curit\u00e9 sociale, Youcef Cherfa, \u00a0\u00bb&nbsp;jusqu&rsquo;au 18 avril plus de 900.000 dossiers de demande d\u2019allocation ch\u00f4mage, sur un total de 1.501.799 inscrits sur la plateforme \u00e9lectronique, ont \u00e9t\u00e9 accept\u00e9s.<\/p>\n\n\n\n<p>Passant en revue l\u2019\u00e9tat et les perspectives du secteur devant la Commission de la sant\u00e9, des affaires sociales, du travail et de la formation professionnelle \u00e0 l&rsquo;Assembl\u00e9e populaire nationale (APN), il y a quelques jours le ministre a pr\u00e9cis\u00e9 que \u00ab\u00a0sur 1.501.799 inscrits sur la plateforme \u00e9lectronique pour b\u00e9n\u00e9ficier de l&rsquo;allocation ch\u00f4mage, 917.125 dossiers ont \u00e9t\u00e9 accept\u00e9s jusqu&rsquo;au 18 avril 2022\u00a0\u00bb. M.Cherfa a rappel\u00e9 que cette cat\u00e9gorie b\u00e9n\u00e9ficiera de la carte Chifa et d\u2019une couverture sociale, annon\u00e7ant \u00e0 cette occasion \u00ab\u00a0la distribution, ce jour, de plus de 5.000 cartes Chifa\u00a0\u00bb aux b\u00e9n\u00e9ficiaires de l&rsquo;allocation ch\u00f4mage.<\/p>\n\n\n\n<p>Pour b\u00e9n\u00e9ficier de cette allocation dont le montant est de 13 000 DA, le ch\u00f4meur primo-demandeur d&#8217;emploi doit remplir plusieurs conditions cit\u00e9s dans ce d\u00e9cret, \u00e0 savoir \u00eatre de nationalit\u00e9 alg\u00e9rienne, r\u00e9sident en Alg\u00e9rie et \u00e2g\u00e9 entre 19 et 40 ans.<\/p>\n\n\n\n<p>Il est aussi exig\u00e9 d\u2019\u00eatre inscrit comme ch\u00f4meur primo-demandeur d\u2019emploi aupr\u00e8s des services de l&rsquo;Agence nationale de l&#8217;emploi (ANEM) depuis au moins six mois, ne pas disposer d\u2019un revenu, quelle que soit sa nature, justifier sa situation vis-\u00e0-vis du service national et ne pas \u00eatre inscrit dans un \u00e9tablissement d\u2019enseignement sup\u00e9rieur ou de formation professionnelle.&nbsp;Le b\u00e9n\u00e9ficiaire ne doit pas avoir d\u00e9j\u00e0 b\u00e9n\u00e9fici\u00e9 des dispositifs publics de soutien \u00e0 la cr\u00e9ation et \u00e0 l&rsquo;extension d&rsquo;activit\u00e9s, d\u2019aide \u00e0 l\u2019insertion professionnelle et d\u2019aide sociale, alors que le conjoint ne doit disposer d\u2019aucun revenu, quelle que soit sa nature.<\/p>\n\n\n\n<p>Aussi,&nbsp;le maintien du b\u00e9n\u00e9fice de l\u2019allocation ch\u00f4mage est soumis \u00e0 un nombre d&rsquo;obligations, \u00e0 savoir se pr\u00e9senter aupr\u00e8s des services de l\u2019ANEM de son lieu de r\u00e9sidence pour la revalidation de son inscription, r\u00e9pondre aux convocations des services de l\u2019ANEM, ne pas refuser deux offres d\u2019emploi correspondant \u00e0 ses qualifications et ne pas refuser une formation visant \u00e0 am\u00e9liorer son employabilit\u00e9.<\/p>\n\n\n\n<p>Kamel Nait Ameur<\/p>\n","protected":false},"excerpt":{"rendered":"<p>En vertu d&rsquo;un d\u00e9cret pr\u00e9sidentiel paru au Journal officiel (N 27) et sign\u00e9 par le pr\u00e9sident de la R\u00e9publique, Abdelmadjid<\/p>\n","protected":false},"author":3,"featured_media":17818,"comment_status":"open","ping_status":"closed","sticky":false,"template":"","format":"standard","meta":{"colormag_page_container_layout":"default_layout","colormag_page_sidebar_layout":"default_layout","om_disable_all_campaigns":false,"_monsterinsights_skip_tracking":false,"_monsterinsights_sitenote_active":false,"_monsterinsights_sitenote_note":"","_monsterinsights_sitenote_category":0,"footnotes":"","_wpscppro_dont_share_socialmedia":false,"_wpscppro_custom_social_share_image":0,"_facebook_share_type":"","_twitter_share_type":"","_linkedin_share_type":"","_pinterest_share_type":"","_linkedin_share_type_page":"","_instagram_share_type":"","_medium_share_type":"","_threads_share_type":"","_google_business_share_type":"","_selected_social_profile":[],"_wpsp_enable_custom_social_template":false,"_wpsp_social_scheduling":{"enabled":false,"datetime":null,"platforms":[],"status":"template_only","dateOption":"today","timeOption":"now","customDays":"","customHours":"","customDate":"","customTime":"","schedulingType":"absolute"},"_wpsp_active_default_template":true},"categories":[27],"tags":[],"class_list":["post-20494","post","type-post","status-publish","format-standard","has-post-thumbnail","hentry","category-actualite"],"aioseo_notices":[],"yoast_head":"<!-- This site is optimized with the Yoast SEO plugin v27.5 - https:\/\/yoast.com\/product\/yoast-seo-wordpress\/ -->\n<title>Allocation ch\u00f4mage\u00a0: Une enveloppe de 80 milliards de dinars\u00a0mobilis\u00e9e - La Sentinelle<\/title>\n<meta name=\"robots\" content=\"index, follow, max-snippet:-1, max-image-preview:large, max-video-preview:-1\" \/>\n<link rel=\"canonical\" href=\"https:\/\/lasentinelle.dz\/index.php\/2022\/05\/04\/allocation-chomage-une-enveloppe-de-80-milliards-de-dinars-mobilisee\/\" \/>\n<meta property=\"og:locale\" content=\"fr_FR\" \/>\n<meta property=\"og:type\" content=\"article\" \/>\n<meta property=\"og:title\" content=\"Allocation ch\u00f4mage\u00a0: Une enveloppe de 80 milliards de dinars\u00a0mobilis\u00e9e - La Sentinelle\" \/>\n<meta property=\"og:description\" content=\"En vertu d&rsquo;un d\u00e9cret pr\u00e9sidentiel paru au Journal officiel (N 27) et sign\u00e9 par le pr\u00e9sident de la R\u00e9publique, Abdelmadjid\" \/>\n<meta property=\"og:url\" content=\"https:\/\/lasentinelle.dz\/index.php\/2022\/05\/04\/allocation-chomage-une-enveloppe-de-80-milliards-de-dinars-mobilisee\/\" \/>\n<meta property=\"og:site_name\" content=\"La Sentinelle\" \/>\n<meta property=\"article:publisher\" content=\"https:\/\/www.facebook.com\/La-Sentinelle-104059864394773\" \/>\n<meta property=\"article:published_time\" content=\"2022-05-03T23:01:00+00:00\" \/>\n<meta property=\"og:image\" content=\"https:\/\/lasentinelle.dz\/wp-content\/uploads\/2022\/03\/chomage0.png\" \/>\n\t<meta property=\"og:image:width\" content=\"1616\" \/>\n\t<meta property=\"og:image:height\" content=\"900\" \/>\n\t<meta property=\"og:image:type\" content=\"image\/png\" \/>\n<meta name=\"author\" content=\"La Sentinelle\" \/>\n<meta name=\"twitter:card\" content=\"summary_large_image\" \/>\n<meta name=\"twitter:label1\" content=\"\u00c9crit par\" \/>\n\t<meta name=\"twitter:data1\" content=\"La Sentinelle\" \/>\n\t<meta name=\"twitter:label2\" content=\"Dur\u00e9e de lecture estim\u00e9e\" \/>\n\t<meta name=\"twitter:data2\" content=\"3 minutes\" \/>\n<script type=\"application\/ld+json\" class=\"yoast-schema-graph\">{\"@context\":\"https:\\\/\\\/schema.org\",\"@graph\":[{\"@type\":\"Article\",\"@id\":\"https:\\\/\\\/lasentinelle.dz\\\/index.php\\\/2022\\\/05\\\/04\\\/allocation-chomage-une-enveloppe-de-80-milliards-de-dinars-mobilisee\\\/#article\",\"isPartOf\":{\"@id\":\"https:\\\/\\\/lasentinelle.dz\\\/index.php\\\/2022\\\/05\\\/04\\\/allocation-chomage-une-enveloppe-de-80-milliards-de-dinars-mobilisee\\\/\"},\"author\":{\"name\":\"La Sentinelle\",\"@id\":\"https:\\\/\\\/lasentinelle.dz\\\/#\\\/schema\\\/person\\\/d865044e22e70a75174ce8bcad3acfb3\"},\"headline\":\"Allocation ch\u00f4mage\u00a0: Une enveloppe de 80 milliards de dinars\u00a0mobilis\u00e9e\",\"datePublished\":\"2022-05-03T23:01:00+00:00\",\"mainEntityOfPage\":{\"@id\":\"https:\\\/\\\/lasentinelle.dz\\\/index.php\\\/2022\\\/05\\\/04\\\/allocation-chomage-une-enveloppe-de-80-milliards-de-dinars-mobilisee\\\/\"},\"wordCount\":688,\"commentCount\":0,\"publisher\":{\"@id\":\"https:\\\/\\\/lasentinelle.dz\\\/#organization\"},\"image\":{\"@id\":\"https:\\\/\\\/lasentinelle.dz\\\/index.php\\\/2022\\\/05\\\/04\\\/allocation-chomage-une-enveloppe-de-80-milliards-de-dinars-mobilisee\\\/#primaryimage\"},\"thumbnailUrl\":\"https:\\\/\\\/lasentinelle.dz\\\/wp-content\\\/uploads\\\/2022\\\/03\\\/chomage0.png\",\"articleSection\":[\"Actualit\u00e9\"],\"inLanguage\":\"fr-FR\",\"potentialAction\":[{\"@type\":\"CommentAction\",\"name\":\"Comment\",\"target\":[\"https:\\\/\\\/lasentinelle.dz\\\/index.php\\\/2022\\\/05\\\/04\\\/allocation-chomage-une-enveloppe-de-80-milliards-de-dinars-mobilisee\\\/#respond\"]}]},{\"@type\":\"WebPage\",\"@id\":\"https:\\\/\\\/lasentinelle.dz\\\/index.php\\\/2022\\\/05\\\/04\\\/allocation-chomage-une-enveloppe-de-80-milliards-de-dinars-mobilisee\\\/\",\"url\":\"https:\\\/\\\/lasentinelle.dz\\\/index.php\\\/2022\\\/05\\\/04\\\/allocation-chomage-une-enveloppe-de-80-milliards-de-dinars-mobilisee\\\/\",\"name\":\"Allocation ch\u00f4mage\u00a0: Une enveloppe de 80 milliards de dinars\u00a0mobilis\u00e9e - La Sentinelle\",\"isPartOf\":{\"@id\":\"https:\\\/\\\/lasentinelle.dz\\\/#website\"},\"primaryImageOfPage\":{\"@id\":\"https:\\\/\\\/lasentinelle.dz\\\/index.php\\\/2022\\\/05\\\/04\\\/allocation-chomage-une-enveloppe-de-80-milliards-de-dinars-mobilisee\\\/#primaryimage\"},\"image\":{\"@id\":\"https:\\\/\\\/lasentinelle.dz\\\/index.php\\\/2022\\\/05\\\/04\\\/allocation-chomage-une-enveloppe-de-80-milliards-de-dinars-mobilisee\\\/#primaryimage\"},\"thumbnailUrl\":\"https:\\\/\\\/lasentinelle.dz\\\/wp-content\\\/uploads\\\/2022\\\/03\\\/chomage0.png\",\"datePublished\":\"2022-05-03T23:01:00+00:00\",\"breadcrumb\":{\"@id\":\"https:\\\/\\\/lasentinelle.dz\\\/index.php\\\/2022\\\/05\\\/04\\\/allocation-chomage-une-enveloppe-de-80-milliards-de-dinars-mobilisee\\\/#breadcrumb\"},\"inLanguage\":\"fr-FR\",\"potentialAction\":[{\"@type\":\"ReadAction\",\"target\":[\"https:\\\/\\\/lasentinelle.dz\\\/index.php\\\/2022\\\/05\\\/04\\\/allocation-chomage-une-enveloppe-de-80-milliards-de-dinars-mobilisee\\\/\"]}]},{\"@type\":\"ImageObject\",\"inLanguage\":\"fr-FR\",\"@id\":\"https:\\\/\\\/lasentinelle.dz\\\/index.php\\\/2022\\\/05\\\/04\\\/allocation-chomage-une-enveloppe-de-80-milliards-de-dinars-mobilisee\\\/#primaryimage\",\"url\":\"https:\\\/\\\/lasentinelle.dz\\\/wp-content\\\/uploads\\\/2022\\\/03\\\/chomage0.png\",\"contentUrl\":\"https:\\\/\\\/lasentinelle.dz\\\/wp-content\\\/uploads\\\/2022\\\/03\\\/chomage0.png\",\"width\":1616,\"height\":900},{\"@type\":\"BreadcrumbList\",\"@id\":\"https:\\\/\\\/lasentinelle.dz\\\/index.php\\\/2022\\\/05\\\/04\\\/allocation-chomage-une-enveloppe-de-80-milliards-de-dinars-mobilisee\\\/#breadcrumb\",\"itemListElement\":[{\"@type\":\"ListItem\",\"position\":1,\"name\":\"Accueil\",\"item\":\"https:\\\/\\\/lasentinelle.dz\\\/\"},{\"@type\":\"ListItem\",\"position\":2,\"name\":\"Allocation ch\u00f4mage\u00a0: Une enveloppe de 80 milliards de dinars\u00a0mobilis\u00e9e\"}]},{\"@type\":\"WebSite\",\"@id\":\"https:\\\/\\\/lasentinelle.dz\\\/#website\",\"url\":\"https:\\\/\\\/lasentinelle.dz\\\/\",\"name\":\"La Sentinelle\",\"description\":\"Quotidien national d&#039;information\",\"publisher\":{\"@id\":\"https:\\\/\\\/lasentinelle.dz\\\/#organization\"},\"potentialAction\":[{\"@type\":\"SearchAction\",\"target\":{\"@type\":\"EntryPoint\",\"urlTemplate\":\"https:\\\/\\\/lasentinelle.dz\\\/?s={search_term_string}\"},\"query-input\":{\"@type\":\"PropertyValueSpecification\",\"valueRequired\":true,\"valueName\":\"search_term_string\"}}],\"inLanguage\":\"fr-FR\"},{\"@type\":\"Organization\",\"@id\":\"https:\\\/\\\/lasentinelle.dz\\\/#organization\",\"name\":\"Quotidien La Sentinelle\",\"url\":\"https:\\\/\\\/lasentinelle.dz\\\/\",\"logo\":{\"@type\":\"ImageObject\",\"inLanguage\":\"fr-FR\",\"@id\":\"https:\\\/\\\/lasentinelle.dz\\\/#\\\/schema\\\/logo\\\/image\\\/\",\"url\":\"https:\\\/\\\/lasentinelle.dz\\\/wp-content\\\/uploads\\\/2021\\\/09\\\/logo-sentinelleSLOGAN-1.png\",\"contentUrl\":\"https:\\\/\\\/lasentinelle.dz\\\/wp-content\\\/uploads\\\/2021\\\/09\\\/logo-sentinelleSLOGAN-1.png\",\"width\":615,\"height\":142,\"caption\":\"Quotidien La Sentinelle\"},\"image\":{\"@id\":\"https:\\\/\\\/lasentinelle.dz\\\/#\\\/schema\\\/logo\\\/image\\\/\"},\"sameAs\":[\"https:\\\/\\\/www.facebook.com\\\/La-Sentinelle-104059864394773\"]},{\"@type\":\"Person\",\"@id\":\"https:\\\/\\\/lasentinelle.dz\\\/#\\\/schema\\\/person\\\/d865044e22e70a75174ce8bcad3acfb3\",\"name\":\"La Sentinelle\",\"image\":{\"@type\":\"ImageObject\",\"inLanguage\":\"fr-FR\",\"@id\":\"https:\\\/\\\/secure.gravatar.com\\\/avatar\\\/57de8e5d4b15d43fb361a71fbb36338450fe67865b528a43dd10ef7c51a20392?s=96&d=mm&r=g\",\"url\":\"https:\\\/\\\/secure.gravatar.com\\\/avatar\\\/57de8e5d4b15d43fb361a71fbb36338450fe67865b528a43dd10ef7c51a20392?s=96&d=mm&r=g\",\"contentUrl\":\"https:\\\/\\\/secure.gravatar.com\\\/avatar\\\/57de8e5d4b15d43fb361a71fbb36338450fe67865b528a43dd10ef7c51a20392?s=96&d=mm&r=g\",\"caption\":\"La Sentinelle\"},\"sameAs\":[\"http:\\\/\\\/www.lasentinelle.dz\"],\"url\":\"https:\\\/\\\/lasentinelle.dz\\\/author\\\/redaction\\\/\"}]}<\/script>\n<!-- \/ Yoast SEO plugin. -->","yoast_head_json":{"title":"Allocation ch\u00f4mage\u00a0: Une enveloppe de 80 milliards de dinars\u00a0mobilis\u00e9e - La Sentinelle","robots":{"index":"index","follow":"follow","max-snippet":"max-snippet:-1","max-image-preview":"max-image-preview:large","max-video-preview":"max-video-preview:-1"},"canonical":"https:\/\/lasentinelle.dz\/index.php\/2022\/05\/04\/allocation-chomage-une-enveloppe-de-80-milliards-de-dinars-mobilisee\/","og_locale":"fr_FR","og_type":"article","og_title":"Allocation ch\u00f4mage\u00a0: Une enveloppe de 80 milliards de dinars\u00a0mobilis\u00e9e - La Sentinelle","og_description":"En vertu d&rsquo;un d\u00e9cret pr\u00e9sidentiel paru au Journal officiel (N 27) et sign\u00e9 par le pr\u00e9sident de la R\u00e9publique, Abdelmadjid","og_url":"https:\/\/lasentinelle.dz\/index.php\/2022\/05\/04\/allocation-chomage-une-enveloppe-de-80-milliards-de-dinars-mobilisee\/","og_site_name":"La Sentinelle","article_publisher":"https:\/\/www.facebook.com\/La-Sentinelle-104059864394773","article_published_time":"2022-05-03T23:01:00+00:00","og_image":[{"width":1616,"height":900,"url":"https:\/\/lasentinelle.dz\/wp-content\/uploads\/2022\/03\/chomage0.png","type":"image\/png"}],"author":"La Sentinelle","twitter_card":"summary_large_image","twitter_misc":{"\u00c9crit par":"La Sentinelle","Dur\u00e9e de lecture estim\u00e9e":"3 minutes"},"schema":{"@context":"https:\/\/schema.org","@graph":[{"@type":"Article","@id":"https:\/\/lasentinelle.dz\/index.php\/2022\/05\/04\/allocation-chomage-une-enveloppe-de-80-milliards-de-dinars-mobilisee\/#article","isPartOf":{"@id":"https:\/\/lasentinelle.dz\/index.php\/2022\/05\/04\/allocation-chomage-une-enveloppe-de-80-milliards-de-dinars-mobilisee\/"},"author":{"name":"La Sentinelle","@id":"https:\/\/lasentinelle.dz\/#\/schema\/person\/d865044e22e70a75174ce8bcad3acfb3"},"headline":"Allocation ch\u00f4mage\u00a0: Une enveloppe de 80 milliards de dinars\u00a0mobilis\u00e9e","datePublished":"2022-05-03T23:01:00+00:00","mainEntityOfPage":{"@id":"https:\/\/lasentinelle.dz\/index.php\/2022\/05\/04\/allocation-chomage-une-enveloppe-de-80-milliards-de-dinars-mobilisee\/"},"wordCount":688,"commentCount":0,"publisher":{"@id":"https:\/\/lasentinelle.dz\/#organization"},"image":{"@id":"https:\/\/lasentinelle.dz\/index.php\/2022\/05\/04\/allocation-chomage-une-enveloppe-de-80-milliards-de-dinars-mobilisee\/#primaryimage"},"thumbnailUrl":"https:\/\/lasentinelle.dz\/wp-content\/uploads\/2022\/03\/chomage0.png","articleSection":["Actualit\u00e9"],"inLanguage":"fr-FR","potentialAction":[{"@type":"CommentAction","name":"Comment","target":["https:\/\/lasentinelle.dz\/index.php\/2022\/05\/04\/allocation-chomage-une-enveloppe-de-80-milliards-de-dinars-mobilisee\/#respond"]}]},{"@type":"WebPage","@id":"https:\/\/lasentinelle.dz\/index.php\/2022\/05\/04\/allocation-chomage-une-enveloppe-de-80-milliards-de-dinars-mobilisee\/","url":"https:\/\/lasentinelle.dz\/index.php\/2022\/05\/04\/allocation-chomage-une-enveloppe-de-80-milliards-de-dinars-mobilisee\/","name":"Allocation ch\u00f4mage\u00a0: Une enveloppe de 80 milliards de dinars\u00a0mobilis\u00e9e - La Sentinelle","isPartOf":{"@id":"https:\/\/lasentinelle.dz\/#website"},"primaryImageOfPage":{"@id":"https:\/\/lasentinelle.dz\/index.php\/2022\/05\/04\/allocation-chomage-une-enveloppe-de-80-milliards-de-dinars-mobilisee\/#primaryimage"},"image":{"@id":"https:\/\/lasentinelle.dz\/index.php\/2022\/05\/04\/allocation-chomage-une-enveloppe-de-80-milliards-de-dinars-mobilisee\/#primaryimage"},"thumbnailUrl":"https:\/\/lasentinelle.dz\/wp-content\/uploads\/2022\/03\/chomage0.png","datePublished":"2022-05-03T23:01:00+00:00","breadcrumb":{"@id":"https:\/\/lasentinelle.dz\/index.php\/2022\/05\/04\/allocation-chomage-une-enveloppe-de-80-milliards-de-dinars-mobilisee\/#breadcrumb"},"inLanguage":"fr-FR","potentialAction":[{"@type":"ReadAction","target":["https:\/\/lasentinelle.dz\/index.php\/2022\/05\/04\/allocation-chomage-une-enveloppe-de-80-milliards-de-dinars-mobilisee\/"]}]},{"@type":"ImageObject","inLanguage":"fr-FR","@id":"https:\/\/lasentinelle.dz\/index.php\/2022\/05\/04\/allocation-chomage-une-enveloppe-de-80-milliards-de-dinars-mobilisee\/#primaryimage","url":"https:\/\/lasentinelle.dz\/wp-content\/uploads\/2022\/03\/chomage0.png","contentUrl":"https:\/\/lasentinelle.dz\/wp-content\/uploads\/2022\/03\/chomage0.png","width":1616,"height":900},{"@type":"BreadcrumbList","@id":"https:\/\/lasentinelle.dz\/index.php\/2022\/05\/04\/allocation-chomage-une-enveloppe-de-80-milliards-de-dinars-mobilisee\/#breadcrumb","itemListElement":[{"@type":"ListItem","position":1,"name":"Accueil","item":"https:\/\/lasentinelle.dz\/"},{"@type":"ListItem","position":2,"name":"Allocation ch\u00f4mage\u00a0: Une enveloppe de 80 milliards de dinars\u00a0mobilis\u00e9e"}]},{"@type":"WebSite","@id":"https:\/\/lasentinelle.dz\/#website","url":"https:\/\/lasentinelle.dz\/","name":"La Sentinelle","description":"Quotidien national d&#039;information","publisher":{"@id":"https:\/\/lasentinelle.dz\/#organization"},"potentialAction":[{"@type":"SearchAction","target":{"@type":"EntryPoint","urlTemplate":"https:\/\/lasentinelle.dz\/?s={search_term_string}"},"query-input":{"@type":"PropertyValueSpecification","valueRequired":true,"valueName":"search_term_string"}}],"inLanguage":"fr-FR"},{"@type":"Organization","@id":"https:\/\/lasentinelle.dz\/#organization","name":"Quotidien La Sentinelle","url":"https:\/\/lasentinelle.dz\/","logo":{"@type":"ImageObject","inLanguage":"fr-FR","@id":"https:\/\/lasentinelle.dz\/#\/schema\/logo\/image\/","url":"https:\/\/lasentinelle.dz\/wp-content\/uploads\/2021\/09\/logo-sentinelleSLOGAN-1.png","contentUrl":"https:\/\/lasentinelle.dz\/wp-content\/uploads\/2021\/09\/logo-sentinelleSLOGAN-1.png","width":615,"height":142,"caption":"Quotidien La Sentinelle"},"image":{"@id":"https:\/\/lasentinelle.dz\/#\/schema\/logo\/image\/"},"sameAs":["https:\/\/www.facebook.com\/La-Sentinelle-104059864394773"]},{"@type":"Person","@id":"https:\/\/lasentinelle.dz\/#\/schema\/person\/d865044e22e70a75174ce8bcad3acfb3","name":"La Sentinelle","image":{"@type":"ImageObject","inLanguage":"fr-FR","@id":"https:\/\/secure.gravatar.com\/avatar\/57de8e5d4b15d43fb361a71fbb36338450fe67865b528a43dd10ef7c51a20392?s=96&d=mm&r=g","url":"https:\/\/secure.gravatar.com\/avatar\/57de8e5d4b15d43fb361a71fbb36338450fe67865b528a43dd10ef7c51a20392?s=96&d=mm&r=g","contentUrl":"https:\/\/secure.gravatar.com\/avatar\/57de8e5d4b15d43fb361a71fbb36338450fe67865b528a43dd10ef7c51a20392?s=96&d=mm&r=g","caption":"La Sentinelle"},"sameAs":["http:\/\/www.lasentinelle.dz"],"url":"https:\/\/lasentinelle.dz\/author\/redaction\/"}]}},"_links":{"self":[{"href":"https:\/\/lasentinelle.dz\/index.php\/wp-json\/wp\/v2\/posts\/20494","targetHints":{"allow":["GET"]}}],"collection":[{"href":"https:\/\/lasentinelle.dz\/index.php\/wp-json\/wp\/v2\/posts"}],"about":[{"href":"https:\/\/lasentinelle.dz\/index.php\/wp-json\/wp\/v2\/types\/post"}],"author":[{"embeddable":true,"href":"https:\/\/lasentinelle.dz\/index.php\/wp-json\/wp\/v2\/users\/3"}],"replies":[{"embeddable":true,"href":"https:\/\/lasentinelle.dz\/index.php\/wp-json\/wp\/v2\/comments?post=20494"}],"version-history":[{"count":1,"href":"https:\/\/lasentinelle.dz\/index.php\/wp-json\/wp\/v2\/posts\/20494\/revisions"}],"predecessor-version":[{"id":20520,"href":"https:\/\/lasentinelle.dz\/index.php\/wp-json\/wp\/v2\/posts\/20494\/revisions\/20520"}],"wp:featuredmedia":[{"embeddable":true,"href":"https:\/\/lasentinelle.dz\/index.php\/wp-json\/wp\/v2\/media\/17818"}],"wp:attachment":[{"href":"https:\/\/lasentinelle.dz\/index.php\/wp-json\/wp\/v2\/media?parent=20494"}],"wp:term":[{"taxonomy":"category","embeddable":true,"href":"https:\/\/lasentinelle.dz\/index.php\/wp-json\/wp\/v2\/categories?post=20494"},{"taxonomy":"post_tag","embeddable":true,"href":"https:\/\/lasentinelle.dz\/index.php\/wp-json\/wp\/v2\/tags?post=20494"}],"curies":[{"name":"wp","href":"https:\/\/api.w.org\/{rel}","templated":true}]}}