{"id":20528,"date":"2022-05-04T00:01:00","date_gmt":"2022-05-03T23:01:00","guid":{"rendered":"https:\/\/lasentinelle.dz\/?p=20528"},"modified":"2022-05-03T19:02:20","modified_gmt":"2022-05-03T18:02:20","slug":"petrole-les-cours-pris-en-tenailles-entre-embargo-annonce-et-risque-de-recession","status":"publish","type":"post","link":"https:\/\/lasentinelle.dz\/index.php\/2022\/05\/04\/petrole-les-cours-pris-en-tenailles-entre-embargo-annonce-et-risque-de-recession\/","title":{"rendered":"P\u00e9trole\u00a0: Les cours pris en tenailles entre embargo annonc\u00e9 et risque de r\u00e9cession"},"content":{"rendered":"\n<p>Les cours du p\u00e9trole \u00e9voluent en ordre dispers\u00e9 en ce d\u00e9but de semaine, pris en tenailles entre l\u2019impact d\u2019un possible embargo sur le p\u00e9trole russe annonc\u00e9 par&nbsp;l\u2019Union europ\u00e9enne et les mauvais signes sur la croissance en provenance de Chine, o\u00f9 les confinements dans les villes de Shanghai et P\u00e9kin commencent d\u00e9j\u00e0 \u00e0 affecter l\u2019activit\u00e9 \u00e9conomique. Apr\u00e8s un l\u00e9ger rebond lundi, les prix du baril de brut reculaient l\u00e9g\u00e8rement hier en d\u00e9but de s\u00e9ance de cotation.&nbsp;<\/p>\n\n\n\n<p>Vers 09H25 GMT, le baril de Brent&nbsp;de la mer du Nord pour livraison en juillet perdait 0,86% \u00e0 106,65 dollars.&nbsp;Le baril de West Texas Intermediate (WTI) am\u00e9ricain pour livraison en juin reculait quant \u00e0 lui de 0,78% \u00e0 104,35 dollars.&nbsp;\u00ab\u00a0La chute des prix a \u00e9t\u00e9 d\u00e9clench\u00e9e par les craintes que les confinements dus au coronavirus en cours en Chine puissent s\u00e9rieusement freiner la demande de p\u00e9trole dans ce pays\u00a0\u00bb, commente Carsten Fritsch, analyste chez Commerzbank.La Chine est le deuxi\u00e8me plus grand consommateur et le plus important importateur de p\u00e9trole brut au monde.<\/p>\n\n\n\n<p>L\u2019attention des march\u00e9s est \u00e9galement orient\u00e9e vers les 27 qui ont fait part d\u2019un possible embargo sur le p\u00e9trole russe, en r\u00e9ponse \u00e0 la d\u00e9cision de la Russie de suspendre les livraisons de gaz aux pays qui refusent de payer en roubles. Un embargo qui ne re\u00e7oit pas l\u2019assentiment de tous les pays de l\u2019UE.&nbsp;<\/p>\n\n\n\n<p>\u00ab\u00a0Les ministres europ\u00e9ens de l&rsquo;\u00e9nergie ont discut\u00e9 [lundi] d&rsquo;un embargo p\u00e9trolier contre la Russie. Cette mesure doit faire partie du nouveau train de sanctions que l&rsquo;UE a l&rsquo;intention d&rsquo;adopter cette semaine\u00a0\u00bb, affirme Carsten Fritsch.<\/p>\n\n\n\n<p>La Commission europ\u00e9enne a finalis\u00e9 sa proposition pour un sixi\u00e8me paquet de sanctions contre Moscou pour tarir le financement de son effort de guerre contre l&rsquo;Ukraine. Elle pr\u00e9voit un arr\u00eat progressif des achats europ\u00e9ens sur une p\u00e9riode de 6 \u00e0 8 mois, avec une exemption pour la Hongrie et la Slovaquie, deux pays enclav\u00e9s et totalement d\u00e9pendants des livraisons par l&rsquo;ol\u00e9oduc Droujba, qui pourront continuer leurs achats \u00e0 la Russie jusqu&rsquo;en 2023, a pr\u00e9cis\u00e9 un responsable europ\u00e9en.&nbsp;\u00ab\u00a0L&rsquo;ensemble du processus de remplacement prendra plusieurs ann\u00e9es, je vais donc insister sur cette exemption\u00a0\u00bb, a d\u00e9clar\u00e9 lundi le ministre slovaque de l&rsquo;\u00e9conomie, Richard Sulik, au quotidien TASR.Cette possibilit\u00e9 pose probl\u00e8me, car la Bulgarie et la R\u00e9publique tch\u00e8que veulent \u00e9galement b\u00e9n\u00e9ficier de cette d\u00e9rogation, ont expliqu\u00e9 des diplomates inform\u00e9s des discussions men\u00e9es par la Commission pour finaliser la proposition.<\/p>\n\n\n\n<p>En attendant, les Occidentaux tendent de faire pression sur l\u2019Opep afin de la pousser \u00e0 augmenter la production de p\u00e9trole. Une question que les membres de l\u2019Organisation bas\u00e9e \u00e0 Vienne ont tranch\u00e9 et ont clairement fait savoir qu\u2019aucun facteur ne motivait de d\u00e9vier de la politique actuelle d\u2019ouverture progressive des vannes dans la mesure o\u00f9 la hausse actuelle des cours est reli\u00e9e \u00e0 des facteurs g\u00e9opolitiques et non aux fondamentaux du march\u00e9, doit l\u2019offre et la demande.&nbsp;&nbsp;La r\u00e9union de l\u2019Opep+ pr\u00e9vue demain, devrait donc conduire \u00e0 une hausse d\u2019environ 400.000 barils\/jours conform\u00e9ment \u00e0 l\u2019accord valid\u00e9 au mois de juillet dernier concernant une augmentation progressive de l\u2019offre de p\u00e9trole sur le march\u00e9, dans l\u2019objectif de maintenir la stabilit\u00e9 de ce dernier.&nbsp;&nbsp;Les pays signataires de la D\u00e9claration de coop\u00e9ration peinent d\u2019ailleurs \u00e0 remplir leurs engagements en termes de production, notamment en raison du d\u00e9sinvestissement qui a affect\u00e9 le secteur au plus haut de la pand\u00e9mie et du crash des cours qui s\u2019en est suivi, en sus des facteurs g\u00e9opolitiques. C\u2019est le cas en Libye o\u00f9 la crise qui s\u2019est intensifi\u00e9e au cours des derni\u00e8res a induit la fermeture d\u2019un important champ p\u00e9trolier.&nbsp;<\/p>\n\n\n\n<p>L\u2019Opep+ a d\u2019autant plus de raisons d\u2019opter pour la prudence, car les nouvelles en ce qui concerne les pr\u00e9visions de croissance sur l\u2019\u00e9conomie mondiale ne sont pas bonnes. En sus des signaux n\u00e9gatifs en provenance de Chine,&nbsp;les craintes d&rsquo;un ralentissement \u00e9conomique mondial caus\u00e9 par la guerre en Ukraine&nbsp;p\u00e8sent sur le march\u00e9.<\/p>\n\n\n\n<p><strong>Chokri Hafed<\/strong><\/p>\n","protected":false},"excerpt":{"rendered":"<p>Les cours du p\u00e9trole \u00e9voluent en ordre dispers\u00e9 en ce d\u00e9but de semaine, pris en tenailles entre l\u2019impact d\u2019un possible<\/p>\n","protected":false},"author":3,"featured_media":17926,"comment_status":"open","ping_status":"closed","sticky":false,"template":"","format":"standard","meta":{"colormag_page_container_layout":"default_layout","colormag_page_sidebar_layout":"default_layout","om_disable_all_campaigns":false,"_monsterinsights_skip_tracking":false,"_monsterinsights_sitenote_active":false,"_monsterinsights_sitenote_note":"","_monsterinsights_sitenote_category":0,"footnotes":"","_wpscppro_dont_share_socialmedia":false,"_wpscppro_custom_social_share_image":0,"_facebook_share_type":"","_twitter_share_type":"","_linkedin_share_type":"","_pinterest_share_type":"","_linkedin_share_type_page":"","_instagram_share_type":"","_medium_share_type":"","_threads_share_type":"","_google_business_share_type":"","_selected_social_profile":[],"_wpsp_enable_custom_social_template":false,"_wpsp_social_scheduling":{"enabled":false,"datetime":null,"platforms":[],"status":"template_only","dateOption":"today","timeOption":"now","customDays":"","customHours":"","customDate":"","customTime":"","schedulingType":"absolute"},"_wpsp_active_default_template":true},"categories":[29],"tags":[],"class_list":["post-20528","post","type-post","status-publish","format-standard","has-post-thumbnail","hentry","category-economie"],"aioseo_notices":[],"yoast_head":"<!-- This site is optimized with the Yoast SEO plugin v27.5 - https:\/\/yoast.com\/product\/yoast-seo-wordpress\/ -->\n<title>P\u00e9trole\u00a0: Les cours pris en tenailles entre embargo annonc\u00e9 et risque de r\u00e9cession - La Sentinelle<\/title>\n<meta name=\"robots\" content=\"index, follow, max-snippet:-1, max-image-preview:large, max-video-preview:-1\" \/>\n<link rel=\"canonical\" href=\"https:\/\/lasentinelle.dz\/index.php\/2022\/05\/04\/petrole-les-cours-pris-en-tenailles-entre-embargo-annonce-et-risque-de-recession\/\" \/>\n<meta property=\"og:locale\" content=\"fr_FR\" \/>\n<meta property=\"og:type\" content=\"article\" \/>\n<meta property=\"og:title\" content=\"P\u00e9trole\u00a0: Les cours pris en tenailles entre embargo annonc\u00e9 et risque de r\u00e9cession - La Sentinelle\" \/>\n<meta property=\"og:description\" content=\"Les cours du p\u00e9trole \u00e9voluent en ordre dispers\u00e9 en ce d\u00e9but de semaine, pris en tenailles entre l\u2019impact d\u2019un possible\" \/>\n<meta property=\"og:url\" content=\"https:\/\/lasentinelle.dz\/index.php\/2022\/05\/04\/petrole-les-cours-pris-en-tenailles-entre-embargo-annonce-et-risque-de-recession\/\" \/>\n<meta property=\"og:site_name\" content=\"La Sentinelle\" \/>\n<meta property=\"article:publisher\" content=\"https:\/\/www.facebook.com\/La-Sentinelle-104059864394773\" \/>\n<meta property=\"article:published_time\" content=\"2022-05-03T23:01:00+00:00\" \/>\n<meta property=\"og:image\" content=\"https:\/\/lasentinelle.dz\/wp-content\/uploads\/2022\/03\/petrole-337p.png\" \/>\n\t<meta property=\"og:image:width\" content=\"1803\" \/>\n\t<meta property=\"og:image:height\" content=\"900\" \/>\n\t<meta property=\"og:image:type\" content=\"image\/png\" \/>\n<meta name=\"author\" content=\"La Sentinelle\" \/>\n<meta name=\"twitter:card\" content=\"summary_large_image\" \/>\n<meta name=\"twitter:label1\" content=\"\u00c9crit par\" \/>\n\t<meta name=\"twitter:data1\" content=\"La Sentinelle\" \/>\n\t<meta name=\"twitter:label2\" content=\"Dur\u00e9e de lecture estim\u00e9e\" \/>\n\t<meta name=\"twitter:data2\" content=\"4 minutes\" \/>\n<script type=\"application\/ld+json\" class=\"yoast-schema-graph\">{\"@context\":\"https:\\\/\\\/schema.org\",\"@graph\":[{\"@type\":\"Article\",\"@id\":\"https:\\\/\\\/lasentinelle.dz\\\/index.php\\\/2022\\\/05\\\/04\\\/petrole-les-cours-pris-en-tenailles-entre-embargo-annonce-et-risque-de-recession\\\/#article\",\"isPartOf\":{\"@id\":\"https:\\\/\\\/lasentinelle.dz\\\/index.php\\\/2022\\\/05\\\/04\\\/petrole-les-cours-pris-en-tenailles-entre-embargo-annonce-et-risque-de-recession\\\/\"},\"author\":{\"name\":\"La Sentinelle\",\"@id\":\"https:\\\/\\\/lasentinelle.dz\\\/#\\\/schema\\\/person\\\/d865044e22e70a75174ce8bcad3acfb3\"},\"headline\":\"P\u00e9trole\u00a0: Les cours pris en tenailles entre embargo annonc\u00e9 et risque de r\u00e9cession\",\"datePublished\":\"2022-05-03T23:01:00+00:00\",\"mainEntityOfPage\":{\"@id\":\"https:\\\/\\\/lasentinelle.dz\\\/index.php\\\/2022\\\/05\\\/04\\\/petrole-les-cours-pris-en-tenailles-entre-embargo-annonce-et-risque-de-recession\\\/\"},\"wordCount\":759,\"commentCount\":0,\"publisher\":{\"@id\":\"https:\\\/\\\/lasentinelle.dz\\\/#organization\"},\"image\":{\"@id\":\"https:\\\/\\\/lasentinelle.dz\\\/index.php\\\/2022\\\/05\\\/04\\\/petrole-les-cours-pris-en-tenailles-entre-embargo-annonce-et-risque-de-recession\\\/#primaryimage\"},\"thumbnailUrl\":\"https:\\\/\\\/lasentinelle.dz\\\/wp-content\\\/uploads\\\/2022\\\/03\\\/petrole-337p.png\",\"articleSection\":[\"\u00c9conomie\"],\"inLanguage\":\"fr-FR\",\"potentialAction\":[{\"@type\":\"CommentAction\",\"name\":\"Comment\",\"target\":[\"https:\\\/\\\/lasentinelle.dz\\\/index.php\\\/2022\\\/05\\\/04\\\/petrole-les-cours-pris-en-tenailles-entre-embargo-annonce-et-risque-de-recession\\\/#respond\"]}]},{\"@type\":\"WebPage\",\"@id\":\"https:\\\/\\\/lasentinelle.dz\\\/index.php\\\/2022\\\/05\\\/04\\\/petrole-les-cours-pris-en-tenailles-entre-embargo-annonce-et-risque-de-recession\\\/\",\"url\":\"https:\\\/\\\/lasentinelle.dz\\\/index.php\\\/2022\\\/05\\\/04\\\/petrole-les-cours-pris-en-tenailles-entre-embargo-annonce-et-risque-de-recession\\\/\",\"name\":\"P\u00e9trole\u00a0: Les cours pris en tenailles entre embargo annonc\u00e9 et risque de r\u00e9cession - La Sentinelle\",\"isPartOf\":{\"@id\":\"https:\\\/\\\/lasentinelle.dz\\\/#website\"},\"primaryImageOfPage\":{\"@id\":\"https:\\\/\\\/lasentinelle.dz\\\/index.php\\\/2022\\\/05\\\/04\\\/petrole-les-cours-pris-en-tenailles-entre-embargo-annonce-et-risque-de-recession\\\/#primaryimage\"},\"image\":{\"@id\":\"https:\\\/\\\/lasentinelle.dz\\\/index.php\\\/2022\\\/05\\\/04\\\/petrole-les-cours-pris-en-tenailles-entre-embargo-annonce-et-risque-de-recession\\\/#primaryimage\"},\"thumbnailUrl\":\"https:\\\/\\\/lasentinelle.dz\\\/wp-content\\\/uploads\\\/2022\\\/03\\\/petrole-337p.png\",\"datePublished\":\"2022-05-03T23:01:00+00:00\",\"breadcrumb\":{\"@id\":\"https:\\\/\\\/lasentinelle.dz\\\/index.php\\\/2022\\\/05\\\/04\\\/petrole-les-cours-pris-en-tenailles-entre-embargo-annonce-et-risque-de-recession\\\/#breadcrumb\"},\"inLanguage\":\"fr-FR\",\"potentialAction\":[{\"@type\":\"ReadAction\",\"target\":[\"https:\\\/\\\/lasentinelle.dz\\\/index.php\\\/2022\\\/05\\\/04\\\/petrole-les-cours-pris-en-tenailles-entre-embargo-annonce-et-risque-de-recession\\\/\"]}]},{\"@type\":\"ImageObject\",\"inLanguage\":\"fr-FR\",\"@id\":\"https:\\\/\\\/lasentinelle.dz\\\/index.php\\\/2022\\\/05\\\/04\\\/petrole-les-cours-pris-en-tenailles-entre-embargo-annonce-et-risque-de-recession\\\/#primaryimage\",\"url\":\"https:\\\/\\\/lasentinelle.dz\\\/wp-content\\\/uploads\\\/2022\\\/03\\\/petrole-337p.png\",\"contentUrl\":\"https:\\\/\\\/lasentinelle.dz\\\/wp-content\\\/uploads\\\/2022\\\/03\\\/petrole-337p.png\",\"width\":1803,\"height\":900},{\"@type\":\"BreadcrumbList\",\"@id\":\"https:\\\/\\\/lasentinelle.dz\\\/index.php\\\/2022\\\/05\\\/04\\\/petrole-les-cours-pris-en-tenailles-entre-embargo-annonce-et-risque-de-recession\\\/#breadcrumb\",\"itemListElement\":[{\"@type\":\"ListItem\",\"position\":1,\"name\":\"Accueil\",\"item\":\"https:\\\/\\\/lasentinelle.dz\\\/\"},{\"@type\":\"ListItem\",\"position\":2,\"name\":\"P\u00e9trole\u00a0: Les cours pris en tenailles entre embargo annonc\u00e9 et risque de r\u00e9cession\"}]},{\"@type\":\"WebSite\",\"@id\":\"https:\\\/\\\/lasentinelle.dz\\\/#website\",\"url\":\"https:\\\/\\\/lasentinelle.dz\\\/\",\"name\":\"La Sentinelle\",\"description\":\"Quotidien national d&#039;information\",\"publisher\":{\"@id\":\"https:\\\/\\\/lasentinelle.dz\\\/#organization\"},\"potentialAction\":[{\"@type\":\"SearchAction\",\"target\":{\"@type\":\"EntryPoint\",\"urlTemplate\":\"https:\\\/\\\/lasentinelle.dz\\\/?s={search_term_string}\"},\"query-input\":{\"@type\":\"PropertyValueSpecification\",\"valueRequired\":true,\"valueName\":\"search_term_string\"}}],\"inLanguage\":\"fr-FR\"},{\"@type\":\"Organization\",\"@id\":\"https:\\\/\\\/lasentinelle.dz\\\/#organization\",\"name\":\"Quotidien La Sentinelle\",\"url\":\"https:\\\/\\\/lasentinelle.dz\\\/\",\"logo\":{\"@type\":\"ImageObject\",\"inLanguage\":\"fr-FR\",\"@id\":\"https:\\\/\\\/lasentinelle.dz\\\/#\\\/schema\\\/logo\\\/image\\\/\",\"url\":\"https:\\\/\\\/lasentinelle.dz\\\/wp-content\\\/uploads\\\/2021\\\/09\\\/logo-sentinelleSLOGAN-1.png\",\"contentUrl\":\"https:\\\/\\\/lasentinelle.dz\\\/wp-content\\\/uploads\\\/2021\\\/09\\\/logo-sentinelleSLOGAN-1.png\",\"width\":615,\"height\":142,\"caption\":\"Quotidien La Sentinelle\"},\"image\":{\"@id\":\"https:\\\/\\\/lasentinelle.dz\\\/#\\\/schema\\\/logo\\\/image\\\/\"},\"sameAs\":[\"https:\\\/\\\/www.facebook.com\\\/La-Sentinelle-104059864394773\"]},{\"@type\":\"Person\",\"@id\":\"https:\\\/\\\/lasentinelle.dz\\\/#\\\/schema\\\/person\\\/d865044e22e70a75174ce8bcad3acfb3\",\"name\":\"La Sentinelle\",\"image\":{\"@type\":\"ImageObject\",\"inLanguage\":\"fr-FR\",\"@id\":\"https:\\\/\\\/secure.gravatar.com\\\/avatar\\\/57de8e5d4b15d43fb361a71fbb36338450fe67865b528a43dd10ef7c51a20392?s=96&d=mm&r=g\",\"url\":\"https:\\\/\\\/secure.gravatar.com\\\/avatar\\\/57de8e5d4b15d43fb361a71fbb36338450fe67865b528a43dd10ef7c51a20392?s=96&d=mm&r=g\",\"contentUrl\":\"https:\\\/\\\/secure.gravatar.com\\\/avatar\\\/57de8e5d4b15d43fb361a71fbb36338450fe67865b528a43dd10ef7c51a20392?s=96&d=mm&r=g\",\"caption\":\"La Sentinelle\"},\"sameAs\":[\"http:\\\/\\\/www.lasentinelle.dz\"],\"url\":\"https:\\\/\\\/lasentinelle.dz\\\/author\\\/redaction\\\/\"}]}<\/script>\n<!-- \/ Yoast SEO plugin. -->","yoast_head_json":{"title":"P\u00e9trole\u00a0: Les cours pris en tenailles entre embargo annonc\u00e9 et risque de r\u00e9cession - La Sentinelle","robots":{"index":"index","follow":"follow","max-snippet":"max-snippet:-1","max-image-preview":"max-image-preview:large","max-video-preview":"max-video-preview:-1"},"canonical":"https:\/\/lasentinelle.dz\/index.php\/2022\/05\/04\/petrole-les-cours-pris-en-tenailles-entre-embargo-annonce-et-risque-de-recession\/","og_locale":"fr_FR","og_type":"article","og_title":"P\u00e9trole\u00a0: Les cours pris en tenailles entre embargo annonc\u00e9 et risque de r\u00e9cession - La Sentinelle","og_description":"Les cours du p\u00e9trole \u00e9voluent en ordre dispers\u00e9 en ce d\u00e9but de semaine, pris en tenailles entre l\u2019impact d\u2019un possible","og_url":"https:\/\/lasentinelle.dz\/index.php\/2022\/05\/04\/petrole-les-cours-pris-en-tenailles-entre-embargo-annonce-et-risque-de-recession\/","og_site_name":"La Sentinelle","article_publisher":"https:\/\/www.facebook.com\/La-Sentinelle-104059864394773","article_published_time":"2022-05-03T23:01:00+00:00","og_image":[{"width":1803,"height":900,"url":"https:\/\/lasentinelle.dz\/wp-content\/uploads\/2022\/03\/petrole-337p.png","type":"image\/png"}],"author":"La Sentinelle","twitter_card":"summary_large_image","twitter_misc":{"\u00c9crit par":"La Sentinelle","Dur\u00e9e de lecture estim\u00e9e":"4 minutes"},"schema":{"@context":"https:\/\/schema.org","@graph":[{"@type":"Article","@id":"https:\/\/lasentinelle.dz\/index.php\/2022\/05\/04\/petrole-les-cours-pris-en-tenailles-entre-embargo-annonce-et-risque-de-recession\/#article","isPartOf":{"@id":"https:\/\/lasentinelle.dz\/index.php\/2022\/05\/04\/petrole-les-cours-pris-en-tenailles-entre-embargo-annonce-et-risque-de-recession\/"},"author":{"name":"La Sentinelle","@id":"https:\/\/lasentinelle.dz\/#\/schema\/person\/d865044e22e70a75174ce8bcad3acfb3"},"headline":"P\u00e9trole\u00a0: Les cours pris en tenailles entre embargo annonc\u00e9 et risque de r\u00e9cession","datePublished":"2022-05-03T23:01:00+00:00","mainEntityOfPage":{"@id":"https:\/\/lasentinelle.dz\/index.php\/2022\/05\/04\/petrole-les-cours-pris-en-tenailles-entre-embargo-annonce-et-risque-de-recession\/"},"wordCount":759,"commentCount":0,"publisher":{"@id":"https:\/\/lasentinelle.dz\/#organization"},"image":{"@id":"https:\/\/lasentinelle.dz\/index.php\/2022\/05\/04\/petrole-les-cours-pris-en-tenailles-entre-embargo-annonce-et-risque-de-recession\/#primaryimage"},"thumbnailUrl":"https:\/\/lasentinelle.dz\/wp-content\/uploads\/2022\/03\/petrole-337p.png","articleSection":["\u00c9conomie"],"inLanguage":"fr-FR","potentialAction":[{"@type":"CommentAction","name":"Comment","target":["https:\/\/lasentinelle.dz\/index.php\/2022\/05\/04\/petrole-les-cours-pris-en-tenailles-entre-embargo-annonce-et-risque-de-recession\/#respond"]}]},{"@type":"WebPage","@id":"https:\/\/lasentinelle.dz\/index.php\/2022\/05\/04\/petrole-les-cours-pris-en-tenailles-entre-embargo-annonce-et-risque-de-recession\/","url":"https:\/\/lasentinelle.dz\/index.php\/2022\/05\/04\/petrole-les-cours-pris-en-tenailles-entre-embargo-annonce-et-risque-de-recession\/","name":"P\u00e9trole\u00a0: Les cours pris en tenailles entre embargo annonc\u00e9 et risque de r\u00e9cession - La Sentinelle","isPartOf":{"@id":"https:\/\/lasentinelle.dz\/#website"},"primaryImageOfPage":{"@id":"https:\/\/lasentinelle.dz\/index.php\/2022\/05\/04\/petrole-les-cours-pris-en-tenailles-entre-embargo-annonce-et-risque-de-recession\/#primaryimage"},"image":{"@id":"https:\/\/lasentinelle.dz\/index.php\/2022\/05\/04\/petrole-les-cours-pris-en-tenailles-entre-embargo-annonce-et-risque-de-recession\/#primaryimage"},"thumbnailUrl":"https:\/\/lasentinelle.dz\/wp-content\/uploads\/2022\/03\/petrole-337p.png","datePublished":"2022-05-03T23:01:00+00:00","breadcrumb":{"@id":"https:\/\/lasentinelle.dz\/index.php\/2022\/05\/04\/petrole-les-cours-pris-en-tenailles-entre-embargo-annonce-et-risque-de-recession\/#breadcrumb"},"inLanguage":"fr-FR","potentialAction":[{"@type":"ReadAction","target":["https:\/\/lasentinelle.dz\/index.php\/2022\/05\/04\/petrole-les-cours-pris-en-tenailles-entre-embargo-annonce-et-risque-de-recession\/"]}]},{"@type":"ImageObject","inLanguage":"fr-FR","@id":"https:\/\/lasentinelle.dz\/index.php\/2022\/05\/04\/petrole-les-cours-pris-en-tenailles-entre-embargo-annonce-et-risque-de-recession\/#primaryimage","url":"https:\/\/lasentinelle.dz\/wp-content\/uploads\/2022\/03\/petrole-337p.png","contentUrl":"https:\/\/lasentinelle.dz\/wp-content\/uploads\/2022\/03\/petrole-337p.png","width":1803,"height":900},{"@type":"BreadcrumbList","@id":"https:\/\/lasentinelle.dz\/index.php\/2022\/05\/04\/petrole-les-cours-pris-en-tenailles-entre-embargo-annonce-et-risque-de-recession\/#breadcrumb","itemListElement":[{"@type":"ListItem","position":1,"name":"Accueil","item":"https:\/\/lasentinelle.dz\/"},{"@type":"ListItem","position":2,"name":"P\u00e9trole\u00a0: Les cours pris en tenailles entre embargo annonc\u00e9 et risque de r\u00e9cession"}]},{"@type":"WebSite","@id":"https:\/\/lasentinelle.dz\/#website","url":"https:\/\/lasentinelle.dz\/","name":"La Sentinelle","description":"Quotidien national d&#039;information","publisher":{"@id":"https:\/\/lasentinelle.dz\/#organization"},"potentialAction":[{"@type":"SearchAction","target":{"@type":"EntryPoint","urlTemplate":"https:\/\/lasentinelle.dz\/?s={search_term_string}"},"query-input":{"@type":"PropertyValueSpecification","valueRequired":true,"valueName":"search_term_string"}}],"inLanguage":"fr-FR"},{"@type":"Organization","@id":"https:\/\/lasentinelle.dz\/#organization","name":"Quotidien La Sentinelle","url":"https:\/\/lasentinelle.dz\/","logo":{"@type":"ImageObject","inLanguage":"fr-FR","@id":"https:\/\/lasentinelle.dz\/#\/schema\/logo\/image\/","url":"https:\/\/lasentinelle.dz\/wp-content\/uploads\/2021\/09\/logo-sentinelleSLOGAN-1.png","contentUrl":"https:\/\/lasentinelle.dz\/wp-content\/uploads\/2021\/09\/logo-sentinelleSLOGAN-1.png","width":615,"height":142,"caption":"Quotidien La Sentinelle"},"image":{"@id":"https:\/\/lasentinelle.dz\/#\/schema\/logo\/image\/"},"sameAs":["https:\/\/www.facebook.com\/La-Sentinelle-104059864394773"]},{"@type":"Person","@id":"https:\/\/lasentinelle.dz\/#\/schema\/person\/d865044e22e70a75174ce8bcad3acfb3","name":"La Sentinelle","image":{"@type":"ImageObject","inLanguage":"fr-FR","@id":"https:\/\/secure.gravatar.com\/avatar\/57de8e5d4b15d43fb361a71fbb36338450fe67865b528a43dd10ef7c51a20392?s=96&d=mm&r=g","url":"https:\/\/secure.gravatar.com\/avatar\/57de8e5d4b15d43fb361a71fbb36338450fe67865b528a43dd10ef7c51a20392?s=96&d=mm&r=g","contentUrl":"https:\/\/secure.gravatar.com\/avatar\/57de8e5d4b15d43fb361a71fbb36338450fe67865b528a43dd10ef7c51a20392?s=96&d=mm&r=g","caption":"La Sentinelle"},"sameAs":["http:\/\/www.lasentinelle.dz"],"url":"https:\/\/lasentinelle.dz\/author\/redaction\/"}]}},"_links":{"self":[{"href":"https:\/\/lasentinelle.dz\/index.php\/wp-json\/wp\/v2\/posts\/20528","targetHints":{"allow":["GET"]}}],"collection":[{"href":"https:\/\/lasentinelle.dz\/index.php\/wp-json\/wp\/v2\/posts"}],"about":[{"href":"https:\/\/lasentinelle.dz\/index.php\/wp-json\/wp\/v2\/types\/post"}],"author":[{"embeddable":true,"href":"https:\/\/lasentinelle.dz\/index.php\/wp-json\/wp\/v2\/users\/3"}],"replies":[{"embeddable":true,"href":"https:\/\/lasentinelle.dz\/index.php\/wp-json\/wp\/v2\/comments?post=20528"}],"version-history":[{"count":1,"href":"https:\/\/lasentinelle.dz\/index.php\/wp-json\/wp\/v2\/posts\/20528\/revisions"}],"predecessor-version":[{"id":20534,"href":"https:\/\/lasentinelle.dz\/index.php\/wp-json\/wp\/v2\/posts\/20528\/revisions\/20534"}],"wp:featuredmedia":[{"embeddable":true,"href":"https:\/\/lasentinelle.dz\/index.php\/wp-json\/wp\/v2\/media\/17926"}],"wp:attachment":[{"href":"https:\/\/lasentinelle.dz\/index.php\/wp-json\/wp\/v2\/media?parent=20528"}],"wp:term":[{"taxonomy":"category","embeddable":true,"href":"https:\/\/lasentinelle.dz\/index.php\/wp-json\/wp\/v2\/categories?post=20528"},{"taxonomy":"post_tag","embeddable":true,"href":"https:\/\/lasentinelle.dz\/index.php\/wp-json\/wp\/v2\/tags?post=20528"}],"curies":[{"name":"wp","href":"https:\/\/api.w.org\/{rel}","templated":true}]}}