{"id":20529,"date":"2022-05-04T00:01:00","date_gmt":"2022-05-03T23:01:00","guid":{"rendered":"https:\/\/lasentinelle.dz\/?p=20529"},"modified":"2022-05-03T19:04:38","modified_gmt":"2022-05-03T18:04:38","slug":"produits-agricoles-du-terroir-se-preparer-a-linternationalisation","status":"publish","type":"post","link":"https:\/\/lasentinelle.dz\/index.php\/2022\/05\/04\/produits-agricoles-du-terroir-se-preparer-a-linternationalisation\/","title":{"rendered":"Produits agricoles du terroir\u00a0: Se pr\u00e9parer \u00e0 l\u2019internationalisation"},"content":{"rendered":"\n<p>&nbsp;V\u00e9ritable richesse nationale, les produits agricoles authentiques du terroir ont r\u00e9ussi \u00e0 s&rsquo;imposer sur le march\u00e9 local dans un contexte marqu\u00e9 par un regain de conscience quant \u00e0 l&rsquo;importance des produits bio de la part des sp\u00e9cialistes et des consommateurs qui s&rsquo;accordent sur la qualit\u00e9 sup\u00e9rieure de ces produits pouvant acc\u00e9der facilement aux march\u00e9s internationaux.&nbsp;Les professionnels et sp\u00e9cialistes approch\u00e9s par l&rsquo;APS ont affirm\u00e9 que les produits du terroir, en abondance dans les fermes, les p\u00e2turages et les zones montagneuses, sont confectionn\u00e9s traditionnellement (s\u00e9chage, conservation et transformation) leur donnant ainsi des caract\u00e9ristiques nutritionnelles, une qualit\u00e9 et des go\u00fbts d&rsquo;exception qui caract\u00e9risent chaque r\u00e9gion du pays.&nbsp;Hadda, une grand-m\u00e8re d&rsquo;Inoughissen dans la wilaya de Batna estime que le patrimoine alg\u00e9rien en mati\u00e8re de produits du terroir \u00e9tait tr\u00e8s diversifi\u00e9 et a besoin d&rsquo;\u00eatre vulgaris\u00e9, tant \u00e0 l&rsquo;int\u00e9rieur qu&rsquo;\u00e0 l&rsquo;\u00e9tranger, d&rsquo;autant plus que chaque village, chaque commune et chaque wilaya offre plusieurs produits qui diff\u00e8rent en termes de composition et de go\u00fbt.&nbsp;Elle donne pour exemple le thym qui compte \u00e0 lui seul plus de 5 esp\u00e8ces.<\/p>\n\n\n\n<p>Hadda confectionne plusieurs vari\u00e9t\u00e9s de couscous, p\u00e2tes et pains, qu&rsquo;elle m\u00e9lange avec des herbes aromatiques pour leur donner diff\u00e9rentes saveurs.&nbsp;Ces produits ont plusieurs usages, notamment th\u00e9rapeutiques, comme \u00ab\u00a0A\u00efch El Hachich\u00a0\u00bb, (galette aux herbes) destin\u00e9e \u00e0 la parturiente, le couscous au thym et le couscous \u00e0 la lavande, tr\u00e8s indiqu\u00e9s pour les troubles intestinaux, ou encore le couscous \u00e0 l&rsquo;orge et aux glands, le couscous Mzyet et le couscous \u00e0 l&rsquo;avoine.Autant de mets b\u00e9n\u00e9fiques pour les personnes souhaitant \u00e9viter l&rsquo;hyperglyc\u00e9mie et l&rsquo;hypertension art\u00e9rielle ou faire attention \u00e0 leur ligne.&nbsp;En plus de la fabrication d&rsquo;autres produits servant \u00e0 la confection de confiseries, grand-m\u00e8re Hadda, \u00e0 travers cette activit\u00e9 familiale h\u00e9rit\u00e9e du patrimoine, transforme le lait de ch\u00e8vre en fromage, beurre et pommades, qui servent au traitement ou \u00e0 la fabrication de sal\u00e9s et de confiseries.&nbsp;Quant \u00e0 Saida, sp\u00e9cialis\u00e9e dans la transformation de plantes et herbes aromatiques en parfums et huiles dans les hauteurs de la wilaya de Jijel, elle souligne l&rsquo;importance de ce patrimoine naturel local qui fait la particularit\u00e9 de la r\u00e9gion, notamment au regard de l&rsquo;existence de plantes aromatiques rares et d&rsquo;herbes dont l&rsquo;importance th\u00e9rapeutique et cosm\u00e9tique n&rsquo;est connue que de ses r\u00e9sidents.&nbsp;Elle cite, \u00e0 titre d&rsquo;exemple, la plante \u00ab\u00a0Al-Maafouna\u00a0\u00bb (Chenopodiastrum murale), \u00ab\u00a0Amlyllis\u00a0\u00bb (Neprun), Retama et d&rsquo;autres herbes utilis\u00e9es dans la fabrication de diff\u00e9rents types de pommades th\u00e9rapeutiques, de savons et des huiles, soulignant l&rsquo;importance d&rsquo;accorder davantage d&rsquo;int\u00e9r\u00eat \u00e0 ces produits, qui sont principalement li\u00e9s au patrimoine naturel et social des habitants de la r\u00e9gion, et \u00e0 les faire connaitre aux jeunes d&rsquo;aujourd&rsquo;hui.&nbsp;De son c\u00f4t\u00e9, Kamal, activant \u00e0 Mila dans le domaine de la production des huiles (huile d&rsquo;olive, huile de lentisque, huile de figue de barbarie, huile de figue&#8230; et autres), estime que ces produits ont besoin de plus d&rsquo;attention de la part des sp\u00e9cialistes pour pr\u00e9venir toute alt\u00e9ration qui pourrait affecter leur authenticit\u00e9, compte tenu de la modernisation qui a touch\u00e9 plusieurs fili\u00e8res agricoles, ce qui peut rejaillir sur la particularit\u00e9 et les caract\u00e9ristiques de ces produits naturels.&nbsp;Dans une d\u00e9claration \u00e0 l&rsquo;APS, le pr\u00e9sident de l&rsquo;Association nationale des produits du terroir, Sid Ali Lahlou a plaid\u00e9 pour davantage de valorisation et de pr\u00e9paration de ces produits alg\u00e9riens pour la concurrence sur le march\u00e9 international, et ce \u00e0 travers leur accompagnement comme une sp\u00e9cialit\u00e9 ind\u00e9pendante, \u00e0 l&rsquo;instar de ce qui se passe dans de nombreux pays, ce qui permet de les promouvoir largement et de fournir des moyens de durabilit\u00e9 de leurs caract\u00e9ristiques et avantages, a-t-il dit.&nbsp;L&rsquo;intervenant a soulign\u00e9 l&rsquo;importance de la \u00ab\u00a0lab\u00e9lisation\u00a0\u00bb dans l&rsquo;\u00e9tablissement de la confiance entre consommateur et producteur, notamment pour les produits alg\u00e9riens du terroir destin\u00e9s \u00e0 l&rsquo;\u00e9tranger ou ceux qui sont import\u00e9s.&nbsp;A ce titre, M. Lahlou a relev\u00e9 que l&rsquo;Alg\u00e9rie regorgeait de produits agricoles du terroir, lesquels occupent ces derni\u00e8res ann\u00e9es une place importante sur le march\u00e9 national, \u00e0 l&rsquo;instar de ceux destin\u00e9s \u00e0 la confiserie tels la confiture, le beurre et le miel, qui sont riches en glucides sains, ainsi que les fruits secs (prunes s\u00e9ch\u00e9es, abricots, raisins secs et figues s\u00e8ches) et les ol\u00e9agineux, tous types confondus, en sus des fromages traditionnels, notamment ceux qui sont pr\u00e9par\u00e9s \u00e0 base de lait de ch\u00e8vre, d&rsquo;huiles essentielles et d&rsquo;herbes, ainsi que de produits de dattes et d&rsquo;olives.&nbsp;Selon le pr\u00e9sident de l&rsquo;association, le secteur agricole \u0153uvre, \u00e0 travers un comit\u00e9 sp\u00e9cial, \u00e0 arr\u00eater la liste des produits pouvant \u00eatre lab\u00e9lis\u00e9s selon certaines conditions sanitaires et des caract\u00e9ristiques biologiques et g\u00e9ographiques donn\u00e9es, en vue de maintenir les sp\u00e9cifications du produit du terroir, conform\u00e9ment \u00e0 son origine, afin de le prot\u00e9ger et lui donner la valeur ajout\u00e9e qu&rsquo;il m\u00e9rite, d&rsquo;autant qu&rsquo;il s&rsquo;agit des produits du terroir (100% alg\u00e9riens) qui ne n\u00e9cessitent pas l&rsquo;importation des mati\u00e8res premi\u00e8res de l&rsquo;\u00e9tranger ni des charges suppl\u00e9mentaires.<\/p>\n\n\n\n<p>APS<\/p>\n","protected":false},"excerpt":{"rendered":"<p>&nbsp;V\u00e9ritable richesse nationale, les produits agricoles authentiques du terroir ont r\u00e9ussi \u00e0 s&rsquo;imposer sur le march\u00e9 local dans un contexte<\/p>\n","protected":false},"author":3,"featured_media":20535,"comment_status":"open","ping_status":"closed","sticky":false,"template":"","format":"standard","meta":{"colormag_page_container_layout":"default_layout","colormag_page_sidebar_layout":"default_layout","om_disable_all_campaigns":false,"_monsterinsights_skip_tracking":false,"_monsterinsights_sitenote_active":false,"_monsterinsights_sitenote_note":"","_monsterinsights_sitenote_category":0,"footnotes":"","_wpscppro_dont_share_socialmedia":false,"_wpscppro_custom_social_share_image":0,"_facebook_share_type":"","_twitter_share_type":"","_linkedin_share_type":"","_pinterest_share_type":"","_linkedin_share_type_page":"","_instagram_share_type":"","_medium_share_type":"","_threads_share_type":"","_google_business_share_type":"","_selected_social_profile":[],"_wpsp_enable_custom_social_template":false,"_wpsp_social_scheduling":{"enabled":false,"datetime":null,"platforms":[],"status":"template_only","dateOption":"today","timeOption":"now","customDays":"","customHours":"","customDate":"","customTime":"","schedulingType":"absolute"},"_wpsp_active_default_template":true},"categories":[29],"tags":[],"class_list":["post-20529","post","type-post","status-publish","format-standard","has-post-thumbnail","hentry","category-economie"],"aioseo_notices":[],"yoast_head":"<!-- This site is optimized with the Yoast SEO plugin v27.5 - https:\/\/yoast.com\/product\/yoast-seo-wordpress\/ -->\n<title>Produits agricoles du terroir\u00a0: Se pr\u00e9parer \u00e0 l\u2019internationalisation - La Sentinelle<\/title>\n<meta name=\"robots\" content=\"index, follow, max-snippet:-1, max-image-preview:large, max-video-preview:-1\" \/>\n<link rel=\"canonical\" href=\"https:\/\/lasentinelle.dz\/index.php\/2022\/05\/04\/produits-agricoles-du-terroir-se-preparer-a-linternationalisation\/\" \/>\n<meta property=\"og:locale\" content=\"fr_FR\" \/>\n<meta property=\"og:type\" content=\"article\" \/>\n<meta property=\"og:title\" content=\"Produits agricoles du terroir\u00a0: Se pr\u00e9parer \u00e0 l\u2019internationalisation - La Sentinelle\" \/>\n<meta property=\"og:description\" content=\"&nbsp;V\u00e9ritable richesse nationale, les produits agricoles authentiques du terroir ont r\u00e9ussi \u00e0 s&rsquo;imposer sur le march\u00e9 local dans un contexte\" \/>\n<meta property=\"og:url\" content=\"https:\/\/lasentinelle.dz\/index.php\/2022\/05\/04\/produits-agricoles-du-terroir-se-preparer-a-linternationalisation\/\" \/>\n<meta property=\"og:site_name\" content=\"La Sentinelle\" \/>\n<meta property=\"article:publisher\" content=\"https:\/\/www.facebook.com\/La-Sentinelle-104059864394773\" \/>\n<meta property=\"article:published_time\" content=\"2022-05-03T23:01:00+00:00\" \/>\n<meta property=\"og:image\" content=\"https:\/\/lasentinelle.dz\/wp-content\/uploads\/2022\/05\/qssqd.png\" \/>\n\t<meta property=\"og:image:width\" content=\"1491\" \/>\n\t<meta property=\"og:image:height\" content=\"900\" \/>\n\t<meta property=\"og:image:type\" content=\"image\/png\" \/>\n<meta name=\"author\" content=\"La Sentinelle\" \/>\n<meta name=\"twitter:card\" content=\"summary_large_image\" \/>\n<meta name=\"twitter:label1\" content=\"\u00c9crit par\" \/>\n\t<meta name=\"twitter:data1\" content=\"La Sentinelle\" \/>\n\t<meta name=\"twitter:label2\" content=\"Dur\u00e9e de lecture estim\u00e9e\" \/>\n\t<meta name=\"twitter:data2\" content=\"5 minutes\" \/>\n<script type=\"application\/ld+json\" class=\"yoast-schema-graph\">{\"@context\":\"https:\\\/\\\/schema.org\",\"@graph\":[{\"@type\":\"Article\",\"@id\":\"https:\\\/\\\/lasentinelle.dz\\\/index.php\\\/2022\\\/05\\\/04\\\/produits-agricoles-du-terroir-se-preparer-a-linternationalisation\\\/#article\",\"isPartOf\":{\"@id\":\"https:\\\/\\\/lasentinelle.dz\\\/index.php\\\/2022\\\/05\\\/04\\\/produits-agricoles-du-terroir-se-preparer-a-linternationalisation\\\/\"},\"author\":{\"name\":\"La Sentinelle\",\"@id\":\"https:\\\/\\\/lasentinelle.dz\\\/#\\\/schema\\\/person\\\/d865044e22e70a75174ce8bcad3acfb3\"},\"headline\":\"Produits agricoles du terroir\u00a0: Se pr\u00e9parer \u00e0 l\u2019internationalisation\",\"datePublished\":\"2022-05-03T23:01:00+00:00\",\"mainEntityOfPage\":{\"@id\":\"https:\\\/\\\/lasentinelle.dz\\\/index.php\\\/2022\\\/05\\\/04\\\/produits-agricoles-du-terroir-se-preparer-a-linternationalisation\\\/\"},\"wordCount\":944,\"commentCount\":0,\"publisher\":{\"@id\":\"https:\\\/\\\/lasentinelle.dz\\\/#organization\"},\"image\":{\"@id\":\"https:\\\/\\\/lasentinelle.dz\\\/index.php\\\/2022\\\/05\\\/04\\\/produits-agricoles-du-terroir-se-preparer-a-linternationalisation\\\/#primaryimage\"},\"thumbnailUrl\":\"https:\\\/\\\/lasentinelle.dz\\\/wp-content\\\/uploads\\\/2022\\\/05\\\/qssqd.png\",\"articleSection\":[\"\u00c9conomie\"],\"inLanguage\":\"fr-FR\",\"potentialAction\":[{\"@type\":\"CommentAction\",\"name\":\"Comment\",\"target\":[\"https:\\\/\\\/lasentinelle.dz\\\/index.php\\\/2022\\\/05\\\/04\\\/produits-agricoles-du-terroir-se-preparer-a-linternationalisation\\\/#respond\"]}]},{\"@type\":\"WebPage\",\"@id\":\"https:\\\/\\\/lasentinelle.dz\\\/index.php\\\/2022\\\/05\\\/04\\\/produits-agricoles-du-terroir-se-preparer-a-linternationalisation\\\/\",\"url\":\"https:\\\/\\\/lasentinelle.dz\\\/index.php\\\/2022\\\/05\\\/04\\\/produits-agricoles-du-terroir-se-preparer-a-linternationalisation\\\/\",\"name\":\"Produits agricoles du terroir\u00a0: Se pr\u00e9parer \u00e0 l\u2019internationalisation - La Sentinelle\",\"isPartOf\":{\"@id\":\"https:\\\/\\\/lasentinelle.dz\\\/#website\"},\"primaryImageOfPage\":{\"@id\":\"https:\\\/\\\/lasentinelle.dz\\\/index.php\\\/2022\\\/05\\\/04\\\/produits-agricoles-du-terroir-se-preparer-a-linternationalisation\\\/#primaryimage\"},\"image\":{\"@id\":\"https:\\\/\\\/lasentinelle.dz\\\/index.php\\\/2022\\\/05\\\/04\\\/produits-agricoles-du-terroir-se-preparer-a-linternationalisation\\\/#primaryimage\"},\"thumbnailUrl\":\"https:\\\/\\\/lasentinelle.dz\\\/wp-content\\\/uploads\\\/2022\\\/05\\\/qssqd.png\",\"datePublished\":\"2022-05-03T23:01:00+00:00\",\"breadcrumb\":{\"@id\":\"https:\\\/\\\/lasentinelle.dz\\\/index.php\\\/2022\\\/05\\\/04\\\/produits-agricoles-du-terroir-se-preparer-a-linternationalisation\\\/#breadcrumb\"},\"inLanguage\":\"fr-FR\",\"potentialAction\":[{\"@type\":\"ReadAction\",\"target\":[\"https:\\\/\\\/lasentinelle.dz\\\/index.php\\\/2022\\\/05\\\/04\\\/produits-agricoles-du-terroir-se-preparer-a-linternationalisation\\\/\"]}]},{\"@type\":\"ImageObject\",\"inLanguage\":\"fr-FR\",\"@id\":\"https:\\\/\\\/lasentinelle.dz\\\/index.php\\\/2022\\\/05\\\/04\\\/produits-agricoles-du-terroir-se-preparer-a-linternationalisation\\\/#primaryimage\",\"url\":\"https:\\\/\\\/lasentinelle.dz\\\/wp-content\\\/uploads\\\/2022\\\/05\\\/qssqd.png\",\"contentUrl\":\"https:\\\/\\\/lasentinelle.dz\\\/wp-content\\\/uploads\\\/2022\\\/05\\\/qssqd.png\",\"width\":1491,\"height\":900},{\"@type\":\"BreadcrumbList\",\"@id\":\"https:\\\/\\\/lasentinelle.dz\\\/index.php\\\/2022\\\/05\\\/04\\\/produits-agricoles-du-terroir-se-preparer-a-linternationalisation\\\/#breadcrumb\",\"itemListElement\":[{\"@type\":\"ListItem\",\"position\":1,\"name\":\"Accueil\",\"item\":\"https:\\\/\\\/lasentinelle.dz\\\/\"},{\"@type\":\"ListItem\",\"position\":2,\"name\":\"Produits agricoles du terroir\u00a0: Se pr\u00e9parer \u00e0 l\u2019internationalisation\"}]},{\"@type\":\"WebSite\",\"@id\":\"https:\\\/\\\/lasentinelle.dz\\\/#website\",\"url\":\"https:\\\/\\\/lasentinelle.dz\\\/\",\"name\":\"La Sentinelle\",\"description\":\"Quotidien national d&#039;information\",\"publisher\":{\"@id\":\"https:\\\/\\\/lasentinelle.dz\\\/#organization\"},\"potentialAction\":[{\"@type\":\"SearchAction\",\"target\":{\"@type\":\"EntryPoint\",\"urlTemplate\":\"https:\\\/\\\/lasentinelle.dz\\\/?s={search_term_string}\"},\"query-input\":{\"@type\":\"PropertyValueSpecification\",\"valueRequired\":true,\"valueName\":\"search_term_string\"}}],\"inLanguage\":\"fr-FR\"},{\"@type\":\"Organization\",\"@id\":\"https:\\\/\\\/lasentinelle.dz\\\/#organization\",\"name\":\"Quotidien La Sentinelle\",\"url\":\"https:\\\/\\\/lasentinelle.dz\\\/\",\"logo\":{\"@type\":\"ImageObject\",\"inLanguage\":\"fr-FR\",\"@id\":\"https:\\\/\\\/lasentinelle.dz\\\/#\\\/schema\\\/logo\\\/image\\\/\",\"url\":\"https:\\\/\\\/lasentinelle.dz\\\/wp-content\\\/uploads\\\/2021\\\/09\\\/logo-sentinelleSLOGAN-1.png\",\"contentUrl\":\"https:\\\/\\\/lasentinelle.dz\\\/wp-content\\\/uploads\\\/2021\\\/09\\\/logo-sentinelleSLOGAN-1.png\",\"width\":615,\"height\":142,\"caption\":\"Quotidien La Sentinelle\"},\"image\":{\"@id\":\"https:\\\/\\\/lasentinelle.dz\\\/#\\\/schema\\\/logo\\\/image\\\/\"},\"sameAs\":[\"https:\\\/\\\/www.facebook.com\\\/La-Sentinelle-104059864394773\"]},{\"@type\":\"Person\",\"@id\":\"https:\\\/\\\/lasentinelle.dz\\\/#\\\/schema\\\/person\\\/d865044e22e70a75174ce8bcad3acfb3\",\"name\":\"La Sentinelle\",\"image\":{\"@type\":\"ImageObject\",\"inLanguage\":\"fr-FR\",\"@id\":\"https:\\\/\\\/secure.gravatar.com\\\/avatar\\\/57de8e5d4b15d43fb361a71fbb36338450fe67865b528a43dd10ef7c51a20392?s=96&d=mm&r=g\",\"url\":\"https:\\\/\\\/secure.gravatar.com\\\/avatar\\\/57de8e5d4b15d43fb361a71fbb36338450fe67865b528a43dd10ef7c51a20392?s=96&d=mm&r=g\",\"contentUrl\":\"https:\\\/\\\/secure.gravatar.com\\\/avatar\\\/57de8e5d4b15d43fb361a71fbb36338450fe67865b528a43dd10ef7c51a20392?s=96&d=mm&r=g\",\"caption\":\"La Sentinelle\"},\"sameAs\":[\"http:\\\/\\\/www.lasentinelle.dz\"],\"url\":\"https:\\\/\\\/lasentinelle.dz\\\/author\\\/redaction\\\/\"}]}<\/script>\n<!-- \/ Yoast SEO plugin. -->","yoast_head_json":{"title":"Produits agricoles du terroir\u00a0: Se pr\u00e9parer \u00e0 l\u2019internationalisation - La Sentinelle","robots":{"index":"index","follow":"follow","max-snippet":"max-snippet:-1","max-image-preview":"max-image-preview:large","max-video-preview":"max-video-preview:-1"},"canonical":"https:\/\/lasentinelle.dz\/index.php\/2022\/05\/04\/produits-agricoles-du-terroir-se-preparer-a-linternationalisation\/","og_locale":"fr_FR","og_type":"article","og_title":"Produits agricoles du terroir\u00a0: Se pr\u00e9parer \u00e0 l\u2019internationalisation - La Sentinelle","og_description":"&nbsp;V\u00e9ritable richesse nationale, les produits agricoles authentiques du terroir ont r\u00e9ussi \u00e0 s&rsquo;imposer sur le march\u00e9 local dans un contexte","og_url":"https:\/\/lasentinelle.dz\/index.php\/2022\/05\/04\/produits-agricoles-du-terroir-se-preparer-a-linternationalisation\/","og_site_name":"La Sentinelle","article_publisher":"https:\/\/www.facebook.com\/La-Sentinelle-104059864394773","article_published_time":"2022-05-03T23:01:00+00:00","og_image":[{"width":1491,"height":900,"url":"https:\/\/lasentinelle.dz\/wp-content\/uploads\/2022\/05\/qssqd.png","type":"image\/png"}],"author":"La Sentinelle","twitter_card":"summary_large_image","twitter_misc":{"\u00c9crit par":"La Sentinelle","Dur\u00e9e de lecture estim\u00e9e":"5 minutes"},"schema":{"@context":"https:\/\/schema.org","@graph":[{"@type":"Article","@id":"https:\/\/lasentinelle.dz\/index.php\/2022\/05\/04\/produits-agricoles-du-terroir-se-preparer-a-linternationalisation\/#article","isPartOf":{"@id":"https:\/\/lasentinelle.dz\/index.php\/2022\/05\/04\/produits-agricoles-du-terroir-se-preparer-a-linternationalisation\/"},"author":{"name":"La Sentinelle","@id":"https:\/\/lasentinelle.dz\/#\/schema\/person\/d865044e22e70a75174ce8bcad3acfb3"},"headline":"Produits agricoles du terroir\u00a0: Se pr\u00e9parer \u00e0 l\u2019internationalisation","datePublished":"2022-05-03T23:01:00+00:00","mainEntityOfPage":{"@id":"https:\/\/lasentinelle.dz\/index.php\/2022\/05\/04\/produits-agricoles-du-terroir-se-preparer-a-linternationalisation\/"},"wordCount":944,"commentCount":0,"publisher":{"@id":"https:\/\/lasentinelle.dz\/#organization"},"image":{"@id":"https:\/\/lasentinelle.dz\/index.php\/2022\/05\/04\/produits-agricoles-du-terroir-se-preparer-a-linternationalisation\/#primaryimage"},"thumbnailUrl":"https:\/\/lasentinelle.dz\/wp-content\/uploads\/2022\/05\/qssqd.png","articleSection":["\u00c9conomie"],"inLanguage":"fr-FR","potentialAction":[{"@type":"CommentAction","name":"Comment","target":["https:\/\/lasentinelle.dz\/index.php\/2022\/05\/04\/produits-agricoles-du-terroir-se-preparer-a-linternationalisation\/#respond"]}]},{"@type":"WebPage","@id":"https:\/\/lasentinelle.dz\/index.php\/2022\/05\/04\/produits-agricoles-du-terroir-se-preparer-a-linternationalisation\/","url":"https:\/\/lasentinelle.dz\/index.php\/2022\/05\/04\/produits-agricoles-du-terroir-se-preparer-a-linternationalisation\/","name":"Produits agricoles du terroir\u00a0: Se pr\u00e9parer \u00e0 l\u2019internationalisation - La Sentinelle","isPartOf":{"@id":"https:\/\/lasentinelle.dz\/#website"},"primaryImageOfPage":{"@id":"https:\/\/lasentinelle.dz\/index.php\/2022\/05\/04\/produits-agricoles-du-terroir-se-preparer-a-linternationalisation\/#primaryimage"},"image":{"@id":"https:\/\/lasentinelle.dz\/index.php\/2022\/05\/04\/produits-agricoles-du-terroir-se-preparer-a-linternationalisation\/#primaryimage"},"thumbnailUrl":"https:\/\/lasentinelle.dz\/wp-content\/uploads\/2022\/05\/qssqd.png","datePublished":"2022-05-03T23:01:00+00:00","breadcrumb":{"@id":"https:\/\/lasentinelle.dz\/index.php\/2022\/05\/04\/produits-agricoles-du-terroir-se-preparer-a-linternationalisation\/#breadcrumb"},"inLanguage":"fr-FR","potentialAction":[{"@type":"ReadAction","target":["https:\/\/lasentinelle.dz\/index.php\/2022\/05\/04\/produits-agricoles-du-terroir-se-preparer-a-linternationalisation\/"]}]},{"@type":"ImageObject","inLanguage":"fr-FR","@id":"https:\/\/lasentinelle.dz\/index.php\/2022\/05\/04\/produits-agricoles-du-terroir-se-preparer-a-linternationalisation\/#primaryimage","url":"https:\/\/lasentinelle.dz\/wp-content\/uploads\/2022\/05\/qssqd.png","contentUrl":"https:\/\/lasentinelle.dz\/wp-content\/uploads\/2022\/05\/qssqd.png","width":1491,"height":900},{"@type":"BreadcrumbList","@id":"https:\/\/lasentinelle.dz\/index.php\/2022\/05\/04\/produits-agricoles-du-terroir-se-preparer-a-linternationalisation\/#breadcrumb","itemListElement":[{"@type":"ListItem","position":1,"name":"Accueil","item":"https:\/\/lasentinelle.dz\/"},{"@type":"ListItem","position":2,"name":"Produits agricoles du terroir\u00a0: Se pr\u00e9parer \u00e0 l\u2019internationalisation"}]},{"@type":"WebSite","@id":"https:\/\/lasentinelle.dz\/#website","url":"https:\/\/lasentinelle.dz\/","name":"La Sentinelle","description":"Quotidien national d&#039;information","publisher":{"@id":"https:\/\/lasentinelle.dz\/#organization"},"potentialAction":[{"@type":"SearchAction","target":{"@type":"EntryPoint","urlTemplate":"https:\/\/lasentinelle.dz\/?s={search_term_string}"},"query-input":{"@type":"PropertyValueSpecification","valueRequired":true,"valueName":"search_term_string"}}],"inLanguage":"fr-FR"},{"@type":"Organization","@id":"https:\/\/lasentinelle.dz\/#organization","name":"Quotidien La Sentinelle","url":"https:\/\/lasentinelle.dz\/","logo":{"@type":"ImageObject","inLanguage":"fr-FR","@id":"https:\/\/lasentinelle.dz\/#\/schema\/logo\/image\/","url":"https:\/\/lasentinelle.dz\/wp-content\/uploads\/2021\/09\/logo-sentinelleSLOGAN-1.png","contentUrl":"https:\/\/lasentinelle.dz\/wp-content\/uploads\/2021\/09\/logo-sentinelleSLOGAN-1.png","width":615,"height":142,"caption":"Quotidien La Sentinelle"},"image":{"@id":"https:\/\/lasentinelle.dz\/#\/schema\/logo\/image\/"},"sameAs":["https:\/\/www.facebook.com\/La-Sentinelle-104059864394773"]},{"@type":"Person","@id":"https:\/\/lasentinelle.dz\/#\/schema\/person\/d865044e22e70a75174ce8bcad3acfb3","name":"La Sentinelle","image":{"@type":"ImageObject","inLanguage":"fr-FR","@id":"https:\/\/secure.gravatar.com\/avatar\/57de8e5d4b15d43fb361a71fbb36338450fe67865b528a43dd10ef7c51a20392?s=96&d=mm&r=g","url":"https:\/\/secure.gravatar.com\/avatar\/57de8e5d4b15d43fb361a71fbb36338450fe67865b528a43dd10ef7c51a20392?s=96&d=mm&r=g","contentUrl":"https:\/\/secure.gravatar.com\/avatar\/57de8e5d4b15d43fb361a71fbb36338450fe67865b528a43dd10ef7c51a20392?s=96&d=mm&r=g","caption":"La Sentinelle"},"sameAs":["http:\/\/www.lasentinelle.dz"],"url":"https:\/\/lasentinelle.dz\/author\/redaction\/"}]}},"_links":{"self":[{"href":"https:\/\/lasentinelle.dz\/index.php\/wp-json\/wp\/v2\/posts\/20529","targetHints":{"allow":["GET"]}}],"collection":[{"href":"https:\/\/lasentinelle.dz\/index.php\/wp-json\/wp\/v2\/posts"}],"about":[{"href":"https:\/\/lasentinelle.dz\/index.php\/wp-json\/wp\/v2\/types\/post"}],"author":[{"embeddable":true,"href":"https:\/\/lasentinelle.dz\/index.php\/wp-json\/wp\/v2\/users\/3"}],"replies":[{"embeddable":true,"href":"https:\/\/lasentinelle.dz\/index.php\/wp-json\/wp\/v2\/comments?post=20529"}],"version-history":[{"count":1,"href":"https:\/\/lasentinelle.dz\/index.php\/wp-json\/wp\/v2\/posts\/20529\/revisions"}],"predecessor-version":[{"id":20536,"href":"https:\/\/lasentinelle.dz\/index.php\/wp-json\/wp\/v2\/posts\/20529\/revisions\/20536"}],"wp:featuredmedia":[{"embeddable":true,"href":"https:\/\/lasentinelle.dz\/index.php\/wp-json\/wp\/v2\/media\/20535"}],"wp:attachment":[{"href":"https:\/\/lasentinelle.dz\/index.php\/wp-json\/wp\/v2\/media?parent=20529"}],"wp:term":[{"taxonomy":"category","embeddable":true,"href":"https:\/\/lasentinelle.dz\/index.php\/wp-json\/wp\/v2\/categories?post=20529"},{"taxonomy":"post_tag","embeddable":true,"href":"https:\/\/lasentinelle.dz\/index.php\/wp-json\/wp\/v2\/tags?post=20529"}],"curies":[{"name":"wp","href":"https:\/\/api.w.org\/{rel}","templated":true}]}}