{"id":20539,"date":"2022-05-04T00:01:00","date_gmt":"2022-05-03T23:01:00","guid":{"rendered":"https:\/\/lasentinelle.dz\/?p=20539"},"modified":"2022-05-03T19:58:07","modified_gmt":"2022-05-03T18:58:07","slug":"bouslimani-a-loccasion-de-la-journee-de-la-liberte-dexpression-lalgerie-est-expose-aux-guerres-de-quatrieme-generation","status":"publish","type":"post","link":"https:\/\/lasentinelle.dz\/index.php\/2022\/05\/04\/bouslimani-a-loccasion-de-la-journee-de-la-liberte-dexpression-lalgerie-est-expose-aux-guerres-de-quatrieme-generation\/","title":{"rendered":"Bouslimani \u00e0 l\u2019occasion de la journ\u00e9e de la libert\u00e9 d\u2019expression\u00a0:\u00a0\u00abL\u2019Alg\u00e9rie est expos\u00e9e aux guerres de quatri\u00e8me g\u00e9n\u00e9ration\u00bb"},"content":{"rendered":"\n<p>Dans&nbsp;la lettre qu\u2019il a adress\u00e9 \u00e0 l\u2019occasion de la&nbsp;Journ\u00e9e mondiale de la libert\u00e9 de la presse, le ministre de la Communication, Mohamed Bouslimani, a appel\u00e9 les m\u00e9dias, publics et priv\u00e9s, \u00e0 mettre en exergue les positions \u00abstables et \u00e9quilibr\u00e9es\u00bb de l&rsquo;Alg\u00e9rie aussi bien sur le plan r\u00e9gional et international, notamment au regard des enjeux existants et des nouveaux d\u00e9fis internationaux. Le ministre a d\u00e9clar\u00e9 qu&rsquo;\u00abau titre du devoir national et professionnel, la presse publique et priv\u00e9e est invit\u00e9e, notamment au regard des enjeux existants et des d\u00e9fis qui en d\u00e9coulent&nbsp;\u00bb,&nbsp;\u00e0 mettre en exergue les positions \u00abstables et \u00e9quilibr\u00e9es\u00bb de l&rsquo;Alg\u00e9rie. \u00abD&rsquo;autant plus que nous sommes sur le point de comm\u00e9morer le soixanti\u00e8me anniversaire de la restauration de la souverainet\u00e9 nationale pour souligner les r\u00e9alisations de l&rsquo;\u00c9tat dans divers domaines et visant principalement \u00e0 prot\u00e9ger et \u00e0 promouvoir les droits du citoyen, ce qui s&rsquo;est concr\u00e9tis\u00e9 dans les r\u00e9centes d\u00e9cisions du Pr\u00e9sident de la R\u00e9publique dans&nbsp;leurs dimensions sociale et \u00e9conomique \u00bb, a-t-il expliqu\u00e9. Bouslimani a indiqu\u00e9 que \u00abla libert\u00e9 de la presse a \u00e9t\u00e9 renforc\u00e9e par de nombreux acquis\u00bb. Il s\u2019agit, selon le ministre, \u00abdes nouvelles technologies qui ont facilit\u00e9 le processus de communication en temps r\u00e9el et l&rsquo;acc\u00e8s aux sources d&rsquo;information\u00bb, soulignant qu&rsquo;\u00e0 son tour, elle est devenue un outil dangereux utilis\u00e9 pour compromettre la vie priv\u00e9e des individus et la s\u00e9curit\u00e9, la souverainet\u00e9 et la stabilit\u00e9 des pays\u00bb. Il a soulign\u00e9 que \u00abl&rsquo;Alg\u00e9rie, qui, selon des rapports internationaux sp\u00e9cialis\u00e9s, est l&rsquo;un des pays les plus expos\u00e9s aux guerres de quatri\u00e8me g\u00e9n\u00e9ration et aux cyber attaques, reste attach\u00e9e \u00e0 la protection de la libert\u00e9 de la presse et des droits des journalistes et des personnes affili\u00e9es \u00e0 la profession \u00e0 travers le soutien de l&rsquo;\u00c9tat dont il b\u00e9n\u00e9ficie\u00bb. Le ministre a expliqu\u00e9 que \u00able soutien se manifeste sous diverses formes, notamment l&rsquo;attachement du pr\u00e9sident de la R\u00e9publique, Abdelmadjid Tebboune, \u00e0 la culture de la communication directe avec les citoyens \u00e0 travers les sites de r\u00e9seaux sociaux et les rencontres p\u00e9riodiques avec les professionnels des m\u00e9dias et les journalistes\u00bb. Il a ajout\u00e9 : \u00abCe soutien s&rsquo;est \u00e9galement manifest\u00e9 dans les solides garanties de protection et de promotion de la libert\u00e9 de la presse, notamment \u00e0 travers les principes proclam\u00e9s dans la&nbsp;Constitution, le travail de renforcement du syst\u00e8me l\u00e9gislatif pertinent et le soutien mat\u00e9riel \u00e0 de nombreux m\u00e9dias, y compris priv\u00e9s\u00bb. Le ministre a poursuivi en d\u00e9clarant que \u00able succ\u00e8s de ces efforts est li\u00e9 \u00e0 la conscience du journaliste de son r\u00f4le actif pour informer le citoyen de mani\u00e8re professionnelle et responsable, et \u00e9viter la d\u00e9sinformation et les fausses nouvelles promues par les ennemis de l&rsquo;Alg\u00e9rie, qui sont fid\u00e8les \u00e0 ses principes internationaux et sont d\u00e9termin\u00e9s \u00e0 atteindre le&nbsp;&nbsp;d\u00e9veloppement adapt\u00e9 \u00e0 sa taille et \u00e0 sa position distingu\u00e9e\u00bb.<\/p>\n\n\n\n<p><strong>Amar Malki<\/strong><\/p>\n","protected":false},"excerpt":{"rendered":"<p>Dans&nbsp;la lettre qu\u2019il a adress\u00e9 \u00e0 l\u2019occasion de la&nbsp;Journ\u00e9e mondiale de la libert\u00e9 de la presse, le ministre de la<\/p>\n","protected":false},"author":3,"featured_media":17035,"comment_status":"open","ping_status":"closed","sticky":false,"template":"","format":"standard","meta":{"colormag_page_container_layout":"default_layout","colormag_page_sidebar_layout":"default_layout","om_disable_all_campaigns":false,"_monsterinsights_skip_tracking":false,"_monsterinsights_sitenote_active":false,"_monsterinsights_sitenote_note":"","_monsterinsights_sitenote_category":0,"footnotes":"","_wpscppro_dont_share_socialmedia":false,"_wpscppro_custom_social_share_image":0,"_facebook_share_type":"","_twitter_share_type":"","_linkedin_share_type":"","_pinterest_share_type":"","_linkedin_share_type_page":"","_instagram_share_type":"","_medium_share_type":"","_threads_share_type":"","_google_business_share_type":"","_selected_social_profile":[],"_wpsp_enable_custom_social_template":false,"_wpsp_social_scheduling":{"enabled":false,"datetime":null,"platforms":[],"status":"template_only","dateOption":"today","timeOption":"now","customDays":"","customHours":"","customDate":"","customTime":"","schedulingType":"absolute"},"_wpsp_active_default_template":true},"categories":[27],"tags":[],"class_list":["post-20539","post","type-post","status-publish","format-standard","has-post-thumbnail","hentry","category-actualite"],"aioseo_notices":[],"yoast_head":"<!-- This site is optimized with the Yoast SEO plugin v27.5 - https:\/\/yoast.com\/product\/yoast-seo-wordpress\/ -->\n<title>Bouslimani \u00e0 l\u2019occasion de la journ\u00e9e de la libert\u00e9 d\u2019expression\u00a0:\u00a0\u00abL\u2019Alg\u00e9rie est expos\u00e9e aux guerres de quatri\u00e8me g\u00e9n\u00e9ration\u00bb - La Sentinelle<\/title>\n<meta name=\"robots\" content=\"index, follow, max-snippet:-1, max-image-preview:large, max-video-preview:-1\" \/>\n<link rel=\"canonical\" href=\"https:\/\/lasentinelle.dz\/index.php\/2022\/05\/04\/bouslimani-a-loccasion-de-la-journee-de-la-liberte-dexpression-lalgerie-est-expose-aux-guerres-de-quatrieme-generation\/\" \/>\n<meta property=\"og:locale\" content=\"fr_FR\" \/>\n<meta property=\"og:type\" content=\"article\" \/>\n<meta property=\"og:title\" content=\"Bouslimani \u00e0 l\u2019occasion de la journ\u00e9e de la libert\u00e9 d\u2019expression\u00a0:\u00a0\u00abL\u2019Alg\u00e9rie est expos\u00e9e aux guerres de quatri\u00e8me g\u00e9n\u00e9ration\u00bb - La Sentinelle\" \/>\n<meta property=\"og:description\" content=\"Dans&nbsp;la lettre qu\u2019il a adress\u00e9 \u00e0 l\u2019occasion de la&nbsp;Journ\u00e9e mondiale de la libert\u00e9 de la presse, le ministre de la\" \/>\n<meta property=\"og:url\" content=\"https:\/\/lasentinelle.dz\/index.php\/2022\/05\/04\/bouslimani-a-loccasion-de-la-journee-de-la-liberte-dexpression-lalgerie-est-expose-aux-guerres-de-quatrieme-generation\/\" \/>\n<meta property=\"og:site_name\" content=\"La Sentinelle\" \/>\n<meta property=\"article:publisher\" content=\"https:\/\/www.facebook.com\/La-Sentinelle-104059864394773\" \/>\n<meta property=\"article:published_time\" content=\"2022-05-03T23:01:00+00:00\" \/>\n<meta property=\"og:image\" content=\"https:\/\/lasentinelle.dz\/wp-content\/uploads\/2022\/02\/BOUSLIMANI.png\" \/>\n\t<meta property=\"og:image:width\" content=\"1601\" \/>\n\t<meta property=\"og:image:height\" content=\"900\" \/>\n\t<meta property=\"og:image:type\" content=\"image\/png\" \/>\n<meta name=\"author\" content=\"La Sentinelle\" \/>\n<meta name=\"twitter:card\" content=\"summary_large_image\" \/>\n<meta name=\"twitter:label1\" content=\"\u00c9crit par\" \/>\n\t<meta name=\"twitter:data1\" content=\"La Sentinelle\" \/>\n\t<meta name=\"twitter:label2\" content=\"Dur\u00e9e de lecture estim\u00e9e\" \/>\n\t<meta name=\"twitter:data2\" content=\"3 minutes\" \/>\n<script type=\"application\/ld+json\" class=\"yoast-schema-graph\">{\"@context\":\"https:\\\/\\\/schema.org\",\"@graph\":[{\"@type\":\"Article\",\"@id\":\"https:\\\/\\\/lasentinelle.dz\\\/index.php\\\/2022\\\/05\\\/04\\\/bouslimani-a-loccasion-de-la-journee-de-la-liberte-dexpression-lalgerie-est-expose-aux-guerres-de-quatrieme-generation\\\/#article\",\"isPartOf\":{\"@id\":\"https:\\\/\\\/lasentinelle.dz\\\/index.php\\\/2022\\\/05\\\/04\\\/bouslimani-a-loccasion-de-la-journee-de-la-liberte-dexpression-lalgerie-est-expose-aux-guerres-de-quatrieme-generation\\\/\"},\"author\":{\"name\":\"La Sentinelle\",\"@id\":\"https:\\\/\\\/lasentinelle.dz\\\/#\\\/schema\\\/person\\\/d865044e22e70a75174ce8bcad3acfb3\"},\"headline\":\"Bouslimani \u00e0 l\u2019occasion de la journ\u00e9e de la libert\u00e9 d\u2019expression\u00a0:\u00a0\u00abL\u2019Alg\u00e9rie est expos\u00e9e aux guerres de quatri\u00e8me g\u00e9n\u00e9ration\u00bb\",\"datePublished\":\"2022-05-03T23:01:00+00:00\",\"mainEntityOfPage\":{\"@id\":\"https:\\\/\\\/lasentinelle.dz\\\/index.php\\\/2022\\\/05\\\/04\\\/bouslimani-a-loccasion-de-la-journee-de-la-liberte-dexpression-lalgerie-est-expose-aux-guerres-de-quatrieme-generation\\\/\"},\"wordCount\":558,\"commentCount\":0,\"publisher\":{\"@id\":\"https:\\\/\\\/lasentinelle.dz\\\/#organization\"},\"image\":{\"@id\":\"https:\\\/\\\/lasentinelle.dz\\\/index.php\\\/2022\\\/05\\\/04\\\/bouslimani-a-loccasion-de-la-journee-de-la-liberte-dexpression-lalgerie-est-expose-aux-guerres-de-quatrieme-generation\\\/#primaryimage\"},\"thumbnailUrl\":\"https:\\\/\\\/lasentinelle.dz\\\/wp-content\\\/uploads\\\/2022\\\/02\\\/BOUSLIMANI.png\",\"articleSection\":[\"Actualit\u00e9\"],\"inLanguage\":\"fr-FR\",\"potentialAction\":[{\"@type\":\"CommentAction\",\"name\":\"Comment\",\"target\":[\"https:\\\/\\\/lasentinelle.dz\\\/index.php\\\/2022\\\/05\\\/04\\\/bouslimani-a-loccasion-de-la-journee-de-la-liberte-dexpression-lalgerie-est-expose-aux-guerres-de-quatrieme-generation\\\/#respond\"]}]},{\"@type\":\"WebPage\",\"@id\":\"https:\\\/\\\/lasentinelle.dz\\\/index.php\\\/2022\\\/05\\\/04\\\/bouslimani-a-loccasion-de-la-journee-de-la-liberte-dexpression-lalgerie-est-expose-aux-guerres-de-quatrieme-generation\\\/\",\"url\":\"https:\\\/\\\/lasentinelle.dz\\\/index.php\\\/2022\\\/05\\\/04\\\/bouslimani-a-loccasion-de-la-journee-de-la-liberte-dexpression-lalgerie-est-expose-aux-guerres-de-quatrieme-generation\\\/\",\"name\":\"Bouslimani \u00e0 l\u2019occasion de la journ\u00e9e de la libert\u00e9 d\u2019expression\u00a0:\u00a0\u00abL\u2019Alg\u00e9rie est expos\u00e9e aux guerres de quatri\u00e8me g\u00e9n\u00e9ration\u00bb - La Sentinelle\",\"isPartOf\":{\"@id\":\"https:\\\/\\\/lasentinelle.dz\\\/#website\"},\"primaryImageOfPage\":{\"@id\":\"https:\\\/\\\/lasentinelle.dz\\\/index.php\\\/2022\\\/05\\\/04\\\/bouslimani-a-loccasion-de-la-journee-de-la-liberte-dexpression-lalgerie-est-expose-aux-guerres-de-quatrieme-generation\\\/#primaryimage\"},\"image\":{\"@id\":\"https:\\\/\\\/lasentinelle.dz\\\/index.php\\\/2022\\\/05\\\/04\\\/bouslimani-a-loccasion-de-la-journee-de-la-liberte-dexpression-lalgerie-est-expose-aux-guerres-de-quatrieme-generation\\\/#primaryimage\"},\"thumbnailUrl\":\"https:\\\/\\\/lasentinelle.dz\\\/wp-content\\\/uploads\\\/2022\\\/02\\\/BOUSLIMANI.png\",\"datePublished\":\"2022-05-03T23:01:00+00:00\",\"breadcrumb\":{\"@id\":\"https:\\\/\\\/lasentinelle.dz\\\/index.php\\\/2022\\\/05\\\/04\\\/bouslimani-a-loccasion-de-la-journee-de-la-liberte-dexpression-lalgerie-est-expose-aux-guerres-de-quatrieme-generation\\\/#breadcrumb\"},\"inLanguage\":\"fr-FR\",\"potentialAction\":[{\"@type\":\"ReadAction\",\"target\":[\"https:\\\/\\\/lasentinelle.dz\\\/index.php\\\/2022\\\/05\\\/04\\\/bouslimani-a-loccasion-de-la-journee-de-la-liberte-dexpression-lalgerie-est-expose-aux-guerres-de-quatrieme-generation\\\/\"]}]},{\"@type\":\"ImageObject\",\"inLanguage\":\"fr-FR\",\"@id\":\"https:\\\/\\\/lasentinelle.dz\\\/index.php\\\/2022\\\/05\\\/04\\\/bouslimani-a-loccasion-de-la-journee-de-la-liberte-dexpression-lalgerie-est-expose-aux-guerres-de-quatrieme-generation\\\/#primaryimage\",\"url\":\"https:\\\/\\\/lasentinelle.dz\\\/wp-content\\\/uploads\\\/2022\\\/02\\\/BOUSLIMANI.png\",\"contentUrl\":\"https:\\\/\\\/lasentinelle.dz\\\/wp-content\\\/uploads\\\/2022\\\/02\\\/BOUSLIMANI.png\",\"width\":1601,\"height\":900},{\"@type\":\"BreadcrumbList\",\"@id\":\"https:\\\/\\\/lasentinelle.dz\\\/index.php\\\/2022\\\/05\\\/04\\\/bouslimani-a-loccasion-de-la-journee-de-la-liberte-dexpression-lalgerie-est-expose-aux-guerres-de-quatrieme-generation\\\/#breadcrumb\",\"itemListElement\":[{\"@type\":\"ListItem\",\"position\":1,\"name\":\"Accueil\",\"item\":\"https:\\\/\\\/lasentinelle.dz\\\/\"},{\"@type\":\"ListItem\",\"position\":2,\"name\":\"Bouslimani \u00e0 l\u2019occasion de la journ\u00e9e de la libert\u00e9 d\u2019expression\u00a0:\u00a0\u00abL\u2019Alg\u00e9rie est expos\u00e9e aux guerres de quatri\u00e8me g\u00e9n\u00e9ration\u00bb\"}]},{\"@type\":\"WebSite\",\"@id\":\"https:\\\/\\\/lasentinelle.dz\\\/#website\",\"url\":\"https:\\\/\\\/lasentinelle.dz\\\/\",\"name\":\"La Sentinelle\",\"description\":\"Quotidien national d&#039;information\",\"publisher\":{\"@id\":\"https:\\\/\\\/lasentinelle.dz\\\/#organization\"},\"potentialAction\":[{\"@type\":\"SearchAction\",\"target\":{\"@type\":\"EntryPoint\",\"urlTemplate\":\"https:\\\/\\\/lasentinelle.dz\\\/?s={search_term_string}\"},\"query-input\":{\"@type\":\"PropertyValueSpecification\",\"valueRequired\":true,\"valueName\":\"search_term_string\"}}],\"inLanguage\":\"fr-FR\"},{\"@type\":\"Organization\",\"@id\":\"https:\\\/\\\/lasentinelle.dz\\\/#organization\",\"name\":\"Quotidien La Sentinelle\",\"url\":\"https:\\\/\\\/lasentinelle.dz\\\/\",\"logo\":{\"@type\":\"ImageObject\",\"inLanguage\":\"fr-FR\",\"@id\":\"https:\\\/\\\/lasentinelle.dz\\\/#\\\/schema\\\/logo\\\/image\\\/\",\"url\":\"https:\\\/\\\/lasentinelle.dz\\\/wp-content\\\/uploads\\\/2021\\\/09\\\/logo-sentinelleSLOGAN-1.png\",\"contentUrl\":\"https:\\\/\\\/lasentinelle.dz\\\/wp-content\\\/uploads\\\/2021\\\/09\\\/logo-sentinelleSLOGAN-1.png\",\"width\":615,\"height\":142,\"caption\":\"Quotidien La Sentinelle\"},\"image\":{\"@id\":\"https:\\\/\\\/lasentinelle.dz\\\/#\\\/schema\\\/logo\\\/image\\\/\"},\"sameAs\":[\"https:\\\/\\\/www.facebook.com\\\/La-Sentinelle-104059864394773\"]},{\"@type\":\"Person\",\"@id\":\"https:\\\/\\\/lasentinelle.dz\\\/#\\\/schema\\\/person\\\/d865044e22e70a75174ce8bcad3acfb3\",\"name\":\"La Sentinelle\",\"image\":{\"@type\":\"ImageObject\",\"inLanguage\":\"fr-FR\",\"@id\":\"https:\\\/\\\/secure.gravatar.com\\\/avatar\\\/57de8e5d4b15d43fb361a71fbb36338450fe67865b528a43dd10ef7c51a20392?s=96&d=mm&r=g\",\"url\":\"https:\\\/\\\/secure.gravatar.com\\\/avatar\\\/57de8e5d4b15d43fb361a71fbb36338450fe67865b528a43dd10ef7c51a20392?s=96&d=mm&r=g\",\"contentUrl\":\"https:\\\/\\\/secure.gravatar.com\\\/avatar\\\/57de8e5d4b15d43fb361a71fbb36338450fe67865b528a43dd10ef7c51a20392?s=96&d=mm&r=g\",\"caption\":\"La Sentinelle\"},\"sameAs\":[\"http:\\\/\\\/www.lasentinelle.dz\"],\"url\":\"https:\\\/\\\/lasentinelle.dz\\\/author\\\/redaction\\\/\"}]}<\/script>\n<!-- \/ Yoast SEO plugin. -->","yoast_head_json":{"title":"Bouslimani \u00e0 l\u2019occasion de la journ\u00e9e de la libert\u00e9 d\u2019expression\u00a0:\u00a0\u00abL\u2019Alg\u00e9rie est expos\u00e9e aux guerres de quatri\u00e8me g\u00e9n\u00e9ration\u00bb - La Sentinelle","robots":{"index":"index","follow":"follow","max-snippet":"max-snippet:-1","max-image-preview":"max-image-preview:large","max-video-preview":"max-video-preview:-1"},"canonical":"https:\/\/lasentinelle.dz\/index.php\/2022\/05\/04\/bouslimani-a-loccasion-de-la-journee-de-la-liberte-dexpression-lalgerie-est-expose-aux-guerres-de-quatrieme-generation\/","og_locale":"fr_FR","og_type":"article","og_title":"Bouslimani \u00e0 l\u2019occasion de la journ\u00e9e de la libert\u00e9 d\u2019expression\u00a0:\u00a0\u00abL\u2019Alg\u00e9rie est expos\u00e9e aux guerres de quatri\u00e8me g\u00e9n\u00e9ration\u00bb - La Sentinelle","og_description":"Dans&nbsp;la lettre qu\u2019il a adress\u00e9 \u00e0 l\u2019occasion de la&nbsp;Journ\u00e9e mondiale de la libert\u00e9 de la presse, le ministre de la","og_url":"https:\/\/lasentinelle.dz\/index.php\/2022\/05\/04\/bouslimani-a-loccasion-de-la-journee-de-la-liberte-dexpression-lalgerie-est-expose-aux-guerres-de-quatrieme-generation\/","og_site_name":"La Sentinelle","article_publisher":"https:\/\/www.facebook.com\/La-Sentinelle-104059864394773","article_published_time":"2022-05-03T23:01:00+00:00","og_image":[{"width":1601,"height":900,"url":"https:\/\/lasentinelle.dz\/wp-content\/uploads\/2022\/02\/BOUSLIMANI.png","type":"image\/png"}],"author":"La Sentinelle","twitter_card":"summary_large_image","twitter_misc":{"\u00c9crit par":"La Sentinelle","Dur\u00e9e de lecture estim\u00e9e":"3 minutes"},"schema":{"@context":"https:\/\/schema.org","@graph":[{"@type":"Article","@id":"https:\/\/lasentinelle.dz\/index.php\/2022\/05\/04\/bouslimani-a-loccasion-de-la-journee-de-la-liberte-dexpression-lalgerie-est-expose-aux-guerres-de-quatrieme-generation\/#article","isPartOf":{"@id":"https:\/\/lasentinelle.dz\/index.php\/2022\/05\/04\/bouslimani-a-loccasion-de-la-journee-de-la-liberte-dexpression-lalgerie-est-expose-aux-guerres-de-quatrieme-generation\/"},"author":{"name":"La Sentinelle","@id":"https:\/\/lasentinelle.dz\/#\/schema\/person\/d865044e22e70a75174ce8bcad3acfb3"},"headline":"Bouslimani \u00e0 l\u2019occasion de la journ\u00e9e de la libert\u00e9 d\u2019expression\u00a0:\u00a0\u00abL\u2019Alg\u00e9rie est expos\u00e9e aux guerres de quatri\u00e8me g\u00e9n\u00e9ration\u00bb","datePublished":"2022-05-03T23:01:00+00:00","mainEntityOfPage":{"@id":"https:\/\/lasentinelle.dz\/index.php\/2022\/05\/04\/bouslimani-a-loccasion-de-la-journee-de-la-liberte-dexpression-lalgerie-est-expose-aux-guerres-de-quatrieme-generation\/"},"wordCount":558,"commentCount":0,"publisher":{"@id":"https:\/\/lasentinelle.dz\/#organization"},"image":{"@id":"https:\/\/lasentinelle.dz\/index.php\/2022\/05\/04\/bouslimani-a-loccasion-de-la-journee-de-la-liberte-dexpression-lalgerie-est-expose-aux-guerres-de-quatrieme-generation\/#primaryimage"},"thumbnailUrl":"https:\/\/lasentinelle.dz\/wp-content\/uploads\/2022\/02\/BOUSLIMANI.png","articleSection":["Actualit\u00e9"],"inLanguage":"fr-FR","potentialAction":[{"@type":"CommentAction","name":"Comment","target":["https:\/\/lasentinelle.dz\/index.php\/2022\/05\/04\/bouslimani-a-loccasion-de-la-journee-de-la-liberte-dexpression-lalgerie-est-expose-aux-guerres-de-quatrieme-generation\/#respond"]}]},{"@type":"WebPage","@id":"https:\/\/lasentinelle.dz\/index.php\/2022\/05\/04\/bouslimani-a-loccasion-de-la-journee-de-la-liberte-dexpression-lalgerie-est-expose-aux-guerres-de-quatrieme-generation\/","url":"https:\/\/lasentinelle.dz\/index.php\/2022\/05\/04\/bouslimani-a-loccasion-de-la-journee-de-la-liberte-dexpression-lalgerie-est-expose-aux-guerres-de-quatrieme-generation\/","name":"Bouslimani \u00e0 l\u2019occasion de la journ\u00e9e de la libert\u00e9 d\u2019expression\u00a0:\u00a0\u00abL\u2019Alg\u00e9rie est expos\u00e9e aux guerres de quatri\u00e8me g\u00e9n\u00e9ration\u00bb - La Sentinelle","isPartOf":{"@id":"https:\/\/lasentinelle.dz\/#website"},"primaryImageOfPage":{"@id":"https:\/\/lasentinelle.dz\/index.php\/2022\/05\/04\/bouslimani-a-loccasion-de-la-journee-de-la-liberte-dexpression-lalgerie-est-expose-aux-guerres-de-quatrieme-generation\/#primaryimage"},"image":{"@id":"https:\/\/lasentinelle.dz\/index.php\/2022\/05\/04\/bouslimani-a-loccasion-de-la-journee-de-la-liberte-dexpression-lalgerie-est-expose-aux-guerres-de-quatrieme-generation\/#primaryimage"},"thumbnailUrl":"https:\/\/lasentinelle.dz\/wp-content\/uploads\/2022\/02\/BOUSLIMANI.png","datePublished":"2022-05-03T23:01:00+00:00","breadcrumb":{"@id":"https:\/\/lasentinelle.dz\/index.php\/2022\/05\/04\/bouslimani-a-loccasion-de-la-journee-de-la-liberte-dexpression-lalgerie-est-expose-aux-guerres-de-quatrieme-generation\/#breadcrumb"},"inLanguage":"fr-FR","potentialAction":[{"@type":"ReadAction","target":["https:\/\/lasentinelle.dz\/index.php\/2022\/05\/04\/bouslimani-a-loccasion-de-la-journee-de-la-liberte-dexpression-lalgerie-est-expose-aux-guerres-de-quatrieme-generation\/"]}]},{"@type":"ImageObject","inLanguage":"fr-FR","@id":"https:\/\/lasentinelle.dz\/index.php\/2022\/05\/04\/bouslimani-a-loccasion-de-la-journee-de-la-liberte-dexpression-lalgerie-est-expose-aux-guerres-de-quatrieme-generation\/#primaryimage","url":"https:\/\/lasentinelle.dz\/wp-content\/uploads\/2022\/02\/BOUSLIMANI.png","contentUrl":"https:\/\/lasentinelle.dz\/wp-content\/uploads\/2022\/02\/BOUSLIMANI.png","width":1601,"height":900},{"@type":"BreadcrumbList","@id":"https:\/\/lasentinelle.dz\/index.php\/2022\/05\/04\/bouslimani-a-loccasion-de-la-journee-de-la-liberte-dexpression-lalgerie-est-expose-aux-guerres-de-quatrieme-generation\/#breadcrumb","itemListElement":[{"@type":"ListItem","position":1,"name":"Accueil","item":"https:\/\/lasentinelle.dz\/"},{"@type":"ListItem","position":2,"name":"Bouslimani \u00e0 l\u2019occasion de la journ\u00e9e de la libert\u00e9 d\u2019expression\u00a0:\u00a0\u00abL\u2019Alg\u00e9rie est expos\u00e9e aux guerres de quatri\u00e8me g\u00e9n\u00e9ration\u00bb"}]},{"@type":"WebSite","@id":"https:\/\/lasentinelle.dz\/#website","url":"https:\/\/lasentinelle.dz\/","name":"La Sentinelle","description":"Quotidien national d&#039;information","publisher":{"@id":"https:\/\/lasentinelle.dz\/#organization"},"potentialAction":[{"@type":"SearchAction","target":{"@type":"EntryPoint","urlTemplate":"https:\/\/lasentinelle.dz\/?s={search_term_string}"},"query-input":{"@type":"PropertyValueSpecification","valueRequired":true,"valueName":"search_term_string"}}],"inLanguage":"fr-FR"},{"@type":"Organization","@id":"https:\/\/lasentinelle.dz\/#organization","name":"Quotidien La Sentinelle","url":"https:\/\/lasentinelle.dz\/","logo":{"@type":"ImageObject","inLanguage":"fr-FR","@id":"https:\/\/lasentinelle.dz\/#\/schema\/logo\/image\/","url":"https:\/\/lasentinelle.dz\/wp-content\/uploads\/2021\/09\/logo-sentinelleSLOGAN-1.png","contentUrl":"https:\/\/lasentinelle.dz\/wp-content\/uploads\/2021\/09\/logo-sentinelleSLOGAN-1.png","width":615,"height":142,"caption":"Quotidien La Sentinelle"},"image":{"@id":"https:\/\/lasentinelle.dz\/#\/schema\/logo\/image\/"},"sameAs":["https:\/\/www.facebook.com\/La-Sentinelle-104059864394773"]},{"@type":"Person","@id":"https:\/\/lasentinelle.dz\/#\/schema\/person\/d865044e22e70a75174ce8bcad3acfb3","name":"La Sentinelle","image":{"@type":"ImageObject","inLanguage":"fr-FR","@id":"https:\/\/secure.gravatar.com\/avatar\/57de8e5d4b15d43fb361a71fbb36338450fe67865b528a43dd10ef7c51a20392?s=96&d=mm&r=g","url":"https:\/\/secure.gravatar.com\/avatar\/57de8e5d4b15d43fb361a71fbb36338450fe67865b528a43dd10ef7c51a20392?s=96&d=mm&r=g","contentUrl":"https:\/\/secure.gravatar.com\/avatar\/57de8e5d4b15d43fb361a71fbb36338450fe67865b528a43dd10ef7c51a20392?s=96&d=mm&r=g","caption":"La Sentinelle"},"sameAs":["http:\/\/www.lasentinelle.dz"],"url":"https:\/\/lasentinelle.dz\/author\/redaction\/"}]}},"_links":{"self":[{"href":"https:\/\/lasentinelle.dz\/index.php\/wp-json\/wp\/v2\/posts\/20539","targetHints":{"allow":["GET"]}}],"collection":[{"href":"https:\/\/lasentinelle.dz\/index.php\/wp-json\/wp\/v2\/posts"}],"about":[{"href":"https:\/\/lasentinelle.dz\/index.php\/wp-json\/wp\/v2\/types\/post"}],"author":[{"embeddable":true,"href":"https:\/\/lasentinelle.dz\/index.php\/wp-json\/wp\/v2\/users\/3"}],"replies":[{"embeddable":true,"href":"https:\/\/lasentinelle.dz\/index.php\/wp-json\/wp\/v2\/comments?post=20539"}],"version-history":[{"count":2,"href":"https:\/\/lasentinelle.dz\/index.php\/wp-json\/wp\/v2\/posts\/20539\/revisions"}],"predecessor-version":[{"id":20549,"href":"https:\/\/lasentinelle.dz\/index.php\/wp-json\/wp\/v2\/posts\/20539\/revisions\/20549"}],"wp:featuredmedia":[{"embeddable":true,"href":"https:\/\/lasentinelle.dz\/index.php\/wp-json\/wp\/v2\/media\/17035"}],"wp:attachment":[{"href":"https:\/\/lasentinelle.dz\/index.php\/wp-json\/wp\/v2\/media?parent=20539"}],"wp:term":[{"taxonomy":"category","embeddable":true,"href":"https:\/\/lasentinelle.dz\/index.php\/wp-json\/wp\/v2\/categories?post=20539"},{"taxonomy":"post_tag","embeddable":true,"href":"https:\/\/lasentinelle.dz\/index.php\/wp-json\/wp\/v2\/tags?post=20539"}],"curies":[{"name":"wp","href":"https:\/\/api.w.org\/{rel}","templated":true}]}}