{"id":20653,"date":"2022-05-08T00:01:00","date_gmt":"2022-05-07T23:01:00","guid":{"rendered":"https:\/\/lasentinelle.dz\/?p=20653"},"modified":"2022-05-07T18:01:12","modified_gmt":"2022-05-07T17:01:12","slug":"contractualisation-dans-le-secteur-de-la-sante-des-projets-pilotes-en-lancement-dans-plusieurs-hopitaux","status":"publish","type":"post","link":"https:\/\/lasentinelle.dz\/index.php\/2022\/05\/08\/contractualisation-dans-le-secteur-de-la-sante-des-projets-pilotes-en-lancement-dans-plusieurs-hopitaux\/","title":{"rendered":"Contractualisation dans le secteur de la Sant\u00e9 : Des projets pilotes en lancement dans plusieurs h\u00f4pitaux"},"content":{"rendered":"\n<p>La mise en \u0153uvre d\u2019un syst\u00e8me de \u00ab contractualisation dans une premi\u00e8re \u00e9tape, \u00e0 travers des projets pilotes dans nombre d&rsquo;h\u00f4pitaux \u00bb est, selon le ministre de la Sant\u00e9, de la Population et de la R\u00e9forme hospitali\u00e8re, Pr Abderrahmane Benbouzid, une \u00e9ventualit\u00e9 plausible dans le cadre de la poursuite des d\u00e9marches du minist\u00e8re de la&nbsp;Sant\u00e9 et en vue d&rsquo;assurer une prise en charge de qualit\u00e9&nbsp;des patients, \u00e0 travers la rationalisation de la gestion. Toujours dans ce cadre,&nbsp;le&nbsp;Pr Benbouzid a pr\u00e9sid\u00e9, jeudi, une r\u00e9union, au si\u00e8ge du minist\u00e8re, en pr\u00e9sence d&rsquo;un expert alg\u00e9rien d&rsquo;Europe et de membres de la commission charg\u00e9e du dossier de la contractualisation pour examiner \u00ab l&rsquo;\u00e9tat d&rsquo;avancement de l&rsquo;op\u00e9ration et de sa relance \u00bb \u00e9tant le pilier essentiel pour la r\u00e9forme du syst\u00e8me,&nbsp;a indiqu\u00e9 un&nbsp;communiqu\u00e9&nbsp;du d\u00e9partement de la Sant\u00e9.<\/p>\n\n\n\n<p>A ce sujet justement, Pr Benbouzid a reconnu que \u00a0\u00bb le syst\u00e8me de contractualisation&nbsp;qui est consid\u00e9r\u00e9 comme le pilier de la r\u00e9forme du syst\u00e8me national de sant\u00e9 et qui a \u00e9t\u00e9 cr\u00e9\u00e9 dans les ann\u00e9es 1990, a rencontr\u00e9 quelques difficult\u00e9s dans sa mise en \u0153uvre \u00bb. Un syst\u00e8me, explique-t-il, qui permettra in\u00e9vitablement de \u00ab d\u00e9terminer les r\u00f4les et les pr\u00e9rogatives des diff\u00e9rents acteurs et intervenants dans le secteur de la sant\u00e9 et d\u2019am\u00e9liorer l&rsquo;organisation et la gestion des \u00e9tablissements de sant\u00e9, d&rsquo;\u00e9valuer m\u00e9thodiquement des activit\u00e9s et des co\u00fbts et rationaliser les d\u00e9penses, par souci de pr\u00e9server la gratuit\u00e9 des soins\u00a0\u00bb. Aussi, pour toutes ses raisons, \u00ab\u00a0l&rsquo;\u00e9ventualit\u00e9 d&rsquo;entamer sa mise en \u0153uvre comme premi\u00e8re \u00e9tape, \u00e0 travers des projets pilotes dans nombre d&rsquo;h\u00f4pitaux\u00a0\u00bb est tr\u00e8s plausible avec, recommande-t-il, comme fondement et appui la num\u00e9risation qui est le moteur principal pour sa g\u00e9n\u00e9ralisation dans tous les \u00e9tablissements de sant\u00e9 \u00e0 travers le territoire national.<\/p>\n\n\n\n<p>Pour rappel, ce projet n\u2019est pas abord\u00e9 pour la premi\u00e8re fois car, en f\u00e9vrier dernier d\u00e9j\u00e0, Pr Benbouzid avait, dans une d\u00e9claration faite \u00e0 la presse en marge d&rsquo;une r\u00e9union tenue au si\u00e8ge du minist\u00e8re sur la contractualisation dans le secteur de la sant\u00e9, avait&nbsp;&nbsp;soulign\u00e9 l&rsquo;importance de la contractualisation et de la num\u00e9risation en mati\u00e8re d&rsquo;am\u00e9lioration et de modernisation du syst\u00e8me de sant\u00e9 pour parvenir \u00e0 des services de sant\u00e9 efficaces qui prennent en charge les besoins des citoyens.&nbsp;Un projet, notait-il, qui s&rsquo;inscrit dans le cadre des actions du minist\u00e8re visant \u00e0 suivre la mise en \u0153uvre des recommandations issues du s\u00e9minaire national sur la modernisation du syst\u00e8me de sant\u00e9, qui s&rsquo;est tenu les 8 et 9 janvier derniers sous la forme de huit ateliers pluridisciplinaires, notamment l\u2019atelier qui portait sur le syst\u00e8me de contractualisation et ceux relatifs au domaine de la num\u00e9risation.<\/p>\n\n\n\n<p>Enfin, notons que la contractualisation est un \u00e9l\u00e9ment dans une strat\u00e9gie globale men\u00e9e par le gouvernement dans l\u2019objectif est d\u2019am\u00e9liorer la qualit\u00e9 des prestations sanitaires prodigu\u00e9es aux malades au sein des structures de sant\u00e9. Une strat\u00e9gie qui englobe \u00e9galement la modernisation des structures de sant\u00e9 et leur dotation d\u2019\u00e9quipements les plus r\u00e9cents en plus \u00e0 l\u2019\u00e9vidence du souci d\u2019am\u00e9liorer les conditions des ressources humaines.&nbsp;<strong>Akli Amor<\/strong><\/p>\n","protected":false},"excerpt":{"rendered":"<p>La mise en \u0153uvre d\u2019un syst\u00e8me de \u00ab contractualisation dans une premi\u00e8re \u00e9tape, \u00e0 travers des projets pilotes dans nombre<\/p>\n","protected":false},"author":3,"featured_media":20669,"comment_status":"open","ping_status":"closed","sticky":false,"template":"","format":"standard","meta":{"colormag_page_container_layout":"default_layout","colormag_page_sidebar_layout":"default_layout","om_disable_all_campaigns":false,"_monsterinsights_skip_tracking":false,"_monsterinsights_sitenote_active":false,"_monsterinsights_sitenote_note":"","_monsterinsights_sitenote_category":0,"footnotes":"","_wpscppro_dont_share_socialmedia":false,"_wpscppro_custom_social_share_image":0,"_facebook_share_type":"","_twitter_share_type":"","_linkedin_share_type":"","_pinterest_share_type":"","_linkedin_share_type_page":"","_instagram_share_type":"","_medium_share_type":"","_threads_share_type":"","_google_business_share_type":"","_selected_social_profile":[],"_wpsp_enable_custom_social_template":false,"_wpsp_social_scheduling":{"enabled":false,"datetime":null,"platforms":[],"status":"template_only","dateOption":"today","timeOption":"now","customDays":"","customHours":"","customDate":"","customTime":"","schedulingType":"absolute"},"_wpsp_active_default_template":true},"categories":[29],"tags":[],"class_list":["post-20653","post","type-post","status-publish","format-standard","has-post-thumbnail","hentry","category-economie"],"aioseo_notices":[],"yoast_head":"<!-- This site is optimized with the Yoast SEO plugin v27.5 - https:\/\/yoast.com\/product\/yoast-seo-wordpress\/ -->\n<title>Contractualisation dans le secteur de la Sant\u00e9 : Des projets pilotes en lancement dans plusieurs h\u00f4pitaux - La Sentinelle<\/title>\n<meta name=\"robots\" content=\"index, follow, max-snippet:-1, max-image-preview:large, max-video-preview:-1\" \/>\n<link rel=\"canonical\" href=\"https:\/\/lasentinelle.dz\/index.php\/2022\/05\/08\/contractualisation-dans-le-secteur-de-la-sante-des-projets-pilotes-en-lancement-dans-plusieurs-hopitaux\/\" \/>\n<meta property=\"og:locale\" content=\"fr_FR\" \/>\n<meta property=\"og:type\" content=\"article\" \/>\n<meta property=\"og:title\" content=\"Contractualisation dans le secteur de la Sant\u00e9 : Des projets pilotes en lancement dans plusieurs h\u00f4pitaux - La Sentinelle\" \/>\n<meta property=\"og:description\" content=\"La mise en \u0153uvre d\u2019un syst\u00e8me de \u00ab contractualisation dans une premi\u00e8re \u00e9tape, \u00e0 travers des projets pilotes dans nombre\" \/>\n<meta property=\"og:url\" content=\"https:\/\/lasentinelle.dz\/index.php\/2022\/05\/08\/contractualisation-dans-le-secteur-de-la-sante-des-projets-pilotes-en-lancement-dans-plusieurs-hopitaux\/\" \/>\n<meta property=\"og:site_name\" content=\"La Sentinelle\" \/>\n<meta property=\"article:publisher\" content=\"https:\/\/www.facebook.com\/La-Sentinelle-104059864394773\" \/>\n<meta property=\"article:published_time\" content=\"2022-05-07T23:01:00+00:00\" \/>\n<meta property=\"og:image\" content=\"https:\/\/lasentinelle.dz\/wp-content\/uploads\/2022\/05\/uhopital.png\" \/>\n\t<meta property=\"og:image:width\" content=\"1491\" \/>\n\t<meta property=\"og:image:height\" content=\"900\" \/>\n\t<meta property=\"og:image:type\" content=\"image\/png\" \/>\n<meta name=\"author\" content=\"La Sentinelle\" \/>\n<meta name=\"twitter:card\" content=\"summary_large_image\" \/>\n<meta name=\"twitter:label1\" content=\"\u00c9crit par\" \/>\n\t<meta name=\"twitter:data1\" content=\"La Sentinelle\" \/>\n\t<meta name=\"twitter:label2\" content=\"Dur\u00e9e de lecture estim\u00e9e\" \/>\n\t<meta name=\"twitter:data2\" content=\"3 minutes\" \/>\n<script type=\"application\/ld+json\" class=\"yoast-schema-graph\">{\"@context\":\"https:\\\/\\\/schema.org\",\"@graph\":[{\"@type\":\"Article\",\"@id\":\"https:\\\/\\\/lasentinelle.dz\\\/index.php\\\/2022\\\/05\\\/08\\\/contractualisation-dans-le-secteur-de-la-sante-des-projets-pilotes-en-lancement-dans-plusieurs-hopitaux\\\/#article\",\"isPartOf\":{\"@id\":\"https:\\\/\\\/lasentinelle.dz\\\/index.php\\\/2022\\\/05\\\/08\\\/contractualisation-dans-le-secteur-de-la-sante-des-projets-pilotes-en-lancement-dans-plusieurs-hopitaux\\\/\"},\"author\":{\"name\":\"La Sentinelle\",\"@id\":\"https:\\\/\\\/lasentinelle.dz\\\/#\\\/schema\\\/person\\\/d865044e22e70a75174ce8bcad3acfb3\"},\"headline\":\"Contractualisation dans le secteur de la Sant\u00e9 : Des projets pilotes en lancement dans plusieurs h\u00f4pitaux\",\"datePublished\":\"2022-05-07T23:01:00+00:00\",\"mainEntityOfPage\":{\"@id\":\"https:\\\/\\\/lasentinelle.dz\\\/index.php\\\/2022\\\/05\\\/08\\\/contractualisation-dans-le-secteur-de-la-sante-des-projets-pilotes-en-lancement-dans-plusieurs-hopitaux\\\/\"},\"wordCount\":605,\"commentCount\":0,\"publisher\":{\"@id\":\"https:\\\/\\\/lasentinelle.dz\\\/#organization\"},\"image\":{\"@id\":\"https:\\\/\\\/lasentinelle.dz\\\/index.php\\\/2022\\\/05\\\/08\\\/contractualisation-dans-le-secteur-de-la-sante-des-projets-pilotes-en-lancement-dans-plusieurs-hopitaux\\\/#primaryimage\"},\"thumbnailUrl\":\"https:\\\/\\\/lasentinelle.dz\\\/wp-content\\\/uploads\\\/2022\\\/05\\\/uhopital.png\",\"articleSection\":[\"\u00c9conomie\"],\"inLanguage\":\"fr-FR\",\"potentialAction\":[{\"@type\":\"CommentAction\",\"name\":\"Comment\",\"target\":[\"https:\\\/\\\/lasentinelle.dz\\\/index.php\\\/2022\\\/05\\\/08\\\/contractualisation-dans-le-secteur-de-la-sante-des-projets-pilotes-en-lancement-dans-plusieurs-hopitaux\\\/#respond\"]}]},{\"@type\":\"WebPage\",\"@id\":\"https:\\\/\\\/lasentinelle.dz\\\/index.php\\\/2022\\\/05\\\/08\\\/contractualisation-dans-le-secteur-de-la-sante-des-projets-pilotes-en-lancement-dans-plusieurs-hopitaux\\\/\",\"url\":\"https:\\\/\\\/lasentinelle.dz\\\/index.php\\\/2022\\\/05\\\/08\\\/contractualisation-dans-le-secteur-de-la-sante-des-projets-pilotes-en-lancement-dans-plusieurs-hopitaux\\\/\",\"name\":\"Contractualisation dans le secteur de la Sant\u00e9 : Des projets pilotes en lancement dans plusieurs h\u00f4pitaux - La Sentinelle\",\"isPartOf\":{\"@id\":\"https:\\\/\\\/lasentinelle.dz\\\/#website\"},\"primaryImageOfPage\":{\"@id\":\"https:\\\/\\\/lasentinelle.dz\\\/index.php\\\/2022\\\/05\\\/08\\\/contractualisation-dans-le-secteur-de-la-sante-des-projets-pilotes-en-lancement-dans-plusieurs-hopitaux\\\/#primaryimage\"},\"image\":{\"@id\":\"https:\\\/\\\/lasentinelle.dz\\\/index.php\\\/2022\\\/05\\\/08\\\/contractualisation-dans-le-secteur-de-la-sante-des-projets-pilotes-en-lancement-dans-plusieurs-hopitaux\\\/#primaryimage\"},\"thumbnailUrl\":\"https:\\\/\\\/lasentinelle.dz\\\/wp-content\\\/uploads\\\/2022\\\/05\\\/uhopital.png\",\"datePublished\":\"2022-05-07T23:01:00+00:00\",\"breadcrumb\":{\"@id\":\"https:\\\/\\\/lasentinelle.dz\\\/index.php\\\/2022\\\/05\\\/08\\\/contractualisation-dans-le-secteur-de-la-sante-des-projets-pilotes-en-lancement-dans-plusieurs-hopitaux\\\/#breadcrumb\"},\"inLanguage\":\"fr-FR\",\"potentialAction\":[{\"@type\":\"ReadAction\",\"target\":[\"https:\\\/\\\/lasentinelle.dz\\\/index.php\\\/2022\\\/05\\\/08\\\/contractualisation-dans-le-secteur-de-la-sante-des-projets-pilotes-en-lancement-dans-plusieurs-hopitaux\\\/\"]}]},{\"@type\":\"ImageObject\",\"inLanguage\":\"fr-FR\",\"@id\":\"https:\\\/\\\/lasentinelle.dz\\\/index.php\\\/2022\\\/05\\\/08\\\/contractualisation-dans-le-secteur-de-la-sante-des-projets-pilotes-en-lancement-dans-plusieurs-hopitaux\\\/#primaryimage\",\"url\":\"https:\\\/\\\/lasentinelle.dz\\\/wp-content\\\/uploads\\\/2022\\\/05\\\/uhopital.png\",\"contentUrl\":\"https:\\\/\\\/lasentinelle.dz\\\/wp-content\\\/uploads\\\/2022\\\/05\\\/uhopital.png\",\"width\":1491,\"height\":900},{\"@type\":\"BreadcrumbList\",\"@id\":\"https:\\\/\\\/lasentinelle.dz\\\/index.php\\\/2022\\\/05\\\/08\\\/contractualisation-dans-le-secteur-de-la-sante-des-projets-pilotes-en-lancement-dans-plusieurs-hopitaux\\\/#breadcrumb\",\"itemListElement\":[{\"@type\":\"ListItem\",\"position\":1,\"name\":\"Accueil\",\"item\":\"https:\\\/\\\/lasentinelle.dz\\\/\"},{\"@type\":\"ListItem\",\"position\":2,\"name\":\"Contractualisation dans le secteur de la Sant\u00e9 : Des projets pilotes en lancement dans plusieurs h\u00f4pitaux\"}]},{\"@type\":\"WebSite\",\"@id\":\"https:\\\/\\\/lasentinelle.dz\\\/#website\",\"url\":\"https:\\\/\\\/lasentinelle.dz\\\/\",\"name\":\"La Sentinelle\",\"description\":\"Quotidien national d&#039;information\",\"publisher\":{\"@id\":\"https:\\\/\\\/lasentinelle.dz\\\/#organization\"},\"potentialAction\":[{\"@type\":\"SearchAction\",\"target\":{\"@type\":\"EntryPoint\",\"urlTemplate\":\"https:\\\/\\\/lasentinelle.dz\\\/?s={search_term_string}\"},\"query-input\":{\"@type\":\"PropertyValueSpecification\",\"valueRequired\":true,\"valueName\":\"search_term_string\"}}],\"inLanguage\":\"fr-FR\"},{\"@type\":\"Organization\",\"@id\":\"https:\\\/\\\/lasentinelle.dz\\\/#organization\",\"name\":\"Quotidien La Sentinelle\",\"url\":\"https:\\\/\\\/lasentinelle.dz\\\/\",\"logo\":{\"@type\":\"ImageObject\",\"inLanguage\":\"fr-FR\",\"@id\":\"https:\\\/\\\/lasentinelle.dz\\\/#\\\/schema\\\/logo\\\/image\\\/\",\"url\":\"https:\\\/\\\/lasentinelle.dz\\\/wp-content\\\/uploads\\\/2021\\\/09\\\/logo-sentinelleSLOGAN-1.png\",\"contentUrl\":\"https:\\\/\\\/lasentinelle.dz\\\/wp-content\\\/uploads\\\/2021\\\/09\\\/logo-sentinelleSLOGAN-1.png\",\"width\":615,\"height\":142,\"caption\":\"Quotidien La Sentinelle\"},\"image\":{\"@id\":\"https:\\\/\\\/lasentinelle.dz\\\/#\\\/schema\\\/logo\\\/image\\\/\"},\"sameAs\":[\"https:\\\/\\\/www.facebook.com\\\/La-Sentinelle-104059864394773\"]},{\"@type\":\"Person\",\"@id\":\"https:\\\/\\\/lasentinelle.dz\\\/#\\\/schema\\\/person\\\/d865044e22e70a75174ce8bcad3acfb3\",\"name\":\"La Sentinelle\",\"image\":{\"@type\":\"ImageObject\",\"inLanguage\":\"fr-FR\",\"@id\":\"https:\\\/\\\/secure.gravatar.com\\\/avatar\\\/57de8e5d4b15d43fb361a71fbb36338450fe67865b528a43dd10ef7c51a20392?s=96&d=mm&r=g\",\"url\":\"https:\\\/\\\/secure.gravatar.com\\\/avatar\\\/57de8e5d4b15d43fb361a71fbb36338450fe67865b528a43dd10ef7c51a20392?s=96&d=mm&r=g\",\"contentUrl\":\"https:\\\/\\\/secure.gravatar.com\\\/avatar\\\/57de8e5d4b15d43fb361a71fbb36338450fe67865b528a43dd10ef7c51a20392?s=96&d=mm&r=g\",\"caption\":\"La Sentinelle\"},\"sameAs\":[\"http:\\\/\\\/www.lasentinelle.dz\"],\"url\":\"https:\\\/\\\/lasentinelle.dz\\\/author\\\/redaction\\\/\"}]}<\/script>\n<!-- \/ Yoast SEO plugin. -->","yoast_head_json":{"title":"Contractualisation dans le secteur de la Sant\u00e9 : Des projets pilotes en lancement dans plusieurs h\u00f4pitaux - La Sentinelle","robots":{"index":"index","follow":"follow","max-snippet":"max-snippet:-1","max-image-preview":"max-image-preview:large","max-video-preview":"max-video-preview:-1"},"canonical":"https:\/\/lasentinelle.dz\/index.php\/2022\/05\/08\/contractualisation-dans-le-secteur-de-la-sante-des-projets-pilotes-en-lancement-dans-plusieurs-hopitaux\/","og_locale":"fr_FR","og_type":"article","og_title":"Contractualisation dans le secteur de la Sant\u00e9 : Des projets pilotes en lancement dans plusieurs h\u00f4pitaux - La Sentinelle","og_description":"La mise en \u0153uvre d\u2019un syst\u00e8me de \u00ab contractualisation dans une premi\u00e8re \u00e9tape, \u00e0 travers des projets pilotes dans nombre","og_url":"https:\/\/lasentinelle.dz\/index.php\/2022\/05\/08\/contractualisation-dans-le-secteur-de-la-sante-des-projets-pilotes-en-lancement-dans-plusieurs-hopitaux\/","og_site_name":"La Sentinelle","article_publisher":"https:\/\/www.facebook.com\/La-Sentinelle-104059864394773","article_published_time":"2022-05-07T23:01:00+00:00","og_image":[{"width":1491,"height":900,"url":"https:\/\/lasentinelle.dz\/wp-content\/uploads\/2022\/05\/uhopital.png","type":"image\/png"}],"author":"La Sentinelle","twitter_card":"summary_large_image","twitter_misc":{"\u00c9crit par":"La Sentinelle","Dur\u00e9e de lecture estim\u00e9e":"3 minutes"},"schema":{"@context":"https:\/\/schema.org","@graph":[{"@type":"Article","@id":"https:\/\/lasentinelle.dz\/index.php\/2022\/05\/08\/contractualisation-dans-le-secteur-de-la-sante-des-projets-pilotes-en-lancement-dans-plusieurs-hopitaux\/#article","isPartOf":{"@id":"https:\/\/lasentinelle.dz\/index.php\/2022\/05\/08\/contractualisation-dans-le-secteur-de-la-sante-des-projets-pilotes-en-lancement-dans-plusieurs-hopitaux\/"},"author":{"name":"La Sentinelle","@id":"https:\/\/lasentinelle.dz\/#\/schema\/person\/d865044e22e70a75174ce8bcad3acfb3"},"headline":"Contractualisation dans le secteur de la Sant\u00e9 : Des projets pilotes en lancement dans plusieurs h\u00f4pitaux","datePublished":"2022-05-07T23:01:00+00:00","mainEntityOfPage":{"@id":"https:\/\/lasentinelle.dz\/index.php\/2022\/05\/08\/contractualisation-dans-le-secteur-de-la-sante-des-projets-pilotes-en-lancement-dans-plusieurs-hopitaux\/"},"wordCount":605,"commentCount":0,"publisher":{"@id":"https:\/\/lasentinelle.dz\/#organization"},"image":{"@id":"https:\/\/lasentinelle.dz\/index.php\/2022\/05\/08\/contractualisation-dans-le-secteur-de-la-sante-des-projets-pilotes-en-lancement-dans-plusieurs-hopitaux\/#primaryimage"},"thumbnailUrl":"https:\/\/lasentinelle.dz\/wp-content\/uploads\/2022\/05\/uhopital.png","articleSection":["\u00c9conomie"],"inLanguage":"fr-FR","potentialAction":[{"@type":"CommentAction","name":"Comment","target":["https:\/\/lasentinelle.dz\/index.php\/2022\/05\/08\/contractualisation-dans-le-secteur-de-la-sante-des-projets-pilotes-en-lancement-dans-plusieurs-hopitaux\/#respond"]}]},{"@type":"WebPage","@id":"https:\/\/lasentinelle.dz\/index.php\/2022\/05\/08\/contractualisation-dans-le-secteur-de-la-sante-des-projets-pilotes-en-lancement-dans-plusieurs-hopitaux\/","url":"https:\/\/lasentinelle.dz\/index.php\/2022\/05\/08\/contractualisation-dans-le-secteur-de-la-sante-des-projets-pilotes-en-lancement-dans-plusieurs-hopitaux\/","name":"Contractualisation dans le secteur de la Sant\u00e9 : Des projets pilotes en lancement dans plusieurs h\u00f4pitaux - La Sentinelle","isPartOf":{"@id":"https:\/\/lasentinelle.dz\/#website"},"primaryImageOfPage":{"@id":"https:\/\/lasentinelle.dz\/index.php\/2022\/05\/08\/contractualisation-dans-le-secteur-de-la-sante-des-projets-pilotes-en-lancement-dans-plusieurs-hopitaux\/#primaryimage"},"image":{"@id":"https:\/\/lasentinelle.dz\/index.php\/2022\/05\/08\/contractualisation-dans-le-secteur-de-la-sante-des-projets-pilotes-en-lancement-dans-plusieurs-hopitaux\/#primaryimage"},"thumbnailUrl":"https:\/\/lasentinelle.dz\/wp-content\/uploads\/2022\/05\/uhopital.png","datePublished":"2022-05-07T23:01:00+00:00","breadcrumb":{"@id":"https:\/\/lasentinelle.dz\/index.php\/2022\/05\/08\/contractualisation-dans-le-secteur-de-la-sante-des-projets-pilotes-en-lancement-dans-plusieurs-hopitaux\/#breadcrumb"},"inLanguage":"fr-FR","potentialAction":[{"@type":"ReadAction","target":["https:\/\/lasentinelle.dz\/index.php\/2022\/05\/08\/contractualisation-dans-le-secteur-de-la-sante-des-projets-pilotes-en-lancement-dans-plusieurs-hopitaux\/"]}]},{"@type":"ImageObject","inLanguage":"fr-FR","@id":"https:\/\/lasentinelle.dz\/index.php\/2022\/05\/08\/contractualisation-dans-le-secteur-de-la-sante-des-projets-pilotes-en-lancement-dans-plusieurs-hopitaux\/#primaryimage","url":"https:\/\/lasentinelle.dz\/wp-content\/uploads\/2022\/05\/uhopital.png","contentUrl":"https:\/\/lasentinelle.dz\/wp-content\/uploads\/2022\/05\/uhopital.png","width":1491,"height":900},{"@type":"BreadcrumbList","@id":"https:\/\/lasentinelle.dz\/index.php\/2022\/05\/08\/contractualisation-dans-le-secteur-de-la-sante-des-projets-pilotes-en-lancement-dans-plusieurs-hopitaux\/#breadcrumb","itemListElement":[{"@type":"ListItem","position":1,"name":"Accueil","item":"https:\/\/lasentinelle.dz\/"},{"@type":"ListItem","position":2,"name":"Contractualisation dans le secteur de la Sant\u00e9 : Des projets pilotes en lancement dans plusieurs h\u00f4pitaux"}]},{"@type":"WebSite","@id":"https:\/\/lasentinelle.dz\/#website","url":"https:\/\/lasentinelle.dz\/","name":"La Sentinelle","description":"Quotidien national d&#039;information","publisher":{"@id":"https:\/\/lasentinelle.dz\/#organization"},"potentialAction":[{"@type":"SearchAction","target":{"@type":"EntryPoint","urlTemplate":"https:\/\/lasentinelle.dz\/?s={search_term_string}"},"query-input":{"@type":"PropertyValueSpecification","valueRequired":true,"valueName":"search_term_string"}}],"inLanguage":"fr-FR"},{"@type":"Organization","@id":"https:\/\/lasentinelle.dz\/#organization","name":"Quotidien La Sentinelle","url":"https:\/\/lasentinelle.dz\/","logo":{"@type":"ImageObject","inLanguage":"fr-FR","@id":"https:\/\/lasentinelle.dz\/#\/schema\/logo\/image\/","url":"https:\/\/lasentinelle.dz\/wp-content\/uploads\/2021\/09\/logo-sentinelleSLOGAN-1.png","contentUrl":"https:\/\/lasentinelle.dz\/wp-content\/uploads\/2021\/09\/logo-sentinelleSLOGAN-1.png","width":615,"height":142,"caption":"Quotidien La Sentinelle"},"image":{"@id":"https:\/\/lasentinelle.dz\/#\/schema\/logo\/image\/"},"sameAs":["https:\/\/www.facebook.com\/La-Sentinelle-104059864394773"]},{"@type":"Person","@id":"https:\/\/lasentinelle.dz\/#\/schema\/person\/d865044e22e70a75174ce8bcad3acfb3","name":"La Sentinelle","image":{"@type":"ImageObject","inLanguage":"fr-FR","@id":"https:\/\/secure.gravatar.com\/avatar\/57de8e5d4b15d43fb361a71fbb36338450fe67865b528a43dd10ef7c51a20392?s=96&d=mm&r=g","url":"https:\/\/secure.gravatar.com\/avatar\/57de8e5d4b15d43fb361a71fbb36338450fe67865b528a43dd10ef7c51a20392?s=96&d=mm&r=g","contentUrl":"https:\/\/secure.gravatar.com\/avatar\/57de8e5d4b15d43fb361a71fbb36338450fe67865b528a43dd10ef7c51a20392?s=96&d=mm&r=g","caption":"La Sentinelle"},"sameAs":["http:\/\/www.lasentinelle.dz"],"url":"https:\/\/lasentinelle.dz\/author\/redaction\/"}]}},"_links":{"self":[{"href":"https:\/\/lasentinelle.dz\/index.php\/wp-json\/wp\/v2\/posts\/20653","targetHints":{"allow":["GET"]}}],"collection":[{"href":"https:\/\/lasentinelle.dz\/index.php\/wp-json\/wp\/v2\/posts"}],"about":[{"href":"https:\/\/lasentinelle.dz\/index.php\/wp-json\/wp\/v2\/types\/post"}],"author":[{"embeddable":true,"href":"https:\/\/lasentinelle.dz\/index.php\/wp-json\/wp\/v2\/users\/3"}],"replies":[{"embeddable":true,"href":"https:\/\/lasentinelle.dz\/index.php\/wp-json\/wp\/v2\/comments?post=20653"}],"version-history":[{"count":1,"href":"https:\/\/lasentinelle.dz\/index.php\/wp-json\/wp\/v2\/posts\/20653\/revisions"}],"predecessor-version":[{"id":20671,"href":"https:\/\/lasentinelle.dz\/index.php\/wp-json\/wp\/v2\/posts\/20653\/revisions\/20671"}],"wp:featuredmedia":[{"embeddable":true,"href":"https:\/\/lasentinelle.dz\/index.php\/wp-json\/wp\/v2\/media\/20669"}],"wp:attachment":[{"href":"https:\/\/lasentinelle.dz\/index.php\/wp-json\/wp\/v2\/media?parent=20653"}],"wp:term":[{"taxonomy":"category","embeddable":true,"href":"https:\/\/lasentinelle.dz\/index.php\/wp-json\/wp\/v2\/categories?post=20653"},{"taxonomy":"post_tag","embeddable":true,"href":"https:\/\/lasentinelle.dz\/index.php\/wp-json\/wp\/v2\/tags?post=20653"}],"curies":[{"name":"wp","href":"https:\/\/api.w.org\/{rel}","templated":true}]}}