{"id":20657,"date":"2022-05-08T00:05:00","date_gmt":"2022-05-07T23:05:00","guid":{"rendered":"https:\/\/lasentinelle.dz\/?p=20657"},"modified":"2022-05-07T19:45:55","modified_gmt":"2022-05-07T18:45:55","slug":"main-tendue-du-president-tebboune-pour-le-rassemblement-de-toutes-les-forces-vives-de-la-nation-la-voie-de-la-reconciliation","status":"publish","type":"post","link":"https:\/\/lasentinelle.dz\/index.php\/2022\/05\/08\/main-tendue-du-president-tebboune-pour-le-rassemblement-de-toutes-les-forces-vives-de-la-nation-la-voie-de-la-reconciliation\/","title":{"rendered":"Main tendue du Pr\u00e9sident Tebboune pour le rassemblement de toutes les forces vives de la Nation\u00a0:\u00a0La voie de la r\u00e9conciliation ?\u00a0"},"content":{"rendered":"\n<p>L\u2019apr\u00e8s ramadhan s\u2019annonce politiquement riche. \u00ab La main tendue \u00bb du Pr\u00e9sident Tebboune aura fait l\u2019effet d\u2019activateur sur certaines formations politiques.&nbsp;<\/p>\n\n\n\n<p>Le dernier message de la pr\u00e9sidence de la R\u00e9publique paru sous forme de tribune \u00e0 travers l\u2019APS affirme que \u00ab Sa main est tendue en permanence \u00e0 tous, sauf \u00e0 ceux qui ont franchi les lignes rouges et qui ont largu\u00e9 les amarres avec leur patrie. \u00bb Le m\u00eame message souligne que \u00ab le pr\u00e9sident Tebboune n\u2019est pas clivant, bien au contraire. \u00bb Il invite \u00ab (\u2026) ceux qui sont rest\u00e9s sur le rivage, sur la berge ou sur le bord de la route, ou qui se sentent marginalis\u00e9s, sachent que la nouvelle Alg\u00e9rie leur tend les bras pour ouvrir une nouvelle page. \u00bb Bannissant \u00ab le mot exclusion \u00bb du lexique de Tebboune, le message rel\u00e8ve que le pr\u00e9sident de la R\u00e9publique \u00ab met toute son intelligence pour rassembler des personnes et des parties qui ne pouvaient pas s\u2019entendre par le pass\u00e9. \u00bb Et d\u2019ajouter que \u00ab l\u2019Alg\u00e9rie, qui a un peuple h\u00e9ro\u00efque tr\u00e8s uni dans toute sa diversit\u00e9, a besoin de tous ses enfants pour f\u00eater tous ensemble, le 60e anniversaire de l&rsquo;ind\u00e9pendance. \u00bb<\/p>\n\n\n\n<p>L\u2019initiative lanc\u00e9e, il y a quelques jours, par le pr\u00e9sident de la R\u00e9publique visant \u00e0 \u00ab r\u00e9concilier \u00bb les Alg\u00e9riens entre eux semble avoir trouv\u00e9 son chemin. L\u2019id\u00e9e d\u2019une \u00ab r\u00e9conciliation \u00bb \u00e9conomique notamment est d\u2019ailleurs \u00ab b\u00e9nie \u00bb par le FLN, TAJ et l\u2019organisation nationale des enfants de Chouhadas qui annoncent d\u2019ores et d\u00e9j\u00e0 leur adh\u00e9sion \u00e0 ce projet. Si le Front de lib\u00e9ration nationale \u00ab appr\u00e9cie l&rsquo;initiative politique visant \u00e0 la r\u00e9unification r\u00e9clam\u00e9e par le pr\u00e9sident de la R\u00e9publique, Abdelmadjid Tebboune \u00bb et affirme apporter \u00ab son soutien et sa participation active au succ\u00e8s de l&rsquo;initiative \u00bb, le parti&nbsp;&nbsp;TAJ que dirige madame Zerouati salue cette initiative de \u00ab rassemblement \u00bb consid\u00e9rant que \u00ab la construction d&rsquo;une fa\u00e7ade ext\u00e9rieure lumineuse ne viendra qu&rsquo;avec un front coh\u00e9rent, symbiotique, harmonieux, coexistant et r\u00e9concili\u00e9 avec toutes les diff\u00e9rences qu&rsquo;il porte \u00bb. Le pr\u00e9sident du Conseil de la Nation, Salah Goudjil, n\u2019est pas en reste. Le deuxi\u00e8me homme de la R\u00e9publique emprunte le pas pour appeler \u00e0 travers un communiqu\u00e9 \u00ab les acteurs de la soci\u00e9t\u00e9 \u00e0 adh\u00e9rer \u00e0 la d\u00e9marche pour asseoir les bases et dessiner les contours de l&rsquo;Alg\u00e9rie nouvelle, dans le cadre de la politique de rassemblement pr\u00f4n\u00e9e par le pr\u00e9sident de la R\u00e9publique, M. Abdelmadjid Tebboune \u00bb. Goudjil rappellera les propos tenus par le chef de l\u2019Etat annon\u00e7ant que \u00ab sa main est tendue en permanence \u00e0 tous, sauf \u00e0 ceux qui ont franchi les lignes rouges et qui ont largu\u00e9 les amarres avec leur patrie, dans le cadre de la dynamique qui a marqu\u00e9 sa campagne \u00e9lectorale durant laquelle il est parvenu \u00e0 rassembler les jeunes et la soci\u00e9t\u00e9 civile \u00bb.&nbsp;<\/p>\n\n\n\n<p><strong>Lignes rouges<\/strong><\/p>\n\n\n\n<p>Tout le monde aura compris que ces \u00ab lignes rouges \u00bb d\u00e9pass\u00e9es ne concernent que ces Alg\u00e9riens qui ont pr\u00e9f\u00e9r\u00e9 tourner le dos \u00e0 leur Patrie qu\u2019ils s\u2019attellent \u00e0 diaboliser et \u00e0 d\u00e9cr\u00e9dibiliser \u00e0 travers leurs attaques \u00e0 partir de l\u2019\u00e9tranger \u0153uvrant pour le compte de pays hostiles \u00e0 l\u2019Alg\u00e9rie. Cependant, et \u00e0 bien d\u00e9chiffrer les messages habillement lanc\u00e9s par le FLN, particuli\u00e8rement, il s\u2019agirait d\u2019un pr\u00e9lude \u00e0 une op\u00e9ration de concorde qui aboutira sur une r\u00e9conciliation-bis. L\u2019ex-parti unique a tenu \u00e0 argumenter dans son communiqu\u00e9 d\u2019hier que \u00ab le peuple alg\u00e9rien, qui a \u00e9lu le pr\u00e9sident de la R\u00e9publique et cru en son projet et lui a accord\u00e9 une confiance totale et absolue, m\u00e9rite de b\u00e9n\u00e9ficier de toutes les \u00e9nergies de ses enfants, loin de l&rsquo;exclusion et de la marginalisation, en ouvrant les horizons de l&rsquo;initiative pour permettre aux id\u00e9es justes, aux avis constructifs et aux jugements sinc\u00e8res de contribuer \u00e0 l&rsquo;effort de changement, initi\u00e9 par le Pr\u00e9sident de la R\u00e9publique, et c&rsquo;est le sens de l&rsquo;initiative de la main tendue, avec tous ses objectifs, de resserrer les rangs entre toutes les couches de la soci\u00e9t\u00e9 et la coh\u00e9sion des institutions de la R\u00e9publique avec sa profondeur populaire, n&rsquo;excluant aucun groupe ou courant, et \u00e9tablissant les r\u00e8gles du dialogue et de la concertation et l&rsquo;instauration d&rsquo;une culture de participation et de transcendance des manifestations des diff\u00e9rences dans l&rsquo;important et des questions centrales, notamment celles li\u00e9es aux int\u00e9r\u00eats sup\u00e9rieurs de l&rsquo;Alg\u00e9rie \u00bb. Le parti D\u2019Abou el Fadhl Baadji consid\u00e8re cette initiative comme \u00ab une consolidation de la volont\u00e9 sinc\u00e8re du pr\u00e9sident de la R\u00e9publique de surmonter le pass\u00e9 avec ses aspects n\u00e9gatifs, ses conflits et ses haines et d&rsquo;en enlever tous les vestiges, et de s\u00e9curiser l&rsquo;Alg\u00e9rie face aux diff\u00e9rents d\u00e9fis qui l&rsquo;entourent, \u00e0 un moment o\u00f9 le monde souffre de nombreuses tensions et crises, avec toutes leurs graves r\u00e9percussions, cette \u00ab r\u00e9conciliation \u00bb qui rappelle celle adopt\u00e9e par l\u2019Etat et qui a permis de mettre fin \u00e0 la d\u00e9cennie noire. Une question demeure cependant.&nbsp;<\/p>\n\n\n\n<p><strong>Une r\u00e9conciliation \u00e9largie aux oligarques ?<\/strong><\/p>\n\n\n\n<p>\u00c0 qui s\u2019adresserait cette nouvelle r\u00e9conciliation ? L\u2019imp\u00e9ratif de renforcement du front interne induira forc\u00e9ment l\u2019apaisement des tensions sur le plan politique. Et il est ais\u00e9 de penser \u00e0 un processus assis sur la lib\u00e9ration de l\u2019ensemble des d\u00e9tenus du Hirak et d\u2019une partie de ceux commun\u00e9ment appel\u00e9s \u00ab d\u00e9tenus d\u2019opinion \u00bb, laquelle demeure la principale revendication des partis d\u2019opposition. Une r\u00e9conciliation politique, mais aussi \u00e9conomique supposerait-elle un processus qui toucherait \u00e9galement les oligarques et certains autres anciens responsables sous le r\u00e8gne de Bouteflika et emprisonn\u00e9s depuis ?&nbsp;&nbsp;Une question qui m\u00e9rite d\u2019ailleurs d\u2019\u00eatre pos\u00e9e d\u2019autant que le Gouvernement avait pr\u00e9vu dans son plan d\u2019action un m\u00e9canisme de transaction pr\u00e9voyant une r\u00e9duction des peines en contrepartie de la restitution des avoirs d\u00e9tourn\u00e9s. Si le Gouvernement avait \u00e9cart\u00e9 la possibilit\u00e9 que ce m\u00e9canisme puisse profiter aux oligarques de l\u2019\u00e8re Bouteflika, les mutations profondes sur les plans g\u00e9opolitiques et \u00e9conomiques, acc\u00e9l\u00e9r\u00e9es par la guerre en Ukraine, pourraient le pousser \u00e0 revoir les priorit\u00e9s et opter pour le pragmatisme.&nbsp;<\/p>\n\n\n\n<p>Il est ais\u00e9ment imaginable qu\u2019en plus de cet \u00e9largissement tant revendiqu\u00e9, l\u2019ouverture de l\u2019espace des libert\u00e9s individuelle et collective, du champ politique et m\u00e9diatique, seront les conditions sine qua non de l\u2019opposition si demain elle venait \u00e0 accepter de prendre part \u00e0 cette initiative. Ce qui est loin de la coupe aux l\u00e8vres \u00e0 moins que le pr\u00e9sident de la R\u00e9publique prenne sur lui et use des pr\u00e9rogatives que lui conf\u00e8re la Constitution pour promulguer une loi d\u2019amnistie.&nbsp;<\/p>\n\n\n\n<p><strong>Azzedine Belferag<\/strong><\/p>\n","protected":false},"excerpt":{"rendered":"<p>L\u2019apr\u00e8s ramadhan s\u2019annonce politiquement riche. \u00ab La main tendue \u00bb du Pr\u00e9sident Tebboune aura fait l\u2019effet d\u2019activateur sur certaines formations<\/p>\n","protected":false},"author":3,"featured_media":20683,"comment_status":"open","ping_status":"closed","sticky":false,"template":"","format":"standard","meta":{"colormag_page_container_layout":"default_layout","colormag_page_sidebar_layout":"default_layout","om_disable_all_campaigns":false,"_monsterinsights_skip_tracking":false,"_monsterinsights_sitenote_active":false,"_monsterinsights_sitenote_note":"","_monsterinsights_sitenote_category":0,"footnotes":"","_wpscppro_dont_share_socialmedia":false,"_wpscppro_custom_social_share_image":0,"_facebook_share_type":"","_twitter_share_type":"","_linkedin_share_type":"","_pinterest_share_type":"","_linkedin_share_type_page":"","_instagram_share_type":"","_medium_share_type":"","_threads_share_type":"","_google_business_share_type":"","_selected_social_profile":[],"_wpsp_enable_custom_social_template":false,"_wpsp_social_scheduling":{"enabled":false,"datetime":null,"platforms":[],"status":"template_only","dateOption":"today","timeOption":"now","customDays":"","customHours":"","customDate":"","customTime":"","schedulingType":"absolute"},"_wpsp_active_default_template":true},"categories":[52,27],"tags":[],"class_list":["post-20657","post","type-post","status-publish","format-standard","has-post-thumbnail","hentry","category-a-la-une","category-actualite"],"aioseo_notices":[],"yoast_head":"<!-- This site is optimized with the Yoast SEO plugin v27.5 - https:\/\/yoast.com\/product\/yoast-seo-wordpress\/ -->\n<title>Main tendue du Pr\u00e9sident Tebboune pour le rassemblement de toutes les forces vives de la Nation\u00a0:\u00a0La voie de la r\u00e9conciliation ?\u00a0 - La Sentinelle<\/title>\n<meta name=\"robots\" content=\"index, follow, max-snippet:-1, max-image-preview:large, max-video-preview:-1\" \/>\n<link rel=\"canonical\" href=\"https:\/\/lasentinelle.dz\/index.php\/2022\/05\/08\/main-tendue-du-president-tebboune-pour-le-rassemblement-de-toutes-les-forces-vives-de-la-nation-la-voie-de-la-reconciliation\/\" \/>\n<meta property=\"og:locale\" content=\"fr_FR\" \/>\n<meta property=\"og:type\" content=\"article\" \/>\n<meta property=\"og:title\" content=\"Main tendue du Pr\u00e9sident Tebboune pour le rassemblement de toutes les forces vives de la Nation\u00a0:\u00a0La voie de la r\u00e9conciliation ?\u00a0 - La Sentinelle\" \/>\n<meta property=\"og:description\" content=\"L\u2019apr\u00e8s ramadhan s\u2019annonce politiquement riche. \u00ab La main tendue \u00bb du Pr\u00e9sident Tebboune aura fait l\u2019effet d\u2019activateur sur certaines formations\" \/>\n<meta property=\"og:url\" content=\"https:\/\/lasentinelle.dz\/index.php\/2022\/05\/08\/main-tendue-du-president-tebboune-pour-le-rassemblement-de-toutes-les-forces-vives-de-la-nation-la-voie-de-la-reconciliation\/\" \/>\n<meta property=\"og:site_name\" content=\"La Sentinelle\" \/>\n<meta property=\"article:publisher\" content=\"https:\/\/www.facebook.com\/La-Sentinelle-104059864394773\" \/>\n<meta property=\"article:published_time\" content=\"2022-05-07T23:05:00+00:00\" \/>\n<meta property=\"og:image\" content=\"https:\/\/lasentinelle.dz\/wp-content\/uploads\/2022\/05\/tebboune-1.png\" \/>\n\t<meta property=\"og:image:width\" content=\"1200\" \/>\n\t<meta property=\"og:image:height\" content=\"900\" \/>\n\t<meta property=\"og:image:type\" content=\"image\/png\" \/>\n<meta name=\"author\" content=\"La Sentinelle\" \/>\n<meta name=\"twitter:card\" content=\"summary_large_image\" \/>\n<meta name=\"twitter:label1\" content=\"\u00c9crit par\" \/>\n\t<meta name=\"twitter:data1\" content=\"La Sentinelle\" \/>\n\t<meta name=\"twitter:label2\" content=\"Dur\u00e9e de lecture estim\u00e9e\" \/>\n\t<meta name=\"twitter:data2\" content=\"6 minutes\" \/>\n<script type=\"application\/ld+json\" class=\"yoast-schema-graph\">{\"@context\":\"https:\\\/\\\/schema.org\",\"@graph\":[{\"@type\":\"Article\",\"@id\":\"https:\\\/\\\/lasentinelle.dz\\\/index.php\\\/2022\\\/05\\\/08\\\/main-tendue-du-president-tebboune-pour-le-rassemblement-de-toutes-les-forces-vives-de-la-nation-la-voie-de-la-reconciliation\\\/#article\",\"isPartOf\":{\"@id\":\"https:\\\/\\\/lasentinelle.dz\\\/index.php\\\/2022\\\/05\\\/08\\\/main-tendue-du-president-tebboune-pour-le-rassemblement-de-toutes-les-forces-vives-de-la-nation-la-voie-de-la-reconciliation\\\/\"},\"author\":{\"name\":\"La Sentinelle\",\"@id\":\"https:\\\/\\\/lasentinelle.dz\\\/#\\\/schema\\\/person\\\/d865044e22e70a75174ce8bcad3acfb3\"},\"headline\":\"Main tendue du Pr\u00e9sident Tebboune pour le rassemblement de toutes les forces vives de la Nation\u00a0:\u00a0La voie de la r\u00e9conciliation ?\u00a0\",\"datePublished\":\"2022-05-07T23:05:00+00:00\",\"mainEntityOfPage\":{\"@id\":\"https:\\\/\\\/lasentinelle.dz\\\/index.php\\\/2022\\\/05\\\/08\\\/main-tendue-du-president-tebboune-pour-le-rassemblement-de-toutes-les-forces-vives-de-la-nation-la-voie-de-la-reconciliation\\\/\"},\"wordCount\":1217,\"commentCount\":0,\"publisher\":{\"@id\":\"https:\\\/\\\/lasentinelle.dz\\\/#organization\"},\"image\":{\"@id\":\"https:\\\/\\\/lasentinelle.dz\\\/index.php\\\/2022\\\/05\\\/08\\\/main-tendue-du-president-tebboune-pour-le-rassemblement-de-toutes-les-forces-vives-de-la-nation-la-voie-de-la-reconciliation\\\/#primaryimage\"},\"thumbnailUrl\":\"https:\\\/\\\/lasentinelle.dz\\\/wp-content\\\/uploads\\\/2022\\\/05\\\/tebboune-1.png\",\"articleSection\":[\"\u00c0 la Une\",\"Actualit\u00e9\"],\"inLanguage\":\"fr-FR\",\"potentialAction\":[{\"@type\":\"CommentAction\",\"name\":\"Comment\",\"target\":[\"https:\\\/\\\/lasentinelle.dz\\\/index.php\\\/2022\\\/05\\\/08\\\/main-tendue-du-president-tebboune-pour-le-rassemblement-de-toutes-les-forces-vives-de-la-nation-la-voie-de-la-reconciliation\\\/#respond\"]}]},{\"@type\":\"WebPage\",\"@id\":\"https:\\\/\\\/lasentinelle.dz\\\/index.php\\\/2022\\\/05\\\/08\\\/main-tendue-du-president-tebboune-pour-le-rassemblement-de-toutes-les-forces-vives-de-la-nation-la-voie-de-la-reconciliation\\\/\",\"url\":\"https:\\\/\\\/lasentinelle.dz\\\/index.php\\\/2022\\\/05\\\/08\\\/main-tendue-du-president-tebboune-pour-le-rassemblement-de-toutes-les-forces-vives-de-la-nation-la-voie-de-la-reconciliation\\\/\",\"name\":\"Main tendue du Pr\u00e9sident Tebboune pour le rassemblement de toutes les forces vives de la Nation\u00a0:\u00a0La voie de la r\u00e9conciliation ?\u00a0 - La Sentinelle\",\"isPartOf\":{\"@id\":\"https:\\\/\\\/lasentinelle.dz\\\/#website\"},\"primaryImageOfPage\":{\"@id\":\"https:\\\/\\\/lasentinelle.dz\\\/index.php\\\/2022\\\/05\\\/08\\\/main-tendue-du-president-tebboune-pour-le-rassemblement-de-toutes-les-forces-vives-de-la-nation-la-voie-de-la-reconciliation\\\/#primaryimage\"},\"image\":{\"@id\":\"https:\\\/\\\/lasentinelle.dz\\\/index.php\\\/2022\\\/05\\\/08\\\/main-tendue-du-president-tebboune-pour-le-rassemblement-de-toutes-les-forces-vives-de-la-nation-la-voie-de-la-reconciliation\\\/#primaryimage\"},\"thumbnailUrl\":\"https:\\\/\\\/lasentinelle.dz\\\/wp-content\\\/uploads\\\/2022\\\/05\\\/tebboune-1.png\",\"datePublished\":\"2022-05-07T23:05:00+00:00\",\"breadcrumb\":{\"@id\":\"https:\\\/\\\/lasentinelle.dz\\\/index.php\\\/2022\\\/05\\\/08\\\/main-tendue-du-president-tebboune-pour-le-rassemblement-de-toutes-les-forces-vives-de-la-nation-la-voie-de-la-reconciliation\\\/#breadcrumb\"},\"inLanguage\":\"fr-FR\",\"potentialAction\":[{\"@type\":\"ReadAction\",\"target\":[\"https:\\\/\\\/lasentinelle.dz\\\/index.php\\\/2022\\\/05\\\/08\\\/main-tendue-du-president-tebboune-pour-le-rassemblement-de-toutes-les-forces-vives-de-la-nation-la-voie-de-la-reconciliation\\\/\"]}]},{\"@type\":\"ImageObject\",\"inLanguage\":\"fr-FR\",\"@id\":\"https:\\\/\\\/lasentinelle.dz\\\/index.php\\\/2022\\\/05\\\/08\\\/main-tendue-du-president-tebboune-pour-le-rassemblement-de-toutes-les-forces-vives-de-la-nation-la-voie-de-la-reconciliation\\\/#primaryimage\",\"url\":\"https:\\\/\\\/lasentinelle.dz\\\/wp-content\\\/uploads\\\/2022\\\/05\\\/tebboune-1.png\",\"contentUrl\":\"https:\\\/\\\/lasentinelle.dz\\\/wp-content\\\/uploads\\\/2022\\\/05\\\/tebboune-1.png\",\"width\":1200,\"height\":900},{\"@type\":\"BreadcrumbList\",\"@id\":\"https:\\\/\\\/lasentinelle.dz\\\/index.php\\\/2022\\\/05\\\/08\\\/main-tendue-du-president-tebboune-pour-le-rassemblement-de-toutes-les-forces-vives-de-la-nation-la-voie-de-la-reconciliation\\\/#breadcrumb\",\"itemListElement\":[{\"@type\":\"ListItem\",\"position\":1,\"name\":\"Accueil\",\"item\":\"https:\\\/\\\/lasentinelle.dz\\\/\"},{\"@type\":\"ListItem\",\"position\":2,\"name\":\"Main tendue du Pr\u00e9sident Tebboune pour le rassemblement de toutes les forces vives de la Nation\u00a0:\u00a0La voie de la r\u00e9conciliation ?\u00a0\"}]},{\"@type\":\"WebSite\",\"@id\":\"https:\\\/\\\/lasentinelle.dz\\\/#website\",\"url\":\"https:\\\/\\\/lasentinelle.dz\\\/\",\"name\":\"La Sentinelle\",\"description\":\"Quotidien national d&#039;information\",\"publisher\":{\"@id\":\"https:\\\/\\\/lasentinelle.dz\\\/#organization\"},\"potentialAction\":[{\"@type\":\"SearchAction\",\"target\":{\"@type\":\"EntryPoint\",\"urlTemplate\":\"https:\\\/\\\/lasentinelle.dz\\\/?s={search_term_string}\"},\"query-input\":{\"@type\":\"PropertyValueSpecification\",\"valueRequired\":true,\"valueName\":\"search_term_string\"}}],\"inLanguage\":\"fr-FR\"},{\"@type\":\"Organization\",\"@id\":\"https:\\\/\\\/lasentinelle.dz\\\/#organization\",\"name\":\"Quotidien La Sentinelle\",\"url\":\"https:\\\/\\\/lasentinelle.dz\\\/\",\"logo\":{\"@type\":\"ImageObject\",\"inLanguage\":\"fr-FR\",\"@id\":\"https:\\\/\\\/lasentinelle.dz\\\/#\\\/schema\\\/logo\\\/image\\\/\",\"url\":\"https:\\\/\\\/lasentinelle.dz\\\/wp-content\\\/uploads\\\/2021\\\/09\\\/logo-sentinelleSLOGAN-1.png\",\"contentUrl\":\"https:\\\/\\\/lasentinelle.dz\\\/wp-content\\\/uploads\\\/2021\\\/09\\\/logo-sentinelleSLOGAN-1.png\",\"width\":615,\"height\":142,\"caption\":\"Quotidien La Sentinelle\"},\"image\":{\"@id\":\"https:\\\/\\\/lasentinelle.dz\\\/#\\\/schema\\\/logo\\\/image\\\/\"},\"sameAs\":[\"https:\\\/\\\/www.facebook.com\\\/La-Sentinelle-104059864394773\"]},{\"@type\":\"Person\",\"@id\":\"https:\\\/\\\/lasentinelle.dz\\\/#\\\/schema\\\/person\\\/d865044e22e70a75174ce8bcad3acfb3\",\"name\":\"La Sentinelle\",\"image\":{\"@type\":\"ImageObject\",\"inLanguage\":\"fr-FR\",\"@id\":\"https:\\\/\\\/secure.gravatar.com\\\/avatar\\\/57de8e5d4b15d43fb361a71fbb36338450fe67865b528a43dd10ef7c51a20392?s=96&d=mm&r=g\",\"url\":\"https:\\\/\\\/secure.gravatar.com\\\/avatar\\\/57de8e5d4b15d43fb361a71fbb36338450fe67865b528a43dd10ef7c51a20392?s=96&d=mm&r=g\",\"contentUrl\":\"https:\\\/\\\/secure.gravatar.com\\\/avatar\\\/57de8e5d4b15d43fb361a71fbb36338450fe67865b528a43dd10ef7c51a20392?s=96&d=mm&r=g\",\"caption\":\"La Sentinelle\"},\"sameAs\":[\"http:\\\/\\\/www.lasentinelle.dz\"],\"url\":\"https:\\\/\\\/lasentinelle.dz\\\/author\\\/redaction\\\/\"}]}<\/script>\n<!-- \/ Yoast SEO plugin. -->","yoast_head_json":{"title":"Main tendue du Pr\u00e9sident Tebboune pour le rassemblement de toutes les forces vives de la Nation\u00a0:\u00a0La voie de la r\u00e9conciliation ?\u00a0 - La Sentinelle","robots":{"index":"index","follow":"follow","max-snippet":"max-snippet:-1","max-image-preview":"max-image-preview:large","max-video-preview":"max-video-preview:-1"},"canonical":"https:\/\/lasentinelle.dz\/index.php\/2022\/05\/08\/main-tendue-du-president-tebboune-pour-le-rassemblement-de-toutes-les-forces-vives-de-la-nation-la-voie-de-la-reconciliation\/","og_locale":"fr_FR","og_type":"article","og_title":"Main tendue du Pr\u00e9sident Tebboune pour le rassemblement de toutes les forces vives de la Nation\u00a0:\u00a0La voie de la r\u00e9conciliation ?\u00a0 - La Sentinelle","og_description":"L\u2019apr\u00e8s ramadhan s\u2019annonce politiquement riche. \u00ab La main tendue \u00bb du Pr\u00e9sident Tebboune aura fait l\u2019effet d\u2019activateur sur certaines formations","og_url":"https:\/\/lasentinelle.dz\/index.php\/2022\/05\/08\/main-tendue-du-president-tebboune-pour-le-rassemblement-de-toutes-les-forces-vives-de-la-nation-la-voie-de-la-reconciliation\/","og_site_name":"La Sentinelle","article_publisher":"https:\/\/www.facebook.com\/La-Sentinelle-104059864394773","article_published_time":"2022-05-07T23:05:00+00:00","og_image":[{"width":1200,"height":900,"url":"https:\/\/lasentinelle.dz\/wp-content\/uploads\/2022\/05\/tebboune-1.png","type":"image\/png"}],"author":"La Sentinelle","twitter_card":"summary_large_image","twitter_misc":{"\u00c9crit par":"La Sentinelle","Dur\u00e9e de lecture estim\u00e9e":"6 minutes"},"schema":{"@context":"https:\/\/schema.org","@graph":[{"@type":"Article","@id":"https:\/\/lasentinelle.dz\/index.php\/2022\/05\/08\/main-tendue-du-president-tebboune-pour-le-rassemblement-de-toutes-les-forces-vives-de-la-nation-la-voie-de-la-reconciliation\/#article","isPartOf":{"@id":"https:\/\/lasentinelle.dz\/index.php\/2022\/05\/08\/main-tendue-du-president-tebboune-pour-le-rassemblement-de-toutes-les-forces-vives-de-la-nation-la-voie-de-la-reconciliation\/"},"author":{"name":"La Sentinelle","@id":"https:\/\/lasentinelle.dz\/#\/schema\/person\/d865044e22e70a75174ce8bcad3acfb3"},"headline":"Main tendue du Pr\u00e9sident Tebboune pour le rassemblement de toutes les forces vives de la Nation\u00a0:\u00a0La voie de la r\u00e9conciliation ?\u00a0","datePublished":"2022-05-07T23:05:00+00:00","mainEntityOfPage":{"@id":"https:\/\/lasentinelle.dz\/index.php\/2022\/05\/08\/main-tendue-du-president-tebboune-pour-le-rassemblement-de-toutes-les-forces-vives-de-la-nation-la-voie-de-la-reconciliation\/"},"wordCount":1217,"commentCount":0,"publisher":{"@id":"https:\/\/lasentinelle.dz\/#organization"},"image":{"@id":"https:\/\/lasentinelle.dz\/index.php\/2022\/05\/08\/main-tendue-du-president-tebboune-pour-le-rassemblement-de-toutes-les-forces-vives-de-la-nation-la-voie-de-la-reconciliation\/#primaryimage"},"thumbnailUrl":"https:\/\/lasentinelle.dz\/wp-content\/uploads\/2022\/05\/tebboune-1.png","articleSection":["\u00c0 la Une","Actualit\u00e9"],"inLanguage":"fr-FR","potentialAction":[{"@type":"CommentAction","name":"Comment","target":["https:\/\/lasentinelle.dz\/index.php\/2022\/05\/08\/main-tendue-du-president-tebboune-pour-le-rassemblement-de-toutes-les-forces-vives-de-la-nation-la-voie-de-la-reconciliation\/#respond"]}]},{"@type":"WebPage","@id":"https:\/\/lasentinelle.dz\/index.php\/2022\/05\/08\/main-tendue-du-president-tebboune-pour-le-rassemblement-de-toutes-les-forces-vives-de-la-nation-la-voie-de-la-reconciliation\/","url":"https:\/\/lasentinelle.dz\/index.php\/2022\/05\/08\/main-tendue-du-president-tebboune-pour-le-rassemblement-de-toutes-les-forces-vives-de-la-nation-la-voie-de-la-reconciliation\/","name":"Main tendue du Pr\u00e9sident Tebboune pour le rassemblement de toutes les forces vives de la Nation\u00a0:\u00a0La voie de la r\u00e9conciliation ?\u00a0 - La Sentinelle","isPartOf":{"@id":"https:\/\/lasentinelle.dz\/#website"},"primaryImageOfPage":{"@id":"https:\/\/lasentinelle.dz\/index.php\/2022\/05\/08\/main-tendue-du-president-tebboune-pour-le-rassemblement-de-toutes-les-forces-vives-de-la-nation-la-voie-de-la-reconciliation\/#primaryimage"},"image":{"@id":"https:\/\/lasentinelle.dz\/index.php\/2022\/05\/08\/main-tendue-du-president-tebboune-pour-le-rassemblement-de-toutes-les-forces-vives-de-la-nation-la-voie-de-la-reconciliation\/#primaryimage"},"thumbnailUrl":"https:\/\/lasentinelle.dz\/wp-content\/uploads\/2022\/05\/tebboune-1.png","datePublished":"2022-05-07T23:05:00+00:00","breadcrumb":{"@id":"https:\/\/lasentinelle.dz\/index.php\/2022\/05\/08\/main-tendue-du-president-tebboune-pour-le-rassemblement-de-toutes-les-forces-vives-de-la-nation-la-voie-de-la-reconciliation\/#breadcrumb"},"inLanguage":"fr-FR","potentialAction":[{"@type":"ReadAction","target":["https:\/\/lasentinelle.dz\/index.php\/2022\/05\/08\/main-tendue-du-president-tebboune-pour-le-rassemblement-de-toutes-les-forces-vives-de-la-nation-la-voie-de-la-reconciliation\/"]}]},{"@type":"ImageObject","inLanguage":"fr-FR","@id":"https:\/\/lasentinelle.dz\/index.php\/2022\/05\/08\/main-tendue-du-president-tebboune-pour-le-rassemblement-de-toutes-les-forces-vives-de-la-nation-la-voie-de-la-reconciliation\/#primaryimage","url":"https:\/\/lasentinelle.dz\/wp-content\/uploads\/2022\/05\/tebboune-1.png","contentUrl":"https:\/\/lasentinelle.dz\/wp-content\/uploads\/2022\/05\/tebboune-1.png","width":1200,"height":900},{"@type":"BreadcrumbList","@id":"https:\/\/lasentinelle.dz\/index.php\/2022\/05\/08\/main-tendue-du-president-tebboune-pour-le-rassemblement-de-toutes-les-forces-vives-de-la-nation-la-voie-de-la-reconciliation\/#breadcrumb","itemListElement":[{"@type":"ListItem","position":1,"name":"Accueil","item":"https:\/\/lasentinelle.dz\/"},{"@type":"ListItem","position":2,"name":"Main tendue du Pr\u00e9sident Tebboune pour le rassemblement de toutes les forces vives de la Nation\u00a0:\u00a0La voie de la r\u00e9conciliation ?\u00a0"}]},{"@type":"WebSite","@id":"https:\/\/lasentinelle.dz\/#website","url":"https:\/\/lasentinelle.dz\/","name":"La Sentinelle","description":"Quotidien national d&#039;information","publisher":{"@id":"https:\/\/lasentinelle.dz\/#organization"},"potentialAction":[{"@type":"SearchAction","target":{"@type":"EntryPoint","urlTemplate":"https:\/\/lasentinelle.dz\/?s={search_term_string}"},"query-input":{"@type":"PropertyValueSpecification","valueRequired":true,"valueName":"search_term_string"}}],"inLanguage":"fr-FR"},{"@type":"Organization","@id":"https:\/\/lasentinelle.dz\/#organization","name":"Quotidien La Sentinelle","url":"https:\/\/lasentinelle.dz\/","logo":{"@type":"ImageObject","inLanguage":"fr-FR","@id":"https:\/\/lasentinelle.dz\/#\/schema\/logo\/image\/","url":"https:\/\/lasentinelle.dz\/wp-content\/uploads\/2021\/09\/logo-sentinelleSLOGAN-1.png","contentUrl":"https:\/\/lasentinelle.dz\/wp-content\/uploads\/2021\/09\/logo-sentinelleSLOGAN-1.png","width":615,"height":142,"caption":"Quotidien La Sentinelle"},"image":{"@id":"https:\/\/lasentinelle.dz\/#\/schema\/logo\/image\/"},"sameAs":["https:\/\/www.facebook.com\/La-Sentinelle-104059864394773"]},{"@type":"Person","@id":"https:\/\/lasentinelle.dz\/#\/schema\/person\/d865044e22e70a75174ce8bcad3acfb3","name":"La Sentinelle","image":{"@type":"ImageObject","inLanguage":"fr-FR","@id":"https:\/\/secure.gravatar.com\/avatar\/57de8e5d4b15d43fb361a71fbb36338450fe67865b528a43dd10ef7c51a20392?s=96&d=mm&r=g","url":"https:\/\/secure.gravatar.com\/avatar\/57de8e5d4b15d43fb361a71fbb36338450fe67865b528a43dd10ef7c51a20392?s=96&d=mm&r=g","contentUrl":"https:\/\/secure.gravatar.com\/avatar\/57de8e5d4b15d43fb361a71fbb36338450fe67865b528a43dd10ef7c51a20392?s=96&d=mm&r=g","caption":"La Sentinelle"},"sameAs":["http:\/\/www.lasentinelle.dz"],"url":"https:\/\/lasentinelle.dz\/author\/redaction\/"}]}},"_links":{"self":[{"href":"https:\/\/lasentinelle.dz\/index.php\/wp-json\/wp\/v2\/posts\/20657","targetHints":{"allow":["GET"]}}],"collection":[{"href":"https:\/\/lasentinelle.dz\/index.php\/wp-json\/wp\/v2\/posts"}],"about":[{"href":"https:\/\/lasentinelle.dz\/index.php\/wp-json\/wp\/v2\/types\/post"}],"author":[{"embeddable":true,"href":"https:\/\/lasentinelle.dz\/index.php\/wp-json\/wp\/v2\/users\/3"}],"replies":[{"embeddable":true,"href":"https:\/\/lasentinelle.dz\/index.php\/wp-json\/wp\/v2\/comments?post=20657"}],"version-history":[{"count":1,"href":"https:\/\/lasentinelle.dz\/index.php\/wp-json\/wp\/v2\/posts\/20657\/revisions"}],"predecessor-version":[{"id":20687,"href":"https:\/\/lasentinelle.dz\/index.php\/wp-json\/wp\/v2\/posts\/20657\/revisions\/20687"}],"wp:featuredmedia":[{"embeddable":true,"href":"https:\/\/lasentinelle.dz\/index.php\/wp-json\/wp\/v2\/media\/20683"}],"wp:attachment":[{"href":"https:\/\/lasentinelle.dz\/index.php\/wp-json\/wp\/v2\/media?parent=20657"}],"wp:term":[{"taxonomy":"category","embeddable":true,"href":"https:\/\/lasentinelle.dz\/index.php\/wp-json\/wp\/v2\/categories?post=20657"},{"taxonomy":"post_tag","embeddable":true,"href":"https:\/\/lasentinelle.dz\/index.php\/wp-json\/wp\/v2\/tags?post=20657"}],"curies":[{"name":"wp","href":"https:\/\/api.w.org\/{rel}","templated":true}]}}