{"id":20700,"date":"2022-05-09T00:01:00","date_gmt":"2022-05-08T23:01:00","guid":{"rendered":"https:\/\/lasentinelle.dz\/?p=20700"},"modified":"2022-05-08T18:30:23","modified_gmt":"2022-05-08T17:30:23","slug":"les-partis-politiques-insistent-sur-la-reconnaissance-des-crimes-coloniaux-la-france-doit-assumer-sa-responsabilite-historique","status":"publish","type":"post","link":"https:\/\/lasentinelle.dz\/index.php\/2022\/05\/09\/les-partis-politiques-insistent-sur-la-reconnaissance-des-crimes-coloniaux-la-france-doit-assumer-sa-responsabilite-historique\/","title":{"rendered":"Les partis politiques insistent sur la reconnaissance des crimes coloniaux\u00a0: La France doit assumer sa responsabilit\u00e9 historique"},"content":{"rendered":"\n<p>La reconnaissance par la France&nbsp;des crimes&nbsp;coloniaux&nbsp;qu\u2019elle a commis&nbsp;en Alg\u00e9rie&nbsp;continue \u00e0 \u00eatre l\u2019une&nbsp;des principales revendications du peuple alg\u00e9rien repr\u00e9sent\u00e9 par les diff\u00e9rentes formations politiques. Nombreux ont \u00e9t\u00e9 ces partis politiques&nbsp;qui&nbsp;ont, \u00e0 l&rsquo;occasion de la c\u00e9l\u00e9bration de la Journ\u00e9e nationale de la M\u00e9moire comm\u00e9morant les massacres du 8 mai 1945, r\u00e9affirm\u00e9 leur soutien en faveur de la d\u00e9marche revendiquant la reconnaissance par l&rsquo;Etat fran\u00e7ais des crimes coloniaux commis \u00e0 l&rsquo;encontre du peuple alg\u00e9rien et appel\u00e9 l&rsquo;ancien colonisateur \u00e0 \u00abassumer sa responsabilit\u00e9 historique\u00bb. Dans&nbsp;un&nbsp;communiqu\u00e9, le vieux parti, le FLN, a affirm\u00e9 que \u00abla trag\u00e9die commise par le colonisateur fran\u00e7ais le 8 mai 1945, \u00abt\u00e9moin vivant que la criminalisation du syst\u00e8me colonial qui a d\u00e9pourvu les Alg\u00e9riens de leurs droits \u00e0 la vie, \u00e0 la libert\u00e9 et \u00e0 la souverainet\u00e9, \u00e9tait une revendication l\u00e9gitime, historique, morale et politique\u00bb. Le Vieux parti n\u2019est pas pr\u00eat de l\u00e2cher du lest en affichant manifestement sa position inali\u00e9nable et \u00abson soutien total \u00e0 la d\u00e9marche de r\u00e9clamer aupr\u00e8s de la France l&rsquo;excuse et la reconnaissance de ses crimes perp\u00e9tr\u00e9s \u00e0 l&rsquo;encontre des Alg\u00e9riens&nbsp;\u00bb. Cette formation politique a consid\u00e9r\u00e9 que \u00abla comm\u00e9moration de cet anniversaire \u00e9tait une occasion pour faire&nbsp;barrage&nbsp;\u00e0 la culture de l&rsquo;oubli et prot\u00e9ger la m\u00e9moire de la&nbsp;Nation, c&rsquo;est-\u00e0-dire pour s&rsquo;inspirer d&rsquo;une le\u00e7on traduite par la d\u00e9cision du pr\u00e9sident de la R\u00e9publique, Abdelmadjid Tebboune,&nbsp;en instituant le 8 mai de chaque ann\u00e9e Journ\u00e9e nationale de la M\u00e9moire\u00bb. La comm\u00e9moration de cet \u00e9v\u00e9nement constitue une opportunit\u00e9 \u00e0 saisir pour garantir que \u00abl&rsquo;Alg\u00e9rie, s&rsquo;appr\u00eatant \u00e0 c\u00e9l\u00e9brer le 60e anniversaire du recouvrement de la souverainet\u00e9 nationale, requiert la participation de tous ses enfants en vue d&rsquo;\u00e9riger cet \u00e9v\u00e9nement en une c\u00e9r\u00e9monie de l&rsquo;Alg\u00e9rie unie\u00bb, ajoute-il. Le Front de&nbsp;lib\u00e9ration&nbsp;nationale a salu\u00e9 \u00abl\u2019initiative politique visant \u00e0 rassembler les&nbsp;Alg\u00e9riens, et affirme \u00abadh\u00e9rer \u00e0 cette d\u00e9marche et concourir \u00e0 sa r\u00e9ussite pour appuyer la volont\u00e9 sinc\u00e8re du Pr\u00e9sident de la R\u00e9publique \u00e0 surmonter le pass\u00e9 avec son lot de conflits et de rancunes et \u00e9radiquer ses s\u00e9quelles tout en s\u00e9curisant l&rsquo;Alg\u00e9rie face aux diff\u00e9rents d\u00e9fis\u00bb. Le pr\u00e9sident du Mouvement El-Bina, Abdelkader Bengrina&nbsp;a quant \u00e0 lui soulign\u00e9 l\u2019importance de&nbsp;ce rep\u00e8re historique, marquant les&nbsp;Alg\u00e9riens dans leur \u00e2me vu l\u2019atrocit\u00e9&nbsp;des massacres. \u00abLes massacres du 8 mai 1945 \u00e9taient un crime d&rsquo;extermination au sens propre du mot commis par l&rsquo;occupation fran\u00e7aise \u00e0 l&rsquo;encontre du peuple alg\u00e9rien sans d\u00e9fense \u00bb, a indiqu\u00e9 Bengrina, qualifiant ces massacres \u00abde legs empoisonn\u00e9 pour le colonialisme fran\u00e7ais\u00bb. Bengrina a affirm\u00e9 que \u00abces crimes sont imprescriptibles\u00bb. \u00abAujourd&rsquo;hui la France doit assumer son pass\u00e9 et les cons\u00e9quences qui en r\u00e9sultent\u00bb, a-t-il appel\u00e9.&nbsp;Le&nbsp;pr\u00e9sident de la Formation&nbsp;politique rappelle que&nbsp;ces \u00ab \u00e9v\u00e8nements \u00e9taient un tournant d\u00e9cisif dans l&rsquo;histoire du combat de l&rsquo;Alg\u00e9rie et une v\u00e9ritable transition vers la r\u00e9volution \u00bb, soulignant que \u00abce dossier restera, \u00e0 l&rsquo;image de la reconnaissance des crimes, la r\u00e9cup\u00e9ration des archives et des ossements des Chouhada ainsi que l&rsquo;indemnisation des victimes des essaies nucl\u00e9aires au Sahara, parmi les principales questions en suspens entre l&rsquo;Alg\u00e9rie ind\u00e9pendante et la France coloniale\u00bb.<\/p>\n\n\n\n<p>Salim Abdenour<\/p>\n","protected":false},"excerpt":{"rendered":"<p>La reconnaissance par la France&nbsp;des crimes&nbsp;coloniaux&nbsp;qu\u2019elle a commis&nbsp;en Alg\u00e9rie&nbsp;continue \u00e0 \u00eatre l\u2019une&nbsp;des principales revendications du peuple alg\u00e9rien repr\u00e9sent\u00e9 par les<\/p>\n","protected":false},"author":3,"featured_media":20723,"comment_status":"open","ping_status":"closed","sticky":false,"template":"","format":"standard","meta":{"colormag_page_container_layout":"default_layout","colormag_page_sidebar_layout":"default_layout","om_disable_all_campaigns":false,"_monsterinsights_skip_tracking":false,"_monsterinsights_sitenote_active":false,"_monsterinsights_sitenote_note":"","_monsterinsights_sitenote_category":0,"footnotes":"","_wpscppro_dont_share_socialmedia":false,"_wpscppro_custom_social_share_image":0,"_facebook_share_type":"","_twitter_share_type":"","_linkedin_share_type":"","_pinterest_share_type":"","_linkedin_share_type_page":"","_instagram_share_type":"","_medium_share_type":"","_threads_share_type":"","_google_business_share_type":"","_selected_social_profile":[],"_wpsp_enable_custom_social_template":false,"_wpsp_social_scheduling":{"enabled":false,"datetime":null,"platforms":[],"status":"template_only","dateOption":"today","timeOption":"now","customDays":"","customHours":"","customDate":"","customTime":"","schedulingType":"absolute"},"_wpsp_active_default_template":true},"categories":[27],"tags":[],"class_list":["post-20700","post","type-post","status-publish","format-standard","has-post-thumbnail","hentry","category-actualite"],"aioseo_notices":[],"yoast_head":"<!-- This site is optimized with the Yoast SEO plugin v27.5 - https:\/\/yoast.com\/product\/yoast-seo-wordpress\/ -->\n<title>Les partis politiques insistent sur la reconnaissance des crimes coloniaux\u00a0: La France doit assumer sa responsabilit\u00e9 historique - La Sentinelle<\/title>\n<meta name=\"robots\" content=\"index, follow, max-snippet:-1, max-image-preview:large, max-video-preview:-1\" \/>\n<link rel=\"canonical\" href=\"https:\/\/lasentinelle.dz\/index.php\/2022\/05\/09\/les-partis-politiques-insistent-sur-la-reconnaissance-des-crimes-coloniaux-la-france-doit-assumer-sa-responsabilite-historique\/\" \/>\n<meta property=\"og:locale\" content=\"fr_FR\" \/>\n<meta property=\"og:type\" content=\"article\" \/>\n<meta property=\"og:title\" content=\"Les partis politiques insistent sur la reconnaissance des crimes coloniaux\u00a0: La France doit assumer sa responsabilit\u00e9 historique - La Sentinelle\" \/>\n<meta property=\"og:description\" content=\"La reconnaissance par la France&nbsp;des crimes&nbsp;coloniaux&nbsp;qu\u2019elle a commis&nbsp;en Alg\u00e9rie&nbsp;continue \u00e0 \u00eatre l\u2019une&nbsp;des principales revendications du peuple alg\u00e9rien repr\u00e9sent\u00e9 par les\" \/>\n<meta property=\"og:url\" content=\"https:\/\/lasentinelle.dz\/index.php\/2022\/05\/09\/les-partis-politiques-insistent-sur-la-reconnaissance-des-crimes-coloniaux-la-france-doit-assumer-sa-responsabilite-historique\/\" \/>\n<meta property=\"og:site_name\" content=\"La Sentinelle\" \/>\n<meta property=\"article:publisher\" content=\"https:\/\/www.facebook.com\/La-Sentinelle-104059864394773\" \/>\n<meta property=\"article:published_time\" content=\"2022-05-08T23:01:00+00:00\" \/>\n<meta property=\"og:image\" content=\"https:\/\/lasentinelle.dz\/wp-content\/uploads\/2022\/05\/6a0f56a413f02db8abd9bd4af25181b7_L.jpg\" \/>\n\t<meta property=\"og:image:width\" content=\"855\" \/>\n\t<meta property=\"og:image:height\" content=\"516\" \/>\n\t<meta property=\"og:image:type\" content=\"image\/jpeg\" \/>\n<meta name=\"author\" content=\"La Sentinelle\" \/>\n<meta name=\"twitter:card\" content=\"summary_large_image\" \/>\n<meta name=\"twitter:label1\" content=\"\u00c9crit par\" \/>\n\t<meta name=\"twitter:data1\" content=\"La Sentinelle\" \/>\n\t<meta name=\"twitter:label2\" content=\"Dur\u00e9e de lecture estim\u00e9e\" \/>\n\t<meta name=\"twitter:data2\" content=\"3 minutes\" \/>\n<script type=\"application\/ld+json\" class=\"yoast-schema-graph\">{\"@context\":\"https:\\\/\\\/schema.org\",\"@graph\":[{\"@type\":\"Article\",\"@id\":\"https:\\\/\\\/lasentinelle.dz\\\/index.php\\\/2022\\\/05\\\/09\\\/les-partis-politiques-insistent-sur-la-reconnaissance-des-crimes-coloniaux-la-france-doit-assumer-sa-responsabilite-historique\\\/#article\",\"isPartOf\":{\"@id\":\"https:\\\/\\\/lasentinelle.dz\\\/index.php\\\/2022\\\/05\\\/09\\\/les-partis-politiques-insistent-sur-la-reconnaissance-des-crimes-coloniaux-la-france-doit-assumer-sa-responsabilite-historique\\\/\"},\"author\":{\"name\":\"La Sentinelle\",\"@id\":\"https:\\\/\\\/lasentinelle.dz\\\/#\\\/schema\\\/person\\\/d865044e22e70a75174ce8bcad3acfb3\"},\"headline\":\"Les partis politiques insistent sur la reconnaissance des crimes coloniaux\u00a0: La France doit assumer sa responsabilit\u00e9 historique\",\"datePublished\":\"2022-05-08T23:01:00+00:00\",\"mainEntityOfPage\":{\"@id\":\"https:\\\/\\\/lasentinelle.dz\\\/index.php\\\/2022\\\/05\\\/09\\\/les-partis-politiques-insistent-sur-la-reconnaissance-des-crimes-coloniaux-la-france-doit-assumer-sa-responsabilite-historique\\\/\"},\"wordCount\":640,\"commentCount\":0,\"publisher\":{\"@id\":\"https:\\\/\\\/lasentinelle.dz\\\/#organization\"},\"image\":{\"@id\":\"https:\\\/\\\/lasentinelle.dz\\\/index.php\\\/2022\\\/05\\\/09\\\/les-partis-politiques-insistent-sur-la-reconnaissance-des-crimes-coloniaux-la-france-doit-assumer-sa-responsabilite-historique\\\/#primaryimage\"},\"thumbnailUrl\":\"https:\\\/\\\/lasentinelle.dz\\\/wp-content\\\/uploads\\\/2022\\\/05\\\/6a0f56a413f02db8abd9bd4af25181b7_L.jpg\",\"articleSection\":[\"Actualit\u00e9\"],\"inLanguage\":\"fr-FR\",\"potentialAction\":[{\"@type\":\"CommentAction\",\"name\":\"Comment\",\"target\":[\"https:\\\/\\\/lasentinelle.dz\\\/index.php\\\/2022\\\/05\\\/09\\\/les-partis-politiques-insistent-sur-la-reconnaissance-des-crimes-coloniaux-la-france-doit-assumer-sa-responsabilite-historique\\\/#respond\"]}]},{\"@type\":\"WebPage\",\"@id\":\"https:\\\/\\\/lasentinelle.dz\\\/index.php\\\/2022\\\/05\\\/09\\\/les-partis-politiques-insistent-sur-la-reconnaissance-des-crimes-coloniaux-la-france-doit-assumer-sa-responsabilite-historique\\\/\",\"url\":\"https:\\\/\\\/lasentinelle.dz\\\/index.php\\\/2022\\\/05\\\/09\\\/les-partis-politiques-insistent-sur-la-reconnaissance-des-crimes-coloniaux-la-france-doit-assumer-sa-responsabilite-historique\\\/\",\"name\":\"Les partis politiques insistent sur la reconnaissance des crimes coloniaux\u00a0: La France doit assumer sa responsabilit\u00e9 historique - La Sentinelle\",\"isPartOf\":{\"@id\":\"https:\\\/\\\/lasentinelle.dz\\\/#website\"},\"primaryImageOfPage\":{\"@id\":\"https:\\\/\\\/lasentinelle.dz\\\/index.php\\\/2022\\\/05\\\/09\\\/les-partis-politiques-insistent-sur-la-reconnaissance-des-crimes-coloniaux-la-france-doit-assumer-sa-responsabilite-historique\\\/#primaryimage\"},\"image\":{\"@id\":\"https:\\\/\\\/lasentinelle.dz\\\/index.php\\\/2022\\\/05\\\/09\\\/les-partis-politiques-insistent-sur-la-reconnaissance-des-crimes-coloniaux-la-france-doit-assumer-sa-responsabilite-historique\\\/#primaryimage\"},\"thumbnailUrl\":\"https:\\\/\\\/lasentinelle.dz\\\/wp-content\\\/uploads\\\/2022\\\/05\\\/6a0f56a413f02db8abd9bd4af25181b7_L.jpg\",\"datePublished\":\"2022-05-08T23:01:00+00:00\",\"breadcrumb\":{\"@id\":\"https:\\\/\\\/lasentinelle.dz\\\/index.php\\\/2022\\\/05\\\/09\\\/les-partis-politiques-insistent-sur-la-reconnaissance-des-crimes-coloniaux-la-france-doit-assumer-sa-responsabilite-historique\\\/#breadcrumb\"},\"inLanguage\":\"fr-FR\",\"potentialAction\":[{\"@type\":\"ReadAction\",\"target\":[\"https:\\\/\\\/lasentinelle.dz\\\/index.php\\\/2022\\\/05\\\/09\\\/les-partis-politiques-insistent-sur-la-reconnaissance-des-crimes-coloniaux-la-france-doit-assumer-sa-responsabilite-historique\\\/\"]}]},{\"@type\":\"ImageObject\",\"inLanguage\":\"fr-FR\",\"@id\":\"https:\\\/\\\/lasentinelle.dz\\\/index.php\\\/2022\\\/05\\\/09\\\/les-partis-politiques-insistent-sur-la-reconnaissance-des-crimes-coloniaux-la-france-doit-assumer-sa-responsabilite-historique\\\/#primaryimage\",\"url\":\"https:\\\/\\\/lasentinelle.dz\\\/wp-content\\\/uploads\\\/2022\\\/05\\\/6a0f56a413f02db8abd9bd4af25181b7_L.jpg\",\"contentUrl\":\"https:\\\/\\\/lasentinelle.dz\\\/wp-content\\\/uploads\\\/2022\\\/05\\\/6a0f56a413f02db8abd9bd4af25181b7_L.jpg\",\"width\":855,\"height\":516},{\"@type\":\"BreadcrumbList\",\"@id\":\"https:\\\/\\\/lasentinelle.dz\\\/index.php\\\/2022\\\/05\\\/09\\\/les-partis-politiques-insistent-sur-la-reconnaissance-des-crimes-coloniaux-la-france-doit-assumer-sa-responsabilite-historique\\\/#breadcrumb\",\"itemListElement\":[{\"@type\":\"ListItem\",\"position\":1,\"name\":\"Accueil\",\"item\":\"https:\\\/\\\/lasentinelle.dz\\\/\"},{\"@type\":\"ListItem\",\"position\":2,\"name\":\"Les partis politiques insistent sur la reconnaissance des crimes coloniaux\u00a0: La France doit assumer sa responsabilit\u00e9 historique\"}]},{\"@type\":\"WebSite\",\"@id\":\"https:\\\/\\\/lasentinelle.dz\\\/#website\",\"url\":\"https:\\\/\\\/lasentinelle.dz\\\/\",\"name\":\"La Sentinelle\",\"description\":\"Quotidien national d&#039;information\",\"publisher\":{\"@id\":\"https:\\\/\\\/lasentinelle.dz\\\/#organization\"},\"potentialAction\":[{\"@type\":\"SearchAction\",\"target\":{\"@type\":\"EntryPoint\",\"urlTemplate\":\"https:\\\/\\\/lasentinelle.dz\\\/?s={search_term_string}\"},\"query-input\":{\"@type\":\"PropertyValueSpecification\",\"valueRequired\":true,\"valueName\":\"search_term_string\"}}],\"inLanguage\":\"fr-FR\"},{\"@type\":\"Organization\",\"@id\":\"https:\\\/\\\/lasentinelle.dz\\\/#organization\",\"name\":\"Quotidien La Sentinelle\",\"url\":\"https:\\\/\\\/lasentinelle.dz\\\/\",\"logo\":{\"@type\":\"ImageObject\",\"inLanguage\":\"fr-FR\",\"@id\":\"https:\\\/\\\/lasentinelle.dz\\\/#\\\/schema\\\/logo\\\/image\\\/\",\"url\":\"https:\\\/\\\/lasentinelle.dz\\\/wp-content\\\/uploads\\\/2021\\\/09\\\/logo-sentinelleSLOGAN-1.png\",\"contentUrl\":\"https:\\\/\\\/lasentinelle.dz\\\/wp-content\\\/uploads\\\/2021\\\/09\\\/logo-sentinelleSLOGAN-1.png\",\"width\":615,\"height\":142,\"caption\":\"Quotidien La Sentinelle\"},\"image\":{\"@id\":\"https:\\\/\\\/lasentinelle.dz\\\/#\\\/schema\\\/logo\\\/image\\\/\"},\"sameAs\":[\"https:\\\/\\\/www.facebook.com\\\/La-Sentinelle-104059864394773\"]},{\"@type\":\"Person\",\"@id\":\"https:\\\/\\\/lasentinelle.dz\\\/#\\\/schema\\\/person\\\/d865044e22e70a75174ce8bcad3acfb3\",\"name\":\"La Sentinelle\",\"image\":{\"@type\":\"ImageObject\",\"inLanguage\":\"fr-FR\",\"@id\":\"https:\\\/\\\/secure.gravatar.com\\\/avatar\\\/57de8e5d4b15d43fb361a71fbb36338450fe67865b528a43dd10ef7c51a20392?s=96&d=mm&r=g\",\"url\":\"https:\\\/\\\/secure.gravatar.com\\\/avatar\\\/57de8e5d4b15d43fb361a71fbb36338450fe67865b528a43dd10ef7c51a20392?s=96&d=mm&r=g\",\"contentUrl\":\"https:\\\/\\\/secure.gravatar.com\\\/avatar\\\/57de8e5d4b15d43fb361a71fbb36338450fe67865b528a43dd10ef7c51a20392?s=96&d=mm&r=g\",\"caption\":\"La Sentinelle\"},\"sameAs\":[\"http:\\\/\\\/www.lasentinelle.dz\"],\"url\":\"https:\\\/\\\/lasentinelle.dz\\\/author\\\/redaction\\\/\"}]}<\/script>\n<!-- \/ Yoast SEO plugin. -->","yoast_head_json":{"title":"Les partis politiques insistent sur la reconnaissance des crimes coloniaux\u00a0: La France doit assumer sa responsabilit\u00e9 historique - La Sentinelle","robots":{"index":"index","follow":"follow","max-snippet":"max-snippet:-1","max-image-preview":"max-image-preview:large","max-video-preview":"max-video-preview:-1"},"canonical":"https:\/\/lasentinelle.dz\/index.php\/2022\/05\/09\/les-partis-politiques-insistent-sur-la-reconnaissance-des-crimes-coloniaux-la-france-doit-assumer-sa-responsabilite-historique\/","og_locale":"fr_FR","og_type":"article","og_title":"Les partis politiques insistent sur la reconnaissance des crimes coloniaux\u00a0: La France doit assumer sa responsabilit\u00e9 historique - La Sentinelle","og_description":"La reconnaissance par la France&nbsp;des crimes&nbsp;coloniaux&nbsp;qu\u2019elle a commis&nbsp;en Alg\u00e9rie&nbsp;continue \u00e0 \u00eatre l\u2019une&nbsp;des principales revendications du peuple alg\u00e9rien repr\u00e9sent\u00e9 par les","og_url":"https:\/\/lasentinelle.dz\/index.php\/2022\/05\/09\/les-partis-politiques-insistent-sur-la-reconnaissance-des-crimes-coloniaux-la-france-doit-assumer-sa-responsabilite-historique\/","og_site_name":"La Sentinelle","article_publisher":"https:\/\/www.facebook.com\/La-Sentinelle-104059864394773","article_published_time":"2022-05-08T23:01:00+00:00","og_image":[{"width":855,"height":516,"url":"https:\/\/lasentinelle.dz\/wp-content\/uploads\/2022\/05\/6a0f56a413f02db8abd9bd4af25181b7_L.jpg","type":"image\/jpeg"}],"author":"La Sentinelle","twitter_card":"summary_large_image","twitter_misc":{"\u00c9crit par":"La Sentinelle","Dur\u00e9e de lecture estim\u00e9e":"3 minutes"},"schema":{"@context":"https:\/\/schema.org","@graph":[{"@type":"Article","@id":"https:\/\/lasentinelle.dz\/index.php\/2022\/05\/09\/les-partis-politiques-insistent-sur-la-reconnaissance-des-crimes-coloniaux-la-france-doit-assumer-sa-responsabilite-historique\/#article","isPartOf":{"@id":"https:\/\/lasentinelle.dz\/index.php\/2022\/05\/09\/les-partis-politiques-insistent-sur-la-reconnaissance-des-crimes-coloniaux-la-france-doit-assumer-sa-responsabilite-historique\/"},"author":{"name":"La Sentinelle","@id":"https:\/\/lasentinelle.dz\/#\/schema\/person\/d865044e22e70a75174ce8bcad3acfb3"},"headline":"Les partis politiques insistent sur la reconnaissance des crimes coloniaux\u00a0: La France doit assumer sa responsabilit\u00e9 historique","datePublished":"2022-05-08T23:01:00+00:00","mainEntityOfPage":{"@id":"https:\/\/lasentinelle.dz\/index.php\/2022\/05\/09\/les-partis-politiques-insistent-sur-la-reconnaissance-des-crimes-coloniaux-la-france-doit-assumer-sa-responsabilite-historique\/"},"wordCount":640,"commentCount":0,"publisher":{"@id":"https:\/\/lasentinelle.dz\/#organization"},"image":{"@id":"https:\/\/lasentinelle.dz\/index.php\/2022\/05\/09\/les-partis-politiques-insistent-sur-la-reconnaissance-des-crimes-coloniaux-la-france-doit-assumer-sa-responsabilite-historique\/#primaryimage"},"thumbnailUrl":"https:\/\/lasentinelle.dz\/wp-content\/uploads\/2022\/05\/6a0f56a413f02db8abd9bd4af25181b7_L.jpg","articleSection":["Actualit\u00e9"],"inLanguage":"fr-FR","potentialAction":[{"@type":"CommentAction","name":"Comment","target":["https:\/\/lasentinelle.dz\/index.php\/2022\/05\/09\/les-partis-politiques-insistent-sur-la-reconnaissance-des-crimes-coloniaux-la-france-doit-assumer-sa-responsabilite-historique\/#respond"]}]},{"@type":"WebPage","@id":"https:\/\/lasentinelle.dz\/index.php\/2022\/05\/09\/les-partis-politiques-insistent-sur-la-reconnaissance-des-crimes-coloniaux-la-france-doit-assumer-sa-responsabilite-historique\/","url":"https:\/\/lasentinelle.dz\/index.php\/2022\/05\/09\/les-partis-politiques-insistent-sur-la-reconnaissance-des-crimes-coloniaux-la-france-doit-assumer-sa-responsabilite-historique\/","name":"Les partis politiques insistent sur la reconnaissance des crimes coloniaux\u00a0: La France doit assumer sa responsabilit\u00e9 historique - La Sentinelle","isPartOf":{"@id":"https:\/\/lasentinelle.dz\/#website"},"primaryImageOfPage":{"@id":"https:\/\/lasentinelle.dz\/index.php\/2022\/05\/09\/les-partis-politiques-insistent-sur-la-reconnaissance-des-crimes-coloniaux-la-france-doit-assumer-sa-responsabilite-historique\/#primaryimage"},"image":{"@id":"https:\/\/lasentinelle.dz\/index.php\/2022\/05\/09\/les-partis-politiques-insistent-sur-la-reconnaissance-des-crimes-coloniaux-la-france-doit-assumer-sa-responsabilite-historique\/#primaryimage"},"thumbnailUrl":"https:\/\/lasentinelle.dz\/wp-content\/uploads\/2022\/05\/6a0f56a413f02db8abd9bd4af25181b7_L.jpg","datePublished":"2022-05-08T23:01:00+00:00","breadcrumb":{"@id":"https:\/\/lasentinelle.dz\/index.php\/2022\/05\/09\/les-partis-politiques-insistent-sur-la-reconnaissance-des-crimes-coloniaux-la-france-doit-assumer-sa-responsabilite-historique\/#breadcrumb"},"inLanguage":"fr-FR","potentialAction":[{"@type":"ReadAction","target":["https:\/\/lasentinelle.dz\/index.php\/2022\/05\/09\/les-partis-politiques-insistent-sur-la-reconnaissance-des-crimes-coloniaux-la-france-doit-assumer-sa-responsabilite-historique\/"]}]},{"@type":"ImageObject","inLanguage":"fr-FR","@id":"https:\/\/lasentinelle.dz\/index.php\/2022\/05\/09\/les-partis-politiques-insistent-sur-la-reconnaissance-des-crimes-coloniaux-la-france-doit-assumer-sa-responsabilite-historique\/#primaryimage","url":"https:\/\/lasentinelle.dz\/wp-content\/uploads\/2022\/05\/6a0f56a413f02db8abd9bd4af25181b7_L.jpg","contentUrl":"https:\/\/lasentinelle.dz\/wp-content\/uploads\/2022\/05\/6a0f56a413f02db8abd9bd4af25181b7_L.jpg","width":855,"height":516},{"@type":"BreadcrumbList","@id":"https:\/\/lasentinelle.dz\/index.php\/2022\/05\/09\/les-partis-politiques-insistent-sur-la-reconnaissance-des-crimes-coloniaux-la-france-doit-assumer-sa-responsabilite-historique\/#breadcrumb","itemListElement":[{"@type":"ListItem","position":1,"name":"Accueil","item":"https:\/\/lasentinelle.dz\/"},{"@type":"ListItem","position":2,"name":"Les partis politiques insistent sur la reconnaissance des crimes coloniaux\u00a0: La France doit assumer sa responsabilit\u00e9 historique"}]},{"@type":"WebSite","@id":"https:\/\/lasentinelle.dz\/#website","url":"https:\/\/lasentinelle.dz\/","name":"La Sentinelle","description":"Quotidien national d&#039;information","publisher":{"@id":"https:\/\/lasentinelle.dz\/#organization"},"potentialAction":[{"@type":"SearchAction","target":{"@type":"EntryPoint","urlTemplate":"https:\/\/lasentinelle.dz\/?s={search_term_string}"},"query-input":{"@type":"PropertyValueSpecification","valueRequired":true,"valueName":"search_term_string"}}],"inLanguage":"fr-FR"},{"@type":"Organization","@id":"https:\/\/lasentinelle.dz\/#organization","name":"Quotidien La Sentinelle","url":"https:\/\/lasentinelle.dz\/","logo":{"@type":"ImageObject","inLanguage":"fr-FR","@id":"https:\/\/lasentinelle.dz\/#\/schema\/logo\/image\/","url":"https:\/\/lasentinelle.dz\/wp-content\/uploads\/2021\/09\/logo-sentinelleSLOGAN-1.png","contentUrl":"https:\/\/lasentinelle.dz\/wp-content\/uploads\/2021\/09\/logo-sentinelleSLOGAN-1.png","width":615,"height":142,"caption":"Quotidien La Sentinelle"},"image":{"@id":"https:\/\/lasentinelle.dz\/#\/schema\/logo\/image\/"},"sameAs":["https:\/\/www.facebook.com\/La-Sentinelle-104059864394773"]},{"@type":"Person","@id":"https:\/\/lasentinelle.dz\/#\/schema\/person\/d865044e22e70a75174ce8bcad3acfb3","name":"La Sentinelle","image":{"@type":"ImageObject","inLanguage":"fr-FR","@id":"https:\/\/secure.gravatar.com\/avatar\/57de8e5d4b15d43fb361a71fbb36338450fe67865b528a43dd10ef7c51a20392?s=96&d=mm&r=g","url":"https:\/\/secure.gravatar.com\/avatar\/57de8e5d4b15d43fb361a71fbb36338450fe67865b528a43dd10ef7c51a20392?s=96&d=mm&r=g","contentUrl":"https:\/\/secure.gravatar.com\/avatar\/57de8e5d4b15d43fb361a71fbb36338450fe67865b528a43dd10ef7c51a20392?s=96&d=mm&r=g","caption":"La Sentinelle"},"sameAs":["http:\/\/www.lasentinelle.dz"],"url":"https:\/\/lasentinelle.dz\/author\/redaction\/"}]}},"_links":{"self":[{"href":"https:\/\/lasentinelle.dz\/index.php\/wp-json\/wp\/v2\/posts\/20700","targetHints":{"allow":["GET"]}}],"collection":[{"href":"https:\/\/lasentinelle.dz\/index.php\/wp-json\/wp\/v2\/posts"}],"about":[{"href":"https:\/\/lasentinelle.dz\/index.php\/wp-json\/wp\/v2\/types\/post"}],"author":[{"embeddable":true,"href":"https:\/\/lasentinelle.dz\/index.php\/wp-json\/wp\/v2\/users\/3"}],"replies":[{"embeddable":true,"href":"https:\/\/lasentinelle.dz\/index.php\/wp-json\/wp\/v2\/comments?post=20700"}],"version-history":[{"count":1,"href":"https:\/\/lasentinelle.dz\/index.php\/wp-json\/wp\/v2\/posts\/20700\/revisions"}],"predecessor-version":[{"id":20727,"href":"https:\/\/lasentinelle.dz\/index.php\/wp-json\/wp\/v2\/posts\/20700\/revisions\/20727"}],"wp:featuredmedia":[{"embeddable":true,"href":"https:\/\/lasentinelle.dz\/index.php\/wp-json\/wp\/v2\/media\/20723"}],"wp:attachment":[{"href":"https:\/\/lasentinelle.dz\/index.php\/wp-json\/wp\/v2\/media?parent=20700"}],"wp:term":[{"taxonomy":"category","embeddable":true,"href":"https:\/\/lasentinelle.dz\/index.php\/wp-json\/wp\/v2\/categories?post=20700"},{"taxonomy":"post_tag","embeddable":true,"href":"https:\/\/lasentinelle.dz\/index.php\/wp-json\/wp\/v2\/tags?post=20700"}],"curies":[{"name":"wp","href":"https:\/\/api.w.org\/{rel}","templated":true}]}}