{"id":20721,"date":"2022-05-09T00:01:00","date_gmt":"2022-05-08T23:01:00","guid":{"rendered":"https:\/\/lasentinelle.dz\/?p=20721"},"modified":"2022-05-08T18:30:20","modified_gmt":"2022-05-08T17:30:20","slug":"55-000-minutes-de-temoignages-remises-au-ministere-des-moudjahidine-preserver-la-memoire-nationale","status":"publish","type":"post","link":"https:\/\/lasentinelle.dz\/index.php\/2022\/05\/09\/55-000-minutes-de-temoignages-remises-au-ministere-des-moudjahidine-preserver-la-memoire-nationale\/","title":{"rendered":"55.000 minutes de t\u00e9moignages remises au minist\u00e8re des Moudjahidine\u00a0: Pr\u00e9server la m\u00e9moire nationale"},"content":{"rendered":"\n<p>La Radio alg\u00e9rienne a remis, hier, un \u00ab\u00a0don symbolique\u00a0\u00bb sous forme d&rsquo;enregistrements \u00ab\u00a0originaux, rares et de valeur historique\u00a0\u00bb sur la Guerre de lib\u00e9ration nationale au minist\u00e8re des Moudjahidine et des Ayants-droits, \u00e0 l&rsquo;occasion de la Journ\u00e9e nationale de la M\u00e9moire, en comm\u00e9moration des massacres du 8 mai 1945.<\/p>\n\n\n\n<p>S\u2019exprimant en marge de la c\u00e9r\u00e9monie, le ministre de la Communication, Mohamed Bouslimani, a d\u00e9clar\u00e9 que \u00abla radio nationale a fait don au minist\u00e8re des moudjahidines de plus de 55 000 minutes de t\u00e9moignages en direct de moudjahidines alg\u00e9riens, de veuves de martyrs et m\u00eame d&rsquo;amis de la r\u00e9volution alg\u00e9rienne. \u00abL&rsquo;histoire t\u00e9moigne que ce qui s&rsquo;est pass\u00e9 en Alg\u00e9rie ne s&rsquo;est produit dans aucun autre pays, indiquant que le peuple alg\u00e9rien a le droit d&rsquo;\u00eatre fier de sa glorieuse histoire \u00bb, a-t-il soulign\u00e9. Lors de la signature de l&rsquo;accord entre le minist\u00e8re des Moudjahidines et la Radio nationale, Bouslimani a indiqu\u00e9 que \u00ables martyrs ont men\u00e9 hier une bataille pour restaurer la souverainet\u00e9 et l&rsquo;ind\u00e9pendance nationales, en disant que \u00ables Alg\u00e9riens ont \u00e9t\u00e9 martyris\u00e9s en peu de temps, seulement un million et demi de martyrs, gr\u00e2ce \u00e0 qui nous parlons aujourd&rsquo;hui librement\u00bb. Il a ajout\u00e9&nbsp;&nbsp;que \u00ables martyrs ont men\u00e9 une bataille pour restaurer la souverainet\u00e9 nationale, et aujourd&rsquo;hui nous devons mener la bataille de la construction et de l&rsquo;\u00e9dification de la nouvelle Alg\u00e9rie, et nous avons la plus grande richesse, qui est la richesse de la jeunesse, et gr\u00e2ce \u00e0 elle, la construction de l&rsquo;Alg\u00e9rie sera lanc\u00e9e\u00bb. Pour sa part, le ministre des&nbsp;Moudjahidines&nbsp;et des Ayants-droits, La\u00efd Rebigua, a indiqu\u00e9 que \u00able minist\u00e8re \u0153uvre \u00e0 transf\u00e9rer le dossier de la m\u00e9moire du peuple alg\u00e9rien de ceux l\u2019ayant cr\u00e9\u00e9 \u00e0 la jeunesse, et ce \u00e0 travers divers moyens technologiques de pointe\u00bb. Rebigua a affirm\u00e9 que \u00able minist\u00e8re avait mis en place un programme sp\u00e9cial pour c\u00e9l\u00e9brer les soixante ann\u00e9es de l&rsquo;ind\u00e9pendance pendant une ann\u00e9e compl\u00e8te, \u00e0 partir de la date de 05 juillet 2022\u00bb. Il a ajout\u00e9 que \u00able programme trac\u00e9 relevait des directives du pr\u00e9sident de la R\u00e9publique, Abdelmadjid Tebboune\u00bb, pr\u00e9cisant que \u00able&nbsp;Pr\u00e9sident&nbsp;Tebboune&nbsp;a donn\u00e9 des directives \u00e0 toutes les institutions nationales actives dans le domaine historique afin de diversifier les canaux de conservation des ouvrages historiques, y compris des enregistrements radiophoniques\u00bb. Il estime qu&rsquo;\u00abun travail doit \u00eatre fait pour exploiter les mat\u00e9riaux et les enregistrements audio des t\u00e9moignages en direct\u00bb, soulignant que \u00able minist\u00e8re poss\u00e8de plus de 29 000 heures d&rsquo;enregistrements, soit l&rsquo;\u00e9quivalent de 36 000 t\u00e9moignages en direct des moudjahidines et des veuves des martyrs\u00bb. \u00abNous organiserons deux journ\u00e9es d&rsquo;\u00e9tude pour les sp\u00e9cialistes de l&rsquo;enregistrement des t\u00e9moignages en direct afin d&rsquo;\u00e9tudier comment utiliser les t\u00e9moignages en direct pour permettre aux \u00e9tudiants et aux chercheurs d&rsquo;\u00eatre fid\u00e8les aux moudjahidines qui ont fait l&rsquo;\u00e9v\u00e9nement \u00bb, a-t-il fait savoir. M. Rebigua invite, par la m\u00eame occasion, \u00e0 la collecte des t\u00e9moignages de moudjahidine qui sont encore vivants, vu leur \u00e2ge et leur \u00e9tat de sant\u00e9.&nbsp;Autre recommandation du ministre des Moudjahidine, \u00ab la bonne exploitation de ces enregistrements de t\u00e9moignages. \u00bb Pour ce faire, poursuit-il, \u00ab nous organisons le 21 et 22 juin prochains deux journ\u00e9es d\u2019\u00e9tude qui seront consacr\u00e9es aux travaux de sp\u00e9cialistes sur ces enregistrements. \u00bbIl a poursuivi en affirmant que \u00abnous nous effor\u00e7ons, selon les instructions du&nbsp;Pr\u00e9sident Tebboune, d&rsquo;en donner toutes les raisons et nos programmes fix\u00e9s pour le soixanti\u00e8me anniversaire reposent sur une strat\u00e9gie. Il n&rsquo;est pas facile d&rsquo;aborder notre histoire nationale avec une vision qui ne soit pas \u00e0 la hauteur\u00bb, a-t-il pr\u00e9cis\u00e9, soulignant que \u00ables aspirations de l&rsquo;\u00c9tat \u00e0 faire avancer la question de la m\u00e9moire\u00bb. Rebigua a appel\u00e9 l\u2019ensemble des acteurs du domaine historique et de la soci\u00e9t\u00e9 civile \u00e0 participer activement \u00e0 la c\u00e9l\u00e9bration du 60eanniversaire du recouvrement de la souverainet\u00e9 nationale et \u00e0 la concr\u00e9tisation des programmes cibl\u00e9s et de fid\u00e9lit\u00e9 \u00e0 la m\u00e9moire des martyrs dans la fabrication d&rsquo;une v\u00e9ritable \u00e9cole historique.<\/p>\n\n\n\n<p><strong>Amar Malki<\/strong><\/p>\n","protected":false},"excerpt":{"rendered":"<p>La Radio alg\u00e9rienne a remis, hier, un \u00ab\u00a0don symbolique\u00a0\u00bb sous forme d&rsquo;enregistrements \u00ab\u00a0originaux, rares et de valeur historique\u00a0\u00bb sur la<\/p>\n","protected":false},"author":3,"featured_media":20724,"comment_status":"open","ping_status":"closed","sticky":false,"template":"","format":"standard","meta":{"colormag_page_container_layout":"default_layout","colormag_page_sidebar_layout":"default_layout","om_disable_all_campaigns":false,"_monsterinsights_skip_tracking":false,"_monsterinsights_sitenote_active":false,"_monsterinsights_sitenote_note":"","_monsterinsights_sitenote_category":0,"footnotes":"","_wpscppro_dont_share_socialmedia":false,"_wpscppro_custom_social_share_image":0,"_facebook_share_type":"","_twitter_share_type":"","_linkedin_share_type":"","_pinterest_share_type":"","_linkedin_share_type_page":"","_instagram_share_type":"","_medium_share_type":"","_threads_share_type":"","_google_business_share_type":"","_selected_social_profile":[],"_wpsp_enable_custom_social_template":false,"_wpsp_social_scheduling":{"enabled":false,"datetime":null,"platforms":[],"status":"template_only","dateOption":"today","timeOption":"now","customDays":"","customHours":"","customDate":"","customTime":"","schedulingType":"absolute"},"_wpsp_active_default_template":true},"categories":[27],"tags":[],"class_list":["post-20721","post","type-post","status-publish","format-standard","has-post-thumbnail","hentry","category-actualite"],"aioseo_notices":[],"yoast_head":"<!-- This site is optimized with the Yoast SEO plugin v27.5 - https:\/\/yoast.com\/product\/yoast-seo-wordpress\/ -->\n<title>55.000 minutes de t\u00e9moignages remises au minist\u00e8re des Moudjahidine\u00a0: Pr\u00e9server la m\u00e9moire nationale - La Sentinelle<\/title>\n<meta name=\"robots\" content=\"index, follow, max-snippet:-1, max-image-preview:large, max-video-preview:-1\" \/>\n<link rel=\"canonical\" href=\"https:\/\/lasentinelle.dz\/index.php\/2022\/05\/09\/55-000-minutes-de-temoignages-remises-au-ministere-des-moudjahidine-preserver-la-memoire-nationale\/\" \/>\n<meta property=\"og:locale\" content=\"fr_FR\" \/>\n<meta property=\"og:type\" content=\"article\" \/>\n<meta property=\"og:title\" content=\"55.000 minutes de t\u00e9moignages remises au minist\u00e8re des Moudjahidine\u00a0: Pr\u00e9server la m\u00e9moire nationale - La Sentinelle\" \/>\n<meta property=\"og:description\" content=\"La Radio alg\u00e9rienne a remis, hier, un \u00ab\u00a0don symbolique\u00a0\u00bb sous forme d&rsquo;enregistrements \u00ab\u00a0originaux, rares et de valeur historique\u00a0\u00bb sur la\" \/>\n<meta property=\"og:url\" content=\"https:\/\/lasentinelle.dz\/index.php\/2022\/05\/09\/55-000-minutes-de-temoignages-remises-au-ministere-des-moudjahidine-preserver-la-memoire-nationale\/\" \/>\n<meta property=\"og:site_name\" content=\"La Sentinelle\" \/>\n<meta property=\"article:publisher\" content=\"https:\/\/www.facebook.com\/La-Sentinelle-104059864394773\" \/>\n<meta property=\"article:published_time\" content=\"2022-05-08T23:01:00+00:00\" \/>\n<meta property=\"og:image\" content=\"https:\/\/lasentinelle.dz\/wp-content\/uploads\/2022\/05\/radio.png\" \/>\n\t<meta property=\"og:image:width\" content=\"1200\" \/>\n\t<meta property=\"og:image:height\" content=\"900\" \/>\n\t<meta property=\"og:image:type\" content=\"image\/png\" \/>\n<meta name=\"author\" content=\"La Sentinelle\" \/>\n<meta name=\"twitter:card\" content=\"summary_large_image\" \/>\n<meta name=\"twitter:label1\" content=\"\u00c9crit par\" \/>\n\t<meta name=\"twitter:data1\" content=\"La Sentinelle\" \/>\n\t<meta name=\"twitter:label2\" content=\"Dur\u00e9e de lecture estim\u00e9e\" \/>\n\t<meta name=\"twitter:data2\" content=\"4 minutes\" \/>\n<script type=\"application\/ld+json\" class=\"yoast-schema-graph\">{\"@context\":\"https:\\\/\\\/schema.org\",\"@graph\":[{\"@type\":\"Article\",\"@id\":\"https:\\\/\\\/lasentinelle.dz\\\/index.php\\\/2022\\\/05\\\/09\\\/55-000-minutes-de-temoignages-remises-au-ministere-des-moudjahidine-preserver-la-memoire-nationale\\\/#article\",\"isPartOf\":{\"@id\":\"https:\\\/\\\/lasentinelle.dz\\\/index.php\\\/2022\\\/05\\\/09\\\/55-000-minutes-de-temoignages-remises-au-ministere-des-moudjahidine-preserver-la-memoire-nationale\\\/\"},\"author\":{\"name\":\"La Sentinelle\",\"@id\":\"https:\\\/\\\/lasentinelle.dz\\\/#\\\/schema\\\/person\\\/d865044e22e70a75174ce8bcad3acfb3\"},\"headline\":\"55.000 minutes de t\u00e9moignages remises au minist\u00e8re des Moudjahidine\u00a0: Pr\u00e9server la m\u00e9moire nationale\",\"datePublished\":\"2022-05-08T23:01:00+00:00\",\"mainEntityOfPage\":{\"@id\":\"https:\\\/\\\/lasentinelle.dz\\\/index.php\\\/2022\\\/05\\\/09\\\/55-000-minutes-de-temoignages-remises-au-ministere-des-moudjahidine-preserver-la-memoire-nationale\\\/\"},\"wordCount\":746,\"commentCount\":0,\"publisher\":{\"@id\":\"https:\\\/\\\/lasentinelle.dz\\\/#organization\"},\"image\":{\"@id\":\"https:\\\/\\\/lasentinelle.dz\\\/index.php\\\/2022\\\/05\\\/09\\\/55-000-minutes-de-temoignages-remises-au-ministere-des-moudjahidine-preserver-la-memoire-nationale\\\/#primaryimage\"},\"thumbnailUrl\":\"https:\\\/\\\/lasentinelle.dz\\\/wp-content\\\/uploads\\\/2022\\\/05\\\/radio.png\",\"articleSection\":[\"Actualit\u00e9\"],\"inLanguage\":\"fr-FR\",\"potentialAction\":[{\"@type\":\"CommentAction\",\"name\":\"Comment\",\"target\":[\"https:\\\/\\\/lasentinelle.dz\\\/index.php\\\/2022\\\/05\\\/09\\\/55-000-minutes-de-temoignages-remises-au-ministere-des-moudjahidine-preserver-la-memoire-nationale\\\/#respond\"]}]},{\"@type\":\"WebPage\",\"@id\":\"https:\\\/\\\/lasentinelle.dz\\\/index.php\\\/2022\\\/05\\\/09\\\/55-000-minutes-de-temoignages-remises-au-ministere-des-moudjahidine-preserver-la-memoire-nationale\\\/\",\"url\":\"https:\\\/\\\/lasentinelle.dz\\\/index.php\\\/2022\\\/05\\\/09\\\/55-000-minutes-de-temoignages-remises-au-ministere-des-moudjahidine-preserver-la-memoire-nationale\\\/\",\"name\":\"55.000 minutes de t\u00e9moignages remises au minist\u00e8re des Moudjahidine\u00a0: Pr\u00e9server la m\u00e9moire nationale - La Sentinelle\",\"isPartOf\":{\"@id\":\"https:\\\/\\\/lasentinelle.dz\\\/#website\"},\"primaryImageOfPage\":{\"@id\":\"https:\\\/\\\/lasentinelle.dz\\\/index.php\\\/2022\\\/05\\\/09\\\/55-000-minutes-de-temoignages-remises-au-ministere-des-moudjahidine-preserver-la-memoire-nationale\\\/#primaryimage\"},\"image\":{\"@id\":\"https:\\\/\\\/lasentinelle.dz\\\/index.php\\\/2022\\\/05\\\/09\\\/55-000-minutes-de-temoignages-remises-au-ministere-des-moudjahidine-preserver-la-memoire-nationale\\\/#primaryimage\"},\"thumbnailUrl\":\"https:\\\/\\\/lasentinelle.dz\\\/wp-content\\\/uploads\\\/2022\\\/05\\\/radio.png\",\"datePublished\":\"2022-05-08T23:01:00+00:00\",\"breadcrumb\":{\"@id\":\"https:\\\/\\\/lasentinelle.dz\\\/index.php\\\/2022\\\/05\\\/09\\\/55-000-minutes-de-temoignages-remises-au-ministere-des-moudjahidine-preserver-la-memoire-nationale\\\/#breadcrumb\"},\"inLanguage\":\"fr-FR\",\"potentialAction\":[{\"@type\":\"ReadAction\",\"target\":[\"https:\\\/\\\/lasentinelle.dz\\\/index.php\\\/2022\\\/05\\\/09\\\/55-000-minutes-de-temoignages-remises-au-ministere-des-moudjahidine-preserver-la-memoire-nationale\\\/\"]}]},{\"@type\":\"ImageObject\",\"inLanguage\":\"fr-FR\",\"@id\":\"https:\\\/\\\/lasentinelle.dz\\\/index.php\\\/2022\\\/05\\\/09\\\/55-000-minutes-de-temoignages-remises-au-ministere-des-moudjahidine-preserver-la-memoire-nationale\\\/#primaryimage\",\"url\":\"https:\\\/\\\/lasentinelle.dz\\\/wp-content\\\/uploads\\\/2022\\\/05\\\/radio.png\",\"contentUrl\":\"https:\\\/\\\/lasentinelle.dz\\\/wp-content\\\/uploads\\\/2022\\\/05\\\/radio.png\",\"width\":1200,\"height\":900},{\"@type\":\"BreadcrumbList\",\"@id\":\"https:\\\/\\\/lasentinelle.dz\\\/index.php\\\/2022\\\/05\\\/09\\\/55-000-minutes-de-temoignages-remises-au-ministere-des-moudjahidine-preserver-la-memoire-nationale\\\/#breadcrumb\",\"itemListElement\":[{\"@type\":\"ListItem\",\"position\":1,\"name\":\"Accueil\",\"item\":\"https:\\\/\\\/lasentinelle.dz\\\/\"},{\"@type\":\"ListItem\",\"position\":2,\"name\":\"55.000 minutes de t\u00e9moignages remises au minist\u00e8re des Moudjahidine\u00a0: Pr\u00e9server la m\u00e9moire nationale\"}]},{\"@type\":\"WebSite\",\"@id\":\"https:\\\/\\\/lasentinelle.dz\\\/#website\",\"url\":\"https:\\\/\\\/lasentinelle.dz\\\/\",\"name\":\"La Sentinelle\",\"description\":\"Quotidien national d&#039;information\",\"publisher\":{\"@id\":\"https:\\\/\\\/lasentinelle.dz\\\/#organization\"},\"potentialAction\":[{\"@type\":\"SearchAction\",\"target\":{\"@type\":\"EntryPoint\",\"urlTemplate\":\"https:\\\/\\\/lasentinelle.dz\\\/?s={search_term_string}\"},\"query-input\":{\"@type\":\"PropertyValueSpecification\",\"valueRequired\":true,\"valueName\":\"search_term_string\"}}],\"inLanguage\":\"fr-FR\"},{\"@type\":\"Organization\",\"@id\":\"https:\\\/\\\/lasentinelle.dz\\\/#organization\",\"name\":\"Quotidien La Sentinelle\",\"url\":\"https:\\\/\\\/lasentinelle.dz\\\/\",\"logo\":{\"@type\":\"ImageObject\",\"inLanguage\":\"fr-FR\",\"@id\":\"https:\\\/\\\/lasentinelle.dz\\\/#\\\/schema\\\/logo\\\/image\\\/\",\"url\":\"https:\\\/\\\/lasentinelle.dz\\\/wp-content\\\/uploads\\\/2021\\\/09\\\/logo-sentinelleSLOGAN-1.png\",\"contentUrl\":\"https:\\\/\\\/lasentinelle.dz\\\/wp-content\\\/uploads\\\/2021\\\/09\\\/logo-sentinelleSLOGAN-1.png\",\"width\":615,\"height\":142,\"caption\":\"Quotidien La Sentinelle\"},\"image\":{\"@id\":\"https:\\\/\\\/lasentinelle.dz\\\/#\\\/schema\\\/logo\\\/image\\\/\"},\"sameAs\":[\"https:\\\/\\\/www.facebook.com\\\/La-Sentinelle-104059864394773\"]},{\"@type\":\"Person\",\"@id\":\"https:\\\/\\\/lasentinelle.dz\\\/#\\\/schema\\\/person\\\/d865044e22e70a75174ce8bcad3acfb3\",\"name\":\"La Sentinelle\",\"image\":{\"@type\":\"ImageObject\",\"inLanguage\":\"fr-FR\",\"@id\":\"https:\\\/\\\/secure.gravatar.com\\\/avatar\\\/57de8e5d4b15d43fb361a71fbb36338450fe67865b528a43dd10ef7c51a20392?s=96&d=mm&r=g\",\"url\":\"https:\\\/\\\/secure.gravatar.com\\\/avatar\\\/57de8e5d4b15d43fb361a71fbb36338450fe67865b528a43dd10ef7c51a20392?s=96&d=mm&r=g\",\"contentUrl\":\"https:\\\/\\\/secure.gravatar.com\\\/avatar\\\/57de8e5d4b15d43fb361a71fbb36338450fe67865b528a43dd10ef7c51a20392?s=96&d=mm&r=g\",\"caption\":\"La Sentinelle\"},\"sameAs\":[\"http:\\\/\\\/www.lasentinelle.dz\"],\"url\":\"https:\\\/\\\/lasentinelle.dz\\\/author\\\/redaction\\\/\"}]}<\/script>\n<!-- \/ Yoast SEO plugin. -->","yoast_head_json":{"title":"55.000 minutes de t\u00e9moignages remises au minist\u00e8re des Moudjahidine\u00a0: Pr\u00e9server la m\u00e9moire nationale - La Sentinelle","robots":{"index":"index","follow":"follow","max-snippet":"max-snippet:-1","max-image-preview":"max-image-preview:large","max-video-preview":"max-video-preview:-1"},"canonical":"https:\/\/lasentinelle.dz\/index.php\/2022\/05\/09\/55-000-minutes-de-temoignages-remises-au-ministere-des-moudjahidine-preserver-la-memoire-nationale\/","og_locale":"fr_FR","og_type":"article","og_title":"55.000 minutes de t\u00e9moignages remises au minist\u00e8re des Moudjahidine\u00a0: Pr\u00e9server la m\u00e9moire nationale - La Sentinelle","og_description":"La Radio alg\u00e9rienne a remis, hier, un \u00ab\u00a0don symbolique\u00a0\u00bb sous forme d&rsquo;enregistrements \u00ab\u00a0originaux, rares et de valeur historique\u00a0\u00bb sur la","og_url":"https:\/\/lasentinelle.dz\/index.php\/2022\/05\/09\/55-000-minutes-de-temoignages-remises-au-ministere-des-moudjahidine-preserver-la-memoire-nationale\/","og_site_name":"La Sentinelle","article_publisher":"https:\/\/www.facebook.com\/La-Sentinelle-104059864394773","article_published_time":"2022-05-08T23:01:00+00:00","og_image":[{"width":1200,"height":900,"url":"https:\/\/lasentinelle.dz\/wp-content\/uploads\/2022\/05\/radio.png","type":"image\/png"}],"author":"La Sentinelle","twitter_card":"summary_large_image","twitter_misc":{"\u00c9crit par":"La Sentinelle","Dur\u00e9e de lecture estim\u00e9e":"4 minutes"},"schema":{"@context":"https:\/\/schema.org","@graph":[{"@type":"Article","@id":"https:\/\/lasentinelle.dz\/index.php\/2022\/05\/09\/55-000-minutes-de-temoignages-remises-au-ministere-des-moudjahidine-preserver-la-memoire-nationale\/#article","isPartOf":{"@id":"https:\/\/lasentinelle.dz\/index.php\/2022\/05\/09\/55-000-minutes-de-temoignages-remises-au-ministere-des-moudjahidine-preserver-la-memoire-nationale\/"},"author":{"name":"La Sentinelle","@id":"https:\/\/lasentinelle.dz\/#\/schema\/person\/d865044e22e70a75174ce8bcad3acfb3"},"headline":"55.000 minutes de t\u00e9moignages remises au minist\u00e8re des Moudjahidine\u00a0: Pr\u00e9server la m\u00e9moire nationale","datePublished":"2022-05-08T23:01:00+00:00","mainEntityOfPage":{"@id":"https:\/\/lasentinelle.dz\/index.php\/2022\/05\/09\/55-000-minutes-de-temoignages-remises-au-ministere-des-moudjahidine-preserver-la-memoire-nationale\/"},"wordCount":746,"commentCount":0,"publisher":{"@id":"https:\/\/lasentinelle.dz\/#organization"},"image":{"@id":"https:\/\/lasentinelle.dz\/index.php\/2022\/05\/09\/55-000-minutes-de-temoignages-remises-au-ministere-des-moudjahidine-preserver-la-memoire-nationale\/#primaryimage"},"thumbnailUrl":"https:\/\/lasentinelle.dz\/wp-content\/uploads\/2022\/05\/radio.png","articleSection":["Actualit\u00e9"],"inLanguage":"fr-FR","potentialAction":[{"@type":"CommentAction","name":"Comment","target":["https:\/\/lasentinelle.dz\/index.php\/2022\/05\/09\/55-000-minutes-de-temoignages-remises-au-ministere-des-moudjahidine-preserver-la-memoire-nationale\/#respond"]}]},{"@type":"WebPage","@id":"https:\/\/lasentinelle.dz\/index.php\/2022\/05\/09\/55-000-minutes-de-temoignages-remises-au-ministere-des-moudjahidine-preserver-la-memoire-nationale\/","url":"https:\/\/lasentinelle.dz\/index.php\/2022\/05\/09\/55-000-minutes-de-temoignages-remises-au-ministere-des-moudjahidine-preserver-la-memoire-nationale\/","name":"55.000 minutes de t\u00e9moignages remises au minist\u00e8re des Moudjahidine\u00a0: Pr\u00e9server la m\u00e9moire nationale - La Sentinelle","isPartOf":{"@id":"https:\/\/lasentinelle.dz\/#website"},"primaryImageOfPage":{"@id":"https:\/\/lasentinelle.dz\/index.php\/2022\/05\/09\/55-000-minutes-de-temoignages-remises-au-ministere-des-moudjahidine-preserver-la-memoire-nationale\/#primaryimage"},"image":{"@id":"https:\/\/lasentinelle.dz\/index.php\/2022\/05\/09\/55-000-minutes-de-temoignages-remises-au-ministere-des-moudjahidine-preserver-la-memoire-nationale\/#primaryimage"},"thumbnailUrl":"https:\/\/lasentinelle.dz\/wp-content\/uploads\/2022\/05\/radio.png","datePublished":"2022-05-08T23:01:00+00:00","breadcrumb":{"@id":"https:\/\/lasentinelle.dz\/index.php\/2022\/05\/09\/55-000-minutes-de-temoignages-remises-au-ministere-des-moudjahidine-preserver-la-memoire-nationale\/#breadcrumb"},"inLanguage":"fr-FR","potentialAction":[{"@type":"ReadAction","target":["https:\/\/lasentinelle.dz\/index.php\/2022\/05\/09\/55-000-minutes-de-temoignages-remises-au-ministere-des-moudjahidine-preserver-la-memoire-nationale\/"]}]},{"@type":"ImageObject","inLanguage":"fr-FR","@id":"https:\/\/lasentinelle.dz\/index.php\/2022\/05\/09\/55-000-minutes-de-temoignages-remises-au-ministere-des-moudjahidine-preserver-la-memoire-nationale\/#primaryimage","url":"https:\/\/lasentinelle.dz\/wp-content\/uploads\/2022\/05\/radio.png","contentUrl":"https:\/\/lasentinelle.dz\/wp-content\/uploads\/2022\/05\/radio.png","width":1200,"height":900},{"@type":"BreadcrumbList","@id":"https:\/\/lasentinelle.dz\/index.php\/2022\/05\/09\/55-000-minutes-de-temoignages-remises-au-ministere-des-moudjahidine-preserver-la-memoire-nationale\/#breadcrumb","itemListElement":[{"@type":"ListItem","position":1,"name":"Accueil","item":"https:\/\/lasentinelle.dz\/"},{"@type":"ListItem","position":2,"name":"55.000 minutes de t\u00e9moignages remises au minist\u00e8re des Moudjahidine\u00a0: Pr\u00e9server la m\u00e9moire nationale"}]},{"@type":"WebSite","@id":"https:\/\/lasentinelle.dz\/#website","url":"https:\/\/lasentinelle.dz\/","name":"La Sentinelle","description":"Quotidien national d&#039;information","publisher":{"@id":"https:\/\/lasentinelle.dz\/#organization"},"potentialAction":[{"@type":"SearchAction","target":{"@type":"EntryPoint","urlTemplate":"https:\/\/lasentinelle.dz\/?s={search_term_string}"},"query-input":{"@type":"PropertyValueSpecification","valueRequired":true,"valueName":"search_term_string"}}],"inLanguage":"fr-FR"},{"@type":"Organization","@id":"https:\/\/lasentinelle.dz\/#organization","name":"Quotidien La Sentinelle","url":"https:\/\/lasentinelle.dz\/","logo":{"@type":"ImageObject","inLanguage":"fr-FR","@id":"https:\/\/lasentinelle.dz\/#\/schema\/logo\/image\/","url":"https:\/\/lasentinelle.dz\/wp-content\/uploads\/2021\/09\/logo-sentinelleSLOGAN-1.png","contentUrl":"https:\/\/lasentinelle.dz\/wp-content\/uploads\/2021\/09\/logo-sentinelleSLOGAN-1.png","width":615,"height":142,"caption":"Quotidien La Sentinelle"},"image":{"@id":"https:\/\/lasentinelle.dz\/#\/schema\/logo\/image\/"},"sameAs":["https:\/\/www.facebook.com\/La-Sentinelle-104059864394773"]},{"@type":"Person","@id":"https:\/\/lasentinelle.dz\/#\/schema\/person\/d865044e22e70a75174ce8bcad3acfb3","name":"La Sentinelle","image":{"@type":"ImageObject","inLanguage":"fr-FR","@id":"https:\/\/secure.gravatar.com\/avatar\/57de8e5d4b15d43fb361a71fbb36338450fe67865b528a43dd10ef7c51a20392?s=96&d=mm&r=g","url":"https:\/\/secure.gravatar.com\/avatar\/57de8e5d4b15d43fb361a71fbb36338450fe67865b528a43dd10ef7c51a20392?s=96&d=mm&r=g","contentUrl":"https:\/\/secure.gravatar.com\/avatar\/57de8e5d4b15d43fb361a71fbb36338450fe67865b528a43dd10ef7c51a20392?s=96&d=mm&r=g","caption":"La Sentinelle"},"sameAs":["http:\/\/www.lasentinelle.dz"],"url":"https:\/\/lasentinelle.dz\/author\/redaction\/"}]}},"_links":{"self":[{"href":"https:\/\/lasentinelle.dz\/index.php\/wp-json\/wp\/v2\/posts\/20721","targetHints":{"allow":["GET"]}}],"collection":[{"href":"https:\/\/lasentinelle.dz\/index.php\/wp-json\/wp\/v2\/posts"}],"about":[{"href":"https:\/\/lasentinelle.dz\/index.php\/wp-json\/wp\/v2\/types\/post"}],"author":[{"embeddable":true,"href":"https:\/\/lasentinelle.dz\/index.php\/wp-json\/wp\/v2\/users\/3"}],"replies":[{"embeddable":true,"href":"https:\/\/lasentinelle.dz\/index.php\/wp-json\/wp\/v2\/comments?post=20721"}],"version-history":[{"count":1,"href":"https:\/\/lasentinelle.dz\/index.php\/wp-json\/wp\/v2\/posts\/20721\/revisions"}],"predecessor-version":[{"id":20726,"href":"https:\/\/lasentinelle.dz\/index.php\/wp-json\/wp\/v2\/posts\/20721\/revisions\/20726"}],"wp:featuredmedia":[{"embeddable":true,"href":"https:\/\/lasentinelle.dz\/index.php\/wp-json\/wp\/v2\/media\/20724"}],"wp:attachment":[{"href":"https:\/\/lasentinelle.dz\/index.php\/wp-json\/wp\/v2\/media?parent=20721"}],"wp:term":[{"taxonomy":"category","embeddable":true,"href":"https:\/\/lasentinelle.dz\/index.php\/wp-json\/wp\/v2\/categories?post=20721"},{"taxonomy":"post_tag","embeddable":true,"href":"https:\/\/lasentinelle.dz\/index.php\/wp-json\/wp\/v2\/tags?post=20721"}],"curies":[{"name":"wp","href":"https:\/\/api.w.org\/{rel}","templated":true}]}}