{"id":20747,"date":"2022-05-09T00:05:00","date_gmt":"2022-05-08T23:05:00","guid":{"rendered":"https:\/\/lasentinelle.dz\/?p=20747"},"modified":"2022-05-08T20:55:18","modified_gmt":"2022-05-08T19:55:18","slug":"le-conseil-des-ministres-donne-son-accord-pour-le-lancement-de-la-premiere-phase-ghar-ddjebilet-cest-parti","status":"publish","type":"post","link":"https:\/\/lasentinelle.dz\/index.php\/2022\/05\/09\/le-conseil-des-ministres-donne-son-accord-pour-le-lancement-de-la-premiere-phase-ghar-ddjebilet-cest-parti\/","title":{"rendered":"Le Conseil des ministres donne son accord pour le lancement de la premi\u00e8re phase\u00a0\/\u00a0Ghar Ddjebilet : C\u2019est parti !"},"content":{"rendered":"\n<p>Le Conseil des ministres a donn\u00e9, hier, son aval pour le lancement de la premi\u00e8re phase du projet d\u2019exploitation des mines de fer de Ghar Djebilet.&nbsp;<\/p>\n\n\n\n<p>La mise en \u0153uvre du plan de d\u00e9veloppement des grands gisements miniers s\u2019acc\u00e9l\u00e8re. En quelques semaines, plusieurs projets sont entr\u00e9s dans la phase de concr\u00e9tisation effective. Ainsi, apr\u00e8s la signature du pacte d\u2019actionnaires pour le projet industriel int\u00e9gr\u00e9 d\u2019exploitation des mines de phosphate \u00e0 l\u2019Est du pays, la relance du projet d\u2019exploitation des mines de zinc et de cuivre d\u2019Oued Amizour apr\u00e8s la reprise de la majorit\u00e9 des actions par l\u2019Alg\u00e9rie, c\u2019est le tour du projet d\u2019exploitation de mines de fer de Ghar Djebilet.&nbsp;<\/p>\n\n\n\n<p>Au cours de sa r\u00e9union p\u00e9riodique, le Conseil des ministres a donn\u00e9 hier&nbsp;&nbsp;son aval pour le lancement de la premi\u00e8re phase du projet, \u00ab compte tenu de son importante source de revenus pour le pays, ainsi que de son importance vitale pour acc\u00e9l\u00e9rer le rythme du d\u00e9veloppement local et national \u00bb, pr\u00e9cise un communiqu\u00e9 des services de la pr\u00e9sidence de la R\u00e9publique. Au cours de cette r\u00e9union, le pr\u00e9sident de la R\u00e9publique, Abdelmadjid Tebboune, a insist\u00e9 sur la n\u00e9cessit\u00e9 de mettre en \u0153uvre \u00ab ce projet strat\u00e9gique dans le cadre d\u2019une approche int\u00e9gr\u00e9e, de mani\u00e8re int\u00e9grative, avec les diff\u00e9rents projets industriels et infrastructures associ\u00e9es, dans le cadre d&rsquo;un calendrier pr\u00e9cis \u00bb, pr\u00e9cise-t-on de m\u00eame source. Il a \u00e9galement soulign\u00e9 l&rsquo;importance strat\u00e9gique du projet en termes d&rsquo;op\u00e9rations de production et d&rsquo;exportation, et r\u00e9duire la d\u00e9pendance \u00e0 l&rsquo;importation de mati\u00e8res premi\u00e8res.<\/p>\n\n\n\n<p>Il s\u2019agit \u00e9galement de la mise \u00e0 niveau du r\u00e9seau de transport, notamment les routes, ainsi que le lancement d&rsquo;une ligne ferroviaire reliant les wilayas de Tindouf et B\u00e9char.<\/p>\n\n\n\n<p>Notons que le projet doit \u00eatre d\u00e9velopp\u00e9 dans le cadre d\u2019une joint-venture alg\u00e9ro-chinoise avec le consortium chinois qui regroupe trois grandes soci\u00e9t\u00e9s chinoises (CWE, MCC et Heyday Solar). Cofinanc\u00e9 par l\u2019Alg\u00e9rie et la Chine, ce projet doit \u00eatre concr\u00e9tis\u00e9 en trois \u00e9tapes, la premi\u00e8re qui s\u2019\u00e9tend jusqu\u2019en 2024 pr\u00e9voit la r\u00e9alisation de l\u2019unit\u00e9 pilote. La deuxi\u00e8me phase (2024-2027) sera d\u00e9di\u00e9e \u00e0 la production de 2 \u00e0 4 millions de tonnes de produits marchands, tandis que la troisi\u00e8me phase (2027-2035 \u00e0 2040) verra la production de 40 \u00e0 50 millions de tonnes, dont 30 millions de tonnes de produits marchands. Trois sites miniers sont concern\u00e9s par les phases d\u2019exploitation de ce gisement, dont les ressources sont estim\u00e9es \u00e0 plus de trois milliards de tonnes, localis\u00e9s \u00e0 Ghar Djebilet Ouest, Centre et Est, en plus du gisement de fer de Mechri Abdelaziz, situ\u00e9 \u00e0 200 km \u00e0 l\u2019Est de Ghar Djebilet.<\/p>\n\n\n\n<p>Dans le cadre de ce projet minier, il est pr\u00e9vu \u00e0 l\u2019horizon 2029-2030 la r\u00e9alisation de nombreuses installations et infrastructures de production sid\u00e9rurgique, installations de stockage du minerai provenant des sites d\u2019exploitation de Ghar-Djebilet dans le but de son acheminement vers le nord du pays (Bethioua, wilaya d\u2019Oran), par camion \u00e9lectrique et par train sp\u00e9cial, sachant qu\u2019il est pr\u00e9vu la r\u00e9alisation de 1.700 km de voies ferr\u00e9es reliant Bechar \u00e0 Tindouf et Ghar Djebilet. Outre ces infrastructures mini\u00e8res, il est aussi retenu au registre du m\u00eame projet, qui donnera lieu dans sa phase de concr\u00e9tisation, la cr\u00e9ation de 3.000 \u00e0 5.000 emplois, la r\u00e9alisation de grandes op\u00e9rations d\u2019amen\u00e9es d\u2019eau \u00e0 travers un projet de transfert hydrique.<\/p>\n\n\n\n<p><strong>Air Alg\u00e9rie : Un programme estival officialis\u00e9 par d\u00e9cret<\/strong><\/p>\n\n\n\n<p>Le Conseil des ministres s\u2019est \u00e9galement pench\u00e9 sur le programme estival des vols de la compagnie nationale Air Alg\u00e9rie. Un programme qui doit acter le retour \u00e0 la normale pr\u00e9pand\u00e9mique et qui verra le nombre de vol se multiplier afin de r\u00e9pondre aux besoins en transport de la communaut\u00e9 nationale \u00e9tablie \u00e0 l\u2019\u00e9tranger. Ainsi, le nouveau programme de vols d&rsquo;Air Alg\u00e9rie a \u00e9t\u00e9 approuv\u00e9 hier par le Conseil des ministres. Un programme qui sera officialis\u00e9 par la publication d\u2019un d\u00e9cret ex\u00e9cutif.&nbsp;&nbsp;Une mesure qui permettra, sans doute d\u2019\u00e9viter les couacs qu\u2019on a connus par le pass\u00e9, et qui ont d\u2019ailleurs co\u00fbt\u00e9 son si\u00e8ge \u00e0 l\u2019ex-ministre des Transports Aissa Bekkai. Il est utile de rappeler dans ce contexte que le pr\u00e9sident de la R\u00e9publique a instruit, il y a quelques jours, le ministre des Transports de prendre des mesures pour r\u00e9duire les prix des billets pour les vols d\u2019Air Alg\u00e9rie et les dessertes d\u2019Alg\u00e9rie Ferries en direction des membres de notre diaspora. Sur un autre registre, le Conseil des ministres a autoris\u00e9 la compagnie a\u00e9rienne nationale \u00e0 acqu\u00e9rir 15 avions pour ouvrir de nouvelles dessertes, notamment vers les pays africains et asiatiques. Il en est de m\u00eame pour le transport maritime pour lequel autorisation a \u00e9t\u00e9 donn\u00e9e pour l\u2019acquisition de navires pour le transport de passagers, de marchandises et de c\u00e9r\u00e9ales.<\/p>\n\n\n\n<p>Chokri Hafed<\/p>\n","protected":false},"excerpt":{"rendered":"<p>Le Conseil des ministres a donn\u00e9, hier, son aval pour le lancement de la premi\u00e8re phase du projet d\u2019exploitation des<\/p>\n","protected":false},"author":3,"featured_media":20756,"comment_status":"open","ping_status":"closed","sticky":false,"template":"","format":"standard","meta":{"colormag_page_container_layout":"default_layout","colormag_page_sidebar_layout":"default_layout","om_disable_all_campaigns":false,"_monsterinsights_skip_tracking":false,"_monsterinsights_sitenote_active":false,"_monsterinsights_sitenote_note":"","_monsterinsights_sitenote_category":0,"footnotes":"","_wpscppro_dont_share_socialmedia":false,"_wpscppro_custom_social_share_image":0,"_facebook_share_type":"","_twitter_share_type":"","_linkedin_share_type":"","_pinterest_share_type":"","_linkedin_share_type_page":"","_instagram_share_type":"","_medium_share_type":"","_threads_share_type":"","_google_business_share_type":"","_selected_social_profile":[],"_wpsp_enable_custom_social_template":false,"_wpsp_social_scheduling":{"enabled":false,"datetime":null,"platforms":[],"status":"template_only","dateOption":"today","timeOption":"now","customDays":"","customHours":"","customDate":"","customTime":"","schedulingType":"absolute"},"_wpsp_active_default_template":true},"categories":[52,27],"tags":[],"class_list":["post-20747","post","type-post","status-publish","format-standard","has-post-thumbnail","hentry","category-a-la-une","category-actualite"],"aioseo_notices":[],"yoast_head":"<!-- This site is optimized with the Yoast SEO plugin v27.5 - https:\/\/yoast.com\/product\/yoast-seo-wordpress\/ -->\n<title>Le Conseil des ministres donne son accord pour le lancement de la premi\u00e8re phase\u00a0\/\u00a0Ghar Ddjebilet : C\u2019est parti ! - La Sentinelle<\/title>\n<meta name=\"robots\" content=\"index, follow, max-snippet:-1, max-image-preview:large, max-video-preview:-1\" \/>\n<link rel=\"canonical\" href=\"https:\/\/lasentinelle.dz\/index.php\/2022\/05\/09\/le-conseil-des-ministres-donne-son-accord-pour-le-lancement-de-la-premiere-phase-ghar-ddjebilet-cest-parti\/\" \/>\n<meta property=\"og:locale\" content=\"fr_FR\" \/>\n<meta property=\"og:type\" content=\"article\" \/>\n<meta property=\"og:title\" content=\"Le Conseil des ministres donne son accord pour le lancement de la premi\u00e8re phase\u00a0\/\u00a0Ghar Ddjebilet : C\u2019est parti ! - La Sentinelle\" \/>\n<meta property=\"og:description\" content=\"Le Conseil des ministres a donn\u00e9, hier, son aval pour le lancement de la premi\u00e8re phase du projet d\u2019exploitation des\" \/>\n<meta property=\"og:url\" content=\"https:\/\/lasentinelle.dz\/index.php\/2022\/05\/09\/le-conseil-des-ministres-donne-son-accord-pour-le-lancement-de-la-premiere-phase-ghar-ddjebilet-cest-parti\/\" \/>\n<meta property=\"og:site_name\" content=\"La Sentinelle\" \/>\n<meta property=\"article:publisher\" content=\"https:\/\/www.facebook.com\/La-Sentinelle-104059864394773\" \/>\n<meta property=\"article:published_time\" content=\"2022-05-08T23:05:00+00:00\" \/>\n<meta property=\"og:image\" content=\"https:\/\/lasentinelle.dz\/wp-content\/uploads\/2022\/05\/ghar-djebilet.png\" \/>\n\t<meta property=\"og:image:width\" content=\"1491\" \/>\n\t<meta property=\"og:image:height\" content=\"900\" \/>\n\t<meta property=\"og:image:type\" content=\"image\/png\" \/>\n<meta name=\"author\" content=\"La Sentinelle\" \/>\n<meta name=\"twitter:card\" content=\"summary_large_image\" \/>\n<meta name=\"twitter:label1\" content=\"\u00c9crit par\" \/>\n\t<meta name=\"twitter:data1\" content=\"La Sentinelle\" \/>\n\t<meta name=\"twitter:label2\" content=\"Dur\u00e9e de lecture estim\u00e9e\" \/>\n\t<meta name=\"twitter:data2\" content=\"4 minutes\" \/>\n<script type=\"application\/ld+json\" class=\"yoast-schema-graph\">{\"@context\":\"https:\\\/\\\/schema.org\",\"@graph\":[{\"@type\":\"Article\",\"@id\":\"https:\\\/\\\/lasentinelle.dz\\\/index.php\\\/2022\\\/05\\\/09\\\/le-conseil-des-ministres-donne-son-accord-pour-le-lancement-de-la-premiere-phase-ghar-ddjebilet-cest-parti\\\/#article\",\"isPartOf\":{\"@id\":\"https:\\\/\\\/lasentinelle.dz\\\/index.php\\\/2022\\\/05\\\/09\\\/le-conseil-des-ministres-donne-son-accord-pour-le-lancement-de-la-premiere-phase-ghar-ddjebilet-cest-parti\\\/\"},\"author\":{\"name\":\"La Sentinelle\",\"@id\":\"https:\\\/\\\/lasentinelle.dz\\\/#\\\/schema\\\/person\\\/d865044e22e70a75174ce8bcad3acfb3\"},\"headline\":\"Le Conseil des ministres donne son accord pour le lancement de la premi\u00e8re phase\u00a0\\\/\u00a0Ghar Ddjebilet : C\u2019est parti !\",\"datePublished\":\"2022-05-08T23:05:00+00:00\",\"mainEntityOfPage\":{\"@id\":\"https:\\\/\\\/lasentinelle.dz\\\/index.php\\\/2022\\\/05\\\/09\\\/le-conseil-des-ministres-donne-son-accord-pour-le-lancement-de-la-premiere-phase-ghar-ddjebilet-cest-parti\\\/\"},\"wordCount\":900,\"commentCount\":0,\"publisher\":{\"@id\":\"https:\\\/\\\/lasentinelle.dz\\\/#organization\"},\"image\":{\"@id\":\"https:\\\/\\\/lasentinelle.dz\\\/index.php\\\/2022\\\/05\\\/09\\\/le-conseil-des-ministres-donne-son-accord-pour-le-lancement-de-la-premiere-phase-ghar-ddjebilet-cest-parti\\\/#primaryimage\"},\"thumbnailUrl\":\"https:\\\/\\\/lasentinelle.dz\\\/wp-content\\\/uploads\\\/2022\\\/05\\\/ghar-djebilet.png\",\"articleSection\":[\"\u00c0 la Une\",\"Actualit\u00e9\"],\"inLanguage\":\"fr-FR\",\"potentialAction\":[{\"@type\":\"CommentAction\",\"name\":\"Comment\",\"target\":[\"https:\\\/\\\/lasentinelle.dz\\\/index.php\\\/2022\\\/05\\\/09\\\/le-conseil-des-ministres-donne-son-accord-pour-le-lancement-de-la-premiere-phase-ghar-ddjebilet-cest-parti\\\/#respond\"]}]},{\"@type\":\"WebPage\",\"@id\":\"https:\\\/\\\/lasentinelle.dz\\\/index.php\\\/2022\\\/05\\\/09\\\/le-conseil-des-ministres-donne-son-accord-pour-le-lancement-de-la-premiere-phase-ghar-ddjebilet-cest-parti\\\/\",\"url\":\"https:\\\/\\\/lasentinelle.dz\\\/index.php\\\/2022\\\/05\\\/09\\\/le-conseil-des-ministres-donne-son-accord-pour-le-lancement-de-la-premiere-phase-ghar-ddjebilet-cest-parti\\\/\",\"name\":\"Le Conseil des ministres donne son accord pour le lancement de la premi\u00e8re phase\u00a0\\\/\u00a0Ghar Ddjebilet : C\u2019est parti ! - La Sentinelle\",\"isPartOf\":{\"@id\":\"https:\\\/\\\/lasentinelle.dz\\\/#website\"},\"primaryImageOfPage\":{\"@id\":\"https:\\\/\\\/lasentinelle.dz\\\/index.php\\\/2022\\\/05\\\/09\\\/le-conseil-des-ministres-donne-son-accord-pour-le-lancement-de-la-premiere-phase-ghar-ddjebilet-cest-parti\\\/#primaryimage\"},\"image\":{\"@id\":\"https:\\\/\\\/lasentinelle.dz\\\/index.php\\\/2022\\\/05\\\/09\\\/le-conseil-des-ministres-donne-son-accord-pour-le-lancement-de-la-premiere-phase-ghar-ddjebilet-cest-parti\\\/#primaryimage\"},\"thumbnailUrl\":\"https:\\\/\\\/lasentinelle.dz\\\/wp-content\\\/uploads\\\/2022\\\/05\\\/ghar-djebilet.png\",\"datePublished\":\"2022-05-08T23:05:00+00:00\",\"breadcrumb\":{\"@id\":\"https:\\\/\\\/lasentinelle.dz\\\/index.php\\\/2022\\\/05\\\/09\\\/le-conseil-des-ministres-donne-son-accord-pour-le-lancement-de-la-premiere-phase-ghar-ddjebilet-cest-parti\\\/#breadcrumb\"},\"inLanguage\":\"fr-FR\",\"potentialAction\":[{\"@type\":\"ReadAction\",\"target\":[\"https:\\\/\\\/lasentinelle.dz\\\/index.php\\\/2022\\\/05\\\/09\\\/le-conseil-des-ministres-donne-son-accord-pour-le-lancement-de-la-premiere-phase-ghar-ddjebilet-cest-parti\\\/\"]}]},{\"@type\":\"ImageObject\",\"inLanguage\":\"fr-FR\",\"@id\":\"https:\\\/\\\/lasentinelle.dz\\\/index.php\\\/2022\\\/05\\\/09\\\/le-conseil-des-ministres-donne-son-accord-pour-le-lancement-de-la-premiere-phase-ghar-ddjebilet-cest-parti\\\/#primaryimage\",\"url\":\"https:\\\/\\\/lasentinelle.dz\\\/wp-content\\\/uploads\\\/2022\\\/05\\\/ghar-djebilet.png\",\"contentUrl\":\"https:\\\/\\\/lasentinelle.dz\\\/wp-content\\\/uploads\\\/2022\\\/05\\\/ghar-djebilet.png\",\"width\":1491,\"height\":900},{\"@type\":\"BreadcrumbList\",\"@id\":\"https:\\\/\\\/lasentinelle.dz\\\/index.php\\\/2022\\\/05\\\/09\\\/le-conseil-des-ministres-donne-son-accord-pour-le-lancement-de-la-premiere-phase-ghar-ddjebilet-cest-parti\\\/#breadcrumb\",\"itemListElement\":[{\"@type\":\"ListItem\",\"position\":1,\"name\":\"Accueil\",\"item\":\"https:\\\/\\\/lasentinelle.dz\\\/\"},{\"@type\":\"ListItem\",\"position\":2,\"name\":\"Le Conseil des ministres donne son accord pour le lancement de la premi\u00e8re phase\u00a0\\\/\u00a0Ghar Ddjebilet : C\u2019est parti !\"}]},{\"@type\":\"WebSite\",\"@id\":\"https:\\\/\\\/lasentinelle.dz\\\/#website\",\"url\":\"https:\\\/\\\/lasentinelle.dz\\\/\",\"name\":\"La Sentinelle\",\"description\":\"Quotidien national d&#039;information\",\"publisher\":{\"@id\":\"https:\\\/\\\/lasentinelle.dz\\\/#organization\"},\"potentialAction\":[{\"@type\":\"SearchAction\",\"target\":{\"@type\":\"EntryPoint\",\"urlTemplate\":\"https:\\\/\\\/lasentinelle.dz\\\/?s={search_term_string}\"},\"query-input\":{\"@type\":\"PropertyValueSpecification\",\"valueRequired\":true,\"valueName\":\"search_term_string\"}}],\"inLanguage\":\"fr-FR\"},{\"@type\":\"Organization\",\"@id\":\"https:\\\/\\\/lasentinelle.dz\\\/#organization\",\"name\":\"Quotidien La Sentinelle\",\"url\":\"https:\\\/\\\/lasentinelle.dz\\\/\",\"logo\":{\"@type\":\"ImageObject\",\"inLanguage\":\"fr-FR\",\"@id\":\"https:\\\/\\\/lasentinelle.dz\\\/#\\\/schema\\\/logo\\\/image\\\/\",\"url\":\"https:\\\/\\\/lasentinelle.dz\\\/wp-content\\\/uploads\\\/2021\\\/09\\\/logo-sentinelleSLOGAN-1.png\",\"contentUrl\":\"https:\\\/\\\/lasentinelle.dz\\\/wp-content\\\/uploads\\\/2021\\\/09\\\/logo-sentinelleSLOGAN-1.png\",\"width\":615,\"height\":142,\"caption\":\"Quotidien La Sentinelle\"},\"image\":{\"@id\":\"https:\\\/\\\/lasentinelle.dz\\\/#\\\/schema\\\/logo\\\/image\\\/\"},\"sameAs\":[\"https:\\\/\\\/www.facebook.com\\\/La-Sentinelle-104059864394773\"]},{\"@type\":\"Person\",\"@id\":\"https:\\\/\\\/lasentinelle.dz\\\/#\\\/schema\\\/person\\\/d865044e22e70a75174ce8bcad3acfb3\",\"name\":\"La Sentinelle\",\"image\":{\"@type\":\"ImageObject\",\"inLanguage\":\"fr-FR\",\"@id\":\"https:\\\/\\\/secure.gravatar.com\\\/avatar\\\/57de8e5d4b15d43fb361a71fbb36338450fe67865b528a43dd10ef7c51a20392?s=96&d=mm&r=g\",\"url\":\"https:\\\/\\\/secure.gravatar.com\\\/avatar\\\/57de8e5d4b15d43fb361a71fbb36338450fe67865b528a43dd10ef7c51a20392?s=96&d=mm&r=g\",\"contentUrl\":\"https:\\\/\\\/secure.gravatar.com\\\/avatar\\\/57de8e5d4b15d43fb361a71fbb36338450fe67865b528a43dd10ef7c51a20392?s=96&d=mm&r=g\",\"caption\":\"La Sentinelle\"},\"sameAs\":[\"http:\\\/\\\/www.lasentinelle.dz\"],\"url\":\"https:\\\/\\\/lasentinelle.dz\\\/author\\\/redaction\\\/\"}]}<\/script>\n<!-- \/ Yoast SEO plugin. -->","yoast_head_json":{"title":"Le Conseil des ministres donne son accord pour le lancement de la premi\u00e8re phase\u00a0\/\u00a0Ghar Ddjebilet : C\u2019est parti ! - La Sentinelle","robots":{"index":"index","follow":"follow","max-snippet":"max-snippet:-1","max-image-preview":"max-image-preview:large","max-video-preview":"max-video-preview:-1"},"canonical":"https:\/\/lasentinelle.dz\/index.php\/2022\/05\/09\/le-conseil-des-ministres-donne-son-accord-pour-le-lancement-de-la-premiere-phase-ghar-ddjebilet-cest-parti\/","og_locale":"fr_FR","og_type":"article","og_title":"Le Conseil des ministres donne son accord pour le lancement de la premi\u00e8re phase\u00a0\/\u00a0Ghar Ddjebilet : C\u2019est parti ! - La Sentinelle","og_description":"Le Conseil des ministres a donn\u00e9, hier, son aval pour le lancement de la premi\u00e8re phase du projet d\u2019exploitation des","og_url":"https:\/\/lasentinelle.dz\/index.php\/2022\/05\/09\/le-conseil-des-ministres-donne-son-accord-pour-le-lancement-de-la-premiere-phase-ghar-ddjebilet-cest-parti\/","og_site_name":"La Sentinelle","article_publisher":"https:\/\/www.facebook.com\/La-Sentinelle-104059864394773","article_published_time":"2022-05-08T23:05:00+00:00","og_image":[{"width":1491,"height":900,"url":"https:\/\/lasentinelle.dz\/wp-content\/uploads\/2022\/05\/ghar-djebilet.png","type":"image\/png"}],"author":"La Sentinelle","twitter_card":"summary_large_image","twitter_misc":{"\u00c9crit par":"La Sentinelle","Dur\u00e9e de lecture estim\u00e9e":"4 minutes"},"schema":{"@context":"https:\/\/schema.org","@graph":[{"@type":"Article","@id":"https:\/\/lasentinelle.dz\/index.php\/2022\/05\/09\/le-conseil-des-ministres-donne-son-accord-pour-le-lancement-de-la-premiere-phase-ghar-ddjebilet-cest-parti\/#article","isPartOf":{"@id":"https:\/\/lasentinelle.dz\/index.php\/2022\/05\/09\/le-conseil-des-ministres-donne-son-accord-pour-le-lancement-de-la-premiere-phase-ghar-ddjebilet-cest-parti\/"},"author":{"name":"La Sentinelle","@id":"https:\/\/lasentinelle.dz\/#\/schema\/person\/d865044e22e70a75174ce8bcad3acfb3"},"headline":"Le Conseil des ministres donne son accord pour le lancement de la premi\u00e8re phase\u00a0\/\u00a0Ghar Ddjebilet : C\u2019est parti !","datePublished":"2022-05-08T23:05:00+00:00","mainEntityOfPage":{"@id":"https:\/\/lasentinelle.dz\/index.php\/2022\/05\/09\/le-conseil-des-ministres-donne-son-accord-pour-le-lancement-de-la-premiere-phase-ghar-ddjebilet-cest-parti\/"},"wordCount":900,"commentCount":0,"publisher":{"@id":"https:\/\/lasentinelle.dz\/#organization"},"image":{"@id":"https:\/\/lasentinelle.dz\/index.php\/2022\/05\/09\/le-conseil-des-ministres-donne-son-accord-pour-le-lancement-de-la-premiere-phase-ghar-ddjebilet-cest-parti\/#primaryimage"},"thumbnailUrl":"https:\/\/lasentinelle.dz\/wp-content\/uploads\/2022\/05\/ghar-djebilet.png","articleSection":["\u00c0 la Une","Actualit\u00e9"],"inLanguage":"fr-FR","potentialAction":[{"@type":"CommentAction","name":"Comment","target":["https:\/\/lasentinelle.dz\/index.php\/2022\/05\/09\/le-conseil-des-ministres-donne-son-accord-pour-le-lancement-de-la-premiere-phase-ghar-ddjebilet-cest-parti\/#respond"]}]},{"@type":"WebPage","@id":"https:\/\/lasentinelle.dz\/index.php\/2022\/05\/09\/le-conseil-des-ministres-donne-son-accord-pour-le-lancement-de-la-premiere-phase-ghar-ddjebilet-cest-parti\/","url":"https:\/\/lasentinelle.dz\/index.php\/2022\/05\/09\/le-conseil-des-ministres-donne-son-accord-pour-le-lancement-de-la-premiere-phase-ghar-ddjebilet-cest-parti\/","name":"Le Conseil des ministres donne son accord pour le lancement de la premi\u00e8re phase\u00a0\/\u00a0Ghar Ddjebilet : C\u2019est parti ! - La Sentinelle","isPartOf":{"@id":"https:\/\/lasentinelle.dz\/#website"},"primaryImageOfPage":{"@id":"https:\/\/lasentinelle.dz\/index.php\/2022\/05\/09\/le-conseil-des-ministres-donne-son-accord-pour-le-lancement-de-la-premiere-phase-ghar-ddjebilet-cest-parti\/#primaryimage"},"image":{"@id":"https:\/\/lasentinelle.dz\/index.php\/2022\/05\/09\/le-conseil-des-ministres-donne-son-accord-pour-le-lancement-de-la-premiere-phase-ghar-ddjebilet-cest-parti\/#primaryimage"},"thumbnailUrl":"https:\/\/lasentinelle.dz\/wp-content\/uploads\/2022\/05\/ghar-djebilet.png","datePublished":"2022-05-08T23:05:00+00:00","breadcrumb":{"@id":"https:\/\/lasentinelle.dz\/index.php\/2022\/05\/09\/le-conseil-des-ministres-donne-son-accord-pour-le-lancement-de-la-premiere-phase-ghar-ddjebilet-cest-parti\/#breadcrumb"},"inLanguage":"fr-FR","potentialAction":[{"@type":"ReadAction","target":["https:\/\/lasentinelle.dz\/index.php\/2022\/05\/09\/le-conseil-des-ministres-donne-son-accord-pour-le-lancement-de-la-premiere-phase-ghar-ddjebilet-cest-parti\/"]}]},{"@type":"ImageObject","inLanguage":"fr-FR","@id":"https:\/\/lasentinelle.dz\/index.php\/2022\/05\/09\/le-conseil-des-ministres-donne-son-accord-pour-le-lancement-de-la-premiere-phase-ghar-ddjebilet-cest-parti\/#primaryimage","url":"https:\/\/lasentinelle.dz\/wp-content\/uploads\/2022\/05\/ghar-djebilet.png","contentUrl":"https:\/\/lasentinelle.dz\/wp-content\/uploads\/2022\/05\/ghar-djebilet.png","width":1491,"height":900},{"@type":"BreadcrumbList","@id":"https:\/\/lasentinelle.dz\/index.php\/2022\/05\/09\/le-conseil-des-ministres-donne-son-accord-pour-le-lancement-de-la-premiere-phase-ghar-ddjebilet-cest-parti\/#breadcrumb","itemListElement":[{"@type":"ListItem","position":1,"name":"Accueil","item":"https:\/\/lasentinelle.dz\/"},{"@type":"ListItem","position":2,"name":"Le Conseil des ministres donne son accord pour le lancement de la premi\u00e8re phase\u00a0\/\u00a0Ghar Ddjebilet : C\u2019est parti !"}]},{"@type":"WebSite","@id":"https:\/\/lasentinelle.dz\/#website","url":"https:\/\/lasentinelle.dz\/","name":"La Sentinelle","description":"Quotidien national d&#039;information","publisher":{"@id":"https:\/\/lasentinelle.dz\/#organization"},"potentialAction":[{"@type":"SearchAction","target":{"@type":"EntryPoint","urlTemplate":"https:\/\/lasentinelle.dz\/?s={search_term_string}"},"query-input":{"@type":"PropertyValueSpecification","valueRequired":true,"valueName":"search_term_string"}}],"inLanguage":"fr-FR"},{"@type":"Organization","@id":"https:\/\/lasentinelle.dz\/#organization","name":"Quotidien La Sentinelle","url":"https:\/\/lasentinelle.dz\/","logo":{"@type":"ImageObject","inLanguage":"fr-FR","@id":"https:\/\/lasentinelle.dz\/#\/schema\/logo\/image\/","url":"https:\/\/lasentinelle.dz\/wp-content\/uploads\/2021\/09\/logo-sentinelleSLOGAN-1.png","contentUrl":"https:\/\/lasentinelle.dz\/wp-content\/uploads\/2021\/09\/logo-sentinelleSLOGAN-1.png","width":615,"height":142,"caption":"Quotidien La Sentinelle"},"image":{"@id":"https:\/\/lasentinelle.dz\/#\/schema\/logo\/image\/"},"sameAs":["https:\/\/www.facebook.com\/La-Sentinelle-104059864394773"]},{"@type":"Person","@id":"https:\/\/lasentinelle.dz\/#\/schema\/person\/d865044e22e70a75174ce8bcad3acfb3","name":"La Sentinelle","image":{"@type":"ImageObject","inLanguage":"fr-FR","@id":"https:\/\/secure.gravatar.com\/avatar\/57de8e5d4b15d43fb361a71fbb36338450fe67865b528a43dd10ef7c51a20392?s=96&d=mm&r=g","url":"https:\/\/secure.gravatar.com\/avatar\/57de8e5d4b15d43fb361a71fbb36338450fe67865b528a43dd10ef7c51a20392?s=96&d=mm&r=g","contentUrl":"https:\/\/secure.gravatar.com\/avatar\/57de8e5d4b15d43fb361a71fbb36338450fe67865b528a43dd10ef7c51a20392?s=96&d=mm&r=g","caption":"La Sentinelle"},"sameAs":["http:\/\/www.lasentinelle.dz"],"url":"https:\/\/lasentinelle.dz\/author\/redaction\/"}]}},"_links":{"self":[{"href":"https:\/\/lasentinelle.dz\/index.php\/wp-json\/wp\/v2\/posts\/20747","targetHints":{"allow":["GET"]}}],"collection":[{"href":"https:\/\/lasentinelle.dz\/index.php\/wp-json\/wp\/v2\/posts"}],"about":[{"href":"https:\/\/lasentinelle.dz\/index.php\/wp-json\/wp\/v2\/types\/post"}],"author":[{"embeddable":true,"href":"https:\/\/lasentinelle.dz\/index.php\/wp-json\/wp\/v2\/users\/3"}],"replies":[{"embeddable":true,"href":"https:\/\/lasentinelle.dz\/index.php\/wp-json\/wp\/v2\/comments?post=20747"}],"version-history":[{"count":1,"href":"https:\/\/lasentinelle.dz\/index.php\/wp-json\/wp\/v2\/posts\/20747\/revisions"}],"predecessor-version":[{"id":20757,"href":"https:\/\/lasentinelle.dz\/index.php\/wp-json\/wp\/v2\/posts\/20747\/revisions\/20757"}],"wp:featuredmedia":[{"embeddable":true,"href":"https:\/\/lasentinelle.dz\/index.php\/wp-json\/wp\/v2\/media\/20756"}],"wp:attachment":[{"href":"https:\/\/lasentinelle.dz\/index.php\/wp-json\/wp\/v2\/media?parent=20747"}],"wp:term":[{"taxonomy":"category","embeddable":true,"href":"https:\/\/lasentinelle.dz\/index.php\/wp-json\/wp\/v2\/categories?post=20747"},{"taxonomy":"post_tag","embeddable":true,"href":"https:\/\/lasentinelle.dz\/index.php\/wp-json\/wp\/v2\/tags?post=20747"}],"curies":[{"name":"wp","href":"https:\/\/api.w.org\/{rel}","templated":true}]}}