{"id":20767,"date":"2022-05-10T00:01:00","date_gmt":"2022-05-09T23:01:00","guid":{"rendered":"https:\/\/lasentinelle.dz\/?p=20767"},"modified":"2022-05-09T17:33:12","modified_gmt":"2022-05-09T16:33:12","slug":"26e-conference-paix-et-liberte-pour-le-peuple-sahraoui-appel-a-la-fin-de-loccupation-marocaine","status":"publish","type":"post","link":"https:\/\/lasentinelle.dz\/index.php\/2022\/05\/10\/26e-conference-paix-et-liberte-pour-le-peuple-sahraoui-appel-a-la-fin-de-loccupation-marocaine\/","title":{"rendered":"26e\u00a0Conf\u00e9rence \u00ab\u00a0paix et libert\u00e9 pour le peuple sahraoui\u00a0\u00bb\u00a0: Appel \u00e0 la fin de l&rsquo;occupation marocaine\u00a0"},"content":{"rendered":"\n<p>Les participants \u00e0 la 26e Conf\u00e9rence interparlementaire \u00ab\u00a0Paix et libert\u00e9 pour le peuple sahraoui\u00a0\u00bb qui s\u2019est tenue \u00e0 La Rioja, en Espagne, ont appel\u00e9 \u00e0 \u00e9largir le mandat de la Minurso \u00e0 la surveillance des droits de l&rsquo;homme au Sahara occidental et exig\u00e9 la fin de l&rsquo;occupation marocaine.<\/p>\n\n\n\n<p>Dans une D\u00e9claration sanctionnant les travaux de la conf\u00e9rence, les repr\u00e9sentants des Assembl\u00e9es l\u00e9gislatives r\u00e9gionales de tout le pays (Espagne), r\u00e9unis, les 6 et 7 mai, au Parlement de La Rioja, ont renouvel\u00e9 leur engagement en faveur de la cause sahraouie.&nbsp;Compte tenu de la situation \u00ab\u00a0grave\u00a0\u00bb et \u00ab\u00a0d\u00e9plorable\u00a0\u00bb des droits de l&rsquo;Homme au Sahara occidental, la conf\u00e9rence demande d'\u00a0\u00bb\u00e9largir le mandat de la Mission des Nations unies pour l&rsquo;organisation d&rsquo;un r\u00e9f\u00e9rendum d&rsquo;autod\u00e9termination au Sahara occidental (MUINURSO) \u00e0 la surveillance des droits de l\u2019Homme dans les territoires sahraouis occup\u00e9s\u00a0\u00bb.&nbsp;Les parlementaires r\u00e9gionaux espagnols ont r\u00e9affirm\u00e9 \u00e0 cette occasion que \u00ab\u00a0le Front Polisario est le repr\u00e9sentant l\u00e9gitime et unique du peuple sahraoui, tel que reconnu par l&rsquo;ONU et la communaut\u00e9 internationale\u00a0\u00bb.&nbsp;Ils soulignent aussi que \u00ab\u00a0la pr\u00e9sence marocaine au Sahara occidental est ill\u00e9gale et qu&rsquo;elle ne peut avoir des effets juridiques ou politiques portant atteinte au droit du peuple sahraoui \u00e0 l&rsquo;autod\u00e9termination et \u00e0 l&rsquo;ind\u00e9pendance\u00a0\u00bb.Concernant l&rsquo;accord entre l&rsquo;Union europ\u00e9enne (UE) et le Maroc, les parlementaires r\u00e9gionaux soulignent la n\u00e9cessit\u00e9 que \u00ab\u00a0l&rsquo;Espagne et l&rsquo;Union europ\u00e9enne engagent des n\u00e9gociations avec le Front Polisario afin d&rsquo;\u00e9tablir les relations commerciales et \u00e9conomiques appropri\u00e9es\u00a0\u00bb.&nbsp;Et de r\u00e9affirmer: \u00ab\u00a0le Sahara occidental est un territoire non autonome, soumis au droit international, qui n&rsquo;a jamais appartenu au Royaume du Maroc et par cons\u00e9quent nous exigeons qu&rsquo;il (le Maroc) cesse l&rsquo;occupation ill\u00e9gale du Sahara occidental et permette au peuple sahraoui d&rsquo;exercer son droit \u00e0 l&rsquo;autod\u00e9termination\u00a0\u00bb, ajoutant qu&rsquo;ils continueront de prendre en compte comme \u00ab\u00a0r\u00e9f\u00e9rence\u00a0\u00bb l&rsquo;ordonnance de la Haute Cour Nationale qui consid\u00e8re que \u00ab\u00a0l\u2019Espagne continuait d\u2019\u00eatre la puissance administrante de jure sur le territoire du Sahara occidental\u00a0\u00bb.&nbsp;Les signataires de la D\u00e9claration n&rsquo;ont pas manqu\u00e9 aussi d&rsquo;exprimer leur \u00ab\u00a0d\u00e9saccord\u00a0\u00bb concernant le revirement de position \u00ab\u00a0radical\u00a0\u00bb du Premier ministre espagnol sur le Sahara occidental.&nbsp;Dans le sillage, ils appellent les Nations unies \u00e0 \u00ab\u00a0promouvoir sans plus tarder une solution juste et d\u00e9finitive au conflit au Sahara occidental, solution qui passe par la mise en \u0153uvre du droit \u00e0 l&rsquo;autod\u00e9termination du peuple sahraoui, et la tenue d&rsquo;un r\u00e9f\u00e9rendum\u00a0\u00bb.&nbsp;Ils demandent en outre, au Conseil des droits de l&rsquo;homme des Nations unies \u00e0 Gen\u00e8ve de nommer un rapporteur des droits de l&rsquo;homme pour le Sahara occidental.&nbsp;Conscients de la responsabilit\u00e9 juridique et politique de l&rsquo;Etat espagnol quant \u00e0 la situation au Sahara occidental, les \u00e9lus r\u00e9gionaux r\u00e9it\u00e8rent l&rsquo;appel au Gouvernement espagnol afin qu&rsquo;il exige du Maroc \u00ab\u00a0le respect scrupuleux des droits de l&rsquo;homme dans les territoires occup\u00e9s du Sahara occidental et la cessation des violations des droits de l&rsquo;homme que subie la population sahraouie\u00a0\u00bb.&nbsp;<\/p>\n\n\n\n<p>APS<\/p>\n","protected":false},"excerpt":{"rendered":"<p>Les participants \u00e0 la 26e Conf\u00e9rence interparlementaire \u00ab\u00a0Paix et libert\u00e9 pour le peuple sahraoui\u00a0\u00bb qui s\u2019est tenue \u00e0 La Rioja,<\/p>\n","protected":false},"author":3,"featured_media":20786,"comment_status":"open","ping_status":"closed","sticky":false,"template":"","format":"standard","meta":{"colormag_page_container_layout":"default_layout","colormag_page_sidebar_layout":"default_layout","om_disable_all_campaigns":false,"_monsterinsights_skip_tracking":false,"_monsterinsights_sitenote_active":false,"_monsterinsights_sitenote_note":"","_monsterinsights_sitenote_category":0,"footnotes":"","_wpscppro_dont_share_socialmedia":false,"_wpscppro_custom_social_share_image":0,"_facebook_share_type":"","_twitter_share_type":"","_linkedin_share_type":"","_pinterest_share_type":"","_linkedin_share_type_page":"","_instagram_share_type":"","_medium_share_type":"","_threads_share_type":"","_google_business_share_type":"","_selected_social_profile":[],"_wpsp_enable_custom_social_template":false,"_wpsp_social_scheduling":{"enabled":false,"datetime":null,"platforms":[],"status":"template_only","dateOption":"today","timeOption":"now","customDays":"","customHours":"","customDate":"","customTime":"","schedulingType":"absolute"},"_wpsp_active_default_template":true},"categories":[37],"tags":[],"class_list":["post-20767","post","type-post","status-publish","format-standard","has-post-thumbnail","hentry","category-monde"],"aioseo_notices":[],"yoast_head":"<!-- This site is optimized with the Yoast SEO plugin v27.5 - https:\/\/yoast.com\/product\/yoast-seo-wordpress\/ -->\n<title>26e\u00a0Conf\u00e9rence &quot;paix et libert\u00e9 pour le peuple sahraoui&quot;\u00a0: Appel \u00e0 la fin de l&#039;occupation marocaine\u00a0 - La Sentinelle<\/title>\n<meta name=\"robots\" content=\"index, follow, max-snippet:-1, max-image-preview:large, max-video-preview:-1\" \/>\n<link rel=\"canonical\" href=\"https:\/\/lasentinelle.dz\/index.php\/2022\/05\/10\/26e-conference-paix-et-liberte-pour-le-peuple-sahraoui-appel-a-la-fin-de-loccupation-marocaine\/\" \/>\n<meta property=\"og:locale\" content=\"fr_FR\" \/>\n<meta property=\"og:type\" content=\"article\" \/>\n<meta property=\"og:title\" content=\"26e\u00a0Conf\u00e9rence &quot;paix et libert\u00e9 pour le peuple sahraoui&quot;\u00a0: Appel \u00e0 la fin de l&#039;occupation marocaine\u00a0 - La Sentinelle\" \/>\n<meta property=\"og:description\" content=\"Les participants \u00e0 la 26e Conf\u00e9rence interparlementaire \u00ab\u00a0Paix et libert\u00e9 pour le peuple sahraoui\u00a0\u00bb qui s\u2019est tenue \u00e0 La Rioja,\" \/>\n<meta property=\"og:url\" content=\"https:\/\/lasentinelle.dz\/index.php\/2022\/05\/10\/26e-conference-paix-et-liberte-pour-le-peuple-sahraoui-appel-a-la-fin-de-loccupation-marocaine\/\" \/>\n<meta property=\"og:site_name\" content=\"La Sentinelle\" \/>\n<meta property=\"article:publisher\" content=\"https:\/\/www.facebook.com\/La-Sentinelle-104059864394773\" \/>\n<meta property=\"article:published_time\" content=\"2022-05-09T23:01:00+00:00\" \/>\n<meta property=\"og:image\" content=\"https:\/\/lasentinelle.dz\/wp-content\/uploads\/2022\/05\/ssss.png\" \/>\n\t<meta property=\"og:image:width\" content=\"1491\" \/>\n\t<meta property=\"og:image:height\" content=\"900\" \/>\n\t<meta property=\"og:image:type\" content=\"image\/png\" \/>\n<meta name=\"author\" content=\"La Sentinelle\" \/>\n<meta name=\"twitter:card\" content=\"summary_large_image\" \/>\n<meta name=\"twitter:label1\" content=\"\u00c9crit par\" \/>\n\t<meta name=\"twitter:data1\" content=\"La Sentinelle\" \/>\n\t<meta name=\"twitter:label2\" content=\"Dur\u00e9e de lecture estim\u00e9e\" \/>\n\t<meta name=\"twitter:data2\" content=\"3 minutes\" \/>\n<script type=\"application\/ld+json\" class=\"yoast-schema-graph\">{\"@context\":\"https:\\\/\\\/schema.org\",\"@graph\":[{\"@type\":\"Article\",\"@id\":\"https:\\\/\\\/lasentinelle.dz\\\/index.php\\\/2022\\\/05\\\/10\\\/26e-conference-paix-et-liberte-pour-le-peuple-sahraoui-appel-a-la-fin-de-loccupation-marocaine\\\/#article\",\"isPartOf\":{\"@id\":\"https:\\\/\\\/lasentinelle.dz\\\/index.php\\\/2022\\\/05\\\/10\\\/26e-conference-paix-et-liberte-pour-le-peuple-sahraoui-appel-a-la-fin-de-loccupation-marocaine\\\/\"},\"author\":{\"name\":\"La Sentinelle\",\"@id\":\"https:\\\/\\\/lasentinelle.dz\\\/#\\\/schema\\\/person\\\/d865044e22e70a75174ce8bcad3acfb3\"},\"headline\":\"26e\u00a0Conf\u00e9rence \u00ab\u00a0paix et libert\u00e9 pour le peuple sahraoui\u00a0\u00bb\u00a0: Appel \u00e0 la fin de l&rsquo;occupation marocaine\u00a0\",\"datePublished\":\"2022-05-09T23:01:00+00:00\",\"mainEntityOfPage\":{\"@id\":\"https:\\\/\\\/lasentinelle.dz\\\/index.php\\\/2022\\\/05\\\/10\\\/26e-conference-paix-et-liberte-pour-le-peuple-sahraoui-appel-a-la-fin-de-loccupation-marocaine\\\/\"},\"wordCount\":566,\"commentCount\":0,\"publisher\":{\"@id\":\"https:\\\/\\\/lasentinelle.dz\\\/#organization\"},\"image\":{\"@id\":\"https:\\\/\\\/lasentinelle.dz\\\/index.php\\\/2022\\\/05\\\/10\\\/26e-conference-paix-et-liberte-pour-le-peuple-sahraoui-appel-a-la-fin-de-loccupation-marocaine\\\/#primaryimage\"},\"thumbnailUrl\":\"https:\\\/\\\/lasentinelle.dz\\\/wp-content\\\/uploads\\\/2022\\\/05\\\/ssss.png\",\"articleSection\":[\"Monde\"],\"inLanguage\":\"fr-FR\",\"potentialAction\":[{\"@type\":\"CommentAction\",\"name\":\"Comment\",\"target\":[\"https:\\\/\\\/lasentinelle.dz\\\/index.php\\\/2022\\\/05\\\/10\\\/26e-conference-paix-et-liberte-pour-le-peuple-sahraoui-appel-a-la-fin-de-loccupation-marocaine\\\/#respond\"]}]},{\"@type\":\"WebPage\",\"@id\":\"https:\\\/\\\/lasentinelle.dz\\\/index.php\\\/2022\\\/05\\\/10\\\/26e-conference-paix-et-liberte-pour-le-peuple-sahraoui-appel-a-la-fin-de-loccupation-marocaine\\\/\",\"url\":\"https:\\\/\\\/lasentinelle.dz\\\/index.php\\\/2022\\\/05\\\/10\\\/26e-conference-paix-et-liberte-pour-le-peuple-sahraoui-appel-a-la-fin-de-loccupation-marocaine\\\/\",\"name\":\"26e\u00a0Conf\u00e9rence \\\"paix et libert\u00e9 pour le peuple sahraoui\\\"\u00a0: Appel \u00e0 la fin de l'occupation marocaine\u00a0 - La Sentinelle\",\"isPartOf\":{\"@id\":\"https:\\\/\\\/lasentinelle.dz\\\/#website\"},\"primaryImageOfPage\":{\"@id\":\"https:\\\/\\\/lasentinelle.dz\\\/index.php\\\/2022\\\/05\\\/10\\\/26e-conference-paix-et-liberte-pour-le-peuple-sahraoui-appel-a-la-fin-de-loccupation-marocaine\\\/#primaryimage\"},\"image\":{\"@id\":\"https:\\\/\\\/lasentinelle.dz\\\/index.php\\\/2022\\\/05\\\/10\\\/26e-conference-paix-et-liberte-pour-le-peuple-sahraoui-appel-a-la-fin-de-loccupation-marocaine\\\/#primaryimage\"},\"thumbnailUrl\":\"https:\\\/\\\/lasentinelle.dz\\\/wp-content\\\/uploads\\\/2022\\\/05\\\/ssss.png\",\"datePublished\":\"2022-05-09T23:01:00+00:00\",\"breadcrumb\":{\"@id\":\"https:\\\/\\\/lasentinelle.dz\\\/index.php\\\/2022\\\/05\\\/10\\\/26e-conference-paix-et-liberte-pour-le-peuple-sahraoui-appel-a-la-fin-de-loccupation-marocaine\\\/#breadcrumb\"},\"inLanguage\":\"fr-FR\",\"potentialAction\":[{\"@type\":\"ReadAction\",\"target\":[\"https:\\\/\\\/lasentinelle.dz\\\/index.php\\\/2022\\\/05\\\/10\\\/26e-conference-paix-et-liberte-pour-le-peuple-sahraoui-appel-a-la-fin-de-loccupation-marocaine\\\/\"]}]},{\"@type\":\"ImageObject\",\"inLanguage\":\"fr-FR\",\"@id\":\"https:\\\/\\\/lasentinelle.dz\\\/index.php\\\/2022\\\/05\\\/10\\\/26e-conference-paix-et-liberte-pour-le-peuple-sahraoui-appel-a-la-fin-de-loccupation-marocaine\\\/#primaryimage\",\"url\":\"https:\\\/\\\/lasentinelle.dz\\\/wp-content\\\/uploads\\\/2022\\\/05\\\/ssss.png\",\"contentUrl\":\"https:\\\/\\\/lasentinelle.dz\\\/wp-content\\\/uploads\\\/2022\\\/05\\\/ssss.png\",\"width\":1491,\"height\":900},{\"@type\":\"BreadcrumbList\",\"@id\":\"https:\\\/\\\/lasentinelle.dz\\\/index.php\\\/2022\\\/05\\\/10\\\/26e-conference-paix-et-liberte-pour-le-peuple-sahraoui-appel-a-la-fin-de-loccupation-marocaine\\\/#breadcrumb\",\"itemListElement\":[{\"@type\":\"ListItem\",\"position\":1,\"name\":\"Accueil\",\"item\":\"https:\\\/\\\/lasentinelle.dz\\\/\"},{\"@type\":\"ListItem\",\"position\":2,\"name\":\"26e\u00a0Conf\u00e9rence \u00ab\u00a0paix et libert\u00e9 pour le peuple sahraoui\u00a0\u00bb\u00a0: Appel \u00e0 la fin de l&rsquo;occupation marocaine\u00a0\"}]},{\"@type\":\"WebSite\",\"@id\":\"https:\\\/\\\/lasentinelle.dz\\\/#website\",\"url\":\"https:\\\/\\\/lasentinelle.dz\\\/\",\"name\":\"La Sentinelle\",\"description\":\"Quotidien national d&#039;information\",\"publisher\":{\"@id\":\"https:\\\/\\\/lasentinelle.dz\\\/#organization\"},\"potentialAction\":[{\"@type\":\"SearchAction\",\"target\":{\"@type\":\"EntryPoint\",\"urlTemplate\":\"https:\\\/\\\/lasentinelle.dz\\\/?s={search_term_string}\"},\"query-input\":{\"@type\":\"PropertyValueSpecification\",\"valueRequired\":true,\"valueName\":\"search_term_string\"}}],\"inLanguage\":\"fr-FR\"},{\"@type\":\"Organization\",\"@id\":\"https:\\\/\\\/lasentinelle.dz\\\/#organization\",\"name\":\"Quotidien La Sentinelle\",\"url\":\"https:\\\/\\\/lasentinelle.dz\\\/\",\"logo\":{\"@type\":\"ImageObject\",\"inLanguage\":\"fr-FR\",\"@id\":\"https:\\\/\\\/lasentinelle.dz\\\/#\\\/schema\\\/logo\\\/image\\\/\",\"url\":\"https:\\\/\\\/lasentinelle.dz\\\/wp-content\\\/uploads\\\/2021\\\/09\\\/logo-sentinelleSLOGAN-1.png\",\"contentUrl\":\"https:\\\/\\\/lasentinelle.dz\\\/wp-content\\\/uploads\\\/2021\\\/09\\\/logo-sentinelleSLOGAN-1.png\",\"width\":615,\"height\":142,\"caption\":\"Quotidien La Sentinelle\"},\"image\":{\"@id\":\"https:\\\/\\\/lasentinelle.dz\\\/#\\\/schema\\\/logo\\\/image\\\/\"},\"sameAs\":[\"https:\\\/\\\/www.facebook.com\\\/La-Sentinelle-104059864394773\"]},{\"@type\":\"Person\",\"@id\":\"https:\\\/\\\/lasentinelle.dz\\\/#\\\/schema\\\/person\\\/d865044e22e70a75174ce8bcad3acfb3\",\"name\":\"La Sentinelle\",\"image\":{\"@type\":\"ImageObject\",\"inLanguage\":\"fr-FR\",\"@id\":\"https:\\\/\\\/secure.gravatar.com\\\/avatar\\\/57de8e5d4b15d43fb361a71fbb36338450fe67865b528a43dd10ef7c51a20392?s=96&d=mm&r=g\",\"url\":\"https:\\\/\\\/secure.gravatar.com\\\/avatar\\\/57de8e5d4b15d43fb361a71fbb36338450fe67865b528a43dd10ef7c51a20392?s=96&d=mm&r=g\",\"contentUrl\":\"https:\\\/\\\/secure.gravatar.com\\\/avatar\\\/57de8e5d4b15d43fb361a71fbb36338450fe67865b528a43dd10ef7c51a20392?s=96&d=mm&r=g\",\"caption\":\"La Sentinelle\"},\"sameAs\":[\"http:\\\/\\\/www.lasentinelle.dz\"],\"url\":\"https:\\\/\\\/lasentinelle.dz\\\/author\\\/redaction\\\/\"}]}<\/script>\n<!-- \/ Yoast SEO plugin. -->","yoast_head_json":{"title":"26e\u00a0Conf\u00e9rence \"paix et libert\u00e9 pour le peuple sahraoui\"\u00a0: Appel \u00e0 la fin de l'occupation marocaine\u00a0 - La Sentinelle","robots":{"index":"index","follow":"follow","max-snippet":"max-snippet:-1","max-image-preview":"max-image-preview:large","max-video-preview":"max-video-preview:-1"},"canonical":"https:\/\/lasentinelle.dz\/index.php\/2022\/05\/10\/26e-conference-paix-et-liberte-pour-le-peuple-sahraoui-appel-a-la-fin-de-loccupation-marocaine\/","og_locale":"fr_FR","og_type":"article","og_title":"26e\u00a0Conf\u00e9rence \"paix et libert\u00e9 pour le peuple sahraoui\"\u00a0: Appel \u00e0 la fin de l'occupation marocaine\u00a0 - La Sentinelle","og_description":"Les participants \u00e0 la 26e Conf\u00e9rence interparlementaire \u00ab\u00a0Paix et libert\u00e9 pour le peuple sahraoui\u00a0\u00bb qui s\u2019est tenue \u00e0 La Rioja,","og_url":"https:\/\/lasentinelle.dz\/index.php\/2022\/05\/10\/26e-conference-paix-et-liberte-pour-le-peuple-sahraoui-appel-a-la-fin-de-loccupation-marocaine\/","og_site_name":"La Sentinelle","article_publisher":"https:\/\/www.facebook.com\/La-Sentinelle-104059864394773","article_published_time":"2022-05-09T23:01:00+00:00","og_image":[{"width":1491,"height":900,"url":"https:\/\/lasentinelle.dz\/wp-content\/uploads\/2022\/05\/ssss.png","type":"image\/png"}],"author":"La Sentinelle","twitter_card":"summary_large_image","twitter_misc":{"\u00c9crit par":"La Sentinelle","Dur\u00e9e de lecture estim\u00e9e":"3 minutes"},"schema":{"@context":"https:\/\/schema.org","@graph":[{"@type":"Article","@id":"https:\/\/lasentinelle.dz\/index.php\/2022\/05\/10\/26e-conference-paix-et-liberte-pour-le-peuple-sahraoui-appel-a-la-fin-de-loccupation-marocaine\/#article","isPartOf":{"@id":"https:\/\/lasentinelle.dz\/index.php\/2022\/05\/10\/26e-conference-paix-et-liberte-pour-le-peuple-sahraoui-appel-a-la-fin-de-loccupation-marocaine\/"},"author":{"name":"La Sentinelle","@id":"https:\/\/lasentinelle.dz\/#\/schema\/person\/d865044e22e70a75174ce8bcad3acfb3"},"headline":"26e\u00a0Conf\u00e9rence \u00ab\u00a0paix et libert\u00e9 pour le peuple sahraoui\u00a0\u00bb\u00a0: Appel \u00e0 la fin de l&rsquo;occupation marocaine\u00a0","datePublished":"2022-05-09T23:01:00+00:00","mainEntityOfPage":{"@id":"https:\/\/lasentinelle.dz\/index.php\/2022\/05\/10\/26e-conference-paix-et-liberte-pour-le-peuple-sahraoui-appel-a-la-fin-de-loccupation-marocaine\/"},"wordCount":566,"commentCount":0,"publisher":{"@id":"https:\/\/lasentinelle.dz\/#organization"},"image":{"@id":"https:\/\/lasentinelle.dz\/index.php\/2022\/05\/10\/26e-conference-paix-et-liberte-pour-le-peuple-sahraoui-appel-a-la-fin-de-loccupation-marocaine\/#primaryimage"},"thumbnailUrl":"https:\/\/lasentinelle.dz\/wp-content\/uploads\/2022\/05\/ssss.png","articleSection":["Monde"],"inLanguage":"fr-FR","potentialAction":[{"@type":"CommentAction","name":"Comment","target":["https:\/\/lasentinelle.dz\/index.php\/2022\/05\/10\/26e-conference-paix-et-liberte-pour-le-peuple-sahraoui-appel-a-la-fin-de-loccupation-marocaine\/#respond"]}]},{"@type":"WebPage","@id":"https:\/\/lasentinelle.dz\/index.php\/2022\/05\/10\/26e-conference-paix-et-liberte-pour-le-peuple-sahraoui-appel-a-la-fin-de-loccupation-marocaine\/","url":"https:\/\/lasentinelle.dz\/index.php\/2022\/05\/10\/26e-conference-paix-et-liberte-pour-le-peuple-sahraoui-appel-a-la-fin-de-loccupation-marocaine\/","name":"26e\u00a0Conf\u00e9rence \"paix et libert\u00e9 pour le peuple sahraoui\"\u00a0: Appel \u00e0 la fin de l'occupation marocaine\u00a0 - La Sentinelle","isPartOf":{"@id":"https:\/\/lasentinelle.dz\/#website"},"primaryImageOfPage":{"@id":"https:\/\/lasentinelle.dz\/index.php\/2022\/05\/10\/26e-conference-paix-et-liberte-pour-le-peuple-sahraoui-appel-a-la-fin-de-loccupation-marocaine\/#primaryimage"},"image":{"@id":"https:\/\/lasentinelle.dz\/index.php\/2022\/05\/10\/26e-conference-paix-et-liberte-pour-le-peuple-sahraoui-appel-a-la-fin-de-loccupation-marocaine\/#primaryimage"},"thumbnailUrl":"https:\/\/lasentinelle.dz\/wp-content\/uploads\/2022\/05\/ssss.png","datePublished":"2022-05-09T23:01:00+00:00","breadcrumb":{"@id":"https:\/\/lasentinelle.dz\/index.php\/2022\/05\/10\/26e-conference-paix-et-liberte-pour-le-peuple-sahraoui-appel-a-la-fin-de-loccupation-marocaine\/#breadcrumb"},"inLanguage":"fr-FR","potentialAction":[{"@type":"ReadAction","target":["https:\/\/lasentinelle.dz\/index.php\/2022\/05\/10\/26e-conference-paix-et-liberte-pour-le-peuple-sahraoui-appel-a-la-fin-de-loccupation-marocaine\/"]}]},{"@type":"ImageObject","inLanguage":"fr-FR","@id":"https:\/\/lasentinelle.dz\/index.php\/2022\/05\/10\/26e-conference-paix-et-liberte-pour-le-peuple-sahraoui-appel-a-la-fin-de-loccupation-marocaine\/#primaryimage","url":"https:\/\/lasentinelle.dz\/wp-content\/uploads\/2022\/05\/ssss.png","contentUrl":"https:\/\/lasentinelle.dz\/wp-content\/uploads\/2022\/05\/ssss.png","width":1491,"height":900},{"@type":"BreadcrumbList","@id":"https:\/\/lasentinelle.dz\/index.php\/2022\/05\/10\/26e-conference-paix-et-liberte-pour-le-peuple-sahraoui-appel-a-la-fin-de-loccupation-marocaine\/#breadcrumb","itemListElement":[{"@type":"ListItem","position":1,"name":"Accueil","item":"https:\/\/lasentinelle.dz\/"},{"@type":"ListItem","position":2,"name":"26e\u00a0Conf\u00e9rence \u00ab\u00a0paix et libert\u00e9 pour le peuple sahraoui\u00a0\u00bb\u00a0: Appel \u00e0 la fin de l&rsquo;occupation marocaine\u00a0"}]},{"@type":"WebSite","@id":"https:\/\/lasentinelle.dz\/#website","url":"https:\/\/lasentinelle.dz\/","name":"La Sentinelle","description":"Quotidien national d&#039;information","publisher":{"@id":"https:\/\/lasentinelle.dz\/#organization"},"potentialAction":[{"@type":"SearchAction","target":{"@type":"EntryPoint","urlTemplate":"https:\/\/lasentinelle.dz\/?s={search_term_string}"},"query-input":{"@type":"PropertyValueSpecification","valueRequired":true,"valueName":"search_term_string"}}],"inLanguage":"fr-FR"},{"@type":"Organization","@id":"https:\/\/lasentinelle.dz\/#organization","name":"Quotidien La Sentinelle","url":"https:\/\/lasentinelle.dz\/","logo":{"@type":"ImageObject","inLanguage":"fr-FR","@id":"https:\/\/lasentinelle.dz\/#\/schema\/logo\/image\/","url":"https:\/\/lasentinelle.dz\/wp-content\/uploads\/2021\/09\/logo-sentinelleSLOGAN-1.png","contentUrl":"https:\/\/lasentinelle.dz\/wp-content\/uploads\/2021\/09\/logo-sentinelleSLOGAN-1.png","width":615,"height":142,"caption":"Quotidien La Sentinelle"},"image":{"@id":"https:\/\/lasentinelle.dz\/#\/schema\/logo\/image\/"},"sameAs":["https:\/\/www.facebook.com\/La-Sentinelle-104059864394773"]},{"@type":"Person","@id":"https:\/\/lasentinelle.dz\/#\/schema\/person\/d865044e22e70a75174ce8bcad3acfb3","name":"La Sentinelle","image":{"@type":"ImageObject","inLanguage":"fr-FR","@id":"https:\/\/secure.gravatar.com\/avatar\/57de8e5d4b15d43fb361a71fbb36338450fe67865b528a43dd10ef7c51a20392?s=96&d=mm&r=g","url":"https:\/\/secure.gravatar.com\/avatar\/57de8e5d4b15d43fb361a71fbb36338450fe67865b528a43dd10ef7c51a20392?s=96&d=mm&r=g","contentUrl":"https:\/\/secure.gravatar.com\/avatar\/57de8e5d4b15d43fb361a71fbb36338450fe67865b528a43dd10ef7c51a20392?s=96&d=mm&r=g","caption":"La Sentinelle"},"sameAs":["http:\/\/www.lasentinelle.dz"],"url":"https:\/\/lasentinelle.dz\/author\/redaction\/"}]}},"_links":{"self":[{"href":"https:\/\/lasentinelle.dz\/index.php\/wp-json\/wp\/v2\/posts\/20767","targetHints":{"allow":["GET"]}}],"collection":[{"href":"https:\/\/lasentinelle.dz\/index.php\/wp-json\/wp\/v2\/posts"}],"about":[{"href":"https:\/\/lasentinelle.dz\/index.php\/wp-json\/wp\/v2\/types\/post"}],"author":[{"embeddable":true,"href":"https:\/\/lasentinelle.dz\/index.php\/wp-json\/wp\/v2\/users\/3"}],"replies":[{"embeddable":true,"href":"https:\/\/lasentinelle.dz\/index.php\/wp-json\/wp\/v2\/comments?post=20767"}],"version-history":[{"count":1,"href":"https:\/\/lasentinelle.dz\/index.php\/wp-json\/wp\/v2\/posts\/20767\/revisions"}],"predecessor-version":[{"id":20787,"href":"https:\/\/lasentinelle.dz\/index.php\/wp-json\/wp\/v2\/posts\/20767\/revisions\/20787"}],"wp:featuredmedia":[{"embeddable":true,"href":"https:\/\/lasentinelle.dz\/index.php\/wp-json\/wp\/v2\/media\/20786"}],"wp:attachment":[{"href":"https:\/\/lasentinelle.dz\/index.php\/wp-json\/wp\/v2\/media?parent=20767"}],"wp:term":[{"taxonomy":"category","embeddable":true,"href":"https:\/\/lasentinelle.dz\/index.php\/wp-json\/wp\/v2\/categories?post=20767"},{"taxonomy":"post_tag","embeddable":true,"href":"https:\/\/lasentinelle.dz\/index.php\/wp-json\/wp\/v2\/tags?post=20767"}],"curies":[{"name":"wp","href":"https:\/\/api.w.org\/{rel}","templated":true}]}}