{"id":20769,"date":"2022-05-10T00:01:00","date_gmt":"2022-05-09T23:01:00","guid":{"rendered":"https:\/\/lasentinelle.dz\/?p=20769"},"modified":"2022-05-09T16:18:48","modified_gmt":"2022-05-09T15:18:48","slug":"jeux-mediterraneens-2022-oran-et-mascara-mettent-les-bouchees-doubles","status":"publish","type":"post","link":"https:\/\/lasentinelle.dz\/index.php\/2022\/05\/10\/jeux-mediterraneens-2022-oran-et-mascara-mettent-les-bouchees-doubles\/","title":{"rendered":"Jeux m\u00e9diterran\u00e9ens\u00a02022\u00a0:\u00a0Oran et Mascara mettent les bouch\u00e9es doubles"},"content":{"rendered":"\n<p>Alors que les pr\u00e9paratifs pour les JM-2022 sont \u00e0 leur dernier virage, les deux wilayas phares de l\u2019Ouest, Oran et Mascara,&nbsp;redoublent d\u2019efforts en donnant leur meilleure image.&nbsp;<\/p>\n\n\n\n<p>C\u2019est \u00e0 partir de Mohammadia (ex-Perr\u00e9gaux) que le wali de Mascara, Abdelkhalek Sayouda, a donn\u00e9 le coup d\u2019envoi d\u2019une caravane de promotion de la 19e \u00e9dition des Jeux m\u00e9diterran\u00e9ens, qui aura lieu \u00e0 Oran du 25 juin au 6 juillet 2022. Cette caravane co\u00efncide avec la c\u00e9l\u00e9bration de la Journ\u00e9e nationale de la m\u00e9moire, laquelle propose un riche programme d\u2019activit\u00e9s de promotion des JM dont une partie des comp\u00e9titions sera abrit\u00e9e par le nouveau p\u00f4le sportif de la commune de Sig dans la wilaya de Mascara. Un programme qui comporte des expositions de photos et d\u2019affiches, de la musique, des spectacles folkloriques, en plus de la distribution de d\u00e9pliants aux enfants et jeunes contenant des informations sur les infrastructures que regroupe le p\u00f4le sportif de Sig. A la faveur de cette initiative de la Direction de la Jeunesse et des sports de Mascara, sont programm\u00e9es \u00e9galement des visites guid\u00e9es pour enfants et jeunes \u00e0 des zones rurales enclav\u00e9es de la wilaya et au p\u00f4le sportif de Sig. Les autorit\u00e9s de wilaya ont suivi un documentaire vid\u00e9o de promotion propre au nouveau p\u00f4le sportif et le boulodrome. D\u2019autre part, le wali de Mascara a lanc\u00e9 le concours du meilleur article et meilleur dessin sur la m\u00e9moire, organis\u00e9s par les directions de la Culture et des arts, de la Jeunesse&nbsp;&nbsp;et des sports et de l\u2019Action sociale et de la solidarit\u00e9.<\/p>\n\n\n\n<p><strong>Les m<\/strong><strong>\u00e9dias se mettent pleinement de la partie<\/strong><\/p>\n\n\n\n<p>Pour leur part, des repr\u00e9sentants d\u2019organes de presse dans la wilaya d\u2019Oran ont appel\u00e9 \u00e0 une participation active des journalistes alg\u00e9riens \u00e0 la promotion de l\u2019image de l\u2019Alg\u00e9rie, \u00e0 l\u2019occasion de la 19e \u00e9dition des Jeux m\u00e9diterran\u00e9ens, qu\u2019abritera la capitale de l\u2019Ouest du pays l\u2019\u00e9t\u00e9 prochain. Les participants \u00e0 un colloque sur le th\u00e8me \u00abStrat\u00e9gie de couverture m\u00e9diatique des Jeux m\u00e9diterran\u00e9ens\u00bb, organis\u00e9 par le bureau de wilaya du Forum national des journalistes alg\u00e9riens \u00e0 l&rsquo;occasion de la journ\u00e9e mondiale de la libert\u00e9 de la presse, ont soulign\u00e9 que \u00ables professionnels des m\u00e9dias alg\u00e9riens devront participer activement et consciemment \u00e0 la promotion de l&rsquo;image de l&rsquo;Alg\u00e9rie avant, pendant et apr\u00e8s cet \u00e9v\u00e9nement sportif m\u00e9diterran\u00e9en qui se d\u00e9roulera du 25 juin au 6 juillet prochains\u00bb. Ils ont d\u00e9clar\u00e9 que \u00ables professionnels des m\u00e9dias alg\u00e9riens devront avoir pour objectif de servir et de d\u00e9fendre l&rsquo;Alg\u00e9rie \u00e0 l&rsquo;occasion de ces jeux sur lesquelles seront braqu\u00e9s les yeux \u00e0 l\u2019\u00e9chelle internationale\u00bb. L\u2019enjeu est d\u2019autant plus de taille que, indiquent les organisateurs de cette rencontre, \u00ab les professionnels des m\u00e9dias alg\u00e9riens devront \u0153uvrer pendant les JM \u00e0 affronter des plumes \u00e9trang\u00e8res malintentionn\u00e9es qui cherchent encore \u00e0 nuire \u00e0 l&rsquo;image de l&rsquo;Alg\u00e9rie, \u00e0 contrecarrer l&rsquo;organisation de cette manifestation sportive et \u00e0 d\u00e9courager les organisateurs en publiant des informations fausses et mensong\u00e8res\u00bb. Le comit\u00e9 d&rsquo;organisation des 19e Jeux m\u00e9diterran\u00e9ens a \u00e9t\u00e9 appel\u00e9 \u00ab\u00e0 accorder plus d&rsquo;attention \u00e0 la coordination avec les journalistes alg\u00e9riens et \u00e0 l&rsquo;\u00e9laboration d&rsquo;un plan d&rsquo;action commun bas\u00e9 sur une vision claire de la mani\u00e8re de promouvoir une belle image de l&rsquo;Alg\u00e9rie \u00e0 l&rsquo;\u00e9tranger\u00bb. Dans les prochains jours, le comit\u00e9 d&rsquo;organisation des JM pr\u00e9sentera un ensemble de recommandations \u00e9manant de cette rencontre, selon le chef du bureau de wilaya du Forum national des journalistes alg\u00e9riens, Bakhta Bacha. Par la m\u00eame occasion, plusieurs personnalit\u00e9s des m\u00e9dias oranais ont \u00e9t\u00e9 honor\u00e9es, dont des retrait\u00e9s qui ont pass\u00e9 de nombreuses ann\u00e9es dans le journalisme.<\/p>\n\n\n\n<p><strong>Kada Benrahil<\/strong><\/p>\n","protected":false},"excerpt":{"rendered":"<p>Alors que les pr\u00e9paratifs pour les JM-2022 sont \u00e0 leur dernier virage, les deux wilayas phares de l\u2019Ouest, Oran et<\/p>\n","protected":false},"author":3,"featured_media":20773,"comment_status":"open","ping_status":"closed","sticky":false,"template":"","format":"standard","meta":{"colormag_page_container_layout":"default_layout","colormag_page_sidebar_layout":"default_layout","om_disable_all_campaigns":false,"_monsterinsights_skip_tracking":false,"_monsterinsights_sitenote_active":false,"_monsterinsights_sitenote_note":"","_monsterinsights_sitenote_category":0,"footnotes":"","_wpscppro_dont_share_socialmedia":false,"_wpscppro_custom_social_share_image":0,"_facebook_share_type":"","_twitter_share_type":"","_linkedin_share_type":"","_pinterest_share_type":"","_linkedin_share_type_page":"","_instagram_share_type":"","_medium_share_type":"","_threads_share_type":"","_google_business_share_type":"","_selected_social_profile":[],"_wpsp_enable_custom_social_template":false,"_wpsp_social_scheduling":{"enabled":false,"datetime":null,"platforms":[],"status":"template_only","dateOption":"today","timeOption":"now","customDays":"","customHours":"","customDate":"","customTime":"","schedulingType":"absolute"},"_wpsp_active_default_template":true},"categories":[33],"tags":[],"class_list":["post-20769","post","type-post","status-publish","format-standard","has-post-thumbnail","hentry","category-sports"],"aioseo_notices":[],"yoast_head":"<!-- This site is optimized with the Yoast SEO plugin v27.5 - https:\/\/yoast.com\/product\/yoast-seo-wordpress\/ -->\n<title>Jeux m\u00e9diterran\u00e9ens\u00a02022\u00a0:\u00a0Oran et Mascara mettent les bouch\u00e9es doubles - La Sentinelle<\/title>\n<meta name=\"robots\" content=\"index, follow, max-snippet:-1, max-image-preview:large, max-video-preview:-1\" \/>\n<link rel=\"canonical\" href=\"https:\/\/lasentinelle.dz\/index.php\/2022\/05\/10\/jeux-mediterraneens-2022-oran-et-mascara-mettent-les-bouchees-doubles\/\" \/>\n<meta property=\"og:locale\" content=\"fr_FR\" \/>\n<meta property=\"og:type\" content=\"article\" \/>\n<meta property=\"og:title\" content=\"Jeux m\u00e9diterran\u00e9ens\u00a02022\u00a0:\u00a0Oran et Mascara mettent les bouch\u00e9es doubles - La Sentinelle\" \/>\n<meta property=\"og:description\" content=\"Alors que les pr\u00e9paratifs pour les JM-2022 sont \u00e0 leur dernier virage, les deux wilayas phares de l\u2019Ouest, Oran et\" \/>\n<meta property=\"og:url\" content=\"https:\/\/lasentinelle.dz\/index.php\/2022\/05\/10\/jeux-mediterraneens-2022-oran-et-mascara-mettent-les-bouchees-doubles\/\" \/>\n<meta property=\"og:site_name\" content=\"La Sentinelle\" \/>\n<meta property=\"article:publisher\" content=\"https:\/\/www.facebook.com\/La-Sentinelle-104059864394773\" \/>\n<meta property=\"article:published_time\" content=\"2022-05-09T23:01:00+00:00\" \/>\n<meta property=\"og:image\" content=\"https:\/\/lasentinelle.dz\/wp-content\/uploads\/2022\/05\/jeux.jpg\" \/>\n\t<meta property=\"og:image:width\" content=\"855\" \/>\n\t<meta property=\"og:image:height\" content=\"516\" \/>\n\t<meta property=\"og:image:type\" content=\"image\/jpeg\" \/>\n<meta name=\"author\" content=\"La Sentinelle\" \/>\n<meta name=\"twitter:card\" content=\"summary_large_image\" \/>\n<meta name=\"twitter:label1\" content=\"\u00c9crit par\" \/>\n\t<meta name=\"twitter:data1\" content=\"La Sentinelle\" \/>\n\t<meta name=\"twitter:label2\" content=\"Dur\u00e9e de lecture estim\u00e9e\" \/>\n\t<meta name=\"twitter:data2\" content=\"3 minutes\" \/>\n<script type=\"application\/ld+json\" class=\"yoast-schema-graph\">{\"@context\":\"https:\\\/\\\/schema.org\",\"@graph\":[{\"@type\":\"Article\",\"@id\":\"https:\\\/\\\/lasentinelle.dz\\\/index.php\\\/2022\\\/05\\\/10\\\/jeux-mediterraneens-2022-oran-et-mascara-mettent-les-bouchees-doubles\\\/#article\",\"isPartOf\":{\"@id\":\"https:\\\/\\\/lasentinelle.dz\\\/index.php\\\/2022\\\/05\\\/10\\\/jeux-mediterraneens-2022-oran-et-mascara-mettent-les-bouchees-doubles\\\/\"},\"author\":{\"name\":\"La Sentinelle\",\"@id\":\"https:\\\/\\\/lasentinelle.dz\\\/#\\\/schema\\\/person\\\/d865044e22e70a75174ce8bcad3acfb3\"},\"headline\":\"Jeux m\u00e9diterran\u00e9ens\u00a02022\u00a0:\u00a0Oran et Mascara mettent les bouch\u00e9es doubles\",\"datePublished\":\"2022-05-09T23:01:00+00:00\",\"mainEntityOfPage\":{\"@id\":\"https:\\\/\\\/lasentinelle.dz\\\/index.php\\\/2022\\\/05\\\/10\\\/jeux-mediterraneens-2022-oran-et-mascara-mettent-les-bouchees-doubles\\\/\"},\"wordCount\":679,\"commentCount\":0,\"publisher\":{\"@id\":\"https:\\\/\\\/lasentinelle.dz\\\/#organization\"},\"image\":{\"@id\":\"https:\\\/\\\/lasentinelle.dz\\\/index.php\\\/2022\\\/05\\\/10\\\/jeux-mediterraneens-2022-oran-et-mascara-mettent-les-bouchees-doubles\\\/#primaryimage\"},\"thumbnailUrl\":\"https:\\\/\\\/lasentinelle.dz\\\/wp-content\\\/uploads\\\/2022\\\/05\\\/jeux.jpg\",\"articleSection\":[\"Sports\"],\"inLanguage\":\"fr-FR\",\"potentialAction\":[{\"@type\":\"CommentAction\",\"name\":\"Comment\",\"target\":[\"https:\\\/\\\/lasentinelle.dz\\\/index.php\\\/2022\\\/05\\\/10\\\/jeux-mediterraneens-2022-oran-et-mascara-mettent-les-bouchees-doubles\\\/#respond\"]}]},{\"@type\":\"WebPage\",\"@id\":\"https:\\\/\\\/lasentinelle.dz\\\/index.php\\\/2022\\\/05\\\/10\\\/jeux-mediterraneens-2022-oran-et-mascara-mettent-les-bouchees-doubles\\\/\",\"url\":\"https:\\\/\\\/lasentinelle.dz\\\/index.php\\\/2022\\\/05\\\/10\\\/jeux-mediterraneens-2022-oran-et-mascara-mettent-les-bouchees-doubles\\\/\",\"name\":\"Jeux m\u00e9diterran\u00e9ens\u00a02022\u00a0:\u00a0Oran et Mascara mettent les bouch\u00e9es doubles - La Sentinelle\",\"isPartOf\":{\"@id\":\"https:\\\/\\\/lasentinelle.dz\\\/#website\"},\"primaryImageOfPage\":{\"@id\":\"https:\\\/\\\/lasentinelle.dz\\\/index.php\\\/2022\\\/05\\\/10\\\/jeux-mediterraneens-2022-oran-et-mascara-mettent-les-bouchees-doubles\\\/#primaryimage\"},\"image\":{\"@id\":\"https:\\\/\\\/lasentinelle.dz\\\/index.php\\\/2022\\\/05\\\/10\\\/jeux-mediterraneens-2022-oran-et-mascara-mettent-les-bouchees-doubles\\\/#primaryimage\"},\"thumbnailUrl\":\"https:\\\/\\\/lasentinelle.dz\\\/wp-content\\\/uploads\\\/2022\\\/05\\\/jeux.jpg\",\"datePublished\":\"2022-05-09T23:01:00+00:00\",\"breadcrumb\":{\"@id\":\"https:\\\/\\\/lasentinelle.dz\\\/index.php\\\/2022\\\/05\\\/10\\\/jeux-mediterraneens-2022-oran-et-mascara-mettent-les-bouchees-doubles\\\/#breadcrumb\"},\"inLanguage\":\"fr-FR\",\"potentialAction\":[{\"@type\":\"ReadAction\",\"target\":[\"https:\\\/\\\/lasentinelle.dz\\\/index.php\\\/2022\\\/05\\\/10\\\/jeux-mediterraneens-2022-oran-et-mascara-mettent-les-bouchees-doubles\\\/\"]}]},{\"@type\":\"ImageObject\",\"inLanguage\":\"fr-FR\",\"@id\":\"https:\\\/\\\/lasentinelle.dz\\\/index.php\\\/2022\\\/05\\\/10\\\/jeux-mediterraneens-2022-oran-et-mascara-mettent-les-bouchees-doubles\\\/#primaryimage\",\"url\":\"https:\\\/\\\/lasentinelle.dz\\\/wp-content\\\/uploads\\\/2022\\\/05\\\/jeux.jpg\",\"contentUrl\":\"https:\\\/\\\/lasentinelle.dz\\\/wp-content\\\/uploads\\\/2022\\\/05\\\/jeux.jpg\",\"width\":855,\"height\":516},{\"@type\":\"BreadcrumbList\",\"@id\":\"https:\\\/\\\/lasentinelle.dz\\\/index.php\\\/2022\\\/05\\\/10\\\/jeux-mediterraneens-2022-oran-et-mascara-mettent-les-bouchees-doubles\\\/#breadcrumb\",\"itemListElement\":[{\"@type\":\"ListItem\",\"position\":1,\"name\":\"Accueil\",\"item\":\"https:\\\/\\\/lasentinelle.dz\\\/\"},{\"@type\":\"ListItem\",\"position\":2,\"name\":\"Jeux m\u00e9diterran\u00e9ens\u00a02022\u00a0:\u00a0Oran et Mascara mettent les bouch\u00e9es doubles\"}]},{\"@type\":\"WebSite\",\"@id\":\"https:\\\/\\\/lasentinelle.dz\\\/#website\",\"url\":\"https:\\\/\\\/lasentinelle.dz\\\/\",\"name\":\"La Sentinelle\",\"description\":\"Quotidien national d&#039;information\",\"publisher\":{\"@id\":\"https:\\\/\\\/lasentinelle.dz\\\/#organization\"},\"potentialAction\":[{\"@type\":\"SearchAction\",\"target\":{\"@type\":\"EntryPoint\",\"urlTemplate\":\"https:\\\/\\\/lasentinelle.dz\\\/?s={search_term_string}\"},\"query-input\":{\"@type\":\"PropertyValueSpecification\",\"valueRequired\":true,\"valueName\":\"search_term_string\"}}],\"inLanguage\":\"fr-FR\"},{\"@type\":\"Organization\",\"@id\":\"https:\\\/\\\/lasentinelle.dz\\\/#organization\",\"name\":\"Quotidien La Sentinelle\",\"url\":\"https:\\\/\\\/lasentinelle.dz\\\/\",\"logo\":{\"@type\":\"ImageObject\",\"inLanguage\":\"fr-FR\",\"@id\":\"https:\\\/\\\/lasentinelle.dz\\\/#\\\/schema\\\/logo\\\/image\\\/\",\"url\":\"https:\\\/\\\/lasentinelle.dz\\\/wp-content\\\/uploads\\\/2021\\\/09\\\/logo-sentinelleSLOGAN-1.png\",\"contentUrl\":\"https:\\\/\\\/lasentinelle.dz\\\/wp-content\\\/uploads\\\/2021\\\/09\\\/logo-sentinelleSLOGAN-1.png\",\"width\":615,\"height\":142,\"caption\":\"Quotidien La Sentinelle\"},\"image\":{\"@id\":\"https:\\\/\\\/lasentinelle.dz\\\/#\\\/schema\\\/logo\\\/image\\\/\"},\"sameAs\":[\"https:\\\/\\\/www.facebook.com\\\/La-Sentinelle-104059864394773\"]},{\"@type\":\"Person\",\"@id\":\"https:\\\/\\\/lasentinelle.dz\\\/#\\\/schema\\\/person\\\/d865044e22e70a75174ce8bcad3acfb3\",\"name\":\"La Sentinelle\",\"image\":{\"@type\":\"ImageObject\",\"inLanguage\":\"fr-FR\",\"@id\":\"https:\\\/\\\/secure.gravatar.com\\\/avatar\\\/57de8e5d4b15d43fb361a71fbb36338450fe67865b528a43dd10ef7c51a20392?s=96&d=mm&r=g\",\"url\":\"https:\\\/\\\/secure.gravatar.com\\\/avatar\\\/57de8e5d4b15d43fb361a71fbb36338450fe67865b528a43dd10ef7c51a20392?s=96&d=mm&r=g\",\"contentUrl\":\"https:\\\/\\\/secure.gravatar.com\\\/avatar\\\/57de8e5d4b15d43fb361a71fbb36338450fe67865b528a43dd10ef7c51a20392?s=96&d=mm&r=g\",\"caption\":\"La Sentinelle\"},\"sameAs\":[\"http:\\\/\\\/www.lasentinelle.dz\"],\"url\":\"https:\\\/\\\/lasentinelle.dz\\\/author\\\/redaction\\\/\"}]}<\/script>\n<!-- \/ Yoast SEO plugin. -->","yoast_head_json":{"title":"Jeux m\u00e9diterran\u00e9ens\u00a02022\u00a0:\u00a0Oran et Mascara mettent les bouch\u00e9es doubles - La Sentinelle","robots":{"index":"index","follow":"follow","max-snippet":"max-snippet:-1","max-image-preview":"max-image-preview:large","max-video-preview":"max-video-preview:-1"},"canonical":"https:\/\/lasentinelle.dz\/index.php\/2022\/05\/10\/jeux-mediterraneens-2022-oran-et-mascara-mettent-les-bouchees-doubles\/","og_locale":"fr_FR","og_type":"article","og_title":"Jeux m\u00e9diterran\u00e9ens\u00a02022\u00a0:\u00a0Oran et Mascara mettent les bouch\u00e9es doubles - La Sentinelle","og_description":"Alors que les pr\u00e9paratifs pour les JM-2022 sont \u00e0 leur dernier virage, les deux wilayas phares de l\u2019Ouest, Oran et","og_url":"https:\/\/lasentinelle.dz\/index.php\/2022\/05\/10\/jeux-mediterraneens-2022-oran-et-mascara-mettent-les-bouchees-doubles\/","og_site_name":"La Sentinelle","article_publisher":"https:\/\/www.facebook.com\/La-Sentinelle-104059864394773","article_published_time":"2022-05-09T23:01:00+00:00","og_image":[{"width":855,"height":516,"url":"https:\/\/lasentinelle.dz\/wp-content\/uploads\/2022\/05\/jeux.jpg","type":"image\/jpeg"}],"author":"La Sentinelle","twitter_card":"summary_large_image","twitter_misc":{"\u00c9crit par":"La Sentinelle","Dur\u00e9e de lecture estim\u00e9e":"3 minutes"},"schema":{"@context":"https:\/\/schema.org","@graph":[{"@type":"Article","@id":"https:\/\/lasentinelle.dz\/index.php\/2022\/05\/10\/jeux-mediterraneens-2022-oran-et-mascara-mettent-les-bouchees-doubles\/#article","isPartOf":{"@id":"https:\/\/lasentinelle.dz\/index.php\/2022\/05\/10\/jeux-mediterraneens-2022-oran-et-mascara-mettent-les-bouchees-doubles\/"},"author":{"name":"La Sentinelle","@id":"https:\/\/lasentinelle.dz\/#\/schema\/person\/d865044e22e70a75174ce8bcad3acfb3"},"headline":"Jeux m\u00e9diterran\u00e9ens\u00a02022\u00a0:\u00a0Oran et Mascara mettent les bouch\u00e9es doubles","datePublished":"2022-05-09T23:01:00+00:00","mainEntityOfPage":{"@id":"https:\/\/lasentinelle.dz\/index.php\/2022\/05\/10\/jeux-mediterraneens-2022-oran-et-mascara-mettent-les-bouchees-doubles\/"},"wordCount":679,"commentCount":0,"publisher":{"@id":"https:\/\/lasentinelle.dz\/#organization"},"image":{"@id":"https:\/\/lasentinelle.dz\/index.php\/2022\/05\/10\/jeux-mediterraneens-2022-oran-et-mascara-mettent-les-bouchees-doubles\/#primaryimage"},"thumbnailUrl":"https:\/\/lasentinelle.dz\/wp-content\/uploads\/2022\/05\/jeux.jpg","articleSection":["Sports"],"inLanguage":"fr-FR","potentialAction":[{"@type":"CommentAction","name":"Comment","target":["https:\/\/lasentinelle.dz\/index.php\/2022\/05\/10\/jeux-mediterraneens-2022-oran-et-mascara-mettent-les-bouchees-doubles\/#respond"]}]},{"@type":"WebPage","@id":"https:\/\/lasentinelle.dz\/index.php\/2022\/05\/10\/jeux-mediterraneens-2022-oran-et-mascara-mettent-les-bouchees-doubles\/","url":"https:\/\/lasentinelle.dz\/index.php\/2022\/05\/10\/jeux-mediterraneens-2022-oran-et-mascara-mettent-les-bouchees-doubles\/","name":"Jeux m\u00e9diterran\u00e9ens\u00a02022\u00a0:\u00a0Oran et Mascara mettent les bouch\u00e9es doubles - La Sentinelle","isPartOf":{"@id":"https:\/\/lasentinelle.dz\/#website"},"primaryImageOfPage":{"@id":"https:\/\/lasentinelle.dz\/index.php\/2022\/05\/10\/jeux-mediterraneens-2022-oran-et-mascara-mettent-les-bouchees-doubles\/#primaryimage"},"image":{"@id":"https:\/\/lasentinelle.dz\/index.php\/2022\/05\/10\/jeux-mediterraneens-2022-oran-et-mascara-mettent-les-bouchees-doubles\/#primaryimage"},"thumbnailUrl":"https:\/\/lasentinelle.dz\/wp-content\/uploads\/2022\/05\/jeux.jpg","datePublished":"2022-05-09T23:01:00+00:00","breadcrumb":{"@id":"https:\/\/lasentinelle.dz\/index.php\/2022\/05\/10\/jeux-mediterraneens-2022-oran-et-mascara-mettent-les-bouchees-doubles\/#breadcrumb"},"inLanguage":"fr-FR","potentialAction":[{"@type":"ReadAction","target":["https:\/\/lasentinelle.dz\/index.php\/2022\/05\/10\/jeux-mediterraneens-2022-oran-et-mascara-mettent-les-bouchees-doubles\/"]}]},{"@type":"ImageObject","inLanguage":"fr-FR","@id":"https:\/\/lasentinelle.dz\/index.php\/2022\/05\/10\/jeux-mediterraneens-2022-oran-et-mascara-mettent-les-bouchees-doubles\/#primaryimage","url":"https:\/\/lasentinelle.dz\/wp-content\/uploads\/2022\/05\/jeux.jpg","contentUrl":"https:\/\/lasentinelle.dz\/wp-content\/uploads\/2022\/05\/jeux.jpg","width":855,"height":516},{"@type":"BreadcrumbList","@id":"https:\/\/lasentinelle.dz\/index.php\/2022\/05\/10\/jeux-mediterraneens-2022-oran-et-mascara-mettent-les-bouchees-doubles\/#breadcrumb","itemListElement":[{"@type":"ListItem","position":1,"name":"Accueil","item":"https:\/\/lasentinelle.dz\/"},{"@type":"ListItem","position":2,"name":"Jeux m\u00e9diterran\u00e9ens\u00a02022\u00a0:\u00a0Oran et Mascara mettent les bouch\u00e9es doubles"}]},{"@type":"WebSite","@id":"https:\/\/lasentinelle.dz\/#website","url":"https:\/\/lasentinelle.dz\/","name":"La Sentinelle","description":"Quotidien national d&#039;information","publisher":{"@id":"https:\/\/lasentinelle.dz\/#organization"},"potentialAction":[{"@type":"SearchAction","target":{"@type":"EntryPoint","urlTemplate":"https:\/\/lasentinelle.dz\/?s={search_term_string}"},"query-input":{"@type":"PropertyValueSpecification","valueRequired":true,"valueName":"search_term_string"}}],"inLanguage":"fr-FR"},{"@type":"Organization","@id":"https:\/\/lasentinelle.dz\/#organization","name":"Quotidien La Sentinelle","url":"https:\/\/lasentinelle.dz\/","logo":{"@type":"ImageObject","inLanguage":"fr-FR","@id":"https:\/\/lasentinelle.dz\/#\/schema\/logo\/image\/","url":"https:\/\/lasentinelle.dz\/wp-content\/uploads\/2021\/09\/logo-sentinelleSLOGAN-1.png","contentUrl":"https:\/\/lasentinelle.dz\/wp-content\/uploads\/2021\/09\/logo-sentinelleSLOGAN-1.png","width":615,"height":142,"caption":"Quotidien La Sentinelle"},"image":{"@id":"https:\/\/lasentinelle.dz\/#\/schema\/logo\/image\/"},"sameAs":["https:\/\/www.facebook.com\/La-Sentinelle-104059864394773"]},{"@type":"Person","@id":"https:\/\/lasentinelle.dz\/#\/schema\/person\/d865044e22e70a75174ce8bcad3acfb3","name":"La Sentinelle","image":{"@type":"ImageObject","inLanguage":"fr-FR","@id":"https:\/\/secure.gravatar.com\/avatar\/57de8e5d4b15d43fb361a71fbb36338450fe67865b528a43dd10ef7c51a20392?s=96&d=mm&r=g","url":"https:\/\/secure.gravatar.com\/avatar\/57de8e5d4b15d43fb361a71fbb36338450fe67865b528a43dd10ef7c51a20392?s=96&d=mm&r=g","contentUrl":"https:\/\/secure.gravatar.com\/avatar\/57de8e5d4b15d43fb361a71fbb36338450fe67865b528a43dd10ef7c51a20392?s=96&d=mm&r=g","caption":"La Sentinelle"},"sameAs":["http:\/\/www.lasentinelle.dz"],"url":"https:\/\/lasentinelle.dz\/author\/redaction\/"}]}},"_links":{"self":[{"href":"https:\/\/lasentinelle.dz\/index.php\/wp-json\/wp\/v2\/posts\/20769","targetHints":{"allow":["GET"]}}],"collection":[{"href":"https:\/\/lasentinelle.dz\/index.php\/wp-json\/wp\/v2\/posts"}],"about":[{"href":"https:\/\/lasentinelle.dz\/index.php\/wp-json\/wp\/v2\/types\/post"}],"author":[{"embeddable":true,"href":"https:\/\/lasentinelle.dz\/index.php\/wp-json\/wp\/v2\/users\/3"}],"replies":[{"embeddable":true,"href":"https:\/\/lasentinelle.dz\/index.php\/wp-json\/wp\/v2\/comments?post=20769"}],"version-history":[{"count":1,"href":"https:\/\/lasentinelle.dz\/index.php\/wp-json\/wp\/v2\/posts\/20769\/revisions"}],"predecessor-version":[{"id":20774,"href":"https:\/\/lasentinelle.dz\/index.php\/wp-json\/wp\/v2\/posts\/20769\/revisions\/20774"}],"wp:featuredmedia":[{"embeddable":true,"href":"https:\/\/lasentinelle.dz\/index.php\/wp-json\/wp\/v2\/media\/20773"}],"wp:attachment":[{"href":"https:\/\/lasentinelle.dz\/index.php\/wp-json\/wp\/v2\/media?parent=20769"}],"wp:term":[{"taxonomy":"category","embeddable":true,"href":"https:\/\/lasentinelle.dz\/index.php\/wp-json\/wp\/v2\/categories?post=20769"},{"taxonomy":"post_tag","embeddable":true,"href":"https:\/\/lasentinelle.dz\/index.php\/wp-json\/wp\/v2\/tags?post=20769"}],"curies":[{"name":"wp","href":"https:\/\/api.w.org\/{rel}","templated":true}]}}