{"id":20780,"date":"2022-05-10T00:01:00","date_gmt":"2022-05-09T23:01:00","guid":{"rendered":"https:\/\/lasentinelle.dz\/?p=20780"},"modified":"2022-05-09T18:53:30","modified_gmt":"2022-05-09T17:53:30","slug":"rail-la-modernisation-de-la-gestion-de-la-sntf-et-de-lanesrif-en-question","status":"publish","type":"post","link":"https:\/\/lasentinelle.dz\/index.php\/2022\/05\/10\/rail-la-modernisation-de-la-gestion-de-la-sntf-et-de-lanesrif-en-question\/","title":{"rendered":"Rail\u00a0: La modernisation de la gestion de la SNTF et de l\u2019Anesrif en question"},"content":{"rendered":"\n<p>La modernisation et le d\u00e9veloppement des performances de la Soci\u00e9t\u00e9 nationale des transports ferroviaires (SNTF) et l\u2019Agence nationale d&rsquo;\u00e9tudes et de suivi de la r\u00e9alisation des investissements ferroviaires (ANESRIF) est une n\u00e9cessit\u00e9 imp\u00e9rieuse, a affirm\u00e9 hier le ministre des Transports,&nbsp;Abdellah Moundji&nbsp;au cours d\u2019une r\u00e9union qui a regroup\u00e9 des cadres du minist\u00e8re et des directeurs g\u00e9n\u00e9raux et cadres de ces deux entit\u00e9s. Dans cette optique, le ministre a pr\u00e9conis\u00e9 aux deux soci\u00e9t\u00e9s de \u00ab\u00a0s&rsquo;appuyer sur un syst\u00e8me d&rsquo;information global, notamment en ce qui concerne la gestion des ressources humaines, le d\u00e9veloppement des services en s&rsquo;appuyant sur la num\u00e9risation et les diff\u00e9rents outils \u00e9lectroniques, et la prise en charge des pr\u00e9occupations des citoyens, outre le recours aux diff\u00e9rentes technologiques disponibles dans le processus de communication en \u00e9largissant sa port\u00e9e\u00a0\u00bb.<\/p>\n\n\n\n<p>Le ministre des Transports qui recevait les responsables de ces deux entit\u00e9s n\u2019a pas manqu\u00e9 de mettre \u00e0 profit cette rencontre pour souligner l\u2019importance&nbsp;de leurs missions dans le d\u00e9veloppement \u00e9conomique et surtout le r\u00f4le important de ces derni\u00e8res dans la qualit\u00e9 de vie des citoyens alg\u00e9riens. Les deux soci\u00e9t\u00e9s assurent en effet une fonction sociale tr\u00e8s importante \u00e0 savoir la mobilit\u00e9 des populations. Aussi, M. Moudji consid\u00e8re que ces deux entit\u00e9s doivent \u00eatre \u00a0\u00bb \u00e0 la hauteur des aspirations des citoyens, car elles sont partie int\u00e9grante de leur vie quotidienne, en d\u00e9senclavant et en reliant les diff\u00e9rentes r\u00e9gions du pays, et elles contribuent de mani\u00e8re significative au d\u00e9veloppement des activit\u00e9s \u00e9conomiques et cr\u00e9ent un dynamisme durable \u00bb.<\/p>\n\n\n\n<p>De leur c\u00f4t\u00e9, les responsables des deux soci\u00e9t\u00e9s nationales des Transports ont mis \u00e0 profit cette occasion pour faire des expos\u00e9s sur la situation de leurs soci\u00e9t\u00e9s et lister les probl\u00e8mes rencontr\u00e9s en vue de trouver des solutions efficientes. Pour sa part, intervenant au cours de cette r\u00e9union, le directeur g\u00e9n\u00e9ral de la Soci\u00e9t\u00e9 Nationale des Transports Ferroviaires (SNTF) a fait un expos\u00e9 sur le situation de la soci\u00e9t\u00e9, ses activit\u00e9s et les diff\u00e9rents moyens dont elle dispose en ce qui concerne notamment le transport de voyageurs ou de marchandises, ainsi que la strat\u00e9gie \u00e9tablie et la nouvelle vision pour augmenter la performance de l&rsquo;entreprise \u00e0 court, moyen et long terme.&nbsp;<\/p>\n\n\n\n<p><strong>Akli Amor<\/strong><\/p>\n","protected":false},"excerpt":{"rendered":"<p>La modernisation et le d\u00e9veloppement des performances de la Soci\u00e9t\u00e9 nationale des transports ferroviaires (SNTF) et l\u2019Agence nationale d&rsquo;\u00e9tudes et<\/p>\n","protected":false},"author":3,"featured_media":20796,"comment_status":"open","ping_status":"closed","sticky":false,"template":"","format":"standard","meta":{"colormag_page_container_layout":"default_layout","colormag_page_sidebar_layout":"default_layout","om_disable_all_campaigns":false,"_monsterinsights_skip_tracking":false,"_monsterinsights_sitenote_active":false,"_monsterinsights_sitenote_note":"","_monsterinsights_sitenote_category":0,"footnotes":"","_wpscppro_dont_share_socialmedia":false,"_wpscppro_custom_social_share_image":0,"_facebook_share_type":"","_twitter_share_type":"","_linkedin_share_type":"","_pinterest_share_type":"","_linkedin_share_type_page":"","_instagram_share_type":"","_medium_share_type":"","_threads_share_type":"","_google_business_share_type":"","_selected_social_profile":[],"_wpsp_enable_custom_social_template":false,"_wpsp_social_scheduling":{"enabled":false,"datetime":null,"platforms":[],"status":"template_only","dateOption":"today","timeOption":"now","customDays":"","customHours":"","customDate":"","customTime":"","schedulingType":"absolute"},"_wpsp_active_default_template":true},"categories":[29],"tags":[],"class_list":["post-20780","post","type-post","status-publish","format-standard","has-post-thumbnail","hentry","category-economie"],"aioseo_notices":[],"yoast_head":"<!-- This site is optimized with the Yoast SEO plugin v27.5 - https:\/\/yoast.com\/product\/yoast-seo-wordpress\/ -->\n<title>Rail\u00a0: La modernisation de la gestion de la SNTF et de l\u2019Anesrif en question - La Sentinelle<\/title>\n<meta name=\"robots\" content=\"index, follow, max-snippet:-1, max-image-preview:large, max-video-preview:-1\" \/>\n<link rel=\"canonical\" href=\"https:\/\/lasentinelle.dz\/index.php\/2022\/05\/10\/rail-la-modernisation-de-la-gestion-de-la-sntf-et-de-lanesrif-en-question\/\" \/>\n<meta property=\"og:locale\" content=\"fr_FR\" \/>\n<meta property=\"og:type\" content=\"article\" \/>\n<meta property=\"og:title\" content=\"Rail\u00a0: La modernisation de la gestion de la SNTF et de l\u2019Anesrif en question - La Sentinelle\" \/>\n<meta property=\"og:description\" content=\"La modernisation et le d\u00e9veloppement des performances de la Soci\u00e9t\u00e9 nationale des transports ferroviaires (SNTF) et l\u2019Agence nationale d&rsquo;\u00e9tudes et\" \/>\n<meta property=\"og:url\" content=\"https:\/\/lasentinelle.dz\/index.php\/2022\/05\/10\/rail-la-modernisation-de-la-gestion-de-la-sntf-et-de-lanesrif-en-question\/\" \/>\n<meta property=\"og:site_name\" content=\"La Sentinelle\" \/>\n<meta property=\"article:publisher\" content=\"https:\/\/www.facebook.com\/La-Sentinelle-104059864394773\" \/>\n<meta property=\"article:published_time\" content=\"2022-05-09T23:01:00+00:00\" \/>\n<meta property=\"og:image\" content=\"https:\/\/lasentinelle.dz\/wp-content\/uploads\/2022\/05\/train-Alger-Constantine.png\" \/>\n\t<meta property=\"og:image:width\" content=\"1543\" \/>\n\t<meta property=\"og:image:height\" content=\"900\" \/>\n\t<meta property=\"og:image:type\" content=\"image\/png\" \/>\n<meta name=\"author\" content=\"La Sentinelle\" \/>\n<meta name=\"twitter:card\" content=\"summary_large_image\" \/>\n<meta name=\"twitter:label1\" content=\"\u00c9crit par\" \/>\n\t<meta name=\"twitter:data1\" content=\"La Sentinelle\" \/>\n\t<meta name=\"twitter:label2\" content=\"Dur\u00e9e de lecture estim\u00e9e\" \/>\n\t<meta name=\"twitter:data2\" content=\"2 minutes\" \/>\n<script type=\"application\/ld+json\" class=\"yoast-schema-graph\">{\"@context\":\"https:\\\/\\\/schema.org\",\"@graph\":[{\"@type\":\"Article\",\"@id\":\"https:\\\/\\\/lasentinelle.dz\\\/index.php\\\/2022\\\/05\\\/10\\\/rail-la-modernisation-de-la-gestion-de-la-sntf-et-de-lanesrif-en-question\\\/#article\",\"isPartOf\":{\"@id\":\"https:\\\/\\\/lasentinelle.dz\\\/index.php\\\/2022\\\/05\\\/10\\\/rail-la-modernisation-de-la-gestion-de-la-sntf-et-de-lanesrif-en-question\\\/\"},\"author\":{\"name\":\"La Sentinelle\",\"@id\":\"https:\\\/\\\/lasentinelle.dz\\\/#\\\/schema\\\/person\\\/d865044e22e70a75174ce8bcad3acfb3\"},\"headline\":\"Rail\u00a0: La modernisation de la gestion de la SNTF et de l\u2019Anesrif en question\",\"datePublished\":\"2022-05-09T23:01:00+00:00\",\"mainEntityOfPage\":{\"@id\":\"https:\\\/\\\/lasentinelle.dz\\\/index.php\\\/2022\\\/05\\\/10\\\/rail-la-modernisation-de-la-gestion-de-la-sntf-et-de-lanesrif-en-question\\\/\"},\"wordCount\":435,\"commentCount\":0,\"publisher\":{\"@id\":\"https:\\\/\\\/lasentinelle.dz\\\/#organization\"},\"image\":{\"@id\":\"https:\\\/\\\/lasentinelle.dz\\\/index.php\\\/2022\\\/05\\\/10\\\/rail-la-modernisation-de-la-gestion-de-la-sntf-et-de-lanesrif-en-question\\\/#primaryimage\"},\"thumbnailUrl\":\"https:\\\/\\\/lasentinelle.dz\\\/wp-content\\\/uploads\\\/2022\\\/05\\\/train-Alger-Constantine.png\",\"articleSection\":[\"\u00c9conomie\"],\"inLanguage\":\"fr-FR\",\"potentialAction\":[{\"@type\":\"CommentAction\",\"name\":\"Comment\",\"target\":[\"https:\\\/\\\/lasentinelle.dz\\\/index.php\\\/2022\\\/05\\\/10\\\/rail-la-modernisation-de-la-gestion-de-la-sntf-et-de-lanesrif-en-question\\\/#respond\"]}]},{\"@type\":\"WebPage\",\"@id\":\"https:\\\/\\\/lasentinelle.dz\\\/index.php\\\/2022\\\/05\\\/10\\\/rail-la-modernisation-de-la-gestion-de-la-sntf-et-de-lanesrif-en-question\\\/\",\"url\":\"https:\\\/\\\/lasentinelle.dz\\\/index.php\\\/2022\\\/05\\\/10\\\/rail-la-modernisation-de-la-gestion-de-la-sntf-et-de-lanesrif-en-question\\\/\",\"name\":\"Rail\u00a0: La modernisation de la gestion de la SNTF et de l\u2019Anesrif en question - La Sentinelle\",\"isPartOf\":{\"@id\":\"https:\\\/\\\/lasentinelle.dz\\\/#website\"},\"primaryImageOfPage\":{\"@id\":\"https:\\\/\\\/lasentinelle.dz\\\/index.php\\\/2022\\\/05\\\/10\\\/rail-la-modernisation-de-la-gestion-de-la-sntf-et-de-lanesrif-en-question\\\/#primaryimage\"},\"image\":{\"@id\":\"https:\\\/\\\/lasentinelle.dz\\\/index.php\\\/2022\\\/05\\\/10\\\/rail-la-modernisation-de-la-gestion-de-la-sntf-et-de-lanesrif-en-question\\\/#primaryimage\"},\"thumbnailUrl\":\"https:\\\/\\\/lasentinelle.dz\\\/wp-content\\\/uploads\\\/2022\\\/05\\\/train-Alger-Constantine.png\",\"datePublished\":\"2022-05-09T23:01:00+00:00\",\"breadcrumb\":{\"@id\":\"https:\\\/\\\/lasentinelle.dz\\\/index.php\\\/2022\\\/05\\\/10\\\/rail-la-modernisation-de-la-gestion-de-la-sntf-et-de-lanesrif-en-question\\\/#breadcrumb\"},\"inLanguage\":\"fr-FR\",\"potentialAction\":[{\"@type\":\"ReadAction\",\"target\":[\"https:\\\/\\\/lasentinelle.dz\\\/index.php\\\/2022\\\/05\\\/10\\\/rail-la-modernisation-de-la-gestion-de-la-sntf-et-de-lanesrif-en-question\\\/\"]}]},{\"@type\":\"ImageObject\",\"inLanguage\":\"fr-FR\",\"@id\":\"https:\\\/\\\/lasentinelle.dz\\\/index.php\\\/2022\\\/05\\\/10\\\/rail-la-modernisation-de-la-gestion-de-la-sntf-et-de-lanesrif-en-question\\\/#primaryimage\",\"url\":\"https:\\\/\\\/lasentinelle.dz\\\/wp-content\\\/uploads\\\/2022\\\/05\\\/train-Alger-Constantine.png\",\"contentUrl\":\"https:\\\/\\\/lasentinelle.dz\\\/wp-content\\\/uploads\\\/2022\\\/05\\\/train-Alger-Constantine.png\",\"width\":1543,\"height\":900},{\"@type\":\"BreadcrumbList\",\"@id\":\"https:\\\/\\\/lasentinelle.dz\\\/index.php\\\/2022\\\/05\\\/10\\\/rail-la-modernisation-de-la-gestion-de-la-sntf-et-de-lanesrif-en-question\\\/#breadcrumb\",\"itemListElement\":[{\"@type\":\"ListItem\",\"position\":1,\"name\":\"Accueil\",\"item\":\"https:\\\/\\\/lasentinelle.dz\\\/\"},{\"@type\":\"ListItem\",\"position\":2,\"name\":\"Rail\u00a0: La modernisation de la gestion de la SNTF et de l\u2019Anesrif en question\"}]},{\"@type\":\"WebSite\",\"@id\":\"https:\\\/\\\/lasentinelle.dz\\\/#website\",\"url\":\"https:\\\/\\\/lasentinelle.dz\\\/\",\"name\":\"La Sentinelle\",\"description\":\"Quotidien national d&#039;information\",\"publisher\":{\"@id\":\"https:\\\/\\\/lasentinelle.dz\\\/#organization\"},\"potentialAction\":[{\"@type\":\"SearchAction\",\"target\":{\"@type\":\"EntryPoint\",\"urlTemplate\":\"https:\\\/\\\/lasentinelle.dz\\\/?s={search_term_string}\"},\"query-input\":{\"@type\":\"PropertyValueSpecification\",\"valueRequired\":true,\"valueName\":\"search_term_string\"}}],\"inLanguage\":\"fr-FR\"},{\"@type\":\"Organization\",\"@id\":\"https:\\\/\\\/lasentinelle.dz\\\/#organization\",\"name\":\"Quotidien La Sentinelle\",\"url\":\"https:\\\/\\\/lasentinelle.dz\\\/\",\"logo\":{\"@type\":\"ImageObject\",\"inLanguage\":\"fr-FR\",\"@id\":\"https:\\\/\\\/lasentinelle.dz\\\/#\\\/schema\\\/logo\\\/image\\\/\",\"url\":\"https:\\\/\\\/lasentinelle.dz\\\/wp-content\\\/uploads\\\/2021\\\/09\\\/logo-sentinelleSLOGAN-1.png\",\"contentUrl\":\"https:\\\/\\\/lasentinelle.dz\\\/wp-content\\\/uploads\\\/2021\\\/09\\\/logo-sentinelleSLOGAN-1.png\",\"width\":615,\"height\":142,\"caption\":\"Quotidien La Sentinelle\"},\"image\":{\"@id\":\"https:\\\/\\\/lasentinelle.dz\\\/#\\\/schema\\\/logo\\\/image\\\/\"},\"sameAs\":[\"https:\\\/\\\/www.facebook.com\\\/La-Sentinelle-104059864394773\"]},{\"@type\":\"Person\",\"@id\":\"https:\\\/\\\/lasentinelle.dz\\\/#\\\/schema\\\/person\\\/d865044e22e70a75174ce8bcad3acfb3\",\"name\":\"La Sentinelle\",\"image\":{\"@type\":\"ImageObject\",\"inLanguage\":\"fr-FR\",\"@id\":\"https:\\\/\\\/secure.gravatar.com\\\/avatar\\\/57de8e5d4b15d43fb361a71fbb36338450fe67865b528a43dd10ef7c51a20392?s=96&d=mm&r=g\",\"url\":\"https:\\\/\\\/secure.gravatar.com\\\/avatar\\\/57de8e5d4b15d43fb361a71fbb36338450fe67865b528a43dd10ef7c51a20392?s=96&d=mm&r=g\",\"contentUrl\":\"https:\\\/\\\/secure.gravatar.com\\\/avatar\\\/57de8e5d4b15d43fb361a71fbb36338450fe67865b528a43dd10ef7c51a20392?s=96&d=mm&r=g\",\"caption\":\"La Sentinelle\"},\"sameAs\":[\"http:\\\/\\\/www.lasentinelle.dz\"],\"url\":\"https:\\\/\\\/lasentinelle.dz\\\/author\\\/redaction\\\/\"}]}<\/script>\n<!-- \/ Yoast SEO plugin. -->","yoast_head_json":{"title":"Rail\u00a0: La modernisation de la gestion de la SNTF et de l\u2019Anesrif en question - La Sentinelle","robots":{"index":"index","follow":"follow","max-snippet":"max-snippet:-1","max-image-preview":"max-image-preview:large","max-video-preview":"max-video-preview:-1"},"canonical":"https:\/\/lasentinelle.dz\/index.php\/2022\/05\/10\/rail-la-modernisation-de-la-gestion-de-la-sntf-et-de-lanesrif-en-question\/","og_locale":"fr_FR","og_type":"article","og_title":"Rail\u00a0: La modernisation de la gestion de la SNTF et de l\u2019Anesrif en question - La Sentinelle","og_description":"La modernisation et le d\u00e9veloppement des performances de la Soci\u00e9t\u00e9 nationale des transports ferroviaires (SNTF) et l\u2019Agence nationale d&rsquo;\u00e9tudes et","og_url":"https:\/\/lasentinelle.dz\/index.php\/2022\/05\/10\/rail-la-modernisation-de-la-gestion-de-la-sntf-et-de-lanesrif-en-question\/","og_site_name":"La Sentinelle","article_publisher":"https:\/\/www.facebook.com\/La-Sentinelle-104059864394773","article_published_time":"2022-05-09T23:01:00+00:00","og_image":[{"width":1543,"height":900,"url":"https:\/\/lasentinelle.dz\/wp-content\/uploads\/2022\/05\/train-Alger-Constantine.png","type":"image\/png"}],"author":"La Sentinelle","twitter_card":"summary_large_image","twitter_misc":{"\u00c9crit par":"La Sentinelle","Dur\u00e9e de lecture estim\u00e9e":"2 minutes"},"schema":{"@context":"https:\/\/schema.org","@graph":[{"@type":"Article","@id":"https:\/\/lasentinelle.dz\/index.php\/2022\/05\/10\/rail-la-modernisation-de-la-gestion-de-la-sntf-et-de-lanesrif-en-question\/#article","isPartOf":{"@id":"https:\/\/lasentinelle.dz\/index.php\/2022\/05\/10\/rail-la-modernisation-de-la-gestion-de-la-sntf-et-de-lanesrif-en-question\/"},"author":{"name":"La Sentinelle","@id":"https:\/\/lasentinelle.dz\/#\/schema\/person\/d865044e22e70a75174ce8bcad3acfb3"},"headline":"Rail\u00a0: La modernisation de la gestion de la SNTF et de l\u2019Anesrif en question","datePublished":"2022-05-09T23:01:00+00:00","mainEntityOfPage":{"@id":"https:\/\/lasentinelle.dz\/index.php\/2022\/05\/10\/rail-la-modernisation-de-la-gestion-de-la-sntf-et-de-lanesrif-en-question\/"},"wordCount":435,"commentCount":0,"publisher":{"@id":"https:\/\/lasentinelle.dz\/#organization"},"image":{"@id":"https:\/\/lasentinelle.dz\/index.php\/2022\/05\/10\/rail-la-modernisation-de-la-gestion-de-la-sntf-et-de-lanesrif-en-question\/#primaryimage"},"thumbnailUrl":"https:\/\/lasentinelle.dz\/wp-content\/uploads\/2022\/05\/train-Alger-Constantine.png","articleSection":["\u00c9conomie"],"inLanguage":"fr-FR","potentialAction":[{"@type":"CommentAction","name":"Comment","target":["https:\/\/lasentinelle.dz\/index.php\/2022\/05\/10\/rail-la-modernisation-de-la-gestion-de-la-sntf-et-de-lanesrif-en-question\/#respond"]}]},{"@type":"WebPage","@id":"https:\/\/lasentinelle.dz\/index.php\/2022\/05\/10\/rail-la-modernisation-de-la-gestion-de-la-sntf-et-de-lanesrif-en-question\/","url":"https:\/\/lasentinelle.dz\/index.php\/2022\/05\/10\/rail-la-modernisation-de-la-gestion-de-la-sntf-et-de-lanesrif-en-question\/","name":"Rail\u00a0: La modernisation de la gestion de la SNTF et de l\u2019Anesrif en question - La Sentinelle","isPartOf":{"@id":"https:\/\/lasentinelle.dz\/#website"},"primaryImageOfPage":{"@id":"https:\/\/lasentinelle.dz\/index.php\/2022\/05\/10\/rail-la-modernisation-de-la-gestion-de-la-sntf-et-de-lanesrif-en-question\/#primaryimage"},"image":{"@id":"https:\/\/lasentinelle.dz\/index.php\/2022\/05\/10\/rail-la-modernisation-de-la-gestion-de-la-sntf-et-de-lanesrif-en-question\/#primaryimage"},"thumbnailUrl":"https:\/\/lasentinelle.dz\/wp-content\/uploads\/2022\/05\/train-Alger-Constantine.png","datePublished":"2022-05-09T23:01:00+00:00","breadcrumb":{"@id":"https:\/\/lasentinelle.dz\/index.php\/2022\/05\/10\/rail-la-modernisation-de-la-gestion-de-la-sntf-et-de-lanesrif-en-question\/#breadcrumb"},"inLanguage":"fr-FR","potentialAction":[{"@type":"ReadAction","target":["https:\/\/lasentinelle.dz\/index.php\/2022\/05\/10\/rail-la-modernisation-de-la-gestion-de-la-sntf-et-de-lanesrif-en-question\/"]}]},{"@type":"ImageObject","inLanguage":"fr-FR","@id":"https:\/\/lasentinelle.dz\/index.php\/2022\/05\/10\/rail-la-modernisation-de-la-gestion-de-la-sntf-et-de-lanesrif-en-question\/#primaryimage","url":"https:\/\/lasentinelle.dz\/wp-content\/uploads\/2022\/05\/train-Alger-Constantine.png","contentUrl":"https:\/\/lasentinelle.dz\/wp-content\/uploads\/2022\/05\/train-Alger-Constantine.png","width":1543,"height":900},{"@type":"BreadcrumbList","@id":"https:\/\/lasentinelle.dz\/index.php\/2022\/05\/10\/rail-la-modernisation-de-la-gestion-de-la-sntf-et-de-lanesrif-en-question\/#breadcrumb","itemListElement":[{"@type":"ListItem","position":1,"name":"Accueil","item":"https:\/\/lasentinelle.dz\/"},{"@type":"ListItem","position":2,"name":"Rail\u00a0: La modernisation de la gestion de la SNTF et de l\u2019Anesrif en question"}]},{"@type":"WebSite","@id":"https:\/\/lasentinelle.dz\/#website","url":"https:\/\/lasentinelle.dz\/","name":"La Sentinelle","description":"Quotidien national d&#039;information","publisher":{"@id":"https:\/\/lasentinelle.dz\/#organization"},"potentialAction":[{"@type":"SearchAction","target":{"@type":"EntryPoint","urlTemplate":"https:\/\/lasentinelle.dz\/?s={search_term_string}"},"query-input":{"@type":"PropertyValueSpecification","valueRequired":true,"valueName":"search_term_string"}}],"inLanguage":"fr-FR"},{"@type":"Organization","@id":"https:\/\/lasentinelle.dz\/#organization","name":"Quotidien La Sentinelle","url":"https:\/\/lasentinelle.dz\/","logo":{"@type":"ImageObject","inLanguage":"fr-FR","@id":"https:\/\/lasentinelle.dz\/#\/schema\/logo\/image\/","url":"https:\/\/lasentinelle.dz\/wp-content\/uploads\/2021\/09\/logo-sentinelleSLOGAN-1.png","contentUrl":"https:\/\/lasentinelle.dz\/wp-content\/uploads\/2021\/09\/logo-sentinelleSLOGAN-1.png","width":615,"height":142,"caption":"Quotidien La Sentinelle"},"image":{"@id":"https:\/\/lasentinelle.dz\/#\/schema\/logo\/image\/"},"sameAs":["https:\/\/www.facebook.com\/La-Sentinelle-104059864394773"]},{"@type":"Person","@id":"https:\/\/lasentinelle.dz\/#\/schema\/person\/d865044e22e70a75174ce8bcad3acfb3","name":"La Sentinelle","image":{"@type":"ImageObject","inLanguage":"fr-FR","@id":"https:\/\/secure.gravatar.com\/avatar\/57de8e5d4b15d43fb361a71fbb36338450fe67865b528a43dd10ef7c51a20392?s=96&d=mm&r=g","url":"https:\/\/secure.gravatar.com\/avatar\/57de8e5d4b15d43fb361a71fbb36338450fe67865b528a43dd10ef7c51a20392?s=96&d=mm&r=g","contentUrl":"https:\/\/secure.gravatar.com\/avatar\/57de8e5d4b15d43fb361a71fbb36338450fe67865b528a43dd10ef7c51a20392?s=96&d=mm&r=g","caption":"La Sentinelle"},"sameAs":["http:\/\/www.lasentinelle.dz"],"url":"https:\/\/lasentinelle.dz\/author\/redaction\/"}]}},"_links":{"self":[{"href":"https:\/\/lasentinelle.dz\/index.php\/wp-json\/wp\/v2\/posts\/20780","targetHints":{"allow":["GET"]}}],"collection":[{"href":"https:\/\/lasentinelle.dz\/index.php\/wp-json\/wp\/v2\/posts"}],"about":[{"href":"https:\/\/lasentinelle.dz\/index.php\/wp-json\/wp\/v2\/types\/post"}],"author":[{"embeddable":true,"href":"https:\/\/lasentinelle.dz\/index.php\/wp-json\/wp\/v2\/users\/3"}],"replies":[{"embeddable":true,"href":"https:\/\/lasentinelle.dz\/index.php\/wp-json\/wp\/v2\/comments?post=20780"}],"version-history":[{"count":1,"href":"https:\/\/lasentinelle.dz\/index.php\/wp-json\/wp\/v2\/posts\/20780\/revisions"}],"predecessor-version":[{"id":20799,"href":"https:\/\/lasentinelle.dz\/index.php\/wp-json\/wp\/v2\/posts\/20780\/revisions\/20799"}],"wp:featuredmedia":[{"embeddable":true,"href":"https:\/\/lasentinelle.dz\/index.php\/wp-json\/wp\/v2\/media\/20796"}],"wp:attachment":[{"href":"https:\/\/lasentinelle.dz\/index.php\/wp-json\/wp\/v2\/media?parent=20780"}],"wp:term":[{"taxonomy":"category","embeddable":true,"href":"https:\/\/lasentinelle.dz\/index.php\/wp-json\/wp\/v2\/categories?post=20780"},{"taxonomy":"post_tag","embeddable":true,"href":"https:\/\/lasentinelle.dz\/index.php\/wp-json\/wp\/v2\/tags?post=20780"}],"curies":[{"name":"wp","href":"https:\/\/api.w.org\/{rel}","templated":true}]}}