{"id":20781,"date":"2022-05-10T00:01:00","date_gmt":"2022-05-09T23:01:00","guid":{"rendered":"https:\/\/lasentinelle.dz\/?p=20781"},"modified":"2022-05-09T18:58:30","modified_gmt":"2022-05-09T17:58:30","slug":"emploi-dans-les-nouvelles-wilayas-du-sud-priorite-aux-populations-locales","status":"publish","type":"post","link":"https:\/\/lasentinelle.dz\/index.php\/2022\/05\/10\/emploi-dans-les-nouvelles-wilayas-du-sud-priorite-aux-populations-locales\/","title":{"rendered":"Emploi dans les nouvelles wilayas du Sud\u00a0: Priorit\u00e9 aux populations locales"},"content":{"rendered":"\n<p>Le pr\u00e9sident de la R\u00e9publique, Abdelmadjid Tebboune, a insist\u00e9 dimanche sur la n\u00e9cessit\u00e9 de prendre en compte les facteurs li\u00e9s au lieu de naissance dans les transferts de personnels et les recrutements pour les dix nouvelles wilayas du Sud.<\/p>\n\n\n\n<p>Les postes d\u2019emploi cr\u00e9\u00e9s dans les nouvelles wilayas du Sud seront orient\u00e9s en priorit\u00e9 aux populations de ces wilayas et r\u00e9gions limitrophes. Dimanche, au cours de la r\u00e9union p\u00e9riodique du Conseil des ministre,&nbsp;le pr\u00e9sident de la R\u00e9publiquea&nbsp;affirm\u00e9 que \u00abla cr\u00e9ation des nouvelles wilayas visait l\u2019all\u00e9gement du le fardeau et le rapprochement de l&rsquo;administration du citoyen\u00bb. Dans son intervention, Abdelmadjid Tebboune a insist\u00e9 sur \u00abla poursuite de l&rsquo;op\u00e9ration de r\u00e9orientation des ressources humaines au profit des nouvelles wilayas et la cr\u00e9ation d&rsquo;une plateforme permettant de d\u00e9finir les postes en ad\u00e9quation avec la densit\u00e9 d\u00e9mographique\u00bb. Evoquant les moyens humains \u00e0 mettre en place, il a \u00e9galement appel\u00e9 \u00e0 la n\u00e9cessit\u00e9 d\u2019accorder \u00abla priorit\u00e9 en mati\u00e8re de postes d&#8217;emploi cr\u00e9\u00e9s dans les nouvelles wilayas, en tenant compte du facteur de lieu de naissance des fonctionnaires mut\u00e9s depuis les wilayas d&rsquo;origine, avec possibilit\u00e9 d&rsquo;ouvrir le recrutement par voie de concours en cas de besoin\u00bb.&nbsp;Des d\u00e9cisions qui ont&nbsp;\u00e9t\u00e9 approuv\u00e9es. Dans une d\u00e9claration \u00e0 la chaine 1 de la radio nationale, le&nbsp;wali de Timimoune, Youcef Bechlaoui, a affirm\u00e9 que \u00abla d\u00e9cision de r\u00e9orienter les ressources humaines au profit des nouvelles wilayas, de donner la priorit\u00e9 aux emplois nouvellement cr\u00e9\u00e9s dans ces wilayas et de prendre en compte le facteur&nbsp;d\u2019origine&nbsp;des salari\u00e9s transf\u00e9r\u00e9s, permettra la structuration et l&rsquo;encadrement des diff\u00e9rentes directions implant\u00e9es dans&nbsp;la wilaya-m\u00e8re, qui comptaient environ 38&nbsp;circonscriptions\u00bb. Il a expliqu\u00e9 que \u00abla d\u00e9cision est de compl\u00e9ter les proc\u00e9dures pr\u00e9c\u00e9dentes concernant l&rsquo;ouverture de nouveaux postes et le transfert d&#8217;employ\u00e9s vers ces nouvelles wilayas\u00bb. Les wilayas nouvellement cr\u00e9\u00e9es sont entre autres Timimoune, Bordj Badji Mokhtar, Beni Abb\u00e8s, Ouled Djellal, In Salah, In Guezzam, Touggourt, Djanet, El-Meghaier et El-Menia.<\/p>\n\n\n\n<p><strong>Amar Malki<\/strong><\/p>\n","protected":false},"excerpt":{"rendered":"<p>Le pr\u00e9sident de la R\u00e9publique, Abdelmadjid Tebboune, a insist\u00e9 dimanche sur la n\u00e9cessit\u00e9 de prendre en compte les facteurs li\u00e9s<\/p>\n","protected":false},"author":3,"featured_media":20803,"comment_status":"open","ping_status":"closed","sticky":false,"template":"","format":"standard","meta":{"colormag_page_container_layout":"default_layout","colormag_page_sidebar_layout":"default_layout","om_disable_all_campaigns":false,"_monsterinsights_skip_tracking":false,"_monsterinsights_sitenote_active":false,"_monsterinsights_sitenote_note":"","_monsterinsights_sitenote_category":0,"footnotes":"","_wpscppro_dont_share_socialmedia":false,"_wpscppro_custom_social_share_image":0,"_facebook_share_type":"","_twitter_share_type":"","_linkedin_share_type":"","_pinterest_share_type":"","_linkedin_share_type_page":"","_instagram_share_type":"","_medium_share_type":"","_threads_share_type":"","_google_business_share_type":"","_selected_social_profile":[],"_wpsp_enable_custom_social_template":false,"_wpsp_social_scheduling":{"enabled":false,"datetime":null,"platforms":[],"status":"template_only","dateOption":"today","timeOption":"now","customDays":"","customHours":"","customDate":"","customTime":"","schedulingType":"absolute"},"_wpsp_active_default_template":true},"categories":[29],"tags":[],"class_list":["post-20781","post","type-post","status-publish","format-standard","has-post-thumbnail","hentry","category-economie"],"aioseo_notices":[],"yoast_head":"<!-- This site is optimized with the Yoast SEO plugin v27.5 - https:\/\/yoast.com\/product\/yoast-seo-wordpress\/ -->\n<title>Emploi dans les nouvelles wilayas du Sud\u00a0: Priorit\u00e9 aux populations locales - La Sentinelle<\/title>\n<meta name=\"robots\" content=\"index, follow, max-snippet:-1, max-image-preview:large, max-video-preview:-1\" \/>\n<link rel=\"canonical\" href=\"https:\/\/lasentinelle.dz\/index.php\/2022\/05\/10\/emploi-dans-les-nouvelles-wilayas-du-sud-priorite-aux-populations-locales\/\" \/>\n<meta property=\"og:locale\" content=\"fr_FR\" \/>\n<meta property=\"og:type\" content=\"article\" \/>\n<meta property=\"og:title\" content=\"Emploi dans les nouvelles wilayas du Sud\u00a0: Priorit\u00e9 aux populations locales - La Sentinelle\" \/>\n<meta property=\"og:description\" content=\"Le pr\u00e9sident de la R\u00e9publique, Abdelmadjid Tebboune, a insist\u00e9 dimanche sur la n\u00e9cessit\u00e9 de prendre en compte les facteurs li\u00e9s\" \/>\n<meta property=\"og:url\" content=\"https:\/\/lasentinelle.dz\/index.php\/2022\/05\/10\/emploi-dans-les-nouvelles-wilayas-du-sud-priorite-aux-populations-locales\/\" \/>\n<meta property=\"og:site_name\" content=\"La Sentinelle\" \/>\n<meta property=\"article:publisher\" content=\"https:\/\/www.facebook.com\/La-Sentinelle-104059864394773\" \/>\n<meta property=\"article:published_time\" content=\"2022-05-09T23:01:00+00:00\" \/>\n<meta property=\"og:image\" content=\"https:\/\/lasentinelle.dz\/wp-content\/uploads\/2022\/05\/conseil.png\" \/>\n\t<meta property=\"og:image:width\" content=\"1351\" \/>\n\t<meta property=\"og:image:height\" content=\"900\" \/>\n\t<meta property=\"og:image:type\" content=\"image\/png\" \/>\n<meta name=\"author\" content=\"La Sentinelle\" \/>\n<meta name=\"twitter:card\" content=\"summary_large_image\" \/>\n<meta name=\"twitter:label1\" content=\"\u00c9crit par\" \/>\n\t<meta name=\"twitter:data1\" content=\"La Sentinelle\" \/>\n\t<meta name=\"twitter:label2\" content=\"Dur\u00e9e de lecture estim\u00e9e\" \/>\n\t<meta name=\"twitter:data2\" content=\"2 minutes\" \/>\n<script type=\"application\/ld+json\" class=\"yoast-schema-graph\">{\"@context\":\"https:\\\/\\\/schema.org\",\"@graph\":[{\"@type\":\"Article\",\"@id\":\"https:\\\/\\\/lasentinelle.dz\\\/index.php\\\/2022\\\/05\\\/10\\\/emploi-dans-les-nouvelles-wilayas-du-sud-priorite-aux-populations-locales\\\/#article\",\"isPartOf\":{\"@id\":\"https:\\\/\\\/lasentinelle.dz\\\/index.php\\\/2022\\\/05\\\/10\\\/emploi-dans-les-nouvelles-wilayas-du-sud-priorite-aux-populations-locales\\\/\"},\"author\":{\"name\":\"La Sentinelle\",\"@id\":\"https:\\\/\\\/lasentinelle.dz\\\/#\\\/schema\\\/person\\\/d865044e22e70a75174ce8bcad3acfb3\"},\"headline\":\"Emploi dans les nouvelles wilayas du Sud\u00a0: Priorit\u00e9 aux populations locales\",\"datePublished\":\"2022-05-09T23:01:00+00:00\",\"mainEntityOfPage\":{\"@id\":\"https:\\\/\\\/lasentinelle.dz\\\/index.php\\\/2022\\\/05\\\/10\\\/emploi-dans-les-nouvelles-wilayas-du-sud-priorite-aux-populations-locales\\\/\"},\"wordCount\":390,\"commentCount\":0,\"publisher\":{\"@id\":\"https:\\\/\\\/lasentinelle.dz\\\/#organization\"},\"image\":{\"@id\":\"https:\\\/\\\/lasentinelle.dz\\\/index.php\\\/2022\\\/05\\\/10\\\/emploi-dans-les-nouvelles-wilayas-du-sud-priorite-aux-populations-locales\\\/#primaryimage\"},\"thumbnailUrl\":\"https:\\\/\\\/lasentinelle.dz\\\/wp-content\\\/uploads\\\/2022\\\/05\\\/conseil.png\",\"articleSection\":[\"\u00c9conomie\"],\"inLanguage\":\"fr-FR\",\"potentialAction\":[{\"@type\":\"CommentAction\",\"name\":\"Comment\",\"target\":[\"https:\\\/\\\/lasentinelle.dz\\\/index.php\\\/2022\\\/05\\\/10\\\/emploi-dans-les-nouvelles-wilayas-du-sud-priorite-aux-populations-locales\\\/#respond\"]}]},{\"@type\":\"WebPage\",\"@id\":\"https:\\\/\\\/lasentinelle.dz\\\/index.php\\\/2022\\\/05\\\/10\\\/emploi-dans-les-nouvelles-wilayas-du-sud-priorite-aux-populations-locales\\\/\",\"url\":\"https:\\\/\\\/lasentinelle.dz\\\/index.php\\\/2022\\\/05\\\/10\\\/emploi-dans-les-nouvelles-wilayas-du-sud-priorite-aux-populations-locales\\\/\",\"name\":\"Emploi dans les nouvelles wilayas du Sud\u00a0: Priorit\u00e9 aux populations locales - La Sentinelle\",\"isPartOf\":{\"@id\":\"https:\\\/\\\/lasentinelle.dz\\\/#website\"},\"primaryImageOfPage\":{\"@id\":\"https:\\\/\\\/lasentinelle.dz\\\/index.php\\\/2022\\\/05\\\/10\\\/emploi-dans-les-nouvelles-wilayas-du-sud-priorite-aux-populations-locales\\\/#primaryimage\"},\"image\":{\"@id\":\"https:\\\/\\\/lasentinelle.dz\\\/index.php\\\/2022\\\/05\\\/10\\\/emploi-dans-les-nouvelles-wilayas-du-sud-priorite-aux-populations-locales\\\/#primaryimage\"},\"thumbnailUrl\":\"https:\\\/\\\/lasentinelle.dz\\\/wp-content\\\/uploads\\\/2022\\\/05\\\/conseil.png\",\"datePublished\":\"2022-05-09T23:01:00+00:00\",\"breadcrumb\":{\"@id\":\"https:\\\/\\\/lasentinelle.dz\\\/index.php\\\/2022\\\/05\\\/10\\\/emploi-dans-les-nouvelles-wilayas-du-sud-priorite-aux-populations-locales\\\/#breadcrumb\"},\"inLanguage\":\"fr-FR\",\"potentialAction\":[{\"@type\":\"ReadAction\",\"target\":[\"https:\\\/\\\/lasentinelle.dz\\\/index.php\\\/2022\\\/05\\\/10\\\/emploi-dans-les-nouvelles-wilayas-du-sud-priorite-aux-populations-locales\\\/\"]}]},{\"@type\":\"ImageObject\",\"inLanguage\":\"fr-FR\",\"@id\":\"https:\\\/\\\/lasentinelle.dz\\\/index.php\\\/2022\\\/05\\\/10\\\/emploi-dans-les-nouvelles-wilayas-du-sud-priorite-aux-populations-locales\\\/#primaryimage\",\"url\":\"https:\\\/\\\/lasentinelle.dz\\\/wp-content\\\/uploads\\\/2022\\\/05\\\/conseil.png\",\"contentUrl\":\"https:\\\/\\\/lasentinelle.dz\\\/wp-content\\\/uploads\\\/2022\\\/05\\\/conseil.png\",\"width\":1351,\"height\":900},{\"@type\":\"BreadcrumbList\",\"@id\":\"https:\\\/\\\/lasentinelle.dz\\\/index.php\\\/2022\\\/05\\\/10\\\/emploi-dans-les-nouvelles-wilayas-du-sud-priorite-aux-populations-locales\\\/#breadcrumb\",\"itemListElement\":[{\"@type\":\"ListItem\",\"position\":1,\"name\":\"Accueil\",\"item\":\"https:\\\/\\\/lasentinelle.dz\\\/\"},{\"@type\":\"ListItem\",\"position\":2,\"name\":\"Emploi dans les nouvelles wilayas du Sud\u00a0: Priorit\u00e9 aux populations locales\"}]},{\"@type\":\"WebSite\",\"@id\":\"https:\\\/\\\/lasentinelle.dz\\\/#website\",\"url\":\"https:\\\/\\\/lasentinelle.dz\\\/\",\"name\":\"La Sentinelle\",\"description\":\"Quotidien national d&#039;information\",\"publisher\":{\"@id\":\"https:\\\/\\\/lasentinelle.dz\\\/#organization\"},\"potentialAction\":[{\"@type\":\"SearchAction\",\"target\":{\"@type\":\"EntryPoint\",\"urlTemplate\":\"https:\\\/\\\/lasentinelle.dz\\\/?s={search_term_string}\"},\"query-input\":{\"@type\":\"PropertyValueSpecification\",\"valueRequired\":true,\"valueName\":\"search_term_string\"}}],\"inLanguage\":\"fr-FR\"},{\"@type\":\"Organization\",\"@id\":\"https:\\\/\\\/lasentinelle.dz\\\/#organization\",\"name\":\"Quotidien La Sentinelle\",\"url\":\"https:\\\/\\\/lasentinelle.dz\\\/\",\"logo\":{\"@type\":\"ImageObject\",\"inLanguage\":\"fr-FR\",\"@id\":\"https:\\\/\\\/lasentinelle.dz\\\/#\\\/schema\\\/logo\\\/image\\\/\",\"url\":\"https:\\\/\\\/lasentinelle.dz\\\/wp-content\\\/uploads\\\/2021\\\/09\\\/logo-sentinelleSLOGAN-1.png\",\"contentUrl\":\"https:\\\/\\\/lasentinelle.dz\\\/wp-content\\\/uploads\\\/2021\\\/09\\\/logo-sentinelleSLOGAN-1.png\",\"width\":615,\"height\":142,\"caption\":\"Quotidien La Sentinelle\"},\"image\":{\"@id\":\"https:\\\/\\\/lasentinelle.dz\\\/#\\\/schema\\\/logo\\\/image\\\/\"},\"sameAs\":[\"https:\\\/\\\/www.facebook.com\\\/La-Sentinelle-104059864394773\"]},{\"@type\":\"Person\",\"@id\":\"https:\\\/\\\/lasentinelle.dz\\\/#\\\/schema\\\/person\\\/d865044e22e70a75174ce8bcad3acfb3\",\"name\":\"La Sentinelle\",\"image\":{\"@type\":\"ImageObject\",\"inLanguage\":\"fr-FR\",\"@id\":\"https:\\\/\\\/secure.gravatar.com\\\/avatar\\\/57de8e5d4b15d43fb361a71fbb36338450fe67865b528a43dd10ef7c51a20392?s=96&d=mm&r=g\",\"url\":\"https:\\\/\\\/secure.gravatar.com\\\/avatar\\\/57de8e5d4b15d43fb361a71fbb36338450fe67865b528a43dd10ef7c51a20392?s=96&d=mm&r=g\",\"contentUrl\":\"https:\\\/\\\/secure.gravatar.com\\\/avatar\\\/57de8e5d4b15d43fb361a71fbb36338450fe67865b528a43dd10ef7c51a20392?s=96&d=mm&r=g\",\"caption\":\"La Sentinelle\"},\"sameAs\":[\"http:\\\/\\\/www.lasentinelle.dz\"],\"url\":\"https:\\\/\\\/lasentinelle.dz\\\/author\\\/redaction\\\/\"}]}<\/script>\n<!-- \/ Yoast SEO plugin. -->","yoast_head_json":{"title":"Emploi dans les nouvelles wilayas du Sud\u00a0: Priorit\u00e9 aux populations locales - La Sentinelle","robots":{"index":"index","follow":"follow","max-snippet":"max-snippet:-1","max-image-preview":"max-image-preview:large","max-video-preview":"max-video-preview:-1"},"canonical":"https:\/\/lasentinelle.dz\/index.php\/2022\/05\/10\/emploi-dans-les-nouvelles-wilayas-du-sud-priorite-aux-populations-locales\/","og_locale":"fr_FR","og_type":"article","og_title":"Emploi dans les nouvelles wilayas du Sud\u00a0: Priorit\u00e9 aux populations locales - La Sentinelle","og_description":"Le pr\u00e9sident de la R\u00e9publique, Abdelmadjid Tebboune, a insist\u00e9 dimanche sur la n\u00e9cessit\u00e9 de prendre en compte les facteurs li\u00e9s","og_url":"https:\/\/lasentinelle.dz\/index.php\/2022\/05\/10\/emploi-dans-les-nouvelles-wilayas-du-sud-priorite-aux-populations-locales\/","og_site_name":"La Sentinelle","article_publisher":"https:\/\/www.facebook.com\/La-Sentinelle-104059864394773","article_published_time":"2022-05-09T23:01:00+00:00","og_image":[{"width":1351,"height":900,"url":"https:\/\/lasentinelle.dz\/wp-content\/uploads\/2022\/05\/conseil.png","type":"image\/png"}],"author":"La Sentinelle","twitter_card":"summary_large_image","twitter_misc":{"\u00c9crit par":"La Sentinelle","Dur\u00e9e de lecture estim\u00e9e":"2 minutes"},"schema":{"@context":"https:\/\/schema.org","@graph":[{"@type":"Article","@id":"https:\/\/lasentinelle.dz\/index.php\/2022\/05\/10\/emploi-dans-les-nouvelles-wilayas-du-sud-priorite-aux-populations-locales\/#article","isPartOf":{"@id":"https:\/\/lasentinelle.dz\/index.php\/2022\/05\/10\/emploi-dans-les-nouvelles-wilayas-du-sud-priorite-aux-populations-locales\/"},"author":{"name":"La Sentinelle","@id":"https:\/\/lasentinelle.dz\/#\/schema\/person\/d865044e22e70a75174ce8bcad3acfb3"},"headline":"Emploi dans les nouvelles wilayas du Sud\u00a0: Priorit\u00e9 aux populations locales","datePublished":"2022-05-09T23:01:00+00:00","mainEntityOfPage":{"@id":"https:\/\/lasentinelle.dz\/index.php\/2022\/05\/10\/emploi-dans-les-nouvelles-wilayas-du-sud-priorite-aux-populations-locales\/"},"wordCount":390,"commentCount":0,"publisher":{"@id":"https:\/\/lasentinelle.dz\/#organization"},"image":{"@id":"https:\/\/lasentinelle.dz\/index.php\/2022\/05\/10\/emploi-dans-les-nouvelles-wilayas-du-sud-priorite-aux-populations-locales\/#primaryimage"},"thumbnailUrl":"https:\/\/lasentinelle.dz\/wp-content\/uploads\/2022\/05\/conseil.png","articleSection":["\u00c9conomie"],"inLanguage":"fr-FR","potentialAction":[{"@type":"CommentAction","name":"Comment","target":["https:\/\/lasentinelle.dz\/index.php\/2022\/05\/10\/emploi-dans-les-nouvelles-wilayas-du-sud-priorite-aux-populations-locales\/#respond"]}]},{"@type":"WebPage","@id":"https:\/\/lasentinelle.dz\/index.php\/2022\/05\/10\/emploi-dans-les-nouvelles-wilayas-du-sud-priorite-aux-populations-locales\/","url":"https:\/\/lasentinelle.dz\/index.php\/2022\/05\/10\/emploi-dans-les-nouvelles-wilayas-du-sud-priorite-aux-populations-locales\/","name":"Emploi dans les nouvelles wilayas du Sud\u00a0: Priorit\u00e9 aux populations locales - La Sentinelle","isPartOf":{"@id":"https:\/\/lasentinelle.dz\/#website"},"primaryImageOfPage":{"@id":"https:\/\/lasentinelle.dz\/index.php\/2022\/05\/10\/emploi-dans-les-nouvelles-wilayas-du-sud-priorite-aux-populations-locales\/#primaryimage"},"image":{"@id":"https:\/\/lasentinelle.dz\/index.php\/2022\/05\/10\/emploi-dans-les-nouvelles-wilayas-du-sud-priorite-aux-populations-locales\/#primaryimage"},"thumbnailUrl":"https:\/\/lasentinelle.dz\/wp-content\/uploads\/2022\/05\/conseil.png","datePublished":"2022-05-09T23:01:00+00:00","breadcrumb":{"@id":"https:\/\/lasentinelle.dz\/index.php\/2022\/05\/10\/emploi-dans-les-nouvelles-wilayas-du-sud-priorite-aux-populations-locales\/#breadcrumb"},"inLanguage":"fr-FR","potentialAction":[{"@type":"ReadAction","target":["https:\/\/lasentinelle.dz\/index.php\/2022\/05\/10\/emploi-dans-les-nouvelles-wilayas-du-sud-priorite-aux-populations-locales\/"]}]},{"@type":"ImageObject","inLanguage":"fr-FR","@id":"https:\/\/lasentinelle.dz\/index.php\/2022\/05\/10\/emploi-dans-les-nouvelles-wilayas-du-sud-priorite-aux-populations-locales\/#primaryimage","url":"https:\/\/lasentinelle.dz\/wp-content\/uploads\/2022\/05\/conseil.png","contentUrl":"https:\/\/lasentinelle.dz\/wp-content\/uploads\/2022\/05\/conseil.png","width":1351,"height":900},{"@type":"BreadcrumbList","@id":"https:\/\/lasentinelle.dz\/index.php\/2022\/05\/10\/emploi-dans-les-nouvelles-wilayas-du-sud-priorite-aux-populations-locales\/#breadcrumb","itemListElement":[{"@type":"ListItem","position":1,"name":"Accueil","item":"https:\/\/lasentinelle.dz\/"},{"@type":"ListItem","position":2,"name":"Emploi dans les nouvelles wilayas du Sud\u00a0: Priorit\u00e9 aux populations locales"}]},{"@type":"WebSite","@id":"https:\/\/lasentinelle.dz\/#website","url":"https:\/\/lasentinelle.dz\/","name":"La Sentinelle","description":"Quotidien national d&#039;information","publisher":{"@id":"https:\/\/lasentinelle.dz\/#organization"},"potentialAction":[{"@type":"SearchAction","target":{"@type":"EntryPoint","urlTemplate":"https:\/\/lasentinelle.dz\/?s={search_term_string}"},"query-input":{"@type":"PropertyValueSpecification","valueRequired":true,"valueName":"search_term_string"}}],"inLanguage":"fr-FR"},{"@type":"Organization","@id":"https:\/\/lasentinelle.dz\/#organization","name":"Quotidien La Sentinelle","url":"https:\/\/lasentinelle.dz\/","logo":{"@type":"ImageObject","inLanguage":"fr-FR","@id":"https:\/\/lasentinelle.dz\/#\/schema\/logo\/image\/","url":"https:\/\/lasentinelle.dz\/wp-content\/uploads\/2021\/09\/logo-sentinelleSLOGAN-1.png","contentUrl":"https:\/\/lasentinelle.dz\/wp-content\/uploads\/2021\/09\/logo-sentinelleSLOGAN-1.png","width":615,"height":142,"caption":"Quotidien La Sentinelle"},"image":{"@id":"https:\/\/lasentinelle.dz\/#\/schema\/logo\/image\/"},"sameAs":["https:\/\/www.facebook.com\/La-Sentinelle-104059864394773"]},{"@type":"Person","@id":"https:\/\/lasentinelle.dz\/#\/schema\/person\/d865044e22e70a75174ce8bcad3acfb3","name":"La Sentinelle","image":{"@type":"ImageObject","inLanguage":"fr-FR","@id":"https:\/\/secure.gravatar.com\/avatar\/57de8e5d4b15d43fb361a71fbb36338450fe67865b528a43dd10ef7c51a20392?s=96&d=mm&r=g","url":"https:\/\/secure.gravatar.com\/avatar\/57de8e5d4b15d43fb361a71fbb36338450fe67865b528a43dd10ef7c51a20392?s=96&d=mm&r=g","contentUrl":"https:\/\/secure.gravatar.com\/avatar\/57de8e5d4b15d43fb361a71fbb36338450fe67865b528a43dd10ef7c51a20392?s=96&d=mm&r=g","caption":"La Sentinelle"},"sameAs":["http:\/\/www.lasentinelle.dz"],"url":"https:\/\/lasentinelle.dz\/author\/redaction\/"}]}},"_links":{"self":[{"href":"https:\/\/lasentinelle.dz\/index.php\/wp-json\/wp\/v2\/posts\/20781","targetHints":{"allow":["GET"]}}],"collection":[{"href":"https:\/\/lasentinelle.dz\/index.php\/wp-json\/wp\/v2\/posts"}],"about":[{"href":"https:\/\/lasentinelle.dz\/index.php\/wp-json\/wp\/v2\/types\/post"}],"author":[{"embeddable":true,"href":"https:\/\/lasentinelle.dz\/index.php\/wp-json\/wp\/v2\/users\/3"}],"replies":[{"embeddable":true,"href":"https:\/\/lasentinelle.dz\/index.php\/wp-json\/wp\/v2\/comments?post=20781"}],"version-history":[{"count":1,"href":"https:\/\/lasentinelle.dz\/index.php\/wp-json\/wp\/v2\/posts\/20781\/revisions"}],"predecessor-version":[{"id":20809,"href":"https:\/\/lasentinelle.dz\/index.php\/wp-json\/wp\/v2\/posts\/20781\/revisions\/20809"}],"wp:featuredmedia":[{"embeddable":true,"href":"https:\/\/lasentinelle.dz\/index.php\/wp-json\/wp\/v2\/media\/20803"}],"wp:attachment":[{"href":"https:\/\/lasentinelle.dz\/index.php\/wp-json\/wp\/v2\/media?parent=20781"}],"wp:term":[{"taxonomy":"category","embeddable":true,"href":"https:\/\/lasentinelle.dz\/index.php\/wp-json\/wp\/v2\/categories?post=20781"},{"taxonomy":"post_tag","embeddable":true,"href":"https:\/\/lasentinelle.dz\/index.php\/wp-json\/wp\/v2\/tags?post=20781"}],"curies":[{"name":"wp","href":"https:\/\/api.w.org\/{rel}","templated":true}]}}