{"id":20834,"date":"2022-05-11T00:05:00","date_gmt":"2022-05-10T23:05:00","guid":{"rendered":"https:\/\/lasentinelle.dz\/?p=20834"},"modified":"2022-05-10T16:40:34","modified_gmt":"2022-05-10T15:40:34","slug":"cascades-de-demission-au-bureau-federal-amara-devant-le-fait-accompli","status":"publish","type":"post","link":"https:\/\/lasentinelle.dz\/index.php\/2022\/05\/11\/cascades-de-demission-au-bureau-federal-amara-devant-le-fait-accompli\/","title":{"rendered":"Cascades de d\u00e9mission au Bureau f\u00e9d\u00e9ral\u00a0:\u00a0Amara devant le fait accompli\u00a0"},"content":{"rendered":"\n<p>Au niveau du Bureau f\u00e9d\u00e9ral de la F\u00e9d\u00e9ration alg\u00e9rienne de football, c\u2019est l\u2019implosion.&nbsp;<\/p>\n\n\n\n<p>Comme rapport\u00e9 sur ces colonnes, la d\u00e9mission de Rachid Gasmi, membre du BF, met celui-ci devant le fait accompli. Il est, d\u00e8s lors, dissout de facto, puisque les membres ne sont que de 6, alors que le d\u00e9cret 14-330 stipule que le nombre doit \u00eatre entre 7 et 13. Ainsi donc, ledit bureau, au m\u00eame titre que le pr\u00e9sident de la FAF, Charaf Eddine Amara, se dirigent droit vers la porte de sortie. Selon la r\u00e9glementation en vigueur, le secr\u00e9taire g\u00e9n\u00e9rale est appel\u00e9 \u00e0 g\u00e9rer les affaires courantes jusqu\u2019\u00e0 la tenue d\u2019une assembl\u00e9e g\u00e9n\u00e9rale \u00e9lective. Mais voil\u00e0 que Amara, qui s\u2019accroche plus que jamais \u00e0 ce poste, cherche une solution. Et celle-ci, selon des sources, a \u00e9t\u00e9 recherch\u00e9e, dans un premier temps, chez les d\u00e9missionnaires.&nbsp;&nbsp;Il a tent\u00e9 de convaincre Rachid Ouakli, Yacine Benhamza et Djilali Touil de revenir, eux qui ont choisi de revenir \u00e0 leurs Ligues respectives, en application du d\u00e9cret 21-60 sur le cumul de postes. Mais les concern\u00e9 ont bott\u00e9 en touche, d\u2019autant plus qu\u2019ils avaient remis leurs d\u00e9missions du BF et celles-ci ont \u00e9t\u00e9 act\u00e9es, selon un communiqu\u00e9 de la FAF sur son site officiel. Une autre tentative aurait travers\u00e9 l\u2019esprit de Amara, \u00e0 savoir celle des membre suppl\u00e9ants. Mais l\u00e0 encore, une blocage fait que cette proc\u00e9dure ne peut se faire. En effet, pour int\u00e9grer ces membres, la proc\u00e9dure doit \u00eatre act\u00e9e par le Bureau f\u00e9d\u00e9ral. Mais comme ce dernier ne peut si\u00e9ger, ni d\u00e9lib\u00e9rer, l\u2019int\u00e9gration des membres en question ne peut se faire. Ainsi donc, le blocage est de toutes parts et Amara ne trouve plus de solutions. Et l\u2019\u00e9tau se resserre sur lui apr\u00e8s la derni\u00e8re d\u00e9claration du ministre de la Jeunesse et des Sports qui a bel et bien confirm\u00e9 que le Bureau f\u00e9d\u00e9ral est dissout. D\u2019ailleurs, est \u00e0 en croire des sources, la tutelle a demand\u00e9 au SG de lui remettre dans les meilleurs d\u00e9lais la liste des d\u00e9missionnaires du BF ainsi que les diff\u00e9rents PV. Le ministre veut agir au plus vite afin, surtout, de mettre un terme \u00e0 cette \u00ab mascarade \u00bb au sein d\u2019instance f\u00e9d\u00e9rale, devenu, s\u2019accorde-t-on \u00e0 dire, la ris\u00e9e.&nbsp;<\/p>\n\n\n\n<p><strong>Abderrahim Mahious<\/strong><\/p>\n","protected":false},"excerpt":{"rendered":"<p>Au niveau du Bureau f\u00e9d\u00e9ral de la F\u00e9d\u00e9ration alg\u00e9rienne de football, c\u2019est l\u2019implosion.&nbsp; Comme rapport\u00e9 sur ces colonnes, la d\u00e9mission<\/p>\n","protected":false},"author":3,"featured_media":20842,"comment_status":"open","ping_status":"closed","sticky":false,"template":"","format":"standard","meta":{"colormag_page_container_layout":"default_layout","colormag_page_sidebar_layout":"default_layout","om_disable_all_campaigns":false,"_monsterinsights_skip_tracking":false,"_monsterinsights_sitenote_active":false,"_monsterinsights_sitenote_note":"","_monsterinsights_sitenote_category":0,"footnotes":"","_wpscppro_dont_share_socialmedia":false,"_wpscppro_custom_social_share_image":0,"_facebook_share_type":"","_twitter_share_type":"","_linkedin_share_type":"","_pinterest_share_type":"","_linkedin_share_type_page":"","_instagram_share_type":"","_medium_share_type":"","_threads_share_type":"","_google_business_share_type":"","_selected_social_profile":[],"_wpsp_enable_custom_social_template":false,"_wpsp_social_scheduling":{"enabled":false,"datetime":null,"platforms":[],"status":"template_only","dateOption":"today","timeOption":"now","customDays":"","customHours":"","customDate":"","customTime":"","schedulingType":"absolute"},"_wpsp_active_default_template":true},"categories":[52,33],"tags":[],"class_list":["post-20834","post","type-post","status-publish","format-standard","has-post-thumbnail","hentry","category-a-la-une","category-sports"],"aioseo_notices":[],"yoast_head":"<!-- This site is optimized with the Yoast SEO plugin v27.4 - https:\/\/yoast.com\/product\/yoast-seo-wordpress\/ -->\n<title>Cascades de d\u00e9mission au Bureau f\u00e9d\u00e9ral\u00a0:\u00a0Amara devant le fait accompli\u00a0 - La Sentinelle<\/title>\n<meta name=\"robots\" content=\"index, follow, max-snippet:-1, max-image-preview:large, max-video-preview:-1\" \/>\n<link rel=\"canonical\" href=\"https:\/\/lasentinelle.dz\/index.php\/2022\/05\/11\/cascades-de-demission-au-bureau-federal-amara-devant-le-fait-accompli\/\" \/>\n<meta property=\"og:locale\" content=\"fr_FR\" \/>\n<meta property=\"og:type\" content=\"article\" \/>\n<meta property=\"og:title\" content=\"Cascades de d\u00e9mission au Bureau f\u00e9d\u00e9ral\u00a0:\u00a0Amara devant le fait accompli\u00a0 - La Sentinelle\" \/>\n<meta property=\"og:description\" content=\"Au niveau du Bureau f\u00e9d\u00e9ral de la F\u00e9d\u00e9ration alg\u00e9rienne de football, c\u2019est l\u2019implosion.&nbsp; Comme rapport\u00e9 sur ces colonnes, la d\u00e9mission\" \/>\n<meta property=\"og:url\" content=\"https:\/\/lasentinelle.dz\/index.php\/2022\/05\/11\/cascades-de-demission-au-bureau-federal-amara-devant-le-fait-accompli\/\" \/>\n<meta property=\"og:site_name\" content=\"La Sentinelle\" \/>\n<meta property=\"article:publisher\" content=\"https:\/\/www.facebook.com\/La-Sentinelle-104059864394773\" \/>\n<meta property=\"article:published_time\" content=\"2022-05-10T23:05:00+00:00\" \/>\n<meta property=\"og:image\" content=\"https:\/\/lasentinelle.dz\/wp-content\/uploads\/2022\/05\/bureau.png\" \/>\n\t<meta property=\"og:image:width\" content=\"2148\" \/>\n\t<meta property=\"og:image:height\" content=\"900\" \/>\n\t<meta property=\"og:image:type\" content=\"image\/png\" \/>\n<meta name=\"author\" content=\"La Sentinelle\" \/>\n<meta name=\"twitter:card\" content=\"summary_large_image\" \/>\n<meta name=\"twitter:label1\" content=\"\u00c9crit par\" \/>\n\t<meta name=\"twitter:data1\" content=\"La Sentinelle\" \/>\n\t<meta name=\"twitter:label2\" content=\"Dur\u00e9e de lecture estim\u00e9e\" \/>\n\t<meta name=\"twitter:data2\" content=\"2 minutes\" \/>\n<script type=\"application\/ld+json\" class=\"yoast-schema-graph\">{\"@context\":\"https:\\\/\\\/schema.org\",\"@graph\":[{\"@type\":\"Article\",\"@id\":\"https:\\\/\\\/lasentinelle.dz\\\/index.php\\\/2022\\\/05\\\/11\\\/cascades-de-demission-au-bureau-federal-amara-devant-le-fait-accompli\\\/#article\",\"isPartOf\":{\"@id\":\"https:\\\/\\\/lasentinelle.dz\\\/index.php\\\/2022\\\/05\\\/11\\\/cascades-de-demission-au-bureau-federal-amara-devant-le-fait-accompli\\\/\"},\"author\":{\"name\":\"La Sentinelle\",\"@id\":\"https:\\\/\\\/lasentinelle.dz\\\/#\\\/schema\\\/person\\\/d865044e22e70a75174ce8bcad3acfb3\"},\"headline\":\"Cascades de d\u00e9mission au Bureau f\u00e9d\u00e9ral\u00a0:\u00a0Amara devant le fait accompli\u00a0\",\"datePublished\":\"2022-05-10T23:05:00+00:00\",\"mainEntityOfPage\":{\"@id\":\"https:\\\/\\\/lasentinelle.dz\\\/index.php\\\/2022\\\/05\\\/11\\\/cascades-de-demission-au-bureau-federal-amara-devant-le-fait-accompli\\\/\"},\"wordCount\":432,\"commentCount\":0,\"publisher\":{\"@id\":\"https:\\\/\\\/lasentinelle.dz\\\/#organization\"},\"image\":{\"@id\":\"https:\\\/\\\/lasentinelle.dz\\\/index.php\\\/2022\\\/05\\\/11\\\/cascades-de-demission-au-bureau-federal-amara-devant-le-fait-accompli\\\/#primaryimage\"},\"thumbnailUrl\":\"https:\\\/\\\/lasentinelle.dz\\\/wp-content\\\/uploads\\\/2022\\\/05\\\/bureau.png\",\"articleSection\":[\"\u00c0 la Une\",\"Sports\"],\"inLanguage\":\"fr-FR\",\"potentialAction\":[{\"@type\":\"CommentAction\",\"name\":\"Comment\",\"target\":[\"https:\\\/\\\/lasentinelle.dz\\\/index.php\\\/2022\\\/05\\\/11\\\/cascades-de-demission-au-bureau-federal-amara-devant-le-fait-accompli\\\/#respond\"]}]},{\"@type\":\"WebPage\",\"@id\":\"https:\\\/\\\/lasentinelle.dz\\\/index.php\\\/2022\\\/05\\\/11\\\/cascades-de-demission-au-bureau-federal-amara-devant-le-fait-accompli\\\/\",\"url\":\"https:\\\/\\\/lasentinelle.dz\\\/index.php\\\/2022\\\/05\\\/11\\\/cascades-de-demission-au-bureau-federal-amara-devant-le-fait-accompli\\\/\",\"name\":\"Cascades de d\u00e9mission au Bureau f\u00e9d\u00e9ral\u00a0:\u00a0Amara devant le fait accompli\u00a0 - La Sentinelle\",\"isPartOf\":{\"@id\":\"https:\\\/\\\/lasentinelle.dz\\\/#website\"},\"primaryImageOfPage\":{\"@id\":\"https:\\\/\\\/lasentinelle.dz\\\/index.php\\\/2022\\\/05\\\/11\\\/cascades-de-demission-au-bureau-federal-amara-devant-le-fait-accompli\\\/#primaryimage\"},\"image\":{\"@id\":\"https:\\\/\\\/lasentinelle.dz\\\/index.php\\\/2022\\\/05\\\/11\\\/cascades-de-demission-au-bureau-federal-amara-devant-le-fait-accompli\\\/#primaryimage\"},\"thumbnailUrl\":\"https:\\\/\\\/lasentinelle.dz\\\/wp-content\\\/uploads\\\/2022\\\/05\\\/bureau.png\",\"datePublished\":\"2022-05-10T23:05:00+00:00\",\"breadcrumb\":{\"@id\":\"https:\\\/\\\/lasentinelle.dz\\\/index.php\\\/2022\\\/05\\\/11\\\/cascades-de-demission-au-bureau-federal-amara-devant-le-fait-accompli\\\/#breadcrumb\"},\"inLanguage\":\"fr-FR\",\"potentialAction\":[{\"@type\":\"ReadAction\",\"target\":[\"https:\\\/\\\/lasentinelle.dz\\\/index.php\\\/2022\\\/05\\\/11\\\/cascades-de-demission-au-bureau-federal-amara-devant-le-fait-accompli\\\/\"]}]},{\"@type\":\"ImageObject\",\"inLanguage\":\"fr-FR\",\"@id\":\"https:\\\/\\\/lasentinelle.dz\\\/index.php\\\/2022\\\/05\\\/11\\\/cascades-de-demission-au-bureau-federal-amara-devant-le-fait-accompli\\\/#primaryimage\",\"url\":\"https:\\\/\\\/lasentinelle.dz\\\/wp-content\\\/uploads\\\/2022\\\/05\\\/bureau.png\",\"contentUrl\":\"https:\\\/\\\/lasentinelle.dz\\\/wp-content\\\/uploads\\\/2022\\\/05\\\/bureau.png\",\"width\":2148,\"height\":900},{\"@type\":\"BreadcrumbList\",\"@id\":\"https:\\\/\\\/lasentinelle.dz\\\/index.php\\\/2022\\\/05\\\/11\\\/cascades-de-demission-au-bureau-federal-amara-devant-le-fait-accompli\\\/#breadcrumb\",\"itemListElement\":[{\"@type\":\"ListItem\",\"position\":1,\"name\":\"Accueil\",\"item\":\"https:\\\/\\\/lasentinelle.dz\\\/\"},{\"@type\":\"ListItem\",\"position\":2,\"name\":\"Cascades de d\u00e9mission au Bureau f\u00e9d\u00e9ral\u00a0:\u00a0Amara devant le fait accompli\u00a0\"}]},{\"@type\":\"WebSite\",\"@id\":\"https:\\\/\\\/lasentinelle.dz\\\/#website\",\"url\":\"https:\\\/\\\/lasentinelle.dz\\\/\",\"name\":\"La Sentinelle\",\"description\":\"Quotidien national d&#039;information\",\"publisher\":{\"@id\":\"https:\\\/\\\/lasentinelle.dz\\\/#organization\"},\"potentialAction\":[{\"@type\":\"SearchAction\",\"target\":{\"@type\":\"EntryPoint\",\"urlTemplate\":\"https:\\\/\\\/lasentinelle.dz\\\/?s={search_term_string}\"},\"query-input\":{\"@type\":\"PropertyValueSpecification\",\"valueRequired\":true,\"valueName\":\"search_term_string\"}}],\"inLanguage\":\"fr-FR\"},{\"@type\":\"Organization\",\"@id\":\"https:\\\/\\\/lasentinelle.dz\\\/#organization\",\"name\":\"Quotidien La Sentinelle\",\"url\":\"https:\\\/\\\/lasentinelle.dz\\\/\",\"logo\":{\"@type\":\"ImageObject\",\"inLanguage\":\"fr-FR\",\"@id\":\"https:\\\/\\\/lasentinelle.dz\\\/#\\\/schema\\\/logo\\\/image\\\/\",\"url\":\"https:\\\/\\\/lasentinelle.dz\\\/wp-content\\\/uploads\\\/2021\\\/09\\\/logo-sentinelleSLOGAN-1.png\",\"contentUrl\":\"https:\\\/\\\/lasentinelle.dz\\\/wp-content\\\/uploads\\\/2021\\\/09\\\/logo-sentinelleSLOGAN-1.png\",\"width\":615,\"height\":142,\"caption\":\"Quotidien La Sentinelle\"},\"image\":{\"@id\":\"https:\\\/\\\/lasentinelle.dz\\\/#\\\/schema\\\/logo\\\/image\\\/\"},\"sameAs\":[\"https:\\\/\\\/www.facebook.com\\\/La-Sentinelle-104059864394773\"]},{\"@type\":\"Person\",\"@id\":\"https:\\\/\\\/lasentinelle.dz\\\/#\\\/schema\\\/person\\\/d865044e22e70a75174ce8bcad3acfb3\",\"name\":\"La Sentinelle\",\"image\":{\"@type\":\"ImageObject\",\"inLanguage\":\"fr-FR\",\"@id\":\"https:\\\/\\\/secure.gravatar.com\\\/avatar\\\/57de8e5d4b15d43fb361a71fbb36338450fe67865b528a43dd10ef7c51a20392?s=96&d=mm&r=g\",\"url\":\"https:\\\/\\\/secure.gravatar.com\\\/avatar\\\/57de8e5d4b15d43fb361a71fbb36338450fe67865b528a43dd10ef7c51a20392?s=96&d=mm&r=g\",\"contentUrl\":\"https:\\\/\\\/secure.gravatar.com\\\/avatar\\\/57de8e5d4b15d43fb361a71fbb36338450fe67865b528a43dd10ef7c51a20392?s=96&d=mm&r=g\",\"caption\":\"La Sentinelle\"},\"sameAs\":[\"http:\\\/\\\/www.lasentinelle.dz\"],\"url\":\"https:\\\/\\\/lasentinelle.dz\\\/author\\\/redaction\\\/\"}]}<\/script>\n<!-- \/ Yoast SEO plugin. -->","yoast_head_json":{"title":"Cascades de d\u00e9mission au Bureau f\u00e9d\u00e9ral\u00a0:\u00a0Amara devant le fait accompli\u00a0 - La Sentinelle","robots":{"index":"index","follow":"follow","max-snippet":"max-snippet:-1","max-image-preview":"max-image-preview:large","max-video-preview":"max-video-preview:-1"},"canonical":"https:\/\/lasentinelle.dz\/index.php\/2022\/05\/11\/cascades-de-demission-au-bureau-federal-amara-devant-le-fait-accompli\/","og_locale":"fr_FR","og_type":"article","og_title":"Cascades de d\u00e9mission au Bureau f\u00e9d\u00e9ral\u00a0:\u00a0Amara devant le fait accompli\u00a0 - La Sentinelle","og_description":"Au niveau du Bureau f\u00e9d\u00e9ral de la F\u00e9d\u00e9ration alg\u00e9rienne de football, c\u2019est l\u2019implosion.&nbsp; Comme rapport\u00e9 sur ces colonnes, la d\u00e9mission","og_url":"https:\/\/lasentinelle.dz\/index.php\/2022\/05\/11\/cascades-de-demission-au-bureau-federal-amara-devant-le-fait-accompli\/","og_site_name":"La Sentinelle","article_publisher":"https:\/\/www.facebook.com\/La-Sentinelle-104059864394773","article_published_time":"2022-05-10T23:05:00+00:00","og_image":[{"width":2148,"height":900,"url":"https:\/\/lasentinelle.dz\/wp-content\/uploads\/2022\/05\/bureau.png","type":"image\/png"}],"author":"La Sentinelle","twitter_card":"summary_large_image","twitter_misc":{"\u00c9crit par":"La Sentinelle","Dur\u00e9e de lecture estim\u00e9e":"2 minutes"},"schema":{"@context":"https:\/\/schema.org","@graph":[{"@type":"Article","@id":"https:\/\/lasentinelle.dz\/index.php\/2022\/05\/11\/cascades-de-demission-au-bureau-federal-amara-devant-le-fait-accompli\/#article","isPartOf":{"@id":"https:\/\/lasentinelle.dz\/index.php\/2022\/05\/11\/cascades-de-demission-au-bureau-federal-amara-devant-le-fait-accompli\/"},"author":{"name":"La Sentinelle","@id":"https:\/\/lasentinelle.dz\/#\/schema\/person\/d865044e22e70a75174ce8bcad3acfb3"},"headline":"Cascades de d\u00e9mission au Bureau f\u00e9d\u00e9ral\u00a0:\u00a0Amara devant le fait accompli\u00a0","datePublished":"2022-05-10T23:05:00+00:00","mainEntityOfPage":{"@id":"https:\/\/lasentinelle.dz\/index.php\/2022\/05\/11\/cascades-de-demission-au-bureau-federal-amara-devant-le-fait-accompli\/"},"wordCount":432,"commentCount":0,"publisher":{"@id":"https:\/\/lasentinelle.dz\/#organization"},"image":{"@id":"https:\/\/lasentinelle.dz\/index.php\/2022\/05\/11\/cascades-de-demission-au-bureau-federal-amara-devant-le-fait-accompli\/#primaryimage"},"thumbnailUrl":"https:\/\/lasentinelle.dz\/wp-content\/uploads\/2022\/05\/bureau.png","articleSection":["\u00c0 la Une","Sports"],"inLanguage":"fr-FR","potentialAction":[{"@type":"CommentAction","name":"Comment","target":["https:\/\/lasentinelle.dz\/index.php\/2022\/05\/11\/cascades-de-demission-au-bureau-federal-amara-devant-le-fait-accompli\/#respond"]}]},{"@type":"WebPage","@id":"https:\/\/lasentinelle.dz\/index.php\/2022\/05\/11\/cascades-de-demission-au-bureau-federal-amara-devant-le-fait-accompli\/","url":"https:\/\/lasentinelle.dz\/index.php\/2022\/05\/11\/cascades-de-demission-au-bureau-federal-amara-devant-le-fait-accompli\/","name":"Cascades de d\u00e9mission au Bureau f\u00e9d\u00e9ral\u00a0:\u00a0Amara devant le fait accompli\u00a0 - La Sentinelle","isPartOf":{"@id":"https:\/\/lasentinelle.dz\/#website"},"primaryImageOfPage":{"@id":"https:\/\/lasentinelle.dz\/index.php\/2022\/05\/11\/cascades-de-demission-au-bureau-federal-amara-devant-le-fait-accompli\/#primaryimage"},"image":{"@id":"https:\/\/lasentinelle.dz\/index.php\/2022\/05\/11\/cascades-de-demission-au-bureau-federal-amara-devant-le-fait-accompli\/#primaryimage"},"thumbnailUrl":"https:\/\/lasentinelle.dz\/wp-content\/uploads\/2022\/05\/bureau.png","datePublished":"2022-05-10T23:05:00+00:00","breadcrumb":{"@id":"https:\/\/lasentinelle.dz\/index.php\/2022\/05\/11\/cascades-de-demission-au-bureau-federal-amara-devant-le-fait-accompli\/#breadcrumb"},"inLanguage":"fr-FR","potentialAction":[{"@type":"ReadAction","target":["https:\/\/lasentinelle.dz\/index.php\/2022\/05\/11\/cascades-de-demission-au-bureau-federal-amara-devant-le-fait-accompli\/"]}]},{"@type":"ImageObject","inLanguage":"fr-FR","@id":"https:\/\/lasentinelle.dz\/index.php\/2022\/05\/11\/cascades-de-demission-au-bureau-federal-amara-devant-le-fait-accompli\/#primaryimage","url":"https:\/\/lasentinelle.dz\/wp-content\/uploads\/2022\/05\/bureau.png","contentUrl":"https:\/\/lasentinelle.dz\/wp-content\/uploads\/2022\/05\/bureau.png","width":2148,"height":900},{"@type":"BreadcrumbList","@id":"https:\/\/lasentinelle.dz\/index.php\/2022\/05\/11\/cascades-de-demission-au-bureau-federal-amara-devant-le-fait-accompli\/#breadcrumb","itemListElement":[{"@type":"ListItem","position":1,"name":"Accueil","item":"https:\/\/lasentinelle.dz\/"},{"@type":"ListItem","position":2,"name":"Cascades de d\u00e9mission au Bureau f\u00e9d\u00e9ral\u00a0:\u00a0Amara devant le fait accompli\u00a0"}]},{"@type":"WebSite","@id":"https:\/\/lasentinelle.dz\/#website","url":"https:\/\/lasentinelle.dz\/","name":"La Sentinelle","description":"Quotidien national d&#039;information","publisher":{"@id":"https:\/\/lasentinelle.dz\/#organization"},"potentialAction":[{"@type":"SearchAction","target":{"@type":"EntryPoint","urlTemplate":"https:\/\/lasentinelle.dz\/?s={search_term_string}"},"query-input":{"@type":"PropertyValueSpecification","valueRequired":true,"valueName":"search_term_string"}}],"inLanguage":"fr-FR"},{"@type":"Organization","@id":"https:\/\/lasentinelle.dz\/#organization","name":"Quotidien La Sentinelle","url":"https:\/\/lasentinelle.dz\/","logo":{"@type":"ImageObject","inLanguage":"fr-FR","@id":"https:\/\/lasentinelle.dz\/#\/schema\/logo\/image\/","url":"https:\/\/lasentinelle.dz\/wp-content\/uploads\/2021\/09\/logo-sentinelleSLOGAN-1.png","contentUrl":"https:\/\/lasentinelle.dz\/wp-content\/uploads\/2021\/09\/logo-sentinelleSLOGAN-1.png","width":615,"height":142,"caption":"Quotidien La Sentinelle"},"image":{"@id":"https:\/\/lasentinelle.dz\/#\/schema\/logo\/image\/"},"sameAs":["https:\/\/www.facebook.com\/La-Sentinelle-104059864394773"]},{"@type":"Person","@id":"https:\/\/lasentinelle.dz\/#\/schema\/person\/d865044e22e70a75174ce8bcad3acfb3","name":"La Sentinelle","image":{"@type":"ImageObject","inLanguage":"fr-FR","@id":"https:\/\/secure.gravatar.com\/avatar\/57de8e5d4b15d43fb361a71fbb36338450fe67865b528a43dd10ef7c51a20392?s=96&d=mm&r=g","url":"https:\/\/secure.gravatar.com\/avatar\/57de8e5d4b15d43fb361a71fbb36338450fe67865b528a43dd10ef7c51a20392?s=96&d=mm&r=g","contentUrl":"https:\/\/secure.gravatar.com\/avatar\/57de8e5d4b15d43fb361a71fbb36338450fe67865b528a43dd10ef7c51a20392?s=96&d=mm&r=g","caption":"La Sentinelle"},"sameAs":["http:\/\/www.lasentinelle.dz"],"url":"https:\/\/lasentinelle.dz\/author\/redaction\/"}]}},"_links":{"self":[{"href":"https:\/\/lasentinelle.dz\/index.php\/wp-json\/wp\/v2\/posts\/20834","targetHints":{"allow":["GET"]}}],"collection":[{"href":"https:\/\/lasentinelle.dz\/index.php\/wp-json\/wp\/v2\/posts"}],"about":[{"href":"https:\/\/lasentinelle.dz\/index.php\/wp-json\/wp\/v2\/types\/post"}],"author":[{"embeddable":true,"href":"https:\/\/lasentinelle.dz\/index.php\/wp-json\/wp\/v2\/users\/3"}],"replies":[{"embeddable":true,"href":"https:\/\/lasentinelle.dz\/index.php\/wp-json\/wp\/v2\/comments?post=20834"}],"version-history":[{"count":1,"href":"https:\/\/lasentinelle.dz\/index.php\/wp-json\/wp\/v2\/posts\/20834\/revisions"}],"predecessor-version":[{"id":20843,"href":"https:\/\/lasentinelle.dz\/index.php\/wp-json\/wp\/v2\/posts\/20834\/revisions\/20843"}],"wp:featuredmedia":[{"embeddable":true,"href":"https:\/\/lasentinelle.dz\/index.php\/wp-json\/wp\/v2\/media\/20842"}],"wp:attachment":[{"href":"https:\/\/lasentinelle.dz\/index.php\/wp-json\/wp\/v2\/media?parent=20834"}],"wp:term":[{"taxonomy":"category","embeddable":true,"href":"https:\/\/lasentinelle.dz\/index.php\/wp-json\/wp\/v2\/categories?post=20834"},{"taxonomy":"post_tag","embeddable":true,"href":"https:\/\/lasentinelle.dz\/index.php\/wp-json\/wp\/v2\/tags?post=20834"}],"curies":[{"name":"wp","href":"https:\/\/api.w.org\/{rel}","templated":true}]}}