{"id":20859,"date":"2022-05-11T00:01:00","date_gmt":"2022-05-10T23:01:00","guid":{"rendered":"https:\/\/lasentinelle.dz\/?p=20859"},"modified":"2022-05-10T18:26:56","modified_gmt":"2022-05-10T17:26:56","slug":"feux-de-forets-le-processus-dindemnisation-se-poursuit","status":"publish","type":"post","link":"https:\/\/lasentinelle.dz\/index.php\/2022\/05\/11\/feux-de-forets-le-processus-dindemnisation-se-poursuit\/","title":{"rendered":"Feux de for\u00eats\u00a0: Le processus d\u2019indemnisation se poursuit"},"content":{"rendered":"\n<p>Intervenant en marge de l\u2019ouverture de la c\u00e9r\u00e9monie de mise en place de la commission nationale de protection des for\u00eats, hier \u00e0 Alger, le ministre de l\u2019Agriculture et du D\u00e9veloppement rural, Mohamed Abdelhafidh Henni a fait savoir que ses services \u00ab ont adopt\u00e9 une nouvelle strat\u00e9gie de pr\u00e9vention et de lutte contre les feux de for\u00eats&nbsp;\u00bb. Une approche nouvelle, explique-t-il, qui&nbsp;\u00ab&nbsp;repose sur l\u2019am\u00e9lioration du volet op\u00e9ratoire dans le cadre d\u2019un travail multisectoriel \u00bb.&nbsp;En effet, ajoute M. Henni, \u00ab en pr\u00e9vision des op\u00e9rations de pr\u00e9vention et de lutte pr\u00e9vues durant l\u2019\u00e9t\u00e9 de cette ann\u00e9e 2022, quelques 401 tours&nbsp;de contr\u00f4le viennent d\u2019\u00eatre mises sur pied, 513 unit\u00e9s mobiles en plus des 63 camions citernes qui seront pr\u00eats&nbsp;&nbsp;\u00e0 \u00eatre mobilis\u00e9s&nbsp;&nbsp;pour approvisionner les unit\u00e9s en eau de quelques 3 261 points d\u2019eau r\u00e9partis \u00e0 travers le territoire national. Pour les besoins des op\u00e9rations qui pourraient \u00eatre n\u00e9cessaires \u00bb, ajoute le ministre qui a \u00e9galement fait \u00e9tat de \u00ab quelques 1019 ateliers de travail \u0153uvrent actuellement \u00e0 perfectionner la qualit\u00e9 des interventions des 9481 agents pr\u00eats \u00e0 \u00eatre mobilis\u00e9s \u00bb.<\/p>\n\n\n\n<p>Dans son expos\u00e9 des moyens disponibles pour intervenir l\u2019\u00e9t\u00e9 prochain, le ministre de l\u2019Agriculture et du D\u00e9veloppement rural n\u2019a pas manqu\u00e9 d\u2019\u00e9voquer le dossier encore pendant des victimes des incendies qui ont ravag\u00e9 une dizaine de wilayas durant les mois de juillet et ao\u00fbt de l\u2019\u00e9t\u00e9 dernier. M. Henni donnera \u00e0&nbsp;&nbsp;ce sujet des assurances aux agriculteurs touch\u00e9s sur \u00ab la poursuite des op\u00e9rations d\u2019indemnisations \u00e0 travers le territoire national \u00bb. A cet effet, justement, le ministre a, par la m\u00eame occasion, fait \u00e9tat de \u00ab l\u2019indemnisation de quelques 1 200 \u00e9leveurs avec plus de 6000 t\u00eates \u00bb. Les aviculteurs, ajoute-t-il, ont b\u00e9n\u00e9fici\u00e9 d\u2019intrants biologiques et des \u00e9quipements tandis que, de leur c\u00f4t\u00e9, les apiculteurs ont b\u00e9n\u00e9fici\u00e9 de pas moins de 69 000 essaims outre le million d\u2019arbres fruitiers distribu\u00e9s aux agriculteurs de montagnes fortement touch\u00e9s par le sinistre. Pour la m\u00eame op\u00e9ration de replantation, le ministre a fait \u00e9tat de \u00ab 20 millions de plants mobilis\u00e9s avec 11 millions plant\u00e9s depuis le mois d\u2019octobre \u00bb.&nbsp;Au sujet des moyens mobilis\u00e9s depuis les derniers incendies, le ministre de l\u2019Agriculture et du D\u00e9veloppement rural a fait \u00e9tat de quelques \u00ab 15 camions citernes remis aux directions locales des for\u00eats au niveau des wilayas en plus des 80 v\u00e9hicules l\u00e9gers destin\u00e9s \u00e0 la lutte contre les deux de for\u00eats \u00bb. Une op\u00e9ration, pr\u00e9cise-t-il, qui porte le nombre de v\u00e9hicules \u00e0 240. Aussi, avec ce nombre de v\u00e9hicules, ajoute M. Henni, le nombre de colonnes mobiles a atteint une trentaine tous mobilis\u00e9s sur le terrain.&nbsp;Enfin, il est \u00e0 rappeler que les feux de for\u00eats de l\u2019\u00e9t\u00e9 dernier ont caus\u00e9 d\u2019\u00e9normes d\u00e9g\u00e2ts humains et mat\u00e9riels. Les agriculteurs activant dans les zones montagneuses ont \u00e9t\u00e9 particuli\u00e8rement touch\u00e9s en subissant des pertes totales. Certains peinent encore \u00e0 red\u00e9marrer \u00e0 cause de la lenteur des d\u00e9marches administratives.&nbsp;<\/p>\n\n\n\n<p><strong>Kamel Nait Ameur<\/strong><\/p>\n","protected":false},"excerpt":{"rendered":"<p>Intervenant en marge de l\u2019ouverture de la c\u00e9r\u00e9monie de mise en place de la commission nationale de protection des for\u00eats,<\/p>\n","protected":false},"author":3,"featured_media":20861,"comment_status":"open","ping_status":"closed","sticky":false,"template":"","format":"standard","meta":{"colormag_page_container_layout":"default_layout","colormag_page_sidebar_layout":"default_layout","om_disable_all_campaigns":false,"_monsterinsights_skip_tracking":false,"_monsterinsights_sitenote_active":false,"_monsterinsights_sitenote_note":"","_monsterinsights_sitenote_category":0,"footnotes":"","_wpscppro_dont_share_socialmedia":false,"_wpscppro_custom_social_share_image":0,"_facebook_share_type":"","_twitter_share_type":"","_linkedin_share_type":"","_pinterest_share_type":"","_linkedin_share_type_page":"","_instagram_share_type":"","_medium_share_type":"","_threads_share_type":"","_google_business_share_type":"","_selected_social_profile":[],"_wpsp_enable_custom_social_template":false,"_wpsp_social_scheduling":{"enabled":false,"datetime":null,"platforms":[],"status":"template_only","dateOption":"today","timeOption":"now","customDays":"","customHours":"","customDate":"","customTime":"","schedulingType":"absolute"},"_wpsp_active_default_template":true},"categories":[29],"tags":[],"class_list":["post-20859","post","type-post","status-publish","format-standard","has-post-thumbnail","hentry","category-economie"],"aioseo_notices":[],"yoast_head":"<!-- This site is optimized with the Yoast SEO plugin v27.5 - https:\/\/yoast.com\/product\/yoast-seo-wordpress\/ -->\n<title>Feux de for\u00eats\u00a0: Le processus d\u2019indemnisation se poursuit - La Sentinelle<\/title>\n<meta name=\"robots\" content=\"index, follow, max-snippet:-1, max-image-preview:large, max-video-preview:-1\" \/>\n<link rel=\"canonical\" href=\"https:\/\/lasentinelle.dz\/index.php\/2022\/05\/11\/feux-de-forets-le-processus-dindemnisation-se-poursuit\/\" \/>\n<meta property=\"og:locale\" content=\"fr_FR\" \/>\n<meta property=\"og:type\" content=\"article\" \/>\n<meta property=\"og:title\" content=\"Feux de for\u00eats\u00a0: Le processus d\u2019indemnisation se poursuit - La Sentinelle\" \/>\n<meta property=\"og:description\" content=\"Intervenant en marge de l\u2019ouverture de la c\u00e9r\u00e9monie de mise en place de la commission nationale de protection des for\u00eats,\" \/>\n<meta property=\"og:url\" content=\"https:\/\/lasentinelle.dz\/index.php\/2022\/05\/11\/feux-de-forets-le-processus-dindemnisation-se-poursuit\/\" \/>\n<meta property=\"og:site_name\" content=\"La Sentinelle\" \/>\n<meta property=\"article:publisher\" content=\"https:\/\/www.facebook.com\/La-Sentinelle-104059864394773\" \/>\n<meta property=\"article:published_time\" content=\"2022-05-10T23:01:00+00:00\" \/>\n<meta property=\"og:image\" content=\"https:\/\/lasentinelle.dz\/wp-content\/uploads\/2022\/05\/feux-de-foret.png\" \/>\n\t<meta property=\"og:image:width\" content=\"1595\" \/>\n\t<meta property=\"og:image:height\" content=\"900\" \/>\n\t<meta property=\"og:image:type\" content=\"image\/png\" \/>\n<meta name=\"author\" content=\"La Sentinelle\" \/>\n<meta name=\"twitter:card\" content=\"summary_large_image\" \/>\n<meta name=\"twitter:label1\" content=\"\u00c9crit par\" \/>\n\t<meta name=\"twitter:data1\" content=\"La Sentinelle\" \/>\n\t<meta name=\"twitter:label2\" content=\"Dur\u00e9e de lecture estim\u00e9e\" \/>\n\t<meta name=\"twitter:data2\" content=\"3 minutes\" \/>\n<script type=\"application\/ld+json\" class=\"yoast-schema-graph\">{\"@context\":\"https:\\\/\\\/schema.org\",\"@graph\":[{\"@type\":\"Article\",\"@id\":\"https:\\\/\\\/lasentinelle.dz\\\/index.php\\\/2022\\\/05\\\/11\\\/feux-de-forets-le-processus-dindemnisation-se-poursuit\\\/#article\",\"isPartOf\":{\"@id\":\"https:\\\/\\\/lasentinelle.dz\\\/index.php\\\/2022\\\/05\\\/11\\\/feux-de-forets-le-processus-dindemnisation-se-poursuit\\\/\"},\"author\":{\"name\":\"La Sentinelle\",\"@id\":\"https:\\\/\\\/lasentinelle.dz\\\/#\\\/schema\\\/person\\\/d865044e22e70a75174ce8bcad3acfb3\"},\"headline\":\"Feux de for\u00eats\u00a0: Le processus d\u2019indemnisation se poursuit\",\"datePublished\":\"2022-05-10T23:01:00+00:00\",\"mainEntityOfPage\":{\"@id\":\"https:\\\/\\\/lasentinelle.dz\\\/index.php\\\/2022\\\/05\\\/11\\\/feux-de-forets-le-processus-dindemnisation-se-poursuit\\\/\"},\"wordCount\":545,\"commentCount\":0,\"publisher\":{\"@id\":\"https:\\\/\\\/lasentinelle.dz\\\/#organization\"},\"image\":{\"@id\":\"https:\\\/\\\/lasentinelle.dz\\\/index.php\\\/2022\\\/05\\\/11\\\/feux-de-forets-le-processus-dindemnisation-se-poursuit\\\/#primaryimage\"},\"thumbnailUrl\":\"https:\\\/\\\/lasentinelle.dz\\\/wp-content\\\/uploads\\\/2022\\\/05\\\/feux-de-foret.png\",\"articleSection\":[\"\u00c9conomie\"],\"inLanguage\":\"fr-FR\",\"potentialAction\":[{\"@type\":\"CommentAction\",\"name\":\"Comment\",\"target\":[\"https:\\\/\\\/lasentinelle.dz\\\/index.php\\\/2022\\\/05\\\/11\\\/feux-de-forets-le-processus-dindemnisation-se-poursuit\\\/#respond\"]}]},{\"@type\":\"WebPage\",\"@id\":\"https:\\\/\\\/lasentinelle.dz\\\/index.php\\\/2022\\\/05\\\/11\\\/feux-de-forets-le-processus-dindemnisation-se-poursuit\\\/\",\"url\":\"https:\\\/\\\/lasentinelle.dz\\\/index.php\\\/2022\\\/05\\\/11\\\/feux-de-forets-le-processus-dindemnisation-se-poursuit\\\/\",\"name\":\"Feux de for\u00eats\u00a0: Le processus d\u2019indemnisation se poursuit - La Sentinelle\",\"isPartOf\":{\"@id\":\"https:\\\/\\\/lasentinelle.dz\\\/#website\"},\"primaryImageOfPage\":{\"@id\":\"https:\\\/\\\/lasentinelle.dz\\\/index.php\\\/2022\\\/05\\\/11\\\/feux-de-forets-le-processus-dindemnisation-se-poursuit\\\/#primaryimage\"},\"image\":{\"@id\":\"https:\\\/\\\/lasentinelle.dz\\\/index.php\\\/2022\\\/05\\\/11\\\/feux-de-forets-le-processus-dindemnisation-se-poursuit\\\/#primaryimage\"},\"thumbnailUrl\":\"https:\\\/\\\/lasentinelle.dz\\\/wp-content\\\/uploads\\\/2022\\\/05\\\/feux-de-foret.png\",\"datePublished\":\"2022-05-10T23:01:00+00:00\",\"breadcrumb\":{\"@id\":\"https:\\\/\\\/lasentinelle.dz\\\/index.php\\\/2022\\\/05\\\/11\\\/feux-de-forets-le-processus-dindemnisation-se-poursuit\\\/#breadcrumb\"},\"inLanguage\":\"fr-FR\",\"potentialAction\":[{\"@type\":\"ReadAction\",\"target\":[\"https:\\\/\\\/lasentinelle.dz\\\/index.php\\\/2022\\\/05\\\/11\\\/feux-de-forets-le-processus-dindemnisation-se-poursuit\\\/\"]}]},{\"@type\":\"ImageObject\",\"inLanguage\":\"fr-FR\",\"@id\":\"https:\\\/\\\/lasentinelle.dz\\\/index.php\\\/2022\\\/05\\\/11\\\/feux-de-forets-le-processus-dindemnisation-se-poursuit\\\/#primaryimage\",\"url\":\"https:\\\/\\\/lasentinelle.dz\\\/wp-content\\\/uploads\\\/2022\\\/05\\\/feux-de-foret.png\",\"contentUrl\":\"https:\\\/\\\/lasentinelle.dz\\\/wp-content\\\/uploads\\\/2022\\\/05\\\/feux-de-foret.png\",\"width\":1595,\"height\":900},{\"@type\":\"BreadcrumbList\",\"@id\":\"https:\\\/\\\/lasentinelle.dz\\\/index.php\\\/2022\\\/05\\\/11\\\/feux-de-forets-le-processus-dindemnisation-se-poursuit\\\/#breadcrumb\",\"itemListElement\":[{\"@type\":\"ListItem\",\"position\":1,\"name\":\"Accueil\",\"item\":\"https:\\\/\\\/lasentinelle.dz\\\/\"},{\"@type\":\"ListItem\",\"position\":2,\"name\":\"Feux de for\u00eats\u00a0: Le processus d\u2019indemnisation se poursuit\"}]},{\"@type\":\"WebSite\",\"@id\":\"https:\\\/\\\/lasentinelle.dz\\\/#website\",\"url\":\"https:\\\/\\\/lasentinelle.dz\\\/\",\"name\":\"La Sentinelle\",\"description\":\"Quotidien national d&#039;information\",\"publisher\":{\"@id\":\"https:\\\/\\\/lasentinelle.dz\\\/#organization\"},\"potentialAction\":[{\"@type\":\"SearchAction\",\"target\":{\"@type\":\"EntryPoint\",\"urlTemplate\":\"https:\\\/\\\/lasentinelle.dz\\\/?s={search_term_string}\"},\"query-input\":{\"@type\":\"PropertyValueSpecification\",\"valueRequired\":true,\"valueName\":\"search_term_string\"}}],\"inLanguage\":\"fr-FR\"},{\"@type\":\"Organization\",\"@id\":\"https:\\\/\\\/lasentinelle.dz\\\/#organization\",\"name\":\"Quotidien La Sentinelle\",\"url\":\"https:\\\/\\\/lasentinelle.dz\\\/\",\"logo\":{\"@type\":\"ImageObject\",\"inLanguage\":\"fr-FR\",\"@id\":\"https:\\\/\\\/lasentinelle.dz\\\/#\\\/schema\\\/logo\\\/image\\\/\",\"url\":\"https:\\\/\\\/lasentinelle.dz\\\/wp-content\\\/uploads\\\/2021\\\/09\\\/logo-sentinelleSLOGAN-1.png\",\"contentUrl\":\"https:\\\/\\\/lasentinelle.dz\\\/wp-content\\\/uploads\\\/2021\\\/09\\\/logo-sentinelleSLOGAN-1.png\",\"width\":615,\"height\":142,\"caption\":\"Quotidien La Sentinelle\"},\"image\":{\"@id\":\"https:\\\/\\\/lasentinelle.dz\\\/#\\\/schema\\\/logo\\\/image\\\/\"},\"sameAs\":[\"https:\\\/\\\/www.facebook.com\\\/La-Sentinelle-104059864394773\"]},{\"@type\":\"Person\",\"@id\":\"https:\\\/\\\/lasentinelle.dz\\\/#\\\/schema\\\/person\\\/d865044e22e70a75174ce8bcad3acfb3\",\"name\":\"La Sentinelle\",\"image\":{\"@type\":\"ImageObject\",\"inLanguage\":\"fr-FR\",\"@id\":\"https:\\\/\\\/secure.gravatar.com\\\/avatar\\\/57de8e5d4b15d43fb361a71fbb36338450fe67865b528a43dd10ef7c51a20392?s=96&d=mm&r=g\",\"url\":\"https:\\\/\\\/secure.gravatar.com\\\/avatar\\\/57de8e5d4b15d43fb361a71fbb36338450fe67865b528a43dd10ef7c51a20392?s=96&d=mm&r=g\",\"contentUrl\":\"https:\\\/\\\/secure.gravatar.com\\\/avatar\\\/57de8e5d4b15d43fb361a71fbb36338450fe67865b528a43dd10ef7c51a20392?s=96&d=mm&r=g\",\"caption\":\"La Sentinelle\"},\"sameAs\":[\"http:\\\/\\\/www.lasentinelle.dz\"],\"url\":\"https:\\\/\\\/lasentinelle.dz\\\/author\\\/redaction\\\/\"}]}<\/script>\n<!-- \/ Yoast SEO plugin. -->","yoast_head_json":{"title":"Feux de for\u00eats\u00a0: Le processus d\u2019indemnisation se poursuit - La Sentinelle","robots":{"index":"index","follow":"follow","max-snippet":"max-snippet:-1","max-image-preview":"max-image-preview:large","max-video-preview":"max-video-preview:-1"},"canonical":"https:\/\/lasentinelle.dz\/index.php\/2022\/05\/11\/feux-de-forets-le-processus-dindemnisation-se-poursuit\/","og_locale":"fr_FR","og_type":"article","og_title":"Feux de for\u00eats\u00a0: Le processus d\u2019indemnisation se poursuit - La Sentinelle","og_description":"Intervenant en marge de l\u2019ouverture de la c\u00e9r\u00e9monie de mise en place de la commission nationale de protection des for\u00eats,","og_url":"https:\/\/lasentinelle.dz\/index.php\/2022\/05\/11\/feux-de-forets-le-processus-dindemnisation-se-poursuit\/","og_site_name":"La Sentinelle","article_publisher":"https:\/\/www.facebook.com\/La-Sentinelle-104059864394773","article_published_time":"2022-05-10T23:01:00+00:00","og_image":[{"width":1595,"height":900,"url":"https:\/\/lasentinelle.dz\/wp-content\/uploads\/2022\/05\/feux-de-foret.png","type":"image\/png"}],"author":"La Sentinelle","twitter_card":"summary_large_image","twitter_misc":{"\u00c9crit par":"La Sentinelle","Dur\u00e9e de lecture estim\u00e9e":"3 minutes"},"schema":{"@context":"https:\/\/schema.org","@graph":[{"@type":"Article","@id":"https:\/\/lasentinelle.dz\/index.php\/2022\/05\/11\/feux-de-forets-le-processus-dindemnisation-se-poursuit\/#article","isPartOf":{"@id":"https:\/\/lasentinelle.dz\/index.php\/2022\/05\/11\/feux-de-forets-le-processus-dindemnisation-se-poursuit\/"},"author":{"name":"La Sentinelle","@id":"https:\/\/lasentinelle.dz\/#\/schema\/person\/d865044e22e70a75174ce8bcad3acfb3"},"headline":"Feux de for\u00eats\u00a0: Le processus d\u2019indemnisation se poursuit","datePublished":"2022-05-10T23:01:00+00:00","mainEntityOfPage":{"@id":"https:\/\/lasentinelle.dz\/index.php\/2022\/05\/11\/feux-de-forets-le-processus-dindemnisation-se-poursuit\/"},"wordCount":545,"commentCount":0,"publisher":{"@id":"https:\/\/lasentinelle.dz\/#organization"},"image":{"@id":"https:\/\/lasentinelle.dz\/index.php\/2022\/05\/11\/feux-de-forets-le-processus-dindemnisation-se-poursuit\/#primaryimage"},"thumbnailUrl":"https:\/\/lasentinelle.dz\/wp-content\/uploads\/2022\/05\/feux-de-foret.png","articleSection":["\u00c9conomie"],"inLanguage":"fr-FR","potentialAction":[{"@type":"CommentAction","name":"Comment","target":["https:\/\/lasentinelle.dz\/index.php\/2022\/05\/11\/feux-de-forets-le-processus-dindemnisation-se-poursuit\/#respond"]}]},{"@type":"WebPage","@id":"https:\/\/lasentinelle.dz\/index.php\/2022\/05\/11\/feux-de-forets-le-processus-dindemnisation-se-poursuit\/","url":"https:\/\/lasentinelle.dz\/index.php\/2022\/05\/11\/feux-de-forets-le-processus-dindemnisation-se-poursuit\/","name":"Feux de for\u00eats\u00a0: Le processus d\u2019indemnisation se poursuit - La Sentinelle","isPartOf":{"@id":"https:\/\/lasentinelle.dz\/#website"},"primaryImageOfPage":{"@id":"https:\/\/lasentinelle.dz\/index.php\/2022\/05\/11\/feux-de-forets-le-processus-dindemnisation-se-poursuit\/#primaryimage"},"image":{"@id":"https:\/\/lasentinelle.dz\/index.php\/2022\/05\/11\/feux-de-forets-le-processus-dindemnisation-se-poursuit\/#primaryimage"},"thumbnailUrl":"https:\/\/lasentinelle.dz\/wp-content\/uploads\/2022\/05\/feux-de-foret.png","datePublished":"2022-05-10T23:01:00+00:00","breadcrumb":{"@id":"https:\/\/lasentinelle.dz\/index.php\/2022\/05\/11\/feux-de-forets-le-processus-dindemnisation-se-poursuit\/#breadcrumb"},"inLanguage":"fr-FR","potentialAction":[{"@type":"ReadAction","target":["https:\/\/lasentinelle.dz\/index.php\/2022\/05\/11\/feux-de-forets-le-processus-dindemnisation-se-poursuit\/"]}]},{"@type":"ImageObject","inLanguage":"fr-FR","@id":"https:\/\/lasentinelle.dz\/index.php\/2022\/05\/11\/feux-de-forets-le-processus-dindemnisation-se-poursuit\/#primaryimage","url":"https:\/\/lasentinelle.dz\/wp-content\/uploads\/2022\/05\/feux-de-foret.png","contentUrl":"https:\/\/lasentinelle.dz\/wp-content\/uploads\/2022\/05\/feux-de-foret.png","width":1595,"height":900},{"@type":"BreadcrumbList","@id":"https:\/\/lasentinelle.dz\/index.php\/2022\/05\/11\/feux-de-forets-le-processus-dindemnisation-se-poursuit\/#breadcrumb","itemListElement":[{"@type":"ListItem","position":1,"name":"Accueil","item":"https:\/\/lasentinelle.dz\/"},{"@type":"ListItem","position":2,"name":"Feux de for\u00eats\u00a0: Le processus d\u2019indemnisation se poursuit"}]},{"@type":"WebSite","@id":"https:\/\/lasentinelle.dz\/#website","url":"https:\/\/lasentinelle.dz\/","name":"La Sentinelle","description":"Quotidien national d&#039;information","publisher":{"@id":"https:\/\/lasentinelle.dz\/#organization"},"potentialAction":[{"@type":"SearchAction","target":{"@type":"EntryPoint","urlTemplate":"https:\/\/lasentinelle.dz\/?s={search_term_string}"},"query-input":{"@type":"PropertyValueSpecification","valueRequired":true,"valueName":"search_term_string"}}],"inLanguage":"fr-FR"},{"@type":"Organization","@id":"https:\/\/lasentinelle.dz\/#organization","name":"Quotidien La Sentinelle","url":"https:\/\/lasentinelle.dz\/","logo":{"@type":"ImageObject","inLanguage":"fr-FR","@id":"https:\/\/lasentinelle.dz\/#\/schema\/logo\/image\/","url":"https:\/\/lasentinelle.dz\/wp-content\/uploads\/2021\/09\/logo-sentinelleSLOGAN-1.png","contentUrl":"https:\/\/lasentinelle.dz\/wp-content\/uploads\/2021\/09\/logo-sentinelleSLOGAN-1.png","width":615,"height":142,"caption":"Quotidien La Sentinelle"},"image":{"@id":"https:\/\/lasentinelle.dz\/#\/schema\/logo\/image\/"},"sameAs":["https:\/\/www.facebook.com\/La-Sentinelle-104059864394773"]},{"@type":"Person","@id":"https:\/\/lasentinelle.dz\/#\/schema\/person\/d865044e22e70a75174ce8bcad3acfb3","name":"La Sentinelle","image":{"@type":"ImageObject","inLanguage":"fr-FR","@id":"https:\/\/secure.gravatar.com\/avatar\/57de8e5d4b15d43fb361a71fbb36338450fe67865b528a43dd10ef7c51a20392?s=96&d=mm&r=g","url":"https:\/\/secure.gravatar.com\/avatar\/57de8e5d4b15d43fb361a71fbb36338450fe67865b528a43dd10ef7c51a20392?s=96&d=mm&r=g","contentUrl":"https:\/\/secure.gravatar.com\/avatar\/57de8e5d4b15d43fb361a71fbb36338450fe67865b528a43dd10ef7c51a20392?s=96&d=mm&r=g","caption":"La Sentinelle"},"sameAs":["http:\/\/www.lasentinelle.dz"],"url":"https:\/\/lasentinelle.dz\/author\/redaction\/"}]}},"_links":{"self":[{"href":"https:\/\/lasentinelle.dz\/index.php\/wp-json\/wp\/v2\/posts\/20859","targetHints":{"allow":["GET"]}}],"collection":[{"href":"https:\/\/lasentinelle.dz\/index.php\/wp-json\/wp\/v2\/posts"}],"about":[{"href":"https:\/\/lasentinelle.dz\/index.php\/wp-json\/wp\/v2\/types\/post"}],"author":[{"embeddable":true,"href":"https:\/\/lasentinelle.dz\/index.php\/wp-json\/wp\/v2\/users\/3"}],"replies":[{"embeddable":true,"href":"https:\/\/lasentinelle.dz\/index.php\/wp-json\/wp\/v2\/comments?post=20859"}],"version-history":[{"count":1,"href":"https:\/\/lasentinelle.dz\/index.php\/wp-json\/wp\/v2\/posts\/20859\/revisions"}],"predecessor-version":[{"id":20862,"href":"https:\/\/lasentinelle.dz\/index.php\/wp-json\/wp\/v2\/posts\/20859\/revisions\/20862"}],"wp:featuredmedia":[{"embeddable":true,"href":"https:\/\/lasentinelle.dz\/index.php\/wp-json\/wp\/v2\/media\/20861"}],"wp:attachment":[{"href":"https:\/\/lasentinelle.dz\/index.php\/wp-json\/wp\/v2\/media?parent=20859"}],"wp:term":[{"taxonomy":"category","embeddable":true,"href":"https:\/\/lasentinelle.dz\/index.php\/wp-json\/wp\/v2\/categories?post=20859"},{"taxonomy":"post_tag","embeddable":true,"href":"https:\/\/lasentinelle.dz\/index.php\/wp-json\/wp\/v2\/tags?post=20859"}],"curies":[{"name":"wp","href":"https:\/\/api.w.org\/{rel}","templated":true}]}}