{"id":20901,"date":"2022-05-12T00:01:00","date_gmt":"2022-05-11T23:01:00","guid":{"rendered":"https:\/\/lasentinelle.dz\/?p=20901"},"modified":"2022-05-11T17:25:33","modified_gmt":"2022-05-11T16:25:33","slug":"organisation-de-la-finale-de-la-ldc-au-maroc-al-ahly-saisit-le-tas","status":"publish","type":"post","link":"https:\/\/lasentinelle.dz\/index.php\/2022\/05\/12\/organisation-de-la-finale-de-la-ldc-au-maroc-al-ahly-saisit-le-tas\/","title":{"rendered":"Organisation de la finale de la LDC au Maroc\u00a0:\u00a0Al Ahly saisit le TAS\u00a0"},"content":{"rendered":"\n<p>Le club \u00e9gyptien a d\u00e9j\u00e0 demand\u00e9 \u00e0 la CAF de faire jouer la finale, pr\u00e9vue le 30 mai au Complexe Mohamed V de Casablanca, dans un terrain neutre.&nbsp;&nbsp;<\/p>\n\n\n\n<p>Al Ahly d&rsquo;Egypte a d\u00e9cid\u00e9 de pr\u00e9senter un recours aupr\u00e8s du Tribunal arbitral du sport (TAS) suite \u00e0 la d\u00e9cision de la Conf\u00e9d\u00e9ration africaine de football (CAF) de faire jouer la finale de la Ligue des champions africaine au Maroc. \u00ab Al Ahly a d\u00e9cid\u00e9 de pr\u00e9senter un recours au TAS contre la d\u00e9cision de la CAF de ne pas organiser la finale de la Ligue des champions dans un lieu neutre, en dehors des pays des quatre demi-finalistes, en plus d\u2019autres violations qui ne r\u00e9pondent pas \u00e0 la charte olympique, aux r\u00e8glements de la FIFA et de la CAF \u00bb, a d\u00e9nonc\u00e9 le double tenant du titre \u00e0 travers un communiqu\u00e9 sur son compte officiel tweeter. Le club \u00e9gyptien a d\u00e9j\u00e0 demand\u00e9 \u00e0 la CAF de faire jouer la finale dans un terrain neutre et fera appel de la d\u00e9cision de la CAF, en demandant au TAS de r\u00e9soudre la situation avant la finale de la comp\u00e9tition, pr\u00e9vue le 30 mai au Complexe Mohamed V de Casablanca. De plus, Al Ahly esp\u00e8re que la CAF aura \u00e0 c\u0153ur de ne pas entraver la justice et qu&rsquo;elle fournira au TAS tous les documents requis qui aideront \u00e0 obtenir justice, lit-on sur le communiqu\u00e9 d&rsquo;Al Ahly. La d\u00e9cision d&rsquo;Al Ahly de faire appel au TAS est intervenue apr\u00e8s que la CAF ait pris la d\u00e9cision d\u2019organiser la finale de la Ligue des champions au m\u00eame endroit pour la deuxi\u00e8me saison cons\u00e9cutive. \u00ab Cette d\u00e9cision donnera l&rsquo;avantage du terrain \u00e0 une certaine \u00e9quipe qui jouera \u00e0 domicile devant ses fans en plus de violer d&rsquo;autres lois et r\u00e8glements. La CAF a d\u00e9clar\u00e9 que sa d\u00e9cision \u00e9tait bas\u00e9e sur le fait qu&rsquo;il n&rsquo;y avait qu&rsquo;une seule proposition disponible pour accueillir le match, sans donner d\u2019explication ad\u00e9quate sur les raisons du retrait de l&rsquo;autre proposition (s\u00e9n\u00e9galaise, ndlr) \u00bb, souligne le club \u00e9gyptien. Pour rappel, les demi-finales (retour) se joueront vendredi et samedi prochains. Lors de la premi\u00e8re manche, les Egyptiens d&rsquo;Al-Ahly SC se sont impos\u00e9s \u00e0 domicile face au repr\u00e9sentant alg\u00e9rien l&rsquo;ES S\u00e9tif (4-0), alors que les Angolais de Petro Atl\u00e9tico se sont inclin\u00e9s \u00e0 domicile devant les Marocains du WA Casablanca (1-3).\u00a0\u00a0<\/p>\n\n\n\n<p><strong>Coupe de la CAF\u00a0<\/strong> : <strong>Le Nigeria accueillera la finale\u00a0\u00a0<\/strong><\/p>\n\n\n\n<p>La CAF a annonc\u00e9, hier, que le stade international Godswill Akpabio \u00e0 Uyo, au Nigeria, accueillera la finale de la Coupe de la Conf\u00e9d\u00e9ration,&nbsp;&nbsp;le vendredi 20 mai 2022.&nbsp;&nbsp;Il s\u2019agit de la premi\u00e8re finale de coupe majeure intercontinentale \u00e0 \u00eatre organis\u00e9e au stade international Godswill Akpabio \u00e0 Uyo. L\u2019ann\u00e9e derni\u00e8re (2021), la finale s\u2019est d\u00e9roul\u00e9e \u00e0 Cotonou, au B\u00e9nin, o\u00f9 le Raja de Casablanca avait battu la JS Kabylie (2-1). En demi-finale aller, le TP Mazembe de la RD Congo a remport\u00e9 une victoire \u00e9triqu\u00e9e 1-0 sur le RS Berkane du Maroc alors que les Orlando Pirates d\u2019Afrique du Sud ont pris l\u2019avantage 2-0 sur les Libyens d\u2019Al Ahli Tripoli. Le match retour des demi-finales se jouera le dimanche 15 mai 2022.<\/p>\n\n\n\n<p>R. S.<\/p>\n","protected":false},"excerpt":{"rendered":"<p>Le club \u00e9gyptien a d\u00e9j\u00e0 demand\u00e9 \u00e0 la CAF de faire jouer la finale, pr\u00e9vue le 30 mai au Complexe<\/p>\n","protected":false},"author":3,"featured_media":20907,"comment_status":"open","ping_status":"closed","sticky":false,"template":"","format":"standard","meta":{"colormag_page_container_layout":"default_layout","colormag_page_sidebar_layout":"default_layout","om_disable_all_campaigns":false,"_monsterinsights_skip_tracking":false,"_monsterinsights_sitenote_active":false,"_monsterinsights_sitenote_note":"","_monsterinsights_sitenote_category":0,"footnotes":"","_wpscppro_dont_share_socialmedia":false,"_wpscppro_custom_social_share_image":0,"_facebook_share_type":"","_twitter_share_type":"","_linkedin_share_type":"","_pinterest_share_type":"","_linkedin_share_type_page":"","_instagram_share_type":"","_medium_share_type":"","_threads_share_type":"","_google_business_share_type":"","_selected_social_profile":[],"_wpsp_enable_custom_social_template":false,"_wpsp_social_scheduling":{"enabled":false,"datetime":null,"platforms":[],"status":"template_only","dateOption":"today","timeOption":"now","customDays":"","customHours":"","customDate":"","customTime":"","schedulingType":"absolute"},"_wpsp_active_default_template":true},"categories":[33],"tags":[],"class_list":["post-20901","post","type-post","status-publish","format-standard","has-post-thumbnail","hentry","category-sports"],"aioseo_notices":[],"yoast_head":"<!-- This site is optimized with the Yoast SEO plugin v27.5 - https:\/\/yoast.com\/product\/yoast-seo-wordpress\/ -->\n<title>Organisation de la finale de la LDC au Maroc\u00a0:\u00a0Al Ahly saisit le TAS\u00a0 - La Sentinelle<\/title>\n<meta name=\"robots\" content=\"index, follow, max-snippet:-1, max-image-preview:large, max-video-preview:-1\" \/>\n<link rel=\"canonical\" href=\"https:\/\/lasentinelle.dz\/index.php\/2022\/05\/12\/organisation-de-la-finale-de-la-ldc-au-maroc-al-ahly-saisit-le-tas\/\" \/>\n<meta property=\"og:locale\" content=\"fr_FR\" \/>\n<meta property=\"og:type\" content=\"article\" \/>\n<meta property=\"og:title\" content=\"Organisation de la finale de la LDC au Maroc\u00a0:\u00a0Al Ahly saisit le TAS\u00a0 - La Sentinelle\" \/>\n<meta property=\"og:description\" content=\"Le club \u00e9gyptien a d\u00e9j\u00e0 demand\u00e9 \u00e0 la CAF de faire jouer la finale, pr\u00e9vue le 30 mai au Complexe\" \/>\n<meta property=\"og:url\" content=\"https:\/\/lasentinelle.dz\/index.php\/2022\/05\/12\/organisation-de-la-finale-de-la-ldc-au-maroc-al-ahly-saisit-le-tas\/\" \/>\n<meta property=\"og:site_name\" content=\"La Sentinelle\" \/>\n<meta property=\"article:publisher\" content=\"https:\/\/www.facebook.com\/La-Sentinelle-104059864394773\" \/>\n<meta property=\"article:published_time\" content=\"2022-05-11T23:01:00+00:00\" \/>\n<meta property=\"og:image\" content=\"https:\/\/lasentinelle.dz\/wp-content\/uploads\/2022\/05\/Al-Ahly.jpg\" \/>\n\t<meta property=\"og:image:width\" content=\"1131\" \/>\n\t<meta property=\"og:image:height\" content=\"917\" \/>\n\t<meta property=\"og:image:type\" content=\"image\/jpeg\" \/>\n<meta name=\"author\" content=\"La Sentinelle\" \/>\n<meta name=\"twitter:card\" content=\"summary_large_image\" \/>\n<meta name=\"twitter:label1\" content=\"\u00c9crit par\" \/>\n\t<meta name=\"twitter:data1\" content=\"La Sentinelle\" \/>\n\t<meta name=\"twitter:label2\" content=\"Dur\u00e9e de lecture estim\u00e9e\" \/>\n\t<meta name=\"twitter:data2\" content=\"3 minutes\" \/>\n<script type=\"application\/ld+json\" class=\"yoast-schema-graph\">{\"@context\":\"https:\\\/\\\/schema.org\",\"@graph\":[{\"@type\":\"Article\",\"@id\":\"https:\\\/\\\/lasentinelle.dz\\\/index.php\\\/2022\\\/05\\\/12\\\/organisation-de-la-finale-de-la-ldc-au-maroc-al-ahly-saisit-le-tas\\\/#article\",\"isPartOf\":{\"@id\":\"https:\\\/\\\/lasentinelle.dz\\\/index.php\\\/2022\\\/05\\\/12\\\/organisation-de-la-finale-de-la-ldc-au-maroc-al-ahly-saisit-le-tas\\\/\"},\"author\":{\"name\":\"La Sentinelle\",\"@id\":\"https:\\\/\\\/lasentinelle.dz\\\/#\\\/schema\\\/person\\\/d865044e22e70a75174ce8bcad3acfb3\"},\"headline\":\"Organisation de la finale de la LDC au Maroc\u00a0:\u00a0Al Ahly saisit le TAS\u00a0\",\"datePublished\":\"2022-05-11T23:01:00+00:00\",\"mainEntityOfPage\":{\"@id\":\"https:\\\/\\\/lasentinelle.dz\\\/index.php\\\/2022\\\/05\\\/12\\\/organisation-de-la-finale-de-la-ldc-au-maroc-al-ahly-saisit-le-tas\\\/\"},\"wordCount\":588,\"commentCount\":0,\"publisher\":{\"@id\":\"https:\\\/\\\/lasentinelle.dz\\\/#organization\"},\"image\":{\"@id\":\"https:\\\/\\\/lasentinelle.dz\\\/index.php\\\/2022\\\/05\\\/12\\\/organisation-de-la-finale-de-la-ldc-au-maroc-al-ahly-saisit-le-tas\\\/#primaryimage\"},\"thumbnailUrl\":\"https:\\\/\\\/lasentinelle.dz\\\/wp-content\\\/uploads\\\/2022\\\/05\\\/Al-Ahly.jpg\",\"articleSection\":[\"Sports\"],\"inLanguage\":\"fr-FR\",\"potentialAction\":[{\"@type\":\"CommentAction\",\"name\":\"Comment\",\"target\":[\"https:\\\/\\\/lasentinelle.dz\\\/index.php\\\/2022\\\/05\\\/12\\\/organisation-de-la-finale-de-la-ldc-au-maroc-al-ahly-saisit-le-tas\\\/#respond\"]}]},{\"@type\":\"WebPage\",\"@id\":\"https:\\\/\\\/lasentinelle.dz\\\/index.php\\\/2022\\\/05\\\/12\\\/organisation-de-la-finale-de-la-ldc-au-maroc-al-ahly-saisit-le-tas\\\/\",\"url\":\"https:\\\/\\\/lasentinelle.dz\\\/index.php\\\/2022\\\/05\\\/12\\\/organisation-de-la-finale-de-la-ldc-au-maroc-al-ahly-saisit-le-tas\\\/\",\"name\":\"Organisation de la finale de la LDC au Maroc\u00a0:\u00a0Al Ahly saisit le TAS\u00a0 - La Sentinelle\",\"isPartOf\":{\"@id\":\"https:\\\/\\\/lasentinelle.dz\\\/#website\"},\"primaryImageOfPage\":{\"@id\":\"https:\\\/\\\/lasentinelle.dz\\\/index.php\\\/2022\\\/05\\\/12\\\/organisation-de-la-finale-de-la-ldc-au-maroc-al-ahly-saisit-le-tas\\\/#primaryimage\"},\"image\":{\"@id\":\"https:\\\/\\\/lasentinelle.dz\\\/index.php\\\/2022\\\/05\\\/12\\\/organisation-de-la-finale-de-la-ldc-au-maroc-al-ahly-saisit-le-tas\\\/#primaryimage\"},\"thumbnailUrl\":\"https:\\\/\\\/lasentinelle.dz\\\/wp-content\\\/uploads\\\/2022\\\/05\\\/Al-Ahly.jpg\",\"datePublished\":\"2022-05-11T23:01:00+00:00\",\"breadcrumb\":{\"@id\":\"https:\\\/\\\/lasentinelle.dz\\\/index.php\\\/2022\\\/05\\\/12\\\/organisation-de-la-finale-de-la-ldc-au-maroc-al-ahly-saisit-le-tas\\\/#breadcrumb\"},\"inLanguage\":\"fr-FR\",\"potentialAction\":[{\"@type\":\"ReadAction\",\"target\":[\"https:\\\/\\\/lasentinelle.dz\\\/index.php\\\/2022\\\/05\\\/12\\\/organisation-de-la-finale-de-la-ldc-au-maroc-al-ahly-saisit-le-tas\\\/\"]}]},{\"@type\":\"ImageObject\",\"inLanguage\":\"fr-FR\",\"@id\":\"https:\\\/\\\/lasentinelle.dz\\\/index.php\\\/2022\\\/05\\\/12\\\/organisation-de-la-finale-de-la-ldc-au-maroc-al-ahly-saisit-le-tas\\\/#primaryimage\",\"url\":\"https:\\\/\\\/lasentinelle.dz\\\/wp-content\\\/uploads\\\/2022\\\/05\\\/Al-Ahly.jpg\",\"contentUrl\":\"https:\\\/\\\/lasentinelle.dz\\\/wp-content\\\/uploads\\\/2022\\\/05\\\/Al-Ahly.jpg\",\"width\":1131,\"height\":917},{\"@type\":\"BreadcrumbList\",\"@id\":\"https:\\\/\\\/lasentinelle.dz\\\/index.php\\\/2022\\\/05\\\/12\\\/organisation-de-la-finale-de-la-ldc-au-maroc-al-ahly-saisit-le-tas\\\/#breadcrumb\",\"itemListElement\":[{\"@type\":\"ListItem\",\"position\":1,\"name\":\"Accueil\",\"item\":\"https:\\\/\\\/lasentinelle.dz\\\/\"},{\"@type\":\"ListItem\",\"position\":2,\"name\":\"Organisation de la finale de la LDC au Maroc\u00a0:\u00a0Al Ahly saisit le TAS\u00a0\"}]},{\"@type\":\"WebSite\",\"@id\":\"https:\\\/\\\/lasentinelle.dz\\\/#website\",\"url\":\"https:\\\/\\\/lasentinelle.dz\\\/\",\"name\":\"La Sentinelle\",\"description\":\"Quotidien national d&#039;information\",\"publisher\":{\"@id\":\"https:\\\/\\\/lasentinelle.dz\\\/#organization\"},\"potentialAction\":[{\"@type\":\"SearchAction\",\"target\":{\"@type\":\"EntryPoint\",\"urlTemplate\":\"https:\\\/\\\/lasentinelle.dz\\\/?s={search_term_string}\"},\"query-input\":{\"@type\":\"PropertyValueSpecification\",\"valueRequired\":true,\"valueName\":\"search_term_string\"}}],\"inLanguage\":\"fr-FR\"},{\"@type\":\"Organization\",\"@id\":\"https:\\\/\\\/lasentinelle.dz\\\/#organization\",\"name\":\"Quotidien La Sentinelle\",\"url\":\"https:\\\/\\\/lasentinelle.dz\\\/\",\"logo\":{\"@type\":\"ImageObject\",\"inLanguage\":\"fr-FR\",\"@id\":\"https:\\\/\\\/lasentinelle.dz\\\/#\\\/schema\\\/logo\\\/image\\\/\",\"url\":\"https:\\\/\\\/lasentinelle.dz\\\/wp-content\\\/uploads\\\/2021\\\/09\\\/logo-sentinelleSLOGAN-1.png\",\"contentUrl\":\"https:\\\/\\\/lasentinelle.dz\\\/wp-content\\\/uploads\\\/2021\\\/09\\\/logo-sentinelleSLOGAN-1.png\",\"width\":615,\"height\":142,\"caption\":\"Quotidien La Sentinelle\"},\"image\":{\"@id\":\"https:\\\/\\\/lasentinelle.dz\\\/#\\\/schema\\\/logo\\\/image\\\/\"},\"sameAs\":[\"https:\\\/\\\/www.facebook.com\\\/La-Sentinelle-104059864394773\"]},{\"@type\":\"Person\",\"@id\":\"https:\\\/\\\/lasentinelle.dz\\\/#\\\/schema\\\/person\\\/d865044e22e70a75174ce8bcad3acfb3\",\"name\":\"La Sentinelle\",\"image\":{\"@type\":\"ImageObject\",\"inLanguage\":\"fr-FR\",\"@id\":\"https:\\\/\\\/secure.gravatar.com\\\/avatar\\\/57de8e5d4b15d43fb361a71fbb36338450fe67865b528a43dd10ef7c51a20392?s=96&d=mm&r=g\",\"url\":\"https:\\\/\\\/secure.gravatar.com\\\/avatar\\\/57de8e5d4b15d43fb361a71fbb36338450fe67865b528a43dd10ef7c51a20392?s=96&d=mm&r=g\",\"contentUrl\":\"https:\\\/\\\/secure.gravatar.com\\\/avatar\\\/57de8e5d4b15d43fb361a71fbb36338450fe67865b528a43dd10ef7c51a20392?s=96&d=mm&r=g\",\"caption\":\"La Sentinelle\"},\"sameAs\":[\"http:\\\/\\\/www.lasentinelle.dz\"],\"url\":\"https:\\\/\\\/lasentinelle.dz\\\/author\\\/redaction\\\/\"}]}<\/script>\n<!-- \/ Yoast SEO plugin. -->","yoast_head_json":{"title":"Organisation de la finale de la LDC au Maroc\u00a0:\u00a0Al Ahly saisit le TAS\u00a0 - La Sentinelle","robots":{"index":"index","follow":"follow","max-snippet":"max-snippet:-1","max-image-preview":"max-image-preview:large","max-video-preview":"max-video-preview:-1"},"canonical":"https:\/\/lasentinelle.dz\/index.php\/2022\/05\/12\/organisation-de-la-finale-de-la-ldc-au-maroc-al-ahly-saisit-le-tas\/","og_locale":"fr_FR","og_type":"article","og_title":"Organisation de la finale de la LDC au Maroc\u00a0:\u00a0Al Ahly saisit le TAS\u00a0 - La Sentinelle","og_description":"Le club \u00e9gyptien a d\u00e9j\u00e0 demand\u00e9 \u00e0 la CAF de faire jouer la finale, pr\u00e9vue le 30 mai au Complexe","og_url":"https:\/\/lasentinelle.dz\/index.php\/2022\/05\/12\/organisation-de-la-finale-de-la-ldc-au-maroc-al-ahly-saisit-le-tas\/","og_site_name":"La Sentinelle","article_publisher":"https:\/\/www.facebook.com\/La-Sentinelle-104059864394773","article_published_time":"2022-05-11T23:01:00+00:00","og_image":[{"width":1131,"height":917,"url":"https:\/\/lasentinelle.dz\/wp-content\/uploads\/2022\/05\/Al-Ahly.jpg","type":"image\/jpeg"}],"author":"La Sentinelle","twitter_card":"summary_large_image","twitter_misc":{"\u00c9crit par":"La Sentinelle","Dur\u00e9e de lecture estim\u00e9e":"3 minutes"},"schema":{"@context":"https:\/\/schema.org","@graph":[{"@type":"Article","@id":"https:\/\/lasentinelle.dz\/index.php\/2022\/05\/12\/organisation-de-la-finale-de-la-ldc-au-maroc-al-ahly-saisit-le-tas\/#article","isPartOf":{"@id":"https:\/\/lasentinelle.dz\/index.php\/2022\/05\/12\/organisation-de-la-finale-de-la-ldc-au-maroc-al-ahly-saisit-le-tas\/"},"author":{"name":"La Sentinelle","@id":"https:\/\/lasentinelle.dz\/#\/schema\/person\/d865044e22e70a75174ce8bcad3acfb3"},"headline":"Organisation de la finale de la LDC au Maroc\u00a0:\u00a0Al Ahly saisit le TAS\u00a0","datePublished":"2022-05-11T23:01:00+00:00","mainEntityOfPage":{"@id":"https:\/\/lasentinelle.dz\/index.php\/2022\/05\/12\/organisation-de-la-finale-de-la-ldc-au-maroc-al-ahly-saisit-le-tas\/"},"wordCount":588,"commentCount":0,"publisher":{"@id":"https:\/\/lasentinelle.dz\/#organization"},"image":{"@id":"https:\/\/lasentinelle.dz\/index.php\/2022\/05\/12\/organisation-de-la-finale-de-la-ldc-au-maroc-al-ahly-saisit-le-tas\/#primaryimage"},"thumbnailUrl":"https:\/\/lasentinelle.dz\/wp-content\/uploads\/2022\/05\/Al-Ahly.jpg","articleSection":["Sports"],"inLanguage":"fr-FR","potentialAction":[{"@type":"CommentAction","name":"Comment","target":["https:\/\/lasentinelle.dz\/index.php\/2022\/05\/12\/organisation-de-la-finale-de-la-ldc-au-maroc-al-ahly-saisit-le-tas\/#respond"]}]},{"@type":"WebPage","@id":"https:\/\/lasentinelle.dz\/index.php\/2022\/05\/12\/organisation-de-la-finale-de-la-ldc-au-maroc-al-ahly-saisit-le-tas\/","url":"https:\/\/lasentinelle.dz\/index.php\/2022\/05\/12\/organisation-de-la-finale-de-la-ldc-au-maroc-al-ahly-saisit-le-tas\/","name":"Organisation de la finale de la LDC au Maroc\u00a0:\u00a0Al Ahly saisit le TAS\u00a0 - La Sentinelle","isPartOf":{"@id":"https:\/\/lasentinelle.dz\/#website"},"primaryImageOfPage":{"@id":"https:\/\/lasentinelle.dz\/index.php\/2022\/05\/12\/organisation-de-la-finale-de-la-ldc-au-maroc-al-ahly-saisit-le-tas\/#primaryimage"},"image":{"@id":"https:\/\/lasentinelle.dz\/index.php\/2022\/05\/12\/organisation-de-la-finale-de-la-ldc-au-maroc-al-ahly-saisit-le-tas\/#primaryimage"},"thumbnailUrl":"https:\/\/lasentinelle.dz\/wp-content\/uploads\/2022\/05\/Al-Ahly.jpg","datePublished":"2022-05-11T23:01:00+00:00","breadcrumb":{"@id":"https:\/\/lasentinelle.dz\/index.php\/2022\/05\/12\/organisation-de-la-finale-de-la-ldc-au-maroc-al-ahly-saisit-le-tas\/#breadcrumb"},"inLanguage":"fr-FR","potentialAction":[{"@type":"ReadAction","target":["https:\/\/lasentinelle.dz\/index.php\/2022\/05\/12\/organisation-de-la-finale-de-la-ldc-au-maroc-al-ahly-saisit-le-tas\/"]}]},{"@type":"ImageObject","inLanguage":"fr-FR","@id":"https:\/\/lasentinelle.dz\/index.php\/2022\/05\/12\/organisation-de-la-finale-de-la-ldc-au-maroc-al-ahly-saisit-le-tas\/#primaryimage","url":"https:\/\/lasentinelle.dz\/wp-content\/uploads\/2022\/05\/Al-Ahly.jpg","contentUrl":"https:\/\/lasentinelle.dz\/wp-content\/uploads\/2022\/05\/Al-Ahly.jpg","width":1131,"height":917},{"@type":"BreadcrumbList","@id":"https:\/\/lasentinelle.dz\/index.php\/2022\/05\/12\/organisation-de-la-finale-de-la-ldc-au-maroc-al-ahly-saisit-le-tas\/#breadcrumb","itemListElement":[{"@type":"ListItem","position":1,"name":"Accueil","item":"https:\/\/lasentinelle.dz\/"},{"@type":"ListItem","position":2,"name":"Organisation de la finale de la LDC au Maroc\u00a0:\u00a0Al Ahly saisit le TAS\u00a0"}]},{"@type":"WebSite","@id":"https:\/\/lasentinelle.dz\/#website","url":"https:\/\/lasentinelle.dz\/","name":"La Sentinelle","description":"Quotidien national d&#039;information","publisher":{"@id":"https:\/\/lasentinelle.dz\/#organization"},"potentialAction":[{"@type":"SearchAction","target":{"@type":"EntryPoint","urlTemplate":"https:\/\/lasentinelle.dz\/?s={search_term_string}"},"query-input":{"@type":"PropertyValueSpecification","valueRequired":true,"valueName":"search_term_string"}}],"inLanguage":"fr-FR"},{"@type":"Organization","@id":"https:\/\/lasentinelle.dz\/#organization","name":"Quotidien La Sentinelle","url":"https:\/\/lasentinelle.dz\/","logo":{"@type":"ImageObject","inLanguage":"fr-FR","@id":"https:\/\/lasentinelle.dz\/#\/schema\/logo\/image\/","url":"https:\/\/lasentinelle.dz\/wp-content\/uploads\/2021\/09\/logo-sentinelleSLOGAN-1.png","contentUrl":"https:\/\/lasentinelle.dz\/wp-content\/uploads\/2021\/09\/logo-sentinelleSLOGAN-1.png","width":615,"height":142,"caption":"Quotidien La Sentinelle"},"image":{"@id":"https:\/\/lasentinelle.dz\/#\/schema\/logo\/image\/"},"sameAs":["https:\/\/www.facebook.com\/La-Sentinelle-104059864394773"]},{"@type":"Person","@id":"https:\/\/lasentinelle.dz\/#\/schema\/person\/d865044e22e70a75174ce8bcad3acfb3","name":"La Sentinelle","image":{"@type":"ImageObject","inLanguage":"fr-FR","@id":"https:\/\/secure.gravatar.com\/avatar\/57de8e5d4b15d43fb361a71fbb36338450fe67865b528a43dd10ef7c51a20392?s=96&d=mm&r=g","url":"https:\/\/secure.gravatar.com\/avatar\/57de8e5d4b15d43fb361a71fbb36338450fe67865b528a43dd10ef7c51a20392?s=96&d=mm&r=g","contentUrl":"https:\/\/secure.gravatar.com\/avatar\/57de8e5d4b15d43fb361a71fbb36338450fe67865b528a43dd10ef7c51a20392?s=96&d=mm&r=g","caption":"La Sentinelle"},"sameAs":["http:\/\/www.lasentinelle.dz"],"url":"https:\/\/lasentinelle.dz\/author\/redaction\/"}]}},"_links":{"self":[{"href":"https:\/\/lasentinelle.dz\/index.php\/wp-json\/wp\/v2\/posts\/20901","targetHints":{"allow":["GET"]}}],"collection":[{"href":"https:\/\/lasentinelle.dz\/index.php\/wp-json\/wp\/v2\/posts"}],"about":[{"href":"https:\/\/lasentinelle.dz\/index.php\/wp-json\/wp\/v2\/types\/post"}],"author":[{"embeddable":true,"href":"https:\/\/lasentinelle.dz\/index.php\/wp-json\/wp\/v2\/users\/3"}],"replies":[{"embeddable":true,"href":"https:\/\/lasentinelle.dz\/index.php\/wp-json\/wp\/v2\/comments?post=20901"}],"version-history":[{"count":1,"href":"https:\/\/lasentinelle.dz\/index.php\/wp-json\/wp\/v2\/posts\/20901\/revisions"}],"predecessor-version":[{"id":20909,"href":"https:\/\/lasentinelle.dz\/index.php\/wp-json\/wp\/v2\/posts\/20901\/revisions\/20909"}],"wp:featuredmedia":[{"embeddable":true,"href":"https:\/\/lasentinelle.dz\/index.php\/wp-json\/wp\/v2\/media\/20907"}],"wp:attachment":[{"href":"https:\/\/lasentinelle.dz\/index.php\/wp-json\/wp\/v2\/media?parent=20901"}],"wp:term":[{"taxonomy":"category","embeddable":true,"href":"https:\/\/lasentinelle.dz\/index.php\/wp-json\/wp\/v2\/categories?post=20901"},{"taxonomy":"post_tag","embeddable":true,"href":"https:\/\/lasentinelle.dz\/index.php\/wp-json\/wp\/v2\/tags?post=20901"}],"curies":[{"name":"wp","href":"https:\/\/api.w.org\/{rel}","templated":true}]}}