{"id":20910,"date":"2022-05-12T00:01:00","date_gmt":"2022-05-11T23:01:00","guid":{"rendered":"https:\/\/lasentinelle.dz\/?p=20910"},"modified":"2022-05-11T17:44:54","modified_gmt":"2022-05-11T16:44:54","slug":"batna-cinq-fonctionnaires-arretes-a-barika","status":"publish","type":"post","link":"https:\/\/lasentinelle.dz\/index.php\/2022\/05\/12\/batna-cinq-fonctionnaires-arretes-a-barika\/","title":{"rendered":"Batna\u00a0:\u00a0Cinq fonctionnaires arr\u00eat\u00e9s \u00e0 Barika"},"content":{"rendered":"\n<p>Les \u00e9l\u00e9ments de la police judiciaire de la s\u00fbret\u00e9 de wilaya de Barika, dans la wilaya de Batna, ont arr\u00eat\u00e9&nbsp;cinq fonctionnaires, apprend-on, de source s\u00e9curitaire. Selon les informations apport\u00e9es par la m\u00eame source, les&nbsp;cinq pr\u00e9venus,&nbsp;relevant de plusieurs secteurs administratifs,&nbsp;&nbsp;sont suspect\u00e9s de faire partie d\u2019un r\u00e9seau de trafic de cartes grises de v\u00e9hicules.&nbsp;&nbsp;Les fonctionnaires en question sont pr\u00e9sum\u00e9s accus\u00e9s de falsification de documents, \u00e0 savoir&nbsp;&nbsp;le faux et usage de faux en \u00e9criture, mise en vente d&rsquo;un v\u00e9hicule sans papier et usurpation de l&rsquo;identit\u00e9 d&rsquo;un d\u00e9funt, a-t-on fait savoir. La mise \u00e0 nu de ce scandale est intervenue suite \u00e0 une plainte d\u00e9pos\u00e9e par un citoyen apr\u00e8s avoir&nbsp;fait&nbsp;&nbsp;la contestation de la v\u00e9racit\u00e9 et l\u2019authenticit\u00e9 d&rsquo;un document de vente d&rsquo;un v\u00e9hicule portant la signature r\u00e9cente d&rsquo;un&nbsp;v\u00e9hicule&nbsp;de son parent mort depuis plusieurs ann\u00e9es. Le d\u00e9p\u00f4t de plainte a aussit\u00f4t actionn\u00e9 une information judiciaire, d\u00e9bouchant sur la d\u00e9couverte du pot aux roses, \u00e0 savoir la falsification incontestable et irr\u00e9futable de papiers officiels. Aux termes des investigations approfondies, les auteurs de ce trafic de documents ont \u00e9t\u00e9 identifi\u00e9s, a d\u00e9taill\u00e9 notre source.&nbsp;&nbsp;Interpell\u00e9s les&nbsp;cinq&nbsp;&nbsp;ind\u00e9licats fonctionnaires ont fait l\u2019objet d\u2019interrogatoire judiciaire, dont les conclusions \u00e9tablies par les services s\u00e9curitaires en charge du dossier ont donn\u00e9 lieu \u00e0 leur implication dans ce trafic de documents administratifs. Un dossier judiciaire a \u00e9t\u00e9 \u00e9tabli \u00e0 leur encontre en vue de leur pr\u00e9sentation, aujourd\u2019hui par devant le procureur de la&nbsp;R\u00e9publique pr\u00e8s le tribunal de Barika.<\/p>\n\n\n\n<p><strong>S<\/strong><strong>.&nbsp;Chahine<\/strong><\/p>\n","protected":false},"excerpt":{"rendered":"<p>Les \u00e9l\u00e9ments de la police judiciaire de la s\u00fbret\u00e9 de wilaya de Barika, dans la wilaya de Batna, ont arr\u00eat\u00e9&nbsp;cinq<\/p>\n","protected":false},"author":3,"featured_media":20913,"comment_status":"open","ping_status":"closed","sticky":false,"template":"","format":"standard","meta":{"colormag_page_container_layout":"default_layout","colormag_page_sidebar_layout":"default_layout","om_disable_all_campaigns":false,"_monsterinsights_skip_tracking":false,"_monsterinsights_sitenote_active":false,"_monsterinsights_sitenote_note":"","_monsterinsights_sitenote_category":0,"footnotes":"","_wpscppro_dont_share_socialmedia":false,"_wpscppro_custom_social_share_image":0,"_facebook_share_type":"","_twitter_share_type":"","_linkedin_share_type":"","_pinterest_share_type":"","_linkedin_share_type_page":"","_instagram_share_type":"","_medium_share_type":"","_threads_share_type":"","_google_business_share_type":"","_selected_social_profile":[],"_wpsp_enable_custom_social_template":false,"_wpsp_social_scheduling":{"enabled":false,"datetime":null,"platforms":[],"status":"template_only","dateOption":"today","timeOption":"now","customDays":"","customHours":"","customDate":"","customTime":"","schedulingType":"absolute"},"_wpsp_active_default_template":true},"categories":[31],"tags":[],"class_list":["post-20910","post","type-post","status-publish","format-standard","has-post-thumbnail","hentry","category-regions"],"aioseo_notices":[],"yoast_head":"<!-- This site is optimized with the Yoast SEO plugin v27.5 - https:\/\/yoast.com\/product\/yoast-seo-wordpress\/ -->\n<title>Batna\u00a0:\u00a0Cinq fonctionnaires arr\u00eat\u00e9s \u00e0 Barika - La Sentinelle<\/title>\n<meta name=\"robots\" content=\"index, follow, max-snippet:-1, max-image-preview:large, max-video-preview:-1\" \/>\n<link rel=\"canonical\" href=\"https:\/\/lasentinelle.dz\/index.php\/2022\/05\/12\/batna-cinq-fonctionnaires-arretes-a-barika\/\" \/>\n<meta property=\"og:locale\" content=\"fr_FR\" \/>\n<meta property=\"og:type\" content=\"article\" \/>\n<meta property=\"og:title\" content=\"Batna\u00a0:\u00a0Cinq fonctionnaires arr\u00eat\u00e9s \u00e0 Barika - La Sentinelle\" \/>\n<meta property=\"og:description\" content=\"Les \u00e9l\u00e9ments de la police judiciaire de la s\u00fbret\u00e9 de wilaya de Barika, dans la wilaya de Batna, ont arr\u00eat\u00e9&nbsp;cinq\" \/>\n<meta property=\"og:url\" content=\"https:\/\/lasentinelle.dz\/index.php\/2022\/05\/12\/batna-cinq-fonctionnaires-arretes-a-barika\/\" \/>\n<meta property=\"og:site_name\" content=\"La Sentinelle\" \/>\n<meta property=\"article:publisher\" content=\"https:\/\/www.facebook.com\/La-Sentinelle-104059864394773\" \/>\n<meta property=\"article:published_time\" content=\"2022-05-11T23:01:00+00:00\" \/>\n<meta property=\"og:image\" content=\"https:\/\/lasentinelle.dz\/wp-content\/uploads\/2022\/05\/349f3a51478f4d5cc2ba64574bde0876.jpeg\" \/>\n\t<meta property=\"og:image:width\" content=\"471\" \/>\n\t<meta property=\"og:image:height\" content=\"238\" \/>\n\t<meta property=\"og:image:type\" content=\"image\/jpeg\" \/>\n<meta name=\"author\" content=\"La Sentinelle\" \/>\n<meta name=\"twitter:card\" content=\"summary_large_image\" \/>\n<meta name=\"twitter:label1\" content=\"\u00c9crit par\" \/>\n\t<meta name=\"twitter:data1\" content=\"La Sentinelle\" \/>\n\t<meta name=\"twitter:label2\" content=\"Dur\u00e9e de lecture estim\u00e9e\" \/>\n\t<meta name=\"twitter:data2\" content=\"2 minutes\" \/>\n<script type=\"application\/ld+json\" class=\"yoast-schema-graph\">{\"@context\":\"https:\\\/\\\/schema.org\",\"@graph\":[{\"@type\":\"Article\",\"@id\":\"https:\\\/\\\/lasentinelle.dz\\\/index.php\\\/2022\\\/05\\\/12\\\/batna-cinq-fonctionnaires-arretes-a-barika\\\/#article\",\"isPartOf\":{\"@id\":\"https:\\\/\\\/lasentinelle.dz\\\/index.php\\\/2022\\\/05\\\/12\\\/batna-cinq-fonctionnaires-arretes-a-barika\\\/\"},\"author\":{\"name\":\"La Sentinelle\",\"@id\":\"https:\\\/\\\/lasentinelle.dz\\\/#\\\/schema\\\/person\\\/d865044e22e70a75174ce8bcad3acfb3\"},\"headline\":\"Batna\u00a0:\u00a0Cinq fonctionnaires arr\u00eat\u00e9s \u00e0 Barika\",\"datePublished\":\"2022-05-11T23:01:00+00:00\",\"mainEntityOfPage\":{\"@id\":\"https:\\\/\\\/lasentinelle.dz\\\/index.php\\\/2022\\\/05\\\/12\\\/batna-cinq-fonctionnaires-arretes-a-barika\\\/\"},\"wordCount\":319,\"commentCount\":0,\"publisher\":{\"@id\":\"https:\\\/\\\/lasentinelle.dz\\\/#organization\"},\"image\":{\"@id\":\"https:\\\/\\\/lasentinelle.dz\\\/index.php\\\/2022\\\/05\\\/12\\\/batna-cinq-fonctionnaires-arretes-a-barika\\\/#primaryimage\"},\"thumbnailUrl\":\"https:\\\/\\\/lasentinelle.dz\\\/wp-content\\\/uploads\\\/2022\\\/05\\\/349f3a51478f4d5cc2ba64574bde0876.jpeg\",\"articleSection\":[\"R\u00e9gions\"],\"inLanguage\":\"fr-FR\",\"potentialAction\":[{\"@type\":\"CommentAction\",\"name\":\"Comment\",\"target\":[\"https:\\\/\\\/lasentinelle.dz\\\/index.php\\\/2022\\\/05\\\/12\\\/batna-cinq-fonctionnaires-arretes-a-barika\\\/#respond\"]}]},{\"@type\":\"WebPage\",\"@id\":\"https:\\\/\\\/lasentinelle.dz\\\/index.php\\\/2022\\\/05\\\/12\\\/batna-cinq-fonctionnaires-arretes-a-barika\\\/\",\"url\":\"https:\\\/\\\/lasentinelle.dz\\\/index.php\\\/2022\\\/05\\\/12\\\/batna-cinq-fonctionnaires-arretes-a-barika\\\/\",\"name\":\"Batna\u00a0:\u00a0Cinq fonctionnaires arr\u00eat\u00e9s \u00e0 Barika - La Sentinelle\",\"isPartOf\":{\"@id\":\"https:\\\/\\\/lasentinelle.dz\\\/#website\"},\"primaryImageOfPage\":{\"@id\":\"https:\\\/\\\/lasentinelle.dz\\\/index.php\\\/2022\\\/05\\\/12\\\/batna-cinq-fonctionnaires-arretes-a-barika\\\/#primaryimage\"},\"image\":{\"@id\":\"https:\\\/\\\/lasentinelle.dz\\\/index.php\\\/2022\\\/05\\\/12\\\/batna-cinq-fonctionnaires-arretes-a-barika\\\/#primaryimage\"},\"thumbnailUrl\":\"https:\\\/\\\/lasentinelle.dz\\\/wp-content\\\/uploads\\\/2022\\\/05\\\/349f3a51478f4d5cc2ba64574bde0876.jpeg\",\"datePublished\":\"2022-05-11T23:01:00+00:00\",\"breadcrumb\":{\"@id\":\"https:\\\/\\\/lasentinelle.dz\\\/index.php\\\/2022\\\/05\\\/12\\\/batna-cinq-fonctionnaires-arretes-a-barika\\\/#breadcrumb\"},\"inLanguage\":\"fr-FR\",\"potentialAction\":[{\"@type\":\"ReadAction\",\"target\":[\"https:\\\/\\\/lasentinelle.dz\\\/index.php\\\/2022\\\/05\\\/12\\\/batna-cinq-fonctionnaires-arretes-a-barika\\\/\"]}]},{\"@type\":\"ImageObject\",\"inLanguage\":\"fr-FR\",\"@id\":\"https:\\\/\\\/lasentinelle.dz\\\/index.php\\\/2022\\\/05\\\/12\\\/batna-cinq-fonctionnaires-arretes-a-barika\\\/#primaryimage\",\"url\":\"https:\\\/\\\/lasentinelle.dz\\\/wp-content\\\/uploads\\\/2022\\\/05\\\/349f3a51478f4d5cc2ba64574bde0876.jpeg\",\"contentUrl\":\"https:\\\/\\\/lasentinelle.dz\\\/wp-content\\\/uploads\\\/2022\\\/05\\\/349f3a51478f4d5cc2ba64574bde0876.jpeg\",\"width\":471,\"height\":238},{\"@type\":\"BreadcrumbList\",\"@id\":\"https:\\\/\\\/lasentinelle.dz\\\/index.php\\\/2022\\\/05\\\/12\\\/batna-cinq-fonctionnaires-arretes-a-barika\\\/#breadcrumb\",\"itemListElement\":[{\"@type\":\"ListItem\",\"position\":1,\"name\":\"Accueil\",\"item\":\"https:\\\/\\\/lasentinelle.dz\\\/\"},{\"@type\":\"ListItem\",\"position\":2,\"name\":\"Batna\u00a0:\u00a0Cinq fonctionnaires arr\u00eat\u00e9s \u00e0 Barika\"}]},{\"@type\":\"WebSite\",\"@id\":\"https:\\\/\\\/lasentinelle.dz\\\/#website\",\"url\":\"https:\\\/\\\/lasentinelle.dz\\\/\",\"name\":\"La Sentinelle\",\"description\":\"Quotidien national d&#039;information\",\"publisher\":{\"@id\":\"https:\\\/\\\/lasentinelle.dz\\\/#organization\"},\"potentialAction\":[{\"@type\":\"SearchAction\",\"target\":{\"@type\":\"EntryPoint\",\"urlTemplate\":\"https:\\\/\\\/lasentinelle.dz\\\/?s={search_term_string}\"},\"query-input\":{\"@type\":\"PropertyValueSpecification\",\"valueRequired\":true,\"valueName\":\"search_term_string\"}}],\"inLanguage\":\"fr-FR\"},{\"@type\":\"Organization\",\"@id\":\"https:\\\/\\\/lasentinelle.dz\\\/#organization\",\"name\":\"Quotidien La Sentinelle\",\"url\":\"https:\\\/\\\/lasentinelle.dz\\\/\",\"logo\":{\"@type\":\"ImageObject\",\"inLanguage\":\"fr-FR\",\"@id\":\"https:\\\/\\\/lasentinelle.dz\\\/#\\\/schema\\\/logo\\\/image\\\/\",\"url\":\"https:\\\/\\\/lasentinelle.dz\\\/wp-content\\\/uploads\\\/2021\\\/09\\\/logo-sentinelleSLOGAN-1.png\",\"contentUrl\":\"https:\\\/\\\/lasentinelle.dz\\\/wp-content\\\/uploads\\\/2021\\\/09\\\/logo-sentinelleSLOGAN-1.png\",\"width\":615,\"height\":142,\"caption\":\"Quotidien La Sentinelle\"},\"image\":{\"@id\":\"https:\\\/\\\/lasentinelle.dz\\\/#\\\/schema\\\/logo\\\/image\\\/\"},\"sameAs\":[\"https:\\\/\\\/www.facebook.com\\\/La-Sentinelle-104059864394773\"]},{\"@type\":\"Person\",\"@id\":\"https:\\\/\\\/lasentinelle.dz\\\/#\\\/schema\\\/person\\\/d865044e22e70a75174ce8bcad3acfb3\",\"name\":\"La Sentinelle\",\"image\":{\"@type\":\"ImageObject\",\"inLanguage\":\"fr-FR\",\"@id\":\"https:\\\/\\\/secure.gravatar.com\\\/avatar\\\/57de8e5d4b15d43fb361a71fbb36338450fe67865b528a43dd10ef7c51a20392?s=96&d=mm&r=g\",\"url\":\"https:\\\/\\\/secure.gravatar.com\\\/avatar\\\/57de8e5d4b15d43fb361a71fbb36338450fe67865b528a43dd10ef7c51a20392?s=96&d=mm&r=g\",\"contentUrl\":\"https:\\\/\\\/secure.gravatar.com\\\/avatar\\\/57de8e5d4b15d43fb361a71fbb36338450fe67865b528a43dd10ef7c51a20392?s=96&d=mm&r=g\",\"caption\":\"La Sentinelle\"},\"sameAs\":[\"http:\\\/\\\/www.lasentinelle.dz\"],\"url\":\"https:\\\/\\\/lasentinelle.dz\\\/author\\\/redaction\\\/\"}]}<\/script>\n<!-- \/ Yoast SEO plugin. -->","yoast_head_json":{"title":"Batna\u00a0:\u00a0Cinq fonctionnaires arr\u00eat\u00e9s \u00e0 Barika - La Sentinelle","robots":{"index":"index","follow":"follow","max-snippet":"max-snippet:-1","max-image-preview":"max-image-preview:large","max-video-preview":"max-video-preview:-1"},"canonical":"https:\/\/lasentinelle.dz\/index.php\/2022\/05\/12\/batna-cinq-fonctionnaires-arretes-a-barika\/","og_locale":"fr_FR","og_type":"article","og_title":"Batna\u00a0:\u00a0Cinq fonctionnaires arr\u00eat\u00e9s \u00e0 Barika - La Sentinelle","og_description":"Les \u00e9l\u00e9ments de la police judiciaire de la s\u00fbret\u00e9 de wilaya de Barika, dans la wilaya de Batna, ont arr\u00eat\u00e9&nbsp;cinq","og_url":"https:\/\/lasentinelle.dz\/index.php\/2022\/05\/12\/batna-cinq-fonctionnaires-arretes-a-barika\/","og_site_name":"La Sentinelle","article_publisher":"https:\/\/www.facebook.com\/La-Sentinelle-104059864394773","article_published_time":"2022-05-11T23:01:00+00:00","og_image":[{"width":471,"height":238,"url":"https:\/\/lasentinelle.dz\/wp-content\/uploads\/2022\/05\/349f3a51478f4d5cc2ba64574bde0876.jpeg","type":"image\/jpeg"}],"author":"La Sentinelle","twitter_card":"summary_large_image","twitter_misc":{"\u00c9crit par":"La Sentinelle","Dur\u00e9e de lecture estim\u00e9e":"2 minutes"},"schema":{"@context":"https:\/\/schema.org","@graph":[{"@type":"Article","@id":"https:\/\/lasentinelle.dz\/index.php\/2022\/05\/12\/batna-cinq-fonctionnaires-arretes-a-barika\/#article","isPartOf":{"@id":"https:\/\/lasentinelle.dz\/index.php\/2022\/05\/12\/batna-cinq-fonctionnaires-arretes-a-barika\/"},"author":{"name":"La Sentinelle","@id":"https:\/\/lasentinelle.dz\/#\/schema\/person\/d865044e22e70a75174ce8bcad3acfb3"},"headline":"Batna\u00a0:\u00a0Cinq fonctionnaires arr\u00eat\u00e9s \u00e0 Barika","datePublished":"2022-05-11T23:01:00+00:00","mainEntityOfPage":{"@id":"https:\/\/lasentinelle.dz\/index.php\/2022\/05\/12\/batna-cinq-fonctionnaires-arretes-a-barika\/"},"wordCount":319,"commentCount":0,"publisher":{"@id":"https:\/\/lasentinelle.dz\/#organization"},"image":{"@id":"https:\/\/lasentinelle.dz\/index.php\/2022\/05\/12\/batna-cinq-fonctionnaires-arretes-a-barika\/#primaryimage"},"thumbnailUrl":"https:\/\/lasentinelle.dz\/wp-content\/uploads\/2022\/05\/349f3a51478f4d5cc2ba64574bde0876.jpeg","articleSection":["R\u00e9gions"],"inLanguage":"fr-FR","potentialAction":[{"@type":"CommentAction","name":"Comment","target":["https:\/\/lasentinelle.dz\/index.php\/2022\/05\/12\/batna-cinq-fonctionnaires-arretes-a-barika\/#respond"]}]},{"@type":"WebPage","@id":"https:\/\/lasentinelle.dz\/index.php\/2022\/05\/12\/batna-cinq-fonctionnaires-arretes-a-barika\/","url":"https:\/\/lasentinelle.dz\/index.php\/2022\/05\/12\/batna-cinq-fonctionnaires-arretes-a-barika\/","name":"Batna\u00a0:\u00a0Cinq fonctionnaires arr\u00eat\u00e9s \u00e0 Barika - La Sentinelle","isPartOf":{"@id":"https:\/\/lasentinelle.dz\/#website"},"primaryImageOfPage":{"@id":"https:\/\/lasentinelle.dz\/index.php\/2022\/05\/12\/batna-cinq-fonctionnaires-arretes-a-barika\/#primaryimage"},"image":{"@id":"https:\/\/lasentinelle.dz\/index.php\/2022\/05\/12\/batna-cinq-fonctionnaires-arretes-a-barika\/#primaryimage"},"thumbnailUrl":"https:\/\/lasentinelle.dz\/wp-content\/uploads\/2022\/05\/349f3a51478f4d5cc2ba64574bde0876.jpeg","datePublished":"2022-05-11T23:01:00+00:00","breadcrumb":{"@id":"https:\/\/lasentinelle.dz\/index.php\/2022\/05\/12\/batna-cinq-fonctionnaires-arretes-a-barika\/#breadcrumb"},"inLanguage":"fr-FR","potentialAction":[{"@type":"ReadAction","target":["https:\/\/lasentinelle.dz\/index.php\/2022\/05\/12\/batna-cinq-fonctionnaires-arretes-a-barika\/"]}]},{"@type":"ImageObject","inLanguage":"fr-FR","@id":"https:\/\/lasentinelle.dz\/index.php\/2022\/05\/12\/batna-cinq-fonctionnaires-arretes-a-barika\/#primaryimage","url":"https:\/\/lasentinelle.dz\/wp-content\/uploads\/2022\/05\/349f3a51478f4d5cc2ba64574bde0876.jpeg","contentUrl":"https:\/\/lasentinelle.dz\/wp-content\/uploads\/2022\/05\/349f3a51478f4d5cc2ba64574bde0876.jpeg","width":471,"height":238},{"@type":"BreadcrumbList","@id":"https:\/\/lasentinelle.dz\/index.php\/2022\/05\/12\/batna-cinq-fonctionnaires-arretes-a-barika\/#breadcrumb","itemListElement":[{"@type":"ListItem","position":1,"name":"Accueil","item":"https:\/\/lasentinelle.dz\/"},{"@type":"ListItem","position":2,"name":"Batna\u00a0:\u00a0Cinq fonctionnaires arr\u00eat\u00e9s \u00e0 Barika"}]},{"@type":"WebSite","@id":"https:\/\/lasentinelle.dz\/#website","url":"https:\/\/lasentinelle.dz\/","name":"La Sentinelle","description":"Quotidien national d&#039;information","publisher":{"@id":"https:\/\/lasentinelle.dz\/#organization"},"potentialAction":[{"@type":"SearchAction","target":{"@type":"EntryPoint","urlTemplate":"https:\/\/lasentinelle.dz\/?s={search_term_string}"},"query-input":{"@type":"PropertyValueSpecification","valueRequired":true,"valueName":"search_term_string"}}],"inLanguage":"fr-FR"},{"@type":"Organization","@id":"https:\/\/lasentinelle.dz\/#organization","name":"Quotidien La Sentinelle","url":"https:\/\/lasentinelle.dz\/","logo":{"@type":"ImageObject","inLanguage":"fr-FR","@id":"https:\/\/lasentinelle.dz\/#\/schema\/logo\/image\/","url":"https:\/\/lasentinelle.dz\/wp-content\/uploads\/2021\/09\/logo-sentinelleSLOGAN-1.png","contentUrl":"https:\/\/lasentinelle.dz\/wp-content\/uploads\/2021\/09\/logo-sentinelleSLOGAN-1.png","width":615,"height":142,"caption":"Quotidien La Sentinelle"},"image":{"@id":"https:\/\/lasentinelle.dz\/#\/schema\/logo\/image\/"},"sameAs":["https:\/\/www.facebook.com\/La-Sentinelle-104059864394773"]},{"@type":"Person","@id":"https:\/\/lasentinelle.dz\/#\/schema\/person\/d865044e22e70a75174ce8bcad3acfb3","name":"La Sentinelle","image":{"@type":"ImageObject","inLanguage":"fr-FR","@id":"https:\/\/secure.gravatar.com\/avatar\/57de8e5d4b15d43fb361a71fbb36338450fe67865b528a43dd10ef7c51a20392?s=96&d=mm&r=g","url":"https:\/\/secure.gravatar.com\/avatar\/57de8e5d4b15d43fb361a71fbb36338450fe67865b528a43dd10ef7c51a20392?s=96&d=mm&r=g","contentUrl":"https:\/\/secure.gravatar.com\/avatar\/57de8e5d4b15d43fb361a71fbb36338450fe67865b528a43dd10ef7c51a20392?s=96&d=mm&r=g","caption":"La Sentinelle"},"sameAs":["http:\/\/www.lasentinelle.dz"],"url":"https:\/\/lasentinelle.dz\/author\/redaction\/"}]}},"_links":{"self":[{"href":"https:\/\/lasentinelle.dz\/index.php\/wp-json\/wp\/v2\/posts\/20910","targetHints":{"allow":["GET"]}}],"collection":[{"href":"https:\/\/lasentinelle.dz\/index.php\/wp-json\/wp\/v2\/posts"}],"about":[{"href":"https:\/\/lasentinelle.dz\/index.php\/wp-json\/wp\/v2\/types\/post"}],"author":[{"embeddable":true,"href":"https:\/\/lasentinelle.dz\/index.php\/wp-json\/wp\/v2\/users\/3"}],"replies":[{"embeddable":true,"href":"https:\/\/lasentinelle.dz\/index.php\/wp-json\/wp\/v2\/comments?post=20910"}],"version-history":[{"count":1,"href":"https:\/\/lasentinelle.dz\/index.php\/wp-json\/wp\/v2\/posts\/20910\/revisions"}],"predecessor-version":[{"id":20914,"href":"https:\/\/lasentinelle.dz\/index.php\/wp-json\/wp\/v2\/posts\/20910\/revisions\/20914"}],"wp:featuredmedia":[{"embeddable":true,"href":"https:\/\/lasentinelle.dz\/index.php\/wp-json\/wp\/v2\/media\/20913"}],"wp:attachment":[{"href":"https:\/\/lasentinelle.dz\/index.php\/wp-json\/wp\/v2\/media?parent=20910"}],"wp:term":[{"taxonomy":"category","embeddable":true,"href":"https:\/\/lasentinelle.dz\/index.php\/wp-json\/wp\/v2\/categories?post=20910"},{"taxonomy":"post_tag","embeddable":true,"href":"https:\/\/lasentinelle.dz\/index.php\/wp-json\/wp\/v2\/tags?post=20910"}],"curies":[{"name":"wp","href":"https:\/\/api.w.org\/{rel}","templated":true}]}}