{"id":20967,"date":"2022-05-12T00:01:00","date_gmt":"2022-05-11T23:01:00","guid":{"rendered":"https:\/\/lasentinelle.dz\/?p=20967"},"modified":"2022-05-11T21:27:15","modified_gmt":"2022-05-11T20:27:15","slug":"initiative-de-la-main-tendue-du-president-de-la-republique-rahabi-plaide-pour-des-mesures-de-confiance","status":"publish","type":"post","link":"https:\/\/lasentinelle.dz\/index.php\/2022\/05\/12\/initiative-de-la-main-tendue-du-president-de-la-republique-rahabi-plaide-pour-des-mesures-de-confiance\/","title":{"rendered":"Initiative de la main tendue du pr\u00e9sident de la R\u00e9publique\u00a0: Rahabi plaide pour des mesures de confiance"},"content":{"rendered":"\n<p>L\u2019ancien diplomate et ex-ministre de la Communication, Abdelaziz Rahabi a comment\u00e9 hier l\u2019initiative de rassemblement lanc\u00e9e par le pr\u00e9sident de la R\u00e9publique. Dans une tribune qu\u2019il a publi\u00e9e sur divers m\u00e9dias, et sur sa page Facebbok, avant d\u2019\u00eatre re\u00e7u au Palais d\u2019El Mouradia, la personnalit\u00e9 politique a soulev\u00e9 les principales questions \u00e0 aplanir et dont est tributaire, selon lui, la r\u00e9ussite de la d\u00e9marche. Ainsi s\u2019il consid\u00e8re que&nbsp;diplomatiques de l\u2019Alg\u00e9rie, dispose \u00e0 ce titre des pouvoirs et des outils pour agir sur la formation, la pr\u00e9servation et la consolidation d\u2019un consensus national sur les questions de politique \u00e9trang\u00e8re et de d\u00e9fense nationale\u00bb,&nbsp;l\u2019ancien diplomate&nbsp;estime&nbsp;\u00able pr\u00e9sident de la&nbsp;R\u00e9publique \u00abprendra le risque, tout comme ceux de ses pr\u00e9d\u00e9cesseurs qui ont engag\u00e9 des r\u00e9formes politiques audacieuses, de ne pas \u00eatre pleinement accompagn\u00e9 par une administration tentaculaire, qui a fini par se substituer \u00e0 l\u2019Etat, qui se nourrit de ses propres peurs et r\u00e9siste encore \u00e0 toute forme de changement pour garder des positions de rente\u00bb. Rahabi recommande qu\u2019\u00abil est aussi attendu de l\u2019Etat qu\u2019il s\u2019engage dans la promotion de la libert\u00e9 d\u2019expression et la mise en place d\u2019un syst\u00e8me national d\u2019information moderne et performant au service de la soci\u00e9t\u00e9 dans sa diversit\u00e9\u00bb. Dans sa contribution, l\u2019ancien diplomate se pose la question li\u00e9e \u00ab\u00e0 l\u2019\u00e9tablissement des mesures de confiance de nature \u00e0 rendre possible et concr\u00e8te la volont\u00e9 de rassemblement exprim\u00e9e dans le discours politique et comment la d\u00e9cliner de fa\u00e7on concr\u00e8te dans la vie politique quotidienne d\u2019autant que les contours de l\u2019offre indirecte du chef de l\u2019Etat gagneraient \u00e0 \u00eatre explicit\u00e9s pour que cette initiative soit comprise et entendue\u00bb. Pour l\u2019ancien ministre, il est \u00abn\u00e9cessaire de r\u00e9unir certaines conditions politiques \u00bb, expliquant que \u00ables plus urgentes sont li\u00e9es aux questions du libre exercice de la politique par les partis politiques, les syndicats, le mouvement associatif et la soci\u00e9t\u00e9 civile dans son ensemble \u00bb. \u00abCar, l\u2019on ne peut valablement et s\u00e9rieusement envisager un int\u00e9r\u00eat politique pour le dialogue sans le r\u00e8glement de la question des entraves \u00e0 l\u2019exercice de l\u2019action politique partisane et sans lever les limites \u00e0 l\u2019exercice du droit constitutionnel \u00e0 une information objective, libre et responsable\u00bb, a-t-il plaid\u00e9. Il d\u00e9plore \u00abla persistance de multiples formes de pression de l\u2019Administration dans la vie politique \u00bb.&nbsp;&nbsp;L\u2019ancien ministre estime que \u00abla prochaine c\u00e9l\u00e9bration du 60e anniversaire de l\u2019ind\u00e9pendance peut aussi constituer&nbsp;&nbsp;un rendez- vous avec l\u2019histoire pour parachever la lib\u00e9ration de la terre par celle des hommes et une opportunit\u00e9 pour prot\u00e9ger les libert\u00e9s individuelles et collectives et se r\u00e9concilier avec notre histoire de pays d\u2019hommes libres\u00bb. Evoquant cette question li\u00e9e aux libert\u00e9s et \u00e0 la transparence, les m\u00e9dias et leur cr\u00e9dibilit\u00e9, l\u2019ancien diplomate dira que \u00abnotre pays a besoin de m\u00e9dias cr\u00e9dibles et de qualit\u00e9 \u00e9voluant dans un climat de libert\u00e9 et de transparence pour accompagner un projet&nbsp;&nbsp;politique national port\u00e9 par la justice, l\u2019\u00e9galit\u00e9 en droits et en devoirs et la prosp\u00e9rit\u00e9 partag\u00e9e et convaincre une opinion publique nationale majoritairement jeune, exigeante car \u00e9duqu\u00e9e et servie par une offre mondiale cons\u00e9quente\u00bb. Selon Rahabi, \u00abil est difficile d\u2019envisager une adh\u00e9sion \u00e0 l\u2019offre de rassemblement faite par le chef de l\u2019Etat sans une volont\u00e9 d\u00e9clar\u00e9e et un engagement concret en faveur du contr\u00f4le&nbsp;&nbsp;populaire des richesses nationales qui reste au centre des pr\u00e9occupations des Alg\u00e9riens qui ont&nbsp;&nbsp;assist\u00e9 \u00e0 une privatisation syst\u00e9matique et organis\u00e9e du bien public\u00bb.&nbsp;&nbsp;Abordant les pr\u00e9rogatives du pr\u00e9sident, Rahabi affirme que \u00able chef de l\u2019Etat, garant de la stabilit\u00e9 du pays, a un r\u00f4le primordial \u00e0 jouer dans la recherche, l\u2019animation et la mise en place de ce pacte&nbsp;&nbsp;\u00e9conomique de justice sociale et de redistribution de la richesse car la soci\u00e9t\u00e9 alg\u00e9rienne aura du mal \u00e0 supporter les effets d\u2019une crise mondiale dont les premi\u00e8res cons\u00e9quences ont vu un rench\u00e9rissement de 25 \u00e0 30 % des produits de large consommation et dont l\u2019issue est plus qu\u2019incertaine&nbsp;\u00bb. Rahabi indique qu\u2019\u00abune \u00ablarge concertation participera \u00e0 la r\u00e9g\u00e9n\u00e9ration du d\u00e9bat pour aboutir \u00e0 la plus large adh\u00e9sion possible et \u00e0 un large consensus autour&nbsp;&nbsp;des mesures \u00e0 adopter dans cette conjoncture de d\u00e9sordre mondial\u00bb, expliquant qu\u2019\u00aben Alg\u00e9rie, comme ailleurs, tout le monde attend tout de l\u2019Etat en situation de crise et la soci\u00e9t\u00e9 ne s\u2019implique pleinement que lorsqu\u2019elle a le sentiment d\u2019avoir \u00e9t\u00e9 impliqu\u00e9e et sa voix entendue\u00bb. \u00abLa concertation et le dialogue avec les acteurs politiques, le monde acad\u00e9mique et des m\u00e9dias&nbsp;&nbsp;pour \u00e9changer, partager les lectures du monde actuel et surtout d\u00e9terminer et partager la ligne de conduite qui r\u00e9pond le mieux aux int\u00e9r\u00eats de l\u2019Alg\u00e9rie\u00bb, a-t-il plaid\u00e9. Et de souligner que \u00abla garantie d\u2019une coh\u00e9sion nationale d\u00e9pendra pour une grande part du traitement qui sera fait de ces questions en raison de notre faible souverainet\u00e9 industrielle, des ing\u00e9rences \u00e9trang\u00e8res multiformes et des effets collat\u00e9raux du positionnement de notre pays dans ce monde en mouvement\u00bb. \u00abLa mission du chef de l\u2019Etat n\u2019est pas ais\u00e9e tant la tradition de dialogue fait d\u00e9faut dans la vie politique de la nation&nbsp;&nbsp;mais la r\u00e9alisation d\u2019un destin commun passe in\u00e9luctablement&nbsp;&nbsp;par la recherche des valeurs de la concertation permanente et des vertus du&nbsp;&nbsp;respect mutuel \u00bb, a relev\u00e9 lenfin&nbsp;Abdelaziz Rahabi.<\/p>\n\n\n\n<p><strong>Amar Malki<\/strong><\/p>\n","protected":false},"excerpt":{"rendered":"<p>L\u2019ancien diplomate et ex-ministre de la Communication, Abdelaziz Rahabi a comment\u00e9 hier l\u2019initiative de rassemblement lanc\u00e9e par le pr\u00e9sident de<\/p>\n","protected":false},"author":3,"featured_media":20975,"comment_status":"open","ping_status":"closed","sticky":false,"template":"","format":"standard","meta":{"colormag_page_container_layout":"default_layout","colormag_page_sidebar_layout":"default_layout","om_disable_all_campaigns":false,"_monsterinsights_skip_tracking":false,"_monsterinsights_sitenote_active":false,"_monsterinsights_sitenote_note":"","_monsterinsights_sitenote_category":0,"footnotes":"","_wpscppro_dont_share_socialmedia":false,"_wpscppro_custom_social_share_image":0,"_facebook_share_type":"","_twitter_share_type":"","_linkedin_share_type":"","_pinterest_share_type":"","_linkedin_share_type_page":"","_instagram_share_type":"","_medium_share_type":"","_threads_share_type":"","_google_business_share_type":"","_selected_social_profile":[],"_wpsp_enable_custom_social_template":false,"_wpsp_social_scheduling":{"enabled":false,"datetime":null,"platforms":[],"status":"template_only","dateOption":"today","timeOption":"now","customDays":"","customHours":"","customDate":"","customTime":"","schedulingType":"absolute"},"_wpsp_active_default_template":true},"categories":[27],"tags":[],"class_list":["post-20967","post","type-post","status-publish","format-standard","has-post-thumbnail","hentry","category-actualite"],"aioseo_notices":[],"yoast_head":"<!-- This site is optimized with the Yoast SEO plugin v27.5 - https:\/\/yoast.com\/product\/yoast-seo-wordpress\/ -->\n<title>Initiative de la main tendue du pr\u00e9sident de la R\u00e9publique\u00a0: Rahabi plaide pour des mesures de confiance - La Sentinelle<\/title>\n<meta name=\"robots\" content=\"index, follow, max-snippet:-1, max-image-preview:large, max-video-preview:-1\" \/>\n<link rel=\"canonical\" href=\"https:\/\/lasentinelle.dz\/index.php\/2022\/05\/12\/initiative-de-la-main-tendue-du-president-de-la-republique-rahabi-plaide-pour-des-mesures-de-confiance\/\" \/>\n<meta property=\"og:locale\" content=\"fr_FR\" \/>\n<meta property=\"og:type\" content=\"article\" \/>\n<meta property=\"og:title\" content=\"Initiative de la main tendue du pr\u00e9sident de la R\u00e9publique\u00a0: Rahabi plaide pour des mesures de confiance - La Sentinelle\" \/>\n<meta property=\"og:description\" content=\"L\u2019ancien diplomate et ex-ministre de la Communication, Abdelaziz Rahabi a comment\u00e9 hier l\u2019initiative de rassemblement lanc\u00e9e par le pr\u00e9sident de\" \/>\n<meta property=\"og:url\" content=\"https:\/\/lasentinelle.dz\/index.php\/2022\/05\/12\/initiative-de-la-main-tendue-du-president-de-la-republique-rahabi-plaide-pour-des-mesures-de-confiance\/\" \/>\n<meta property=\"og:site_name\" content=\"La Sentinelle\" \/>\n<meta property=\"article:publisher\" content=\"https:\/\/www.facebook.com\/La-Sentinelle-104059864394773\" \/>\n<meta property=\"article:published_time\" content=\"2022-05-11T23:01:00+00:00\" \/>\n<meta property=\"og:image\" content=\"https:\/\/lasentinelle.dz\/wp-content\/uploads\/2022\/05\/Abdelaziz-Rehabi-.jpeg\" \/>\n\t<meta property=\"og:image:width\" content=\"900\" \/>\n\t<meta property=\"og:image:height\" content=\"500\" \/>\n\t<meta property=\"og:image:type\" content=\"image\/jpeg\" \/>\n<meta name=\"author\" content=\"La Sentinelle\" \/>\n<meta name=\"twitter:card\" content=\"summary_large_image\" \/>\n<meta name=\"twitter:label1\" content=\"\u00c9crit par\" \/>\n\t<meta name=\"twitter:data1\" content=\"La Sentinelle\" \/>\n\t<meta name=\"twitter:label2\" content=\"Dur\u00e9e de lecture estim\u00e9e\" \/>\n\t<meta name=\"twitter:data2\" content=\"5 minutes\" \/>\n<script type=\"application\/ld+json\" class=\"yoast-schema-graph\">{\"@context\":\"https:\\\/\\\/schema.org\",\"@graph\":[{\"@type\":\"Article\",\"@id\":\"https:\\\/\\\/lasentinelle.dz\\\/index.php\\\/2022\\\/05\\\/12\\\/initiative-de-la-main-tendue-du-president-de-la-republique-rahabi-plaide-pour-des-mesures-de-confiance\\\/#article\",\"isPartOf\":{\"@id\":\"https:\\\/\\\/lasentinelle.dz\\\/index.php\\\/2022\\\/05\\\/12\\\/initiative-de-la-main-tendue-du-president-de-la-republique-rahabi-plaide-pour-des-mesures-de-confiance\\\/\"},\"author\":{\"name\":\"La Sentinelle\",\"@id\":\"https:\\\/\\\/lasentinelle.dz\\\/#\\\/schema\\\/person\\\/d865044e22e70a75174ce8bcad3acfb3\"},\"headline\":\"Initiative de la main tendue du pr\u00e9sident de la R\u00e9publique\u00a0: Rahabi plaide pour des mesures de confiance\",\"datePublished\":\"2022-05-11T23:01:00+00:00\",\"mainEntityOfPage\":{\"@id\":\"https:\\\/\\\/lasentinelle.dz\\\/index.php\\\/2022\\\/05\\\/12\\\/initiative-de-la-main-tendue-du-president-de-la-republique-rahabi-plaide-pour-des-mesures-de-confiance\\\/\"},\"wordCount\":1025,\"commentCount\":0,\"publisher\":{\"@id\":\"https:\\\/\\\/lasentinelle.dz\\\/#organization\"},\"image\":{\"@id\":\"https:\\\/\\\/lasentinelle.dz\\\/index.php\\\/2022\\\/05\\\/12\\\/initiative-de-la-main-tendue-du-president-de-la-republique-rahabi-plaide-pour-des-mesures-de-confiance\\\/#primaryimage\"},\"thumbnailUrl\":\"https:\\\/\\\/lasentinelle.dz\\\/wp-content\\\/uploads\\\/2022\\\/05\\\/Abdelaziz-Rehabi-.jpeg\",\"articleSection\":[\"Actualit\u00e9\"],\"inLanguage\":\"fr-FR\",\"potentialAction\":[{\"@type\":\"CommentAction\",\"name\":\"Comment\",\"target\":[\"https:\\\/\\\/lasentinelle.dz\\\/index.php\\\/2022\\\/05\\\/12\\\/initiative-de-la-main-tendue-du-president-de-la-republique-rahabi-plaide-pour-des-mesures-de-confiance\\\/#respond\"]}]},{\"@type\":\"WebPage\",\"@id\":\"https:\\\/\\\/lasentinelle.dz\\\/index.php\\\/2022\\\/05\\\/12\\\/initiative-de-la-main-tendue-du-president-de-la-republique-rahabi-plaide-pour-des-mesures-de-confiance\\\/\",\"url\":\"https:\\\/\\\/lasentinelle.dz\\\/index.php\\\/2022\\\/05\\\/12\\\/initiative-de-la-main-tendue-du-president-de-la-republique-rahabi-plaide-pour-des-mesures-de-confiance\\\/\",\"name\":\"Initiative de la main tendue du pr\u00e9sident de la R\u00e9publique\u00a0: Rahabi plaide pour des mesures de confiance - La Sentinelle\",\"isPartOf\":{\"@id\":\"https:\\\/\\\/lasentinelle.dz\\\/#website\"},\"primaryImageOfPage\":{\"@id\":\"https:\\\/\\\/lasentinelle.dz\\\/index.php\\\/2022\\\/05\\\/12\\\/initiative-de-la-main-tendue-du-president-de-la-republique-rahabi-plaide-pour-des-mesures-de-confiance\\\/#primaryimage\"},\"image\":{\"@id\":\"https:\\\/\\\/lasentinelle.dz\\\/index.php\\\/2022\\\/05\\\/12\\\/initiative-de-la-main-tendue-du-president-de-la-republique-rahabi-plaide-pour-des-mesures-de-confiance\\\/#primaryimage\"},\"thumbnailUrl\":\"https:\\\/\\\/lasentinelle.dz\\\/wp-content\\\/uploads\\\/2022\\\/05\\\/Abdelaziz-Rehabi-.jpeg\",\"datePublished\":\"2022-05-11T23:01:00+00:00\",\"breadcrumb\":{\"@id\":\"https:\\\/\\\/lasentinelle.dz\\\/index.php\\\/2022\\\/05\\\/12\\\/initiative-de-la-main-tendue-du-president-de-la-republique-rahabi-plaide-pour-des-mesures-de-confiance\\\/#breadcrumb\"},\"inLanguage\":\"fr-FR\",\"potentialAction\":[{\"@type\":\"ReadAction\",\"target\":[\"https:\\\/\\\/lasentinelle.dz\\\/index.php\\\/2022\\\/05\\\/12\\\/initiative-de-la-main-tendue-du-president-de-la-republique-rahabi-plaide-pour-des-mesures-de-confiance\\\/\"]}]},{\"@type\":\"ImageObject\",\"inLanguage\":\"fr-FR\",\"@id\":\"https:\\\/\\\/lasentinelle.dz\\\/index.php\\\/2022\\\/05\\\/12\\\/initiative-de-la-main-tendue-du-president-de-la-republique-rahabi-plaide-pour-des-mesures-de-confiance\\\/#primaryimage\",\"url\":\"https:\\\/\\\/lasentinelle.dz\\\/wp-content\\\/uploads\\\/2022\\\/05\\\/Abdelaziz-Rehabi-.jpeg\",\"contentUrl\":\"https:\\\/\\\/lasentinelle.dz\\\/wp-content\\\/uploads\\\/2022\\\/05\\\/Abdelaziz-Rehabi-.jpeg\",\"width\":900,\"height\":500},{\"@type\":\"BreadcrumbList\",\"@id\":\"https:\\\/\\\/lasentinelle.dz\\\/index.php\\\/2022\\\/05\\\/12\\\/initiative-de-la-main-tendue-du-president-de-la-republique-rahabi-plaide-pour-des-mesures-de-confiance\\\/#breadcrumb\",\"itemListElement\":[{\"@type\":\"ListItem\",\"position\":1,\"name\":\"Accueil\",\"item\":\"https:\\\/\\\/lasentinelle.dz\\\/\"},{\"@type\":\"ListItem\",\"position\":2,\"name\":\"Initiative de la main tendue du pr\u00e9sident de la R\u00e9publique\u00a0: Rahabi plaide pour des mesures de confiance\"}]},{\"@type\":\"WebSite\",\"@id\":\"https:\\\/\\\/lasentinelle.dz\\\/#website\",\"url\":\"https:\\\/\\\/lasentinelle.dz\\\/\",\"name\":\"La Sentinelle\",\"description\":\"Quotidien national d&#039;information\",\"publisher\":{\"@id\":\"https:\\\/\\\/lasentinelle.dz\\\/#organization\"},\"potentialAction\":[{\"@type\":\"SearchAction\",\"target\":{\"@type\":\"EntryPoint\",\"urlTemplate\":\"https:\\\/\\\/lasentinelle.dz\\\/?s={search_term_string}\"},\"query-input\":{\"@type\":\"PropertyValueSpecification\",\"valueRequired\":true,\"valueName\":\"search_term_string\"}}],\"inLanguage\":\"fr-FR\"},{\"@type\":\"Organization\",\"@id\":\"https:\\\/\\\/lasentinelle.dz\\\/#organization\",\"name\":\"Quotidien La Sentinelle\",\"url\":\"https:\\\/\\\/lasentinelle.dz\\\/\",\"logo\":{\"@type\":\"ImageObject\",\"inLanguage\":\"fr-FR\",\"@id\":\"https:\\\/\\\/lasentinelle.dz\\\/#\\\/schema\\\/logo\\\/image\\\/\",\"url\":\"https:\\\/\\\/lasentinelle.dz\\\/wp-content\\\/uploads\\\/2021\\\/09\\\/logo-sentinelleSLOGAN-1.png\",\"contentUrl\":\"https:\\\/\\\/lasentinelle.dz\\\/wp-content\\\/uploads\\\/2021\\\/09\\\/logo-sentinelleSLOGAN-1.png\",\"width\":615,\"height\":142,\"caption\":\"Quotidien La Sentinelle\"},\"image\":{\"@id\":\"https:\\\/\\\/lasentinelle.dz\\\/#\\\/schema\\\/logo\\\/image\\\/\"},\"sameAs\":[\"https:\\\/\\\/www.facebook.com\\\/La-Sentinelle-104059864394773\"]},{\"@type\":\"Person\",\"@id\":\"https:\\\/\\\/lasentinelle.dz\\\/#\\\/schema\\\/person\\\/d865044e22e70a75174ce8bcad3acfb3\",\"name\":\"La Sentinelle\",\"image\":{\"@type\":\"ImageObject\",\"inLanguage\":\"fr-FR\",\"@id\":\"https:\\\/\\\/secure.gravatar.com\\\/avatar\\\/57de8e5d4b15d43fb361a71fbb36338450fe67865b528a43dd10ef7c51a20392?s=96&d=mm&r=g\",\"url\":\"https:\\\/\\\/secure.gravatar.com\\\/avatar\\\/57de8e5d4b15d43fb361a71fbb36338450fe67865b528a43dd10ef7c51a20392?s=96&d=mm&r=g\",\"contentUrl\":\"https:\\\/\\\/secure.gravatar.com\\\/avatar\\\/57de8e5d4b15d43fb361a71fbb36338450fe67865b528a43dd10ef7c51a20392?s=96&d=mm&r=g\",\"caption\":\"La Sentinelle\"},\"sameAs\":[\"http:\\\/\\\/www.lasentinelle.dz\"],\"url\":\"https:\\\/\\\/lasentinelle.dz\\\/author\\\/redaction\\\/\"}]}<\/script>\n<!-- \/ Yoast SEO plugin. -->","yoast_head_json":{"title":"Initiative de la main tendue du pr\u00e9sident de la R\u00e9publique\u00a0: Rahabi plaide pour des mesures de confiance - La Sentinelle","robots":{"index":"index","follow":"follow","max-snippet":"max-snippet:-1","max-image-preview":"max-image-preview:large","max-video-preview":"max-video-preview:-1"},"canonical":"https:\/\/lasentinelle.dz\/index.php\/2022\/05\/12\/initiative-de-la-main-tendue-du-president-de-la-republique-rahabi-plaide-pour-des-mesures-de-confiance\/","og_locale":"fr_FR","og_type":"article","og_title":"Initiative de la main tendue du pr\u00e9sident de la R\u00e9publique\u00a0: Rahabi plaide pour des mesures de confiance - La Sentinelle","og_description":"L\u2019ancien diplomate et ex-ministre de la Communication, Abdelaziz Rahabi a comment\u00e9 hier l\u2019initiative de rassemblement lanc\u00e9e par le pr\u00e9sident de","og_url":"https:\/\/lasentinelle.dz\/index.php\/2022\/05\/12\/initiative-de-la-main-tendue-du-president-de-la-republique-rahabi-plaide-pour-des-mesures-de-confiance\/","og_site_name":"La Sentinelle","article_publisher":"https:\/\/www.facebook.com\/La-Sentinelle-104059864394773","article_published_time":"2022-05-11T23:01:00+00:00","og_image":[{"width":900,"height":500,"url":"https:\/\/lasentinelle.dz\/wp-content\/uploads\/2022\/05\/Abdelaziz-Rehabi-.jpeg","type":"image\/jpeg"}],"author":"La Sentinelle","twitter_card":"summary_large_image","twitter_misc":{"\u00c9crit par":"La Sentinelle","Dur\u00e9e de lecture estim\u00e9e":"5 minutes"},"schema":{"@context":"https:\/\/schema.org","@graph":[{"@type":"Article","@id":"https:\/\/lasentinelle.dz\/index.php\/2022\/05\/12\/initiative-de-la-main-tendue-du-president-de-la-republique-rahabi-plaide-pour-des-mesures-de-confiance\/#article","isPartOf":{"@id":"https:\/\/lasentinelle.dz\/index.php\/2022\/05\/12\/initiative-de-la-main-tendue-du-president-de-la-republique-rahabi-plaide-pour-des-mesures-de-confiance\/"},"author":{"name":"La Sentinelle","@id":"https:\/\/lasentinelle.dz\/#\/schema\/person\/d865044e22e70a75174ce8bcad3acfb3"},"headline":"Initiative de la main tendue du pr\u00e9sident de la R\u00e9publique\u00a0: Rahabi plaide pour des mesures de confiance","datePublished":"2022-05-11T23:01:00+00:00","mainEntityOfPage":{"@id":"https:\/\/lasentinelle.dz\/index.php\/2022\/05\/12\/initiative-de-la-main-tendue-du-president-de-la-republique-rahabi-plaide-pour-des-mesures-de-confiance\/"},"wordCount":1025,"commentCount":0,"publisher":{"@id":"https:\/\/lasentinelle.dz\/#organization"},"image":{"@id":"https:\/\/lasentinelle.dz\/index.php\/2022\/05\/12\/initiative-de-la-main-tendue-du-president-de-la-republique-rahabi-plaide-pour-des-mesures-de-confiance\/#primaryimage"},"thumbnailUrl":"https:\/\/lasentinelle.dz\/wp-content\/uploads\/2022\/05\/Abdelaziz-Rehabi-.jpeg","articleSection":["Actualit\u00e9"],"inLanguage":"fr-FR","potentialAction":[{"@type":"CommentAction","name":"Comment","target":["https:\/\/lasentinelle.dz\/index.php\/2022\/05\/12\/initiative-de-la-main-tendue-du-president-de-la-republique-rahabi-plaide-pour-des-mesures-de-confiance\/#respond"]}]},{"@type":"WebPage","@id":"https:\/\/lasentinelle.dz\/index.php\/2022\/05\/12\/initiative-de-la-main-tendue-du-president-de-la-republique-rahabi-plaide-pour-des-mesures-de-confiance\/","url":"https:\/\/lasentinelle.dz\/index.php\/2022\/05\/12\/initiative-de-la-main-tendue-du-president-de-la-republique-rahabi-plaide-pour-des-mesures-de-confiance\/","name":"Initiative de la main tendue du pr\u00e9sident de la R\u00e9publique\u00a0: Rahabi plaide pour des mesures de confiance - La Sentinelle","isPartOf":{"@id":"https:\/\/lasentinelle.dz\/#website"},"primaryImageOfPage":{"@id":"https:\/\/lasentinelle.dz\/index.php\/2022\/05\/12\/initiative-de-la-main-tendue-du-president-de-la-republique-rahabi-plaide-pour-des-mesures-de-confiance\/#primaryimage"},"image":{"@id":"https:\/\/lasentinelle.dz\/index.php\/2022\/05\/12\/initiative-de-la-main-tendue-du-president-de-la-republique-rahabi-plaide-pour-des-mesures-de-confiance\/#primaryimage"},"thumbnailUrl":"https:\/\/lasentinelle.dz\/wp-content\/uploads\/2022\/05\/Abdelaziz-Rehabi-.jpeg","datePublished":"2022-05-11T23:01:00+00:00","breadcrumb":{"@id":"https:\/\/lasentinelle.dz\/index.php\/2022\/05\/12\/initiative-de-la-main-tendue-du-president-de-la-republique-rahabi-plaide-pour-des-mesures-de-confiance\/#breadcrumb"},"inLanguage":"fr-FR","potentialAction":[{"@type":"ReadAction","target":["https:\/\/lasentinelle.dz\/index.php\/2022\/05\/12\/initiative-de-la-main-tendue-du-president-de-la-republique-rahabi-plaide-pour-des-mesures-de-confiance\/"]}]},{"@type":"ImageObject","inLanguage":"fr-FR","@id":"https:\/\/lasentinelle.dz\/index.php\/2022\/05\/12\/initiative-de-la-main-tendue-du-president-de-la-republique-rahabi-plaide-pour-des-mesures-de-confiance\/#primaryimage","url":"https:\/\/lasentinelle.dz\/wp-content\/uploads\/2022\/05\/Abdelaziz-Rehabi-.jpeg","contentUrl":"https:\/\/lasentinelle.dz\/wp-content\/uploads\/2022\/05\/Abdelaziz-Rehabi-.jpeg","width":900,"height":500},{"@type":"BreadcrumbList","@id":"https:\/\/lasentinelle.dz\/index.php\/2022\/05\/12\/initiative-de-la-main-tendue-du-president-de-la-republique-rahabi-plaide-pour-des-mesures-de-confiance\/#breadcrumb","itemListElement":[{"@type":"ListItem","position":1,"name":"Accueil","item":"https:\/\/lasentinelle.dz\/"},{"@type":"ListItem","position":2,"name":"Initiative de la main tendue du pr\u00e9sident de la R\u00e9publique\u00a0: Rahabi plaide pour des mesures de confiance"}]},{"@type":"WebSite","@id":"https:\/\/lasentinelle.dz\/#website","url":"https:\/\/lasentinelle.dz\/","name":"La Sentinelle","description":"Quotidien national d&#039;information","publisher":{"@id":"https:\/\/lasentinelle.dz\/#organization"},"potentialAction":[{"@type":"SearchAction","target":{"@type":"EntryPoint","urlTemplate":"https:\/\/lasentinelle.dz\/?s={search_term_string}"},"query-input":{"@type":"PropertyValueSpecification","valueRequired":true,"valueName":"search_term_string"}}],"inLanguage":"fr-FR"},{"@type":"Organization","@id":"https:\/\/lasentinelle.dz\/#organization","name":"Quotidien La Sentinelle","url":"https:\/\/lasentinelle.dz\/","logo":{"@type":"ImageObject","inLanguage":"fr-FR","@id":"https:\/\/lasentinelle.dz\/#\/schema\/logo\/image\/","url":"https:\/\/lasentinelle.dz\/wp-content\/uploads\/2021\/09\/logo-sentinelleSLOGAN-1.png","contentUrl":"https:\/\/lasentinelle.dz\/wp-content\/uploads\/2021\/09\/logo-sentinelleSLOGAN-1.png","width":615,"height":142,"caption":"Quotidien La Sentinelle"},"image":{"@id":"https:\/\/lasentinelle.dz\/#\/schema\/logo\/image\/"},"sameAs":["https:\/\/www.facebook.com\/La-Sentinelle-104059864394773"]},{"@type":"Person","@id":"https:\/\/lasentinelle.dz\/#\/schema\/person\/d865044e22e70a75174ce8bcad3acfb3","name":"La Sentinelle","image":{"@type":"ImageObject","inLanguage":"fr-FR","@id":"https:\/\/secure.gravatar.com\/avatar\/57de8e5d4b15d43fb361a71fbb36338450fe67865b528a43dd10ef7c51a20392?s=96&d=mm&r=g","url":"https:\/\/secure.gravatar.com\/avatar\/57de8e5d4b15d43fb361a71fbb36338450fe67865b528a43dd10ef7c51a20392?s=96&d=mm&r=g","contentUrl":"https:\/\/secure.gravatar.com\/avatar\/57de8e5d4b15d43fb361a71fbb36338450fe67865b528a43dd10ef7c51a20392?s=96&d=mm&r=g","caption":"La Sentinelle"},"sameAs":["http:\/\/www.lasentinelle.dz"],"url":"https:\/\/lasentinelle.dz\/author\/redaction\/"}]}},"_links":{"self":[{"href":"https:\/\/lasentinelle.dz\/index.php\/wp-json\/wp\/v2\/posts\/20967","targetHints":{"allow":["GET"]}}],"collection":[{"href":"https:\/\/lasentinelle.dz\/index.php\/wp-json\/wp\/v2\/posts"}],"about":[{"href":"https:\/\/lasentinelle.dz\/index.php\/wp-json\/wp\/v2\/types\/post"}],"author":[{"embeddable":true,"href":"https:\/\/lasentinelle.dz\/index.php\/wp-json\/wp\/v2\/users\/3"}],"replies":[{"embeddable":true,"href":"https:\/\/lasentinelle.dz\/index.php\/wp-json\/wp\/v2\/comments?post=20967"}],"version-history":[{"count":1,"href":"https:\/\/lasentinelle.dz\/index.php\/wp-json\/wp\/v2\/posts\/20967\/revisions"}],"predecessor-version":[{"id":20976,"href":"https:\/\/lasentinelle.dz\/index.php\/wp-json\/wp\/v2\/posts\/20967\/revisions\/20976"}],"wp:featuredmedia":[{"embeddable":true,"href":"https:\/\/lasentinelle.dz\/index.php\/wp-json\/wp\/v2\/media\/20975"}],"wp:attachment":[{"href":"https:\/\/lasentinelle.dz\/index.php\/wp-json\/wp\/v2\/media?parent=20967"}],"wp:term":[{"taxonomy":"category","embeddable":true,"href":"https:\/\/lasentinelle.dz\/index.php\/wp-json\/wp\/v2\/categories?post=20967"},{"taxonomy":"post_tag","embeddable":true,"href":"https:\/\/lasentinelle.dz\/index.php\/wp-json\/wp\/v2\/tags?post=20967"}],"curies":[{"name":"wp","href":"https:\/\/api.w.org\/{rel}","templated":true}]}}