{"id":21018,"date":"2022-05-15T00:01:00","date_gmt":"2022-05-14T23:01:00","guid":{"rendered":"https:\/\/lasentinelle.dz\/?p=21018"},"modified":"2022-05-14T18:55:21","modified_gmt":"2022-05-14T17:55:21","slug":"le-representant-permanent-de-lalgerie-a-lonu-recadre-les-missionnaires-du-makhzen-lalgerie-est-une-republique-une-et-indivisible","status":"publish","type":"post","link":"https:\/\/lasentinelle.dz\/index.php\/2022\/05\/15\/le-representant-permanent-de-lalgerie-a-lonu-recadre-les-missionnaires-du-makhzen-lalgerie-est-une-republique-une-et-indivisible\/","title":{"rendered":"Le\u00a0Repr\u00e9sentant permanent de l\u2019Alg\u00e9rie \u00e0 l\u2019ONU\u00a0recadre les missionnaires du Makhzen\u00a0:\u00a0\u00abL\u2019Alg\u00e9rie est une R\u00e9publique une et indivisible\u00bb"},"content":{"rendered":"\n<p>C\u2019est lors du s\u00e9minaire du Comit\u00e9 de l&rsquo;Organisation des Nations Unies sur la d\u00e9colonisation (C24) que le Repr\u00e9sentant permanent de l&rsquo;Alg\u00e9rie, ambassadeur Nadir Larbaoui, a&nbsp;tanc\u00e9&nbsp;la d\u00e9l\u00e9gation marocaine&nbsp;et la remettre \u00e0 sa place. D\u00e9l\u00e9gation charg\u00e9e par le Makhzen et venue&nbsp;en mission command\u00e9e pour \u00e2nonner un torchon confectionn\u00e9 dans les locaux de la DGED (Direction g\u00e9n\u00e9rale des \u00e9tudes et de la documentation, un service de renseignement et de contre-espionnage au Maroc) contenant des all\u00e9gations de violations des droits de l&rsquo;Homme \u00e0 Tindouf. L&rsquo;ambassadeur Larbaoui a indiqu\u00e9 que \u00ab mon pays a \u00e9t\u00e9 cit\u00e9 trois fois par une personne. Ma d\u00e9l\u00e9gation d\u00e9cide de ne pas r\u00e9pondre \u00e0 ces all\u00e9gations d\u00e8s lors que cette personne ne repr\u00e9sente qu\u2019elle-m\u00eame&nbsp;\u00bb. Rappelant qu&rsquo;il \u00e9tait&nbsp;\u00ab&nbsp;clairement \u00e9tabli, conform\u00e9ment aux r\u00e9solutions des Nations Unies, que le Front Polisario est l&rsquo;unique repr\u00e9sentant l\u00e9gitime et exclusif du peuple sahraoui&nbsp;\u00bb,&nbsp;Nadir Larbaoui a soulign\u00e9 qu\u2019il n\u2019est \u00ab&nbsp;point de parlementer davantage sur ce point\u00bb. \u00abQuant \u00e0 l&rsquo;\u00e9vocation de mon pays par certains d\u00e9l\u00e9gu\u00e9s, faut-il leur rappeler une fois pour toute, que mon pays n\u2019est pas partie au conflit et, au m\u00eame titre que la Mauritanie, il a le statut de voisin observateur, \u00e0 moins\u00bb, a-t-il ajout\u00e9, que cela participe d&rsquo;une volont\u00e9 concert\u00e9e mais \u00e9cul\u00e9e et vaine de \u00abbilat\u00e9ralisation\u00bb du conflit qui demeure fondamentalement, n&rsquo;en d\u00e9plaise au Maroc et \u00e0 ses clients, une question de d\u00e9colonisation. Lors de la&nbsp;seconde s\u00e9ance de&nbsp;recadrage, le repr\u00e9sentant alg\u00e9rien a consacr\u00e9 sa charge \u00e0 l\u2019in\u00e9narrable ambassadeur marocain Omar Hilal,&nbsp;qui&nbsp;lors du d\u00e9bat g\u00e9n\u00e9ral, s\u2019est lanc\u00e9 dans sa diatribe habituelle contre l\u2019Alg\u00e9rie. Les d\u00e9l\u00e9gations pr\u00e9sentes n\u2019ont pas dissimul\u00e9 leur r\u00e9probation face \u00e0 ces comportements alors que d\u2019autres les ont qualifi\u00e9 \u00abd&rsquo;attitude indigne d&rsquo;un diplomate, voire \u00abd&rsquo;incivisme \u00bb. Le Repr\u00e9sentant permanent de l&rsquo;Alg\u00e9rie a invit\u00e9 l&rsquo;ambassadeur marocain \u00e0 revoir ses devoirs et r\u00e9viser ses cours, tout en r\u00e9pondant sereinement aux attaques, l&rsquo;une apr\u00e8s l&rsquo;autre, prof\u00e9r\u00e9es contre notre pays. Au sujet d\u2019un pseudo&nbsp;\u00abdroit \u00e0 l&rsquo;autod\u00e9termination en Kabylie\u00bb, l&rsquo;ambassadeur Larbaoui a fait observer que \u00abla d\u00e9l\u00e9gation marocaine cherche d\u00e9sesp\u00e9r\u00e9ment \u00e0 introduire la confusion dans les esprits et tromper les opinions publiques nationales et internationales, en recourant \u00e0 l&rsquo;invention d&rsquo;un parall\u00e8le avec le droit du peuple sahraoui \u00e0 l&rsquo;autod\u00e9termination reconnu par la l\u00e9galit\u00e9 internationale et les r\u00e9solutions pertinentes des Nations Unies\u00bb. Il a indiqu\u00e9 que \u00abla d\u00e9l\u00e9gation marocaine a un \u00e9norme d\u00e9ficit en mati\u00e8re de donn\u00e9es historiques et pour cause, vivant sous le r\u00e9gime du protectorat, ils ne connaissent pas les valeurs et les sacrifices de la lutte pour la lib\u00e9ration nationale\u00bb. Et de souligner que \u00abtoutes les franges de la soci\u00e9t\u00e9 alg\u00e9rienne se sont rassembl\u00e9es autour du Mouvement de lib\u00e9ration nationale men\u00e9e par l&rsquo;Arm\u00e9e de lib\u00e9ration nationale (ALN)\u00bb, citant que \u00abparmi les leaders de la Guerre de lib\u00e9ration nationale qui ont marqu\u00e9 l&rsquo;Histoire de la glorieuse R\u00e9volution alg\u00e9rienne, figure Hocine A\u00eft-Ahmed, Krim Belkacem, le colonel Amirouche, Abbane Ramdane et Omar Ouamrane\u00bb. Et d\u2019ass\u00e9ner : \u00ab n\u2019en d\u00e9plaise, l&rsquo;Alg\u00e9rie est une R\u00e9publique une et indivisible. Un principe que son peuple a consacr\u00e9 dans toutes les Constitutions du pays depuis son ind\u00e9pendance en 1962\u00bb. L\u2019ambassadeur du Maroc, a exhib\u00e9 devant les s\u00e9minaristes, en lui donnant une lecture tronqu\u00e9e et trompeuse, la lettre du 19 novembre 1975, adress\u00e9e au Secr\u00e9taire g\u00e9n\u00e9ral de l&rsquo;ONU, par l\u2019ex-Repr\u00e9sentant permanent de l&rsquo;Alg\u00e9rie, transmettant un document dans lequel il fait conna\u00eetre la position de l&rsquo;Alg\u00e9rie en ce qui concerne les derniers d\u00e9veloppements relatifs au probl\u00e8me du Sahara occidental. Dans cette lettre, il a \u00e9t\u00e9 clarifi\u00e9 que des d\u00e9bats et des R\u00e9solutions 377 (1975), 379 (1975) et 380 du Conseil de s\u00e9curit\u00e9, il r\u00e9sulte que : \u00abOutre l&rsquo;Espagne en tant que puissance administrante, les parties concern\u00e9es dans l&rsquo;affaire du Sahara occidental sont l&rsquo;Alg\u00e9rie, le Maroc et la Mauritanie\u00bb. En r\u00e9ponse au mensonge \u00e9hont\u00e9 de l&rsquo;ambassadeur marocain, l&rsquo;ambassadeur Larbaoui a r\u00e9torqu\u00e9 en invitant le Repr\u00e9sentant du Maroc \u00ab\u00e0 ne pas faire une lecture tronqu\u00e9e et s\u00e9lective de la lettre, insultant au passage l&rsquo;intelligence des d\u00e9l\u00e9gu\u00e9s ici pr\u00e9sents qui savent lire par eux-m\u00eames les textes de l&rsquo;ONU et ma\u00eetrisent la terminologie diplomatique multilat\u00e9rale, le Repr\u00e9sentant du Maroc aurait d\u00fb faire lecture des passages qui ne laissent aucune place \u00e0 l&rsquo;\u00e9quivoque quant \u00e0 la position de mon pays\u00bb. Larbaoui a bri\u00e8vement rappel\u00e9 la guerre des sables pour restituer la r\u00e9alit\u00e9 des agressions et des attaques marocaines visant notre pays d\u00e8s les premi\u00e8res ann\u00e9es de son ind\u00e9pendance. Sur les violations des droits de l&rsquo;Homme au Sahara Occidental, il a \u00e9t\u00e9 rappel\u00e9 \u00e0 la d\u00e9l\u00e9gation marocaine, devant tous les participants au S\u00e9minaire, que le peuple sahraoui vit dans une grande prison en terres occup\u00e9es au milieu d&rsquo;un embargo policier et dans le sillage d&rsquo;atteintes aux libert\u00e9s et aux droits de l&rsquo;Homme, de torture, d&rsquo;abus \u00e0 l&rsquo;\u00e9gard des femmes, d&rsquo;enl\u00e8vements forc\u00e9s et de toutes formes d&rsquo;extermination de Sahraouis par le Makhzen marocain. Le tout, au milieu du silence assourdissant de la MINURSO. Appliquant la r\u00e8gle de la r\u00e9ciprocit\u00e9, l&rsquo;Alg\u00e9rie a d\u00e9cid\u00e9 l&rsquo;instauration du visa aux Marocains et, en prime, la fermeture de la fronti\u00e8re terrestre entre les deux pays, laquelle servait en 1994 de transit pour les armes \u00e0 destination des terroristes et pour le trafic de la drogue. Cette session du S\u00e9minaire sur la d\u00e9colonisation a \u00e9t\u00e9 une \u00e9ni\u00e8me occasion, rat\u00e9e pour l&rsquo;ambassadeur marocain Omar Hilale, d&rsquo;\u00e9viter de se donner en spectacle, si ce n&rsquo;\u00e9tait son audace qui cache une incomp\u00e9tence diplomatique reconnue, un delirium extr\u00eame et le degr\u00e9 z\u00e9ro de discernement, dont les diplomates en sont d\u00e9sormais habitu\u00e9s.<\/p>\n\n\n\n<p><strong>Amar Malki<\/strong><\/p>\n","protected":false},"excerpt":{"rendered":"<p>C\u2019est lors du s\u00e9minaire du Comit\u00e9 de l&rsquo;Organisation des Nations Unies sur la d\u00e9colonisation (C24) que le Repr\u00e9sentant permanent de<\/p>\n","protected":false},"author":3,"featured_media":21021,"comment_status":"open","ping_status":"closed","sticky":false,"template":"","format":"standard","meta":{"colormag_page_container_layout":"default_layout","colormag_page_sidebar_layout":"default_layout","om_disable_all_campaigns":false,"_monsterinsights_skip_tracking":false,"_monsterinsights_sitenote_active":false,"_monsterinsights_sitenote_note":"","_monsterinsights_sitenote_category":0,"footnotes":"","_wpscppro_dont_share_socialmedia":false,"_wpscppro_custom_social_share_image":0,"_facebook_share_type":"","_twitter_share_type":"","_linkedin_share_type":"","_pinterest_share_type":"","_linkedin_share_type_page":"","_instagram_share_type":"","_medium_share_type":"","_threads_share_type":"","_google_business_share_type":"","_selected_social_profile":[],"_wpsp_enable_custom_social_template":false,"_wpsp_social_scheduling":{"enabled":false,"datetime":null,"platforms":[],"status":"template_only","dateOption":"today","timeOption":"now","customDays":"","customHours":"","customDate":"","customTime":"","schedulingType":"absolute"},"_wpsp_active_default_template":true},"categories":[27],"tags":[],"class_list":["post-21018","post","type-post","status-publish","format-standard","has-post-thumbnail","hentry","category-actualite"],"aioseo_notices":[],"yoast_head":"<!-- This site is optimized with the Yoast SEO plugin v27.5 - https:\/\/yoast.com\/product\/yoast-seo-wordpress\/ -->\n<title>Le\u00a0Repr\u00e9sentant permanent de l\u2019Alg\u00e9rie \u00e0 l\u2019ONU\u00a0recadre les missionnaires du Makhzen\u00a0:\u00a0\u00abL\u2019Alg\u00e9rie est une R\u00e9publique une et indivisible\u00bb - La Sentinelle<\/title>\n<meta name=\"robots\" content=\"index, follow, max-snippet:-1, max-image-preview:large, max-video-preview:-1\" \/>\n<link rel=\"canonical\" href=\"https:\/\/lasentinelle.dz\/index.php\/2022\/05\/15\/le-representant-permanent-de-lalgerie-a-lonu-recadre-les-missionnaires-du-makhzen-lalgerie-est-une-republique-une-et-indivisible\/\" \/>\n<meta property=\"og:locale\" content=\"fr_FR\" \/>\n<meta property=\"og:type\" content=\"article\" \/>\n<meta property=\"og:title\" content=\"Le\u00a0Repr\u00e9sentant permanent de l\u2019Alg\u00e9rie \u00e0 l\u2019ONU\u00a0recadre les missionnaires du Makhzen\u00a0:\u00a0\u00abL\u2019Alg\u00e9rie est une R\u00e9publique une et indivisible\u00bb - La Sentinelle\" \/>\n<meta property=\"og:description\" content=\"C\u2019est lors du s\u00e9minaire du Comit\u00e9 de l&rsquo;Organisation des Nations Unies sur la d\u00e9colonisation (C24) que le Repr\u00e9sentant permanent de\" \/>\n<meta property=\"og:url\" content=\"https:\/\/lasentinelle.dz\/index.php\/2022\/05\/15\/le-representant-permanent-de-lalgerie-a-lonu-recadre-les-missionnaires-du-makhzen-lalgerie-est-une-republique-une-et-indivisible\/\" \/>\n<meta property=\"og:site_name\" content=\"La Sentinelle\" \/>\n<meta property=\"article:publisher\" content=\"https:\/\/www.facebook.com\/La-Sentinelle-104059864394773\" \/>\n<meta property=\"article:published_time\" content=\"2022-05-14T23:01:00+00:00\" \/>\n<meta property=\"og:image\" content=\"https:\/\/lasentinelle.dz\/wp-content\/uploads\/2022\/05\/larbaouis.png\" \/>\n\t<meta property=\"og:image:width\" content=\"1491\" \/>\n\t<meta property=\"og:image:height\" content=\"900\" \/>\n\t<meta property=\"og:image:type\" content=\"image\/png\" \/>\n<meta name=\"author\" content=\"La Sentinelle\" \/>\n<meta name=\"twitter:card\" content=\"summary_large_image\" \/>\n<meta name=\"twitter:label1\" content=\"\u00c9crit par\" \/>\n\t<meta name=\"twitter:data1\" content=\"La Sentinelle\" \/>\n\t<meta name=\"twitter:label2\" content=\"Dur\u00e9e de lecture estim\u00e9e\" \/>\n\t<meta name=\"twitter:data2\" content=\"5 minutes\" \/>\n<script type=\"application\/ld+json\" class=\"yoast-schema-graph\">{\"@context\":\"https:\\\/\\\/schema.org\",\"@graph\":[{\"@type\":\"Article\",\"@id\":\"https:\\\/\\\/lasentinelle.dz\\\/index.php\\\/2022\\\/05\\\/15\\\/le-representant-permanent-de-lalgerie-a-lonu-recadre-les-missionnaires-du-makhzen-lalgerie-est-une-republique-une-et-indivisible\\\/#article\",\"isPartOf\":{\"@id\":\"https:\\\/\\\/lasentinelle.dz\\\/index.php\\\/2022\\\/05\\\/15\\\/le-representant-permanent-de-lalgerie-a-lonu-recadre-les-missionnaires-du-makhzen-lalgerie-est-une-republique-une-et-indivisible\\\/\"},\"author\":{\"name\":\"La Sentinelle\",\"@id\":\"https:\\\/\\\/lasentinelle.dz\\\/#\\\/schema\\\/person\\\/d865044e22e70a75174ce8bcad3acfb3\"},\"headline\":\"Le\u00a0Repr\u00e9sentant permanent de l\u2019Alg\u00e9rie \u00e0 l\u2019ONU\u00a0recadre les missionnaires du Makhzen\u00a0:\u00a0\u00abL\u2019Alg\u00e9rie est une R\u00e9publique une et indivisible\u00bb\",\"datePublished\":\"2022-05-14T23:01:00+00:00\",\"mainEntityOfPage\":{\"@id\":\"https:\\\/\\\/lasentinelle.dz\\\/index.php\\\/2022\\\/05\\\/15\\\/le-representant-permanent-de-lalgerie-a-lonu-recadre-les-missionnaires-du-makhzen-lalgerie-est-une-republique-une-et-indivisible\\\/\"},\"wordCount\":1116,\"commentCount\":0,\"publisher\":{\"@id\":\"https:\\\/\\\/lasentinelle.dz\\\/#organization\"},\"image\":{\"@id\":\"https:\\\/\\\/lasentinelle.dz\\\/index.php\\\/2022\\\/05\\\/15\\\/le-representant-permanent-de-lalgerie-a-lonu-recadre-les-missionnaires-du-makhzen-lalgerie-est-une-republique-une-et-indivisible\\\/#primaryimage\"},\"thumbnailUrl\":\"https:\\\/\\\/lasentinelle.dz\\\/wp-content\\\/uploads\\\/2022\\\/05\\\/larbaouis.png\",\"articleSection\":[\"Actualit\u00e9\"],\"inLanguage\":\"fr-FR\",\"potentialAction\":[{\"@type\":\"CommentAction\",\"name\":\"Comment\",\"target\":[\"https:\\\/\\\/lasentinelle.dz\\\/index.php\\\/2022\\\/05\\\/15\\\/le-representant-permanent-de-lalgerie-a-lonu-recadre-les-missionnaires-du-makhzen-lalgerie-est-une-republique-une-et-indivisible\\\/#respond\"]}]},{\"@type\":\"WebPage\",\"@id\":\"https:\\\/\\\/lasentinelle.dz\\\/index.php\\\/2022\\\/05\\\/15\\\/le-representant-permanent-de-lalgerie-a-lonu-recadre-les-missionnaires-du-makhzen-lalgerie-est-une-republique-une-et-indivisible\\\/\",\"url\":\"https:\\\/\\\/lasentinelle.dz\\\/index.php\\\/2022\\\/05\\\/15\\\/le-representant-permanent-de-lalgerie-a-lonu-recadre-les-missionnaires-du-makhzen-lalgerie-est-une-republique-une-et-indivisible\\\/\",\"name\":\"Le\u00a0Repr\u00e9sentant permanent de l\u2019Alg\u00e9rie \u00e0 l\u2019ONU\u00a0recadre les missionnaires du Makhzen\u00a0:\u00a0\u00abL\u2019Alg\u00e9rie est une R\u00e9publique une et indivisible\u00bb - La Sentinelle\",\"isPartOf\":{\"@id\":\"https:\\\/\\\/lasentinelle.dz\\\/#website\"},\"primaryImageOfPage\":{\"@id\":\"https:\\\/\\\/lasentinelle.dz\\\/index.php\\\/2022\\\/05\\\/15\\\/le-representant-permanent-de-lalgerie-a-lonu-recadre-les-missionnaires-du-makhzen-lalgerie-est-une-republique-une-et-indivisible\\\/#primaryimage\"},\"image\":{\"@id\":\"https:\\\/\\\/lasentinelle.dz\\\/index.php\\\/2022\\\/05\\\/15\\\/le-representant-permanent-de-lalgerie-a-lonu-recadre-les-missionnaires-du-makhzen-lalgerie-est-une-republique-une-et-indivisible\\\/#primaryimage\"},\"thumbnailUrl\":\"https:\\\/\\\/lasentinelle.dz\\\/wp-content\\\/uploads\\\/2022\\\/05\\\/larbaouis.png\",\"datePublished\":\"2022-05-14T23:01:00+00:00\",\"breadcrumb\":{\"@id\":\"https:\\\/\\\/lasentinelle.dz\\\/index.php\\\/2022\\\/05\\\/15\\\/le-representant-permanent-de-lalgerie-a-lonu-recadre-les-missionnaires-du-makhzen-lalgerie-est-une-republique-une-et-indivisible\\\/#breadcrumb\"},\"inLanguage\":\"fr-FR\",\"potentialAction\":[{\"@type\":\"ReadAction\",\"target\":[\"https:\\\/\\\/lasentinelle.dz\\\/index.php\\\/2022\\\/05\\\/15\\\/le-representant-permanent-de-lalgerie-a-lonu-recadre-les-missionnaires-du-makhzen-lalgerie-est-une-republique-une-et-indivisible\\\/\"]}]},{\"@type\":\"ImageObject\",\"inLanguage\":\"fr-FR\",\"@id\":\"https:\\\/\\\/lasentinelle.dz\\\/index.php\\\/2022\\\/05\\\/15\\\/le-representant-permanent-de-lalgerie-a-lonu-recadre-les-missionnaires-du-makhzen-lalgerie-est-une-republique-une-et-indivisible\\\/#primaryimage\",\"url\":\"https:\\\/\\\/lasentinelle.dz\\\/wp-content\\\/uploads\\\/2022\\\/05\\\/larbaouis.png\",\"contentUrl\":\"https:\\\/\\\/lasentinelle.dz\\\/wp-content\\\/uploads\\\/2022\\\/05\\\/larbaouis.png\",\"width\":1491,\"height\":900},{\"@type\":\"BreadcrumbList\",\"@id\":\"https:\\\/\\\/lasentinelle.dz\\\/index.php\\\/2022\\\/05\\\/15\\\/le-representant-permanent-de-lalgerie-a-lonu-recadre-les-missionnaires-du-makhzen-lalgerie-est-une-republique-une-et-indivisible\\\/#breadcrumb\",\"itemListElement\":[{\"@type\":\"ListItem\",\"position\":1,\"name\":\"Accueil\",\"item\":\"https:\\\/\\\/lasentinelle.dz\\\/\"},{\"@type\":\"ListItem\",\"position\":2,\"name\":\"Le\u00a0Repr\u00e9sentant permanent de l\u2019Alg\u00e9rie \u00e0 l\u2019ONU\u00a0recadre les missionnaires du Makhzen\u00a0:\u00a0\u00abL\u2019Alg\u00e9rie est une R\u00e9publique une et indivisible\u00bb\"}]},{\"@type\":\"WebSite\",\"@id\":\"https:\\\/\\\/lasentinelle.dz\\\/#website\",\"url\":\"https:\\\/\\\/lasentinelle.dz\\\/\",\"name\":\"La Sentinelle\",\"description\":\"Quotidien national d&#039;information\",\"publisher\":{\"@id\":\"https:\\\/\\\/lasentinelle.dz\\\/#organization\"},\"potentialAction\":[{\"@type\":\"SearchAction\",\"target\":{\"@type\":\"EntryPoint\",\"urlTemplate\":\"https:\\\/\\\/lasentinelle.dz\\\/?s={search_term_string}\"},\"query-input\":{\"@type\":\"PropertyValueSpecification\",\"valueRequired\":true,\"valueName\":\"search_term_string\"}}],\"inLanguage\":\"fr-FR\"},{\"@type\":\"Organization\",\"@id\":\"https:\\\/\\\/lasentinelle.dz\\\/#organization\",\"name\":\"Quotidien La Sentinelle\",\"url\":\"https:\\\/\\\/lasentinelle.dz\\\/\",\"logo\":{\"@type\":\"ImageObject\",\"inLanguage\":\"fr-FR\",\"@id\":\"https:\\\/\\\/lasentinelle.dz\\\/#\\\/schema\\\/logo\\\/image\\\/\",\"url\":\"https:\\\/\\\/lasentinelle.dz\\\/wp-content\\\/uploads\\\/2021\\\/09\\\/logo-sentinelleSLOGAN-1.png\",\"contentUrl\":\"https:\\\/\\\/lasentinelle.dz\\\/wp-content\\\/uploads\\\/2021\\\/09\\\/logo-sentinelleSLOGAN-1.png\",\"width\":615,\"height\":142,\"caption\":\"Quotidien La Sentinelle\"},\"image\":{\"@id\":\"https:\\\/\\\/lasentinelle.dz\\\/#\\\/schema\\\/logo\\\/image\\\/\"},\"sameAs\":[\"https:\\\/\\\/www.facebook.com\\\/La-Sentinelle-104059864394773\"]},{\"@type\":\"Person\",\"@id\":\"https:\\\/\\\/lasentinelle.dz\\\/#\\\/schema\\\/person\\\/d865044e22e70a75174ce8bcad3acfb3\",\"name\":\"La Sentinelle\",\"image\":{\"@type\":\"ImageObject\",\"inLanguage\":\"fr-FR\",\"@id\":\"https:\\\/\\\/secure.gravatar.com\\\/avatar\\\/57de8e5d4b15d43fb361a71fbb36338450fe67865b528a43dd10ef7c51a20392?s=96&d=mm&r=g\",\"url\":\"https:\\\/\\\/secure.gravatar.com\\\/avatar\\\/57de8e5d4b15d43fb361a71fbb36338450fe67865b528a43dd10ef7c51a20392?s=96&d=mm&r=g\",\"contentUrl\":\"https:\\\/\\\/secure.gravatar.com\\\/avatar\\\/57de8e5d4b15d43fb361a71fbb36338450fe67865b528a43dd10ef7c51a20392?s=96&d=mm&r=g\",\"caption\":\"La Sentinelle\"},\"sameAs\":[\"http:\\\/\\\/www.lasentinelle.dz\"],\"url\":\"https:\\\/\\\/lasentinelle.dz\\\/author\\\/redaction\\\/\"}]}<\/script>\n<!-- \/ Yoast SEO plugin. -->","yoast_head_json":{"title":"Le\u00a0Repr\u00e9sentant permanent de l\u2019Alg\u00e9rie \u00e0 l\u2019ONU\u00a0recadre les missionnaires du Makhzen\u00a0:\u00a0\u00abL\u2019Alg\u00e9rie est une R\u00e9publique une et indivisible\u00bb - La Sentinelle","robots":{"index":"index","follow":"follow","max-snippet":"max-snippet:-1","max-image-preview":"max-image-preview:large","max-video-preview":"max-video-preview:-1"},"canonical":"https:\/\/lasentinelle.dz\/index.php\/2022\/05\/15\/le-representant-permanent-de-lalgerie-a-lonu-recadre-les-missionnaires-du-makhzen-lalgerie-est-une-republique-une-et-indivisible\/","og_locale":"fr_FR","og_type":"article","og_title":"Le\u00a0Repr\u00e9sentant permanent de l\u2019Alg\u00e9rie \u00e0 l\u2019ONU\u00a0recadre les missionnaires du Makhzen\u00a0:\u00a0\u00abL\u2019Alg\u00e9rie est une R\u00e9publique une et indivisible\u00bb - La Sentinelle","og_description":"C\u2019est lors du s\u00e9minaire du Comit\u00e9 de l&rsquo;Organisation des Nations Unies sur la d\u00e9colonisation (C24) que le Repr\u00e9sentant permanent de","og_url":"https:\/\/lasentinelle.dz\/index.php\/2022\/05\/15\/le-representant-permanent-de-lalgerie-a-lonu-recadre-les-missionnaires-du-makhzen-lalgerie-est-une-republique-une-et-indivisible\/","og_site_name":"La Sentinelle","article_publisher":"https:\/\/www.facebook.com\/La-Sentinelle-104059864394773","article_published_time":"2022-05-14T23:01:00+00:00","og_image":[{"width":1491,"height":900,"url":"https:\/\/lasentinelle.dz\/wp-content\/uploads\/2022\/05\/larbaouis.png","type":"image\/png"}],"author":"La Sentinelle","twitter_card":"summary_large_image","twitter_misc":{"\u00c9crit par":"La Sentinelle","Dur\u00e9e de lecture estim\u00e9e":"5 minutes"},"schema":{"@context":"https:\/\/schema.org","@graph":[{"@type":"Article","@id":"https:\/\/lasentinelle.dz\/index.php\/2022\/05\/15\/le-representant-permanent-de-lalgerie-a-lonu-recadre-les-missionnaires-du-makhzen-lalgerie-est-une-republique-une-et-indivisible\/#article","isPartOf":{"@id":"https:\/\/lasentinelle.dz\/index.php\/2022\/05\/15\/le-representant-permanent-de-lalgerie-a-lonu-recadre-les-missionnaires-du-makhzen-lalgerie-est-une-republique-une-et-indivisible\/"},"author":{"name":"La Sentinelle","@id":"https:\/\/lasentinelle.dz\/#\/schema\/person\/d865044e22e70a75174ce8bcad3acfb3"},"headline":"Le\u00a0Repr\u00e9sentant permanent de l\u2019Alg\u00e9rie \u00e0 l\u2019ONU\u00a0recadre les missionnaires du Makhzen\u00a0:\u00a0\u00abL\u2019Alg\u00e9rie est une R\u00e9publique une et indivisible\u00bb","datePublished":"2022-05-14T23:01:00+00:00","mainEntityOfPage":{"@id":"https:\/\/lasentinelle.dz\/index.php\/2022\/05\/15\/le-representant-permanent-de-lalgerie-a-lonu-recadre-les-missionnaires-du-makhzen-lalgerie-est-une-republique-une-et-indivisible\/"},"wordCount":1116,"commentCount":0,"publisher":{"@id":"https:\/\/lasentinelle.dz\/#organization"},"image":{"@id":"https:\/\/lasentinelle.dz\/index.php\/2022\/05\/15\/le-representant-permanent-de-lalgerie-a-lonu-recadre-les-missionnaires-du-makhzen-lalgerie-est-une-republique-une-et-indivisible\/#primaryimage"},"thumbnailUrl":"https:\/\/lasentinelle.dz\/wp-content\/uploads\/2022\/05\/larbaouis.png","articleSection":["Actualit\u00e9"],"inLanguage":"fr-FR","potentialAction":[{"@type":"CommentAction","name":"Comment","target":["https:\/\/lasentinelle.dz\/index.php\/2022\/05\/15\/le-representant-permanent-de-lalgerie-a-lonu-recadre-les-missionnaires-du-makhzen-lalgerie-est-une-republique-une-et-indivisible\/#respond"]}]},{"@type":"WebPage","@id":"https:\/\/lasentinelle.dz\/index.php\/2022\/05\/15\/le-representant-permanent-de-lalgerie-a-lonu-recadre-les-missionnaires-du-makhzen-lalgerie-est-une-republique-une-et-indivisible\/","url":"https:\/\/lasentinelle.dz\/index.php\/2022\/05\/15\/le-representant-permanent-de-lalgerie-a-lonu-recadre-les-missionnaires-du-makhzen-lalgerie-est-une-republique-une-et-indivisible\/","name":"Le\u00a0Repr\u00e9sentant permanent de l\u2019Alg\u00e9rie \u00e0 l\u2019ONU\u00a0recadre les missionnaires du Makhzen\u00a0:\u00a0\u00abL\u2019Alg\u00e9rie est une R\u00e9publique une et indivisible\u00bb - La Sentinelle","isPartOf":{"@id":"https:\/\/lasentinelle.dz\/#website"},"primaryImageOfPage":{"@id":"https:\/\/lasentinelle.dz\/index.php\/2022\/05\/15\/le-representant-permanent-de-lalgerie-a-lonu-recadre-les-missionnaires-du-makhzen-lalgerie-est-une-republique-une-et-indivisible\/#primaryimage"},"image":{"@id":"https:\/\/lasentinelle.dz\/index.php\/2022\/05\/15\/le-representant-permanent-de-lalgerie-a-lonu-recadre-les-missionnaires-du-makhzen-lalgerie-est-une-republique-une-et-indivisible\/#primaryimage"},"thumbnailUrl":"https:\/\/lasentinelle.dz\/wp-content\/uploads\/2022\/05\/larbaouis.png","datePublished":"2022-05-14T23:01:00+00:00","breadcrumb":{"@id":"https:\/\/lasentinelle.dz\/index.php\/2022\/05\/15\/le-representant-permanent-de-lalgerie-a-lonu-recadre-les-missionnaires-du-makhzen-lalgerie-est-une-republique-une-et-indivisible\/#breadcrumb"},"inLanguage":"fr-FR","potentialAction":[{"@type":"ReadAction","target":["https:\/\/lasentinelle.dz\/index.php\/2022\/05\/15\/le-representant-permanent-de-lalgerie-a-lonu-recadre-les-missionnaires-du-makhzen-lalgerie-est-une-republique-une-et-indivisible\/"]}]},{"@type":"ImageObject","inLanguage":"fr-FR","@id":"https:\/\/lasentinelle.dz\/index.php\/2022\/05\/15\/le-representant-permanent-de-lalgerie-a-lonu-recadre-les-missionnaires-du-makhzen-lalgerie-est-une-republique-une-et-indivisible\/#primaryimage","url":"https:\/\/lasentinelle.dz\/wp-content\/uploads\/2022\/05\/larbaouis.png","contentUrl":"https:\/\/lasentinelle.dz\/wp-content\/uploads\/2022\/05\/larbaouis.png","width":1491,"height":900},{"@type":"BreadcrumbList","@id":"https:\/\/lasentinelle.dz\/index.php\/2022\/05\/15\/le-representant-permanent-de-lalgerie-a-lonu-recadre-les-missionnaires-du-makhzen-lalgerie-est-une-republique-une-et-indivisible\/#breadcrumb","itemListElement":[{"@type":"ListItem","position":1,"name":"Accueil","item":"https:\/\/lasentinelle.dz\/"},{"@type":"ListItem","position":2,"name":"Le\u00a0Repr\u00e9sentant permanent de l\u2019Alg\u00e9rie \u00e0 l\u2019ONU\u00a0recadre les missionnaires du Makhzen\u00a0:\u00a0\u00abL\u2019Alg\u00e9rie est une R\u00e9publique une et indivisible\u00bb"}]},{"@type":"WebSite","@id":"https:\/\/lasentinelle.dz\/#website","url":"https:\/\/lasentinelle.dz\/","name":"La Sentinelle","description":"Quotidien national d&#039;information","publisher":{"@id":"https:\/\/lasentinelle.dz\/#organization"},"potentialAction":[{"@type":"SearchAction","target":{"@type":"EntryPoint","urlTemplate":"https:\/\/lasentinelle.dz\/?s={search_term_string}"},"query-input":{"@type":"PropertyValueSpecification","valueRequired":true,"valueName":"search_term_string"}}],"inLanguage":"fr-FR"},{"@type":"Organization","@id":"https:\/\/lasentinelle.dz\/#organization","name":"Quotidien La Sentinelle","url":"https:\/\/lasentinelle.dz\/","logo":{"@type":"ImageObject","inLanguage":"fr-FR","@id":"https:\/\/lasentinelle.dz\/#\/schema\/logo\/image\/","url":"https:\/\/lasentinelle.dz\/wp-content\/uploads\/2021\/09\/logo-sentinelleSLOGAN-1.png","contentUrl":"https:\/\/lasentinelle.dz\/wp-content\/uploads\/2021\/09\/logo-sentinelleSLOGAN-1.png","width":615,"height":142,"caption":"Quotidien La Sentinelle"},"image":{"@id":"https:\/\/lasentinelle.dz\/#\/schema\/logo\/image\/"},"sameAs":["https:\/\/www.facebook.com\/La-Sentinelle-104059864394773"]},{"@type":"Person","@id":"https:\/\/lasentinelle.dz\/#\/schema\/person\/d865044e22e70a75174ce8bcad3acfb3","name":"La Sentinelle","image":{"@type":"ImageObject","inLanguage":"fr-FR","@id":"https:\/\/secure.gravatar.com\/avatar\/57de8e5d4b15d43fb361a71fbb36338450fe67865b528a43dd10ef7c51a20392?s=96&d=mm&r=g","url":"https:\/\/secure.gravatar.com\/avatar\/57de8e5d4b15d43fb361a71fbb36338450fe67865b528a43dd10ef7c51a20392?s=96&d=mm&r=g","contentUrl":"https:\/\/secure.gravatar.com\/avatar\/57de8e5d4b15d43fb361a71fbb36338450fe67865b528a43dd10ef7c51a20392?s=96&d=mm&r=g","caption":"La Sentinelle"},"sameAs":["http:\/\/www.lasentinelle.dz"],"url":"https:\/\/lasentinelle.dz\/author\/redaction\/"}]}},"_links":{"self":[{"href":"https:\/\/lasentinelle.dz\/index.php\/wp-json\/wp\/v2\/posts\/21018","targetHints":{"allow":["GET"]}}],"collection":[{"href":"https:\/\/lasentinelle.dz\/index.php\/wp-json\/wp\/v2\/posts"}],"about":[{"href":"https:\/\/lasentinelle.dz\/index.php\/wp-json\/wp\/v2\/types\/post"}],"author":[{"embeddable":true,"href":"https:\/\/lasentinelle.dz\/index.php\/wp-json\/wp\/v2\/users\/3"}],"replies":[{"embeddable":true,"href":"https:\/\/lasentinelle.dz\/index.php\/wp-json\/wp\/v2\/comments?post=21018"}],"version-history":[{"count":1,"href":"https:\/\/lasentinelle.dz\/index.php\/wp-json\/wp\/v2\/posts\/21018\/revisions"}],"predecessor-version":[{"id":21023,"href":"https:\/\/lasentinelle.dz\/index.php\/wp-json\/wp\/v2\/posts\/21018\/revisions\/21023"}],"wp:featuredmedia":[{"embeddable":true,"href":"https:\/\/lasentinelle.dz\/index.php\/wp-json\/wp\/v2\/media\/21021"}],"wp:attachment":[{"href":"https:\/\/lasentinelle.dz\/index.php\/wp-json\/wp\/v2\/media?parent=21018"}],"wp:term":[{"taxonomy":"category","embeddable":true,"href":"https:\/\/lasentinelle.dz\/index.php\/wp-json\/wp\/v2\/categories?post=21018"},{"taxonomy":"post_tag","embeddable":true,"href":"https:\/\/lasentinelle.dz\/index.php\/wp-json\/wp\/v2\/tags?post=21018"}],"curies":[{"name":"wp","href":"https:\/\/api.w.org\/{rel}","templated":true}]}}