{"id":21070,"date":"2022-05-16T00:01:00","date_gmt":"2022-05-15T23:01:00","guid":{"rendered":"https:\/\/lasentinelle.dz\/?p=21070"},"modified":"2022-05-15T18:43:59","modified_gmt":"2022-05-15T17:43:59","slug":"74e-anniversaire-de-la-nakba-loccupation-multiplie-les-agressions-contre-les-palestiniens","status":"publish","type":"post","link":"https:\/\/lasentinelle.dz\/index.php\/2022\/05\/16\/74e-anniversaire-de-la-nakba-loccupation-multiplie-les-agressions-contre-les-palestiniens\/","title":{"rendered":"74e anniversaire de la Nakba\u00a0: L&rsquo;occupation\u00a0multiplie les agressions contre les Palestiniens"},"content":{"rendered":"\n<p>Les Palestiniens ont comm\u00e9mor\u00e9 hier&nbsp;74e anniversaire de la Nakba&nbsp;qui marque la cr\u00e9ation de l\u2019entit\u00e9 sioniste sur les trois quarts de leur territoire et l\u2019expulsion de milliers de Palestiniens de leur terre, au milieu d\u2019une escalade de violence de la part de l\u2019occupation qui a multipli\u00e9 les agressions contre les Palestiniens.<\/p>\n\n\n\n<p>Ainsi, une marche d&rsquo;\u00e9tudiants palestiniens pour la comm\u00e9moration du 74e anniversaire de la Nakba de 1948 a \u00e9t\u00e9 r\u00e9prim\u00e9e&nbsp;hier&nbsp;par les forces d&rsquo;occupation sioniste dans le camp de r\u00e9fugi\u00e9s d&rsquo;Al-Aroub, au nord d&rsquo;El-Khalil, selon des m\u00e9dias palestiniens.&nbsp;Stationn\u00e9es \u00e0 l&rsquo;entr\u00e9e du camp, les forces d&rsquo;occupation ont lanc\u00e9 du gaz lacrymog\u00e8ne et des bombes assourdissantes sur les manifestants.<\/p>\n\n\n\n<p>Aussi, au moins 16 Palestiniens ont \u00e9t\u00e9 bless\u00e9s, lors d\u2019affrontements&nbsp;avec&nbsp;les forces d\u2019occupation, \u00e0 l\u2019entr\u00e9e de la ville d\u2019Al-Bireh, au centre de la Cisjordanie occup\u00e9e, a indiqu\u00e9&nbsp;l\u2019agence palestinienne Wafa qui cite&nbsp;une source locale.&nbsp;Dans un communiqu\u00e9 de presse, le Croissant-Rouge palestinien a d\u00e9clar\u00e9 que ses \u00e9quipes ont trait\u00e9 16 causes, dont 7 par de vraies balles.&nbsp;La comm\u00e9moration du 74e anniversaire de la \u00ab\u00a0Nakba\u00a0\u00bb, intervient dans un contexte marqu\u00e9 par l&rsquo;intensification des violations commises par l&rsquo;entit\u00e9 sioniste et la multiplication des provocations de la part des colons contre les Palestiniens dans les territoires occup\u00e9s, avec pour cons\u00e9quence des dizaines de martyrs et de bless\u00e9s.<\/p>\n\n\n\n<p>Par ailleurs, des dizaines de colons ont envahi la Mosqu\u00e9e Al-Aqsa, sous la protection&nbsp;des forces&nbsp;de l\u2019occupation, selon des sources locales palestiniennes.&nbsp;<\/p>\n\n\n\n<p>Il convient de noter qu&rsquo;un jeune homme de la ville d&rsquo;Abwein, au nord-ouest de Ramallah, a \u00e9t\u00e9 gri\u00e8vement bless\u00e9 apr\u00e8s que les soldats de l&rsquo;occupation l&rsquo;ont abattu alors qu&rsquo;il se trouvait dans le quartier de Bab Al-Amoud \u00e0&nbsp;El-Qods&nbsp;occup\u00e9e.<\/p>\n\n\n\n<p>Au cours du mois d&rsquo;avril, le rapport mensuel sur les violations de l&rsquo;occupation isra\u00e9lienne dans la capitale occup\u00e9e&nbsp;fait part de&nbsp;l&rsquo;assaut de 7 274 colons dans&nbsp;l\u2019esplanade de mosqu\u00e9e sainte d\u2019Al-Aqsa.&nbsp;<\/p>\n\n\n\n<p>Le rapport a&nbsp;not\u00e9&nbsp;environ 894 arrestations de&nbsp;Palestiniens \u00e0 Al Qods et a&nbsp;not\u00e9 que&nbsp;une&nbsp;augmentation de la fr\u00e9quence des arrestations au cours du mois d&rsquo;avril 2022, \u00e9taient 3 fois plus que les arrestations qui ont eu lieu en avril 2021.<\/p>\n\n\n\n<p>La \u00ab\u00a0Nakba\u00a0\u00bb d\u00e9signe la \u00ab\u00a0catastrophe\u00a0\u00bb que f\u00fbt la cr\u00e9ation de l&rsquo;entit\u00e9 sioniste en 1948 sur les trois quarts de la Palestine poussant environ 800.000 Palestiniens, aujourd&rsquo;hui plus de six millions avec leurs descendants, \u00e0 se r\u00e9fugier dans des pays voisins.&nbsp;La catastrophe f\u00fbt aussi la destruction entre 1947 et 1949, de plus de 500 villages palestiniens, dont le plus connu est Deir Yassine, avec ses 250 habitants massacr\u00e9s par les forces d&rsquo;occupation.Le projet sioniste s\u2019est en effet accompagn\u00e9 de massacres, tueries, ex\u00e9cutions et meurtres de masse.<\/p>\n\n\n\n<p>R.I.<\/p>\n","protected":false},"excerpt":{"rendered":"<p>Les Palestiniens ont comm\u00e9mor\u00e9 hier&nbsp;74e anniversaire de la Nakba&nbsp;qui marque la cr\u00e9ation de l\u2019entit\u00e9 sioniste sur les trois quarts de<\/p>\n","protected":false},"author":3,"featured_media":21072,"comment_status":"open","ping_status":"closed","sticky":false,"template":"","format":"standard","meta":{"colormag_page_container_layout":"default_layout","colormag_page_sidebar_layout":"default_layout","om_disable_all_campaigns":false,"_monsterinsights_skip_tracking":false,"_monsterinsights_sitenote_active":false,"_monsterinsights_sitenote_note":"","_monsterinsights_sitenote_category":0,"footnotes":"","_wpscppro_dont_share_socialmedia":false,"_wpscppro_custom_social_share_image":0,"_facebook_share_type":"","_twitter_share_type":"","_linkedin_share_type":"","_pinterest_share_type":"","_linkedin_share_type_page":"","_instagram_share_type":"","_medium_share_type":"","_threads_share_type":"","_google_business_share_type":"","_selected_social_profile":[],"_wpsp_enable_custom_social_template":false,"_wpsp_social_scheduling":{"enabled":false,"datetime":null,"platforms":[],"status":"template_only","dateOption":"today","timeOption":"now","customDays":"","customHours":"","customDate":"","customTime":"","schedulingType":"absolute"},"_wpsp_active_default_template":true},"categories":[37],"tags":[],"class_list":["post-21070","post","type-post","status-publish","format-standard","has-post-thumbnail","hentry","category-monde"],"aioseo_notices":[],"yoast_head":"<!-- This site is optimized with the Yoast SEO plugin v27.5 - https:\/\/yoast.com\/product\/yoast-seo-wordpress\/ -->\n<title>74e anniversaire de la Nakba\u00a0: L&#039;occupation\u00a0multiplie les agressions contre les Palestiniens - La Sentinelle<\/title>\n<meta name=\"robots\" content=\"index, follow, max-snippet:-1, max-image-preview:large, max-video-preview:-1\" \/>\n<link rel=\"canonical\" href=\"https:\/\/lasentinelle.dz\/index.php\/2022\/05\/16\/74e-anniversaire-de-la-nakba-loccupation-multiplie-les-agressions-contre-les-palestiniens\/\" \/>\n<meta property=\"og:locale\" content=\"fr_FR\" \/>\n<meta property=\"og:type\" content=\"article\" \/>\n<meta property=\"og:title\" content=\"74e anniversaire de la Nakba\u00a0: L&#039;occupation\u00a0multiplie les agressions contre les Palestiniens - La Sentinelle\" \/>\n<meta property=\"og:description\" content=\"Les Palestiniens ont comm\u00e9mor\u00e9 hier&nbsp;74e anniversaire de la Nakba&nbsp;qui marque la cr\u00e9ation de l\u2019entit\u00e9 sioniste sur les trois quarts de\" \/>\n<meta property=\"og:url\" content=\"https:\/\/lasentinelle.dz\/index.php\/2022\/05\/16\/74e-anniversaire-de-la-nakba-loccupation-multiplie-les-agressions-contre-les-palestiniens\/\" \/>\n<meta property=\"og:site_name\" content=\"La Sentinelle\" \/>\n<meta property=\"article:publisher\" content=\"https:\/\/www.facebook.com\/La-Sentinelle-104059864394773\" \/>\n<meta property=\"article:published_time\" content=\"2022-05-15T23:01:00+00:00\" \/>\n<meta property=\"og:image\" content=\"https:\/\/lasentinelle.dz\/wp-content\/uploads\/2022\/05\/nakba.png\" \/>\n\t<meta property=\"og:image:width\" content=\"1427\" \/>\n\t<meta property=\"og:image:height\" content=\"900\" \/>\n\t<meta property=\"og:image:type\" content=\"image\/png\" \/>\n<meta name=\"author\" content=\"La Sentinelle\" \/>\n<meta name=\"twitter:card\" content=\"summary_large_image\" \/>\n<meta name=\"twitter:label1\" content=\"\u00c9crit par\" \/>\n\t<meta name=\"twitter:data1\" content=\"La Sentinelle\" \/>\n\t<meta name=\"twitter:label2\" content=\"Dur\u00e9e de lecture estim\u00e9e\" \/>\n\t<meta name=\"twitter:data2\" content=\"3 minutes\" \/>\n<script type=\"application\/ld+json\" class=\"yoast-schema-graph\">{\"@context\":\"https:\\\/\\\/schema.org\",\"@graph\":[{\"@type\":\"Article\",\"@id\":\"https:\\\/\\\/lasentinelle.dz\\\/index.php\\\/2022\\\/05\\\/16\\\/74e-anniversaire-de-la-nakba-loccupation-multiplie-les-agressions-contre-les-palestiniens\\\/#article\",\"isPartOf\":{\"@id\":\"https:\\\/\\\/lasentinelle.dz\\\/index.php\\\/2022\\\/05\\\/16\\\/74e-anniversaire-de-la-nakba-loccupation-multiplie-les-agressions-contre-les-palestiniens\\\/\"},\"author\":{\"name\":\"La Sentinelle\",\"@id\":\"https:\\\/\\\/lasentinelle.dz\\\/#\\\/schema\\\/person\\\/d865044e22e70a75174ce8bcad3acfb3\"},\"headline\":\"74e anniversaire de la Nakba\u00a0: L&rsquo;occupation\u00a0multiplie les agressions contre les Palestiniens\",\"datePublished\":\"2022-05-15T23:01:00+00:00\",\"mainEntityOfPage\":{\"@id\":\"https:\\\/\\\/lasentinelle.dz\\\/index.php\\\/2022\\\/05\\\/16\\\/74e-anniversaire-de-la-nakba-loccupation-multiplie-les-agressions-contre-les-palestiniens\\\/\"},\"wordCount\":530,\"commentCount\":0,\"publisher\":{\"@id\":\"https:\\\/\\\/lasentinelle.dz\\\/#organization\"},\"image\":{\"@id\":\"https:\\\/\\\/lasentinelle.dz\\\/index.php\\\/2022\\\/05\\\/16\\\/74e-anniversaire-de-la-nakba-loccupation-multiplie-les-agressions-contre-les-palestiniens\\\/#primaryimage\"},\"thumbnailUrl\":\"https:\\\/\\\/lasentinelle.dz\\\/wp-content\\\/uploads\\\/2022\\\/05\\\/nakba.png\",\"articleSection\":[\"Monde\"],\"inLanguage\":\"fr-FR\",\"potentialAction\":[{\"@type\":\"CommentAction\",\"name\":\"Comment\",\"target\":[\"https:\\\/\\\/lasentinelle.dz\\\/index.php\\\/2022\\\/05\\\/16\\\/74e-anniversaire-de-la-nakba-loccupation-multiplie-les-agressions-contre-les-palestiniens\\\/#respond\"]}]},{\"@type\":\"WebPage\",\"@id\":\"https:\\\/\\\/lasentinelle.dz\\\/index.php\\\/2022\\\/05\\\/16\\\/74e-anniversaire-de-la-nakba-loccupation-multiplie-les-agressions-contre-les-palestiniens\\\/\",\"url\":\"https:\\\/\\\/lasentinelle.dz\\\/index.php\\\/2022\\\/05\\\/16\\\/74e-anniversaire-de-la-nakba-loccupation-multiplie-les-agressions-contre-les-palestiniens\\\/\",\"name\":\"74e anniversaire de la Nakba\u00a0: L'occupation\u00a0multiplie les agressions contre les Palestiniens - La Sentinelle\",\"isPartOf\":{\"@id\":\"https:\\\/\\\/lasentinelle.dz\\\/#website\"},\"primaryImageOfPage\":{\"@id\":\"https:\\\/\\\/lasentinelle.dz\\\/index.php\\\/2022\\\/05\\\/16\\\/74e-anniversaire-de-la-nakba-loccupation-multiplie-les-agressions-contre-les-palestiniens\\\/#primaryimage\"},\"image\":{\"@id\":\"https:\\\/\\\/lasentinelle.dz\\\/index.php\\\/2022\\\/05\\\/16\\\/74e-anniversaire-de-la-nakba-loccupation-multiplie-les-agressions-contre-les-palestiniens\\\/#primaryimage\"},\"thumbnailUrl\":\"https:\\\/\\\/lasentinelle.dz\\\/wp-content\\\/uploads\\\/2022\\\/05\\\/nakba.png\",\"datePublished\":\"2022-05-15T23:01:00+00:00\",\"breadcrumb\":{\"@id\":\"https:\\\/\\\/lasentinelle.dz\\\/index.php\\\/2022\\\/05\\\/16\\\/74e-anniversaire-de-la-nakba-loccupation-multiplie-les-agressions-contre-les-palestiniens\\\/#breadcrumb\"},\"inLanguage\":\"fr-FR\",\"potentialAction\":[{\"@type\":\"ReadAction\",\"target\":[\"https:\\\/\\\/lasentinelle.dz\\\/index.php\\\/2022\\\/05\\\/16\\\/74e-anniversaire-de-la-nakba-loccupation-multiplie-les-agressions-contre-les-palestiniens\\\/\"]}]},{\"@type\":\"ImageObject\",\"inLanguage\":\"fr-FR\",\"@id\":\"https:\\\/\\\/lasentinelle.dz\\\/index.php\\\/2022\\\/05\\\/16\\\/74e-anniversaire-de-la-nakba-loccupation-multiplie-les-agressions-contre-les-palestiniens\\\/#primaryimage\",\"url\":\"https:\\\/\\\/lasentinelle.dz\\\/wp-content\\\/uploads\\\/2022\\\/05\\\/nakba.png\",\"contentUrl\":\"https:\\\/\\\/lasentinelle.dz\\\/wp-content\\\/uploads\\\/2022\\\/05\\\/nakba.png\",\"width\":1427,\"height\":900},{\"@type\":\"BreadcrumbList\",\"@id\":\"https:\\\/\\\/lasentinelle.dz\\\/index.php\\\/2022\\\/05\\\/16\\\/74e-anniversaire-de-la-nakba-loccupation-multiplie-les-agressions-contre-les-palestiniens\\\/#breadcrumb\",\"itemListElement\":[{\"@type\":\"ListItem\",\"position\":1,\"name\":\"Accueil\",\"item\":\"https:\\\/\\\/lasentinelle.dz\\\/\"},{\"@type\":\"ListItem\",\"position\":2,\"name\":\"74e anniversaire de la Nakba\u00a0: L&rsquo;occupation\u00a0multiplie les agressions contre les Palestiniens\"}]},{\"@type\":\"WebSite\",\"@id\":\"https:\\\/\\\/lasentinelle.dz\\\/#website\",\"url\":\"https:\\\/\\\/lasentinelle.dz\\\/\",\"name\":\"La Sentinelle\",\"description\":\"Quotidien national d&#039;information\",\"publisher\":{\"@id\":\"https:\\\/\\\/lasentinelle.dz\\\/#organization\"},\"potentialAction\":[{\"@type\":\"SearchAction\",\"target\":{\"@type\":\"EntryPoint\",\"urlTemplate\":\"https:\\\/\\\/lasentinelle.dz\\\/?s={search_term_string}\"},\"query-input\":{\"@type\":\"PropertyValueSpecification\",\"valueRequired\":true,\"valueName\":\"search_term_string\"}}],\"inLanguage\":\"fr-FR\"},{\"@type\":\"Organization\",\"@id\":\"https:\\\/\\\/lasentinelle.dz\\\/#organization\",\"name\":\"Quotidien La Sentinelle\",\"url\":\"https:\\\/\\\/lasentinelle.dz\\\/\",\"logo\":{\"@type\":\"ImageObject\",\"inLanguage\":\"fr-FR\",\"@id\":\"https:\\\/\\\/lasentinelle.dz\\\/#\\\/schema\\\/logo\\\/image\\\/\",\"url\":\"https:\\\/\\\/lasentinelle.dz\\\/wp-content\\\/uploads\\\/2021\\\/09\\\/logo-sentinelleSLOGAN-1.png\",\"contentUrl\":\"https:\\\/\\\/lasentinelle.dz\\\/wp-content\\\/uploads\\\/2021\\\/09\\\/logo-sentinelleSLOGAN-1.png\",\"width\":615,\"height\":142,\"caption\":\"Quotidien La Sentinelle\"},\"image\":{\"@id\":\"https:\\\/\\\/lasentinelle.dz\\\/#\\\/schema\\\/logo\\\/image\\\/\"},\"sameAs\":[\"https:\\\/\\\/www.facebook.com\\\/La-Sentinelle-104059864394773\"]},{\"@type\":\"Person\",\"@id\":\"https:\\\/\\\/lasentinelle.dz\\\/#\\\/schema\\\/person\\\/d865044e22e70a75174ce8bcad3acfb3\",\"name\":\"La Sentinelle\",\"image\":{\"@type\":\"ImageObject\",\"inLanguage\":\"fr-FR\",\"@id\":\"https:\\\/\\\/secure.gravatar.com\\\/avatar\\\/57de8e5d4b15d43fb361a71fbb36338450fe67865b528a43dd10ef7c51a20392?s=96&d=mm&r=g\",\"url\":\"https:\\\/\\\/secure.gravatar.com\\\/avatar\\\/57de8e5d4b15d43fb361a71fbb36338450fe67865b528a43dd10ef7c51a20392?s=96&d=mm&r=g\",\"contentUrl\":\"https:\\\/\\\/secure.gravatar.com\\\/avatar\\\/57de8e5d4b15d43fb361a71fbb36338450fe67865b528a43dd10ef7c51a20392?s=96&d=mm&r=g\",\"caption\":\"La Sentinelle\"},\"sameAs\":[\"http:\\\/\\\/www.lasentinelle.dz\"],\"url\":\"https:\\\/\\\/lasentinelle.dz\\\/author\\\/redaction\\\/\"}]}<\/script>\n<!-- \/ Yoast SEO plugin. -->","yoast_head_json":{"title":"74e anniversaire de la Nakba\u00a0: L'occupation\u00a0multiplie les agressions contre les Palestiniens - La Sentinelle","robots":{"index":"index","follow":"follow","max-snippet":"max-snippet:-1","max-image-preview":"max-image-preview:large","max-video-preview":"max-video-preview:-1"},"canonical":"https:\/\/lasentinelle.dz\/index.php\/2022\/05\/16\/74e-anniversaire-de-la-nakba-loccupation-multiplie-les-agressions-contre-les-palestiniens\/","og_locale":"fr_FR","og_type":"article","og_title":"74e anniversaire de la Nakba\u00a0: L'occupation\u00a0multiplie les agressions contre les Palestiniens - La Sentinelle","og_description":"Les Palestiniens ont comm\u00e9mor\u00e9 hier&nbsp;74e anniversaire de la Nakba&nbsp;qui marque la cr\u00e9ation de l\u2019entit\u00e9 sioniste sur les trois quarts de","og_url":"https:\/\/lasentinelle.dz\/index.php\/2022\/05\/16\/74e-anniversaire-de-la-nakba-loccupation-multiplie-les-agressions-contre-les-palestiniens\/","og_site_name":"La Sentinelle","article_publisher":"https:\/\/www.facebook.com\/La-Sentinelle-104059864394773","article_published_time":"2022-05-15T23:01:00+00:00","og_image":[{"width":1427,"height":900,"url":"https:\/\/lasentinelle.dz\/wp-content\/uploads\/2022\/05\/nakba.png","type":"image\/png"}],"author":"La Sentinelle","twitter_card":"summary_large_image","twitter_misc":{"\u00c9crit par":"La Sentinelle","Dur\u00e9e de lecture estim\u00e9e":"3 minutes"},"schema":{"@context":"https:\/\/schema.org","@graph":[{"@type":"Article","@id":"https:\/\/lasentinelle.dz\/index.php\/2022\/05\/16\/74e-anniversaire-de-la-nakba-loccupation-multiplie-les-agressions-contre-les-palestiniens\/#article","isPartOf":{"@id":"https:\/\/lasentinelle.dz\/index.php\/2022\/05\/16\/74e-anniversaire-de-la-nakba-loccupation-multiplie-les-agressions-contre-les-palestiniens\/"},"author":{"name":"La Sentinelle","@id":"https:\/\/lasentinelle.dz\/#\/schema\/person\/d865044e22e70a75174ce8bcad3acfb3"},"headline":"74e anniversaire de la Nakba\u00a0: L&rsquo;occupation\u00a0multiplie les agressions contre les Palestiniens","datePublished":"2022-05-15T23:01:00+00:00","mainEntityOfPage":{"@id":"https:\/\/lasentinelle.dz\/index.php\/2022\/05\/16\/74e-anniversaire-de-la-nakba-loccupation-multiplie-les-agressions-contre-les-palestiniens\/"},"wordCount":530,"commentCount":0,"publisher":{"@id":"https:\/\/lasentinelle.dz\/#organization"},"image":{"@id":"https:\/\/lasentinelle.dz\/index.php\/2022\/05\/16\/74e-anniversaire-de-la-nakba-loccupation-multiplie-les-agressions-contre-les-palestiniens\/#primaryimage"},"thumbnailUrl":"https:\/\/lasentinelle.dz\/wp-content\/uploads\/2022\/05\/nakba.png","articleSection":["Monde"],"inLanguage":"fr-FR","potentialAction":[{"@type":"CommentAction","name":"Comment","target":["https:\/\/lasentinelle.dz\/index.php\/2022\/05\/16\/74e-anniversaire-de-la-nakba-loccupation-multiplie-les-agressions-contre-les-palestiniens\/#respond"]}]},{"@type":"WebPage","@id":"https:\/\/lasentinelle.dz\/index.php\/2022\/05\/16\/74e-anniversaire-de-la-nakba-loccupation-multiplie-les-agressions-contre-les-palestiniens\/","url":"https:\/\/lasentinelle.dz\/index.php\/2022\/05\/16\/74e-anniversaire-de-la-nakba-loccupation-multiplie-les-agressions-contre-les-palestiniens\/","name":"74e anniversaire de la Nakba\u00a0: L'occupation\u00a0multiplie les agressions contre les Palestiniens - La Sentinelle","isPartOf":{"@id":"https:\/\/lasentinelle.dz\/#website"},"primaryImageOfPage":{"@id":"https:\/\/lasentinelle.dz\/index.php\/2022\/05\/16\/74e-anniversaire-de-la-nakba-loccupation-multiplie-les-agressions-contre-les-palestiniens\/#primaryimage"},"image":{"@id":"https:\/\/lasentinelle.dz\/index.php\/2022\/05\/16\/74e-anniversaire-de-la-nakba-loccupation-multiplie-les-agressions-contre-les-palestiniens\/#primaryimage"},"thumbnailUrl":"https:\/\/lasentinelle.dz\/wp-content\/uploads\/2022\/05\/nakba.png","datePublished":"2022-05-15T23:01:00+00:00","breadcrumb":{"@id":"https:\/\/lasentinelle.dz\/index.php\/2022\/05\/16\/74e-anniversaire-de-la-nakba-loccupation-multiplie-les-agressions-contre-les-palestiniens\/#breadcrumb"},"inLanguage":"fr-FR","potentialAction":[{"@type":"ReadAction","target":["https:\/\/lasentinelle.dz\/index.php\/2022\/05\/16\/74e-anniversaire-de-la-nakba-loccupation-multiplie-les-agressions-contre-les-palestiniens\/"]}]},{"@type":"ImageObject","inLanguage":"fr-FR","@id":"https:\/\/lasentinelle.dz\/index.php\/2022\/05\/16\/74e-anniversaire-de-la-nakba-loccupation-multiplie-les-agressions-contre-les-palestiniens\/#primaryimage","url":"https:\/\/lasentinelle.dz\/wp-content\/uploads\/2022\/05\/nakba.png","contentUrl":"https:\/\/lasentinelle.dz\/wp-content\/uploads\/2022\/05\/nakba.png","width":1427,"height":900},{"@type":"BreadcrumbList","@id":"https:\/\/lasentinelle.dz\/index.php\/2022\/05\/16\/74e-anniversaire-de-la-nakba-loccupation-multiplie-les-agressions-contre-les-palestiniens\/#breadcrumb","itemListElement":[{"@type":"ListItem","position":1,"name":"Accueil","item":"https:\/\/lasentinelle.dz\/"},{"@type":"ListItem","position":2,"name":"74e anniversaire de la Nakba\u00a0: L&rsquo;occupation\u00a0multiplie les agressions contre les Palestiniens"}]},{"@type":"WebSite","@id":"https:\/\/lasentinelle.dz\/#website","url":"https:\/\/lasentinelle.dz\/","name":"La Sentinelle","description":"Quotidien national d&#039;information","publisher":{"@id":"https:\/\/lasentinelle.dz\/#organization"},"potentialAction":[{"@type":"SearchAction","target":{"@type":"EntryPoint","urlTemplate":"https:\/\/lasentinelle.dz\/?s={search_term_string}"},"query-input":{"@type":"PropertyValueSpecification","valueRequired":true,"valueName":"search_term_string"}}],"inLanguage":"fr-FR"},{"@type":"Organization","@id":"https:\/\/lasentinelle.dz\/#organization","name":"Quotidien La Sentinelle","url":"https:\/\/lasentinelle.dz\/","logo":{"@type":"ImageObject","inLanguage":"fr-FR","@id":"https:\/\/lasentinelle.dz\/#\/schema\/logo\/image\/","url":"https:\/\/lasentinelle.dz\/wp-content\/uploads\/2021\/09\/logo-sentinelleSLOGAN-1.png","contentUrl":"https:\/\/lasentinelle.dz\/wp-content\/uploads\/2021\/09\/logo-sentinelleSLOGAN-1.png","width":615,"height":142,"caption":"Quotidien La Sentinelle"},"image":{"@id":"https:\/\/lasentinelle.dz\/#\/schema\/logo\/image\/"},"sameAs":["https:\/\/www.facebook.com\/La-Sentinelle-104059864394773"]},{"@type":"Person","@id":"https:\/\/lasentinelle.dz\/#\/schema\/person\/d865044e22e70a75174ce8bcad3acfb3","name":"La Sentinelle","image":{"@type":"ImageObject","inLanguage":"fr-FR","@id":"https:\/\/secure.gravatar.com\/avatar\/57de8e5d4b15d43fb361a71fbb36338450fe67865b528a43dd10ef7c51a20392?s=96&d=mm&r=g","url":"https:\/\/secure.gravatar.com\/avatar\/57de8e5d4b15d43fb361a71fbb36338450fe67865b528a43dd10ef7c51a20392?s=96&d=mm&r=g","contentUrl":"https:\/\/secure.gravatar.com\/avatar\/57de8e5d4b15d43fb361a71fbb36338450fe67865b528a43dd10ef7c51a20392?s=96&d=mm&r=g","caption":"La Sentinelle"},"sameAs":["http:\/\/www.lasentinelle.dz"],"url":"https:\/\/lasentinelle.dz\/author\/redaction\/"}]}},"_links":{"self":[{"href":"https:\/\/lasentinelle.dz\/index.php\/wp-json\/wp\/v2\/posts\/21070","targetHints":{"allow":["GET"]}}],"collection":[{"href":"https:\/\/lasentinelle.dz\/index.php\/wp-json\/wp\/v2\/posts"}],"about":[{"href":"https:\/\/lasentinelle.dz\/index.php\/wp-json\/wp\/v2\/types\/post"}],"author":[{"embeddable":true,"href":"https:\/\/lasentinelle.dz\/index.php\/wp-json\/wp\/v2\/users\/3"}],"replies":[{"embeddable":true,"href":"https:\/\/lasentinelle.dz\/index.php\/wp-json\/wp\/v2\/comments?post=21070"}],"version-history":[{"count":1,"href":"https:\/\/lasentinelle.dz\/index.php\/wp-json\/wp\/v2\/posts\/21070\/revisions"}],"predecessor-version":[{"id":21077,"href":"https:\/\/lasentinelle.dz\/index.php\/wp-json\/wp\/v2\/posts\/21070\/revisions\/21077"}],"wp:featuredmedia":[{"embeddable":true,"href":"https:\/\/lasentinelle.dz\/index.php\/wp-json\/wp\/v2\/media\/21072"}],"wp:attachment":[{"href":"https:\/\/lasentinelle.dz\/index.php\/wp-json\/wp\/v2\/media?parent=21070"}],"wp:term":[{"taxonomy":"category","embeddable":true,"href":"https:\/\/lasentinelle.dz\/index.php\/wp-json\/wp\/v2\/categories?post=21070"},{"taxonomy":"post_tag","embeddable":true,"href":"https:\/\/lasentinelle.dz\/index.php\/wp-json\/wp\/v2\/tags?post=21070"}],"curies":[{"name":"wp","href":"https:\/\/api.w.org\/{rel}","templated":true}]}}