{"id":21094,"date":"2022-05-16T00:01:00","date_gmt":"2022-05-15T23:01:00","guid":{"rendered":"https:\/\/lasentinelle.dz\/?p=21094"},"modified":"2022-05-15T20:48:46","modified_gmt":"2022-05-15T19:48:46","slug":"affaire-dite-des-sms-laudience-suspendue-jusqua-la-semaine-prochaine","status":"publish","type":"post","link":"https:\/\/lasentinelle.dz\/index.php\/2022\/05\/16\/affaire-dite-des-sms-laudience-suspendue-jusqua-la-semaine-prochaine\/","title":{"rendered":"Affaire dite des SMS\u00a0:\u00a0L\u2019audience suspendue jusqu\u2019\u00e0\u00a0la semaine prochaine"},"content":{"rendered":"\n<p>Ouvert&nbsp;hier par la Cour d\u2019Appel d\u2019Alger,&nbsp;le proc\u00e8s dans l\u2019affaire&nbsp;dite des \u00abSMS\u00bb impliquant l\u2019ancien ministre de la&nbsp;Justice,Tayeb Louh&nbsp;et le fr\u00e8re de l\u2019ancien-pr\u00e9sident&nbsp;Abdelaziz Bouteflika, Sa\u00efd Bouteflika,&nbsp;a \u00e9t\u00e9 interrompu. L\u2019audience a \u00e9t\u00e9 suspendue pour la journ\u00e9e de dimanche prochain&nbsp;\u00e0 cause&nbsp;d\u2019un malaise&nbsp;de l\u2019ex-ministre de la Justice&nbsp;ne lui permettant pas de poursuivre l\u2019audition. Outre l\u2019ancien ministre de la Justice, Tayeb Louh et Sa\u00efd Bouteflika, cette affaire cite \u00e9galement Chakib Khelil, son \u00e9pouse et ses deux enfants&nbsp;ainsi que&nbsp;l\u2019homme d&rsquo;affaires Ali Haddad.&nbsp;Ces derniers sont poursuivis pour plusieurs chefs d\u2019inculpation, notamment&nbsp;l\u2019\u00ab&nbsp;abus de fonction\u00bb, \u00abentrave au bon fonctionnement de la justice\u00bb, \u00abincitation \u00e0 la partialit\u00e9\u00bb et \u00abincitation \u00e0 la falsification de documents officiels\u00bb.&nbsp;<\/p>\n\n\n\n<p>Cette affaire est connue famili\u00e8rement comme \u00e9tant l\u2019affaire des SMS en raison des messages qui ont \u00e9t\u00e9 retrouv\u00e9s dans les sept t\u00e9l\u00e9phones portables de Tayeb Louh, en d\u00e9tention depuis ao\u00fbt 2019. Des texto exp\u00e9di\u00e9s par l\u2019ancien ministre&nbsp;&nbsp;\u00e0 des magistrats pour certains et d\u2019autres&nbsp;&nbsp;lui ayant \u00e9t\u00e9 envoy\u00e9s par Sa\u00efd Bouteflika et Ali Haddad. Ces fameux&nbsp;messagesportent essentiellement le&nbsp;\u00abparti pris\u00bb&nbsp;de&nbsp;l\u2019ancien ministre de la&nbsp;Justice au profit de Chakib Khelil et Ali Haddad. Dans le cas de Chakib Khelil, l\u2019ancien conseiller du pr\u00e9sident, Sa\u00efd Bouteflika, a, via toujours un sms, sollicit\u00e9 l\u2019intervention du ministre pour \u00abr\u00e9gler\u00bb la question du mandat d\u2019arr\u00eat contre l\u2019ancien ministre de l\u2019Energie.&nbsp;<\/p>\n\n\n\n<p>Lors du proc\u00e8s en premi\u00e8re instance,&nbsp;Sa\u00efd Bouteflika a ni\u00e9 totalement les faits, expliquant&nbsp;&nbsp;avoir \u00absuivi l\u2019\u00e9volution\u00bb de l\u2019affaire en tant que conseiller du Pr\u00e9sident, et sur ordre de ce dernier\u00bb. Le second est un SMS envoy\u00e9 par Sa\u00efd Bouteflika \u00e0 Tayeb Louh, au sujet du litige judiciaire opposant \u00abson ami\u00bb Ali Haddad, \u00e0 la cha\u00eene de t\u00e9l\u00e9vision priv\u00e9e, Beur TV, en plus&nbsp;d\u2019autres. Le tribunal de premi\u00e8re instance, ayant trait\u00e9 cette affaire, a condamn\u00e9&nbsp;au mois d\u2019octobre dernier&nbsp;l\u2019ancien ministre de la Justice, Tayeb Louh, \u00e0 six ans de prison ferme&nbsp;et \u00e0 200.000 DA d\u2019amende.&nbsp;Said Bouteflika a \u00e9t\u00e9 condamn\u00e9 \u00e0 2 ans de prison ferme et 100 000 dinars d\u2019amende.&nbsp;L\u2019homme d\u2019affaires Ali Haddad et l\u2019ex-inspecteur du minist\u00e8re de la Justice&nbsp;Tayeb Benhachem&nbsp;ont \u00e9galement \u00e9t\u00e9 condamn\u00e9s \u00e0 deux ans de prison. . Quant \u00e0 l\u2019ex-secr\u00e9taire g\u00e9n\u00e9ral du minist\u00e8re de la Justice, La\u00e2djine Zouaoui, les juges, Mokhtar Belahrach, Samoun Sid Ahmed, Khaled Bey, ainsi que l\u2019avocat Derfouf Mustapha et l\u2019ex candidate aux l\u00e9gislatives de mai 2017 pour la circonscription de Gharda\u00efa, Meriem Benkhalifa, ils ont tous \u00e9t\u00e9 acquitt\u00e9s. Ils ont \u00e9t\u00e9 jug\u00e9s pour avoir \u00ab ex\u00e9cut\u00e9 les instructions \u00bb de l\u2019ancien ministre, Tayeb Louh, dans \u00ab la falsification de documents officiels et de jugements \u00bb.<\/p>\n\n\n\n<p><strong>Salim Abdenour<\/strong><\/p>\n","protected":false},"excerpt":{"rendered":"<p>Ouvert&nbsp;hier par la Cour d\u2019Appel d\u2019Alger,&nbsp;le proc\u00e8s dans l\u2019affaire&nbsp;dite des \u00abSMS\u00bb impliquant l\u2019ancien ministre de la&nbsp;Justice,Tayeb Louh&nbsp;et le fr\u00e8re de<\/p>\n","protected":false},"author":3,"featured_media":21108,"comment_status":"open","ping_status":"closed","sticky":false,"template":"","format":"standard","meta":{"colormag_page_container_layout":"default_layout","colormag_page_sidebar_layout":"default_layout","om_disable_all_campaigns":false,"_monsterinsights_skip_tracking":false,"_monsterinsights_sitenote_active":false,"_monsterinsights_sitenote_note":"","_monsterinsights_sitenote_category":0,"footnotes":"","_wpscppro_dont_share_socialmedia":false,"_wpscppro_custom_social_share_image":0,"_facebook_share_type":"","_twitter_share_type":"","_linkedin_share_type":"","_pinterest_share_type":"","_linkedin_share_type_page":"","_instagram_share_type":"","_medium_share_type":"","_threads_share_type":"","_google_business_share_type":"","_selected_social_profile":[],"_wpsp_enable_custom_social_template":false,"_wpsp_social_scheduling":{"enabled":false,"datetime":null,"platforms":[],"status":"template_only","dateOption":"today","timeOption":"now","customDays":"","customHours":"","customDate":"","customTime":"","schedulingType":"absolute"},"_wpsp_active_default_template":true},"categories":[27],"tags":[],"class_list":["post-21094","post","type-post","status-publish","format-standard","has-post-thumbnail","hentry","category-actualite"],"aioseo_notices":[],"yoast_head":"<!-- This site is optimized with the Yoast SEO plugin v27.5 - https:\/\/yoast.com\/product\/yoast-seo-wordpress\/ -->\n<title>Affaire dite des SMS\u00a0:\u00a0L\u2019audience suspendue jusqu\u2019\u00e0\u00a0la semaine prochaine - La Sentinelle<\/title>\n<meta name=\"robots\" content=\"index, follow, max-snippet:-1, max-image-preview:large, max-video-preview:-1\" \/>\n<link rel=\"canonical\" href=\"https:\/\/lasentinelle.dz\/index.php\/2022\/05\/16\/affaire-dite-des-sms-laudience-suspendue-jusqua-la-semaine-prochaine\/\" \/>\n<meta property=\"og:locale\" content=\"fr_FR\" \/>\n<meta property=\"og:type\" content=\"article\" \/>\n<meta property=\"og:title\" content=\"Affaire dite des SMS\u00a0:\u00a0L\u2019audience suspendue jusqu\u2019\u00e0\u00a0la semaine prochaine - La Sentinelle\" \/>\n<meta property=\"og:description\" content=\"Ouvert&nbsp;hier par la Cour d\u2019Appel d\u2019Alger,&nbsp;le proc\u00e8s dans l\u2019affaire&nbsp;dite des \u00abSMS\u00bb impliquant l\u2019ancien ministre de la&nbsp;Justice,Tayeb Louh&nbsp;et le fr\u00e8re de\" \/>\n<meta property=\"og:url\" content=\"https:\/\/lasentinelle.dz\/index.php\/2022\/05\/16\/affaire-dite-des-sms-laudience-suspendue-jusqua-la-semaine-prochaine\/\" \/>\n<meta property=\"og:site_name\" content=\"La Sentinelle\" \/>\n<meta property=\"article:publisher\" content=\"https:\/\/www.facebook.com\/La-Sentinelle-104059864394773\" \/>\n<meta property=\"article:published_time\" content=\"2022-05-15T23:01:00+00:00\" \/>\n<meta property=\"og:image\" content=\"https:\/\/lasentinelle.dz\/wp-content\/uploads\/2022\/05\/194027039_325599042466792_1055888259475559926_n.jpg\" \/>\n\t<meta property=\"og:image:width\" content=\"2048\" \/>\n\t<meta property=\"og:image:height\" content=\"1398\" \/>\n\t<meta property=\"og:image:type\" content=\"image\/jpeg\" \/>\n<meta name=\"author\" content=\"La Sentinelle\" \/>\n<meta name=\"twitter:card\" content=\"summary_large_image\" \/>\n<meta name=\"twitter:label1\" content=\"\u00c9crit par\" \/>\n\t<meta name=\"twitter:data1\" content=\"La Sentinelle\" \/>\n\t<meta name=\"twitter:label2\" content=\"Dur\u00e9e de lecture estim\u00e9e\" \/>\n\t<meta name=\"twitter:data2\" content=\"3 minutes\" \/>\n<script type=\"application\/ld+json\" class=\"yoast-schema-graph\">{\"@context\":\"https:\\\/\\\/schema.org\",\"@graph\":[{\"@type\":\"Article\",\"@id\":\"https:\\\/\\\/lasentinelle.dz\\\/index.php\\\/2022\\\/05\\\/16\\\/affaire-dite-des-sms-laudience-suspendue-jusqua-la-semaine-prochaine\\\/#article\",\"isPartOf\":{\"@id\":\"https:\\\/\\\/lasentinelle.dz\\\/index.php\\\/2022\\\/05\\\/16\\\/affaire-dite-des-sms-laudience-suspendue-jusqua-la-semaine-prochaine\\\/\"},\"author\":{\"name\":\"La Sentinelle\",\"@id\":\"https:\\\/\\\/lasentinelle.dz\\\/#\\\/schema\\\/person\\\/d865044e22e70a75174ce8bcad3acfb3\"},\"headline\":\"Affaire dite des SMS\u00a0:\u00a0L\u2019audience suspendue jusqu\u2019\u00e0\u00a0la semaine prochaine\",\"datePublished\":\"2022-05-15T23:01:00+00:00\",\"mainEntityOfPage\":{\"@id\":\"https:\\\/\\\/lasentinelle.dz\\\/index.php\\\/2022\\\/05\\\/16\\\/affaire-dite-des-sms-laudience-suspendue-jusqua-la-semaine-prochaine\\\/\"},\"wordCount\":544,\"commentCount\":0,\"publisher\":{\"@id\":\"https:\\\/\\\/lasentinelle.dz\\\/#organization\"},\"image\":{\"@id\":\"https:\\\/\\\/lasentinelle.dz\\\/index.php\\\/2022\\\/05\\\/16\\\/affaire-dite-des-sms-laudience-suspendue-jusqua-la-semaine-prochaine\\\/#primaryimage\"},\"thumbnailUrl\":\"https:\\\/\\\/lasentinelle.dz\\\/wp-content\\\/uploads\\\/2022\\\/05\\\/194027039_325599042466792_1055888259475559926_n.jpg\",\"articleSection\":[\"Actualit\u00e9\"],\"inLanguage\":\"fr-FR\",\"potentialAction\":[{\"@type\":\"CommentAction\",\"name\":\"Comment\",\"target\":[\"https:\\\/\\\/lasentinelle.dz\\\/index.php\\\/2022\\\/05\\\/16\\\/affaire-dite-des-sms-laudience-suspendue-jusqua-la-semaine-prochaine\\\/#respond\"]}]},{\"@type\":\"WebPage\",\"@id\":\"https:\\\/\\\/lasentinelle.dz\\\/index.php\\\/2022\\\/05\\\/16\\\/affaire-dite-des-sms-laudience-suspendue-jusqua-la-semaine-prochaine\\\/\",\"url\":\"https:\\\/\\\/lasentinelle.dz\\\/index.php\\\/2022\\\/05\\\/16\\\/affaire-dite-des-sms-laudience-suspendue-jusqua-la-semaine-prochaine\\\/\",\"name\":\"Affaire dite des SMS\u00a0:\u00a0L\u2019audience suspendue jusqu\u2019\u00e0\u00a0la semaine prochaine - La Sentinelle\",\"isPartOf\":{\"@id\":\"https:\\\/\\\/lasentinelle.dz\\\/#website\"},\"primaryImageOfPage\":{\"@id\":\"https:\\\/\\\/lasentinelle.dz\\\/index.php\\\/2022\\\/05\\\/16\\\/affaire-dite-des-sms-laudience-suspendue-jusqua-la-semaine-prochaine\\\/#primaryimage\"},\"image\":{\"@id\":\"https:\\\/\\\/lasentinelle.dz\\\/index.php\\\/2022\\\/05\\\/16\\\/affaire-dite-des-sms-laudience-suspendue-jusqua-la-semaine-prochaine\\\/#primaryimage\"},\"thumbnailUrl\":\"https:\\\/\\\/lasentinelle.dz\\\/wp-content\\\/uploads\\\/2022\\\/05\\\/194027039_325599042466792_1055888259475559926_n.jpg\",\"datePublished\":\"2022-05-15T23:01:00+00:00\",\"breadcrumb\":{\"@id\":\"https:\\\/\\\/lasentinelle.dz\\\/index.php\\\/2022\\\/05\\\/16\\\/affaire-dite-des-sms-laudience-suspendue-jusqua-la-semaine-prochaine\\\/#breadcrumb\"},\"inLanguage\":\"fr-FR\",\"potentialAction\":[{\"@type\":\"ReadAction\",\"target\":[\"https:\\\/\\\/lasentinelle.dz\\\/index.php\\\/2022\\\/05\\\/16\\\/affaire-dite-des-sms-laudience-suspendue-jusqua-la-semaine-prochaine\\\/\"]}]},{\"@type\":\"ImageObject\",\"inLanguage\":\"fr-FR\",\"@id\":\"https:\\\/\\\/lasentinelle.dz\\\/index.php\\\/2022\\\/05\\\/16\\\/affaire-dite-des-sms-laudience-suspendue-jusqua-la-semaine-prochaine\\\/#primaryimage\",\"url\":\"https:\\\/\\\/lasentinelle.dz\\\/wp-content\\\/uploads\\\/2022\\\/05\\\/194027039_325599042466792_1055888259475559926_n.jpg\",\"contentUrl\":\"https:\\\/\\\/lasentinelle.dz\\\/wp-content\\\/uploads\\\/2022\\\/05\\\/194027039_325599042466792_1055888259475559926_n.jpg\",\"width\":2048,\"height\":1398},{\"@type\":\"BreadcrumbList\",\"@id\":\"https:\\\/\\\/lasentinelle.dz\\\/index.php\\\/2022\\\/05\\\/16\\\/affaire-dite-des-sms-laudience-suspendue-jusqua-la-semaine-prochaine\\\/#breadcrumb\",\"itemListElement\":[{\"@type\":\"ListItem\",\"position\":1,\"name\":\"Accueil\",\"item\":\"https:\\\/\\\/lasentinelle.dz\\\/\"},{\"@type\":\"ListItem\",\"position\":2,\"name\":\"Affaire dite des SMS\u00a0:\u00a0L\u2019audience suspendue jusqu\u2019\u00e0\u00a0la semaine prochaine\"}]},{\"@type\":\"WebSite\",\"@id\":\"https:\\\/\\\/lasentinelle.dz\\\/#website\",\"url\":\"https:\\\/\\\/lasentinelle.dz\\\/\",\"name\":\"La Sentinelle\",\"description\":\"Quotidien national d&#039;information\",\"publisher\":{\"@id\":\"https:\\\/\\\/lasentinelle.dz\\\/#organization\"},\"potentialAction\":[{\"@type\":\"SearchAction\",\"target\":{\"@type\":\"EntryPoint\",\"urlTemplate\":\"https:\\\/\\\/lasentinelle.dz\\\/?s={search_term_string}\"},\"query-input\":{\"@type\":\"PropertyValueSpecification\",\"valueRequired\":true,\"valueName\":\"search_term_string\"}}],\"inLanguage\":\"fr-FR\"},{\"@type\":\"Organization\",\"@id\":\"https:\\\/\\\/lasentinelle.dz\\\/#organization\",\"name\":\"Quotidien La Sentinelle\",\"url\":\"https:\\\/\\\/lasentinelle.dz\\\/\",\"logo\":{\"@type\":\"ImageObject\",\"inLanguage\":\"fr-FR\",\"@id\":\"https:\\\/\\\/lasentinelle.dz\\\/#\\\/schema\\\/logo\\\/image\\\/\",\"url\":\"https:\\\/\\\/lasentinelle.dz\\\/wp-content\\\/uploads\\\/2021\\\/09\\\/logo-sentinelleSLOGAN-1.png\",\"contentUrl\":\"https:\\\/\\\/lasentinelle.dz\\\/wp-content\\\/uploads\\\/2021\\\/09\\\/logo-sentinelleSLOGAN-1.png\",\"width\":615,\"height\":142,\"caption\":\"Quotidien La Sentinelle\"},\"image\":{\"@id\":\"https:\\\/\\\/lasentinelle.dz\\\/#\\\/schema\\\/logo\\\/image\\\/\"},\"sameAs\":[\"https:\\\/\\\/www.facebook.com\\\/La-Sentinelle-104059864394773\"]},{\"@type\":\"Person\",\"@id\":\"https:\\\/\\\/lasentinelle.dz\\\/#\\\/schema\\\/person\\\/d865044e22e70a75174ce8bcad3acfb3\",\"name\":\"La Sentinelle\",\"image\":{\"@type\":\"ImageObject\",\"inLanguage\":\"fr-FR\",\"@id\":\"https:\\\/\\\/secure.gravatar.com\\\/avatar\\\/57de8e5d4b15d43fb361a71fbb36338450fe67865b528a43dd10ef7c51a20392?s=96&d=mm&r=g\",\"url\":\"https:\\\/\\\/secure.gravatar.com\\\/avatar\\\/57de8e5d4b15d43fb361a71fbb36338450fe67865b528a43dd10ef7c51a20392?s=96&d=mm&r=g\",\"contentUrl\":\"https:\\\/\\\/secure.gravatar.com\\\/avatar\\\/57de8e5d4b15d43fb361a71fbb36338450fe67865b528a43dd10ef7c51a20392?s=96&d=mm&r=g\",\"caption\":\"La Sentinelle\"},\"sameAs\":[\"http:\\\/\\\/www.lasentinelle.dz\"],\"url\":\"https:\\\/\\\/lasentinelle.dz\\\/author\\\/redaction\\\/\"}]}<\/script>\n<!-- \/ Yoast SEO plugin. -->","yoast_head_json":{"title":"Affaire dite des SMS\u00a0:\u00a0L\u2019audience suspendue jusqu\u2019\u00e0\u00a0la semaine prochaine - La Sentinelle","robots":{"index":"index","follow":"follow","max-snippet":"max-snippet:-1","max-image-preview":"max-image-preview:large","max-video-preview":"max-video-preview:-1"},"canonical":"https:\/\/lasentinelle.dz\/index.php\/2022\/05\/16\/affaire-dite-des-sms-laudience-suspendue-jusqua-la-semaine-prochaine\/","og_locale":"fr_FR","og_type":"article","og_title":"Affaire dite des SMS\u00a0:\u00a0L\u2019audience suspendue jusqu\u2019\u00e0\u00a0la semaine prochaine - La Sentinelle","og_description":"Ouvert&nbsp;hier par la Cour d\u2019Appel d\u2019Alger,&nbsp;le proc\u00e8s dans l\u2019affaire&nbsp;dite des \u00abSMS\u00bb impliquant l\u2019ancien ministre de la&nbsp;Justice,Tayeb Louh&nbsp;et le fr\u00e8re de","og_url":"https:\/\/lasentinelle.dz\/index.php\/2022\/05\/16\/affaire-dite-des-sms-laudience-suspendue-jusqua-la-semaine-prochaine\/","og_site_name":"La Sentinelle","article_publisher":"https:\/\/www.facebook.com\/La-Sentinelle-104059864394773","article_published_time":"2022-05-15T23:01:00+00:00","og_image":[{"width":2048,"height":1398,"url":"https:\/\/lasentinelle.dz\/wp-content\/uploads\/2022\/05\/194027039_325599042466792_1055888259475559926_n.jpg","type":"image\/jpeg"}],"author":"La Sentinelle","twitter_card":"summary_large_image","twitter_misc":{"\u00c9crit par":"La Sentinelle","Dur\u00e9e de lecture estim\u00e9e":"3 minutes"},"schema":{"@context":"https:\/\/schema.org","@graph":[{"@type":"Article","@id":"https:\/\/lasentinelle.dz\/index.php\/2022\/05\/16\/affaire-dite-des-sms-laudience-suspendue-jusqua-la-semaine-prochaine\/#article","isPartOf":{"@id":"https:\/\/lasentinelle.dz\/index.php\/2022\/05\/16\/affaire-dite-des-sms-laudience-suspendue-jusqua-la-semaine-prochaine\/"},"author":{"name":"La Sentinelle","@id":"https:\/\/lasentinelle.dz\/#\/schema\/person\/d865044e22e70a75174ce8bcad3acfb3"},"headline":"Affaire dite des SMS\u00a0:\u00a0L\u2019audience suspendue jusqu\u2019\u00e0\u00a0la semaine prochaine","datePublished":"2022-05-15T23:01:00+00:00","mainEntityOfPage":{"@id":"https:\/\/lasentinelle.dz\/index.php\/2022\/05\/16\/affaire-dite-des-sms-laudience-suspendue-jusqua-la-semaine-prochaine\/"},"wordCount":544,"commentCount":0,"publisher":{"@id":"https:\/\/lasentinelle.dz\/#organization"},"image":{"@id":"https:\/\/lasentinelle.dz\/index.php\/2022\/05\/16\/affaire-dite-des-sms-laudience-suspendue-jusqua-la-semaine-prochaine\/#primaryimage"},"thumbnailUrl":"https:\/\/lasentinelle.dz\/wp-content\/uploads\/2022\/05\/194027039_325599042466792_1055888259475559926_n.jpg","articleSection":["Actualit\u00e9"],"inLanguage":"fr-FR","potentialAction":[{"@type":"CommentAction","name":"Comment","target":["https:\/\/lasentinelle.dz\/index.php\/2022\/05\/16\/affaire-dite-des-sms-laudience-suspendue-jusqua-la-semaine-prochaine\/#respond"]}]},{"@type":"WebPage","@id":"https:\/\/lasentinelle.dz\/index.php\/2022\/05\/16\/affaire-dite-des-sms-laudience-suspendue-jusqua-la-semaine-prochaine\/","url":"https:\/\/lasentinelle.dz\/index.php\/2022\/05\/16\/affaire-dite-des-sms-laudience-suspendue-jusqua-la-semaine-prochaine\/","name":"Affaire dite des SMS\u00a0:\u00a0L\u2019audience suspendue jusqu\u2019\u00e0\u00a0la semaine prochaine - La Sentinelle","isPartOf":{"@id":"https:\/\/lasentinelle.dz\/#website"},"primaryImageOfPage":{"@id":"https:\/\/lasentinelle.dz\/index.php\/2022\/05\/16\/affaire-dite-des-sms-laudience-suspendue-jusqua-la-semaine-prochaine\/#primaryimage"},"image":{"@id":"https:\/\/lasentinelle.dz\/index.php\/2022\/05\/16\/affaire-dite-des-sms-laudience-suspendue-jusqua-la-semaine-prochaine\/#primaryimage"},"thumbnailUrl":"https:\/\/lasentinelle.dz\/wp-content\/uploads\/2022\/05\/194027039_325599042466792_1055888259475559926_n.jpg","datePublished":"2022-05-15T23:01:00+00:00","breadcrumb":{"@id":"https:\/\/lasentinelle.dz\/index.php\/2022\/05\/16\/affaire-dite-des-sms-laudience-suspendue-jusqua-la-semaine-prochaine\/#breadcrumb"},"inLanguage":"fr-FR","potentialAction":[{"@type":"ReadAction","target":["https:\/\/lasentinelle.dz\/index.php\/2022\/05\/16\/affaire-dite-des-sms-laudience-suspendue-jusqua-la-semaine-prochaine\/"]}]},{"@type":"ImageObject","inLanguage":"fr-FR","@id":"https:\/\/lasentinelle.dz\/index.php\/2022\/05\/16\/affaire-dite-des-sms-laudience-suspendue-jusqua-la-semaine-prochaine\/#primaryimage","url":"https:\/\/lasentinelle.dz\/wp-content\/uploads\/2022\/05\/194027039_325599042466792_1055888259475559926_n.jpg","contentUrl":"https:\/\/lasentinelle.dz\/wp-content\/uploads\/2022\/05\/194027039_325599042466792_1055888259475559926_n.jpg","width":2048,"height":1398},{"@type":"BreadcrumbList","@id":"https:\/\/lasentinelle.dz\/index.php\/2022\/05\/16\/affaire-dite-des-sms-laudience-suspendue-jusqua-la-semaine-prochaine\/#breadcrumb","itemListElement":[{"@type":"ListItem","position":1,"name":"Accueil","item":"https:\/\/lasentinelle.dz\/"},{"@type":"ListItem","position":2,"name":"Affaire dite des SMS\u00a0:\u00a0L\u2019audience suspendue jusqu\u2019\u00e0\u00a0la semaine prochaine"}]},{"@type":"WebSite","@id":"https:\/\/lasentinelle.dz\/#website","url":"https:\/\/lasentinelle.dz\/","name":"La Sentinelle","description":"Quotidien national d&#039;information","publisher":{"@id":"https:\/\/lasentinelle.dz\/#organization"},"potentialAction":[{"@type":"SearchAction","target":{"@type":"EntryPoint","urlTemplate":"https:\/\/lasentinelle.dz\/?s={search_term_string}"},"query-input":{"@type":"PropertyValueSpecification","valueRequired":true,"valueName":"search_term_string"}}],"inLanguage":"fr-FR"},{"@type":"Organization","@id":"https:\/\/lasentinelle.dz\/#organization","name":"Quotidien La Sentinelle","url":"https:\/\/lasentinelle.dz\/","logo":{"@type":"ImageObject","inLanguage":"fr-FR","@id":"https:\/\/lasentinelle.dz\/#\/schema\/logo\/image\/","url":"https:\/\/lasentinelle.dz\/wp-content\/uploads\/2021\/09\/logo-sentinelleSLOGAN-1.png","contentUrl":"https:\/\/lasentinelle.dz\/wp-content\/uploads\/2021\/09\/logo-sentinelleSLOGAN-1.png","width":615,"height":142,"caption":"Quotidien La Sentinelle"},"image":{"@id":"https:\/\/lasentinelle.dz\/#\/schema\/logo\/image\/"},"sameAs":["https:\/\/www.facebook.com\/La-Sentinelle-104059864394773"]},{"@type":"Person","@id":"https:\/\/lasentinelle.dz\/#\/schema\/person\/d865044e22e70a75174ce8bcad3acfb3","name":"La Sentinelle","image":{"@type":"ImageObject","inLanguage":"fr-FR","@id":"https:\/\/secure.gravatar.com\/avatar\/57de8e5d4b15d43fb361a71fbb36338450fe67865b528a43dd10ef7c51a20392?s=96&d=mm&r=g","url":"https:\/\/secure.gravatar.com\/avatar\/57de8e5d4b15d43fb361a71fbb36338450fe67865b528a43dd10ef7c51a20392?s=96&d=mm&r=g","contentUrl":"https:\/\/secure.gravatar.com\/avatar\/57de8e5d4b15d43fb361a71fbb36338450fe67865b528a43dd10ef7c51a20392?s=96&d=mm&r=g","caption":"La Sentinelle"},"sameAs":["http:\/\/www.lasentinelle.dz"],"url":"https:\/\/lasentinelle.dz\/author\/redaction\/"}]}},"_links":{"self":[{"href":"https:\/\/lasentinelle.dz\/index.php\/wp-json\/wp\/v2\/posts\/21094","targetHints":{"allow":["GET"]}}],"collection":[{"href":"https:\/\/lasentinelle.dz\/index.php\/wp-json\/wp\/v2\/posts"}],"about":[{"href":"https:\/\/lasentinelle.dz\/index.php\/wp-json\/wp\/v2\/types\/post"}],"author":[{"embeddable":true,"href":"https:\/\/lasentinelle.dz\/index.php\/wp-json\/wp\/v2\/users\/3"}],"replies":[{"embeddable":true,"href":"https:\/\/lasentinelle.dz\/index.php\/wp-json\/wp\/v2\/comments?post=21094"}],"version-history":[{"count":1,"href":"https:\/\/lasentinelle.dz\/index.php\/wp-json\/wp\/v2\/posts\/21094\/revisions"}],"predecessor-version":[{"id":21109,"href":"https:\/\/lasentinelle.dz\/index.php\/wp-json\/wp\/v2\/posts\/21094\/revisions\/21109"}],"wp:featuredmedia":[{"embeddable":true,"href":"https:\/\/lasentinelle.dz\/index.php\/wp-json\/wp\/v2\/media\/21108"}],"wp:attachment":[{"href":"https:\/\/lasentinelle.dz\/index.php\/wp-json\/wp\/v2\/media?parent=21094"}],"wp:term":[{"taxonomy":"category","embeddable":true,"href":"https:\/\/lasentinelle.dz\/index.php\/wp-json\/wp\/v2\/categories?post=21094"},{"taxonomy":"post_tag","embeddable":true,"href":"https:\/\/lasentinelle.dz\/index.php\/wp-json\/wp\/v2\/tags?post=21094"}],"curies":[{"name":"wp","href":"https:\/\/api.w.org\/{rel}","templated":true}]}}