{"id":21096,"date":"2022-05-16T00:01:00","date_gmt":"2022-05-15T23:01:00","guid":{"rendered":"https:\/\/lasentinelle.dz\/?p=21096"},"modified":"2022-05-15T20:46:56","modified_gmt":"2022-05-15T19:46:56","slug":"apn-boughali-appelle-a-ladhesion-a-linitiative-du-president","status":"publish","type":"post","link":"https:\/\/lasentinelle.dz\/index.php\/2022\/05\/16\/apn-boughali-appelle-a-ladhesion-a-linitiative-du-president\/","title":{"rendered":"APN\u00a0:\u00a0Boughali\u00a0appelle \u00e0 l\u2019adh\u00e9sion\u00a0\u00e0 l\u2019initiative du\u00a0Pr\u00e9sident"},"content":{"rendered":"\n<p>Dans une allocution prononc\u00e9e hier \u00e0&nbsp;&nbsp;l\u2019ouverture de la pl\u00e9ni\u00e8re de l\u2019Assembl\u00e9e populaire nationale (APN), le pr\u00e9sident de l\u2019Assembl\u00e9e populaire nationale (APN), Brahim Boughali, a exprim\u00e9 le soutien de la Chambre basse du Parlement&nbsp;\u00e0 l\u2019initiative du pr\u00e9sident de la R\u00e9publique&nbsp;\u00ab&nbsp;d\u2019unifier les efforts pour l\u2019ouverture d\u2019une nouvelle page et l\u2019\u00e9dification de la nouvelle Alg\u00e9rie&nbsp;\u00bb. La volont\u00e9 du pr\u00e9sident de la&nbsp;R\u00e9publique, explique M. Boughali,&nbsp;\u00ab&nbsp;\u00e9mane des valeurs supr\u00eames de la glorieuse R\u00e9volution alg\u00e9rienne contre le colonialisme&nbsp;\u00bb.<\/p>\n\n\n\n<p>Dans son allocution, le pr\u00e9sident de l\u2019APN a estim\u00e9 que \u00ab l\u2019initiative du pr\u00e9sident de la&nbsp;R\u00e9publique est \u00e9minemment unificatrice et rassembleuse car elle concerne tous les&nbsp;Alg\u00e9riens dans toutes leurs diff\u00e9rences \u00bb. Elle s\u2019adresse, explique-t-il, \u00e0 tous les partenaires sans distinction aucune et \u00e0 tous les acteurs de la soci\u00e9t\u00e9 civile nationale. \u00ab Un appel qui confirme l\u2019ouverture d\u2019un large d\u00e9bat qui&nbsp;d\u00e9montre&nbsp;les bonnes intentions et la volont\u00e9 politique sinc\u00e8re d\u2019unir toutes les forces vives&nbsp;de la Nation&nbsp;pour engager la construction de la nouvelle Alg\u00e9rie \u00bb, assure M. Boughali.<\/p>\n\n\n\n<p>\u00ab Ici pr\u00e9sents \u00e0 l\u2019h\u00e9micycle de Zighoud Youcef, nous les \u00e9lus du peuple alg\u00e9rien applaudissons l\u2019initiative du&nbsp;Pr\u00e9sident Tebboune qui \u00e0 travers faits et actions, d\u00e9montre chaque jour, un peu plus, qu\u2019il est aux c\u00f4t\u00e9s de tous les&nbsp;Alg\u00e9riens fid\u00e8les et loyaux envers la patrie et n\u2019a pour objectif que d\u2019unir les forces pour construire la nouvelle Alg\u00e9rie et lui rendre sa place au sein des nations\u00bb, a-t-il d\u00e9clar\u00e9 avant de pr\u00e9ciser que l\u2019initiative du pr\u00e9sident de la&nbsp;R\u00e9publique qui vise \u00e0 \u00ab unir les efforts, renforcer la coh\u00e9sion et ouvrir le pays \u00e0 tous ses enfants \u00bb s\u2019adresse \u00e0 tous les&nbsp;Alg\u00e9riens sauf&nbsp;&nbsp;\u00ab ceux qui ont&nbsp;transgress\u00e9&nbsp;les lignes rouges et qui complotent contre l\u2019Alg\u00e9rie \u00bb. Ce qui fait que&nbsp;&nbsp;\u00ab nous sommes tous appel\u00e9s&nbsp;&nbsp;\u00e0 soutenir l\u2019initiative du pr\u00e9sident et \u00e0 \u0153uvrer \u00e0 sa traduction sur le terrain \u00bb.<\/p>\n\n\n\n<p>Le pr\u00e9sident de l\u2019APN a fait remarquer que cet appel intervient alors que notre pays&nbsp;&nbsp;s\u2019appr\u00eate \u00e0 c\u00e9l\u00e9brer le 60\u00e8me anniversaire de l\u2019Ind\u00e9pendance. Une libert\u00e9 arrach\u00e9e, ajoute-t-il,&nbsp;\u00ab&nbsp;au prix de sacrifices et d\u2019un combat men\u00e9 par tout le peuple alg\u00e9rien \u00bb. M. Boughali, n\u2019a par ailleurs pas manqu\u00e9 de rappeler que le pr\u00e9sident de la&nbsp;R\u00e9publique&nbsp;\u00ab&nbsp;\u0153uvre sans rel\u00e2che, depuis son \u00e9lection, \u00e0 la concr\u00e9tisation de ses 54 engagements faits au peuple durant sa campagne \u00e9lectorale&nbsp;\u00bb.&nbsp;<\/p>\n\n\n\n<p>\u00ab\u00a0Je ne puis, en votre nom tous, que dire \u00e0 monsieur le Pr\u00e9sident que cette d\u00e9marche noble est la voie digne d&rsquo;estime et que le rassemblement constitue l&rsquo;espoir attendu o\u00f9 le pays ouvre ses bras \u00e0 tous pour r\u00e9aliser l&rsquo;objectif escompt\u00e9, sauf ceux qui ont franchi les lignes rouges et pr\u00e9f\u00e9r\u00e9 conspirer contre le pays et le peuple\u00a0\u00bb, a-t-il poursuivi.&nbsp;Apr\u00e8s avoir salu\u00e9 \u00ab\u00a0cette \u00e9minente orientation d\u00e9coulant d&rsquo;une vision clairvoyante et d&rsquo;une grande sagesse\u00a0\u00bb, le pr\u00e9sident de l&rsquo;APN a remerci\u00e9 \u00ab\u00a0tous les acteurs ayant r\u00e9pondu favorablement ou salu\u00e9 cette d\u00e9marche \u00e9manant de la conviction du pr\u00e9sident de la R\u00e9publique et qui s&rsquo;est manifest\u00e9e durant sa campagne \u00e9lectorale, avec laquelle le peuple a r\u00e9agi, notamment les jeunes convaincus de la sinc\u00e9rit\u00e9 de la proposition et de la d\u00e9marche\u00a0\u00bb.<\/p>\n\n\n\n<p><strong>Akli Amor<\/strong><\/p>\n","protected":false},"excerpt":{"rendered":"<p>Dans une allocution prononc\u00e9e hier \u00e0&nbsp;&nbsp;l\u2019ouverture de la pl\u00e9ni\u00e8re de l\u2019Assembl\u00e9e populaire nationale (APN), le pr\u00e9sident de l\u2019Assembl\u00e9e populaire nationale<\/p>\n","protected":false},"author":3,"featured_media":18293,"comment_status":"open","ping_status":"closed","sticky":false,"template":"","format":"standard","meta":{"colormag_page_container_layout":"default_layout","colormag_page_sidebar_layout":"default_layout","om_disable_all_campaigns":false,"_monsterinsights_skip_tracking":false,"_monsterinsights_sitenote_active":false,"_monsterinsights_sitenote_note":"","_monsterinsights_sitenote_category":0,"footnotes":"","_wpscppro_dont_share_socialmedia":false,"_wpscppro_custom_social_share_image":0,"_facebook_share_type":"","_twitter_share_type":"","_linkedin_share_type":"","_pinterest_share_type":"","_linkedin_share_type_page":"","_instagram_share_type":"","_medium_share_type":"","_threads_share_type":"","_google_business_share_type":"","_selected_social_profile":[],"_wpsp_enable_custom_social_template":false,"_wpsp_social_scheduling":{"enabled":false,"datetime":null,"platforms":[],"status":"template_only","dateOption":"today","timeOption":"now","customDays":"","customHours":"","customDate":"","customTime":"","schedulingType":"absolute"},"_wpsp_active_default_template":true},"categories":[27],"tags":[],"class_list":["post-21096","post","type-post","status-publish","format-standard","has-post-thumbnail","hentry","category-actualite"],"aioseo_notices":[],"yoast_head":"<!-- This site is optimized with the Yoast SEO plugin v27.5 - https:\/\/yoast.com\/product\/yoast-seo-wordpress\/ -->\n<title>APN\u00a0:\u00a0Boughali\u00a0appelle \u00e0 l\u2019adh\u00e9sion\u00a0\u00e0 l\u2019initiative du\u00a0Pr\u00e9sident - La Sentinelle<\/title>\n<meta name=\"robots\" content=\"index, follow, max-snippet:-1, max-image-preview:large, max-video-preview:-1\" \/>\n<link rel=\"canonical\" href=\"https:\/\/lasentinelle.dz\/index.php\/2022\/05\/16\/apn-boughali-appelle-a-ladhesion-a-linitiative-du-president\/\" \/>\n<meta property=\"og:locale\" content=\"fr_FR\" \/>\n<meta property=\"og:type\" content=\"article\" \/>\n<meta property=\"og:title\" content=\"APN\u00a0:\u00a0Boughali\u00a0appelle \u00e0 l\u2019adh\u00e9sion\u00a0\u00e0 l\u2019initiative du\u00a0Pr\u00e9sident - La Sentinelle\" \/>\n<meta property=\"og:description\" content=\"Dans une allocution prononc\u00e9e hier \u00e0&nbsp;&nbsp;l\u2019ouverture de la pl\u00e9ni\u00e8re de l\u2019Assembl\u00e9e populaire nationale (APN), le pr\u00e9sident de l\u2019Assembl\u00e9e populaire nationale\" \/>\n<meta property=\"og:url\" content=\"https:\/\/lasentinelle.dz\/index.php\/2022\/05\/16\/apn-boughali-appelle-a-ladhesion-a-linitiative-du-president\/\" \/>\n<meta property=\"og:site_name\" content=\"La Sentinelle\" \/>\n<meta property=\"article:publisher\" content=\"https:\/\/www.facebook.com\/La-Sentinelle-104059864394773\" \/>\n<meta property=\"article:published_time\" content=\"2022-05-15T23:01:00+00:00\" \/>\n<meta property=\"og:image\" content=\"https:\/\/lasentinelle.dz\/wp-content\/uploads\/2022\/03\/boughali.png\" \/>\n\t<meta property=\"og:image:width\" content=\"1349\" \/>\n\t<meta property=\"og:image:height\" content=\"900\" \/>\n\t<meta property=\"og:image:type\" content=\"image\/png\" \/>\n<meta name=\"author\" content=\"La Sentinelle\" \/>\n<meta name=\"twitter:card\" content=\"summary_large_image\" \/>\n<meta name=\"twitter:label1\" content=\"\u00c9crit par\" \/>\n\t<meta name=\"twitter:data1\" content=\"La Sentinelle\" \/>\n\t<meta name=\"twitter:label2\" content=\"Dur\u00e9e de lecture estim\u00e9e\" \/>\n\t<meta name=\"twitter:data2\" content=\"3 minutes\" \/>\n<script type=\"application\/ld+json\" class=\"yoast-schema-graph\">{\"@context\":\"https:\\\/\\\/schema.org\",\"@graph\":[{\"@type\":\"Article\",\"@id\":\"https:\\\/\\\/lasentinelle.dz\\\/index.php\\\/2022\\\/05\\\/16\\\/apn-boughali-appelle-a-ladhesion-a-linitiative-du-president\\\/#article\",\"isPartOf\":{\"@id\":\"https:\\\/\\\/lasentinelle.dz\\\/index.php\\\/2022\\\/05\\\/16\\\/apn-boughali-appelle-a-ladhesion-a-linitiative-du-president\\\/\"},\"author\":{\"name\":\"La Sentinelle\",\"@id\":\"https:\\\/\\\/lasentinelle.dz\\\/#\\\/schema\\\/person\\\/d865044e22e70a75174ce8bcad3acfb3\"},\"headline\":\"APN\u00a0:\u00a0Boughali\u00a0appelle \u00e0 l\u2019adh\u00e9sion\u00a0\u00e0 l\u2019initiative du\u00a0Pr\u00e9sident\",\"datePublished\":\"2022-05-15T23:01:00+00:00\",\"mainEntityOfPage\":{\"@id\":\"https:\\\/\\\/lasentinelle.dz\\\/index.php\\\/2022\\\/05\\\/16\\\/apn-boughali-appelle-a-ladhesion-a-linitiative-du-president\\\/\"},\"wordCount\":641,\"commentCount\":0,\"publisher\":{\"@id\":\"https:\\\/\\\/lasentinelle.dz\\\/#organization\"},\"image\":{\"@id\":\"https:\\\/\\\/lasentinelle.dz\\\/index.php\\\/2022\\\/05\\\/16\\\/apn-boughali-appelle-a-ladhesion-a-linitiative-du-president\\\/#primaryimage\"},\"thumbnailUrl\":\"https:\\\/\\\/lasentinelle.dz\\\/wp-content\\\/uploads\\\/2022\\\/03\\\/boughali.png\",\"articleSection\":[\"Actualit\u00e9\"],\"inLanguage\":\"fr-FR\",\"potentialAction\":[{\"@type\":\"CommentAction\",\"name\":\"Comment\",\"target\":[\"https:\\\/\\\/lasentinelle.dz\\\/index.php\\\/2022\\\/05\\\/16\\\/apn-boughali-appelle-a-ladhesion-a-linitiative-du-president\\\/#respond\"]}]},{\"@type\":\"WebPage\",\"@id\":\"https:\\\/\\\/lasentinelle.dz\\\/index.php\\\/2022\\\/05\\\/16\\\/apn-boughali-appelle-a-ladhesion-a-linitiative-du-president\\\/\",\"url\":\"https:\\\/\\\/lasentinelle.dz\\\/index.php\\\/2022\\\/05\\\/16\\\/apn-boughali-appelle-a-ladhesion-a-linitiative-du-president\\\/\",\"name\":\"APN\u00a0:\u00a0Boughali\u00a0appelle \u00e0 l\u2019adh\u00e9sion\u00a0\u00e0 l\u2019initiative du\u00a0Pr\u00e9sident - La Sentinelle\",\"isPartOf\":{\"@id\":\"https:\\\/\\\/lasentinelle.dz\\\/#website\"},\"primaryImageOfPage\":{\"@id\":\"https:\\\/\\\/lasentinelle.dz\\\/index.php\\\/2022\\\/05\\\/16\\\/apn-boughali-appelle-a-ladhesion-a-linitiative-du-president\\\/#primaryimage\"},\"image\":{\"@id\":\"https:\\\/\\\/lasentinelle.dz\\\/index.php\\\/2022\\\/05\\\/16\\\/apn-boughali-appelle-a-ladhesion-a-linitiative-du-president\\\/#primaryimage\"},\"thumbnailUrl\":\"https:\\\/\\\/lasentinelle.dz\\\/wp-content\\\/uploads\\\/2022\\\/03\\\/boughali.png\",\"datePublished\":\"2022-05-15T23:01:00+00:00\",\"breadcrumb\":{\"@id\":\"https:\\\/\\\/lasentinelle.dz\\\/index.php\\\/2022\\\/05\\\/16\\\/apn-boughali-appelle-a-ladhesion-a-linitiative-du-president\\\/#breadcrumb\"},\"inLanguage\":\"fr-FR\",\"potentialAction\":[{\"@type\":\"ReadAction\",\"target\":[\"https:\\\/\\\/lasentinelle.dz\\\/index.php\\\/2022\\\/05\\\/16\\\/apn-boughali-appelle-a-ladhesion-a-linitiative-du-president\\\/\"]}]},{\"@type\":\"ImageObject\",\"inLanguage\":\"fr-FR\",\"@id\":\"https:\\\/\\\/lasentinelle.dz\\\/index.php\\\/2022\\\/05\\\/16\\\/apn-boughali-appelle-a-ladhesion-a-linitiative-du-president\\\/#primaryimage\",\"url\":\"https:\\\/\\\/lasentinelle.dz\\\/wp-content\\\/uploads\\\/2022\\\/03\\\/boughali.png\",\"contentUrl\":\"https:\\\/\\\/lasentinelle.dz\\\/wp-content\\\/uploads\\\/2022\\\/03\\\/boughali.png\",\"width\":1349,\"height\":900},{\"@type\":\"BreadcrumbList\",\"@id\":\"https:\\\/\\\/lasentinelle.dz\\\/index.php\\\/2022\\\/05\\\/16\\\/apn-boughali-appelle-a-ladhesion-a-linitiative-du-president\\\/#breadcrumb\",\"itemListElement\":[{\"@type\":\"ListItem\",\"position\":1,\"name\":\"Accueil\",\"item\":\"https:\\\/\\\/lasentinelle.dz\\\/\"},{\"@type\":\"ListItem\",\"position\":2,\"name\":\"APN\u00a0:\u00a0Boughali\u00a0appelle \u00e0 l\u2019adh\u00e9sion\u00a0\u00e0 l\u2019initiative du\u00a0Pr\u00e9sident\"}]},{\"@type\":\"WebSite\",\"@id\":\"https:\\\/\\\/lasentinelle.dz\\\/#website\",\"url\":\"https:\\\/\\\/lasentinelle.dz\\\/\",\"name\":\"La Sentinelle\",\"description\":\"Quotidien national d&#039;information\",\"publisher\":{\"@id\":\"https:\\\/\\\/lasentinelle.dz\\\/#organization\"},\"potentialAction\":[{\"@type\":\"SearchAction\",\"target\":{\"@type\":\"EntryPoint\",\"urlTemplate\":\"https:\\\/\\\/lasentinelle.dz\\\/?s={search_term_string}\"},\"query-input\":{\"@type\":\"PropertyValueSpecification\",\"valueRequired\":true,\"valueName\":\"search_term_string\"}}],\"inLanguage\":\"fr-FR\"},{\"@type\":\"Organization\",\"@id\":\"https:\\\/\\\/lasentinelle.dz\\\/#organization\",\"name\":\"Quotidien La Sentinelle\",\"url\":\"https:\\\/\\\/lasentinelle.dz\\\/\",\"logo\":{\"@type\":\"ImageObject\",\"inLanguage\":\"fr-FR\",\"@id\":\"https:\\\/\\\/lasentinelle.dz\\\/#\\\/schema\\\/logo\\\/image\\\/\",\"url\":\"https:\\\/\\\/lasentinelle.dz\\\/wp-content\\\/uploads\\\/2021\\\/09\\\/logo-sentinelleSLOGAN-1.png\",\"contentUrl\":\"https:\\\/\\\/lasentinelle.dz\\\/wp-content\\\/uploads\\\/2021\\\/09\\\/logo-sentinelleSLOGAN-1.png\",\"width\":615,\"height\":142,\"caption\":\"Quotidien La Sentinelle\"},\"image\":{\"@id\":\"https:\\\/\\\/lasentinelle.dz\\\/#\\\/schema\\\/logo\\\/image\\\/\"},\"sameAs\":[\"https:\\\/\\\/www.facebook.com\\\/La-Sentinelle-104059864394773\"]},{\"@type\":\"Person\",\"@id\":\"https:\\\/\\\/lasentinelle.dz\\\/#\\\/schema\\\/person\\\/d865044e22e70a75174ce8bcad3acfb3\",\"name\":\"La Sentinelle\",\"image\":{\"@type\":\"ImageObject\",\"inLanguage\":\"fr-FR\",\"@id\":\"https:\\\/\\\/secure.gravatar.com\\\/avatar\\\/57de8e5d4b15d43fb361a71fbb36338450fe67865b528a43dd10ef7c51a20392?s=96&d=mm&r=g\",\"url\":\"https:\\\/\\\/secure.gravatar.com\\\/avatar\\\/57de8e5d4b15d43fb361a71fbb36338450fe67865b528a43dd10ef7c51a20392?s=96&d=mm&r=g\",\"contentUrl\":\"https:\\\/\\\/secure.gravatar.com\\\/avatar\\\/57de8e5d4b15d43fb361a71fbb36338450fe67865b528a43dd10ef7c51a20392?s=96&d=mm&r=g\",\"caption\":\"La Sentinelle\"},\"sameAs\":[\"http:\\\/\\\/www.lasentinelle.dz\"],\"url\":\"https:\\\/\\\/lasentinelle.dz\\\/author\\\/redaction\\\/\"}]}<\/script>\n<!-- \/ Yoast SEO plugin. -->","yoast_head_json":{"title":"APN\u00a0:\u00a0Boughali\u00a0appelle \u00e0 l\u2019adh\u00e9sion\u00a0\u00e0 l\u2019initiative du\u00a0Pr\u00e9sident - La Sentinelle","robots":{"index":"index","follow":"follow","max-snippet":"max-snippet:-1","max-image-preview":"max-image-preview:large","max-video-preview":"max-video-preview:-1"},"canonical":"https:\/\/lasentinelle.dz\/index.php\/2022\/05\/16\/apn-boughali-appelle-a-ladhesion-a-linitiative-du-president\/","og_locale":"fr_FR","og_type":"article","og_title":"APN\u00a0:\u00a0Boughali\u00a0appelle \u00e0 l\u2019adh\u00e9sion\u00a0\u00e0 l\u2019initiative du\u00a0Pr\u00e9sident - La Sentinelle","og_description":"Dans une allocution prononc\u00e9e hier \u00e0&nbsp;&nbsp;l\u2019ouverture de la pl\u00e9ni\u00e8re de l\u2019Assembl\u00e9e populaire nationale (APN), le pr\u00e9sident de l\u2019Assembl\u00e9e populaire nationale","og_url":"https:\/\/lasentinelle.dz\/index.php\/2022\/05\/16\/apn-boughali-appelle-a-ladhesion-a-linitiative-du-president\/","og_site_name":"La Sentinelle","article_publisher":"https:\/\/www.facebook.com\/La-Sentinelle-104059864394773","article_published_time":"2022-05-15T23:01:00+00:00","og_image":[{"width":1349,"height":900,"url":"https:\/\/lasentinelle.dz\/wp-content\/uploads\/2022\/03\/boughali.png","type":"image\/png"}],"author":"La Sentinelle","twitter_card":"summary_large_image","twitter_misc":{"\u00c9crit par":"La Sentinelle","Dur\u00e9e de lecture estim\u00e9e":"3 minutes"},"schema":{"@context":"https:\/\/schema.org","@graph":[{"@type":"Article","@id":"https:\/\/lasentinelle.dz\/index.php\/2022\/05\/16\/apn-boughali-appelle-a-ladhesion-a-linitiative-du-president\/#article","isPartOf":{"@id":"https:\/\/lasentinelle.dz\/index.php\/2022\/05\/16\/apn-boughali-appelle-a-ladhesion-a-linitiative-du-president\/"},"author":{"name":"La Sentinelle","@id":"https:\/\/lasentinelle.dz\/#\/schema\/person\/d865044e22e70a75174ce8bcad3acfb3"},"headline":"APN\u00a0:\u00a0Boughali\u00a0appelle \u00e0 l\u2019adh\u00e9sion\u00a0\u00e0 l\u2019initiative du\u00a0Pr\u00e9sident","datePublished":"2022-05-15T23:01:00+00:00","mainEntityOfPage":{"@id":"https:\/\/lasentinelle.dz\/index.php\/2022\/05\/16\/apn-boughali-appelle-a-ladhesion-a-linitiative-du-president\/"},"wordCount":641,"commentCount":0,"publisher":{"@id":"https:\/\/lasentinelle.dz\/#organization"},"image":{"@id":"https:\/\/lasentinelle.dz\/index.php\/2022\/05\/16\/apn-boughali-appelle-a-ladhesion-a-linitiative-du-president\/#primaryimage"},"thumbnailUrl":"https:\/\/lasentinelle.dz\/wp-content\/uploads\/2022\/03\/boughali.png","articleSection":["Actualit\u00e9"],"inLanguage":"fr-FR","potentialAction":[{"@type":"CommentAction","name":"Comment","target":["https:\/\/lasentinelle.dz\/index.php\/2022\/05\/16\/apn-boughali-appelle-a-ladhesion-a-linitiative-du-president\/#respond"]}]},{"@type":"WebPage","@id":"https:\/\/lasentinelle.dz\/index.php\/2022\/05\/16\/apn-boughali-appelle-a-ladhesion-a-linitiative-du-president\/","url":"https:\/\/lasentinelle.dz\/index.php\/2022\/05\/16\/apn-boughali-appelle-a-ladhesion-a-linitiative-du-president\/","name":"APN\u00a0:\u00a0Boughali\u00a0appelle \u00e0 l\u2019adh\u00e9sion\u00a0\u00e0 l\u2019initiative du\u00a0Pr\u00e9sident - La Sentinelle","isPartOf":{"@id":"https:\/\/lasentinelle.dz\/#website"},"primaryImageOfPage":{"@id":"https:\/\/lasentinelle.dz\/index.php\/2022\/05\/16\/apn-boughali-appelle-a-ladhesion-a-linitiative-du-president\/#primaryimage"},"image":{"@id":"https:\/\/lasentinelle.dz\/index.php\/2022\/05\/16\/apn-boughali-appelle-a-ladhesion-a-linitiative-du-president\/#primaryimage"},"thumbnailUrl":"https:\/\/lasentinelle.dz\/wp-content\/uploads\/2022\/03\/boughali.png","datePublished":"2022-05-15T23:01:00+00:00","breadcrumb":{"@id":"https:\/\/lasentinelle.dz\/index.php\/2022\/05\/16\/apn-boughali-appelle-a-ladhesion-a-linitiative-du-president\/#breadcrumb"},"inLanguage":"fr-FR","potentialAction":[{"@type":"ReadAction","target":["https:\/\/lasentinelle.dz\/index.php\/2022\/05\/16\/apn-boughali-appelle-a-ladhesion-a-linitiative-du-president\/"]}]},{"@type":"ImageObject","inLanguage":"fr-FR","@id":"https:\/\/lasentinelle.dz\/index.php\/2022\/05\/16\/apn-boughali-appelle-a-ladhesion-a-linitiative-du-president\/#primaryimage","url":"https:\/\/lasentinelle.dz\/wp-content\/uploads\/2022\/03\/boughali.png","contentUrl":"https:\/\/lasentinelle.dz\/wp-content\/uploads\/2022\/03\/boughali.png","width":1349,"height":900},{"@type":"BreadcrumbList","@id":"https:\/\/lasentinelle.dz\/index.php\/2022\/05\/16\/apn-boughali-appelle-a-ladhesion-a-linitiative-du-president\/#breadcrumb","itemListElement":[{"@type":"ListItem","position":1,"name":"Accueil","item":"https:\/\/lasentinelle.dz\/"},{"@type":"ListItem","position":2,"name":"APN\u00a0:\u00a0Boughali\u00a0appelle \u00e0 l\u2019adh\u00e9sion\u00a0\u00e0 l\u2019initiative du\u00a0Pr\u00e9sident"}]},{"@type":"WebSite","@id":"https:\/\/lasentinelle.dz\/#website","url":"https:\/\/lasentinelle.dz\/","name":"La Sentinelle","description":"Quotidien national d&#039;information","publisher":{"@id":"https:\/\/lasentinelle.dz\/#organization"},"potentialAction":[{"@type":"SearchAction","target":{"@type":"EntryPoint","urlTemplate":"https:\/\/lasentinelle.dz\/?s={search_term_string}"},"query-input":{"@type":"PropertyValueSpecification","valueRequired":true,"valueName":"search_term_string"}}],"inLanguage":"fr-FR"},{"@type":"Organization","@id":"https:\/\/lasentinelle.dz\/#organization","name":"Quotidien La Sentinelle","url":"https:\/\/lasentinelle.dz\/","logo":{"@type":"ImageObject","inLanguage":"fr-FR","@id":"https:\/\/lasentinelle.dz\/#\/schema\/logo\/image\/","url":"https:\/\/lasentinelle.dz\/wp-content\/uploads\/2021\/09\/logo-sentinelleSLOGAN-1.png","contentUrl":"https:\/\/lasentinelle.dz\/wp-content\/uploads\/2021\/09\/logo-sentinelleSLOGAN-1.png","width":615,"height":142,"caption":"Quotidien La Sentinelle"},"image":{"@id":"https:\/\/lasentinelle.dz\/#\/schema\/logo\/image\/"},"sameAs":["https:\/\/www.facebook.com\/La-Sentinelle-104059864394773"]},{"@type":"Person","@id":"https:\/\/lasentinelle.dz\/#\/schema\/person\/d865044e22e70a75174ce8bcad3acfb3","name":"La Sentinelle","image":{"@type":"ImageObject","inLanguage":"fr-FR","@id":"https:\/\/secure.gravatar.com\/avatar\/57de8e5d4b15d43fb361a71fbb36338450fe67865b528a43dd10ef7c51a20392?s=96&d=mm&r=g","url":"https:\/\/secure.gravatar.com\/avatar\/57de8e5d4b15d43fb361a71fbb36338450fe67865b528a43dd10ef7c51a20392?s=96&d=mm&r=g","contentUrl":"https:\/\/secure.gravatar.com\/avatar\/57de8e5d4b15d43fb361a71fbb36338450fe67865b528a43dd10ef7c51a20392?s=96&d=mm&r=g","caption":"La Sentinelle"},"sameAs":["http:\/\/www.lasentinelle.dz"],"url":"https:\/\/lasentinelle.dz\/author\/redaction\/"}]}},"_links":{"self":[{"href":"https:\/\/lasentinelle.dz\/index.php\/wp-json\/wp\/v2\/posts\/21096","targetHints":{"allow":["GET"]}}],"collection":[{"href":"https:\/\/lasentinelle.dz\/index.php\/wp-json\/wp\/v2\/posts"}],"about":[{"href":"https:\/\/lasentinelle.dz\/index.php\/wp-json\/wp\/v2\/types\/post"}],"author":[{"embeddable":true,"href":"https:\/\/lasentinelle.dz\/index.php\/wp-json\/wp\/v2\/users\/3"}],"replies":[{"embeddable":true,"href":"https:\/\/lasentinelle.dz\/index.php\/wp-json\/wp\/v2\/comments?post=21096"}],"version-history":[{"count":1,"href":"https:\/\/lasentinelle.dz\/index.php\/wp-json\/wp\/v2\/posts\/21096\/revisions"}],"predecessor-version":[{"id":21106,"href":"https:\/\/lasentinelle.dz\/index.php\/wp-json\/wp\/v2\/posts\/21096\/revisions\/21106"}],"wp:featuredmedia":[{"embeddable":true,"href":"https:\/\/lasentinelle.dz\/index.php\/wp-json\/wp\/v2\/media\/18293"}],"wp:attachment":[{"href":"https:\/\/lasentinelle.dz\/index.php\/wp-json\/wp\/v2\/media?parent=21096"}],"wp:term":[{"taxonomy":"category","embeddable":true,"href":"https:\/\/lasentinelle.dz\/index.php\/wp-json\/wp\/v2\/categories?post=21096"},{"taxonomy":"post_tag","embeddable":true,"href":"https:\/\/lasentinelle.dz\/index.php\/wp-json\/wp\/v2\/tags?post=21096"}],"curies":[{"name":"wp","href":"https:\/\/api.w.org\/{rel}","templated":true}]}}