{"id":21120,"date":"2022-05-17T00:01:00","date_gmt":"2022-05-16T23:01:00","guid":{"rendered":"https:\/\/lasentinelle.dz\/?p=21120"},"modified":"2022-05-16T16:16:46","modified_gmt":"2022-05-16T15:16:46","slug":"manchester-city-elan-de-solidarite-avec-mahrez","status":"publish","type":"post","link":"https:\/\/lasentinelle.dz\/index.php\/2022\/05\/17\/manchester-city-elan-de-solidarite-avec-mahrez\/","title":{"rendered":"Manchester City\u00a0: \u00c9lan de solidarit\u00e9\u00a0avec\u00a0Mahrez \u00a0"},"content":{"rendered":"\n<p>Mahrez a manqu\u00e9 un penalty tr\u00e8s important lors de la rencontre West Ham &#8211; Ma City. Mais la star&nbsp;alg\u00e9rienne&nbsp;a re\u00e7u un soutien total.&nbsp;<\/p>\n\n\n\n<p>Manchester City, apr\u00e8s avoir \u00e9t\u00e9 men\u00e9 de deux buts, a ramen\u00e9 un nul pr\u00e9cieux de West Ham (2-2). Un point qui, si Liverpool bat Southampton demain, laissera aux Citizens la possibilit\u00e9 d&rsquo;assurer leur titre avec un succ\u00e8s contre Aston Villa. Mais un nul aurait \u00e9galement suffi si Riyad Mahrez avait transform\u00e9 le penalty de la gagne dans les derni\u00e8res minutes. Seulement, l&rsquo;international alg\u00e9rien a but\u00e9 sur la belle parade de Fabianski. Pas de quoi d\u00e9cevoir Pep Guardiola outre-mesure, lequel a vol\u00e9 au secours de son ailier apr\u00e8s la rencontre devant la presse. \u00ab Cette saison, Riyad a \u00e9t\u00e9 extraordinaire. Nous avons marqu\u00e9 beaucoup de penaltys. Cette saison, nous avons \u00e9t\u00e9 bons sur les penaltys. Il a pris ses responsabilit\u00e9s, il l&rsquo;a rat\u00e9. Le prochain match, il marquera \u00bb.&nbsp;Autre marque de soutien important, celle de son partenaire Jack Grealish qui a lui aussi tenu des mots forts pour d\u00e9fendre Mahrez : \u00ab Ici, nous ne chercherons jamais \u00e0 bl\u00e2mer qui que ce soit. Tout le monde est autour de lui. Riyad est ce type de personnalit\u00e9 et de caract\u00e8re qui rel\u00e8vera la t\u00eate et sera pr\u00eat \u00e0 repartir la semaine prochaine \u00bb. Apr\u00e8s ce match, le sch\u00e9ma est assez simple. Si Liverpool perd \u00e0 Southampton ce soir, Manchester City sera sacr\u00e9 champion avant m\u00eame la derni\u00e8re journ\u00e9e. Si les Reds conc\u00e8dent le nul, le titre sera presque acquis pour les Citizens. Mais si la formation de J\u00fcrgen Klopp s&rsquo;impose, elle reviendra \u00e0 un petit point de son concurrent avant cette ultime danse, dimanche prochain. Dans ce cas, City aura bien une \u00ab finale \u00bb \u00e0 disputer face \u00e0 Aston Villa. Tout aurait pu \u00eatre plus simple pour la formation de Guardiola si Mahrez avait transform\u00e9 son penalty. Avec trois points d&rsquo;avance et une diff\u00e9rence de buts favorable, l&rsquo;international alg\u00e9rien et les siens auraient v\u00e9cu plut\u00f4t sereinement la 38e journ\u00e9e. Et c\u2019est un Guardiola d\u00e9tendu \u2013 en apparence \u2013 qui s&rsquo;est pr\u00e9sent\u00e9 au micro de beIN Sports England. \u00ab J&rsquo;ai l&rsquo;air heureux ? Comment ne pas \u00eatre heureux en \u00e9tant l&rsquo;entra\u00eeneur de cette \u00e9quipe, qui donne tout \u00e0 chaque match, dans chaque comp\u00e9tition, a-t-il d&rsquo;abord assur\u00e9. Ils ont essay\u00e9, ils ont souffert, tous ensemble. A la mi-temps, on leur a dit \u00e0 quel point ils \u00e9taient bons, quelle \u00e9quipe incroyable on \u00e9tait. On a dit &lsquo;ok, on ajuste des petites choses, essayez de marquer un but, apr\u00e8s ce sera ouvert. Par chance, on a marqu\u00e9 un but, t\u00f4t en seconde p\u00e9riode. A la fin, on a eu l&rsquo;occasion de gagner. Mais c&rsquo;est entre nos mains \u00bb. Le champion d&rsquo;Angleterre en titre a en effet les cartes en mains pour conserver sa couronne. Mais d&rsquo;ici dimanche, chacun ira de sa pr\u00e9diction, avec certains sc\u00e9narios plus symboliques que d&rsquo;autres.&nbsp;&nbsp;<\/p>\n\n\n\n<p>R. S.<\/p>\n","protected":false},"excerpt":{"rendered":"<p>Mahrez a manqu\u00e9 un penalty tr\u00e8s important lors de la rencontre West Ham &#8211; Ma City. Mais la star&nbsp;alg\u00e9rienne&nbsp;a re\u00e7u<\/p>\n","protected":false},"author":3,"featured_media":21121,"comment_status":"open","ping_status":"closed","sticky":false,"template":"","format":"standard","meta":{"colormag_page_container_layout":"default_layout","colormag_page_sidebar_layout":"default_layout","om_disable_all_campaigns":false,"_monsterinsights_skip_tracking":false,"_monsterinsights_sitenote_active":false,"_monsterinsights_sitenote_note":"","_monsterinsights_sitenote_category":0,"footnotes":"","_wpscppro_dont_share_socialmedia":false,"_wpscppro_custom_social_share_image":0,"_facebook_share_type":"","_twitter_share_type":"","_linkedin_share_type":"","_pinterest_share_type":"","_linkedin_share_type_page":"","_instagram_share_type":"","_medium_share_type":"","_threads_share_type":"","_google_business_share_type":"","_selected_social_profile":[],"_wpsp_enable_custom_social_template":false,"_wpsp_social_scheduling":{"enabled":false,"datetime":null,"platforms":[],"status":"template_only","dateOption":"today","timeOption":"now","customDays":"","customHours":"","customDate":"","customTime":"","schedulingType":"absolute"},"_wpsp_active_default_template":true},"categories":[33],"tags":[],"class_list":["post-21120","post","type-post","status-publish","format-standard","has-post-thumbnail","hentry","category-sports"],"aioseo_notices":[],"yoast_head":"<!-- This site is optimized with the Yoast SEO plugin v27.5 - https:\/\/yoast.com\/product\/yoast-seo-wordpress\/ -->\n<title>Manchester City\u00a0: \u00c9lan de solidarit\u00e9\u00a0avec\u00a0Mahrez \u00a0 - La Sentinelle<\/title>\n<meta name=\"robots\" content=\"index, follow, max-snippet:-1, max-image-preview:large, max-video-preview:-1\" \/>\n<link rel=\"canonical\" href=\"https:\/\/lasentinelle.dz\/index.php\/2022\/05\/17\/manchester-city-elan-de-solidarite-avec-mahrez\/\" \/>\n<meta property=\"og:locale\" content=\"fr_FR\" \/>\n<meta property=\"og:type\" content=\"article\" \/>\n<meta property=\"og:title\" content=\"Manchester City\u00a0: \u00c9lan de solidarit\u00e9\u00a0avec\u00a0Mahrez \u00a0 - La Sentinelle\" \/>\n<meta property=\"og:description\" content=\"Mahrez a manqu\u00e9 un penalty tr\u00e8s important lors de la rencontre West Ham &#8211; Ma City. Mais la star&nbsp;alg\u00e9rienne&nbsp;a re\u00e7u\" \/>\n<meta property=\"og:url\" content=\"https:\/\/lasentinelle.dz\/index.php\/2022\/05\/17\/manchester-city-elan-de-solidarite-avec-mahrez\/\" \/>\n<meta property=\"og:site_name\" content=\"La Sentinelle\" \/>\n<meta property=\"article:publisher\" content=\"https:\/\/www.facebook.com\/La-Sentinelle-104059864394773\" \/>\n<meta property=\"article:published_time\" content=\"2022-05-16T23:01:00+00:00\" \/>\n<meta property=\"og:image\" content=\"https:\/\/lasentinelle.dz\/wp-content\/uploads\/2022\/05\/Mahrez-2.jpg\" \/>\n\t<meta property=\"og:image:width\" content=\"1200\" \/>\n\t<meta property=\"og:image:height\" content=\"640\" \/>\n\t<meta property=\"og:image:type\" content=\"image\/jpeg\" \/>\n<meta name=\"author\" content=\"La Sentinelle\" \/>\n<meta name=\"twitter:card\" content=\"summary_large_image\" \/>\n<meta name=\"twitter:label1\" content=\"\u00c9crit par\" \/>\n\t<meta name=\"twitter:data1\" content=\"La Sentinelle\" \/>\n\t<meta name=\"twitter:label2\" content=\"Dur\u00e9e de lecture estim\u00e9e\" \/>\n\t<meta name=\"twitter:data2\" content=\"3 minutes\" \/>\n<script type=\"application\/ld+json\" class=\"yoast-schema-graph\">{\"@context\":\"https:\\\/\\\/schema.org\",\"@graph\":[{\"@type\":\"Article\",\"@id\":\"https:\\\/\\\/lasentinelle.dz\\\/index.php\\\/2022\\\/05\\\/17\\\/manchester-city-elan-de-solidarite-avec-mahrez\\\/#article\",\"isPartOf\":{\"@id\":\"https:\\\/\\\/lasentinelle.dz\\\/index.php\\\/2022\\\/05\\\/17\\\/manchester-city-elan-de-solidarite-avec-mahrez\\\/\"},\"author\":{\"name\":\"La Sentinelle\",\"@id\":\"https:\\\/\\\/lasentinelle.dz\\\/#\\\/schema\\\/person\\\/d865044e22e70a75174ce8bcad3acfb3\"},\"headline\":\"Manchester City\u00a0: \u00c9lan de solidarit\u00e9\u00a0avec\u00a0Mahrez \u00a0\",\"datePublished\":\"2022-05-16T23:01:00+00:00\",\"mainEntityOfPage\":{\"@id\":\"https:\\\/\\\/lasentinelle.dz\\\/index.php\\\/2022\\\/05\\\/17\\\/manchester-city-elan-de-solidarite-avec-mahrez\\\/\"},\"wordCount\":531,\"commentCount\":0,\"publisher\":{\"@id\":\"https:\\\/\\\/lasentinelle.dz\\\/#organization\"},\"image\":{\"@id\":\"https:\\\/\\\/lasentinelle.dz\\\/index.php\\\/2022\\\/05\\\/17\\\/manchester-city-elan-de-solidarite-avec-mahrez\\\/#primaryimage\"},\"thumbnailUrl\":\"https:\\\/\\\/lasentinelle.dz\\\/wp-content\\\/uploads\\\/2022\\\/05\\\/Mahrez-2.jpg\",\"articleSection\":[\"Sports\"],\"inLanguage\":\"fr-FR\",\"potentialAction\":[{\"@type\":\"CommentAction\",\"name\":\"Comment\",\"target\":[\"https:\\\/\\\/lasentinelle.dz\\\/index.php\\\/2022\\\/05\\\/17\\\/manchester-city-elan-de-solidarite-avec-mahrez\\\/#respond\"]}]},{\"@type\":\"WebPage\",\"@id\":\"https:\\\/\\\/lasentinelle.dz\\\/index.php\\\/2022\\\/05\\\/17\\\/manchester-city-elan-de-solidarite-avec-mahrez\\\/\",\"url\":\"https:\\\/\\\/lasentinelle.dz\\\/index.php\\\/2022\\\/05\\\/17\\\/manchester-city-elan-de-solidarite-avec-mahrez\\\/\",\"name\":\"Manchester City\u00a0: \u00c9lan de solidarit\u00e9\u00a0avec\u00a0Mahrez \u00a0 - La Sentinelle\",\"isPartOf\":{\"@id\":\"https:\\\/\\\/lasentinelle.dz\\\/#website\"},\"primaryImageOfPage\":{\"@id\":\"https:\\\/\\\/lasentinelle.dz\\\/index.php\\\/2022\\\/05\\\/17\\\/manchester-city-elan-de-solidarite-avec-mahrez\\\/#primaryimage\"},\"image\":{\"@id\":\"https:\\\/\\\/lasentinelle.dz\\\/index.php\\\/2022\\\/05\\\/17\\\/manchester-city-elan-de-solidarite-avec-mahrez\\\/#primaryimage\"},\"thumbnailUrl\":\"https:\\\/\\\/lasentinelle.dz\\\/wp-content\\\/uploads\\\/2022\\\/05\\\/Mahrez-2.jpg\",\"datePublished\":\"2022-05-16T23:01:00+00:00\",\"breadcrumb\":{\"@id\":\"https:\\\/\\\/lasentinelle.dz\\\/index.php\\\/2022\\\/05\\\/17\\\/manchester-city-elan-de-solidarite-avec-mahrez\\\/#breadcrumb\"},\"inLanguage\":\"fr-FR\",\"potentialAction\":[{\"@type\":\"ReadAction\",\"target\":[\"https:\\\/\\\/lasentinelle.dz\\\/index.php\\\/2022\\\/05\\\/17\\\/manchester-city-elan-de-solidarite-avec-mahrez\\\/\"]}]},{\"@type\":\"ImageObject\",\"inLanguage\":\"fr-FR\",\"@id\":\"https:\\\/\\\/lasentinelle.dz\\\/index.php\\\/2022\\\/05\\\/17\\\/manchester-city-elan-de-solidarite-avec-mahrez\\\/#primaryimage\",\"url\":\"https:\\\/\\\/lasentinelle.dz\\\/wp-content\\\/uploads\\\/2022\\\/05\\\/Mahrez-2.jpg\",\"contentUrl\":\"https:\\\/\\\/lasentinelle.dz\\\/wp-content\\\/uploads\\\/2022\\\/05\\\/Mahrez-2.jpg\",\"width\":1200,\"height\":640},{\"@type\":\"BreadcrumbList\",\"@id\":\"https:\\\/\\\/lasentinelle.dz\\\/index.php\\\/2022\\\/05\\\/17\\\/manchester-city-elan-de-solidarite-avec-mahrez\\\/#breadcrumb\",\"itemListElement\":[{\"@type\":\"ListItem\",\"position\":1,\"name\":\"Accueil\",\"item\":\"https:\\\/\\\/lasentinelle.dz\\\/\"},{\"@type\":\"ListItem\",\"position\":2,\"name\":\"Manchester City\u00a0: \u00c9lan de solidarit\u00e9\u00a0avec\u00a0Mahrez \u00a0\"}]},{\"@type\":\"WebSite\",\"@id\":\"https:\\\/\\\/lasentinelle.dz\\\/#website\",\"url\":\"https:\\\/\\\/lasentinelle.dz\\\/\",\"name\":\"La Sentinelle\",\"description\":\"Quotidien national d&#039;information\",\"publisher\":{\"@id\":\"https:\\\/\\\/lasentinelle.dz\\\/#organization\"},\"potentialAction\":[{\"@type\":\"SearchAction\",\"target\":{\"@type\":\"EntryPoint\",\"urlTemplate\":\"https:\\\/\\\/lasentinelle.dz\\\/?s={search_term_string}\"},\"query-input\":{\"@type\":\"PropertyValueSpecification\",\"valueRequired\":true,\"valueName\":\"search_term_string\"}}],\"inLanguage\":\"fr-FR\"},{\"@type\":\"Organization\",\"@id\":\"https:\\\/\\\/lasentinelle.dz\\\/#organization\",\"name\":\"Quotidien La Sentinelle\",\"url\":\"https:\\\/\\\/lasentinelle.dz\\\/\",\"logo\":{\"@type\":\"ImageObject\",\"inLanguage\":\"fr-FR\",\"@id\":\"https:\\\/\\\/lasentinelle.dz\\\/#\\\/schema\\\/logo\\\/image\\\/\",\"url\":\"https:\\\/\\\/lasentinelle.dz\\\/wp-content\\\/uploads\\\/2021\\\/09\\\/logo-sentinelleSLOGAN-1.png\",\"contentUrl\":\"https:\\\/\\\/lasentinelle.dz\\\/wp-content\\\/uploads\\\/2021\\\/09\\\/logo-sentinelleSLOGAN-1.png\",\"width\":615,\"height\":142,\"caption\":\"Quotidien La Sentinelle\"},\"image\":{\"@id\":\"https:\\\/\\\/lasentinelle.dz\\\/#\\\/schema\\\/logo\\\/image\\\/\"},\"sameAs\":[\"https:\\\/\\\/www.facebook.com\\\/La-Sentinelle-104059864394773\"]},{\"@type\":\"Person\",\"@id\":\"https:\\\/\\\/lasentinelle.dz\\\/#\\\/schema\\\/person\\\/d865044e22e70a75174ce8bcad3acfb3\",\"name\":\"La Sentinelle\",\"image\":{\"@type\":\"ImageObject\",\"inLanguage\":\"fr-FR\",\"@id\":\"https:\\\/\\\/secure.gravatar.com\\\/avatar\\\/57de8e5d4b15d43fb361a71fbb36338450fe67865b528a43dd10ef7c51a20392?s=96&d=mm&r=g\",\"url\":\"https:\\\/\\\/secure.gravatar.com\\\/avatar\\\/57de8e5d4b15d43fb361a71fbb36338450fe67865b528a43dd10ef7c51a20392?s=96&d=mm&r=g\",\"contentUrl\":\"https:\\\/\\\/secure.gravatar.com\\\/avatar\\\/57de8e5d4b15d43fb361a71fbb36338450fe67865b528a43dd10ef7c51a20392?s=96&d=mm&r=g\",\"caption\":\"La Sentinelle\"},\"sameAs\":[\"http:\\\/\\\/www.lasentinelle.dz\"],\"url\":\"https:\\\/\\\/lasentinelle.dz\\\/author\\\/redaction\\\/\"}]}<\/script>\n<!-- \/ Yoast SEO plugin. -->","yoast_head_json":{"title":"Manchester City\u00a0: \u00c9lan de solidarit\u00e9\u00a0avec\u00a0Mahrez \u00a0 - La Sentinelle","robots":{"index":"index","follow":"follow","max-snippet":"max-snippet:-1","max-image-preview":"max-image-preview:large","max-video-preview":"max-video-preview:-1"},"canonical":"https:\/\/lasentinelle.dz\/index.php\/2022\/05\/17\/manchester-city-elan-de-solidarite-avec-mahrez\/","og_locale":"fr_FR","og_type":"article","og_title":"Manchester City\u00a0: \u00c9lan de solidarit\u00e9\u00a0avec\u00a0Mahrez \u00a0 - La Sentinelle","og_description":"Mahrez a manqu\u00e9 un penalty tr\u00e8s important lors de la rencontre West Ham &#8211; Ma City. Mais la star&nbsp;alg\u00e9rienne&nbsp;a re\u00e7u","og_url":"https:\/\/lasentinelle.dz\/index.php\/2022\/05\/17\/manchester-city-elan-de-solidarite-avec-mahrez\/","og_site_name":"La Sentinelle","article_publisher":"https:\/\/www.facebook.com\/La-Sentinelle-104059864394773","article_published_time":"2022-05-16T23:01:00+00:00","og_image":[{"width":1200,"height":640,"url":"https:\/\/lasentinelle.dz\/wp-content\/uploads\/2022\/05\/Mahrez-2.jpg","type":"image\/jpeg"}],"author":"La Sentinelle","twitter_card":"summary_large_image","twitter_misc":{"\u00c9crit par":"La Sentinelle","Dur\u00e9e de lecture estim\u00e9e":"3 minutes"},"schema":{"@context":"https:\/\/schema.org","@graph":[{"@type":"Article","@id":"https:\/\/lasentinelle.dz\/index.php\/2022\/05\/17\/manchester-city-elan-de-solidarite-avec-mahrez\/#article","isPartOf":{"@id":"https:\/\/lasentinelle.dz\/index.php\/2022\/05\/17\/manchester-city-elan-de-solidarite-avec-mahrez\/"},"author":{"name":"La Sentinelle","@id":"https:\/\/lasentinelle.dz\/#\/schema\/person\/d865044e22e70a75174ce8bcad3acfb3"},"headline":"Manchester City\u00a0: \u00c9lan de solidarit\u00e9\u00a0avec\u00a0Mahrez \u00a0","datePublished":"2022-05-16T23:01:00+00:00","mainEntityOfPage":{"@id":"https:\/\/lasentinelle.dz\/index.php\/2022\/05\/17\/manchester-city-elan-de-solidarite-avec-mahrez\/"},"wordCount":531,"commentCount":0,"publisher":{"@id":"https:\/\/lasentinelle.dz\/#organization"},"image":{"@id":"https:\/\/lasentinelle.dz\/index.php\/2022\/05\/17\/manchester-city-elan-de-solidarite-avec-mahrez\/#primaryimage"},"thumbnailUrl":"https:\/\/lasentinelle.dz\/wp-content\/uploads\/2022\/05\/Mahrez-2.jpg","articleSection":["Sports"],"inLanguage":"fr-FR","potentialAction":[{"@type":"CommentAction","name":"Comment","target":["https:\/\/lasentinelle.dz\/index.php\/2022\/05\/17\/manchester-city-elan-de-solidarite-avec-mahrez\/#respond"]}]},{"@type":"WebPage","@id":"https:\/\/lasentinelle.dz\/index.php\/2022\/05\/17\/manchester-city-elan-de-solidarite-avec-mahrez\/","url":"https:\/\/lasentinelle.dz\/index.php\/2022\/05\/17\/manchester-city-elan-de-solidarite-avec-mahrez\/","name":"Manchester City\u00a0: \u00c9lan de solidarit\u00e9\u00a0avec\u00a0Mahrez \u00a0 - La Sentinelle","isPartOf":{"@id":"https:\/\/lasentinelle.dz\/#website"},"primaryImageOfPage":{"@id":"https:\/\/lasentinelle.dz\/index.php\/2022\/05\/17\/manchester-city-elan-de-solidarite-avec-mahrez\/#primaryimage"},"image":{"@id":"https:\/\/lasentinelle.dz\/index.php\/2022\/05\/17\/manchester-city-elan-de-solidarite-avec-mahrez\/#primaryimage"},"thumbnailUrl":"https:\/\/lasentinelle.dz\/wp-content\/uploads\/2022\/05\/Mahrez-2.jpg","datePublished":"2022-05-16T23:01:00+00:00","breadcrumb":{"@id":"https:\/\/lasentinelle.dz\/index.php\/2022\/05\/17\/manchester-city-elan-de-solidarite-avec-mahrez\/#breadcrumb"},"inLanguage":"fr-FR","potentialAction":[{"@type":"ReadAction","target":["https:\/\/lasentinelle.dz\/index.php\/2022\/05\/17\/manchester-city-elan-de-solidarite-avec-mahrez\/"]}]},{"@type":"ImageObject","inLanguage":"fr-FR","@id":"https:\/\/lasentinelle.dz\/index.php\/2022\/05\/17\/manchester-city-elan-de-solidarite-avec-mahrez\/#primaryimage","url":"https:\/\/lasentinelle.dz\/wp-content\/uploads\/2022\/05\/Mahrez-2.jpg","contentUrl":"https:\/\/lasentinelle.dz\/wp-content\/uploads\/2022\/05\/Mahrez-2.jpg","width":1200,"height":640},{"@type":"BreadcrumbList","@id":"https:\/\/lasentinelle.dz\/index.php\/2022\/05\/17\/manchester-city-elan-de-solidarite-avec-mahrez\/#breadcrumb","itemListElement":[{"@type":"ListItem","position":1,"name":"Accueil","item":"https:\/\/lasentinelle.dz\/"},{"@type":"ListItem","position":2,"name":"Manchester City\u00a0: \u00c9lan de solidarit\u00e9\u00a0avec\u00a0Mahrez \u00a0"}]},{"@type":"WebSite","@id":"https:\/\/lasentinelle.dz\/#website","url":"https:\/\/lasentinelle.dz\/","name":"La Sentinelle","description":"Quotidien national d&#039;information","publisher":{"@id":"https:\/\/lasentinelle.dz\/#organization"},"potentialAction":[{"@type":"SearchAction","target":{"@type":"EntryPoint","urlTemplate":"https:\/\/lasentinelle.dz\/?s={search_term_string}"},"query-input":{"@type":"PropertyValueSpecification","valueRequired":true,"valueName":"search_term_string"}}],"inLanguage":"fr-FR"},{"@type":"Organization","@id":"https:\/\/lasentinelle.dz\/#organization","name":"Quotidien La Sentinelle","url":"https:\/\/lasentinelle.dz\/","logo":{"@type":"ImageObject","inLanguage":"fr-FR","@id":"https:\/\/lasentinelle.dz\/#\/schema\/logo\/image\/","url":"https:\/\/lasentinelle.dz\/wp-content\/uploads\/2021\/09\/logo-sentinelleSLOGAN-1.png","contentUrl":"https:\/\/lasentinelle.dz\/wp-content\/uploads\/2021\/09\/logo-sentinelleSLOGAN-1.png","width":615,"height":142,"caption":"Quotidien La Sentinelle"},"image":{"@id":"https:\/\/lasentinelle.dz\/#\/schema\/logo\/image\/"},"sameAs":["https:\/\/www.facebook.com\/La-Sentinelle-104059864394773"]},{"@type":"Person","@id":"https:\/\/lasentinelle.dz\/#\/schema\/person\/d865044e22e70a75174ce8bcad3acfb3","name":"La Sentinelle","image":{"@type":"ImageObject","inLanguage":"fr-FR","@id":"https:\/\/secure.gravatar.com\/avatar\/57de8e5d4b15d43fb361a71fbb36338450fe67865b528a43dd10ef7c51a20392?s=96&d=mm&r=g","url":"https:\/\/secure.gravatar.com\/avatar\/57de8e5d4b15d43fb361a71fbb36338450fe67865b528a43dd10ef7c51a20392?s=96&d=mm&r=g","contentUrl":"https:\/\/secure.gravatar.com\/avatar\/57de8e5d4b15d43fb361a71fbb36338450fe67865b528a43dd10ef7c51a20392?s=96&d=mm&r=g","caption":"La Sentinelle"},"sameAs":["http:\/\/www.lasentinelle.dz"],"url":"https:\/\/lasentinelle.dz\/author\/redaction\/"}]}},"_links":{"self":[{"href":"https:\/\/lasentinelle.dz\/index.php\/wp-json\/wp\/v2\/posts\/21120","targetHints":{"allow":["GET"]}}],"collection":[{"href":"https:\/\/lasentinelle.dz\/index.php\/wp-json\/wp\/v2\/posts"}],"about":[{"href":"https:\/\/lasentinelle.dz\/index.php\/wp-json\/wp\/v2\/types\/post"}],"author":[{"embeddable":true,"href":"https:\/\/lasentinelle.dz\/index.php\/wp-json\/wp\/v2\/users\/3"}],"replies":[{"embeddable":true,"href":"https:\/\/lasentinelle.dz\/index.php\/wp-json\/wp\/v2\/comments?post=21120"}],"version-history":[{"count":1,"href":"https:\/\/lasentinelle.dz\/index.php\/wp-json\/wp\/v2\/posts\/21120\/revisions"}],"predecessor-version":[{"id":21122,"href":"https:\/\/lasentinelle.dz\/index.php\/wp-json\/wp\/v2\/posts\/21120\/revisions\/21122"}],"wp:featuredmedia":[{"embeddable":true,"href":"https:\/\/lasentinelle.dz\/index.php\/wp-json\/wp\/v2\/media\/21121"}],"wp:attachment":[{"href":"https:\/\/lasentinelle.dz\/index.php\/wp-json\/wp\/v2\/media?parent=21120"}],"wp:term":[{"taxonomy":"category","embeddable":true,"href":"https:\/\/lasentinelle.dz\/index.php\/wp-json\/wp\/v2\/categories?post=21120"},{"taxonomy":"post_tag","embeddable":true,"href":"https:\/\/lasentinelle.dz\/index.php\/wp-json\/wp\/v2\/tags?post=21120"}],"curies":[{"name":"wp","href":"https:\/\/api.w.org\/{rel}","templated":true}]}}